{"id":240102,"date":"2025-03-14T15:01:44","date_gmt":"2025-03-14T18:01:44","guid":{"rendered":"https:\/\/www.gaveanews.com\/?p=240102"},"modified":"2025-03-14T15:01:46","modified_gmt":"2025-03-14T18:01:46","slug":"e-oficial-flamengo-emite-nota-oficial-sobre-erick-pulgar","status":"publish","type":"post","link":"https:\/\/www.gaveanews.com\/index.php\/2025\/03\/14\/e-oficial-flamengo-emite-nota-oficial-sobre-erick-pulgar\/","title":{"rendered":"\u00c9 oficial! Flamengo emite nota oficial sobre Erick Pulgar"},"content":{"rendered":"\n<p>O Flamengo oficializou a renova\u00e7\u00e3o do contrato de Erick Pulgar at\u00e9 o fim de 2027. A negocia\u00e7\u00e3o vinha sendo conduzida desde o fim de 2024 e teve um desfecho positivo com a nova diretoria do clube. O acordo ser\u00e1 assinado nesta sexta-feira (14), garantindo a perman\u00eancia do volante chileno por mais duas temporadas.<\/p>\n\n\n\n<p>Um dos principais entraves nas conversas foi a cl\u00e1usula de multa rescis\u00f3ria. Ap\u00f3s reuni\u00f5es entre as partes, ficou definido que o valor da multa ser\u00e1 de 6 milh\u00f5es de d\u00f3lares (R$ 34,8 milh\u00f5es), mas s\u00f3 passar\u00e1 a valer a partir do meio de 2026. Essa condi\u00e7\u00e3o foi essencial para que ambas as partes chegassem a um consenso.<\/p>\n\n\n\n<blockquote class=\"twitter-tweet\" data-media-max-width=\"560\"><p lang=\"pt\" dir=\"ltr\">RENOVOU \ud83d\udcdd<br><br>Erick \u00e9 do Meng\u00e3o at\u00e9 2027! <a href=\"https:\/\/twitter.com\/hashtag\/VamosFlamengo?src=hash&amp;ref_src=twsrc%5Etfw\">#VamosFlamengo<\/a> <a href=\"https:\/\/twitter.com\/hashtag\/CRF?src=hash&amp;ref_src=twsrc%5Etfw\">#CRF<\/a> <br><br>\ud83d\udcf8: Adriano Fontes \/CRF <a href=\"https:\/\/t.co\/qZ3UqLv59e\">pic.twitter.com\/qZ3UqLv59e<\/a><\/p>&mdash; Flamengo (@Flamengo) <a href=\"https:\/\/twitter.com\/Flamengo\/status\/1900605919953592745?ref_src=twsrc%5Etfw\">March 14, 2025<\/a><\/blockquote> <script async src=\"https:\/\/platform.twitter.com\/widgets.js\" charset=\"utf-8\"><\/script>\n\n\n\n<p>A decis\u00e3o de Pulgar de permanecer no Flamengo foi influenciada diretamente pela chegada de Filipe Lu\u00eds \u00e0 comiss\u00e3o t\u00e9cnica. Anteriormente, o jogador demonstrava interesse em deixar o clube carioca, mas mudou de opini\u00e3o com o novo cen\u00e1rio. Filipe Lu\u00eds teve um papel fundamental na valoriza\u00e7\u00e3o do atleta dentro da equipe.<\/p>\n\n\n\n<p>Em declara\u00e7\u00e3o divulgada pelo clube no m\u00eas passado, Pulgar destacou sua satisfa\u00e7\u00e3o em vestir a camisa rubro-negra. &#8220;Eu estou muito feliz aqui. Recentemente estive com minha fam\u00edlia tamb\u00e9m, e acho que isso \u00e9 um plus, a visita deles. E, bom, aqui no Flamengo, eu estou feliz com o estilo de jogo do Filipe, que \u00e9 bastante confort\u00e1vel e superadapt\u00e1vel. A for\u00e7a e a uni\u00e3o deste grupo fazem voc\u00ea se sentir confort\u00e1vel e feliz&#8221;, afirmou o volante.<\/p>\n\n\n\n<p>Com a renova\u00e7\u00e3o de Pulgar encaminhada, o Flamengo agora concentra seus esfor\u00e7os na prorroga\u00e7\u00e3o dos contratos de outros atletas importantes do elenco. Entre os jogadores que podem ter seus v\u00ednculos ampliados est\u00e3o o zagueiro Cleiton, o lateral-direito Varela e os meias Gerson e Arrascaeta.<\/p>\n\n\n\n<p>A manuten\u00e7\u00e3o dessas pe\u00e7as-chave faz parte do planejamento do Flamengo para os pr\u00f3ximos anos. A diretoria busca garantir a continuidade da base do elenco e manter a competitividade do time nas principais competi\u00e7\u00f5es nacionais e internacionais.<\/p>\n","protected":false},"excerpt":{"rendered":"<p>O Flamengo oficializou a renova\u00e7\u00e3o do contrato de Erick Pulgar at\u00e9 o fim de 2027. A negocia\u00e7\u00e3o vinha sendo conduzida desde o fim de 2024 e teve um desfecho positivo com a nova diretoria do clube. O acordo ser\u00e1 assinado nesta sexta-feira (14), garantindo a perman\u00eancia do volante chileno por mais duas temporadas. Um dos [&hellip;]<\/p>\n","protected":false},"author":27,"featured_media":181661,"comment_status":"open","ping_status":"closed","sticky":false,"template":"","format":"standard","meta":{"footnotes":""},"categories":[1],"tags":[],"class_list":["post-240102","post","type-post","status-publish","format-standard","has-post-thumbnail","hentry","category-flamengo"],"yoast_head":"<!-- This site is optimized with the Yoast SEO Premium plugin v24.2 (Yoast SEO v26.9) - https:\/\/yoast.com\/product\/yoast-seo-premium-wordpress\/ -->\n<title>\u00c9 oficial! Flamengo emite nota oficial sobre Erick Pulgar<\/title>\n<meta name=\"robots\" content=\"index, follow, max-snippet:-1, max-image-preview:large, max-video-preview:-1\" \/>\n<link rel=\"canonical\" href=\"https:\/\/www.gaveanews.com\/index.php\/2025\/03\/14\/e-oficial-flamengo-emite-nota-oficial-sobre-erick-pulgar\/\" \/>\n<meta property=\"og:locale\" content=\"pt_BR\" \/>\n<meta property=\"og:type\" content=\"article\" \/>\n<meta property=\"og:title\" content=\"\u00c9 oficial! Flamengo emite nota oficial sobre Erick Pulgar\" \/>\n<meta property=\"og:description\" content=\"O Flamengo oficializou a renova\u00e7\u00e3o do contrato de Erick Pulgar at\u00e9 o fim de 2027. A negocia\u00e7\u00e3o vinha sendo conduzida desde o fim de 2024 e teve um desfecho positivo com a nova diretoria do clube. O acordo ser\u00e1 assinado nesta sexta-feira (14), garantindo a perman\u00eancia do volante chileno por mais duas temporadas. Um dos [&hellip;]\" \/>\n<meta property=\"og:url\" content=\"https:\/\/www.gaveanews.com\/index.php\/2025\/03\/14\/e-oficial-flamengo-emite-nota-oficial-sobre-erick-pulgar\/\" \/>\n<meta property=\"og:site_name\" content=\"G\u00e1vea News\" \/>\n<meta property=\"article:publisher\" content=\"https:\/\/facebook.com\/gaveaNews\/\" \/>\n<meta property=\"article:published_time\" content=\"2025-03-14T18:01:44+00:00\" \/>\n<meta property=\"article:modified_time\" content=\"2025-03-14T18:01:46+00:00\" \/>\n<meta property=\"og:image\" content=\"http:\/\/www.gaveanews.com\/wp-content\/uploads\/erick-pulgar-wesley-flamengo-vasco-edited.webp\" \/>\n\t<meta property=\"og:image:width\" content=\"613\" \/>\n\t<meta property=\"og:image:height\" content=\"490\" \/>\n\t<meta property=\"og:image:type\" content=\"image\/jpeg\" \/>\n<meta name=\"author\" content=\"Matheus Felipe\" \/>\n<meta name=\"twitter:card\" content=\"summary_large_image\" \/>\n<meta name=\"twitter:label1\" content=\"Escrito por\" \/>\n\t<meta name=\"twitter:data1\" content=\"Matheus Felipe\" \/>\n\t<meta name=\"twitter:label2\" content=\"Est. tempo de leitura\" \/>\n\t<meta name=\"twitter:data2\" content=\"2 minutos\" \/>\n<script type=\"application\/ld+json\" class=\"yoast-schema-graph\">{\"@context\":\"https:\/\/schema.org\",\"@graph\":[{\"@type\":\"NewsArticle\",\"@id\":\"https:\/\/www.gaveanews.com\/index.php\/2025\/03\/14\/e-oficial-flamengo-emite-nota-oficial-sobre-erick-pulgar\/#article\",\"isPartOf\":{\"@id\":\"https:\/\/www.gaveanews.com\/index.php\/2025\/03\/14\/e-oficial-flamengo-emite-nota-oficial-sobre-erick-pulgar\/\"},\"author\":{\"name\":\"Matheus Felipe\",\"@id\":\"https:\/\/www.gaveanews.com\/#\/schema\/person\/8207cd4627f56151707418bfc835b2fb\"},\"headline\":\"\u00c9 oficial! Flamengo emite nota oficial sobre Erick Pulgar\",\"datePublished\":\"2025-03-14T18:01:44+00:00\",\"dateModified\":\"2025-03-14T18:01:46+00:00\",\"mainEntityOfPage\":{\"@id\":\"https:\/\/www.gaveanews.com\/index.php\/2025\/03\/14\/e-oficial-flamengo-emite-nota-oficial-sobre-erick-pulgar\/\"},\"wordCount\":374,\"commentCount\":0,\"image\":{\"@id\":\"https:\/\/www.gaveanews.com\/index.php\/2025\/03\/14\/e-oficial-flamengo-emite-nota-oficial-sobre-erick-pulgar\/#primaryimage\"},\"thumbnailUrl\":\"https:\/\/www.gaveanews.com\/wp-content\/uploads\/erick-pulgar-wesley-flamengo-vasco-edited.webp\",\"articleSection\":[\"Flamengo\"],\"inLanguage\":\"pt-BR\",\"potentialAction\":[{\"@type\":\"CommentAction\",\"name\":\"Comment\",\"target\":[\"https:\/\/www.gaveanews.com\/index.php\/2025\/03\/14\/e-oficial-flamengo-emite-nota-oficial-sobre-erick-pulgar\/#respond\"]}],\"copyrightYear\":\"2025\",\"copyrightHolder\":{\"@id\":\"https:\/\/www.gaveanews.com\/#organization\"}},{\"@type\":\"WebPage\",\"@id\":\"https:\/\/www.gaveanews.com\/index.php\/2025\/03\/14\/e-oficial-flamengo-emite-nota-oficial-sobre-erick-pulgar\/\",\"url\":\"https:\/\/www.gaveanews.com\/index.php\/2025\/03\/14\/e-oficial-flamengo-emite-nota-oficial-sobre-erick-pulgar\/\",\"name\":\"\u00c9 oficial! Flamengo emite nota oficial sobre Erick Pulgar\",\"isPartOf\":{\"@id\":\"https:\/\/www.gaveanews.com\/#website\"},\"primaryImageOfPage\":{\"@id\":\"https:\/\/www.gaveanews.com\/index.php\/2025\/03\/14\/e-oficial-flamengo-emite-nota-oficial-sobre-erick-pulgar\/#primaryimage\"},\"image\":{\"@id\":\"https:\/\/www.gaveanews.com\/index.php\/2025\/03\/14\/e-oficial-flamengo-emite-nota-oficial-sobre-erick-pulgar\/#primaryimage\"},\"thumbnailUrl\":\"https:\/\/www.gaveanews.com\/wp-content\/uploads\/erick-pulgar-wesley-flamengo-vasco-edited.webp\",\"datePublished\":\"2025-03-14T18:01:44+00:00\",\"dateModified\":\"2025-03-14T18:01:46+00:00\",\"author\":{\"@id\":\"https:\/\/www.gaveanews.com\/#\/schema\/person\/8207cd4627f56151707418bfc835b2fb\"},\"breadcrumb\":{\"@id\":\"https:\/\/www.gaveanews.com\/index.php\/2025\/03\/14\/e-oficial-flamengo-emite-nota-oficial-sobre-erick-pulgar\/#breadcrumb\"},\"inLanguage\":\"pt-BR\",\"potentialAction\":[{\"@type\":\"ReadAction\",\"target\":[\"https:\/\/www.gaveanews.com\/index.php\/2025\/03\/14\/e-oficial-flamengo-emite-nota-oficial-sobre-erick-pulgar\/\"]}]},{\"@type\":\"ImageObject\",\"inLanguage\":\"pt-BR\",\"@id\":\"https:\/\/www.gaveanews.com\/index.php\/2025\/03\/14\/e-oficial-flamengo-emite-nota-oficial-sobre-erick-pulgar\/#primaryimage\",\"url\":\"https:\/\/www.gaveanews.com\/wp-content\/uploads\/erick-pulgar-wesley-flamengo-vasco-edited.webp\",\"contentUrl\":\"https:\/\/www.gaveanews.com\/wp-content\/uploads\/erick-pulgar-wesley-flamengo-vasco-edited.webp\",\"width\":613,\"height\":490,\"caption\":\"Erick Pulgar em a\u00e7\u00e3o pelo Flamengo contra o Vasco (Foto: Paula Reis\/Flamengo)\"},{\"@type\":\"BreadcrumbList\",\"@id\":\"https:\/\/www.gaveanews.com\/index.php\/2025\/03\/14\/e-oficial-flamengo-emite-nota-oficial-sobre-erick-pulgar\/#breadcrumb\",\"itemListElement\":[{\"@type\":\"ListItem\",\"position\":1,\"name\":\"Home\",\"item\":\"https:\/\/www.gaveanews.com\/\"},{\"@type\":\"ListItem\",\"position\":2,\"name\":\"\u00c9 oficial! Flamengo emite nota oficial sobre Erick Pulgar\"}]},{\"@type\":\"WebSite\",\"@id\":\"https:\/\/www.gaveanews.com\/#website\",\"url\":\"https:\/\/www.gaveanews.com\/\",\"name\":\"G\u00e1vea News\",\"description\":\"Veja todas as not\u00edcias sobre o Flamengo: Contrata\u00e7\u00f5es, categorias de base, resultados das partidas, tabela de classifica\u00e7\u00e3o, pr\u00f3ximos jogos!\",\"potentialAction\":[{\"@type\":\"SearchAction\",\"target\":{\"@type\":\"EntryPoint\",\"urlTemplate\":\"https:\/\/www.gaveanews.com\/?s={search_term_string}\"},\"query-input\":{\"@type\":\"PropertyValueSpecification\",\"valueRequired\":true,\"valueName\":\"search_term_string\"}}],\"inLanguage\":\"pt-BR\"},{\"@type\":\"Person\",\"@id\":\"https:\/\/www.gaveanews.com\/#\/schema\/person\/8207cd4627f56151707418bfc835b2fb\",\"name\":\"Matheus Felipe\",\"image\":{\"@type\":\"ImageObject\",\"inLanguage\":\"pt-BR\",\"@id\":\"https:\/\/www.gaveanews.com\/#\/schema\/person\/image\/\",\"url\":\"https:\/\/secure.gravatar.com\/avatar\/a452ffbed9130f726358b298bb3a99ce4bd3c5338411f8440e87e14d74c7c087?s=96&d=mm&r=g\",\"contentUrl\":\"https:\/\/secure.gravatar.com\/avatar\/a452ffbed9130f726358b298bb3a99ce4bd3c5338411f8440e87e14d74c7c087?s=96&d=mm&r=g\",\"caption\":\"Matheus Felipe\"}}]}<\/script>\n<!-- \/ Yoast SEO Premium plugin. -->","yoast_head_json":{"title":"\u00c9 oficial! Flamengo emite nota oficial sobre Erick Pulgar","robots":{"index":"index","follow":"follow","max-snippet":"max-snippet:-1","max-image-preview":"max-image-preview:large","max-video-preview":"max-video-preview:-1"},"canonical":"https:\/\/www.gaveanews.com\/index.php\/2025\/03\/14\/e-oficial-flamengo-emite-nota-oficial-sobre-erick-pulgar\/","og_locale":"pt_BR","og_type":"article","og_title":"\u00c9 oficial! Flamengo emite nota oficial sobre Erick Pulgar","og_description":"O Flamengo oficializou a renova\u00e7\u00e3o do contrato de Erick Pulgar at\u00e9 o fim de 2027. A negocia\u00e7\u00e3o vinha sendo conduzida desde o fim de 2024 e teve um desfecho positivo com a nova diretoria do clube. O acordo ser\u00e1 assinado nesta sexta-feira (14), garantindo a perman\u00eancia do volante chileno por mais duas temporadas. Um dos [&hellip;]","og_url":"https:\/\/www.gaveanews.com\/index.php\/2025\/03\/14\/e-oficial-flamengo-emite-nota-oficial-sobre-erick-pulgar\/","og_site_name":"G\u00e1vea News","article_publisher":"https:\/\/facebook.com\/gaveaNews\/","article_published_time":"2025-03-14T18:01:44+00:00","article_modified_time":"2025-03-14T18:01:46+00:00","og_image":[{"width":613,"height":490,"url":"http:\/\/www.gaveanews.com\/wp-content\/uploads\/erick-pulgar-wesley-flamengo-vasco-edited.webp","type":"image\/jpeg"}],"author":"Matheus Felipe","twitter_card":"summary_large_image","twitter_misc":{"Escrito por":"Matheus Felipe","Est. tempo de leitura":"2 minutos"},"schema":{"@context":"https:\/\/schema.org","@graph":[{"@type":"NewsArticle","@id":"https:\/\/www.gaveanews.com\/index.php\/2025\/03\/14\/e-oficial-flamengo-emite-nota-oficial-sobre-erick-pulgar\/#article","isPartOf":{"@id":"https:\/\/www.gaveanews.com\/index.php\/2025\/03\/14\/e-oficial-flamengo-emite-nota-oficial-sobre-erick-pulgar\/"},"author":{"name":"Matheus Felipe","@id":"https:\/\/www.gaveanews.com\/#\/schema\/person\/8207cd4627f56151707418bfc835b2fb"},"headline":"\u00c9 oficial! Flamengo emite nota oficial sobre Erick Pulgar","datePublished":"2025-03-14T18:01:44+00:00","dateModified":"2025-03-14T18:01:46+00:00","mainEntityOfPage":{"@id":"https:\/\/www.gaveanews.com\/index.php\/2025\/03\/14\/e-oficial-flamengo-emite-nota-oficial-sobre-erick-pulgar\/"},"wordCount":374,"commentCount":0,"image":{"@id":"https:\/\/www.gaveanews.com\/index.php\/2025\/03\/14\/e-oficial-flamengo-emite-nota-oficial-sobre-erick-pulgar\/#primaryimage"},"thumbnailUrl":"https:\/\/www.gaveanews.com\/wp-content\/uploads\/erick-pulgar-wesley-flamengo-vasco-edited.webp","articleSection":["Flamengo"],"inLanguage":"pt-BR","potentialAction":[{"@type":"CommentAction","name":"Comment","target":["https:\/\/www.gaveanews.com\/index.php\/2025\/03\/14\/e-oficial-flamengo-emite-nota-oficial-sobre-erick-pulgar\/#respond"]}],"copyrightYear":"2025","copyrightHolder":{"@id":"https:\/\/www.gaveanews.com\/#organization"}},{"@type":"WebPage","@id":"https:\/\/www.gaveanews.com\/index.php\/2025\/03\/14\/e-oficial-flamengo-emite-nota-oficial-sobre-erick-pulgar\/","url":"https:\/\/www.gaveanews.com\/index.php\/2025\/03\/14\/e-oficial-flamengo-emite-nota-oficial-sobre-erick-pulgar\/","name":"\u00c9 oficial! Flamengo emite nota oficial sobre Erick Pulgar","isPartOf":{"@id":"https:\/\/www.gaveanews.com\/#website"},"primaryImageOfPage":{"@id":"https:\/\/www.gaveanews.com\/index.php\/2025\/03\/14\/e-oficial-flamengo-emite-nota-oficial-sobre-erick-pulgar\/#primaryimage"},"image":{"@id":"https:\/\/www.gaveanews.com\/index.php\/2025\/03\/14\/e-oficial-flamengo-emite-nota-oficial-sobre-erick-pulgar\/#primaryimage"},"thumbnailUrl":"https:\/\/www.gaveanews.com\/wp-content\/uploads\/erick-pulgar-wesley-flamengo-vasco-edited.webp","datePublished":"2025-03-14T18:01:44+00:00","dateModified":"2025-03-14T18:01:46+00:00","author":{"@id":"https:\/\/www.gaveanews.com\/#\/schema\/person\/8207cd4627f56151707418bfc835b2fb"},"breadcrumb":{"@id":"https:\/\/www.gaveanews.com\/index.php\/2025\/03\/14\/e-oficial-flamengo-emite-nota-oficial-sobre-erick-pulgar\/#breadcrumb"},"inLanguage":"pt-BR","potentialAction":[{"@type":"ReadAction","target":["https:\/\/www.gaveanews.com\/index.php\/2025\/03\/14\/e-oficial-flamengo-emite-nota-oficial-sobre-erick-pulgar\/"]}]},{"@type":"ImageObject","inLanguage":"pt-BR","@id":"https:\/\/www.gaveanews.com\/index.php\/2025\/03\/14\/e-oficial-flamengo-emite-nota-oficial-sobre-erick-pulgar\/#primaryimage","url":"https:\/\/www.gaveanews.com\/wp-content\/uploads\/erick-pulgar-wesley-flamengo-vasco-edited.webp","contentUrl":"https:\/\/www.gaveanews.com\/wp-content\/uploads\/erick-pulgar-wesley-flamengo-vasco-edited.webp","width":613,"height":490,"caption":"Erick Pulgar em a\u00e7\u00e3o pelo Flamengo contra o Vasco (Foto: Paula Reis\/Flamengo)"},{"@type":"BreadcrumbList","@id":"https:\/\/www.gaveanews.com\/index.php\/2025\/03\/14\/e-oficial-flamengo-emite-nota-oficial-sobre-erick-pulgar\/#breadcrumb","itemListElement":[{"@type":"ListItem","position":1,"name":"Home","item":"https:\/\/www.gaveanews.com\/"},{"@type":"ListItem","position":2,"name":"\u00c9 oficial! Flamengo emite nota oficial sobre Erick Pulgar"}]},{"@type":"WebSite","@id":"https:\/\/www.gaveanews.com\/#website","url":"https:\/\/www.gaveanews.com\/","name":"G\u00e1vea News","description":"Veja todas as not\u00edcias sobre o Flamengo: Contrata\u00e7\u00f5es, categorias de base, resultados das partidas, tabela de classifica\u00e7\u00e3o, pr\u00f3ximos jogos!","potentialAction":[{"@type":"SearchAction","target":{"@type":"EntryPoint","urlTemplate":"https:\/\/www.gaveanews.com\/?s={search_term_string}"},"query-input":{"@type":"PropertyValueSpecification","valueRequired":true,"valueName":"search_term_string"}}],"inLanguage":"pt-BR"},{"@type":"Person","@id":"https:\/\/www.gaveanews.com\/#\/schema\/person\/8207cd4627f56151707418bfc835b2fb","name":"Matheus Felipe","image":{"@type":"ImageObject","inLanguage":"pt-BR","@id":"https:\/\/www.gaveanews.com\/#\/schema\/person\/image\/","url":"https:\/\/secure.gravatar.com\/avatar\/a452ffbed9130f726358b298bb3a99ce4bd3c5338411f8440e87e14d74c7c087?s=96&d=mm&r=g","contentUrl":"https:\/\/secure.gravatar.com\/avatar\/a452ffbed9130f726358b298bb3a99ce4bd3c5338411f8440e87e14d74c7c087?s=96&d=mm&r=g","caption":"Matheus Felipe"}}]}},"_links":{"self":[{"href":"https:\/\/www.gaveanews.com\/index.php\/wp-json\/wp\/v2\/posts\/240102","targetHints":{"allow":["GET"]}}],"collection":[{"href":"https:\/\/www.gaveanews.com\/index.php\/wp-json\/wp\/v2\/posts"}],"about":[{"href":"https:\/\/www.gaveanews.com\/index.php\/wp-json\/wp\/v2\/types\/post"}],"author":[{"embeddable":true,"href":"https:\/\/www.gaveanews.com\/index.php\/wp-json\/wp\/v2\/users\/27"}],"replies":[{"embeddable":true,"href":"https:\/\/www.gaveanews.com\/index.php\/wp-json\/wp\/v2\/comments?post=240102"}],"version-history":[{"count":1,"href":"https:\/\/www.gaveanews.com\/index.php\/wp-json\/wp\/v2\/posts\/240102\/revisions"}],"predecessor-version":[{"id":240107,"href":"https:\/\/www.gaveanews.com\/index.php\/wp-json\/wp\/v2\/posts\/240102\/revisions\/240107"}],"wp:featuredmedia":[{"embeddable":true,"href":"https:\/\/www.gaveanews.com\/index.php\/wp-json\/wp\/v2\/media\/181661"}],"wp:attachment":[{"href":"https:\/\/www.gaveanews.com\/index.php\/wp-json\/wp\/v2\/media?parent=240102"}],"wp:term":[{"taxonomy":"category","embeddable":true,"href":"https:\/\/www.gaveanews.com\/index.php\/wp-json\/wp\/v2\/categories?post=240102"},{"taxonomy":"post_tag","embeddable":true,"href":"https:\/\/www.gaveanews.com\/index.php\/wp-json\/wp\/v2\/tags?post=240102"}],"curies":[{"name":"wp","href":"https:\/\/api.w.org\/{rel}","templated":true}]}}