{"id":240109,"date":"2025-03-14T15:20:00","date_gmt":"2025-03-14T18:20:00","guid":{"rendered":"https:\/\/www.gaveanews.com\/?p=240109"},"modified":"2025-03-14T15:07:04","modified_gmt":"2025-03-14T18:07:04","slug":"internacional-pode-cair-em-grupo-da-morte-na-libertadores-veja-times","status":"publish","type":"post","link":"https:\/\/www.gaveanews.com\/index.php\/2025\/03\/14\/internacional-pode-cair-em-grupo-da-morte-na-libertadores-veja-times\/","title":{"rendered":"Internacional pode cair em grupo da morte na Libertadores; veja times"},"content":{"rendered":"\n<p>A ansiedade toma conta dos torcedores, e n\u00e3o \u00e9 para menos. O sorteio da fase de grupos da Libertadores acontece nesta segunda-feira, e algumas equipes brasileiras podem enfrentar verdadeiras pedreiras logo de cara.&nbsp;<\/p>\n\n\n\n<p>Internacional, Fortaleza e Bahia, que n\u00e3o est\u00e3o no Pote 1, correm o risco de cair em um grupo extremamente complicado, o que tornaria a caminhada rumo ao mata-mata muito mais desafiadora.<\/p>\n\n\n\n<h2 class=\"wp-block-heading\" id=\"h-cenario-perigoso-para-os-brasileiros\">Cen\u00e1rio perigoso para os brasileiros<\/h2>\n\n\n\n<p>O t\u00e3o temido \u201cgrupo da morte\u201d pode se formar caso River Plate ou Racing (Pote 1) caiam junto com dois brasileiros. Como o Inter est\u00e1 no Pote 2, Fortaleza no Pote 3 e Bahia no Pote 4, h\u00e1 uma possibilidade real de confrontos nacionais na fase de grupos.&nbsp;<\/p>\n\n\n\n<p>Vale destacar que o time baiano, por ter vindo da fase pr\u00e9via, pode acabar em uma chave com compatriotas, tornando os duelos ainda mais acirrados e decisivos para a classifica\u00e7\u00e3o.<\/p>\n\n\n\n<h2 class=\"wp-block-heading\" id=\"h-a-altitude-pode-complicar-ainda-mais\">A altitude pode complicar ainda mais<\/h2>\n\n\n\n<p>Se n\u00e3o bastasse a dificuldade t\u00e9cnica, alguns clubes de altitude est\u00e3o espalhados nos potes 2 e 3, o que pode tornar a situa\u00e7\u00e3o ainda pior. Isso porque LDU (EQU), Independiente del Valle (EQU), Bol\u00edvar (BOL), Sporting Cristal (PER) e Universit\u00e1rio (PER) costumam transformar suas casas em verdadeiras fortalezas devido \u00e0s condi\u00e7\u00f5es f\u00edsicas adversas para os visitantes.&nbsp;<\/p>\n\n\n\n<p>Dessa maneira, um grupo com River Plate, Internacional e um desses clubes poderia ser um grande pesadelo para qualquer equipe que busca avan\u00e7ar \u00e0s oitavas de final.<\/p>\n\n\n\n<h2 class=\"wp-block-heading\" id=\"h-outros-possiveis-confrontos-complicados\">Outros poss\u00edveis confrontos complicados<\/h2>\n\n\n\n<p>Enquanto isso, os brasileiros que est\u00e3o no Pote 1, Botafogo, Palmeiras, Flamengo e S\u00e3o Paulo, tamb\u00e9m podem ter desafios dif\u00edceis. Isso porque os duelos contra argentinos como Estudiantes, V\u00e9lez, Talleres e Central C\u00f3rdoba s\u00e3o possibilidades concretas e prometem jogos equilibrados.<\/p>\n\n\n\n<p>Sendo assim, o sorteio promete fortes emo\u00e7\u00f5es e deve definir o futuro de muitas equipes j\u00e1 na fase inicial. Com isso, os clubes brasileiros precisar\u00e3o se preparar para poss\u00edveis desafios extremos j\u00e1 na fase de grupos, enfrentando n\u00e3o apenas rivais tradicionais, mas tamb\u00e9m dificuldades f\u00edsicas e t\u00e1ticas.&nbsp;<\/p>\n\n\n\n<p>Portanto, resta aos torcedores aguardarem com expectativa para saber qual ser\u00e1 o destino de suas equipes e como elas v\u00e3o encarar esse desafio na busca pela t\u00e3o sonhada ta\u00e7a da Libertadores.<\/p>\n","protected":false},"excerpt":{"rendered":"<p>A ansiedade toma conta dos torcedores, e n\u00e3o \u00e9 para menos. O sorteio da fase de grupos da Libertadores acontece nesta segunda-feira, e algumas equipes brasileiras podem enfrentar verdadeiras pedreiras logo de cara.&nbsp; Internacional, Fortaleza e Bahia, que n\u00e3o est\u00e3o no Pote 1, correm o risco de cair em um grupo extremamente complicado, o que [&hellip;]<\/p>\n","protected":false},"author":25,"featured_media":173600,"comment_status":"open","ping_status":"closed","sticky":false,"template":"","format":"standard","meta":{"footnotes":""},"categories":[148],"tags":[],"class_list":["post-240109","post","type-post","status-publish","format-standard","has-post-thumbnail","hentry","category-internacional"],"yoast_head":"<!-- This site is optimized with the Yoast SEO Premium plugin v24.2 (Yoast SEO v26.9) - https:\/\/yoast.com\/product\/yoast-seo-premium-wordpress\/ -->\n<title>Internacional pode cair em grupo da morte na Libertadores; veja times<\/title>\n<meta name=\"robots\" content=\"index, follow, max-snippet:-1, max-image-preview:large, max-video-preview:-1\" \/>\n<link rel=\"canonical\" href=\"https:\/\/www.gaveanews.com\/index.php\/2025\/03\/14\/internacional-pode-cair-em-grupo-da-morte-na-libertadores-veja-times\/\" \/>\n<meta property=\"og:locale\" content=\"pt_BR\" \/>\n<meta property=\"og:type\" content=\"article\" \/>\n<meta property=\"og:title\" content=\"Internacional pode cair em grupo da morte na Libertadores; veja times\" \/>\n<meta property=\"og:description\" content=\"A ansiedade toma conta dos torcedores, e n\u00e3o \u00e9 para menos. O sorteio da fase de grupos da Libertadores acontece nesta segunda-feira, e algumas equipes brasileiras podem enfrentar verdadeiras pedreiras logo de cara.&nbsp; Internacional, Fortaleza e Bahia, que n\u00e3o est\u00e3o no Pote 1, correm o risco de cair em um grupo extremamente complicado, o que [&hellip;]\" \/>\n<meta property=\"og:url\" content=\"https:\/\/www.gaveanews.com\/index.php\/2025\/03\/14\/internacional-pode-cair-em-grupo-da-morte-na-libertadores-veja-times\/\" \/>\n<meta property=\"og:site_name\" content=\"G\u00e1vea News\" \/>\n<meta property=\"article:publisher\" content=\"https:\/\/facebook.com\/gaveaNews\/\" \/>\n<meta property=\"article:published_time\" content=\"2025-03-14T18:20:00+00:00\" \/>\n<meta property=\"og:image\" content=\"https:\/\/www.gaveanews.com\/wp-content\/uploads\/Escudo-do-Internacional.webp\" \/>\n\t<meta property=\"og:image:width\" content=\"1728\" \/>\n\t<meta property=\"og:image:height\" content=\"1080\" \/>\n\t<meta property=\"og:image:type\" content=\"image\/webp\" \/>\n<meta name=\"author\" content=\"Rafaela Ladeira\" \/>\n<meta name=\"twitter:card\" content=\"summary_large_image\" \/>\n<meta name=\"twitter:label1\" content=\"Escrito por\" \/>\n\t<meta name=\"twitter:data1\" content=\"Rafaela Ladeira\" \/>\n\t<meta name=\"twitter:label2\" content=\"Est. tempo de leitura\" \/>\n\t<meta name=\"twitter:data2\" content=\"3 minutos\" \/>\n<script type=\"application\/ld+json\" class=\"yoast-schema-graph\">{\"@context\":\"https:\/\/schema.org\",\"@graph\":[{\"@type\":\"NewsArticle\",\"@id\":\"https:\/\/www.gaveanews.com\/index.php\/2025\/03\/14\/internacional-pode-cair-em-grupo-da-morte-na-libertadores-veja-times\/#article\",\"isPartOf\":{\"@id\":\"https:\/\/www.gaveanews.com\/index.php\/2025\/03\/14\/internacional-pode-cair-em-grupo-da-morte-na-libertadores-veja-times\/\"},\"author\":{\"name\":\"Rafaela Ladeira\",\"@id\":\"https:\/\/www.gaveanews.com\/#\/schema\/person\/0eb3e3fe1754f0205218538adbe8f5ed\"},\"headline\":\"Internacional pode cair em grupo da morte na Libertadores; veja times\",\"datePublished\":\"2025-03-14T18:20:00+00:00\",\"mainEntityOfPage\":{\"@id\":\"https:\/\/www.gaveanews.com\/index.php\/2025\/03\/14\/internacional-pode-cair-em-grupo-da-morte-na-libertadores-veja-times\/\"},\"wordCount\":398,\"commentCount\":0,\"image\":{\"@id\":\"https:\/\/www.gaveanews.com\/index.php\/2025\/03\/14\/internacional-pode-cair-em-grupo-da-morte-na-libertadores-veja-times\/#primaryimage\"},\"thumbnailUrl\":\"https:\/\/www.gaveanews.com\/wp-content\/uploads\/Escudo-do-Internacional.webp\",\"articleSection\":[\"Internacional\"],\"inLanguage\":\"pt-BR\",\"potentialAction\":[{\"@type\":\"CommentAction\",\"name\":\"Comment\",\"target\":[\"https:\/\/www.gaveanews.com\/index.php\/2025\/03\/14\/internacional-pode-cair-em-grupo-da-morte-na-libertadores-veja-times\/#respond\"]}],\"copyrightYear\":\"2025\",\"copyrightHolder\":{\"@id\":\"https:\/\/www.gaveanews.com\/#organization\"}},{\"@type\":\"WebPage\",\"@id\":\"https:\/\/www.gaveanews.com\/index.php\/2025\/03\/14\/internacional-pode-cair-em-grupo-da-morte-na-libertadores-veja-times\/\",\"url\":\"https:\/\/www.gaveanews.com\/index.php\/2025\/03\/14\/internacional-pode-cair-em-grupo-da-morte-na-libertadores-veja-times\/\",\"name\":\"Internacional pode cair em grupo da morte na Libertadores; veja times\",\"isPartOf\":{\"@id\":\"https:\/\/www.gaveanews.com\/#website\"},\"primaryImageOfPage\":{\"@id\":\"https:\/\/www.gaveanews.com\/index.php\/2025\/03\/14\/internacional-pode-cair-em-grupo-da-morte-na-libertadores-veja-times\/#primaryimage\"},\"image\":{\"@id\":\"https:\/\/www.gaveanews.com\/index.php\/2025\/03\/14\/internacional-pode-cair-em-grupo-da-morte-na-libertadores-veja-times\/#primaryimage\"},\"thumbnailUrl\":\"https:\/\/www.gaveanews.com\/wp-content\/uploads\/Escudo-do-Internacional.webp\",\"datePublished\":\"2025-03-14T18:20:00+00:00\",\"author\":{\"@id\":\"https:\/\/www.gaveanews.com\/#\/schema\/person\/0eb3e3fe1754f0205218538adbe8f5ed\"},\"breadcrumb\":{\"@id\":\"https:\/\/www.gaveanews.com\/index.php\/2025\/03\/14\/internacional-pode-cair-em-grupo-da-morte-na-libertadores-veja-times\/#breadcrumb\"},\"inLanguage\":\"pt-BR\",\"potentialAction\":[{\"@type\":\"ReadAction\",\"target\":[\"https:\/\/www.gaveanews.com\/index.php\/2025\/03\/14\/internacional-pode-cair-em-grupo-da-morte-na-libertadores-veja-times\/\"]}]},{\"@type\":\"ImageObject\",\"inLanguage\":\"pt-BR\",\"@id\":\"https:\/\/www.gaveanews.com\/index.php\/2025\/03\/14\/internacional-pode-cair-em-grupo-da-morte-na-libertadores-veja-times\/#primaryimage\",\"url\":\"https:\/\/www.gaveanews.com\/wp-content\/uploads\/Escudo-do-Internacional.webp\",\"contentUrl\":\"https:\/\/www.gaveanews.com\/wp-content\/uploads\/Escudo-do-Internacional.webp\",\"width\":1728,\"height\":1080,\"caption\":\"Escudo do Internacional (Foto: Reprodu\u00e7\u00e3o)\"},{\"@type\":\"BreadcrumbList\",\"@id\":\"https:\/\/www.gaveanews.com\/index.php\/2025\/03\/14\/internacional-pode-cair-em-grupo-da-morte-na-libertadores-veja-times\/#breadcrumb\",\"itemListElement\":[{\"@type\":\"ListItem\",\"position\":1,\"name\":\"Home\",\"item\":\"https:\/\/www.gaveanews.com\/\"},{\"@type\":\"ListItem\",\"position\":2,\"name\":\"Internacional pode cair em grupo da morte na Libertadores; veja times\"}]},{\"@type\":\"WebSite\",\"@id\":\"https:\/\/www.gaveanews.com\/#website\",\"url\":\"https:\/\/www.gaveanews.com\/\",\"name\":\"G\u00e1vea News\",\"description\":\"Veja todas as not\u00edcias sobre o Flamengo: Contrata\u00e7\u00f5es, categorias de base, resultados das partidas, tabela de classifica\u00e7\u00e3o, pr\u00f3ximos jogos!\",\"potentialAction\":[{\"@type\":\"SearchAction\",\"target\":{\"@type\":\"EntryPoint\",\"urlTemplate\":\"https:\/\/www.gaveanews.com\/?s={search_term_string}\"},\"query-input\":{\"@type\":\"PropertyValueSpecification\",\"valueRequired\":true,\"valueName\":\"search_term_string\"}}],\"inLanguage\":\"pt-BR\"},{\"@type\":\"Person\",\"@id\":\"https:\/\/www.gaveanews.com\/#\/schema\/person\/0eb3e3fe1754f0205218538adbe8f5ed\",\"name\":\"Rafaela Ladeira\",\"image\":{\"@type\":\"ImageObject\",\"inLanguage\":\"pt-BR\",\"@id\":\"https:\/\/www.gaveanews.com\/#\/schema\/person\/image\/\",\"url\":\"https:\/\/secure.gravatar.com\/avatar\/c31f513acffd85eacab5730cbdfdbbf59f21ba5aeada8cd890acea879fbb2455?s=96&d=mm&r=g\",\"contentUrl\":\"https:\/\/secure.gravatar.com\/avatar\/c31f513acffd85eacab5730cbdfdbbf59f21ba5aeada8cd890acea879fbb2455?s=96&d=mm&r=g\",\"caption\":\"Rafaela Ladeira\"}}]}<\/script>\n<!-- \/ Yoast SEO Premium plugin. -->","yoast_head_json":{"title":"Internacional pode cair em grupo da morte na Libertadores; veja times","robots":{"index":"index","follow":"follow","max-snippet":"max-snippet:-1","max-image-preview":"max-image-preview:large","max-video-preview":"max-video-preview:-1"},"canonical":"https:\/\/www.gaveanews.com\/index.php\/2025\/03\/14\/internacional-pode-cair-em-grupo-da-morte-na-libertadores-veja-times\/","og_locale":"pt_BR","og_type":"article","og_title":"Internacional pode cair em grupo da morte na Libertadores; veja times","og_description":"A ansiedade toma conta dos torcedores, e n\u00e3o \u00e9 para menos. O sorteio da fase de grupos da Libertadores acontece nesta segunda-feira, e algumas equipes brasileiras podem enfrentar verdadeiras pedreiras logo de cara.&nbsp; Internacional, Fortaleza e Bahia, que n\u00e3o est\u00e3o no Pote 1, correm o risco de cair em um grupo extremamente complicado, o que [&hellip;]","og_url":"https:\/\/www.gaveanews.com\/index.php\/2025\/03\/14\/internacional-pode-cair-em-grupo-da-morte-na-libertadores-veja-times\/","og_site_name":"G\u00e1vea News","article_publisher":"https:\/\/facebook.com\/gaveaNews\/","article_published_time":"2025-03-14T18:20:00+00:00","og_image":[{"width":1728,"height":1080,"url":"https:\/\/www.gaveanews.com\/wp-content\/uploads\/Escudo-do-Internacional.webp","type":"image\/webp"}],"author":"Rafaela Ladeira","twitter_card":"summary_large_image","twitter_misc":{"Escrito por":"Rafaela Ladeira","Est. tempo de leitura":"3 minutos"},"schema":{"@context":"https:\/\/schema.org","@graph":[{"@type":"NewsArticle","@id":"https:\/\/www.gaveanews.com\/index.php\/2025\/03\/14\/internacional-pode-cair-em-grupo-da-morte-na-libertadores-veja-times\/#article","isPartOf":{"@id":"https:\/\/www.gaveanews.com\/index.php\/2025\/03\/14\/internacional-pode-cair-em-grupo-da-morte-na-libertadores-veja-times\/"},"author":{"name":"Rafaela Ladeira","@id":"https:\/\/www.gaveanews.com\/#\/schema\/person\/0eb3e3fe1754f0205218538adbe8f5ed"},"headline":"Internacional pode cair em grupo da morte na Libertadores; veja times","datePublished":"2025-03-14T18:20:00+00:00","mainEntityOfPage":{"@id":"https:\/\/www.gaveanews.com\/index.php\/2025\/03\/14\/internacional-pode-cair-em-grupo-da-morte-na-libertadores-veja-times\/"},"wordCount":398,"commentCount":0,"image":{"@id":"https:\/\/www.gaveanews.com\/index.php\/2025\/03\/14\/internacional-pode-cair-em-grupo-da-morte-na-libertadores-veja-times\/#primaryimage"},"thumbnailUrl":"https:\/\/www.gaveanews.com\/wp-content\/uploads\/Escudo-do-Internacional.webp","articleSection":["Internacional"],"inLanguage":"pt-BR","potentialAction":[{"@type":"CommentAction","name":"Comment","target":["https:\/\/www.gaveanews.com\/index.php\/2025\/03\/14\/internacional-pode-cair-em-grupo-da-morte-na-libertadores-veja-times\/#respond"]}],"copyrightYear":"2025","copyrightHolder":{"@id":"https:\/\/www.gaveanews.com\/#organization"}},{"@type":"WebPage","@id":"https:\/\/www.gaveanews.com\/index.php\/2025\/03\/14\/internacional-pode-cair-em-grupo-da-morte-na-libertadores-veja-times\/","url":"https:\/\/www.gaveanews.com\/index.php\/2025\/03\/14\/internacional-pode-cair-em-grupo-da-morte-na-libertadores-veja-times\/","name":"Internacional pode cair em grupo da morte na Libertadores; veja times","isPartOf":{"@id":"https:\/\/www.gaveanews.com\/#website"},"primaryImageOfPage":{"@id":"https:\/\/www.gaveanews.com\/index.php\/2025\/03\/14\/internacional-pode-cair-em-grupo-da-morte-na-libertadores-veja-times\/#primaryimage"},"image":{"@id":"https:\/\/www.gaveanews.com\/index.php\/2025\/03\/14\/internacional-pode-cair-em-grupo-da-morte-na-libertadores-veja-times\/#primaryimage"},"thumbnailUrl":"https:\/\/www.gaveanews.com\/wp-content\/uploads\/Escudo-do-Internacional.webp","datePublished":"2025-03-14T18:20:00+00:00","author":{"@id":"https:\/\/www.gaveanews.com\/#\/schema\/person\/0eb3e3fe1754f0205218538adbe8f5ed"},"breadcrumb":{"@id":"https:\/\/www.gaveanews.com\/index.php\/2025\/03\/14\/internacional-pode-cair-em-grupo-da-morte-na-libertadores-veja-times\/#breadcrumb"},"inLanguage":"pt-BR","potentialAction":[{"@type":"ReadAction","target":["https:\/\/www.gaveanews.com\/index.php\/2025\/03\/14\/internacional-pode-cair-em-grupo-da-morte-na-libertadores-veja-times\/"]}]},{"@type":"ImageObject","inLanguage":"pt-BR","@id":"https:\/\/www.gaveanews.com\/index.php\/2025\/03\/14\/internacional-pode-cair-em-grupo-da-morte-na-libertadores-veja-times\/#primaryimage","url":"https:\/\/www.gaveanews.com\/wp-content\/uploads\/Escudo-do-Internacional.webp","contentUrl":"https:\/\/www.gaveanews.com\/wp-content\/uploads\/Escudo-do-Internacional.webp","width":1728,"height":1080,"caption":"Escudo do Internacional (Foto: Reprodu\u00e7\u00e3o)"},{"@type":"BreadcrumbList","@id":"https:\/\/www.gaveanews.com\/index.php\/2025\/03\/14\/internacional-pode-cair-em-grupo-da-morte-na-libertadores-veja-times\/#breadcrumb","itemListElement":[{"@type":"ListItem","position":1,"name":"Home","item":"https:\/\/www.gaveanews.com\/"},{"@type":"ListItem","position":2,"name":"Internacional pode cair em grupo da morte na Libertadores; veja times"}]},{"@type":"WebSite","@id":"https:\/\/www.gaveanews.com\/#website","url":"https:\/\/www.gaveanews.com\/","name":"G\u00e1vea News","description":"Veja todas as not\u00edcias sobre o Flamengo: Contrata\u00e7\u00f5es, categorias de base, resultados das partidas, tabela de classifica\u00e7\u00e3o, pr\u00f3ximos jogos!","potentialAction":[{"@type":"SearchAction","target":{"@type":"EntryPoint","urlTemplate":"https:\/\/www.gaveanews.com\/?s={search_term_string}"},"query-input":{"@type":"PropertyValueSpecification","valueRequired":true,"valueName":"search_term_string"}}],"inLanguage":"pt-BR"},{"@type":"Person","@id":"https:\/\/www.gaveanews.com\/#\/schema\/person\/0eb3e3fe1754f0205218538adbe8f5ed","name":"Rafaela Ladeira","image":{"@type":"ImageObject","inLanguage":"pt-BR","@id":"https:\/\/www.gaveanews.com\/#\/schema\/person\/image\/","url":"https:\/\/secure.gravatar.com\/avatar\/c31f513acffd85eacab5730cbdfdbbf59f21ba5aeada8cd890acea879fbb2455?s=96&d=mm&r=g","contentUrl":"https:\/\/secure.gravatar.com\/avatar\/c31f513acffd85eacab5730cbdfdbbf59f21ba5aeada8cd890acea879fbb2455?s=96&d=mm&r=g","caption":"Rafaela Ladeira"}}]}},"_links":{"self":[{"href":"https:\/\/www.gaveanews.com\/index.php\/wp-json\/wp\/v2\/posts\/240109","targetHints":{"allow":["GET"]}}],"collection":[{"href":"https:\/\/www.gaveanews.com\/index.php\/wp-json\/wp\/v2\/posts"}],"about":[{"href":"https:\/\/www.gaveanews.com\/index.php\/wp-json\/wp\/v2\/types\/post"}],"author":[{"embeddable":true,"href":"https:\/\/www.gaveanews.com\/index.php\/wp-json\/wp\/v2\/users\/25"}],"replies":[{"embeddable":true,"href":"https:\/\/www.gaveanews.com\/index.php\/wp-json\/wp\/v2\/comments?post=240109"}],"version-history":[{"count":1,"href":"https:\/\/www.gaveanews.com\/index.php\/wp-json\/wp\/v2\/posts\/240109\/revisions"}],"predecessor-version":[{"id":240111,"href":"https:\/\/www.gaveanews.com\/index.php\/wp-json\/wp\/v2\/posts\/240109\/revisions\/240111"}],"wp:featuredmedia":[{"embeddable":true,"href":"https:\/\/www.gaveanews.com\/index.php\/wp-json\/wp\/v2\/media\/173600"}],"wp:attachment":[{"href":"https:\/\/www.gaveanews.com\/index.php\/wp-json\/wp\/v2\/media?parent=240109"}],"wp:term":[{"taxonomy":"category","embeddable":true,"href":"https:\/\/www.gaveanews.com\/index.php\/wp-json\/wp\/v2\/categories?post=240109"},{"taxonomy":"post_tag","embeddable":true,"href":"https:\/\/www.gaveanews.com\/index.php\/wp-json\/wp\/v2\/tags?post=240109"}],"curies":[{"name":"wp","href":"https:\/\/api.w.org\/{rel}","templated":true}]}}