{"id":240114,"date":"2025-03-14T15:30:00","date_gmt":"2025-03-14T18:30:00","guid":{"rendered":"https:\/\/www.gaveanews.com\/?p=240114"},"modified":"2025-03-14T15:22:28","modified_gmt":"2025-03-14T18:22:28","slug":"a-declaracao-de-felipe-melo-para-rossi-do-flamengo","status":"publish","type":"post","link":"https:\/\/www.gaveanews.com\/index.php\/2025\/03\/14\/a-declaracao-de-felipe-melo-para-rossi-do-flamengo\/","title":{"rendered":"A declara\u00e7\u00e3o de Felipe Melo para Rossi, do Flamengo"},"content":{"rendered":"\n<p>Durante sua presen\u00e7a no Maracan\u00e3 para acompanhar o cl\u00e1ssico entre Flamengo e Fluminense, Felipe Melo destacou a import\u00e2ncia do goleiro Rossi para o sistema defensivo rubro-negro. O ex-volante ressaltou a habilidade do arqueiro em jogar com os p\u00e9s, o que contribui significativamente para a sa\u00edda de bola da equipe.<\/p>\n\n\n\n<p>Felipe Melo observou que Rossi possui um diferencial importante, pois sempre analisa o posicionamento dos companheiros antes de dominar a bola. Essa caracter\u00edstica permite que o Flamengo construa jogadas de maneira mais eficiente, dificultando a marca\u00e7\u00e3o advers\u00e1ria. \u201cEu comecei a analis\u00e1-lo ontem, e todas as bolas que iam no p\u00e9 ele sempre olhava antes de dominar, para ver qual seria o primeiro passo ou o dom\u00ednio. E, para uma sa\u00edda de bola, voc\u00ea ter um goleiro que sai muito bem com o p\u00e9 \u00e9 um diferencial, sem d\u00favida\u201d, afirmou.<\/p>\n\n\n\n<figure class=\"wp-block-image size-large\"><img loading=\"lazy\" decoding=\"async\" width=\"1024\" height=\"576\" src=\"http:\/\/www.gaveanews.com\/wp-content\/uploads\/agustin-rossi-chega-proximo-de-marca-historica-1024x576.webp\" alt=\"\" class=\"wp-image-148778\" srcset=\"https:\/\/www.gaveanews.com\/wp-content\/uploads\/agustin-rossi-chega-proximo-de-marca-historica-1024x576.webp 1024w, https:\/\/www.gaveanews.com\/wp-content\/uploads\/agustin-rossi-chega-proximo-de-marca-historica-300x169.webp 300w, https:\/\/www.gaveanews.com\/wp-content\/uploads\/agustin-rossi-chega-proximo-de-marca-historica-768x432.webp 768w, https:\/\/www.gaveanews.com\/wp-content\/uploads\/agustin-rossi-chega-proximo-de-marca-historica-747x420.webp 747w, https:\/\/www.gaveanews.com\/wp-content\/uploads\/agustin-rossi-chega-proximo-de-marca-historica-640x360.webp 640w, https:\/\/www.gaveanews.com\/wp-content\/uploads\/agustin-rossi-chega-proximo-de-marca-historica-1280x720.webp 1280w, https:\/\/www.gaveanews.com\/wp-content\/uploads\/agustin-rossi-chega-proximo-de-marca-historica-681x383.webp 681w, https:\/\/www.gaveanews.com\/wp-content\/uploads\/agustin-rossi-chega-proximo-de-marca-historica-1362x766.webp 1362w, https:\/\/www.gaveanews.com\/wp-content\/uploads\/agustin-rossi-chega-proximo-de-marca-historica-100x56.webp 100w, https:\/\/www.gaveanews.com\/wp-content\/uploads\/agustin-rossi-chega-proximo-de-marca-historica.webp 1440w\" sizes=\"auto, (max-width: 1024px) 100vw, 1024px\" \/><figcaption class=\"wp-element-caption\">Foto: Alexandre Dur\u00e3o<\/figcaption><\/figure>\n\n\n\n<p>A capacidade do goleiro em participar ativamente da constru\u00e7\u00e3o das jogadas foi um dos pontos mais enfatizados por Felipe Melo. Segundo ele, essa caracter\u00edstica faz com que o time tenha mais op\u00e7\u00f5es na transi\u00e7\u00e3o da defesa para o ataque, gerando dificuldades para o advers\u00e1rio ao tentar pressionar a sa\u00edda de bola.<\/p>\n\n\n\n<p>Outro aspecto mencionado pelo ex-jogador foi a influ\u00eancia de Filipe Lu\u00eds na implanta\u00e7\u00e3o desse estilo de jogo no Flamengo. Para ele, a presen\u00e7a do ex-lateral na comiss\u00e3o t\u00e9cnica tem sido essencial para a evolu\u00e7\u00e3o do sistema defensivo da equipe, que agora conta com um goleiro capaz de auxiliar diretamente na arma\u00e7\u00e3o das jogadas.<\/p>\n\n\n\n<p>A an\u00e1lise de Felipe Melo refor\u00e7a o impacto positivo de Rossi no Flamengo. Al\u00e9m de suas defesas, o goleiro se destaca por sua capacidade t\u00e9cnica ao manusear a bola com os p\u00e9s, um elemento cada vez mais valorizado no futebol moderno.<\/p>\n\n\n\n<p>Com essa abordagem, o Flamengo segue apostando em um sistema de jogo din\u00e2mico, onde o goleiro n\u00e3o se limita apenas a defender, mas tamb\u00e9m participa ativamente da constru\u00e7\u00e3o das jogadas, consolidando um estilo de jogo que tem rendido bons resultados para a equipe.<\/p>\n","protected":false},"excerpt":{"rendered":"<p>Durante sua presen\u00e7a no Maracan\u00e3 para acompanhar o cl\u00e1ssico entre Flamengo e Fluminense, Felipe Melo destacou a import\u00e2ncia do goleiro Rossi para o sistema defensivo rubro-negro. O ex-volante ressaltou a habilidade do arqueiro em jogar com os p\u00e9s, o que contribui significativamente para a sa\u00edda de bola da equipe. Felipe Melo observou que Rossi possui [&hellip;]<\/p>\n","protected":false},"author":33,"featured_media":105430,"comment_status":"open","ping_status":"closed","sticky":false,"template":"","format":"standard","meta":{"footnotes":""},"categories":[1],"tags":[],"class_list":["post-240114","post","type-post","status-publish","format-standard","has-post-thumbnail","hentry","category-flamengo"],"yoast_head":"<!-- This site is optimized with the Yoast SEO Premium plugin v24.2 (Yoast SEO v26.9) - https:\/\/yoast.com\/product\/yoast-seo-premium-wordpress\/ -->\n<title>A declara\u00e7\u00e3o de Felipe Melo para Rossi, do Flamengo<\/title>\n<meta name=\"robots\" content=\"index, follow, max-snippet:-1, max-image-preview:large, max-video-preview:-1\" \/>\n<link rel=\"canonical\" href=\"https:\/\/www.gaveanews.com\/index.php\/2025\/03\/14\/a-declaracao-de-felipe-melo-para-rossi-do-flamengo\/\" \/>\n<meta property=\"og:locale\" content=\"pt_BR\" \/>\n<meta property=\"og:type\" content=\"article\" \/>\n<meta property=\"og:title\" content=\"A declara\u00e7\u00e3o de Felipe Melo para Rossi, do Flamengo\" \/>\n<meta property=\"og:description\" content=\"Durante sua presen\u00e7a no Maracan\u00e3 para acompanhar o cl\u00e1ssico entre Flamengo e Fluminense, Felipe Melo destacou a import\u00e2ncia do goleiro Rossi para o sistema defensivo rubro-negro. O ex-volante ressaltou a habilidade do arqueiro em jogar com os p\u00e9s, o que contribui significativamente para a sa\u00edda de bola da equipe. Felipe Melo observou que Rossi possui [&hellip;]\" \/>\n<meta property=\"og:url\" content=\"https:\/\/www.gaveanews.com\/index.php\/2025\/03\/14\/a-declaracao-de-felipe-melo-para-rossi-do-flamengo\/\" \/>\n<meta property=\"og:site_name\" content=\"G\u00e1vea News\" \/>\n<meta property=\"article:publisher\" content=\"https:\/\/facebook.com\/gaveaNews\/\" \/>\n<meta property=\"article:published_time\" content=\"2025-03-14T18:30:00+00:00\" \/>\n<meta property=\"og:image\" content=\"https:\/\/www.gaveanews.com\/wp-content\/uploads\/felipe-melo-fluminense.webp\" \/>\n\t<meta property=\"og:image:width\" content=\"640\" \/>\n\t<meta property=\"og:image:height\" content=\"400\" \/>\n\t<meta property=\"og:image:type\" content=\"image\/webp\" \/>\n<meta name=\"author\" content=\"Brenda Cezillo\" \/>\n<meta name=\"twitter:card\" content=\"summary_large_image\" \/>\n<meta name=\"twitter:label1\" content=\"Escrito por\" \/>\n\t<meta name=\"twitter:data1\" content=\"Brenda Cezillo\" \/>\n\t<meta name=\"twitter:label2\" content=\"Est. tempo de leitura\" \/>\n\t<meta name=\"twitter:data2\" content=\"3 minutos\" \/>\n<script type=\"application\/ld+json\" class=\"yoast-schema-graph\">{\"@context\":\"https:\/\/schema.org\",\"@graph\":[{\"@type\":\"NewsArticle\",\"@id\":\"https:\/\/www.gaveanews.com\/index.php\/2025\/03\/14\/a-declaracao-de-felipe-melo-para-rossi-do-flamengo\/#article\",\"isPartOf\":{\"@id\":\"https:\/\/www.gaveanews.com\/index.php\/2025\/03\/14\/a-declaracao-de-felipe-melo-para-rossi-do-flamengo\/\"},\"author\":{\"name\":\"Brenda Cezillo\",\"@id\":\"https:\/\/www.gaveanews.com\/#\/schema\/person\/c79759ca337c40791ae8d08e2923d403\"},\"headline\":\"A declara\u00e7\u00e3o de Felipe Melo para Rossi, do Flamengo\",\"datePublished\":\"2025-03-14T18:30:00+00:00\",\"mainEntityOfPage\":{\"@id\":\"https:\/\/www.gaveanews.com\/index.php\/2025\/03\/14\/a-declaracao-de-felipe-melo-para-rossi-do-flamengo\/\"},\"wordCount\":374,\"commentCount\":0,\"image\":{\"@id\":\"https:\/\/www.gaveanews.com\/index.php\/2025\/03\/14\/a-declaracao-de-felipe-melo-para-rossi-do-flamengo\/#primaryimage\"},\"thumbnailUrl\":\"https:\/\/www.gaveanews.com\/wp-content\/uploads\/felipe-melo-fluminense.webp\",\"articleSection\":[\"Flamengo\"],\"inLanguage\":\"pt-BR\",\"potentialAction\":[{\"@type\":\"CommentAction\",\"name\":\"Comment\",\"target\":[\"https:\/\/www.gaveanews.com\/index.php\/2025\/03\/14\/a-declaracao-de-felipe-melo-para-rossi-do-flamengo\/#respond\"]}],\"copyrightYear\":\"2025\",\"copyrightHolder\":{\"@id\":\"https:\/\/www.gaveanews.com\/#organization\"}},{\"@type\":\"WebPage\",\"@id\":\"https:\/\/www.gaveanews.com\/index.php\/2025\/03\/14\/a-declaracao-de-felipe-melo-para-rossi-do-flamengo\/\",\"url\":\"https:\/\/www.gaveanews.com\/index.php\/2025\/03\/14\/a-declaracao-de-felipe-melo-para-rossi-do-flamengo\/\",\"name\":\"A declara\u00e7\u00e3o de Felipe Melo para Rossi, do Flamengo\",\"isPartOf\":{\"@id\":\"https:\/\/www.gaveanews.com\/#website\"},\"primaryImageOfPage\":{\"@id\":\"https:\/\/www.gaveanews.com\/index.php\/2025\/03\/14\/a-declaracao-de-felipe-melo-para-rossi-do-flamengo\/#primaryimage\"},\"image\":{\"@id\":\"https:\/\/www.gaveanews.com\/index.php\/2025\/03\/14\/a-declaracao-de-felipe-melo-para-rossi-do-flamengo\/#primaryimage\"},\"thumbnailUrl\":\"https:\/\/www.gaveanews.com\/wp-content\/uploads\/felipe-melo-fluminense.webp\",\"datePublished\":\"2025-03-14T18:30:00+00:00\",\"author\":{\"@id\":\"https:\/\/www.gaveanews.com\/#\/schema\/person\/c79759ca337c40791ae8d08e2923d403\"},\"breadcrumb\":{\"@id\":\"https:\/\/www.gaveanews.com\/index.php\/2025\/03\/14\/a-declaracao-de-felipe-melo-para-rossi-do-flamengo\/#breadcrumb\"},\"inLanguage\":\"pt-BR\",\"potentialAction\":[{\"@type\":\"ReadAction\",\"target\":[\"https:\/\/www.gaveanews.com\/index.php\/2025\/03\/14\/a-declaracao-de-felipe-melo-para-rossi-do-flamengo\/\"]}]},{\"@type\":\"ImageObject\",\"inLanguage\":\"pt-BR\",\"@id\":\"https:\/\/www.gaveanews.com\/index.php\/2025\/03\/14\/a-declaracao-de-felipe-melo-para-rossi-do-flamengo\/#primaryimage\",\"url\":\"https:\/\/www.gaveanews.com\/wp-content\/uploads\/felipe-melo-fluminense.webp\",\"contentUrl\":\"https:\/\/www.gaveanews.com\/wp-content\/uploads\/felipe-melo-fluminense.webp\",\"width\":640,\"height\":400,\"caption\":\"Felipe Melo em a\u00e7\u00e3o pelo Fluminense (Foto: Marcelo Gon\u00e7alves\/Fluminense)\"},{\"@type\":\"BreadcrumbList\",\"@id\":\"https:\/\/www.gaveanews.com\/index.php\/2025\/03\/14\/a-declaracao-de-felipe-melo-para-rossi-do-flamengo\/#breadcrumb\",\"itemListElement\":[{\"@type\":\"ListItem\",\"position\":1,\"name\":\"Home\",\"item\":\"https:\/\/www.gaveanews.com\/\"},{\"@type\":\"ListItem\",\"position\":2,\"name\":\"A declara\u00e7\u00e3o de Felipe Melo para Rossi, do Flamengo\"}]},{\"@type\":\"WebSite\",\"@id\":\"https:\/\/www.gaveanews.com\/#website\",\"url\":\"https:\/\/www.gaveanews.com\/\",\"name\":\"G\u00e1vea News\",\"description\":\"Veja todas as not\u00edcias sobre o Flamengo: Contrata\u00e7\u00f5es, categorias de base, resultados das partidas, tabela de classifica\u00e7\u00e3o, pr\u00f3ximos jogos!\",\"potentialAction\":[{\"@type\":\"SearchAction\",\"target\":{\"@type\":\"EntryPoint\",\"urlTemplate\":\"https:\/\/www.gaveanews.com\/?s={search_term_string}\"},\"query-input\":{\"@type\":\"PropertyValueSpecification\",\"valueRequired\":true,\"valueName\":\"search_term_string\"}}],\"inLanguage\":\"pt-BR\"},{\"@type\":\"Person\",\"@id\":\"https:\/\/www.gaveanews.com\/#\/schema\/person\/c79759ca337c40791ae8d08e2923d403\",\"name\":\"Brenda Cezillo\",\"image\":{\"@type\":\"ImageObject\",\"inLanguage\":\"pt-BR\",\"@id\":\"https:\/\/www.gaveanews.com\/#\/schema\/person\/image\/\",\"url\":\"https:\/\/secure.gravatar.com\/avatar\/1738d75cee7317f9c29ae61dd67620c5883d80a92e42a6fff88ae5d527af217a?s=96&d=mm&r=g\",\"contentUrl\":\"https:\/\/secure.gravatar.com\/avatar\/1738d75cee7317f9c29ae61dd67620c5883d80a92e42a6fff88ae5d527af217a?s=96&d=mm&r=g\",\"caption\":\"Brenda Cezillo\"}}]}<\/script>\n<!-- \/ Yoast SEO Premium plugin. -->","yoast_head_json":{"title":"A declara\u00e7\u00e3o de Felipe Melo para Rossi, do Flamengo","robots":{"index":"index","follow":"follow","max-snippet":"max-snippet:-1","max-image-preview":"max-image-preview:large","max-video-preview":"max-video-preview:-1"},"canonical":"https:\/\/www.gaveanews.com\/index.php\/2025\/03\/14\/a-declaracao-de-felipe-melo-para-rossi-do-flamengo\/","og_locale":"pt_BR","og_type":"article","og_title":"A declara\u00e7\u00e3o de Felipe Melo para Rossi, do Flamengo","og_description":"Durante sua presen\u00e7a no Maracan\u00e3 para acompanhar o cl\u00e1ssico entre Flamengo e Fluminense, Felipe Melo destacou a import\u00e2ncia do goleiro Rossi para o sistema defensivo rubro-negro. O ex-volante ressaltou a habilidade do arqueiro em jogar com os p\u00e9s, o que contribui significativamente para a sa\u00edda de bola da equipe. Felipe Melo observou que Rossi possui [&hellip;]","og_url":"https:\/\/www.gaveanews.com\/index.php\/2025\/03\/14\/a-declaracao-de-felipe-melo-para-rossi-do-flamengo\/","og_site_name":"G\u00e1vea News","article_publisher":"https:\/\/facebook.com\/gaveaNews\/","article_published_time":"2025-03-14T18:30:00+00:00","og_image":[{"width":640,"height":400,"url":"https:\/\/www.gaveanews.com\/wp-content\/uploads\/felipe-melo-fluminense.webp","type":"image\/webp"}],"author":"Brenda Cezillo","twitter_card":"summary_large_image","twitter_misc":{"Escrito por":"Brenda Cezillo","Est. tempo de leitura":"3 minutos"},"schema":{"@context":"https:\/\/schema.org","@graph":[{"@type":"NewsArticle","@id":"https:\/\/www.gaveanews.com\/index.php\/2025\/03\/14\/a-declaracao-de-felipe-melo-para-rossi-do-flamengo\/#article","isPartOf":{"@id":"https:\/\/www.gaveanews.com\/index.php\/2025\/03\/14\/a-declaracao-de-felipe-melo-para-rossi-do-flamengo\/"},"author":{"name":"Brenda Cezillo","@id":"https:\/\/www.gaveanews.com\/#\/schema\/person\/c79759ca337c40791ae8d08e2923d403"},"headline":"A declara\u00e7\u00e3o de Felipe Melo para Rossi, do Flamengo","datePublished":"2025-03-14T18:30:00+00:00","mainEntityOfPage":{"@id":"https:\/\/www.gaveanews.com\/index.php\/2025\/03\/14\/a-declaracao-de-felipe-melo-para-rossi-do-flamengo\/"},"wordCount":374,"commentCount":0,"image":{"@id":"https:\/\/www.gaveanews.com\/index.php\/2025\/03\/14\/a-declaracao-de-felipe-melo-para-rossi-do-flamengo\/#primaryimage"},"thumbnailUrl":"https:\/\/www.gaveanews.com\/wp-content\/uploads\/felipe-melo-fluminense.webp","articleSection":["Flamengo"],"inLanguage":"pt-BR","potentialAction":[{"@type":"CommentAction","name":"Comment","target":["https:\/\/www.gaveanews.com\/index.php\/2025\/03\/14\/a-declaracao-de-felipe-melo-para-rossi-do-flamengo\/#respond"]}],"copyrightYear":"2025","copyrightHolder":{"@id":"https:\/\/www.gaveanews.com\/#organization"}},{"@type":"WebPage","@id":"https:\/\/www.gaveanews.com\/index.php\/2025\/03\/14\/a-declaracao-de-felipe-melo-para-rossi-do-flamengo\/","url":"https:\/\/www.gaveanews.com\/index.php\/2025\/03\/14\/a-declaracao-de-felipe-melo-para-rossi-do-flamengo\/","name":"A declara\u00e7\u00e3o de Felipe Melo para Rossi, do Flamengo","isPartOf":{"@id":"https:\/\/www.gaveanews.com\/#website"},"primaryImageOfPage":{"@id":"https:\/\/www.gaveanews.com\/index.php\/2025\/03\/14\/a-declaracao-de-felipe-melo-para-rossi-do-flamengo\/#primaryimage"},"image":{"@id":"https:\/\/www.gaveanews.com\/index.php\/2025\/03\/14\/a-declaracao-de-felipe-melo-para-rossi-do-flamengo\/#primaryimage"},"thumbnailUrl":"https:\/\/www.gaveanews.com\/wp-content\/uploads\/felipe-melo-fluminense.webp","datePublished":"2025-03-14T18:30:00+00:00","author":{"@id":"https:\/\/www.gaveanews.com\/#\/schema\/person\/c79759ca337c40791ae8d08e2923d403"},"breadcrumb":{"@id":"https:\/\/www.gaveanews.com\/index.php\/2025\/03\/14\/a-declaracao-de-felipe-melo-para-rossi-do-flamengo\/#breadcrumb"},"inLanguage":"pt-BR","potentialAction":[{"@type":"ReadAction","target":["https:\/\/www.gaveanews.com\/index.php\/2025\/03\/14\/a-declaracao-de-felipe-melo-para-rossi-do-flamengo\/"]}]},{"@type":"ImageObject","inLanguage":"pt-BR","@id":"https:\/\/www.gaveanews.com\/index.php\/2025\/03\/14\/a-declaracao-de-felipe-melo-para-rossi-do-flamengo\/#primaryimage","url":"https:\/\/www.gaveanews.com\/wp-content\/uploads\/felipe-melo-fluminense.webp","contentUrl":"https:\/\/www.gaveanews.com\/wp-content\/uploads\/felipe-melo-fluminense.webp","width":640,"height":400,"caption":"Felipe Melo em a\u00e7\u00e3o pelo Fluminense (Foto: Marcelo Gon\u00e7alves\/Fluminense)"},{"@type":"BreadcrumbList","@id":"https:\/\/www.gaveanews.com\/index.php\/2025\/03\/14\/a-declaracao-de-felipe-melo-para-rossi-do-flamengo\/#breadcrumb","itemListElement":[{"@type":"ListItem","position":1,"name":"Home","item":"https:\/\/www.gaveanews.com\/"},{"@type":"ListItem","position":2,"name":"A declara\u00e7\u00e3o de Felipe Melo para Rossi, do Flamengo"}]},{"@type":"WebSite","@id":"https:\/\/www.gaveanews.com\/#website","url":"https:\/\/www.gaveanews.com\/","name":"G\u00e1vea News","description":"Veja todas as not\u00edcias sobre o Flamengo: Contrata\u00e7\u00f5es, categorias de base, resultados das partidas, tabela de classifica\u00e7\u00e3o, pr\u00f3ximos jogos!","potentialAction":[{"@type":"SearchAction","target":{"@type":"EntryPoint","urlTemplate":"https:\/\/www.gaveanews.com\/?s={search_term_string}"},"query-input":{"@type":"PropertyValueSpecification","valueRequired":true,"valueName":"search_term_string"}}],"inLanguage":"pt-BR"},{"@type":"Person","@id":"https:\/\/www.gaveanews.com\/#\/schema\/person\/c79759ca337c40791ae8d08e2923d403","name":"Brenda Cezillo","image":{"@type":"ImageObject","inLanguage":"pt-BR","@id":"https:\/\/www.gaveanews.com\/#\/schema\/person\/image\/","url":"https:\/\/secure.gravatar.com\/avatar\/1738d75cee7317f9c29ae61dd67620c5883d80a92e42a6fff88ae5d527af217a?s=96&d=mm&r=g","contentUrl":"https:\/\/secure.gravatar.com\/avatar\/1738d75cee7317f9c29ae61dd67620c5883d80a92e42a6fff88ae5d527af217a?s=96&d=mm&r=g","caption":"Brenda Cezillo"}}]}},"_links":{"self":[{"href":"https:\/\/www.gaveanews.com\/index.php\/wp-json\/wp\/v2\/posts\/240114","targetHints":{"allow":["GET"]}}],"collection":[{"href":"https:\/\/www.gaveanews.com\/index.php\/wp-json\/wp\/v2\/posts"}],"about":[{"href":"https:\/\/www.gaveanews.com\/index.php\/wp-json\/wp\/v2\/types\/post"}],"author":[{"embeddable":true,"href":"https:\/\/www.gaveanews.com\/index.php\/wp-json\/wp\/v2\/users\/33"}],"replies":[{"embeddable":true,"href":"https:\/\/www.gaveanews.com\/index.php\/wp-json\/wp\/v2\/comments?post=240114"}],"version-history":[{"count":1,"href":"https:\/\/www.gaveanews.com\/index.php\/wp-json\/wp\/v2\/posts\/240114\/revisions"}],"predecessor-version":[{"id":240122,"href":"https:\/\/www.gaveanews.com\/index.php\/wp-json\/wp\/v2\/posts\/240114\/revisions\/240122"}],"wp:featuredmedia":[{"embeddable":true,"href":"https:\/\/www.gaveanews.com\/index.php\/wp-json\/wp\/v2\/media\/105430"}],"wp:attachment":[{"href":"https:\/\/www.gaveanews.com\/index.php\/wp-json\/wp\/v2\/media?parent=240114"}],"wp:term":[{"taxonomy":"category","embeddable":true,"href":"https:\/\/www.gaveanews.com\/index.php\/wp-json\/wp\/v2\/categories?post=240114"},{"taxonomy":"post_tag","embeddable":true,"href":"https:\/\/www.gaveanews.com\/index.php\/wp-json\/wp\/v2\/tags?post=240114"}],"curies":[{"name":"wp","href":"https:\/\/api.w.org\/{rel}","templated":true}]}}