{"id":240123,"date":"2025-03-14T15:35:00","date_gmt":"2025-03-14T18:35:00","guid":{"rendered":"https:\/\/www.gaveanews.com\/?p=240123"},"modified":"2025-03-14T15:28:57","modified_gmt":"2025-03-14T18:28:57","slug":"time-do-exterior-quer-tirar-calleri-do-sao-paulo","status":"publish","type":"post","link":"https:\/\/www.gaveanews.com\/index.php\/2025\/03\/14\/time-do-exterior-quer-tirar-calleri-do-sao-paulo\/","title":{"rendered":"Time do exterior quer tirar Calleri, do S\u00e3o Paulo"},"content":{"rendered":"\n<p>O atacante Jonathan Calleri voltou a ser assunto no mercado da bola. O Boca Juniors demonstra interesse no jogador do S\u00e3o Paulo para refor\u00e7ar seu elenco na disputa do Super Mundial de Clubes. A informa\u00e7\u00e3o foi divulgada pelo portal argentino El Crack Deportivo, que aponta Calleri como um dos alvos da diretoria xeneize.<\/p>\n\n\n\n<p>Atualmente, o argentino tem contrato com o S\u00e3o Paulo at\u00e9 o final de 2026. Em diversas ocasi\u00f5es, Calleri j\u00e1 declarou que sua prioridade \u00e9 permanecer no clube e que, caso sa\u00edsse, seria apenas para retornar ao All Boys, equipe que o revelou. Entretanto, o interesse do Boca Juniors pode agitar a pr\u00f3xima janela de transfer\u00eancias.<\/p>\n\n\n\n<figure class=\"wp-block-image size-full\"><img loading=\"lazy\" decoding=\"async\" width=\"768\" height=\"513\" src=\"http:\/\/www.gaveanews.com\/wp-content\/uploads\/La-Bombonera.webp\" alt=\"\" class=\"wp-image-224879\"\/><figcaption class=\"wp-element-caption\">La Bombonera (Foto: Boca Juniors\/Divulga\u00e7\u00e3o)<\/figcaption><\/figure>\n\n\n\n<p>Na atual temporada, Calleri disputou 13 partidas pelo Tricolor e teve participa\u00e7\u00e3o direta em sete gols, com tr\u00eas bolas na rede e quatro assist\u00eancias. Ele \u00e9 um dos destaques do time e esteve presente na vit\u00f3ria sobre o Novorizontino, nas quartas de final do Campeonato Paulista, quando marcou um dos gols do triunfo s\u00e3o-paulino.<\/p>\n\n\n\n<p>O Boca Juniors considera investir no centroavante argentino, especialmente se concretizar a venda de Merentiel, ex-Palmeiras. O atacante est\u00e1 valorizado no mercado europeu e pode abrir espa\u00e7o no elenco xeneize para a chegada de um novo camisa 9. A diretoria argentina v\u00ea Calleri como um refor\u00e7o de peso para a disputa do Super Mundial de Clubes.<\/p>\n\n\n\n<p>Nas \u00faltimas janelas, o nome de Calleri j\u00e1 havia sido especulado em poss\u00edveis retornos ao futebol argentino, mas nenhuma negocia\u00e7\u00e3o avan\u00e7ou. Apesar do interesse de clubes sul-americanos, o jogador se consolidou no S\u00e3o Paulo e ganhou ainda mais prest\u00edgio ao ser nomeado capit\u00e3o da equipe nesta temporada.<\/p>\n\n\n\n<p>Mesmo sendo um dos principais jogadores do elenco tricolor, Calleri ainda divide opini\u00f5es entre os torcedores. No entanto, seus n\u00fameros mostram sua import\u00e2ncia para o time, sendo um dos atletas com maior participa\u00e7\u00e3o em gols na temporada. A diretoria do S\u00e3o Paulo n\u00e3o se pronunciou sobre uma poss\u00edvel negocia\u00e7\u00e3o, mas a movimenta\u00e7\u00e3o do Boca Juniors pode representar um novo cap\u00edtulo na trajet\u00f3ria do atacante.<\/p>\n","protected":false},"excerpt":{"rendered":"<p>O atacante Jonathan Calleri voltou a ser assunto no mercado da bola. O Boca Juniors demonstra interesse no jogador do S\u00e3o Paulo para refor\u00e7ar seu elenco na disputa do Super Mundial de Clubes. A informa\u00e7\u00e3o foi divulgada pelo portal argentino El Crack Deportivo, que aponta Calleri como um dos alvos da diretoria xeneize. Atualmente, o [&hellip;]<\/p>\n","protected":false},"author":27,"featured_media":148324,"comment_status":"open","ping_status":"closed","sticky":false,"template":"","format":"standard","meta":{"footnotes":""},"categories":[151],"tags":[],"class_list":["post-240123","post","type-post","status-publish","format-standard","has-post-thumbnail","hentry","category-sao-paulo"],"yoast_head":"<!-- This site is optimized with the Yoast SEO Premium plugin v24.2 (Yoast SEO v26.9) - https:\/\/yoast.com\/product\/yoast-seo-premium-wordpress\/ -->\n<title>Time do exterior quer tirar Calleri, do S\u00e3o Paulo<\/title>\n<meta name=\"robots\" content=\"index, follow, max-snippet:-1, max-image-preview:large, max-video-preview:-1\" \/>\n<link rel=\"canonical\" href=\"https:\/\/www.gaveanews.com\/index.php\/2025\/03\/14\/time-do-exterior-quer-tirar-calleri-do-sao-paulo\/\" \/>\n<meta property=\"og:locale\" content=\"pt_BR\" \/>\n<meta property=\"og:type\" content=\"article\" \/>\n<meta property=\"og:title\" content=\"Time do exterior quer tirar Calleri, do S\u00e3o Paulo\" \/>\n<meta property=\"og:description\" content=\"O atacante Jonathan Calleri voltou a ser assunto no mercado da bola. O Boca Juniors demonstra interesse no jogador do S\u00e3o Paulo para refor\u00e7ar seu elenco na disputa do Super Mundial de Clubes. A informa\u00e7\u00e3o foi divulgada pelo portal argentino El Crack Deportivo, que aponta Calleri como um dos alvos da diretoria xeneize. Atualmente, o [&hellip;]\" \/>\n<meta property=\"og:url\" content=\"https:\/\/www.gaveanews.com\/index.php\/2025\/03\/14\/time-do-exterior-quer-tirar-calleri-do-sao-paulo\/\" \/>\n<meta property=\"og:site_name\" content=\"G\u00e1vea News\" \/>\n<meta property=\"article:publisher\" content=\"https:\/\/facebook.com\/gaveaNews\/\" \/>\n<meta property=\"article:published_time\" content=\"2025-03-14T18:35:00+00:00\" \/>\n<meta property=\"og:image\" content=\"https:\/\/www.gaveanews.com\/wp-content\/uploads\/Jonathan-Calleri-em-acao-pelo-Sao-Paulo.webp\" \/>\n\t<meta property=\"og:image:width\" content=\"1080\" \/>\n\t<meta property=\"og:image:height\" content=\"1346\" \/>\n\t<meta property=\"og:image:type\" content=\"image\/jpeg\" \/>\n<meta name=\"author\" content=\"Matheus Felipe\" \/>\n<meta name=\"twitter:card\" content=\"summary_large_image\" \/>\n<meta name=\"twitter:label1\" content=\"Escrito por\" \/>\n\t<meta name=\"twitter:data1\" content=\"Matheus Felipe\" \/>\n\t<meta name=\"twitter:label2\" content=\"Est. tempo de leitura\" \/>\n\t<meta name=\"twitter:data2\" content=\"3 minutos\" \/>\n<script type=\"application\/ld+json\" class=\"yoast-schema-graph\">{\"@context\":\"https:\/\/schema.org\",\"@graph\":[{\"@type\":\"NewsArticle\",\"@id\":\"https:\/\/www.gaveanews.com\/index.php\/2025\/03\/14\/time-do-exterior-quer-tirar-calleri-do-sao-paulo\/#article\",\"isPartOf\":{\"@id\":\"https:\/\/www.gaveanews.com\/index.php\/2025\/03\/14\/time-do-exterior-quer-tirar-calleri-do-sao-paulo\/\"},\"author\":{\"name\":\"Matheus Felipe\",\"@id\":\"https:\/\/www.gaveanews.com\/#\/schema\/person\/8207cd4627f56151707418bfc835b2fb\"},\"headline\":\"Time do exterior quer tirar Calleri, do S\u00e3o Paulo\",\"datePublished\":\"2025-03-14T18:35:00+00:00\",\"mainEntityOfPage\":{\"@id\":\"https:\/\/www.gaveanews.com\/index.php\/2025\/03\/14\/time-do-exterior-quer-tirar-calleri-do-sao-paulo\/\"},\"wordCount\":373,\"commentCount\":0,\"image\":{\"@id\":\"https:\/\/www.gaveanews.com\/index.php\/2025\/03\/14\/time-do-exterior-quer-tirar-calleri-do-sao-paulo\/#primaryimage\"},\"thumbnailUrl\":\"https:\/\/www.gaveanews.com\/wp-content\/uploads\/Jonathan-Calleri-em-acao-pelo-Sao-Paulo.webp\",\"articleSection\":[\"S\u00e3o Paulo\"],\"inLanguage\":\"pt-BR\",\"potentialAction\":[{\"@type\":\"CommentAction\",\"name\":\"Comment\",\"target\":[\"https:\/\/www.gaveanews.com\/index.php\/2025\/03\/14\/time-do-exterior-quer-tirar-calleri-do-sao-paulo\/#respond\"]}],\"copyrightYear\":\"2025\",\"copyrightHolder\":{\"@id\":\"https:\/\/www.gaveanews.com\/#organization\"}},{\"@type\":\"WebPage\",\"@id\":\"https:\/\/www.gaveanews.com\/index.php\/2025\/03\/14\/time-do-exterior-quer-tirar-calleri-do-sao-paulo\/\",\"url\":\"https:\/\/www.gaveanews.com\/index.php\/2025\/03\/14\/time-do-exterior-quer-tirar-calleri-do-sao-paulo\/\",\"name\":\"Time do exterior quer tirar Calleri, do S\u00e3o Paulo\",\"isPartOf\":{\"@id\":\"https:\/\/www.gaveanews.com\/#website\"},\"primaryImageOfPage\":{\"@id\":\"https:\/\/www.gaveanews.com\/index.php\/2025\/03\/14\/time-do-exterior-quer-tirar-calleri-do-sao-paulo\/#primaryimage\"},\"image\":{\"@id\":\"https:\/\/www.gaveanews.com\/index.php\/2025\/03\/14\/time-do-exterior-quer-tirar-calleri-do-sao-paulo\/#primaryimage\"},\"thumbnailUrl\":\"https:\/\/www.gaveanews.com\/wp-content\/uploads\/Jonathan-Calleri-em-acao-pelo-Sao-Paulo.webp\",\"datePublished\":\"2025-03-14T18:35:00+00:00\",\"author\":{\"@id\":\"https:\/\/www.gaveanews.com\/#\/schema\/person\/8207cd4627f56151707418bfc835b2fb\"},\"breadcrumb\":{\"@id\":\"https:\/\/www.gaveanews.com\/index.php\/2025\/03\/14\/time-do-exterior-quer-tirar-calleri-do-sao-paulo\/#breadcrumb\"},\"inLanguage\":\"pt-BR\",\"potentialAction\":[{\"@type\":\"ReadAction\",\"target\":[\"https:\/\/www.gaveanews.com\/index.php\/2025\/03\/14\/time-do-exterior-quer-tirar-calleri-do-sao-paulo\/\"]}]},{\"@type\":\"ImageObject\",\"inLanguage\":\"pt-BR\",\"@id\":\"https:\/\/www.gaveanews.com\/index.php\/2025\/03\/14\/time-do-exterior-quer-tirar-calleri-do-sao-paulo\/#primaryimage\",\"url\":\"https:\/\/www.gaveanews.com\/wp-content\/uploads\/Jonathan-Calleri-em-acao-pelo-Sao-Paulo.webp\",\"contentUrl\":\"https:\/\/www.gaveanews.com\/wp-content\/uploads\/Jonathan-Calleri-em-acao-pelo-Sao-Paulo.webp\",\"width\":1080,\"height\":1346,\"caption\":\"Jonathan Calleri em a\u00e7\u00e3o pelo S\u00e3o Paulo (Foto: Reprodu\u00e7\u00e3o\/Instagram)\"},{\"@type\":\"BreadcrumbList\",\"@id\":\"https:\/\/www.gaveanews.com\/index.php\/2025\/03\/14\/time-do-exterior-quer-tirar-calleri-do-sao-paulo\/#breadcrumb\",\"itemListElement\":[{\"@type\":\"ListItem\",\"position\":1,\"name\":\"Home\",\"item\":\"https:\/\/www.gaveanews.com\/\"},{\"@type\":\"ListItem\",\"position\":2,\"name\":\"Time do exterior quer tirar Calleri, do S\u00e3o Paulo\"}]},{\"@type\":\"WebSite\",\"@id\":\"https:\/\/www.gaveanews.com\/#website\",\"url\":\"https:\/\/www.gaveanews.com\/\",\"name\":\"G\u00e1vea News\",\"description\":\"Veja todas as not\u00edcias sobre o Flamengo: Contrata\u00e7\u00f5es, categorias de base, resultados das partidas, tabela de classifica\u00e7\u00e3o, pr\u00f3ximos jogos!\",\"potentialAction\":[{\"@type\":\"SearchAction\",\"target\":{\"@type\":\"EntryPoint\",\"urlTemplate\":\"https:\/\/www.gaveanews.com\/?s={search_term_string}\"},\"query-input\":{\"@type\":\"PropertyValueSpecification\",\"valueRequired\":true,\"valueName\":\"search_term_string\"}}],\"inLanguage\":\"pt-BR\"},{\"@type\":\"Person\",\"@id\":\"https:\/\/www.gaveanews.com\/#\/schema\/person\/8207cd4627f56151707418bfc835b2fb\",\"name\":\"Matheus Felipe\",\"image\":{\"@type\":\"ImageObject\",\"inLanguage\":\"pt-BR\",\"@id\":\"https:\/\/www.gaveanews.com\/#\/schema\/person\/image\/\",\"url\":\"https:\/\/secure.gravatar.com\/avatar\/a452ffbed9130f726358b298bb3a99ce4bd3c5338411f8440e87e14d74c7c087?s=96&d=mm&r=g\",\"contentUrl\":\"https:\/\/secure.gravatar.com\/avatar\/a452ffbed9130f726358b298bb3a99ce4bd3c5338411f8440e87e14d74c7c087?s=96&d=mm&r=g\",\"caption\":\"Matheus Felipe\"}}]}<\/script>\n<!-- \/ Yoast SEO Premium plugin. -->","yoast_head_json":{"title":"Time do exterior quer tirar Calleri, do S\u00e3o Paulo","robots":{"index":"index","follow":"follow","max-snippet":"max-snippet:-1","max-image-preview":"max-image-preview:large","max-video-preview":"max-video-preview:-1"},"canonical":"https:\/\/www.gaveanews.com\/index.php\/2025\/03\/14\/time-do-exterior-quer-tirar-calleri-do-sao-paulo\/","og_locale":"pt_BR","og_type":"article","og_title":"Time do exterior quer tirar Calleri, do S\u00e3o Paulo","og_description":"O atacante Jonathan Calleri voltou a ser assunto no mercado da bola. O Boca Juniors demonstra interesse no jogador do S\u00e3o Paulo para refor\u00e7ar seu elenco na disputa do Super Mundial de Clubes. A informa\u00e7\u00e3o foi divulgada pelo portal argentino El Crack Deportivo, que aponta Calleri como um dos alvos da diretoria xeneize. Atualmente, o [&hellip;]","og_url":"https:\/\/www.gaveanews.com\/index.php\/2025\/03\/14\/time-do-exterior-quer-tirar-calleri-do-sao-paulo\/","og_site_name":"G\u00e1vea News","article_publisher":"https:\/\/facebook.com\/gaveaNews\/","article_published_time":"2025-03-14T18:35:00+00:00","og_image":[{"width":1080,"height":1346,"url":"https:\/\/www.gaveanews.com\/wp-content\/uploads\/Jonathan-Calleri-em-acao-pelo-Sao-Paulo.webp","type":"image\/jpeg"}],"author":"Matheus Felipe","twitter_card":"summary_large_image","twitter_misc":{"Escrito por":"Matheus Felipe","Est. tempo de leitura":"3 minutos"},"schema":{"@context":"https:\/\/schema.org","@graph":[{"@type":"NewsArticle","@id":"https:\/\/www.gaveanews.com\/index.php\/2025\/03\/14\/time-do-exterior-quer-tirar-calleri-do-sao-paulo\/#article","isPartOf":{"@id":"https:\/\/www.gaveanews.com\/index.php\/2025\/03\/14\/time-do-exterior-quer-tirar-calleri-do-sao-paulo\/"},"author":{"name":"Matheus Felipe","@id":"https:\/\/www.gaveanews.com\/#\/schema\/person\/8207cd4627f56151707418bfc835b2fb"},"headline":"Time do exterior quer tirar Calleri, do S\u00e3o Paulo","datePublished":"2025-03-14T18:35:00+00:00","mainEntityOfPage":{"@id":"https:\/\/www.gaveanews.com\/index.php\/2025\/03\/14\/time-do-exterior-quer-tirar-calleri-do-sao-paulo\/"},"wordCount":373,"commentCount":0,"image":{"@id":"https:\/\/www.gaveanews.com\/index.php\/2025\/03\/14\/time-do-exterior-quer-tirar-calleri-do-sao-paulo\/#primaryimage"},"thumbnailUrl":"https:\/\/www.gaveanews.com\/wp-content\/uploads\/Jonathan-Calleri-em-acao-pelo-Sao-Paulo.webp","articleSection":["S\u00e3o Paulo"],"inLanguage":"pt-BR","potentialAction":[{"@type":"CommentAction","name":"Comment","target":["https:\/\/www.gaveanews.com\/index.php\/2025\/03\/14\/time-do-exterior-quer-tirar-calleri-do-sao-paulo\/#respond"]}],"copyrightYear":"2025","copyrightHolder":{"@id":"https:\/\/www.gaveanews.com\/#organization"}},{"@type":"WebPage","@id":"https:\/\/www.gaveanews.com\/index.php\/2025\/03\/14\/time-do-exterior-quer-tirar-calleri-do-sao-paulo\/","url":"https:\/\/www.gaveanews.com\/index.php\/2025\/03\/14\/time-do-exterior-quer-tirar-calleri-do-sao-paulo\/","name":"Time do exterior quer tirar Calleri, do S\u00e3o Paulo","isPartOf":{"@id":"https:\/\/www.gaveanews.com\/#website"},"primaryImageOfPage":{"@id":"https:\/\/www.gaveanews.com\/index.php\/2025\/03\/14\/time-do-exterior-quer-tirar-calleri-do-sao-paulo\/#primaryimage"},"image":{"@id":"https:\/\/www.gaveanews.com\/index.php\/2025\/03\/14\/time-do-exterior-quer-tirar-calleri-do-sao-paulo\/#primaryimage"},"thumbnailUrl":"https:\/\/www.gaveanews.com\/wp-content\/uploads\/Jonathan-Calleri-em-acao-pelo-Sao-Paulo.webp","datePublished":"2025-03-14T18:35:00+00:00","author":{"@id":"https:\/\/www.gaveanews.com\/#\/schema\/person\/8207cd4627f56151707418bfc835b2fb"},"breadcrumb":{"@id":"https:\/\/www.gaveanews.com\/index.php\/2025\/03\/14\/time-do-exterior-quer-tirar-calleri-do-sao-paulo\/#breadcrumb"},"inLanguage":"pt-BR","potentialAction":[{"@type":"ReadAction","target":["https:\/\/www.gaveanews.com\/index.php\/2025\/03\/14\/time-do-exterior-quer-tirar-calleri-do-sao-paulo\/"]}]},{"@type":"ImageObject","inLanguage":"pt-BR","@id":"https:\/\/www.gaveanews.com\/index.php\/2025\/03\/14\/time-do-exterior-quer-tirar-calleri-do-sao-paulo\/#primaryimage","url":"https:\/\/www.gaveanews.com\/wp-content\/uploads\/Jonathan-Calleri-em-acao-pelo-Sao-Paulo.webp","contentUrl":"https:\/\/www.gaveanews.com\/wp-content\/uploads\/Jonathan-Calleri-em-acao-pelo-Sao-Paulo.webp","width":1080,"height":1346,"caption":"Jonathan Calleri em a\u00e7\u00e3o pelo S\u00e3o Paulo (Foto: Reprodu\u00e7\u00e3o\/Instagram)"},{"@type":"BreadcrumbList","@id":"https:\/\/www.gaveanews.com\/index.php\/2025\/03\/14\/time-do-exterior-quer-tirar-calleri-do-sao-paulo\/#breadcrumb","itemListElement":[{"@type":"ListItem","position":1,"name":"Home","item":"https:\/\/www.gaveanews.com\/"},{"@type":"ListItem","position":2,"name":"Time do exterior quer tirar Calleri, do S\u00e3o Paulo"}]},{"@type":"WebSite","@id":"https:\/\/www.gaveanews.com\/#website","url":"https:\/\/www.gaveanews.com\/","name":"G\u00e1vea News","description":"Veja todas as not\u00edcias sobre o Flamengo: Contrata\u00e7\u00f5es, categorias de base, resultados das partidas, tabela de classifica\u00e7\u00e3o, pr\u00f3ximos jogos!","potentialAction":[{"@type":"SearchAction","target":{"@type":"EntryPoint","urlTemplate":"https:\/\/www.gaveanews.com\/?s={search_term_string}"},"query-input":{"@type":"PropertyValueSpecification","valueRequired":true,"valueName":"search_term_string"}}],"inLanguage":"pt-BR"},{"@type":"Person","@id":"https:\/\/www.gaveanews.com\/#\/schema\/person\/8207cd4627f56151707418bfc835b2fb","name":"Matheus Felipe","image":{"@type":"ImageObject","inLanguage":"pt-BR","@id":"https:\/\/www.gaveanews.com\/#\/schema\/person\/image\/","url":"https:\/\/secure.gravatar.com\/avatar\/a452ffbed9130f726358b298bb3a99ce4bd3c5338411f8440e87e14d74c7c087?s=96&d=mm&r=g","contentUrl":"https:\/\/secure.gravatar.com\/avatar\/a452ffbed9130f726358b298bb3a99ce4bd3c5338411f8440e87e14d74c7c087?s=96&d=mm&r=g","caption":"Matheus Felipe"}}]}},"_links":{"self":[{"href":"https:\/\/www.gaveanews.com\/index.php\/wp-json\/wp\/v2\/posts\/240123","targetHints":{"allow":["GET"]}}],"collection":[{"href":"https:\/\/www.gaveanews.com\/index.php\/wp-json\/wp\/v2\/posts"}],"about":[{"href":"https:\/\/www.gaveanews.com\/index.php\/wp-json\/wp\/v2\/types\/post"}],"author":[{"embeddable":true,"href":"https:\/\/www.gaveanews.com\/index.php\/wp-json\/wp\/v2\/users\/27"}],"replies":[{"embeddable":true,"href":"https:\/\/www.gaveanews.com\/index.php\/wp-json\/wp\/v2\/comments?post=240123"}],"version-history":[{"count":1,"href":"https:\/\/www.gaveanews.com\/index.php\/wp-json\/wp\/v2\/posts\/240123\/revisions"}],"predecessor-version":[{"id":240127,"href":"https:\/\/www.gaveanews.com\/index.php\/wp-json\/wp\/v2\/posts\/240123\/revisions\/240127"}],"wp:featuredmedia":[{"embeddable":true,"href":"https:\/\/www.gaveanews.com\/index.php\/wp-json\/wp\/v2\/media\/148324"}],"wp:attachment":[{"href":"https:\/\/www.gaveanews.com\/index.php\/wp-json\/wp\/v2\/media?parent=240123"}],"wp:term":[{"taxonomy":"category","embeddable":true,"href":"https:\/\/www.gaveanews.com\/index.php\/wp-json\/wp\/v2\/categories?post=240123"},{"taxonomy":"post_tag","embeddable":true,"href":"https:\/\/www.gaveanews.com\/index.php\/wp-json\/wp\/v2\/tags?post=240123"}],"curies":[{"name":"wp","href":"https:\/\/api.w.org\/{rel}","templated":true}]}}