{"id":240156,"date":"2025-03-14T17:30:00","date_gmt":"2025-03-14T20:30:00","guid":{"rendered":"https:\/\/www.gaveanews.com\/?p=240156"},"modified":"2025-03-14T16:17:39","modified_gmt":"2025-03-14T19:17:39","slug":"recado-de-hugo-para-abel-opiniao-do-elenco-sobre-diaz-e-arbitro-polemico-escolhido-as-ultimas-noticias-do-corinthians","status":"publish","type":"post","link":"https:\/\/www.gaveanews.com\/index.php\/2025\/03\/14\/recado-de-hugo-para-abel-opiniao-do-elenco-sobre-diaz-e-arbitro-polemico-escolhido-as-ultimas-noticias-do-corinthians\/","title":{"rendered":"Recado de Hugo para Abel, opini\u00e3o do elenco sobre Diaz e \u00e1rbitro pol\u00eamico escolhido: as \u00faltimas not\u00edcias do Corinthians"},"content":{"rendered":"\n<p>Nas \u00faltimas horas, o foco das not\u00edcias sobre o Corinthians se concentram nos bastidores do clube, com destaques do dia a dia do time.<\/p>\n\n\n\n<p>Por conta deste contexto, leia abaixo um resumo preparado pela equipe do portal G\u00e1vea News para lhe manter muito bem informado!<\/p>\n\n\n\n<h2 class=\"wp-block-heading\" id=\"h-arbitro-polemico-escolhido\">\u00c1rbitro pol\u00eamico escolhido<\/h2>\n\n\n\n<p>O \u00e1rbitro Raphael Claus foi escolhido para comandar a partida de ida entre Palmeiras e Corinthians, reacendendo debates sobre suas atua\u00e7\u00f5es em jogos decisivos. Claus, um dos \u00e1rbitros mais experientes do Brasil, j\u00e1 esteve envolvido em diversas pol\u00eamicas ao longo de sua carreira, como no Paulist\u00e3o de 2020, quando sua condu\u00e7\u00e3o de lances duvidosos foi questionada, e no Brasileir\u00e3o de 2022, ao expulsar cinco jogadores em um Fla-Flu. Sua presen\u00e7a no cl\u00e1ssico paulista levanta expectativas e preocupa\u00e7\u00f5es entre torcedores e analistas esportivos <strong><a href=\"https:\/\/www.gaveanews.com\/index.php\/2025\/03\/14\/palmeiras-x-corinthians-arbitro-polemico-e-escolhido-para-apitar-jogo-de-ida\/\">(leia a mat\u00e9ria completa).<\/a><\/strong><\/p>\n\n\n\n<figure class=\"wp-block-image size-full\"><img loading=\"lazy\" decoding=\"async\" width=\"795\" height=\"448\" src=\"http:\/\/www.gaveanews.com\/wp-content\/uploads\/Raphael-Claus.webp\" alt=\"\" class=\"wp-image-140116\" srcset=\"https:\/\/www.gaveanews.com\/wp-content\/uploads\/Raphael-Claus.webp 795w, https:\/\/www.gaveanews.com\/wp-content\/uploads\/Raphael-Claus-300x169.webp 300w, https:\/\/www.gaveanews.com\/wp-content\/uploads\/Raphael-Claus-768x433.webp 768w, https:\/\/www.gaveanews.com\/wp-content\/uploads\/Raphael-Claus-745x420.webp 745w, https:\/\/www.gaveanews.com\/wp-content\/uploads\/Raphael-Claus-640x361.webp 640w, https:\/\/www.gaveanews.com\/wp-content\/uploads\/Raphael-Claus-681x384.webp 681w, https:\/\/www.gaveanews.com\/wp-content\/uploads\/Raphael-Claus-100x56.webp 100w\" sizes=\"auto, (max-width: 795px) 100vw, 795px\" \/><figcaption class=\"wp-element-caption\">Raphael Claus (Foto: Cesar Greco\/Palmeiras)<\/figcaption><\/figure>\n\n\n\n<p>Al\u00e9m do hist\u00f3rico no futebol brasileiro, Claus tamb\u00e9m gerou controv\u00e9rsias no cen\u00e1rio internacional, como na Copa do Mundo de 2022, ao n\u00e3o marcar um poss\u00edvel p\u00eanalti para a Inglaterra contra o Ir\u00e3. <\/p>\n\n\n\n<p>Em competi\u00e7\u00f5es nacionais recentes, sua arbitragem no Paulist\u00e3o de 2023 foi duramente criticada por n\u00e3o assinalar um suposto toque de m\u00e3o de F\u00e1bio Santos no duelo entre Palmeiras e Corinthians. No Brasileir\u00e3o de 2023, um jogo entre Flamengo e Botafogo teve lances pol\u00eamicos envolvendo cart\u00f5es e um gol contestado devido a uma falta ignorada no in\u00edcio da jogada.<\/p>\n\n\n\n<p>Na final do Paulist\u00e3o de 2024, Claus esteve novamente no centro das aten\u00e7\u00f5es ao marcar um p\u00eanalti para o Palmeiras ap\u00f3s revis\u00e3o do VAR, o que causou indigna\u00e7\u00e3o no Santos. Com uma trajet\u00f3ria marcada por decis\u00f5es contestadas, sua nomea\u00e7\u00e3o para o d\u00e9rbi paulista promete manter o \u00e1rbitro sob os holofotes, gerando discuss\u00f5es sobre a qualidade da arbitragem no futebol brasileiro.<\/p>\n\n\n\n<h2 class=\"wp-block-heading\" id=\"h-opiniao-do-elenco-sobre-diaz\">Opini\u00e3o do elenco sobre Diaz<\/h2>\n\n\n\n<p>A elimina\u00e7\u00e3o do Corinthians na Copa Libertadores, ap\u00f3s o empate com o Barcelona de Guayaquil, intensificou as d\u00favidas sobre a continuidade do t\u00e9cnico Ram\u00f3n D\u00edaz. No entanto, o elenco alvinegro demonstrou apoio ao treinador, com destaque para o goleiro e capit\u00e3o Hugo Souza, que afirmou em entrevista coletiva que o grupo est\u00e1 alinhado com as orienta\u00e7\u00f5es da comiss\u00e3o t\u00e9cnica. Ele destacou o comprometimento di\u00e1rio dos jogadores e refor\u00e7ou que todos t\u00eam responsabilidade pelos resultados da equipe, sem atribuir culpas individuais <strong><a href=\"https:\/\/www.gaveanews.com\/index.php\/2025\/03\/14\/o-que-o-elenco-do-corinthians-pensa-sobre-a-permanencia-de-ramon-diaz\/\">(leia a mat\u00e9ria completa).<\/a><\/strong><\/p>\n\n\n\n<figure class=\"wp-block-image size-large\"><img loading=\"lazy\" decoding=\"async\" width=\"1024\" height=\"768\" src=\"http:\/\/www.gaveanews.com\/wp-content\/uploads\/Ramon-Diaz-pelo-Corinthians-em-2024-1024x768.webp\" alt=\"\" class=\"wp-image-152536\" srcset=\"https:\/\/www.gaveanews.com\/wp-content\/uploads\/Ramon-Diaz-pelo-Corinthians-em-2024-1024x768.webp 1024w, https:\/\/www.gaveanews.com\/wp-content\/uploads\/Ramon-Diaz-pelo-Corinthians-em-2024-300x225.webp 300w, https:\/\/www.gaveanews.com\/wp-content\/uploads\/Ramon-Diaz-pelo-Corinthians-em-2024-768x576.webp 768w, https:\/\/www.gaveanews.com\/wp-content\/uploads\/Ramon-Diaz-pelo-Corinthians-em-2024-560x420.webp 560w, https:\/\/www.gaveanews.com\/wp-content\/uploads\/Ramon-Diaz-pelo-Corinthians-em-2024-1121x840.webp 1121w, https:\/\/www.gaveanews.com\/wp-content\/uploads\/Ramon-Diaz-pelo-Corinthians-em-2024-80x60.webp 80w, https:\/\/www.gaveanews.com\/wp-content\/uploads\/Ramon-Diaz-pelo-Corinthians-em-2024-160x120.webp 160w, https:\/\/www.gaveanews.com\/wp-content\/uploads\/Ramon-Diaz-pelo-Corinthians-em-2024-100x75.webp 100w, https:\/\/www.gaveanews.com\/wp-content\/uploads\/Ramon-Diaz-pelo-Corinthians-em-2024-200x150.webp 200w, https:\/\/www.gaveanews.com\/wp-content\/uploads\/Ramon-Diaz-pelo-Corinthians-em-2024-180x135.webp 180w, https:\/\/www.gaveanews.com\/wp-content\/uploads\/Ramon-Diaz-pelo-Corinthians-em-2024-360x270.webp 360w, https:\/\/www.gaveanews.com\/wp-content\/uploads\/Ramon-Diaz-pelo-Corinthians-em-2024-238x178.webp 238w, https:\/\/www.gaveanews.com\/wp-content\/uploads\/Ramon-Diaz-pelo-Corinthians-em-2024-476x356.webp 476w, https:\/\/www.gaveanews.com\/wp-content\/uploads\/Ramon-Diaz-pelo-Corinthians-em-2024-640x480.webp 640w, https:\/\/www.gaveanews.com\/wp-content\/uploads\/Ramon-Diaz-pelo-Corinthians-em-2024-1280x960.webp 1280w, https:\/\/www.gaveanews.com\/wp-content\/uploads\/Ramon-Diaz-pelo-Corinthians-em-2024-681x510.webp 681w, https:\/\/www.gaveanews.com\/wp-content\/uploads\/Ramon-Diaz-pelo-Corinthians-em-2024.webp 1346w\" sizes=\"auto, (max-width: 1024px) 100vw, 1024px\" \/><figcaption class=\"wp-element-caption\">Ram\u00f3n D\u00edaz pelo Corinthians em 2024 (Foto: Reprodu\u00e7\u00e3o\/Corinthians)<\/figcaption><\/figure>\n\n\n\n<p>Apesar da queda precoce na Libertadores, Ram\u00f3n D\u00edaz conseguiu levar o Corinthians \u00e0 final do Campeonato Paulista, onde enfrentar\u00e1 o Palmeiras. A equipe liderou sua chave na fase de grupos e busca o t\u00edtulo estadual como forma de amenizar a press\u00e3o sobre o treinador. Entretanto, algumas atua\u00e7\u00f5es irregulares, como a dificuldade para eliminar a Universidad Central na fase anterior, levantaram questionamentos sobre o desempenho do time sob seu comando.<\/p>\n\n\n\n<p>O presidente do clube, Augusto Melo, afirmou que a prioridade no momento \u00e9 a decis\u00e3o do Estadual e evitou falar sobre mudan\u00e7as na comiss\u00e3o t\u00e9cnica. Ram\u00f3n D\u00edaz, contratado no meio de 2024, tem v\u00ednculo com o Corinthians at\u00e9 2025 e j\u00e1 demonstrou capacidade ao evitar o rebaixamento no \u00faltimo Campeonato Brasileiro. Sua perman\u00eancia depender\u00e1 dos pr\u00f3ximos resultados e da avalia\u00e7\u00e3o da diretoria ap\u00f3s o t\u00e9rmino do Paulist\u00e3o.<\/p>\n\n\n\n<h2 class=\"wp-block-heading\" id=\"h-recado-de-hugo-para-abel\">Recado de Hugo para Abel<\/h2>\n\n\n\n<p>A final do Campeonato Paulista entre Palmeiras e Corinthians promete ser acirrada, com o primeiro jogo marcado para domingo (16), no Allianz Parque. O t\u00e9cnico Abel Ferreira provocou pol\u00eamica ao afirmar que o t\u00edtulo tem mais import\u00e2ncia para os rivais do que para sua equipe, que venceu as \u00faltimas tr\u00eas edi\u00e7\u00f5es do torneio. A declara\u00e7\u00e3o gerou rea\u00e7\u00f5es no lado corintiano, aumentando ainda mais a tens\u00e3o antes da decis\u00e3o <strong><a href=\"https:\/\/www.gaveanews.com\/index.php\/2025\/03\/14\/hugo-souza-do-corinthians-responde-abel-ferreira-do-palmeiras\/\">(leia a mat\u00e9ria completa).<\/a><\/strong><\/p>\n\n\n\n<figure class=\"wp-block-image size-full\"><img loading=\"lazy\" decoding=\"async\" width=\"740\" height=\"416\" src=\"http:\/\/www.gaveanews.com\/wp-content\/uploads\/image-2024-08-21T141722.256.webp\" alt=\"\" class=\"wp-image-160023\" srcset=\"https:\/\/www.gaveanews.com\/wp-content\/uploads\/image-2024-08-21T141722.256.webp 740w, https:\/\/www.gaveanews.com\/wp-content\/uploads\/image-2024-08-21T141722.256-300x169.webp 300w, https:\/\/www.gaveanews.com\/wp-content\/uploads\/image-2024-08-21T141722.256-640x360.webp 640w, https:\/\/www.gaveanews.com\/wp-content\/uploads\/image-2024-08-21T141722.256-681x383.webp 681w, https:\/\/www.gaveanews.com\/wp-content\/uploads\/image-2024-08-21T141722.256-100x56.webp 100w\" sizes=\"auto, (max-width: 740px) 100vw, 740px\" \/><figcaption class=\"wp-element-caption\">Foto: Jhony Pinho\/AGIF Hugo Souza falou sobre o Mengo<\/figcaption><\/figure>\n\n\n\n<p>O goleiro e capit\u00e3o do Corinthians, Hugo Souza, rebateu a fala de Abel, afirmando que o treinador portugu\u00eas tenta apenas aliviar a press\u00e3o sobre o Palmeiras. Segundo ele, ambos os times entrar\u00e3o em campo com o mesmo objetivo: conquistar o t\u00edtulo. Hugo refor\u00e7ou a import\u00e2ncia do cl\u00e1ssico, destacando a rivalidade hist\u00f3rica entre os clubes e a motiva\u00e7\u00e3o do elenco para recolocar o Corinthians no cen\u00e1rio de conquistas.<\/p>\n\n\n\n<p>A provoca\u00e7\u00e3o de Abel Ferreira aconteceu antes mesmo da classifica\u00e7\u00e3o do Palmeiras para a final, em meio \u00e0 disputa contra a Ponte Preta. Agora, com os dois times prontos para o confronto, a expectativa aumenta para um duelo intenso dentro e fora de campo. O Corinthians busca encerrar um jejum de t\u00edtulos, enquanto o Palmeiras tenta ampliar sua hegemonia no estado, tornando a decis\u00e3o ainda mais eletrizante.<\/p>\n","protected":false},"excerpt":{"rendered":"<p>Nas \u00faltimas horas, o foco das not\u00edcias sobre o Corinthians se concentram nos bastidores do clube, com destaques do dia a dia do time. Por conta deste contexto, leia abaixo um resumo preparado pela equipe do portal G\u00e1vea News para lhe manter muito bem informado! \u00c1rbitro pol\u00eamico escolhido O \u00e1rbitro Raphael Claus foi escolhido para [&hellip;]<\/p>\n","protected":false},"author":33,"featured_media":154473,"comment_status":"open","ping_status":"closed","sticky":false,"template":"","format":"standard","meta":{"footnotes":""},"categories":[141],"tags":[],"class_list":["post-240156","post","type-post","status-publish","format-standard","has-post-thumbnail","hentry","category-corinthians"],"yoast_head":"<!-- This site is optimized with the Yoast SEO Premium plugin v24.2 (Yoast SEO v26.9) - https:\/\/yoast.com\/product\/yoast-seo-premium-wordpress\/ -->\n<title>Recado de Hugo para Abel, opini\u00e3o do elenco sobre Diaz e \u00e1rbitro pol\u00eamico escolhido: as \u00faltimas not\u00edcias do Corinthians<\/title>\n<meta name=\"robots\" content=\"index, follow, max-snippet:-1, max-image-preview:large, max-video-preview:-1\" \/>\n<link rel=\"canonical\" href=\"https:\/\/www.gaveanews.com\/index.php\/2025\/03\/14\/recado-de-hugo-para-abel-opiniao-do-elenco-sobre-diaz-e-arbitro-polemico-escolhido-as-ultimas-noticias-do-corinthians\/\" \/>\n<meta property=\"og:locale\" content=\"pt_BR\" \/>\n<meta property=\"og:type\" content=\"article\" \/>\n<meta property=\"og:title\" content=\"Recado de Hugo para Abel, opini\u00e3o do elenco sobre Diaz e \u00e1rbitro pol\u00eamico escolhido: as \u00faltimas not\u00edcias do Corinthians\" \/>\n<meta property=\"og:description\" content=\"Nas \u00faltimas horas, o foco das not\u00edcias sobre o Corinthians se concentram nos bastidores do clube, com destaques do dia a dia do time. Por conta deste contexto, leia abaixo um resumo preparado pela equipe do portal G\u00e1vea News para lhe manter muito bem informado! \u00c1rbitro pol\u00eamico escolhido O \u00e1rbitro Raphael Claus foi escolhido para [&hellip;]\" \/>\n<meta property=\"og:url\" content=\"https:\/\/www.gaveanews.com\/index.php\/2025\/03\/14\/recado-de-hugo-para-abel-opiniao-do-elenco-sobre-diaz-e-arbitro-polemico-escolhido-as-ultimas-noticias-do-corinthians\/\" \/>\n<meta property=\"og:site_name\" content=\"G\u00e1vea News\" \/>\n<meta property=\"article:publisher\" content=\"https:\/\/facebook.com\/gaveaNews\/\" \/>\n<meta property=\"article:published_time\" content=\"2025-03-14T20:30:00+00:00\" \/>\n<meta property=\"og:image\" content=\"https:\/\/www.gaveanews.com\/wp-content\/uploads\/Escudo-do-Corinthians-na-Neo-Quimica-Arena.webp\" \/>\n\t<meta property=\"og:image:width\" content=\"1440\" \/>\n\t<meta property=\"og:image:height\" content=\"959\" \/>\n\t<meta property=\"og:image:type\" content=\"image\/jpeg\" \/>\n<meta name=\"author\" content=\"Brenda Cezillo\" \/>\n<meta name=\"twitter:card\" content=\"summary_large_image\" \/>\n<meta name=\"twitter:label1\" content=\"Escrito por\" \/>\n\t<meta name=\"twitter:data1\" content=\"Brenda Cezillo\" \/>\n\t<meta name=\"twitter:label2\" content=\"Est. tempo de leitura\" \/>\n\t<meta name=\"twitter:data2\" content=\"5 minutos\" \/>\n<script type=\"application\/ld+json\" class=\"yoast-schema-graph\">{\"@context\":\"https:\/\/schema.org\",\"@graph\":[{\"@type\":\"NewsArticle\",\"@id\":\"https:\/\/www.gaveanews.com\/index.php\/2025\/03\/14\/recado-de-hugo-para-abel-opiniao-do-elenco-sobre-diaz-e-arbitro-polemico-escolhido-as-ultimas-noticias-do-corinthians\/#article\",\"isPartOf\":{\"@id\":\"https:\/\/www.gaveanews.com\/index.php\/2025\/03\/14\/recado-de-hugo-para-abel-opiniao-do-elenco-sobre-diaz-e-arbitro-polemico-escolhido-as-ultimas-noticias-do-corinthians\/\"},\"author\":{\"name\":\"Brenda Cezillo\",\"@id\":\"https:\/\/www.gaveanews.com\/#\/schema\/person\/c79759ca337c40791ae8d08e2923d403\"},\"headline\":\"Recado de Hugo para Abel, opini\u00e3o do elenco sobre Diaz e \u00e1rbitro pol\u00eamico escolhido: as \u00faltimas not\u00edcias do Corinthians\",\"datePublished\":\"2025-03-14T20:30:00+00:00\",\"mainEntityOfPage\":{\"@id\":\"https:\/\/www.gaveanews.com\/index.php\/2025\/03\/14\/recado-de-hugo-para-abel-opiniao-do-elenco-sobre-diaz-e-arbitro-polemico-escolhido-as-ultimas-noticias-do-corinthians\/\"},\"wordCount\":856,\"commentCount\":0,\"image\":{\"@id\":\"https:\/\/www.gaveanews.com\/index.php\/2025\/03\/14\/recado-de-hugo-para-abel-opiniao-do-elenco-sobre-diaz-e-arbitro-polemico-escolhido-as-ultimas-noticias-do-corinthians\/#primaryimage\"},\"thumbnailUrl\":\"https:\/\/www.gaveanews.com\/wp-content\/uploads\/Escudo-do-Corinthians-na-Neo-Quimica-Arena.webp\",\"articleSection\":[\"Corinthians\"],\"inLanguage\":\"pt-BR\",\"potentialAction\":[{\"@type\":\"CommentAction\",\"name\":\"Comment\",\"target\":[\"https:\/\/www.gaveanews.com\/index.php\/2025\/03\/14\/recado-de-hugo-para-abel-opiniao-do-elenco-sobre-diaz-e-arbitro-polemico-escolhido-as-ultimas-noticias-do-corinthians\/#respond\"]}],\"copyrightYear\":\"2025\",\"copyrightHolder\":{\"@id\":\"https:\/\/www.gaveanews.com\/#organization\"}},{\"@type\":\"WebPage\",\"@id\":\"https:\/\/www.gaveanews.com\/index.php\/2025\/03\/14\/recado-de-hugo-para-abel-opiniao-do-elenco-sobre-diaz-e-arbitro-polemico-escolhido-as-ultimas-noticias-do-corinthians\/\",\"url\":\"https:\/\/www.gaveanews.com\/index.php\/2025\/03\/14\/recado-de-hugo-para-abel-opiniao-do-elenco-sobre-diaz-e-arbitro-polemico-escolhido-as-ultimas-noticias-do-corinthians\/\",\"name\":\"Recado de Hugo para Abel, opini\u00e3o do elenco sobre Diaz e \u00e1rbitro pol\u00eamico escolhido: as \u00faltimas not\u00edcias do Corinthians\",\"isPartOf\":{\"@id\":\"https:\/\/www.gaveanews.com\/#website\"},\"primaryImageOfPage\":{\"@id\":\"https:\/\/www.gaveanews.com\/index.php\/2025\/03\/14\/recado-de-hugo-para-abel-opiniao-do-elenco-sobre-diaz-e-arbitro-polemico-escolhido-as-ultimas-noticias-do-corinthians\/#primaryimage\"},\"image\":{\"@id\":\"https:\/\/www.gaveanews.com\/index.php\/2025\/03\/14\/recado-de-hugo-para-abel-opiniao-do-elenco-sobre-diaz-e-arbitro-polemico-escolhido-as-ultimas-noticias-do-corinthians\/#primaryimage\"},\"thumbnailUrl\":\"https:\/\/www.gaveanews.com\/wp-content\/uploads\/Escudo-do-Corinthians-na-Neo-Quimica-Arena.webp\",\"datePublished\":\"2025-03-14T20:30:00+00:00\",\"author\":{\"@id\":\"https:\/\/www.gaveanews.com\/#\/schema\/person\/c79759ca337c40791ae8d08e2923d403\"},\"breadcrumb\":{\"@id\":\"https:\/\/www.gaveanews.com\/index.php\/2025\/03\/14\/recado-de-hugo-para-abel-opiniao-do-elenco-sobre-diaz-e-arbitro-polemico-escolhido-as-ultimas-noticias-do-corinthians\/#breadcrumb\"},\"inLanguage\":\"pt-BR\",\"potentialAction\":[{\"@type\":\"ReadAction\",\"target\":[\"https:\/\/www.gaveanews.com\/index.php\/2025\/03\/14\/recado-de-hugo-para-abel-opiniao-do-elenco-sobre-diaz-e-arbitro-polemico-escolhido-as-ultimas-noticias-do-corinthians\/\"]}]},{\"@type\":\"ImageObject\",\"inLanguage\":\"pt-BR\",\"@id\":\"https:\/\/www.gaveanews.com\/index.php\/2025\/03\/14\/recado-de-hugo-para-abel-opiniao-do-elenco-sobre-diaz-e-arbitro-polemico-escolhido-as-ultimas-noticias-do-corinthians\/#primaryimage\",\"url\":\"https:\/\/www.gaveanews.com\/wp-content\/uploads\/Escudo-do-Corinthians-na-Neo-Quimica-Arena.webp\",\"contentUrl\":\"https:\/\/www.gaveanews.com\/wp-content\/uploads\/Escudo-do-Corinthians-na-Neo-Quimica-Arena.webp\",\"width\":1440,\"height\":959,\"caption\":\"Escudo do Corinthians na N\u00e9o Qu\u00edmica Arena (Foto Reprodu\u00e7\u00e3o\/Instagram)\"},{\"@type\":\"BreadcrumbList\",\"@id\":\"https:\/\/www.gaveanews.com\/index.php\/2025\/03\/14\/recado-de-hugo-para-abel-opiniao-do-elenco-sobre-diaz-e-arbitro-polemico-escolhido-as-ultimas-noticias-do-corinthians\/#breadcrumb\",\"itemListElement\":[{\"@type\":\"ListItem\",\"position\":1,\"name\":\"Home\",\"item\":\"https:\/\/www.gaveanews.com\/\"},{\"@type\":\"ListItem\",\"position\":2,\"name\":\"Recado de Hugo para Abel, opini\u00e3o do elenco sobre Diaz e \u00e1rbitro pol\u00eamico escolhido: as \u00faltimas not\u00edcias do Corinthians\"}]},{\"@type\":\"WebSite\",\"@id\":\"https:\/\/www.gaveanews.com\/#website\",\"url\":\"https:\/\/www.gaveanews.com\/\",\"name\":\"G\u00e1vea News\",\"description\":\"Veja todas as not\u00edcias sobre o Flamengo: Contrata\u00e7\u00f5es, categorias de base, resultados das partidas, tabela de classifica\u00e7\u00e3o, pr\u00f3ximos jogos!\",\"potentialAction\":[{\"@type\":\"SearchAction\",\"target\":{\"@type\":\"EntryPoint\",\"urlTemplate\":\"https:\/\/www.gaveanews.com\/?s={search_term_string}\"},\"query-input\":{\"@type\":\"PropertyValueSpecification\",\"valueRequired\":true,\"valueName\":\"search_term_string\"}}],\"inLanguage\":\"pt-BR\"},{\"@type\":\"Person\",\"@id\":\"https:\/\/www.gaveanews.com\/#\/schema\/person\/c79759ca337c40791ae8d08e2923d403\",\"name\":\"Brenda Cezillo\",\"image\":{\"@type\":\"ImageObject\",\"inLanguage\":\"pt-BR\",\"@id\":\"https:\/\/www.gaveanews.com\/#\/schema\/person\/image\/\",\"url\":\"https:\/\/secure.gravatar.com\/avatar\/1738d75cee7317f9c29ae61dd67620c5883d80a92e42a6fff88ae5d527af217a?s=96&d=mm&r=g\",\"contentUrl\":\"https:\/\/secure.gravatar.com\/avatar\/1738d75cee7317f9c29ae61dd67620c5883d80a92e42a6fff88ae5d527af217a?s=96&d=mm&r=g\",\"caption\":\"Brenda Cezillo\"}}]}<\/script>\n<!-- \/ Yoast SEO Premium plugin. -->","yoast_head_json":{"title":"Recado de Hugo para Abel, opini\u00e3o do elenco sobre Diaz e \u00e1rbitro pol\u00eamico escolhido: as \u00faltimas not\u00edcias do Corinthians","robots":{"index":"index","follow":"follow","max-snippet":"max-snippet:-1","max-image-preview":"max-image-preview:large","max-video-preview":"max-video-preview:-1"},"canonical":"https:\/\/www.gaveanews.com\/index.php\/2025\/03\/14\/recado-de-hugo-para-abel-opiniao-do-elenco-sobre-diaz-e-arbitro-polemico-escolhido-as-ultimas-noticias-do-corinthians\/","og_locale":"pt_BR","og_type":"article","og_title":"Recado de Hugo para Abel, opini\u00e3o do elenco sobre Diaz e \u00e1rbitro pol\u00eamico escolhido: as \u00faltimas not\u00edcias do Corinthians","og_description":"Nas \u00faltimas horas, o foco das not\u00edcias sobre o Corinthians se concentram nos bastidores do clube, com destaques do dia a dia do time. Por conta deste contexto, leia abaixo um resumo preparado pela equipe do portal G\u00e1vea News para lhe manter muito bem informado! \u00c1rbitro pol\u00eamico escolhido O \u00e1rbitro Raphael Claus foi escolhido para [&hellip;]","og_url":"https:\/\/www.gaveanews.com\/index.php\/2025\/03\/14\/recado-de-hugo-para-abel-opiniao-do-elenco-sobre-diaz-e-arbitro-polemico-escolhido-as-ultimas-noticias-do-corinthians\/","og_site_name":"G\u00e1vea News","article_publisher":"https:\/\/facebook.com\/gaveaNews\/","article_published_time":"2025-03-14T20:30:00+00:00","og_image":[{"width":1440,"height":959,"url":"https:\/\/www.gaveanews.com\/wp-content\/uploads\/Escudo-do-Corinthians-na-Neo-Quimica-Arena.webp","type":"image\/jpeg"}],"author":"Brenda Cezillo","twitter_card":"summary_large_image","twitter_misc":{"Escrito por":"Brenda Cezillo","Est. tempo de leitura":"5 minutos"},"schema":{"@context":"https:\/\/schema.org","@graph":[{"@type":"NewsArticle","@id":"https:\/\/www.gaveanews.com\/index.php\/2025\/03\/14\/recado-de-hugo-para-abel-opiniao-do-elenco-sobre-diaz-e-arbitro-polemico-escolhido-as-ultimas-noticias-do-corinthians\/#article","isPartOf":{"@id":"https:\/\/www.gaveanews.com\/index.php\/2025\/03\/14\/recado-de-hugo-para-abel-opiniao-do-elenco-sobre-diaz-e-arbitro-polemico-escolhido-as-ultimas-noticias-do-corinthians\/"},"author":{"name":"Brenda Cezillo","@id":"https:\/\/www.gaveanews.com\/#\/schema\/person\/c79759ca337c40791ae8d08e2923d403"},"headline":"Recado de Hugo para Abel, opini\u00e3o do elenco sobre Diaz e \u00e1rbitro pol\u00eamico escolhido: as \u00faltimas not\u00edcias do Corinthians","datePublished":"2025-03-14T20:30:00+00:00","mainEntityOfPage":{"@id":"https:\/\/www.gaveanews.com\/index.php\/2025\/03\/14\/recado-de-hugo-para-abel-opiniao-do-elenco-sobre-diaz-e-arbitro-polemico-escolhido-as-ultimas-noticias-do-corinthians\/"},"wordCount":856,"commentCount":0,"image":{"@id":"https:\/\/www.gaveanews.com\/index.php\/2025\/03\/14\/recado-de-hugo-para-abel-opiniao-do-elenco-sobre-diaz-e-arbitro-polemico-escolhido-as-ultimas-noticias-do-corinthians\/#primaryimage"},"thumbnailUrl":"https:\/\/www.gaveanews.com\/wp-content\/uploads\/Escudo-do-Corinthians-na-Neo-Quimica-Arena.webp","articleSection":["Corinthians"],"inLanguage":"pt-BR","potentialAction":[{"@type":"CommentAction","name":"Comment","target":["https:\/\/www.gaveanews.com\/index.php\/2025\/03\/14\/recado-de-hugo-para-abel-opiniao-do-elenco-sobre-diaz-e-arbitro-polemico-escolhido-as-ultimas-noticias-do-corinthians\/#respond"]}],"copyrightYear":"2025","copyrightHolder":{"@id":"https:\/\/www.gaveanews.com\/#organization"}},{"@type":"WebPage","@id":"https:\/\/www.gaveanews.com\/index.php\/2025\/03\/14\/recado-de-hugo-para-abel-opiniao-do-elenco-sobre-diaz-e-arbitro-polemico-escolhido-as-ultimas-noticias-do-corinthians\/","url":"https:\/\/www.gaveanews.com\/index.php\/2025\/03\/14\/recado-de-hugo-para-abel-opiniao-do-elenco-sobre-diaz-e-arbitro-polemico-escolhido-as-ultimas-noticias-do-corinthians\/","name":"Recado de Hugo para Abel, opini\u00e3o do elenco sobre Diaz e \u00e1rbitro pol\u00eamico escolhido: as \u00faltimas not\u00edcias do Corinthians","isPartOf":{"@id":"https:\/\/www.gaveanews.com\/#website"},"primaryImageOfPage":{"@id":"https:\/\/www.gaveanews.com\/index.php\/2025\/03\/14\/recado-de-hugo-para-abel-opiniao-do-elenco-sobre-diaz-e-arbitro-polemico-escolhido-as-ultimas-noticias-do-corinthians\/#primaryimage"},"image":{"@id":"https:\/\/www.gaveanews.com\/index.php\/2025\/03\/14\/recado-de-hugo-para-abel-opiniao-do-elenco-sobre-diaz-e-arbitro-polemico-escolhido-as-ultimas-noticias-do-corinthians\/#primaryimage"},"thumbnailUrl":"https:\/\/www.gaveanews.com\/wp-content\/uploads\/Escudo-do-Corinthians-na-Neo-Quimica-Arena.webp","datePublished":"2025-03-14T20:30:00+00:00","author":{"@id":"https:\/\/www.gaveanews.com\/#\/schema\/person\/c79759ca337c40791ae8d08e2923d403"},"breadcrumb":{"@id":"https:\/\/www.gaveanews.com\/index.php\/2025\/03\/14\/recado-de-hugo-para-abel-opiniao-do-elenco-sobre-diaz-e-arbitro-polemico-escolhido-as-ultimas-noticias-do-corinthians\/#breadcrumb"},"inLanguage":"pt-BR","potentialAction":[{"@type":"ReadAction","target":["https:\/\/www.gaveanews.com\/index.php\/2025\/03\/14\/recado-de-hugo-para-abel-opiniao-do-elenco-sobre-diaz-e-arbitro-polemico-escolhido-as-ultimas-noticias-do-corinthians\/"]}]},{"@type":"ImageObject","inLanguage":"pt-BR","@id":"https:\/\/www.gaveanews.com\/index.php\/2025\/03\/14\/recado-de-hugo-para-abel-opiniao-do-elenco-sobre-diaz-e-arbitro-polemico-escolhido-as-ultimas-noticias-do-corinthians\/#primaryimage","url":"https:\/\/www.gaveanews.com\/wp-content\/uploads\/Escudo-do-Corinthians-na-Neo-Quimica-Arena.webp","contentUrl":"https:\/\/www.gaveanews.com\/wp-content\/uploads\/Escudo-do-Corinthians-na-Neo-Quimica-Arena.webp","width":1440,"height":959,"caption":"Escudo do Corinthians na N\u00e9o Qu\u00edmica Arena (Foto Reprodu\u00e7\u00e3o\/Instagram)"},{"@type":"BreadcrumbList","@id":"https:\/\/www.gaveanews.com\/index.php\/2025\/03\/14\/recado-de-hugo-para-abel-opiniao-do-elenco-sobre-diaz-e-arbitro-polemico-escolhido-as-ultimas-noticias-do-corinthians\/#breadcrumb","itemListElement":[{"@type":"ListItem","position":1,"name":"Home","item":"https:\/\/www.gaveanews.com\/"},{"@type":"ListItem","position":2,"name":"Recado de Hugo para Abel, opini\u00e3o do elenco sobre Diaz e \u00e1rbitro pol\u00eamico escolhido: as \u00faltimas not\u00edcias do Corinthians"}]},{"@type":"WebSite","@id":"https:\/\/www.gaveanews.com\/#website","url":"https:\/\/www.gaveanews.com\/","name":"G\u00e1vea News","description":"Veja todas as not\u00edcias sobre o Flamengo: Contrata\u00e7\u00f5es, categorias de base, resultados das partidas, tabela de classifica\u00e7\u00e3o, pr\u00f3ximos jogos!","potentialAction":[{"@type":"SearchAction","target":{"@type":"EntryPoint","urlTemplate":"https:\/\/www.gaveanews.com\/?s={search_term_string}"},"query-input":{"@type":"PropertyValueSpecification","valueRequired":true,"valueName":"search_term_string"}}],"inLanguage":"pt-BR"},{"@type":"Person","@id":"https:\/\/www.gaveanews.com\/#\/schema\/person\/c79759ca337c40791ae8d08e2923d403","name":"Brenda Cezillo","image":{"@type":"ImageObject","inLanguage":"pt-BR","@id":"https:\/\/www.gaveanews.com\/#\/schema\/person\/image\/","url":"https:\/\/secure.gravatar.com\/avatar\/1738d75cee7317f9c29ae61dd67620c5883d80a92e42a6fff88ae5d527af217a?s=96&d=mm&r=g","contentUrl":"https:\/\/secure.gravatar.com\/avatar\/1738d75cee7317f9c29ae61dd67620c5883d80a92e42a6fff88ae5d527af217a?s=96&d=mm&r=g","caption":"Brenda Cezillo"}}]}},"_links":{"self":[{"href":"https:\/\/www.gaveanews.com\/index.php\/wp-json\/wp\/v2\/posts\/240156","targetHints":{"allow":["GET"]}}],"collection":[{"href":"https:\/\/www.gaveanews.com\/index.php\/wp-json\/wp\/v2\/posts"}],"about":[{"href":"https:\/\/www.gaveanews.com\/index.php\/wp-json\/wp\/v2\/types\/post"}],"author":[{"embeddable":true,"href":"https:\/\/www.gaveanews.com\/index.php\/wp-json\/wp\/v2\/users\/33"}],"replies":[{"embeddable":true,"href":"https:\/\/www.gaveanews.com\/index.php\/wp-json\/wp\/v2\/comments?post=240156"}],"version-history":[{"count":1,"href":"https:\/\/www.gaveanews.com\/index.php\/wp-json\/wp\/v2\/posts\/240156\/revisions"}],"predecessor-version":[{"id":240175,"href":"https:\/\/www.gaveanews.com\/index.php\/wp-json\/wp\/v2\/posts\/240156\/revisions\/240175"}],"wp:featuredmedia":[{"embeddable":true,"href":"https:\/\/www.gaveanews.com\/index.php\/wp-json\/wp\/v2\/media\/154473"}],"wp:attachment":[{"href":"https:\/\/www.gaveanews.com\/index.php\/wp-json\/wp\/v2\/media?parent=240156"}],"wp:term":[{"taxonomy":"category","embeddable":true,"href":"https:\/\/www.gaveanews.com\/index.php\/wp-json\/wp\/v2\/categories?post=240156"},{"taxonomy":"post_tag","embeddable":true,"href":"https:\/\/www.gaveanews.com\/index.php\/wp-json\/wp\/v2\/tags?post=240156"}],"curies":[{"name":"wp","href":"https:\/\/api.w.org\/{rel}","templated":true}]}}