{"id":240177,"date":"2025-03-14T17:40:00","date_gmt":"2025-03-14T20:40:00","guid":{"rendered":"https:\/\/www.gaveanews.com\/?p=240177"},"modified":"2025-03-14T17:13:35","modified_gmt":"2025-03-14T20:13:35","slug":"reforco-para-a-final-nota-oficial-sobre-ganso-e-recado-de-ana-thais-as-ultimas-noticias-do-fluminense","status":"publish","type":"post","link":"https:\/\/www.gaveanews.com\/index.php\/2025\/03\/14\/reforco-para-a-final-nota-oficial-sobre-ganso-e-recado-de-ana-thais-as-ultimas-noticias-do-fluminense\/","title":{"rendered":"Refor\u00e7o para a final, nota oficial sobre Ganso e recado de Ana Tha\u00eds: as \u00faltimas not\u00edcias do Fluminense"},"content":{"rendered":"\n<p>Nas \u00faltimas horas, o foco das not\u00edcias sobre o Fluminense se concentram nos bastidores do clube, com destaques do dia a dia do time.<\/p>\n\n\n\n<p>Por conta deste contexto, leia abaixo um resumo preparado pela equipe do portal G\u00e1vea News para lhe manter muito bem informado!<\/p>\n\n\n\n<div class=\"wp-block-group\"><div class=\"wp-block-group__inner-container is-layout-constrained wp-block-group-is-layout-constrained\">\n<h2 class=\"wp-block-heading\" id=\"h-recado-de-ana-thais\">Recado de Ana Tha\u00eds<\/h2>\n\n\n\n<p>Ap\u00f3s a vit\u00f3ria do Flamengo sobre o Fluminense por 2 a 1 no primeiro jogo da final do Campeonato Carioca, a comentarista Ana Tha\u00eds Matos fez um alerta para a equipe de Filipe Lu\u00eds. Segundo ela, apesar da vantagem rubro-negra, o Fluminense ainda tem boas chances de conquistar o t\u00edtulo caso corrija seus erros e explore as fragilidades do advers\u00e1rio. A jornalista destacou que o gol marcado por Keno manteve o Tricolor vivo na disputa e pode ser um fator decisivo para o confronto de volta <strong><a href=\"https:\/\/www.gaveanews.com\/index.php\/2025\/03\/14\/ana-thais-matos-faz-alerta-para-filipe-luis-do-flamengo\/\">(leia a mat\u00e9ria completa).<\/a><\/strong><\/p>\n\n\n\n<figure class=\"wp-block-image size-large\"><img loading=\"lazy\" decoding=\"async\" width=\"1024\" height=\"576\" src=\"http:\/\/www.gaveanews.com\/wp-content\/uploads\/Ana-Thais-Matos-jornalista-do-Sportv-1024x576.webp\" alt=\"\" class=\"wp-image-55460\" srcset=\"https:\/\/www.gaveanews.com\/wp-content\/uploads\/Ana-Thais-Matos-jornalista-do-Sportv-1024x576.webp 1024w, https:\/\/www.gaveanews.com\/wp-content\/uploads\/Ana-Thais-Matos-jornalista-do-Sportv-300x169.webp 300w, https:\/\/www.gaveanews.com\/wp-content\/uploads\/Ana-Thais-Matos-jornalista-do-Sportv-768x432.webp 768w, https:\/\/www.gaveanews.com\/wp-content\/uploads\/Ana-Thais-Matos-jornalista-do-Sportv-746x420.webp 746w, https:\/\/www.gaveanews.com\/wp-content\/uploads\/Ana-Thais-Matos-jornalista-do-Sportv-640x360.webp 640w, https:\/\/www.gaveanews.com\/wp-content\/uploads\/Ana-Thais-Matos-jornalista-do-Sportv-1280x721.webp 1280w, https:\/\/www.gaveanews.com\/wp-content\/uploads\/Ana-Thais-Matos-jornalista-do-Sportv-681x383.webp 681w, https:\/\/www.gaveanews.com\/wp-content\/uploads\/Ana-Thais-Matos-jornalista-do-Sportv-1362x767.webp 1362w, https:\/\/www.gaveanews.com\/wp-content\/uploads\/Ana-Thais-Matos-jornalista-do-Sportv-100x56.webp 100w, https:\/\/www.gaveanews.com\/wp-content\/uploads\/Ana-Thais-Matos-jornalista-do-Sportv.webp 1366w\" sizes=\"auto, (max-width: 1024px) 100vw, 1024px\" \/><figcaption class=\"wp-element-caption\">Ana Thais Mattos, jornalista do Sportv (Foto: Reprodu\u00e7\u00e3o)<\/figcaption><\/figure>\n\n\n\n<p>Ana Tha\u00eds ressaltou que, embora o Flamengo tenha dominado boa parte do jogo, o Fluminense demonstrou esfor\u00e7o e conseguiu equilibrar a partida nos momentos finais. <\/p>\n\n\n\n<p>Para ela, o time comandado por Mano Menezes precisa reconhecer suas limita\u00e7\u00f5es e atuar com mais precis\u00e3o para evitar erros que possam comprometer suas chances. Al\u00e9m disso, a comentarista apontou que a humildade em admitir essas falhas pode ser um diferencial para superar um advers\u00e1rio considerado favorito.<\/p>\n\n\n\n<p>O Flamengo, por sua vez, poderia ter garantido um resultado ainda mais favor\u00e1vel, mas permitiu que o rival reagisse. Segundo Ana Tha\u00eds, o Fluminense conquistou um placar positivo considerando o contexto do jogo, mostrando determina\u00e7\u00e3o e comprometimento. Agora, a decis\u00e3o no pr\u00f3ximo fim de semana promete ser equilibrada, com o Tricolor tentando surpreender e o Rubro-Negro buscando confirmar o favoritismo.<\/p>\n\n\n\n<h2 class=\"wp-block-heading\" id=\"h-nota-oficial-sobre-ganso\">Nota oficial sobre Ganso<\/h2>\n\n\n\n<p>O Fluminense enfrenta desafios importantes para a grande decis\u00e3o do Campeonato Carioca contra o Flamengo, especialmente devido a desfalques no elenco. Paulo Henrique Ganso, que havia retornado aos treinos recentemente, precisou passar por um procedimento cir\u00fargico e ficar\u00e1 fora da final. Al\u00e9m dele, Renato Augusto continua afastado por uma les\u00e3o no ombro, sem previs\u00e3o de retorno. A equipe tricolor, que perdeu o primeiro jogo por 2 a 1, precisar\u00e1 buscar alternativas para suprir essas aus\u00eancias e reverter o resultado na partida decisiva <strong><a href=\"https:\/\/www.gaveanews.com\/index.php\/2025\/03\/14\/paulo-henrique-ganso-renato-augusto-lima-e-gabriel-fuentes-boletim-medico-do-fluminense\/\">(leia a mat\u00e9ria completa).<\/a><\/strong><\/p>\n\n\n\n<figure class=\"wp-block-image size-large\"><img loading=\"lazy\" decoding=\"async\" width=\"1024\" height=\"801\" src=\"http:\/\/www.gaveanews.com\/wp-content\/uploads\/Paulo-Henrique-Ganso-durante-jogo-do-Fluminense-1024x801.webp\" alt=\"Paulo Henrique Ganso durante jogo do Fluminense (Foto: Reprodu\u00e7\u00e3o\/Fluminense)\" class=\"wp-image-150553\" srcset=\"https:\/\/www.gaveanews.com\/wp-content\/uploads\/Paulo-Henrique-Ganso-durante-jogo-do-Fluminense-1024x801.webp 1024w, https:\/\/www.gaveanews.com\/wp-content\/uploads\/Paulo-Henrique-Ganso-durante-jogo-do-Fluminense-300x235.webp 300w, https:\/\/www.gaveanews.com\/wp-content\/uploads\/Paulo-Henrique-Ganso-durante-jogo-do-Fluminense-768x601.webp 768w, https:\/\/www.gaveanews.com\/wp-content\/uploads\/Paulo-Henrique-Ganso-durante-jogo-do-Fluminense-1536x1202.webp 1536w, https:\/\/www.gaveanews.com\/wp-content\/uploads\/Paulo-Henrique-Ganso-durante-jogo-do-Fluminense-537x420.webp 537w, https:\/\/www.gaveanews.com\/wp-content\/uploads\/Paulo-Henrique-Ganso-durante-jogo-do-Fluminense-1073x840.webp 1073w, https:\/\/www.gaveanews.com\/wp-content\/uploads\/Paulo-Henrique-Ganso-durante-jogo-do-Fluminense-640x501.webp 640w, https:\/\/www.gaveanews.com\/wp-content\/uploads\/Paulo-Henrique-Ganso-durante-jogo-do-Fluminense-1280x1002.webp 1280w, https:\/\/www.gaveanews.com\/wp-content\/uploads\/Paulo-Henrique-Ganso-durante-jogo-do-Fluminense-681x533.webp 681w, https:\/\/www.gaveanews.com\/wp-content\/uploads\/Paulo-Henrique-Ganso-durante-jogo-do-Fluminense-1362x1066.webp 1362w, https:\/\/www.gaveanews.com\/wp-content\/uploads\/Paulo-Henrique-Ganso-durante-jogo-do-Fluminense-511x400.webp 511w, https:\/\/www.gaveanews.com\/wp-content\/uploads\/Paulo-Henrique-Ganso-durante-jogo-do-Fluminense-1022x800.webp 1022w, https:\/\/www.gaveanews.com\/wp-content\/uploads\/Paulo-Henrique-Ganso-durante-jogo-do-Fluminense-100x78.webp 100w, https:\/\/www.gaveanews.com\/wp-content\/uploads\/Paulo-Henrique-Ganso-durante-jogo-do-Fluminense.webp 1600w\" sizes=\"auto, (max-width: 1024px) 100vw, 1024px\" \/><figcaption class=\"wp-element-caption\">Paulo Henrique Ganso durante jogo do Fluminense (Foto: Reprodu\u00e7\u00e3o\/Fluminense)<\/figcaption><\/figure>\n\n\n\n<p>Outra preocupa\u00e7\u00e3o para o t\u00e9cnico Mano Menezes \u00e9 a situa\u00e7\u00e3o de Lima, que sofreu dores na panturrilha e ainda n\u00e3o tem presen\u00e7a garantida no confronto. Na defesa, o lateral-esquerdo Gabriel Fuentes tamb\u00e9m \u00e9 d\u00favida ap\u00f3s sentir dores na coxa, o que pode abrir espa\u00e7o para seu substituto imediato, Ren\u00ea. Com essas incertezas, o Fluminense trabalha contra o tempo para tentar recuperar ao menos parte de seus jogadores e fortalecer o time para o cl\u00e1ssico decisivo.<\/p>\n\n\n\n<p>Diante desse cen\u00e1rio, a torcida tricolor espera por surpresas na escala\u00e7\u00e3o, e um dos nomes cogitados para ganhar espa\u00e7o \u00e9 o jovem Riquelme Felipe, destaque da base. No entanto, Mano Menezes deve manter a base titular, deixando o jogador como uma op\u00e7\u00e3o estrat\u00e9gica no banco. A final do Carioca ser\u00e1 um grande teste para o Fluminense, que, mesmo com baixas significativas, buscar\u00e1 superar as dificuldades e conquistar o t\u00edtulo estadual.<\/p>\n\n\n\n<h2 class=\"wp-block-heading\" id=\"h-reforco-para-a-final\">Refor\u00e7o para a final<\/h2>\n\n\n\n<p>A grande final do Campeonato Carioca entre Flamengo e Fluminense acontece neste domingo (16), no Maracan\u00e3, prometendo fortes emo\u00e7\u00f5es. O Rubro-Negro entra em campo com a vantagem ap\u00f3s vencer o primeiro jogo por 2 a 1, podendo empatar para garantir o t\u00edtulo. J\u00e1 o Tricolor, comandado por Mano Menezes, precisa reverter o placar e contar\u00e1 com um refor\u00e7o importante: o meio-campista Lima, que retorna ap\u00f3s se recuperar de dores na panturrilha e estar\u00e1 \u00e0 disposi\u00e7\u00e3o para a decis\u00e3o <strong><a href=\"https:\/\/www.gaveanews.com\/index.php\/2025\/03\/14\/flamengo-x-fluminense-mano-menezes-ganha-reforco-para-final\/\">(leia a mat\u00e9ria completa).<\/a><\/strong><\/p>\n\n\n\n<figure class=\"wp-block-image size-full\"><img loading=\"lazy\" decoding=\"async\" width=\"799\" height=\"533\" src=\"http:\/\/www.gaveanews.com\/wp-content\/uploads\/Mano-Menezes-durante-Fluminense-x-Palmeiras-em-2024.webp\" alt=\"\" class=\"wp-image-154433\" srcset=\"https:\/\/www.gaveanews.com\/wp-content\/uploads\/Mano-Menezes-durante-Fluminense-x-Palmeiras-em-2024.webp 799w, https:\/\/www.gaveanews.com\/wp-content\/uploads\/Mano-Menezes-durante-Fluminense-x-Palmeiras-em-2024-300x200.webp 300w, https:\/\/www.gaveanews.com\/wp-content\/uploads\/Mano-Menezes-durante-Fluminense-x-Palmeiras-em-2024-768x512.webp 768w, https:\/\/www.gaveanews.com\/wp-content\/uploads\/Mano-Menezes-durante-Fluminense-x-Palmeiras-em-2024-630x420.webp 630w, https:\/\/www.gaveanews.com\/wp-content\/uploads\/Mano-Menezes-durante-Fluminense-x-Palmeiras-em-2024-640x427.webp 640w, https:\/\/www.gaveanews.com\/wp-content\/uploads\/Mano-Menezes-durante-Fluminense-x-Palmeiras-em-2024-681x454.webp 681w, https:\/\/www.gaveanews.com\/wp-content\/uploads\/Mano-Menezes-durante-Fluminense-x-Palmeiras-em-2024-100x67.webp 100w\" sizes=\"auto, (max-width: 799px) 100vw, 799px\" \/><figcaption class=\"wp-element-caption\">Mano Menezes durante Fluminense x Palmeiras em 2024 (Foto: Lucas Mer\u00e7on \/ Fluminense F.C)<\/figcaption><\/figure>\n\n\n\n<p>Apesar do retorno de Lima, o Fluminense ter\u00e1 um desfalque significativo na defesa. O zagueiro Juan Freytes, expulso ao final da primeira partida ap\u00f3s um desentendimento com Luiz Ara\u00fajo, est\u00e1 fora do confronto decisivo. Com isso, Mano Menezes precisar\u00e1 ajustar a equipe para lidar com a aus\u00eancia e refor\u00e7ar o sistema defensivo diante do Flamengo, que pode atuar de forma mais estrat\u00e9gica, controlando o jogo para segurar a vantagem conquistada.<\/p>\n\n\n\n<p>Caso o Fluminense ven\u00e7a por um gol de diferen\u00e7a, a decis\u00e3o ser\u00e1 levada para os p\u00eanaltis, aumentando ainda mais a tens\u00e3o no Maracan\u00e3. A expectativa \u00e9 de est\u00e1dio lotado, com as torcidas empolgadas para mais um cap\u00edtulo da intensa rivalidade entre os clubes cariocas. Al\u00e9m da ta\u00e7a, a partida vale a supremacia no estado e pode definir o embalo das equipes para o restante da temporada.<\/p>\n<\/div><\/div>\n","protected":false},"excerpt":{"rendered":"<p>Nas \u00faltimas horas, o foco das not\u00edcias sobre o Fluminense se concentram nos bastidores do clube, com destaques do dia a dia do time. Por conta deste contexto, leia abaixo um resumo preparado pela equipe do portal G\u00e1vea News para lhe manter muito bem informado! Recado de Ana Tha\u00eds Ap\u00f3s a vit\u00f3ria do Flamengo sobre [&hellip;]<\/p>\n","protected":false},"author":33,"featured_media":144992,"comment_status":"open","ping_status":"closed","sticky":false,"template":"","format":"standard","meta":{"footnotes":""},"categories":[145],"tags":[],"class_list":["post-240177","post","type-post","status-publish","format-standard","has-post-thumbnail","hentry","category-fluminense"],"yoast_head":"<!-- This site is optimized with the Yoast SEO Premium plugin v24.2 (Yoast SEO v26.9) - https:\/\/yoast.com\/product\/yoast-seo-premium-wordpress\/ -->\n<title>Refor\u00e7o para a final, nota oficial sobre Ganso e recado de Ana Tha\u00eds: as \u00faltimas not\u00edcias do Fluminense<\/title>\n<meta name=\"robots\" content=\"index, follow, max-snippet:-1, max-image-preview:large, max-video-preview:-1\" \/>\n<link rel=\"canonical\" href=\"https:\/\/www.gaveanews.com\/index.php\/2025\/03\/14\/reforco-para-a-final-nota-oficial-sobre-ganso-e-recado-de-ana-thais-as-ultimas-noticias-do-fluminense\/\" \/>\n<meta property=\"og:locale\" content=\"pt_BR\" \/>\n<meta property=\"og:type\" content=\"article\" \/>\n<meta property=\"og:title\" content=\"Refor\u00e7o para a final, nota oficial sobre Ganso e recado de Ana Tha\u00eds: as \u00faltimas not\u00edcias do Fluminense\" \/>\n<meta property=\"og:description\" content=\"Nas \u00faltimas horas, o foco das not\u00edcias sobre o Fluminense se concentram nos bastidores do clube, com destaques do dia a dia do time. Por conta deste contexto, leia abaixo um resumo preparado pela equipe do portal G\u00e1vea News para lhe manter muito bem informado! Recado de Ana Tha\u00eds Ap\u00f3s a vit\u00f3ria do Flamengo sobre [&hellip;]\" \/>\n<meta property=\"og:url\" content=\"https:\/\/www.gaveanews.com\/index.php\/2025\/03\/14\/reforco-para-a-final-nota-oficial-sobre-ganso-e-recado-de-ana-thais-as-ultimas-noticias-do-fluminense\/\" \/>\n<meta property=\"og:site_name\" content=\"G\u00e1vea News\" \/>\n<meta property=\"article:publisher\" content=\"https:\/\/facebook.com\/gaveaNews\/\" \/>\n<meta property=\"article:published_time\" content=\"2025-03-14T20:40:00+00:00\" \/>\n<meta property=\"og:image\" content=\"https:\/\/www.gaveanews.com\/wp-content\/uploads\/Escudo-do-Fluminense.webp\" \/>\n\t<meta property=\"og:image:width\" content=\"1000\" \/>\n\t<meta property=\"og:image:height\" content=\"667\" \/>\n\t<meta property=\"og:image:type\" content=\"image\/webp\" \/>\n<meta name=\"author\" content=\"Brenda Cezillo\" \/>\n<meta name=\"twitter:card\" content=\"summary_large_image\" \/>\n<meta name=\"twitter:label1\" content=\"Escrito por\" \/>\n\t<meta name=\"twitter:data1\" content=\"Brenda Cezillo\" \/>\n\t<meta name=\"twitter:label2\" content=\"Est. tempo de leitura\" \/>\n\t<meta name=\"twitter:data2\" content=\"5 minutos\" \/>\n<script type=\"application\/ld+json\" class=\"yoast-schema-graph\">{\"@context\":\"https:\/\/schema.org\",\"@graph\":[{\"@type\":\"NewsArticle\",\"@id\":\"https:\/\/www.gaveanews.com\/index.php\/2025\/03\/14\/reforco-para-a-final-nota-oficial-sobre-ganso-e-recado-de-ana-thais-as-ultimas-noticias-do-fluminense\/#article\",\"isPartOf\":{\"@id\":\"https:\/\/www.gaveanews.com\/index.php\/2025\/03\/14\/reforco-para-a-final-nota-oficial-sobre-ganso-e-recado-de-ana-thais-as-ultimas-noticias-do-fluminense\/\"},\"author\":{\"name\":\"Brenda Cezillo\",\"@id\":\"https:\/\/www.gaveanews.com\/#\/schema\/person\/c79759ca337c40791ae8d08e2923d403\"},\"headline\":\"Refor\u00e7o para a final, nota oficial sobre Ganso e recado de Ana Tha\u00eds: as \u00faltimas not\u00edcias do Fluminense\",\"datePublished\":\"2025-03-14T20:40:00+00:00\",\"mainEntityOfPage\":{\"@id\":\"https:\/\/www.gaveanews.com\/index.php\/2025\/03\/14\/reforco-para-a-final-nota-oficial-sobre-ganso-e-recado-de-ana-thais-as-ultimas-noticias-do-fluminense\/\"},\"wordCount\":838,\"commentCount\":0,\"image\":{\"@id\":\"https:\/\/www.gaveanews.com\/index.php\/2025\/03\/14\/reforco-para-a-final-nota-oficial-sobre-ganso-e-recado-de-ana-thais-as-ultimas-noticias-do-fluminense\/#primaryimage\"},\"thumbnailUrl\":\"https:\/\/www.gaveanews.com\/wp-content\/uploads\/Escudo-do-Fluminense.webp\",\"articleSection\":[\"Fluminense\"],\"inLanguage\":\"pt-BR\",\"potentialAction\":[{\"@type\":\"CommentAction\",\"name\":\"Comment\",\"target\":[\"https:\/\/www.gaveanews.com\/index.php\/2025\/03\/14\/reforco-para-a-final-nota-oficial-sobre-ganso-e-recado-de-ana-thais-as-ultimas-noticias-do-fluminense\/#respond\"]}],\"copyrightYear\":\"2025\",\"copyrightHolder\":{\"@id\":\"https:\/\/www.gaveanews.com\/#organization\"}},{\"@type\":\"WebPage\",\"@id\":\"https:\/\/www.gaveanews.com\/index.php\/2025\/03\/14\/reforco-para-a-final-nota-oficial-sobre-ganso-e-recado-de-ana-thais-as-ultimas-noticias-do-fluminense\/\",\"url\":\"https:\/\/www.gaveanews.com\/index.php\/2025\/03\/14\/reforco-para-a-final-nota-oficial-sobre-ganso-e-recado-de-ana-thais-as-ultimas-noticias-do-fluminense\/\",\"name\":\"Refor\u00e7o para a final, nota oficial sobre Ganso e recado de Ana Tha\u00eds: as \u00faltimas not\u00edcias do Fluminense\",\"isPartOf\":{\"@id\":\"https:\/\/www.gaveanews.com\/#website\"},\"primaryImageOfPage\":{\"@id\":\"https:\/\/www.gaveanews.com\/index.php\/2025\/03\/14\/reforco-para-a-final-nota-oficial-sobre-ganso-e-recado-de-ana-thais-as-ultimas-noticias-do-fluminense\/#primaryimage\"},\"image\":{\"@id\":\"https:\/\/www.gaveanews.com\/index.php\/2025\/03\/14\/reforco-para-a-final-nota-oficial-sobre-ganso-e-recado-de-ana-thais-as-ultimas-noticias-do-fluminense\/#primaryimage\"},\"thumbnailUrl\":\"https:\/\/www.gaveanews.com\/wp-content\/uploads\/Escudo-do-Fluminense.webp\",\"datePublished\":\"2025-03-14T20:40:00+00:00\",\"author\":{\"@id\":\"https:\/\/www.gaveanews.com\/#\/schema\/person\/c79759ca337c40791ae8d08e2923d403\"},\"breadcrumb\":{\"@id\":\"https:\/\/www.gaveanews.com\/index.php\/2025\/03\/14\/reforco-para-a-final-nota-oficial-sobre-ganso-e-recado-de-ana-thais-as-ultimas-noticias-do-fluminense\/#breadcrumb\"},\"inLanguage\":\"pt-BR\",\"potentialAction\":[{\"@type\":\"ReadAction\",\"target\":[\"https:\/\/www.gaveanews.com\/index.php\/2025\/03\/14\/reforco-para-a-final-nota-oficial-sobre-ganso-e-recado-de-ana-thais-as-ultimas-noticias-do-fluminense\/\"]}]},{\"@type\":\"ImageObject\",\"inLanguage\":\"pt-BR\",\"@id\":\"https:\/\/www.gaveanews.com\/index.php\/2025\/03\/14\/reforco-para-a-final-nota-oficial-sobre-ganso-e-recado-de-ana-thais-as-ultimas-noticias-do-fluminense\/#primaryimage\",\"url\":\"https:\/\/www.gaveanews.com\/wp-content\/uploads\/Escudo-do-Fluminense.webp\",\"contentUrl\":\"https:\/\/www.gaveanews.com\/wp-content\/uploads\/Escudo-do-Fluminense.webp\",\"width\":1000,\"height\":667,\"caption\":\"Escudo do Fluminense (Foto Reprodu\u00e7\u00e3o\/Instagram)\"},{\"@type\":\"BreadcrumbList\",\"@id\":\"https:\/\/www.gaveanews.com\/index.php\/2025\/03\/14\/reforco-para-a-final-nota-oficial-sobre-ganso-e-recado-de-ana-thais-as-ultimas-noticias-do-fluminense\/#breadcrumb\",\"itemListElement\":[{\"@type\":\"ListItem\",\"position\":1,\"name\":\"Home\",\"item\":\"https:\/\/www.gaveanews.com\/\"},{\"@type\":\"ListItem\",\"position\":2,\"name\":\"Refor\u00e7o para a final, nota oficial sobre Ganso e recado de Ana Tha\u00eds: as \u00faltimas not\u00edcias do Fluminense\"}]},{\"@type\":\"WebSite\",\"@id\":\"https:\/\/www.gaveanews.com\/#website\",\"url\":\"https:\/\/www.gaveanews.com\/\",\"name\":\"G\u00e1vea News\",\"description\":\"Veja todas as not\u00edcias sobre o Flamengo: Contrata\u00e7\u00f5es, categorias de base, resultados das partidas, tabela de classifica\u00e7\u00e3o, pr\u00f3ximos jogos!\",\"potentialAction\":[{\"@type\":\"SearchAction\",\"target\":{\"@type\":\"EntryPoint\",\"urlTemplate\":\"https:\/\/www.gaveanews.com\/?s={search_term_string}\"},\"query-input\":{\"@type\":\"PropertyValueSpecification\",\"valueRequired\":true,\"valueName\":\"search_term_string\"}}],\"inLanguage\":\"pt-BR\"},{\"@type\":\"Person\",\"@id\":\"https:\/\/www.gaveanews.com\/#\/schema\/person\/c79759ca337c40791ae8d08e2923d403\",\"name\":\"Brenda Cezillo\",\"image\":{\"@type\":\"ImageObject\",\"inLanguage\":\"pt-BR\",\"@id\":\"https:\/\/www.gaveanews.com\/#\/schema\/person\/image\/\",\"url\":\"https:\/\/secure.gravatar.com\/avatar\/1738d75cee7317f9c29ae61dd67620c5883d80a92e42a6fff88ae5d527af217a?s=96&d=mm&r=g\",\"contentUrl\":\"https:\/\/secure.gravatar.com\/avatar\/1738d75cee7317f9c29ae61dd67620c5883d80a92e42a6fff88ae5d527af217a?s=96&d=mm&r=g\",\"caption\":\"Brenda Cezillo\"}}]}<\/script>\n<!-- \/ Yoast SEO Premium plugin. -->","yoast_head_json":{"title":"Refor\u00e7o para a final, nota oficial sobre Ganso e recado de Ana Tha\u00eds: as \u00faltimas not\u00edcias do Fluminense","robots":{"index":"index","follow":"follow","max-snippet":"max-snippet:-1","max-image-preview":"max-image-preview:large","max-video-preview":"max-video-preview:-1"},"canonical":"https:\/\/www.gaveanews.com\/index.php\/2025\/03\/14\/reforco-para-a-final-nota-oficial-sobre-ganso-e-recado-de-ana-thais-as-ultimas-noticias-do-fluminense\/","og_locale":"pt_BR","og_type":"article","og_title":"Refor\u00e7o para a final, nota oficial sobre Ganso e recado de Ana Tha\u00eds: as \u00faltimas not\u00edcias do Fluminense","og_description":"Nas \u00faltimas horas, o foco das not\u00edcias sobre o Fluminense se concentram nos bastidores do clube, com destaques do dia a dia do time. Por conta deste contexto, leia abaixo um resumo preparado pela equipe do portal G\u00e1vea News para lhe manter muito bem informado! Recado de Ana Tha\u00eds Ap\u00f3s a vit\u00f3ria do Flamengo sobre [&hellip;]","og_url":"https:\/\/www.gaveanews.com\/index.php\/2025\/03\/14\/reforco-para-a-final-nota-oficial-sobre-ganso-e-recado-de-ana-thais-as-ultimas-noticias-do-fluminense\/","og_site_name":"G\u00e1vea News","article_publisher":"https:\/\/facebook.com\/gaveaNews\/","article_published_time":"2025-03-14T20:40:00+00:00","og_image":[{"width":1000,"height":667,"url":"https:\/\/www.gaveanews.com\/wp-content\/uploads\/Escudo-do-Fluminense.webp","type":"image\/webp"}],"author":"Brenda Cezillo","twitter_card":"summary_large_image","twitter_misc":{"Escrito por":"Brenda Cezillo","Est. tempo de leitura":"5 minutos"},"schema":{"@context":"https:\/\/schema.org","@graph":[{"@type":"NewsArticle","@id":"https:\/\/www.gaveanews.com\/index.php\/2025\/03\/14\/reforco-para-a-final-nota-oficial-sobre-ganso-e-recado-de-ana-thais-as-ultimas-noticias-do-fluminense\/#article","isPartOf":{"@id":"https:\/\/www.gaveanews.com\/index.php\/2025\/03\/14\/reforco-para-a-final-nota-oficial-sobre-ganso-e-recado-de-ana-thais-as-ultimas-noticias-do-fluminense\/"},"author":{"name":"Brenda Cezillo","@id":"https:\/\/www.gaveanews.com\/#\/schema\/person\/c79759ca337c40791ae8d08e2923d403"},"headline":"Refor\u00e7o para a final, nota oficial sobre Ganso e recado de Ana Tha\u00eds: as \u00faltimas not\u00edcias do Fluminense","datePublished":"2025-03-14T20:40:00+00:00","mainEntityOfPage":{"@id":"https:\/\/www.gaveanews.com\/index.php\/2025\/03\/14\/reforco-para-a-final-nota-oficial-sobre-ganso-e-recado-de-ana-thais-as-ultimas-noticias-do-fluminense\/"},"wordCount":838,"commentCount":0,"image":{"@id":"https:\/\/www.gaveanews.com\/index.php\/2025\/03\/14\/reforco-para-a-final-nota-oficial-sobre-ganso-e-recado-de-ana-thais-as-ultimas-noticias-do-fluminense\/#primaryimage"},"thumbnailUrl":"https:\/\/www.gaveanews.com\/wp-content\/uploads\/Escudo-do-Fluminense.webp","articleSection":["Fluminense"],"inLanguage":"pt-BR","potentialAction":[{"@type":"CommentAction","name":"Comment","target":["https:\/\/www.gaveanews.com\/index.php\/2025\/03\/14\/reforco-para-a-final-nota-oficial-sobre-ganso-e-recado-de-ana-thais-as-ultimas-noticias-do-fluminense\/#respond"]}],"copyrightYear":"2025","copyrightHolder":{"@id":"https:\/\/www.gaveanews.com\/#organization"}},{"@type":"WebPage","@id":"https:\/\/www.gaveanews.com\/index.php\/2025\/03\/14\/reforco-para-a-final-nota-oficial-sobre-ganso-e-recado-de-ana-thais-as-ultimas-noticias-do-fluminense\/","url":"https:\/\/www.gaveanews.com\/index.php\/2025\/03\/14\/reforco-para-a-final-nota-oficial-sobre-ganso-e-recado-de-ana-thais-as-ultimas-noticias-do-fluminense\/","name":"Refor\u00e7o para a final, nota oficial sobre Ganso e recado de Ana Tha\u00eds: as \u00faltimas not\u00edcias do Fluminense","isPartOf":{"@id":"https:\/\/www.gaveanews.com\/#website"},"primaryImageOfPage":{"@id":"https:\/\/www.gaveanews.com\/index.php\/2025\/03\/14\/reforco-para-a-final-nota-oficial-sobre-ganso-e-recado-de-ana-thais-as-ultimas-noticias-do-fluminense\/#primaryimage"},"image":{"@id":"https:\/\/www.gaveanews.com\/index.php\/2025\/03\/14\/reforco-para-a-final-nota-oficial-sobre-ganso-e-recado-de-ana-thais-as-ultimas-noticias-do-fluminense\/#primaryimage"},"thumbnailUrl":"https:\/\/www.gaveanews.com\/wp-content\/uploads\/Escudo-do-Fluminense.webp","datePublished":"2025-03-14T20:40:00+00:00","author":{"@id":"https:\/\/www.gaveanews.com\/#\/schema\/person\/c79759ca337c40791ae8d08e2923d403"},"breadcrumb":{"@id":"https:\/\/www.gaveanews.com\/index.php\/2025\/03\/14\/reforco-para-a-final-nota-oficial-sobre-ganso-e-recado-de-ana-thais-as-ultimas-noticias-do-fluminense\/#breadcrumb"},"inLanguage":"pt-BR","potentialAction":[{"@type":"ReadAction","target":["https:\/\/www.gaveanews.com\/index.php\/2025\/03\/14\/reforco-para-a-final-nota-oficial-sobre-ganso-e-recado-de-ana-thais-as-ultimas-noticias-do-fluminense\/"]}]},{"@type":"ImageObject","inLanguage":"pt-BR","@id":"https:\/\/www.gaveanews.com\/index.php\/2025\/03\/14\/reforco-para-a-final-nota-oficial-sobre-ganso-e-recado-de-ana-thais-as-ultimas-noticias-do-fluminense\/#primaryimage","url":"https:\/\/www.gaveanews.com\/wp-content\/uploads\/Escudo-do-Fluminense.webp","contentUrl":"https:\/\/www.gaveanews.com\/wp-content\/uploads\/Escudo-do-Fluminense.webp","width":1000,"height":667,"caption":"Escudo do Fluminense (Foto Reprodu\u00e7\u00e3o\/Instagram)"},{"@type":"BreadcrumbList","@id":"https:\/\/www.gaveanews.com\/index.php\/2025\/03\/14\/reforco-para-a-final-nota-oficial-sobre-ganso-e-recado-de-ana-thais-as-ultimas-noticias-do-fluminense\/#breadcrumb","itemListElement":[{"@type":"ListItem","position":1,"name":"Home","item":"https:\/\/www.gaveanews.com\/"},{"@type":"ListItem","position":2,"name":"Refor\u00e7o para a final, nota oficial sobre Ganso e recado de Ana Tha\u00eds: as \u00faltimas not\u00edcias do Fluminense"}]},{"@type":"WebSite","@id":"https:\/\/www.gaveanews.com\/#website","url":"https:\/\/www.gaveanews.com\/","name":"G\u00e1vea News","description":"Veja todas as not\u00edcias sobre o Flamengo: Contrata\u00e7\u00f5es, categorias de base, resultados das partidas, tabela de classifica\u00e7\u00e3o, pr\u00f3ximos jogos!","potentialAction":[{"@type":"SearchAction","target":{"@type":"EntryPoint","urlTemplate":"https:\/\/www.gaveanews.com\/?s={search_term_string}"},"query-input":{"@type":"PropertyValueSpecification","valueRequired":true,"valueName":"search_term_string"}}],"inLanguage":"pt-BR"},{"@type":"Person","@id":"https:\/\/www.gaveanews.com\/#\/schema\/person\/c79759ca337c40791ae8d08e2923d403","name":"Brenda Cezillo","image":{"@type":"ImageObject","inLanguage":"pt-BR","@id":"https:\/\/www.gaveanews.com\/#\/schema\/person\/image\/","url":"https:\/\/secure.gravatar.com\/avatar\/1738d75cee7317f9c29ae61dd67620c5883d80a92e42a6fff88ae5d527af217a?s=96&d=mm&r=g","contentUrl":"https:\/\/secure.gravatar.com\/avatar\/1738d75cee7317f9c29ae61dd67620c5883d80a92e42a6fff88ae5d527af217a?s=96&d=mm&r=g","caption":"Brenda Cezillo"}}]}},"_links":{"self":[{"href":"https:\/\/www.gaveanews.com\/index.php\/wp-json\/wp\/v2\/posts\/240177","targetHints":{"allow":["GET"]}}],"collection":[{"href":"https:\/\/www.gaveanews.com\/index.php\/wp-json\/wp\/v2\/posts"}],"about":[{"href":"https:\/\/www.gaveanews.com\/index.php\/wp-json\/wp\/v2\/types\/post"}],"author":[{"embeddable":true,"href":"https:\/\/www.gaveanews.com\/index.php\/wp-json\/wp\/v2\/users\/33"}],"replies":[{"embeddable":true,"href":"https:\/\/www.gaveanews.com\/index.php\/wp-json\/wp\/v2\/comments?post=240177"}],"version-history":[{"count":1,"href":"https:\/\/www.gaveanews.com\/index.php\/wp-json\/wp\/v2\/posts\/240177\/revisions"}],"predecessor-version":[{"id":240181,"href":"https:\/\/www.gaveanews.com\/index.php\/wp-json\/wp\/v2\/posts\/240177\/revisions\/240181"}],"wp:featuredmedia":[{"embeddable":true,"href":"https:\/\/www.gaveanews.com\/index.php\/wp-json\/wp\/v2\/media\/144992"}],"wp:attachment":[{"href":"https:\/\/www.gaveanews.com\/index.php\/wp-json\/wp\/v2\/media?parent=240177"}],"wp:term":[{"taxonomy":"category","embeddable":true,"href":"https:\/\/www.gaveanews.com\/index.php\/wp-json\/wp\/v2\/categories?post=240177"},{"taxonomy":"post_tag","embeddable":true,"href":"https:\/\/www.gaveanews.com\/index.php\/wp-json\/wp\/v2\/tags?post=240177"}],"curies":[{"name":"wp","href":"https:\/\/api.w.org\/{rel}","templated":true}]}}