{"id":240187,"date":"2025-03-14T17:52:27","date_gmt":"2025-03-14T20:52:27","guid":{"rendered":"https:\/\/www.gaveanews.com\/?p=240187"},"modified":"2025-03-14T17:52:30","modified_gmt":"2025-03-14T20:52:30","slug":"a-declaracao-de-leo-pereira-direcionada-a-juninho","status":"publish","type":"post","link":"https:\/\/www.gaveanews.com\/index.php\/2025\/03\/14\/a-declaracao-de-leo-pereira-direcionada-a-juninho\/","title":{"rendered":"A declara\u00e7\u00e3o de L\u00e9o Pereira direcionada a Juninho, do Flamengo"},"content":{"rendered":"\n<p>O Flamengo saiu na frente na final do Campeonato Carioca ao vencer o Fluminense por 2 a 1 no Maracan\u00e3. Com esse resultado, o time pode at\u00e9 empatar no jogo de volta para garantir o t\u00edtulo.&nbsp;<\/p>\n\n\n\n<p>No entanto, o elenco mant\u00e9m os p\u00e9s no ch\u00e3o, e L\u00e9o Pereira destacou a import\u00e2ncia de entrar focado na decis\u00e3o, al\u00e9m de elogiar o jovem Juninho, autor de um dos gols no primeiro duelo.<\/p>\n\n\n\n<h2 class=\"wp-block-heading\" id=\"h-filipe-luis-e-sua-exigencia-na-saida-de-bola\">Filipe Lu\u00eds e sua exig\u00eancia na sa\u00edda de bola<\/h2>\n\n\n\n<p>O trabalho de Filipe Lu\u00eds como t\u00e9cnico tem chamado aten\u00e7\u00e3o pela exig\u00eancia na constru\u00e7\u00e3o de jogadas desde a defesa. L\u00e9o Pereira revelou que o treinador insiste para que os zagueiros evitem rifar a bola, porque considera esse detalhe fundamental para o controle do jogo.<\/p>\n\n\n\n<p>\u201cO Filipe Lu\u00eds pede muito que a gente n\u00e3o rife a bola. Antigamente ele falava que se der chut\u00e3o vai tomar multa\u2026\u201d, contou o defensor.&nbsp;<\/p>\n\n\n\n<p>Essa abordagem demonstra que o Flamengo busca um estilo de posse e constru\u00e7\u00e3o organizada, algo que tem sido trabalhado desde a chegada do ex-lateral ao comando da equipe.<\/p>\n\n\n\n<h2 class=\"wp-block-heading\" id=\"h-juninho-recebe-elogios-de-leo-pereira\">Juninho recebe elogios de L\u00e9o Pereira<\/h2>\n\n\n\n<p>Um dos destaques da primeira partida da final foi Juninho, que marcou o segundo gol do Flamengo no cl\u00e1ssico. L\u00e9o Pereira fez quest\u00e3o de valorizar o companheiro, ressaltando sua dedica\u00e7\u00e3o e evolu\u00e7\u00e3o dentro do elenco rubro-negro.<\/p>\n\n\n\n<p>\u201cSe ele falar mal de mim vai tomar peteleco. \u00c9 um cara especial, fora de s\u00e9rie. Tranquilo, trabalhador e que precisou passar por muita coisa para estar aqui\u201d, afirmou o zagueiro.&nbsp;<\/p>\n\n\n\n<p>Juninho tem mostrado personalidade mesmo em momentos decisivos, algo essencial para ganhar mais espa\u00e7o na equipe.<\/p>\n\n\n\n<h2 class=\"wp-block-heading\" id=\"h-alerta-ligado-para-a-finalissima\">Alerta ligado para a final\u00edssima<\/h2>\n\n\n\n<p>Apesar da vantagem no placar agregado, L\u00e9o Pereira refor\u00e7ou que nada est\u00e1 garantido. Isso porque o pr\u00f3prio Flamengo j\u00e1 viveu um cen\u00e1rio parecido em 2023, quando venceu a ida por 2 a 0 e sofreu uma virada hist\u00f3rica na volta.<\/p>\n\n\n\n<p>Por isso, o zagueiro alertou sobre a qualidade do Fluminense e garantiu que o Flamengo entrar\u00e1 em campo para vencer novamente, sem depender da vantagem. Sendo assim, a expectativa \u00e9 de um confronto intenso neste domingo, com o Rubro-Negro buscando confirmar mais um t\u00edtulo estadual.<\/p>\n","protected":false},"excerpt":{"rendered":"<p>O Flamengo saiu na frente na final do Campeonato Carioca ao vencer o Fluminense por 2 a 1 no Maracan\u00e3. Com esse resultado, o time pode at\u00e9 empatar no jogo de volta para garantir o t\u00edtulo.&nbsp; No entanto, o elenco mant\u00e9m os p\u00e9s no ch\u00e3o, e L\u00e9o Pereira destacou a import\u00e2ncia de entrar focado na [&hellip;]<\/p>\n","protected":false},"author":25,"featured_media":168969,"comment_status":"open","ping_status":"closed","sticky":false,"template":"","format":"standard","meta":{"footnotes":""},"categories":[1],"tags":[],"class_list":["post-240187","post","type-post","status-publish","format-standard","has-post-thumbnail","hentry","category-flamengo"],"yoast_head":"<!-- This site is optimized with the Yoast SEO Premium plugin v24.2 (Yoast SEO v26.9) - https:\/\/yoast.com\/product\/yoast-seo-premium-wordpress\/ -->\n<title>A declara\u00e7\u00e3o de L\u00e9o Pereira direcionada a Juninho, do Flamengo<\/title>\n<meta name=\"robots\" content=\"index, follow, max-snippet:-1, max-image-preview:large, max-video-preview:-1\" \/>\n<link rel=\"canonical\" href=\"https:\/\/www.gaveanews.com\/index.php\/2025\/03\/14\/a-declaracao-de-leo-pereira-direcionada-a-juninho\/\" \/>\n<meta property=\"og:locale\" content=\"pt_BR\" \/>\n<meta property=\"og:type\" content=\"article\" \/>\n<meta property=\"og:title\" content=\"A declara\u00e7\u00e3o de L\u00e9o Pereira direcionada a Juninho, do Flamengo\" \/>\n<meta property=\"og:description\" content=\"O Flamengo saiu na frente na final do Campeonato Carioca ao vencer o Fluminense por 2 a 1 no Maracan\u00e3. Com esse resultado, o time pode at\u00e9 empatar no jogo de volta para garantir o t\u00edtulo.&nbsp; No entanto, o elenco mant\u00e9m os p\u00e9s no ch\u00e3o, e L\u00e9o Pereira destacou a import\u00e2ncia de entrar focado na [&hellip;]\" \/>\n<meta property=\"og:url\" content=\"https:\/\/www.gaveanews.com\/index.php\/2025\/03\/14\/a-declaracao-de-leo-pereira-direcionada-a-juninho\/\" \/>\n<meta property=\"og:site_name\" content=\"G\u00e1vea News\" \/>\n<meta property=\"article:publisher\" content=\"https:\/\/facebook.com\/gaveaNews\/\" \/>\n<meta property=\"article:published_time\" content=\"2025-03-14T20:52:27+00:00\" \/>\n<meta property=\"article:modified_time\" content=\"2025-03-14T20:52:30+00:00\" \/>\n<meta property=\"og:image\" content=\"http:\/\/www.gaveanews.com\/wp-content\/uploads\/Leo-Pereira-em-acao-pelo-Flamengo.webp\" \/>\n\t<meta property=\"og:image:width\" content=\"1170\" \/>\n\t<meta property=\"og:image:height\" content=\"782\" \/>\n\t<meta property=\"og:image:type\" content=\"image\/jpeg\" \/>\n<meta name=\"author\" content=\"Rafaela Ladeira\" \/>\n<meta name=\"twitter:card\" content=\"summary_large_image\" \/>\n<meta name=\"twitter:label1\" content=\"Escrito por\" \/>\n\t<meta name=\"twitter:data1\" content=\"Rafaela Ladeira\" \/>\n\t<meta name=\"twitter:label2\" content=\"Est. tempo de leitura\" \/>\n\t<meta name=\"twitter:data2\" content=\"3 minutos\" \/>\n<script type=\"application\/ld+json\" class=\"yoast-schema-graph\">{\"@context\":\"https:\/\/schema.org\",\"@graph\":[{\"@type\":\"NewsArticle\",\"@id\":\"https:\/\/www.gaveanews.com\/index.php\/2025\/03\/14\/a-declaracao-de-leo-pereira-direcionada-a-juninho\/#article\",\"isPartOf\":{\"@id\":\"https:\/\/www.gaveanews.com\/index.php\/2025\/03\/14\/a-declaracao-de-leo-pereira-direcionada-a-juninho\/\"},\"author\":{\"name\":\"Rafaela Ladeira\",\"@id\":\"https:\/\/www.gaveanews.com\/#\/schema\/person\/0eb3e3fe1754f0205218538adbe8f5ed\"},\"headline\":\"A declara\u00e7\u00e3o de L\u00e9o Pereira direcionada a Juninho, do Flamengo\",\"datePublished\":\"2025-03-14T20:52:27+00:00\",\"dateModified\":\"2025-03-14T20:52:30+00:00\",\"mainEntityOfPage\":{\"@id\":\"https:\/\/www.gaveanews.com\/index.php\/2025\/03\/14\/a-declaracao-de-leo-pereira-direcionada-a-juninho\/\"},\"wordCount\":399,\"commentCount\":0,\"image\":{\"@id\":\"https:\/\/www.gaveanews.com\/index.php\/2025\/03\/14\/a-declaracao-de-leo-pereira-direcionada-a-juninho\/#primaryimage\"},\"thumbnailUrl\":\"https:\/\/www.gaveanews.com\/wp-content\/uploads\/Leo-Pereira-em-acao-pelo-Flamengo.webp\",\"articleSection\":[\"Flamengo\"],\"inLanguage\":\"pt-BR\",\"potentialAction\":[{\"@type\":\"CommentAction\",\"name\":\"Comment\",\"target\":[\"https:\/\/www.gaveanews.com\/index.php\/2025\/03\/14\/a-declaracao-de-leo-pereira-direcionada-a-juninho\/#respond\"]}],\"copyrightYear\":\"2025\",\"copyrightHolder\":{\"@id\":\"https:\/\/www.gaveanews.com\/#organization\"}},{\"@type\":\"WebPage\",\"@id\":\"https:\/\/www.gaveanews.com\/index.php\/2025\/03\/14\/a-declaracao-de-leo-pereira-direcionada-a-juninho\/\",\"url\":\"https:\/\/www.gaveanews.com\/index.php\/2025\/03\/14\/a-declaracao-de-leo-pereira-direcionada-a-juninho\/\",\"name\":\"A declara\u00e7\u00e3o de L\u00e9o Pereira direcionada a Juninho, do Flamengo\",\"isPartOf\":{\"@id\":\"https:\/\/www.gaveanews.com\/#website\"},\"primaryImageOfPage\":{\"@id\":\"https:\/\/www.gaveanews.com\/index.php\/2025\/03\/14\/a-declaracao-de-leo-pereira-direcionada-a-juninho\/#primaryimage\"},\"image\":{\"@id\":\"https:\/\/www.gaveanews.com\/index.php\/2025\/03\/14\/a-declaracao-de-leo-pereira-direcionada-a-juninho\/#primaryimage\"},\"thumbnailUrl\":\"https:\/\/www.gaveanews.com\/wp-content\/uploads\/Leo-Pereira-em-acao-pelo-Flamengo.webp\",\"datePublished\":\"2025-03-14T20:52:27+00:00\",\"dateModified\":\"2025-03-14T20:52:30+00:00\",\"author\":{\"@id\":\"https:\/\/www.gaveanews.com\/#\/schema\/person\/0eb3e3fe1754f0205218538adbe8f5ed\"},\"breadcrumb\":{\"@id\":\"https:\/\/www.gaveanews.com\/index.php\/2025\/03\/14\/a-declaracao-de-leo-pereira-direcionada-a-juninho\/#breadcrumb\"},\"inLanguage\":\"pt-BR\",\"potentialAction\":[{\"@type\":\"ReadAction\",\"target\":[\"https:\/\/www.gaveanews.com\/index.php\/2025\/03\/14\/a-declaracao-de-leo-pereira-direcionada-a-juninho\/\"]}]},{\"@type\":\"ImageObject\",\"inLanguage\":\"pt-BR\",\"@id\":\"https:\/\/www.gaveanews.com\/index.php\/2025\/03\/14\/a-declaracao-de-leo-pereira-direcionada-a-juninho\/#primaryimage\",\"url\":\"https:\/\/www.gaveanews.com\/wp-content\/uploads\/Leo-Pereira-em-acao-pelo-Flamengo.webp\",\"contentUrl\":\"https:\/\/www.gaveanews.com\/wp-content\/uploads\/Leo-Pereira-em-acao-pelo-Flamengo.webp\",\"width\":1170,\"height\":782,\"caption\":\"(Foto: Reprodu\u00e7\u00e3o\/Instagram)\"},{\"@type\":\"BreadcrumbList\",\"@id\":\"https:\/\/www.gaveanews.com\/index.php\/2025\/03\/14\/a-declaracao-de-leo-pereira-direcionada-a-juninho\/#breadcrumb\",\"itemListElement\":[{\"@type\":\"ListItem\",\"position\":1,\"name\":\"Home\",\"item\":\"https:\/\/www.gaveanews.com\/\"},{\"@type\":\"ListItem\",\"position\":2,\"name\":\"A declara\u00e7\u00e3o de L\u00e9o Pereira direcionada a Juninho, do Flamengo\"}]},{\"@type\":\"WebSite\",\"@id\":\"https:\/\/www.gaveanews.com\/#website\",\"url\":\"https:\/\/www.gaveanews.com\/\",\"name\":\"G\u00e1vea News\",\"description\":\"Veja todas as not\u00edcias sobre o Flamengo: Contrata\u00e7\u00f5es, categorias de base, resultados das partidas, tabela de classifica\u00e7\u00e3o, pr\u00f3ximos jogos!\",\"potentialAction\":[{\"@type\":\"SearchAction\",\"target\":{\"@type\":\"EntryPoint\",\"urlTemplate\":\"https:\/\/www.gaveanews.com\/?s={search_term_string}\"},\"query-input\":{\"@type\":\"PropertyValueSpecification\",\"valueRequired\":true,\"valueName\":\"search_term_string\"}}],\"inLanguage\":\"pt-BR\"},{\"@type\":\"Person\",\"@id\":\"https:\/\/www.gaveanews.com\/#\/schema\/person\/0eb3e3fe1754f0205218538adbe8f5ed\",\"name\":\"Rafaela Ladeira\",\"image\":{\"@type\":\"ImageObject\",\"inLanguage\":\"pt-BR\",\"@id\":\"https:\/\/www.gaveanews.com\/#\/schema\/person\/image\/\",\"url\":\"https:\/\/secure.gravatar.com\/avatar\/c31f513acffd85eacab5730cbdfdbbf59f21ba5aeada8cd890acea879fbb2455?s=96&d=mm&r=g\",\"contentUrl\":\"https:\/\/secure.gravatar.com\/avatar\/c31f513acffd85eacab5730cbdfdbbf59f21ba5aeada8cd890acea879fbb2455?s=96&d=mm&r=g\",\"caption\":\"Rafaela Ladeira\"}}]}<\/script>\n<!-- \/ Yoast SEO Premium plugin. -->","yoast_head_json":{"title":"A declara\u00e7\u00e3o de L\u00e9o Pereira direcionada a Juninho, do Flamengo","robots":{"index":"index","follow":"follow","max-snippet":"max-snippet:-1","max-image-preview":"max-image-preview:large","max-video-preview":"max-video-preview:-1"},"canonical":"https:\/\/www.gaveanews.com\/index.php\/2025\/03\/14\/a-declaracao-de-leo-pereira-direcionada-a-juninho\/","og_locale":"pt_BR","og_type":"article","og_title":"A declara\u00e7\u00e3o de L\u00e9o Pereira direcionada a Juninho, do Flamengo","og_description":"O Flamengo saiu na frente na final do Campeonato Carioca ao vencer o Fluminense por 2 a 1 no Maracan\u00e3. Com esse resultado, o time pode at\u00e9 empatar no jogo de volta para garantir o t\u00edtulo.&nbsp; No entanto, o elenco mant\u00e9m os p\u00e9s no ch\u00e3o, e L\u00e9o Pereira destacou a import\u00e2ncia de entrar focado na [&hellip;]","og_url":"https:\/\/www.gaveanews.com\/index.php\/2025\/03\/14\/a-declaracao-de-leo-pereira-direcionada-a-juninho\/","og_site_name":"G\u00e1vea News","article_publisher":"https:\/\/facebook.com\/gaveaNews\/","article_published_time":"2025-03-14T20:52:27+00:00","article_modified_time":"2025-03-14T20:52:30+00:00","og_image":[{"width":1170,"height":782,"url":"http:\/\/www.gaveanews.com\/wp-content\/uploads\/Leo-Pereira-em-acao-pelo-Flamengo.webp","type":"image\/jpeg"}],"author":"Rafaela Ladeira","twitter_card":"summary_large_image","twitter_misc":{"Escrito por":"Rafaela Ladeira","Est. tempo de leitura":"3 minutos"},"schema":{"@context":"https:\/\/schema.org","@graph":[{"@type":"NewsArticle","@id":"https:\/\/www.gaveanews.com\/index.php\/2025\/03\/14\/a-declaracao-de-leo-pereira-direcionada-a-juninho\/#article","isPartOf":{"@id":"https:\/\/www.gaveanews.com\/index.php\/2025\/03\/14\/a-declaracao-de-leo-pereira-direcionada-a-juninho\/"},"author":{"name":"Rafaela Ladeira","@id":"https:\/\/www.gaveanews.com\/#\/schema\/person\/0eb3e3fe1754f0205218538adbe8f5ed"},"headline":"A declara\u00e7\u00e3o de L\u00e9o Pereira direcionada a Juninho, do Flamengo","datePublished":"2025-03-14T20:52:27+00:00","dateModified":"2025-03-14T20:52:30+00:00","mainEntityOfPage":{"@id":"https:\/\/www.gaveanews.com\/index.php\/2025\/03\/14\/a-declaracao-de-leo-pereira-direcionada-a-juninho\/"},"wordCount":399,"commentCount":0,"image":{"@id":"https:\/\/www.gaveanews.com\/index.php\/2025\/03\/14\/a-declaracao-de-leo-pereira-direcionada-a-juninho\/#primaryimage"},"thumbnailUrl":"https:\/\/www.gaveanews.com\/wp-content\/uploads\/Leo-Pereira-em-acao-pelo-Flamengo.webp","articleSection":["Flamengo"],"inLanguage":"pt-BR","potentialAction":[{"@type":"CommentAction","name":"Comment","target":["https:\/\/www.gaveanews.com\/index.php\/2025\/03\/14\/a-declaracao-de-leo-pereira-direcionada-a-juninho\/#respond"]}],"copyrightYear":"2025","copyrightHolder":{"@id":"https:\/\/www.gaveanews.com\/#organization"}},{"@type":"WebPage","@id":"https:\/\/www.gaveanews.com\/index.php\/2025\/03\/14\/a-declaracao-de-leo-pereira-direcionada-a-juninho\/","url":"https:\/\/www.gaveanews.com\/index.php\/2025\/03\/14\/a-declaracao-de-leo-pereira-direcionada-a-juninho\/","name":"A declara\u00e7\u00e3o de L\u00e9o Pereira direcionada a Juninho, do Flamengo","isPartOf":{"@id":"https:\/\/www.gaveanews.com\/#website"},"primaryImageOfPage":{"@id":"https:\/\/www.gaveanews.com\/index.php\/2025\/03\/14\/a-declaracao-de-leo-pereira-direcionada-a-juninho\/#primaryimage"},"image":{"@id":"https:\/\/www.gaveanews.com\/index.php\/2025\/03\/14\/a-declaracao-de-leo-pereira-direcionada-a-juninho\/#primaryimage"},"thumbnailUrl":"https:\/\/www.gaveanews.com\/wp-content\/uploads\/Leo-Pereira-em-acao-pelo-Flamengo.webp","datePublished":"2025-03-14T20:52:27+00:00","dateModified":"2025-03-14T20:52:30+00:00","author":{"@id":"https:\/\/www.gaveanews.com\/#\/schema\/person\/0eb3e3fe1754f0205218538adbe8f5ed"},"breadcrumb":{"@id":"https:\/\/www.gaveanews.com\/index.php\/2025\/03\/14\/a-declaracao-de-leo-pereira-direcionada-a-juninho\/#breadcrumb"},"inLanguage":"pt-BR","potentialAction":[{"@type":"ReadAction","target":["https:\/\/www.gaveanews.com\/index.php\/2025\/03\/14\/a-declaracao-de-leo-pereira-direcionada-a-juninho\/"]}]},{"@type":"ImageObject","inLanguage":"pt-BR","@id":"https:\/\/www.gaveanews.com\/index.php\/2025\/03\/14\/a-declaracao-de-leo-pereira-direcionada-a-juninho\/#primaryimage","url":"https:\/\/www.gaveanews.com\/wp-content\/uploads\/Leo-Pereira-em-acao-pelo-Flamengo.webp","contentUrl":"https:\/\/www.gaveanews.com\/wp-content\/uploads\/Leo-Pereira-em-acao-pelo-Flamengo.webp","width":1170,"height":782,"caption":"(Foto: Reprodu\u00e7\u00e3o\/Instagram)"},{"@type":"BreadcrumbList","@id":"https:\/\/www.gaveanews.com\/index.php\/2025\/03\/14\/a-declaracao-de-leo-pereira-direcionada-a-juninho\/#breadcrumb","itemListElement":[{"@type":"ListItem","position":1,"name":"Home","item":"https:\/\/www.gaveanews.com\/"},{"@type":"ListItem","position":2,"name":"A declara\u00e7\u00e3o de L\u00e9o Pereira direcionada a Juninho, do Flamengo"}]},{"@type":"WebSite","@id":"https:\/\/www.gaveanews.com\/#website","url":"https:\/\/www.gaveanews.com\/","name":"G\u00e1vea News","description":"Veja todas as not\u00edcias sobre o Flamengo: Contrata\u00e7\u00f5es, categorias de base, resultados das partidas, tabela de classifica\u00e7\u00e3o, pr\u00f3ximos jogos!","potentialAction":[{"@type":"SearchAction","target":{"@type":"EntryPoint","urlTemplate":"https:\/\/www.gaveanews.com\/?s={search_term_string}"},"query-input":{"@type":"PropertyValueSpecification","valueRequired":true,"valueName":"search_term_string"}}],"inLanguage":"pt-BR"},{"@type":"Person","@id":"https:\/\/www.gaveanews.com\/#\/schema\/person\/0eb3e3fe1754f0205218538adbe8f5ed","name":"Rafaela Ladeira","image":{"@type":"ImageObject","inLanguage":"pt-BR","@id":"https:\/\/www.gaveanews.com\/#\/schema\/person\/image\/","url":"https:\/\/secure.gravatar.com\/avatar\/c31f513acffd85eacab5730cbdfdbbf59f21ba5aeada8cd890acea879fbb2455?s=96&d=mm&r=g","contentUrl":"https:\/\/secure.gravatar.com\/avatar\/c31f513acffd85eacab5730cbdfdbbf59f21ba5aeada8cd890acea879fbb2455?s=96&d=mm&r=g","caption":"Rafaela Ladeira"}}]}},"_links":{"self":[{"href":"https:\/\/www.gaveanews.com\/index.php\/wp-json\/wp\/v2\/posts\/240187","targetHints":{"allow":["GET"]}}],"collection":[{"href":"https:\/\/www.gaveanews.com\/index.php\/wp-json\/wp\/v2\/posts"}],"about":[{"href":"https:\/\/www.gaveanews.com\/index.php\/wp-json\/wp\/v2\/types\/post"}],"author":[{"embeddable":true,"href":"https:\/\/www.gaveanews.com\/index.php\/wp-json\/wp\/v2\/users\/25"}],"replies":[{"embeddable":true,"href":"https:\/\/www.gaveanews.com\/index.php\/wp-json\/wp\/v2\/comments?post=240187"}],"version-history":[{"count":2,"href":"https:\/\/www.gaveanews.com\/index.php\/wp-json\/wp\/v2\/posts\/240187\/revisions"}],"predecessor-version":[{"id":240222,"href":"https:\/\/www.gaveanews.com\/index.php\/wp-json\/wp\/v2\/posts\/240187\/revisions\/240222"}],"wp:featuredmedia":[{"embeddable":true,"href":"https:\/\/www.gaveanews.com\/index.php\/wp-json\/wp\/v2\/media\/168969"}],"wp:attachment":[{"href":"https:\/\/www.gaveanews.com\/index.php\/wp-json\/wp\/v2\/media?parent=240187"}],"wp:term":[{"taxonomy":"category","embeddable":true,"href":"https:\/\/www.gaveanews.com\/index.php\/wp-json\/wp\/v2\/categories?post=240187"},{"taxonomy":"post_tag","embeddable":true,"href":"https:\/\/www.gaveanews.com\/index.php\/wp-json\/wp\/v2\/tags?post=240187"}],"curies":[{"name":"wp","href":"https:\/\/api.w.org\/{rel}","templated":true}]}}