{"id":240190,"date":"2025-03-14T23:30:00","date_gmt":"2025-03-15T02:30:00","guid":{"rendered":"https:\/\/www.gaveanews.com\/?p=240190"},"modified":"2025-03-14T21:29:28","modified_gmt":"2025-03-15T00:29:28","slug":"atacante-especulado-no-flamengo-torna-se-referencia-na-europa","status":"publish","type":"post","link":"https:\/\/www.gaveanews.com\/index.php\/2025\/03\/14\/atacante-especulado-no-flamengo-torna-se-referencia-na-europa\/","title":{"rendered":"Atacante especulado no Flamengo torna-se refer\u00eancia na Europa"},"content":{"rendered":"\n<p>De especulado no Flamengo a destaque no Real Betis, Antony reencontrou o bom futebol na Espanha e se tornou refer\u00eancia no clube espanhol. Os n\u00fameros dele no clube espanhol s\u00e3o impressionantes e comprovam que a mudan\u00e7a de ares fez muito bem para o jogador.<\/p>\n\n\n\n<figure class=\"wp-block-image size-full\"><img loading=\"lazy\" decoding=\"async\" width=\"720\" height=\"569\" src=\"http:\/\/www.gaveanews.com\/wp-content\/uploads\/antony00_1705604728750.webp\" alt=\"\" class=\"wp-image-122350\" srcset=\"https:\/\/www.gaveanews.com\/wp-content\/uploads\/antony00_1705604728750.webp 720w, https:\/\/www.gaveanews.com\/wp-content\/uploads\/antony00_1705604728750-300x237.webp 300w, https:\/\/www.gaveanews.com\/wp-content\/uploads\/antony00_1705604728750-531x420.webp 531w, https:\/\/www.gaveanews.com\/wp-content\/uploads\/antony00_1705604728750-640x506.webp 640w, https:\/\/www.gaveanews.com\/wp-content\/uploads\/antony00_1705604728750-681x538.webp 681w, https:\/\/www.gaveanews.com\/wp-content\/uploads\/antony00_1705604728750-100x79.webp 100w\" sizes=\"auto, (max-width: 720px) 100vw, 720px\" \/><figcaption class=\"wp-element-caption\">Antony pela sele\u00e7\u00e3o Brasileira (Foto: Reprodu\u00e7\u00e3o\/Instagram)<\/figcaption><\/figure>\n\n\n\n<p>Antony esteve no radar do Flamengo mas acabou acertando a ida para o Real Betis, da Espanha, e se tornou um dos principais jogadores da equipe de Sevilha. Em 10 partidas como titular, o atacante balan\u00e7ou as redes 4 vezes e deu 4 assist\u00eancias. S\u00e3o 8 participa\u00e7\u00f5es diretas em gols.<\/p>\n\n\n\n<p>O atacante precisa de 102 minutos para participar de um gol. Ele ainda criou 7 grandes chances e deu 20 passes decisivos. O grande desempenho ofensivo do jogador o fez ser bastante ca\u00e7ado pelos defensores advers\u00e1rios. Antony sofreu 16 faltas nesse per\u00edodo. Ele ainda ostenta uma nota Sofascore de 7.45.<\/p>\n\n\n\n<p>O atacante foi revelado nas categorias de base de Cotia e surgiu no futebol defendendo as cores do S\u00e3o Paulo. Depois de ganhar proje\u00e7\u00e3o nacional em 2019, quando marcou 6 gols e deu 6 assist\u00eancias em 45 jogos, ainda com 19 anos de idade, ele foi negociado com o Ajax, da Holanda.<\/p>\n\n\n\n<p>No clube holand\u00eas, foi bicampe\u00e3o nacional e acumulou 46 participa\u00e7\u00f5es diretas em gols, em 82 jogos. Com isso, despertou interesse do Manchester United, da Inglaterra, que pagou incr\u00edveis 100 milh\u00f5es de euros, cerca de 500 milh\u00f5es de reais na cota\u00e7\u00e3o da \u00e9poca, pelos direitos econ\u00f4micos do atleta em agosto de 2022.<\/p>\n\n\n\n<p>No entanto, apesar da grande expectativa em torno do jogador, ele n\u00e3o viveu grande fase na Inglaterra. Foram apenas 12 gols e 5 assist\u00eancias em 96 partidas. Ele acabou perdendo espa\u00e7o, se envolveu em uma pol\u00eamica de suposta viol\u00eancia dom\u00e9stica contra a ent\u00e3o namorada e acabou sendo emprestado para o Real Betis.<\/p>\n\n\n\n<p>Ele esteve no radar do Flamengo, que buscava uma grande contrata\u00e7\u00e3o nesta janela de transfer\u00eancias, mas as conversas n\u00e3o avan\u00e7aram. Na Espanha, ele tem reencontrado o bom futebol e tem feito a diferen\u00e7a pelo time de Sevilha.<\/p>\n","protected":false},"excerpt":{"rendered":"<p>De especulado no Flamengo a destaque no Real Betis, Antony reencontrou o bom futebol na Espanha e se tornou refer\u00eancia no clube espanhol. Os n\u00fameros dele no clube espanhol s\u00e3o impressionantes e comprovam que a mudan\u00e7a de ares fez muito bem para o jogador. Antony esteve no radar do Flamengo mas acabou acertando a ida [&hellip;]<\/p>\n","protected":false},"author":29,"featured_media":213513,"comment_status":"open","ping_status":"closed","sticky":false,"template":"","format":"standard","meta":{"footnotes":""},"categories":[1,90,482],"tags":[],"class_list":["post-240190","post","type-post","status-publish","format-standard","has-post-thumbnail","hentry","category-flamengo","category-manchester-united","category-real-betis"],"yoast_head":"<!-- This site is optimized with the Yoast SEO Premium plugin v24.2 (Yoast SEO v26.9) - https:\/\/yoast.com\/product\/yoast-seo-premium-wordpress\/ -->\n<title>Atacante especulado no Flamengo torna-se refer\u00eancia na Europa<\/title>\n<meta name=\"robots\" content=\"index, follow, max-snippet:-1, max-image-preview:large, max-video-preview:-1\" \/>\n<link rel=\"canonical\" href=\"https:\/\/www.gaveanews.com\/index.php\/2025\/03\/14\/atacante-especulado-no-flamengo-torna-se-referencia-na-europa\/\" \/>\n<meta property=\"og:locale\" content=\"pt_BR\" \/>\n<meta property=\"og:type\" content=\"article\" \/>\n<meta property=\"og:title\" content=\"Atacante especulado no Flamengo torna-se refer\u00eancia na Europa\" \/>\n<meta property=\"og:description\" content=\"De especulado no Flamengo a destaque no Real Betis, Antony reencontrou o bom futebol na Espanha e se tornou refer\u00eancia no clube espanhol. Os n\u00fameros dele no clube espanhol s\u00e3o impressionantes e comprovam que a mudan\u00e7a de ares fez muito bem para o jogador. Antony esteve no radar do Flamengo mas acabou acertando a ida [&hellip;]\" \/>\n<meta property=\"og:url\" content=\"https:\/\/www.gaveanews.com\/index.php\/2025\/03\/14\/atacante-especulado-no-flamengo-torna-se-referencia-na-europa\/\" \/>\n<meta property=\"og:site_name\" content=\"G\u00e1vea News\" \/>\n<meta property=\"article:publisher\" content=\"https:\/\/facebook.com\/gaveaNews\/\" \/>\n<meta property=\"article:published_time\" content=\"2025-03-15T02:30:00+00:00\" \/>\n<meta property=\"og:image\" content=\"https:\/\/www.gaveanews.com\/wp-content\/uploads\/fachada-do-modulo-profissional-do-ninho-do-urubu-centro-de-treinamento-do-flamengo-1642444901774_v2_1x1.webp\" \/>\n\t<meta property=\"og:image:width\" content=\"1361\" \/>\n\t<meta property=\"og:image:height\" content=\"1363\" \/>\n\t<meta property=\"og:image:type\" content=\"image\/jpeg\" \/>\n<meta name=\"author\" content=\"Marco Menezes\" \/>\n<meta name=\"twitter:card\" content=\"summary_large_image\" \/>\n<meta name=\"twitter:label1\" content=\"Escrito por\" \/>\n\t<meta name=\"twitter:data1\" content=\"Marco Menezes\" \/>\n\t<meta name=\"twitter:label2\" content=\"Est. tempo de leitura\" \/>\n\t<meta name=\"twitter:data2\" content=\"3 minutos\" \/>\n<script type=\"application\/ld+json\" class=\"yoast-schema-graph\">{\"@context\":\"https:\/\/schema.org\",\"@graph\":[{\"@type\":\"NewsArticle\",\"@id\":\"https:\/\/www.gaveanews.com\/index.php\/2025\/03\/14\/atacante-especulado-no-flamengo-torna-se-referencia-na-europa\/#article\",\"isPartOf\":{\"@id\":\"https:\/\/www.gaveanews.com\/index.php\/2025\/03\/14\/atacante-especulado-no-flamengo-torna-se-referencia-na-europa\/\"},\"author\":{\"name\":\"Marco Menezes\",\"@id\":\"https:\/\/www.gaveanews.com\/#\/schema\/person\/a9f62fe75380c6bada1b2fc49bc23d69\"},\"headline\":\"Atacante especulado no Flamengo torna-se refer\u00eancia na Europa\",\"datePublished\":\"2025-03-15T02:30:00+00:00\",\"mainEntityOfPage\":{\"@id\":\"https:\/\/www.gaveanews.com\/index.php\/2025\/03\/14\/atacante-especulado-no-flamengo-torna-se-referencia-na-europa\/\"},\"wordCount\":366,\"commentCount\":0,\"image\":{\"@id\":\"https:\/\/www.gaveanews.com\/index.php\/2025\/03\/14\/atacante-especulado-no-flamengo-torna-se-referencia-na-europa\/#primaryimage\"},\"thumbnailUrl\":\"https:\/\/www.gaveanews.com\/wp-content\/uploads\/fachada-do-modulo-profissional-do-ninho-do-urubu-centro-de-treinamento-do-flamengo-1642444901774_v2_1x1.webp\",\"articleSection\":[\"Flamengo\",\"Manchester United\",\"Real Betis\"],\"inLanguage\":\"pt-BR\",\"potentialAction\":[{\"@type\":\"CommentAction\",\"name\":\"Comment\",\"target\":[\"https:\/\/www.gaveanews.com\/index.php\/2025\/03\/14\/atacante-especulado-no-flamengo-torna-se-referencia-na-europa\/#respond\"]}],\"copyrightYear\":\"2025\",\"copyrightHolder\":{\"@id\":\"https:\/\/www.gaveanews.com\/#organization\"}},{\"@type\":\"WebPage\",\"@id\":\"https:\/\/www.gaveanews.com\/index.php\/2025\/03\/14\/atacante-especulado-no-flamengo-torna-se-referencia-na-europa\/\",\"url\":\"https:\/\/www.gaveanews.com\/index.php\/2025\/03\/14\/atacante-especulado-no-flamengo-torna-se-referencia-na-europa\/\",\"name\":\"Atacante especulado no Flamengo torna-se refer\u00eancia na Europa\",\"isPartOf\":{\"@id\":\"https:\/\/www.gaveanews.com\/#website\"},\"primaryImageOfPage\":{\"@id\":\"https:\/\/www.gaveanews.com\/index.php\/2025\/03\/14\/atacante-especulado-no-flamengo-torna-se-referencia-na-europa\/#primaryimage\"},\"image\":{\"@id\":\"https:\/\/www.gaveanews.com\/index.php\/2025\/03\/14\/atacante-especulado-no-flamengo-torna-se-referencia-na-europa\/#primaryimage\"},\"thumbnailUrl\":\"https:\/\/www.gaveanews.com\/wp-content\/uploads\/fachada-do-modulo-profissional-do-ninho-do-urubu-centro-de-treinamento-do-flamengo-1642444901774_v2_1x1.webp\",\"datePublished\":\"2025-03-15T02:30:00+00:00\",\"author\":{\"@id\":\"https:\/\/www.gaveanews.com\/#\/schema\/person\/a9f62fe75380c6bada1b2fc49bc23d69\"},\"breadcrumb\":{\"@id\":\"https:\/\/www.gaveanews.com\/index.php\/2025\/03\/14\/atacante-especulado-no-flamengo-torna-se-referencia-na-europa\/#breadcrumb\"},\"inLanguage\":\"pt-BR\",\"potentialAction\":[{\"@type\":\"ReadAction\",\"target\":[\"https:\/\/www.gaveanews.com\/index.php\/2025\/03\/14\/atacante-especulado-no-flamengo-torna-se-referencia-na-europa\/\"]}]},{\"@type\":\"ImageObject\",\"inLanguage\":\"pt-BR\",\"@id\":\"https:\/\/www.gaveanews.com\/index.php\/2025\/03\/14\/atacante-especulado-no-flamengo-torna-se-referencia-na-europa\/#primaryimage\",\"url\":\"https:\/\/www.gaveanews.com\/wp-content\/uploads\/fachada-do-modulo-profissional-do-ninho-do-urubu-centro-de-treinamento-do-flamengo-1642444901774_v2_1x1.webp\",\"contentUrl\":\"https:\/\/www.gaveanews.com\/wp-content\/uploads\/fachada-do-modulo-profissional-do-ninho-do-urubu-centro-de-treinamento-do-flamengo-1642444901774_v2_1x1.webp\",\"width\":1361,\"height\":1363,\"caption\":\"CT Ninho do Urubu (Foto: Divulga\u00e7\u00e3o Flamengo)\"},{\"@type\":\"BreadcrumbList\",\"@id\":\"https:\/\/www.gaveanews.com\/index.php\/2025\/03\/14\/atacante-especulado-no-flamengo-torna-se-referencia-na-europa\/#breadcrumb\",\"itemListElement\":[{\"@type\":\"ListItem\",\"position\":1,\"name\":\"Home\",\"item\":\"https:\/\/www.gaveanews.com\/\"},{\"@type\":\"ListItem\",\"position\":2,\"name\":\"Atacante especulado no Flamengo torna-se refer\u00eancia na Europa\"}]},{\"@type\":\"WebSite\",\"@id\":\"https:\/\/www.gaveanews.com\/#website\",\"url\":\"https:\/\/www.gaveanews.com\/\",\"name\":\"G\u00e1vea News\",\"description\":\"Veja todas as not\u00edcias sobre o Flamengo: Contrata\u00e7\u00f5es, categorias de base, resultados das partidas, tabela de classifica\u00e7\u00e3o, pr\u00f3ximos jogos!\",\"potentialAction\":[{\"@type\":\"SearchAction\",\"target\":{\"@type\":\"EntryPoint\",\"urlTemplate\":\"https:\/\/www.gaveanews.com\/?s={search_term_string}\"},\"query-input\":{\"@type\":\"PropertyValueSpecification\",\"valueRequired\":true,\"valueName\":\"search_term_string\"}}],\"inLanguage\":\"pt-BR\"},{\"@type\":\"Person\",\"@id\":\"https:\/\/www.gaveanews.com\/#\/schema\/person\/a9f62fe75380c6bada1b2fc49bc23d69\",\"name\":\"Marco Menezes\",\"image\":{\"@type\":\"ImageObject\",\"inLanguage\":\"pt-BR\",\"@id\":\"https:\/\/www.gaveanews.com\/#\/schema\/person\/image\/\",\"url\":\"https:\/\/secure.gravatar.com\/avatar\/a1d148ae17fc8bfc5dbccffd07979e8bd2c9ba494221779de86ec2c7907b71ec?s=96&d=mm&r=g\",\"contentUrl\":\"https:\/\/secure.gravatar.com\/avatar\/a1d148ae17fc8bfc5dbccffd07979e8bd2c9ba494221779de86ec2c7907b71ec?s=96&d=mm&r=g\",\"caption\":\"Marco Menezes\"}}]}<\/script>\n<!-- \/ Yoast SEO Premium plugin. -->","yoast_head_json":{"title":"Atacante especulado no Flamengo torna-se refer\u00eancia na Europa","robots":{"index":"index","follow":"follow","max-snippet":"max-snippet:-1","max-image-preview":"max-image-preview:large","max-video-preview":"max-video-preview:-1"},"canonical":"https:\/\/www.gaveanews.com\/index.php\/2025\/03\/14\/atacante-especulado-no-flamengo-torna-se-referencia-na-europa\/","og_locale":"pt_BR","og_type":"article","og_title":"Atacante especulado no Flamengo torna-se refer\u00eancia na Europa","og_description":"De especulado no Flamengo a destaque no Real Betis, Antony reencontrou o bom futebol na Espanha e se tornou refer\u00eancia no clube espanhol. Os n\u00fameros dele no clube espanhol s\u00e3o impressionantes e comprovam que a mudan\u00e7a de ares fez muito bem para o jogador. Antony esteve no radar do Flamengo mas acabou acertando a ida [&hellip;]","og_url":"https:\/\/www.gaveanews.com\/index.php\/2025\/03\/14\/atacante-especulado-no-flamengo-torna-se-referencia-na-europa\/","og_site_name":"G\u00e1vea News","article_publisher":"https:\/\/facebook.com\/gaveaNews\/","article_published_time":"2025-03-15T02:30:00+00:00","og_image":[{"width":1361,"height":1363,"url":"https:\/\/www.gaveanews.com\/wp-content\/uploads\/fachada-do-modulo-profissional-do-ninho-do-urubu-centro-de-treinamento-do-flamengo-1642444901774_v2_1x1.webp","type":"image\/jpeg"}],"author":"Marco Menezes","twitter_card":"summary_large_image","twitter_misc":{"Escrito por":"Marco Menezes","Est. tempo de leitura":"3 minutos"},"schema":{"@context":"https:\/\/schema.org","@graph":[{"@type":"NewsArticle","@id":"https:\/\/www.gaveanews.com\/index.php\/2025\/03\/14\/atacante-especulado-no-flamengo-torna-se-referencia-na-europa\/#article","isPartOf":{"@id":"https:\/\/www.gaveanews.com\/index.php\/2025\/03\/14\/atacante-especulado-no-flamengo-torna-se-referencia-na-europa\/"},"author":{"name":"Marco Menezes","@id":"https:\/\/www.gaveanews.com\/#\/schema\/person\/a9f62fe75380c6bada1b2fc49bc23d69"},"headline":"Atacante especulado no Flamengo torna-se refer\u00eancia na Europa","datePublished":"2025-03-15T02:30:00+00:00","mainEntityOfPage":{"@id":"https:\/\/www.gaveanews.com\/index.php\/2025\/03\/14\/atacante-especulado-no-flamengo-torna-se-referencia-na-europa\/"},"wordCount":366,"commentCount":0,"image":{"@id":"https:\/\/www.gaveanews.com\/index.php\/2025\/03\/14\/atacante-especulado-no-flamengo-torna-se-referencia-na-europa\/#primaryimage"},"thumbnailUrl":"https:\/\/www.gaveanews.com\/wp-content\/uploads\/fachada-do-modulo-profissional-do-ninho-do-urubu-centro-de-treinamento-do-flamengo-1642444901774_v2_1x1.webp","articleSection":["Flamengo","Manchester United","Real Betis"],"inLanguage":"pt-BR","potentialAction":[{"@type":"CommentAction","name":"Comment","target":["https:\/\/www.gaveanews.com\/index.php\/2025\/03\/14\/atacante-especulado-no-flamengo-torna-se-referencia-na-europa\/#respond"]}],"copyrightYear":"2025","copyrightHolder":{"@id":"https:\/\/www.gaveanews.com\/#organization"}},{"@type":"WebPage","@id":"https:\/\/www.gaveanews.com\/index.php\/2025\/03\/14\/atacante-especulado-no-flamengo-torna-se-referencia-na-europa\/","url":"https:\/\/www.gaveanews.com\/index.php\/2025\/03\/14\/atacante-especulado-no-flamengo-torna-se-referencia-na-europa\/","name":"Atacante especulado no Flamengo torna-se refer\u00eancia na Europa","isPartOf":{"@id":"https:\/\/www.gaveanews.com\/#website"},"primaryImageOfPage":{"@id":"https:\/\/www.gaveanews.com\/index.php\/2025\/03\/14\/atacante-especulado-no-flamengo-torna-se-referencia-na-europa\/#primaryimage"},"image":{"@id":"https:\/\/www.gaveanews.com\/index.php\/2025\/03\/14\/atacante-especulado-no-flamengo-torna-se-referencia-na-europa\/#primaryimage"},"thumbnailUrl":"https:\/\/www.gaveanews.com\/wp-content\/uploads\/fachada-do-modulo-profissional-do-ninho-do-urubu-centro-de-treinamento-do-flamengo-1642444901774_v2_1x1.webp","datePublished":"2025-03-15T02:30:00+00:00","author":{"@id":"https:\/\/www.gaveanews.com\/#\/schema\/person\/a9f62fe75380c6bada1b2fc49bc23d69"},"breadcrumb":{"@id":"https:\/\/www.gaveanews.com\/index.php\/2025\/03\/14\/atacante-especulado-no-flamengo-torna-se-referencia-na-europa\/#breadcrumb"},"inLanguage":"pt-BR","potentialAction":[{"@type":"ReadAction","target":["https:\/\/www.gaveanews.com\/index.php\/2025\/03\/14\/atacante-especulado-no-flamengo-torna-se-referencia-na-europa\/"]}]},{"@type":"ImageObject","inLanguage":"pt-BR","@id":"https:\/\/www.gaveanews.com\/index.php\/2025\/03\/14\/atacante-especulado-no-flamengo-torna-se-referencia-na-europa\/#primaryimage","url":"https:\/\/www.gaveanews.com\/wp-content\/uploads\/fachada-do-modulo-profissional-do-ninho-do-urubu-centro-de-treinamento-do-flamengo-1642444901774_v2_1x1.webp","contentUrl":"https:\/\/www.gaveanews.com\/wp-content\/uploads\/fachada-do-modulo-profissional-do-ninho-do-urubu-centro-de-treinamento-do-flamengo-1642444901774_v2_1x1.webp","width":1361,"height":1363,"caption":"CT Ninho do Urubu (Foto: Divulga\u00e7\u00e3o Flamengo)"},{"@type":"BreadcrumbList","@id":"https:\/\/www.gaveanews.com\/index.php\/2025\/03\/14\/atacante-especulado-no-flamengo-torna-se-referencia-na-europa\/#breadcrumb","itemListElement":[{"@type":"ListItem","position":1,"name":"Home","item":"https:\/\/www.gaveanews.com\/"},{"@type":"ListItem","position":2,"name":"Atacante especulado no Flamengo torna-se refer\u00eancia na Europa"}]},{"@type":"WebSite","@id":"https:\/\/www.gaveanews.com\/#website","url":"https:\/\/www.gaveanews.com\/","name":"G\u00e1vea News","description":"Veja todas as not\u00edcias sobre o Flamengo: Contrata\u00e7\u00f5es, categorias de base, resultados das partidas, tabela de classifica\u00e7\u00e3o, pr\u00f3ximos jogos!","potentialAction":[{"@type":"SearchAction","target":{"@type":"EntryPoint","urlTemplate":"https:\/\/www.gaveanews.com\/?s={search_term_string}"},"query-input":{"@type":"PropertyValueSpecification","valueRequired":true,"valueName":"search_term_string"}}],"inLanguage":"pt-BR"},{"@type":"Person","@id":"https:\/\/www.gaveanews.com\/#\/schema\/person\/a9f62fe75380c6bada1b2fc49bc23d69","name":"Marco Menezes","image":{"@type":"ImageObject","inLanguage":"pt-BR","@id":"https:\/\/www.gaveanews.com\/#\/schema\/person\/image\/","url":"https:\/\/secure.gravatar.com\/avatar\/a1d148ae17fc8bfc5dbccffd07979e8bd2c9ba494221779de86ec2c7907b71ec?s=96&d=mm&r=g","contentUrl":"https:\/\/secure.gravatar.com\/avatar\/a1d148ae17fc8bfc5dbccffd07979e8bd2c9ba494221779de86ec2c7907b71ec?s=96&d=mm&r=g","caption":"Marco Menezes"}}]}},"_links":{"self":[{"href":"https:\/\/www.gaveanews.com\/index.php\/wp-json\/wp\/v2\/posts\/240190","targetHints":{"allow":["GET"]}}],"collection":[{"href":"https:\/\/www.gaveanews.com\/index.php\/wp-json\/wp\/v2\/posts"}],"about":[{"href":"https:\/\/www.gaveanews.com\/index.php\/wp-json\/wp\/v2\/types\/post"}],"author":[{"embeddable":true,"href":"https:\/\/www.gaveanews.com\/index.php\/wp-json\/wp\/v2\/users\/29"}],"replies":[{"embeddable":true,"href":"https:\/\/www.gaveanews.com\/index.php\/wp-json\/wp\/v2\/comments?post=240190"}],"version-history":[{"count":1,"href":"https:\/\/www.gaveanews.com\/index.php\/wp-json\/wp\/v2\/posts\/240190\/revisions"}],"predecessor-version":[{"id":240191,"href":"https:\/\/www.gaveanews.com\/index.php\/wp-json\/wp\/v2\/posts\/240190\/revisions\/240191"}],"wp:featuredmedia":[{"embeddable":true,"href":"https:\/\/www.gaveanews.com\/index.php\/wp-json\/wp\/v2\/media\/213513"}],"wp:attachment":[{"href":"https:\/\/www.gaveanews.com\/index.php\/wp-json\/wp\/v2\/media?parent=240190"}],"wp:term":[{"taxonomy":"category","embeddable":true,"href":"https:\/\/www.gaveanews.com\/index.php\/wp-json\/wp\/v2\/categories?post=240190"},{"taxonomy":"post_tag","embeddable":true,"href":"https:\/\/www.gaveanews.com\/index.php\/wp-json\/wp\/v2\/tags?post=240190"}],"curies":[{"name":"wp","href":"https:\/\/api.w.org\/{rel}","templated":true}]}}