{"id":240423,"date":"2025-03-15T14:10:00","date_gmt":"2025-03-15T17:10:00","guid":{"rendered":"https:\/\/www.gaveanews.com\/?p=240423"},"modified":"2025-03-15T13:55:05","modified_gmt":"2025-03-15T16:55:05","slug":"weverton-do-palmeiras-manda-recado-para-ramon-diaz-do-corinthians","status":"publish","type":"post","link":"https:\/\/www.gaveanews.com\/index.php\/2025\/03\/15\/weverton-do-palmeiras-manda-recado-para-ramon-diaz-do-corinthians\/","title":{"rendered":"Weverton, do Palmeiras, manda recado para Ram\u00f3n D\u00edaz, do Corinthians"},"content":{"rendered":"\n<p>Palmeiras e Corinthians voltam a se enfrentar em uma final do Campeonato Paulista ap\u00f3s cinco anos. O primeiro duelo da decis\u00e3o acontece neste domingo (16), no Allianz Parque, e promete fortes emo\u00e7\u00f5es para os torcedores das duas equipes. A defini\u00e7\u00e3o do campe\u00e3o, no entanto, ser\u00e1 na Neo Qu\u00edmica Arena, o que pode influenciar no desfecho do confronto.<\/p>\n\n\n\n<p>O Palmeiras chega \u00e0 final com a chance de conquistar um feito hist\u00f3rico. Atual tricampe\u00e3o estadual, a equipe de Abel Ferreira pode se tornar tetracampe\u00e3, algo que n\u00e3o acontece h\u00e1 mais de um s\u00e9culo no torneio. O goleiro Weverton destacou a relev\u00e2ncia do D\u00e9rbi e a oportunidade de marcar seu nome na hist\u00f3ria. \u201c\u00c9 um grande jogo de duas grandes equipes. Tem tudo para ser dois grandes jogos, disputados como um D\u00e9rbi sempre \u00e9. Esperamos estar inspirados para conseguir o grande objetivo\u201d, afirmou. Al\u00e9m disso, o arqueiro mandou um recado para Ram\u00f3n D\u00edaz: \u201c\u00c9 uma oportunidade de fazer hist\u00f3ria\u201d, enfatizando a import\u00e2ncia do confronto para ambas as equipes.<\/p>\n\n\n\n<figure class=\"wp-block-image size-large\"><img loading=\"lazy\" decoding=\"async\" width=\"905\" height=\"1024\" src=\"http:\/\/www.gaveanews.com\/wp-content\/uploads\/Weverton-durante-o-jogo-entre-Botafogo-x-Palmeiras-pelo-Brasileirao-2024-905x1024.webp\" alt=\"\" class=\"wp-image-153071\" srcset=\"https:\/\/www.gaveanews.com\/wp-content\/uploads\/Weverton-durante-o-jogo-entre-Botafogo-x-Palmeiras-pelo-Brasileirao-2024-905x1024.webp 905w, https:\/\/www.gaveanews.com\/wp-content\/uploads\/Weverton-durante-o-jogo-entre-Botafogo-x-Palmeiras-pelo-Brasileirao-2024-265x300.webp 265w, https:\/\/www.gaveanews.com\/wp-content\/uploads\/Weverton-durante-o-jogo-entre-Botafogo-x-Palmeiras-pelo-Brasileirao-2024-768x869.webp 768w, https:\/\/www.gaveanews.com\/wp-content\/uploads\/Weverton-durante-o-jogo-entre-Botafogo-x-Palmeiras-pelo-Brasileirao-2024-371x420.webp 371w, https:\/\/www.gaveanews.com\/wp-content\/uploads\/Weverton-durante-o-jogo-entre-Botafogo-x-Palmeiras-pelo-Brasileirao-2024-742x840.webp 742w, https:\/\/www.gaveanews.com\/wp-content\/uploads\/Weverton-durante-o-jogo-entre-Botafogo-x-Palmeiras-pelo-Brasileirao-2024-640x725.webp 640w, https:\/\/www.gaveanews.com\/wp-content\/uploads\/Weverton-durante-o-jogo-entre-Botafogo-x-Palmeiras-pelo-Brasileirao-2024-1280x1449.webp 1280w, https:\/\/www.gaveanews.com\/wp-content\/uploads\/Weverton-durante-o-jogo-entre-Botafogo-x-Palmeiras-pelo-Brasileirao-2024-681x771.webp 681w, https:\/\/www.gaveanews.com\/wp-content\/uploads\/Weverton-durante-o-jogo-entre-Botafogo-x-Palmeiras-pelo-Brasileirao-2024-100x113.webp 100w, https:\/\/www.gaveanews.com\/wp-content\/uploads\/Weverton-durante-o-jogo-entre-Botafogo-x-Palmeiras-pelo-Brasileirao-2024.webp 1325w\" sizes=\"auto, (max-width: 905px) 100vw, 905px\" \/><figcaption class=\"wp-element-caption\">Weverton durante o jogo entre Botafogo x Palmeiras pelo Brasileir\u00e3o 2024 (Foto: Cesar Greco\/Palmeiras)<\/figcaption><\/figure>\n\n\n\n<p>Pelo lado do Corinthians, a situa\u00e7\u00e3o \u00e9 de press\u00e3o. A equipe comandada por Ram\u00f3n D\u00edaz foi eliminada da Libertadores mesmo ap\u00f3s vencer o Barcelona de Guayaquil por 2 a 0. Agora, disputar\u00e1 a Sul-Americana e v\u00ea o treinador amea\u00e7ado no cargo. Caso perca o Paulist\u00e3o, a demiss\u00e3o de D\u00edaz \u00e9 uma possibilidade real.<\/p>\n\n\n\n<p>A rivalidade entre os clubes ganha ainda mais peso com o hist\u00f3rico recente. Em 2020, o Palmeiras impediu o Corinthians de conquistar o tetracampeonato estadual ao vencer a decis\u00e3o nos p\u00eanaltis. Agora, o Tim\u00e3o tenta dar o troco e impedir que o rival alcance o mesmo feito.<\/p>\n\n\n\n<p>Al\u00e9m da disputa pelo t\u00edtulo, quest\u00f5es envolvendo jogadores tamb\u00e9m chamam aten\u00e7\u00e3o. O meia Garro ainda \u00e9 d\u00favida para o confronto, o que pode impactar as op\u00e7\u00f5es t\u00e1ticas de Ram\u00f3n D\u00edaz. J\u00e1 o atacante \u00c1ngel Romero exaltou a import\u00e2ncia do cl\u00e1ssico e ressaltou a necessidade de concentra\u00e7\u00e3o total para buscar o t\u00edtulo.<\/p>\n\n\n\n<p>Com ingredientes de sobra para uma grande final, Palmeiras e Corinthians prometem mais um cap\u00edtulo eletrizante na hist\u00f3ria do D\u00e9rbi. O jogo de ida ser\u00e1 crucial para definir os rumos do confronto e deixar a disputa ainda mais intensa para a decis\u00e3o na casa corintiana.<\/p>\n","protected":false},"excerpt":{"rendered":"<p>Palmeiras e Corinthians voltam a se enfrentar em uma final do Campeonato Paulista ap\u00f3s cinco anos. O primeiro duelo da decis\u00e3o acontece neste domingo (16), no Allianz Parque, e promete fortes emo\u00e7\u00f5es para os torcedores das duas equipes. A defini\u00e7\u00e3o do campe\u00e3o, no entanto, ser\u00e1 na Neo Qu\u00edmica Arena, o que pode influenciar no desfecho [&hellip;]<\/p>\n","protected":false},"author":27,"featured_media":152159,"comment_status":"open","ping_status":"closed","sticky":false,"template":"","format":"standard","meta":{"footnotes":""},"categories":[141,150],"tags":[],"class_list":["post-240423","post","type-post","status-publish","format-standard","has-post-thumbnail","hentry","category-corinthians","category-palmeiras"],"yoast_head":"<!-- This site is optimized with the Yoast SEO Premium plugin v24.2 (Yoast SEO v26.9) - https:\/\/yoast.com\/product\/yoast-seo-premium-wordpress\/ -->\n<title>Weverton, do Palmeiras, manda recado para Ram\u00f3n D\u00edaz, do Corinthians<\/title>\n<meta name=\"robots\" content=\"index, follow, max-snippet:-1, max-image-preview:large, max-video-preview:-1\" \/>\n<link rel=\"canonical\" href=\"https:\/\/www.gaveanews.com\/index.php\/2025\/03\/15\/weverton-do-palmeiras-manda-recado-para-ramon-diaz-do-corinthians\/\" \/>\n<meta property=\"og:locale\" content=\"pt_BR\" \/>\n<meta property=\"og:type\" content=\"article\" \/>\n<meta property=\"og:title\" content=\"Weverton, do Palmeiras, manda recado para Ram\u00f3n D\u00edaz, do Corinthians\" \/>\n<meta property=\"og:description\" content=\"Palmeiras e Corinthians voltam a se enfrentar em uma final do Campeonato Paulista ap\u00f3s cinco anos. O primeiro duelo da decis\u00e3o acontece neste domingo (16), no Allianz Parque, e promete fortes emo\u00e7\u00f5es para os torcedores das duas equipes. A defini\u00e7\u00e3o do campe\u00e3o, no entanto, ser\u00e1 na Neo Qu\u00edmica Arena, o que pode influenciar no desfecho [&hellip;]\" \/>\n<meta property=\"og:url\" content=\"https:\/\/www.gaveanews.com\/index.php\/2025\/03\/15\/weverton-do-palmeiras-manda-recado-para-ramon-diaz-do-corinthians\/\" \/>\n<meta property=\"og:site_name\" content=\"G\u00e1vea News\" \/>\n<meta property=\"article:publisher\" content=\"https:\/\/facebook.com\/gaveaNews\/\" \/>\n<meta property=\"article:published_time\" content=\"2025-03-15T17:10:00+00:00\" \/>\n<meta property=\"og:image\" content=\"https:\/\/www.gaveanews.com\/wp-content\/uploads\/Escudo-do-Palmeiras.webp\" \/>\n\t<meta property=\"og:image:width\" content=\"1000\" \/>\n\t<meta property=\"og:image:height\" content=\"667\" \/>\n\t<meta property=\"og:image:type\" content=\"image\/webp\" \/>\n<meta name=\"author\" content=\"Matheus Felipe\" \/>\n<meta name=\"twitter:card\" content=\"summary_large_image\" \/>\n<meta name=\"twitter:label1\" content=\"Escrito por\" \/>\n\t<meta name=\"twitter:data1\" content=\"Matheus Felipe\" \/>\n\t<meta name=\"twitter:label2\" content=\"Est. tempo de leitura\" \/>\n\t<meta name=\"twitter:data2\" content=\"3 minutos\" \/>\n<script type=\"application\/ld+json\" class=\"yoast-schema-graph\">{\"@context\":\"https:\/\/schema.org\",\"@graph\":[{\"@type\":\"NewsArticle\",\"@id\":\"https:\/\/www.gaveanews.com\/index.php\/2025\/03\/15\/weverton-do-palmeiras-manda-recado-para-ramon-diaz-do-corinthians\/#article\",\"isPartOf\":{\"@id\":\"https:\/\/www.gaveanews.com\/index.php\/2025\/03\/15\/weverton-do-palmeiras-manda-recado-para-ramon-diaz-do-corinthians\/\"},\"author\":{\"name\":\"Matheus Felipe\",\"@id\":\"https:\/\/www.gaveanews.com\/#\/schema\/person\/8207cd4627f56151707418bfc835b2fb\"},\"headline\":\"Weverton, do Palmeiras, manda recado para Ram\u00f3n D\u00edaz, do Corinthians\",\"datePublished\":\"2025-03-15T17:10:00+00:00\",\"mainEntityOfPage\":{\"@id\":\"https:\/\/www.gaveanews.com\/index.php\/2025\/03\/15\/weverton-do-palmeiras-manda-recado-para-ramon-diaz-do-corinthians\/\"},\"wordCount\":427,\"commentCount\":0,\"image\":{\"@id\":\"https:\/\/www.gaveanews.com\/index.php\/2025\/03\/15\/weverton-do-palmeiras-manda-recado-para-ramon-diaz-do-corinthians\/#primaryimage\"},\"thumbnailUrl\":\"https:\/\/www.gaveanews.com\/wp-content\/uploads\/Escudo-do-Palmeiras.webp\",\"articleSection\":[\"Corinthians\",\"Palmeiras\"],\"inLanguage\":\"pt-BR\",\"potentialAction\":[{\"@type\":\"CommentAction\",\"name\":\"Comment\",\"target\":[\"https:\/\/www.gaveanews.com\/index.php\/2025\/03\/15\/weverton-do-palmeiras-manda-recado-para-ramon-diaz-do-corinthians\/#respond\"]}],\"copyrightYear\":\"2025\",\"copyrightHolder\":{\"@id\":\"https:\/\/www.gaveanews.com\/#organization\"}},{\"@type\":\"WebPage\",\"@id\":\"https:\/\/www.gaveanews.com\/index.php\/2025\/03\/15\/weverton-do-palmeiras-manda-recado-para-ramon-diaz-do-corinthians\/\",\"url\":\"https:\/\/www.gaveanews.com\/index.php\/2025\/03\/15\/weverton-do-palmeiras-manda-recado-para-ramon-diaz-do-corinthians\/\",\"name\":\"Weverton, do Palmeiras, manda recado para Ram\u00f3n D\u00edaz, do Corinthians\",\"isPartOf\":{\"@id\":\"https:\/\/www.gaveanews.com\/#website\"},\"primaryImageOfPage\":{\"@id\":\"https:\/\/www.gaveanews.com\/index.php\/2025\/03\/15\/weverton-do-palmeiras-manda-recado-para-ramon-diaz-do-corinthians\/#primaryimage\"},\"image\":{\"@id\":\"https:\/\/www.gaveanews.com\/index.php\/2025\/03\/15\/weverton-do-palmeiras-manda-recado-para-ramon-diaz-do-corinthians\/#primaryimage\"},\"thumbnailUrl\":\"https:\/\/www.gaveanews.com\/wp-content\/uploads\/Escudo-do-Palmeiras.webp\",\"datePublished\":\"2025-03-15T17:10:00+00:00\",\"author\":{\"@id\":\"https:\/\/www.gaveanews.com\/#\/schema\/person\/8207cd4627f56151707418bfc835b2fb\"},\"breadcrumb\":{\"@id\":\"https:\/\/www.gaveanews.com\/index.php\/2025\/03\/15\/weverton-do-palmeiras-manda-recado-para-ramon-diaz-do-corinthians\/#breadcrumb\"},\"inLanguage\":\"pt-BR\",\"potentialAction\":[{\"@type\":\"ReadAction\",\"target\":[\"https:\/\/www.gaveanews.com\/index.php\/2025\/03\/15\/weverton-do-palmeiras-manda-recado-para-ramon-diaz-do-corinthians\/\"]}]},{\"@type\":\"ImageObject\",\"inLanguage\":\"pt-BR\",\"@id\":\"https:\/\/www.gaveanews.com\/index.php\/2025\/03\/15\/weverton-do-palmeiras-manda-recado-para-ramon-diaz-do-corinthians\/#primaryimage\",\"url\":\"https:\/\/www.gaveanews.com\/wp-content\/uploads\/Escudo-do-Palmeiras.webp\",\"contentUrl\":\"https:\/\/www.gaveanews.com\/wp-content\/uploads\/Escudo-do-Palmeiras.webp\",\"width\":1000,\"height\":667,\"caption\":\"Escudo do Palmeiras (Foto Reprodu\u00e7\u00e3o\/Instagram)\"},{\"@type\":\"BreadcrumbList\",\"@id\":\"https:\/\/www.gaveanews.com\/index.php\/2025\/03\/15\/weverton-do-palmeiras-manda-recado-para-ramon-diaz-do-corinthians\/#breadcrumb\",\"itemListElement\":[{\"@type\":\"ListItem\",\"position\":1,\"name\":\"Home\",\"item\":\"https:\/\/www.gaveanews.com\/\"},{\"@type\":\"ListItem\",\"position\":2,\"name\":\"Weverton, do Palmeiras, manda recado para Ram\u00f3n D\u00edaz, do Corinthians\"}]},{\"@type\":\"WebSite\",\"@id\":\"https:\/\/www.gaveanews.com\/#website\",\"url\":\"https:\/\/www.gaveanews.com\/\",\"name\":\"G\u00e1vea News\",\"description\":\"Veja todas as not\u00edcias sobre o Flamengo: Contrata\u00e7\u00f5es, categorias de base, resultados das partidas, tabela de classifica\u00e7\u00e3o, pr\u00f3ximos jogos!\",\"potentialAction\":[{\"@type\":\"SearchAction\",\"target\":{\"@type\":\"EntryPoint\",\"urlTemplate\":\"https:\/\/www.gaveanews.com\/?s={search_term_string}\"},\"query-input\":{\"@type\":\"PropertyValueSpecification\",\"valueRequired\":true,\"valueName\":\"search_term_string\"}}],\"inLanguage\":\"pt-BR\"},{\"@type\":\"Person\",\"@id\":\"https:\/\/www.gaveanews.com\/#\/schema\/person\/8207cd4627f56151707418bfc835b2fb\",\"name\":\"Matheus Felipe\",\"image\":{\"@type\":\"ImageObject\",\"inLanguage\":\"pt-BR\",\"@id\":\"https:\/\/www.gaveanews.com\/#\/schema\/person\/image\/\",\"url\":\"https:\/\/secure.gravatar.com\/avatar\/a452ffbed9130f726358b298bb3a99ce4bd3c5338411f8440e87e14d74c7c087?s=96&d=mm&r=g\",\"contentUrl\":\"https:\/\/secure.gravatar.com\/avatar\/a452ffbed9130f726358b298bb3a99ce4bd3c5338411f8440e87e14d74c7c087?s=96&d=mm&r=g\",\"caption\":\"Matheus Felipe\"}}]}<\/script>\n<!-- \/ Yoast SEO Premium plugin. -->","yoast_head_json":{"title":"Weverton, do Palmeiras, manda recado para Ram\u00f3n D\u00edaz, do Corinthians","robots":{"index":"index","follow":"follow","max-snippet":"max-snippet:-1","max-image-preview":"max-image-preview:large","max-video-preview":"max-video-preview:-1"},"canonical":"https:\/\/www.gaveanews.com\/index.php\/2025\/03\/15\/weverton-do-palmeiras-manda-recado-para-ramon-diaz-do-corinthians\/","og_locale":"pt_BR","og_type":"article","og_title":"Weverton, do Palmeiras, manda recado para Ram\u00f3n D\u00edaz, do Corinthians","og_description":"Palmeiras e Corinthians voltam a se enfrentar em uma final do Campeonato Paulista ap\u00f3s cinco anos. O primeiro duelo da decis\u00e3o acontece neste domingo (16), no Allianz Parque, e promete fortes emo\u00e7\u00f5es para os torcedores das duas equipes. A defini\u00e7\u00e3o do campe\u00e3o, no entanto, ser\u00e1 na Neo Qu\u00edmica Arena, o que pode influenciar no desfecho [&hellip;]","og_url":"https:\/\/www.gaveanews.com\/index.php\/2025\/03\/15\/weverton-do-palmeiras-manda-recado-para-ramon-diaz-do-corinthians\/","og_site_name":"G\u00e1vea News","article_publisher":"https:\/\/facebook.com\/gaveaNews\/","article_published_time":"2025-03-15T17:10:00+00:00","og_image":[{"width":1000,"height":667,"url":"https:\/\/www.gaveanews.com\/wp-content\/uploads\/Escudo-do-Palmeiras.webp","type":"image\/webp"}],"author":"Matheus Felipe","twitter_card":"summary_large_image","twitter_misc":{"Escrito por":"Matheus Felipe","Est. tempo de leitura":"3 minutos"},"schema":{"@context":"https:\/\/schema.org","@graph":[{"@type":"NewsArticle","@id":"https:\/\/www.gaveanews.com\/index.php\/2025\/03\/15\/weverton-do-palmeiras-manda-recado-para-ramon-diaz-do-corinthians\/#article","isPartOf":{"@id":"https:\/\/www.gaveanews.com\/index.php\/2025\/03\/15\/weverton-do-palmeiras-manda-recado-para-ramon-diaz-do-corinthians\/"},"author":{"name":"Matheus Felipe","@id":"https:\/\/www.gaveanews.com\/#\/schema\/person\/8207cd4627f56151707418bfc835b2fb"},"headline":"Weverton, do Palmeiras, manda recado para Ram\u00f3n D\u00edaz, do Corinthians","datePublished":"2025-03-15T17:10:00+00:00","mainEntityOfPage":{"@id":"https:\/\/www.gaveanews.com\/index.php\/2025\/03\/15\/weverton-do-palmeiras-manda-recado-para-ramon-diaz-do-corinthians\/"},"wordCount":427,"commentCount":0,"image":{"@id":"https:\/\/www.gaveanews.com\/index.php\/2025\/03\/15\/weverton-do-palmeiras-manda-recado-para-ramon-diaz-do-corinthians\/#primaryimage"},"thumbnailUrl":"https:\/\/www.gaveanews.com\/wp-content\/uploads\/Escudo-do-Palmeiras.webp","articleSection":["Corinthians","Palmeiras"],"inLanguage":"pt-BR","potentialAction":[{"@type":"CommentAction","name":"Comment","target":["https:\/\/www.gaveanews.com\/index.php\/2025\/03\/15\/weverton-do-palmeiras-manda-recado-para-ramon-diaz-do-corinthians\/#respond"]}],"copyrightYear":"2025","copyrightHolder":{"@id":"https:\/\/www.gaveanews.com\/#organization"}},{"@type":"WebPage","@id":"https:\/\/www.gaveanews.com\/index.php\/2025\/03\/15\/weverton-do-palmeiras-manda-recado-para-ramon-diaz-do-corinthians\/","url":"https:\/\/www.gaveanews.com\/index.php\/2025\/03\/15\/weverton-do-palmeiras-manda-recado-para-ramon-diaz-do-corinthians\/","name":"Weverton, do Palmeiras, manda recado para Ram\u00f3n D\u00edaz, do Corinthians","isPartOf":{"@id":"https:\/\/www.gaveanews.com\/#website"},"primaryImageOfPage":{"@id":"https:\/\/www.gaveanews.com\/index.php\/2025\/03\/15\/weverton-do-palmeiras-manda-recado-para-ramon-diaz-do-corinthians\/#primaryimage"},"image":{"@id":"https:\/\/www.gaveanews.com\/index.php\/2025\/03\/15\/weverton-do-palmeiras-manda-recado-para-ramon-diaz-do-corinthians\/#primaryimage"},"thumbnailUrl":"https:\/\/www.gaveanews.com\/wp-content\/uploads\/Escudo-do-Palmeiras.webp","datePublished":"2025-03-15T17:10:00+00:00","author":{"@id":"https:\/\/www.gaveanews.com\/#\/schema\/person\/8207cd4627f56151707418bfc835b2fb"},"breadcrumb":{"@id":"https:\/\/www.gaveanews.com\/index.php\/2025\/03\/15\/weverton-do-palmeiras-manda-recado-para-ramon-diaz-do-corinthians\/#breadcrumb"},"inLanguage":"pt-BR","potentialAction":[{"@type":"ReadAction","target":["https:\/\/www.gaveanews.com\/index.php\/2025\/03\/15\/weverton-do-palmeiras-manda-recado-para-ramon-diaz-do-corinthians\/"]}]},{"@type":"ImageObject","inLanguage":"pt-BR","@id":"https:\/\/www.gaveanews.com\/index.php\/2025\/03\/15\/weverton-do-palmeiras-manda-recado-para-ramon-diaz-do-corinthians\/#primaryimage","url":"https:\/\/www.gaveanews.com\/wp-content\/uploads\/Escudo-do-Palmeiras.webp","contentUrl":"https:\/\/www.gaveanews.com\/wp-content\/uploads\/Escudo-do-Palmeiras.webp","width":1000,"height":667,"caption":"Escudo do Palmeiras (Foto Reprodu\u00e7\u00e3o\/Instagram)"},{"@type":"BreadcrumbList","@id":"https:\/\/www.gaveanews.com\/index.php\/2025\/03\/15\/weverton-do-palmeiras-manda-recado-para-ramon-diaz-do-corinthians\/#breadcrumb","itemListElement":[{"@type":"ListItem","position":1,"name":"Home","item":"https:\/\/www.gaveanews.com\/"},{"@type":"ListItem","position":2,"name":"Weverton, do Palmeiras, manda recado para Ram\u00f3n D\u00edaz, do Corinthians"}]},{"@type":"WebSite","@id":"https:\/\/www.gaveanews.com\/#website","url":"https:\/\/www.gaveanews.com\/","name":"G\u00e1vea News","description":"Veja todas as not\u00edcias sobre o Flamengo: Contrata\u00e7\u00f5es, categorias de base, resultados das partidas, tabela de classifica\u00e7\u00e3o, pr\u00f3ximos jogos!","potentialAction":[{"@type":"SearchAction","target":{"@type":"EntryPoint","urlTemplate":"https:\/\/www.gaveanews.com\/?s={search_term_string}"},"query-input":{"@type":"PropertyValueSpecification","valueRequired":true,"valueName":"search_term_string"}}],"inLanguage":"pt-BR"},{"@type":"Person","@id":"https:\/\/www.gaveanews.com\/#\/schema\/person\/8207cd4627f56151707418bfc835b2fb","name":"Matheus Felipe","image":{"@type":"ImageObject","inLanguage":"pt-BR","@id":"https:\/\/www.gaveanews.com\/#\/schema\/person\/image\/","url":"https:\/\/secure.gravatar.com\/avatar\/a452ffbed9130f726358b298bb3a99ce4bd3c5338411f8440e87e14d74c7c087?s=96&d=mm&r=g","contentUrl":"https:\/\/secure.gravatar.com\/avatar\/a452ffbed9130f726358b298bb3a99ce4bd3c5338411f8440e87e14d74c7c087?s=96&d=mm&r=g","caption":"Matheus Felipe"}}]}},"_links":{"self":[{"href":"https:\/\/www.gaveanews.com\/index.php\/wp-json\/wp\/v2\/posts\/240423","targetHints":{"allow":["GET"]}}],"collection":[{"href":"https:\/\/www.gaveanews.com\/index.php\/wp-json\/wp\/v2\/posts"}],"about":[{"href":"https:\/\/www.gaveanews.com\/index.php\/wp-json\/wp\/v2\/types\/post"}],"author":[{"embeddable":true,"href":"https:\/\/www.gaveanews.com\/index.php\/wp-json\/wp\/v2\/users\/27"}],"replies":[{"embeddable":true,"href":"https:\/\/www.gaveanews.com\/index.php\/wp-json\/wp\/v2\/comments?post=240423"}],"version-history":[{"count":1,"href":"https:\/\/www.gaveanews.com\/index.php\/wp-json\/wp\/v2\/posts\/240423\/revisions"}],"predecessor-version":[{"id":240425,"href":"https:\/\/www.gaveanews.com\/index.php\/wp-json\/wp\/v2\/posts\/240423\/revisions\/240425"}],"wp:featuredmedia":[{"embeddable":true,"href":"https:\/\/www.gaveanews.com\/index.php\/wp-json\/wp\/v2\/media\/152159"}],"wp:attachment":[{"href":"https:\/\/www.gaveanews.com\/index.php\/wp-json\/wp\/v2\/media?parent=240423"}],"wp:term":[{"taxonomy":"category","embeddable":true,"href":"https:\/\/www.gaveanews.com\/index.php\/wp-json\/wp\/v2\/categories?post=240423"},{"taxonomy":"post_tag","embeddable":true,"href":"https:\/\/www.gaveanews.com\/index.php\/wp-json\/wp\/v2\/tags?post=240423"}],"curies":[{"name":"wp","href":"https:\/\/api.w.org\/{rel}","templated":true}]}}