{"id":240436,"date":"2025-03-15T14:40:00","date_gmt":"2025-03-15T17:40:00","guid":{"rendered":"https:\/\/www.gaveanews.com\/?p=240436"},"modified":"2025-03-15T14:20:57","modified_gmt":"2025-03-15T17:20:57","slug":"palmeiras-x-corinthians-vidente-crava-o-que-pode-acontecer-no-classico","status":"publish","type":"post","link":"https:\/\/www.gaveanews.com\/index.php\/2025\/03\/15\/palmeiras-x-corinthians-vidente-crava-o-que-pode-acontecer-no-classico\/","title":{"rendered":"Palmeiras x Corinthians: Vidente crava o que pode acontecer no cl\u00e1ssico"},"content":{"rendered":"\n<p>Neste domingo (16), Palmeiras e Corinthians iniciam a disputa pelo t\u00edtulo do Campeonato Paulista 2025. O primeiro confronto da final acontece no Allianz Parque, a partir das 18h30 (hor\u00e1rio de Bras\u00edlia). O cl\u00e1ssico promete ser marcado por muita intensidade, especialmente pelo momento vivido pelo Corinthians.<\/p>\n\n\n\n<p>O time comandado por Ram\u00f3n D\u00edaz chega pressionado ap\u00f3s a elimina\u00e7\u00e3o na Copa Libertadores no meio da semana. Com isso, o D\u00e9rbi ganha ainda mais import\u00e2ncia para a equipe, que precisa de um bom resultado para aliviar a situa\u00e7\u00e3o. Al\u00e9m disso, h\u00e1 incertezas sobre a escala\u00e7\u00e3o, j\u00e1 que Garro segue como d\u00favida para a partida, enquanto Angileri pode ser uma novidade entre os relacionados.<\/p>\n\n\n\n<figure class=\"wp-block-image size-large\"><img loading=\"lazy\" decoding=\"async\" width=\"732\" height=\"1024\" src=\"http:\/\/www.gaveanews.com\/wp-content\/uploads\/taca-paulistao-2024-732x1024.webp\" alt=\"\" class=\"wp-image-192594\" srcset=\"https:\/\/www.gaveanews.com\/wp-content\/uploads\/taca-paulistao-2024-732x1024.webp 732w, https:\/\/www.gaveanews.com\/wp-content\/uploads\/taca-paulistao-2024-215x300.webp 215w, https:\/\/www.gaveanews.com\/wp-content\/uploads\/taca-paulistao-2024-768x1074.webp 768w, https:\/\/www.gaveanews.com\/wp-content\/uploads\/taca-paulistao-2024-300x420.webp 300w, https:\/\/www.gaveanews.com\/wp-content\/uploads\/taca-paulistao-2024-601x840.webp 601w, https:\/\/www.gaveanews.com\/wp-content\/uploads\/taca-paulistao-2024-640x895.webp 640w, https:\/\/www.gaveanews.com\/wp-content\/uploads\/taca-paulistao-2024-681x952.webp 681w, https:\/\/www.gaveanews.com\/wp-content\/uploads\/taca-paulistao-2024-100x140.webp 100w, https:\/\/www.gaveanews.com\/wp-content\/uploads\/taca-paulistao-2024.webp 984w\" sizes=\"auto, (max-width: 732px) 100vw, 732px\" \/><figcaption class=\"wp-element-caption\">ta\u00e7a paulist\u00e3o 2024 (Foto: Jo\u00e3o Loureiro\/Ag. Paulist\u00e3o)<\/figcaption><\/figure>\n\n\n\n<p>A partida tamb\u00e9m tem sido cercada por previs\u00f5es extracampo. O vidente Luiz Filho, do canal Renascer das Cartas no YouTube, fez uma an\u00e1lise espiritual sobre o confronto. Segundo ele, o Palmeiras pode enfrentar dificuldades na montagem do time e precisar\u00e1 de ajustes durante o jogo. Do outro lado, o Corinthians ter\u00e1 oportunidades, mas pode sofrer oscila\u00e7\u00f5es ao longo da partida.<\/p>\n\n\n\n<p>Ainda de acordo com o vidente, o equil\u00edbrio ser\u00e1 um fator determinante no duelo, mas as energias estariam mais favor\u00e1veis ao time de Yuri Alberto para conquistar a vit\u00f3ria no primeiro jogo da decis\u00e3o. A previs\u00e3o gerou repercuss\u00e3o entre torcedores, mas dentro de campo, os jogadores sabem que o resultado depender\u00e1 do desempenho coletivo.<\/p>\n\n\n\n<p>Nos bastidores, o clima de decis\u00e3o tamb\u00e9m foi refletido nas declara\u00e7\u00f5es de ex-jogadores. Romero destacou a import\u00e2ncia do D\u00e9rbi e a motiva\u00e7\u00e3o que um jogo desse porte proporciona. J\u00e1 Vampeta opinou sobre o futuro de Ram\u00f3n D\u00edaz, sugerindo que o t\u00e9cnico pode ser demitido caso a equipe n\u00e3o apresente um bom desempenho na final.<\/p>\n\n\n\n<p>A transmiss\u00e3o do confronto ser\u00e1 feita ao vivo pelo site Bolavip Brasil, que acompanhar\u00e1 os detalhes do cl\u00e1ssico em tempo real. O portal inicia a cobertura especial uma hora e meia antes do in\u00edcio da partida, trazendo informa\u00e7\u00f5es sobre escala\u00e7\u00f5es, arbitragem e contexto da final do Campeonato Paulista 2025.<\/p>\n","protected":false},"excerpt":{"rendered":"<p>Neste domingo (16), Palmeiras e Corinthians iniciam a disputa pelo t\u00edtulo do Campeonato Paulista 2025. O primeiro confronto da final acontece no Allianz Parque, a partir das 18h30 (hor\u00e1rio de Bras\u00edlia). O cl\u00e1ssico promete ser marcado por muita intensidade, especialmente pelo momento vivido pelo Corinthians. O time comandado por Ram\u00f3n D\u00edaz chega pressionado ap\u00f3s a [&hellip;]<\/p>\n","protected":false},"author":27,"featured_media":155414,"comment_status":"open","ping_status":"closed","sticky":false,"template":"","format":"standard","meta":{"footnotes":""},"categories":[141,150],"tags":[],"class_list":["post-240436","post","type-post","status-publish","format-standard","has-post-thumbnail","hentry","category-corinthians","category-palmeiras"],"yoast_head":"<!-- This site is optimized with the Yoast SEO Premium plugin v24.2 (Yoast SEO v26.9) - https:\/\/yoast.com\/product\/yoast-seo-premium-wordpress\/ -->\n<title>Palmeiras x Corinthians: Vidente crava o que pode acontecer no cl\u00e1ssico<\/title>\n<meta name=\"robots\" content=\"index, follow, max-snippet:-1, max-image-preview:large, max-video-preview:-1\" \/>\n<link rel=\"canonical\" href=\"https:\/\/www.gaveanews.com\/index.php\/2025\/03\/15\/palmeiras-x-corinthians-vidente-crava-o-que-pode-acontecer-no-classico\/\" \/>\n<meta property=\"og:locale\" content=\"pt_BR\" \/>\n<meta property=\"og:type\" content=\"article\" \/>\n<meta property=\"og:title\" content=\"Palmeiras x Corinthians: Vidente crava o que pode acontecer no cl\u00e1ssico\" \/>\n<meta property=\"og:description\" content=\"Neste domingo (16), Palmeiras e Corinthians iniciam a disputa pelo t\u00edtulo do Campeonato Paulista 2025. O primeiro confronto da final acontece no Allianz Parque, a partir das 18h30 (hor\u00e1rio de Bras\u00edlia). O cl\u00e1ssico promete ser marcado por muita intensidade, especialmente pelo momento vivido pelo Corinthians. O time comandado por Ram\u00f3n D\u00edaz chega pressionado ap\u00f3s a [&hellip;]\" \/>\n<meta property=\"og:url\" content=\"https:\/\/www.gaveanews.com\/index.php\/2025\/03\/15\/palmeiras-x-corinthians-vidente-crava-o-que-pode-acontecer-no-classico\/\" \/>\n<meta property=\"og:site_name\" content=\"G\u00e1vea News\" \/>\n<meta property=\"article:publisher\" content=\"https:\/\/facebook.com\/gaveaNews\/\" \/>\n<meta property=\"article:published_time\" content=\"2025-03-15T17:40:00+00:00\" \/>\n<meta property=\"og:image\" content=\"https:\/\/www.gaveanews.com\/wp-content\/uploads\/Escudos-de-Palmeiras-e-Corinthians.webp\" \/>\n\t<meta property=\"og:image:width\" content=\"900\" \/>\n\t<meta property=\"og:image:height\" content=\"600\" \/>\n\t<meta property=\"og:image:type\" content=\"image\/jpeg\" \/>\n<meta name=\"author\" content=\"Matheus Felipe\" \/>\n<meta name=\"twitter:card\" content=\"summary_large_image\" \/>\n<meta name=\"twitter:label1\" content=\"Escrito por\" \/>\n\t<meta name=\"twitter:data1\" content=\"Matheus Felipe\" \/>\n\t<meta name=\"twitter:label2\" content=\"Est. tempo de leitura\" \/>\n\t<meta name=\"twitter:data2\" content=\"3 minutos\" \/>\n<script type=\"application\/ld+json\" class=\"yoast-schema-graph\">{\"@context\":\"https:\/\/schema.org\",\"@graph\":[{\"@type\":\"NewsArticle\",\"@id\":\"https:\/\/www.gaveanews.com\/index.php\/2025\/03\/15\/palmeiras-x-corinthians-vidente-crava-o-que-pode-acontecer-no-classico\/#article\",\"isPartOf\":{\"@id\":\"https:\/\/www.gaveanews.com\/index.php\/2025\/03\/15\/palmeiras-x-corinthians-vidente-crava-o-que-pode-acontecer-no-classico\/\"},\"author\":{\"name\":\"Matheus Felipe\",\"@id\":\"https:\/\/www.gaveanews.com\/#\/schema\/person\/8207cd4627f56151707418bfc835b2fb\"},\"headline\":\"Palmeiras x Corinthians: Vidente crava o que pode acontecer no cl\u00e1ssico\",\"datePublished\":\"2025-03-15T17:40:00+00:00\",\"mainEntityOfPage\":{\"@id\":\"https:\/\/www.gaveanews.com\/index.php\/2025\/03\/15\/palmeiras-x-corinthians-vidente-crava-o-que-pode-acontecer-no-classico\/\"},\"wordCount\":385,\"commentCount\":0,\"image\":{\"@id\":\"https:\/\/www.gaveanews.com\/index.php\/2025\/03\/15\/palmeiras-x-corinthians-vidente-crava-o-que-pode-acontecer-no-classico\/#primaryimage\"},\"thumbnailUrl\":\"https:\/\/www.gaveanews.com\/wp-content\/uploads\/Escudos-de-Palmeiras-e-Corinthians.webp\",\"articleSection\":[\"Corinthians\",\"Palmeiras\"],\"inLanguage\":\"pt-BR\",\"potentialAction\":[{\"@type\":\"CommentAction\",\"name\":\"Comment\",\"target\":[\"https:\/\/www.gaveanews.com\/index.php\/2025\/03\/15\/palmeiras-x-corinthians-vidente-crava-o-que-pode-acontecer-no-classico\/#respond\"]}],\"copyrightYear\":\"2025\",\"copyrightHolder\":{\"@id\":\"https:\/\/www.gaveanews.com\/#organization\"}},{\"@type\":\"WebPage\",\"@id\":\"https:\/\/www.gaveanews.com\/index.php\/2025\/03\/15\/palmeiras-x-corinthians-vidente-crava-o-que-pode-acontecer-no-classico\/\",\"url\":\"https:\/\/www.gaveanews.com\/index.php\/2025\/03\/15\/palmeiras-x-corinthians-vidente-crava-o-que-pode-acontecer-no-classico\/\",\"name\":\"Palmeiras x Corinthians: Vidente crava o que pode acontecer no cl\u00e1ssico\",\"isPartOf\":{\"@id\":\"https:\/\/www.gaveanews.com\/#website\"},\"primaryImageOfPage\":{\"@id\":\"https:\/\/www.gaveanews.com\/index.php\/2025\/03\/15\/palmeiras-x-corinthians-vidente-crava-o-que-pode-acontecer-no-classico\/#primaryimage\"},\"image\":{\"@id\":\"https:\/\/www.gaveanews.com\/index.php\/2025\/03\/15\/palmeiras-x-corinthians-vidente-crava-o-que-pode-acontecer-no-classico\/#primaryimage\"},\"thumbnailUrl\":\"https:\/\/www.gaveanews.com\/wp-content\/uploads\/Escudos-de-Palmeiras-e-Corinthians.webp\",\"datePublished\":\"2025-03-15T17:40:00+00:00\",\"author\":{\"@id\":\"https:\/\/www.gaveanews.com\/#\/schema\/person\/8207cd4627f56151707418bfc835b2fb\"},\"breadcrumb\":{\"@id\":\"https:\/\/www.gaveanews.com\/index.php\/2025\/03\/15\/palmeiras-x-corinthians-vidente-crava-o-que-pode-acontecer-no-classico\/#breadcrumb\"},\"inLanguage\":\"pt-BR\",\"potentialAction\":[{\"@type\":\"ReadAction\",\"target\":[\"https:\/\/www.gaveanews.com\/index.php\/2025\/03\/15\/palmeiras-x-corinthians-vidente-crava-o-que-pode-acontecer-no-classico\/\"]}]},{\"@type\":\"ImageObject\",\"inLanguage\":\"pt-BR\",\"@id\":\"https:\/\/www.gaveanews.com\/index.php\/2025\/03\/15\/palmeiras-x-corinthians-vidente-crava-o-que-pode-acontecer-no-classico\/#primaryimage\",\"url\":\"https:\/\/www.gaveanews.com\/wp-content\/uploads\/Escudos-de-Palmeiras-e-Corinthians.webp\",\"contentUrl\":\"https:\/\/www.gaveanews.com\/wp-content\/uploads\/Escudos-de-Palmeiras-e-Corinthians.webp\",\"width\":900,\"height\":600,\"caption\":\"Escudos de Palmeiras e Corinthians (Imagem: Editoria de arte\/G\u00e1vea News\/Henrique Machado)\"},{\"@type\":\"BreadcrumbList\",\"@id\":\"https:\/\/www.gaveanews.com\/index.php\/2025\/03\/15\/palmeiras-x-corinthians-vidente-crava-o-que-pode-acontecer-no-classico\/#breadcrumb\",\"itemListElement\":[{\"@type\":\"ListItem\",\"position\":1,\"name\":\"Home\",\"item\":\"https:\/\/www.gaveanews.com\/\"},{\"@type\":\"ListItem\",\"position\":2,\"name\":\"Palmeiras x Corinthians: Vidente crava o que pode acontecer no cl\u00e1ssico\"}]},{\"@type\":\"WebSite\",\"@id\":\"https:\/\/www.gaveanews.com\/#website\",\"url\":\"https:\/\/www.gaveanews.com\/\",\"name\":\"G\u00e1vea News\",\"description\":\"Veja todas as not\u00edcias sobre o Flamengo: Contrata\u00e7\u00f5es, categorias de base, resultados das partidas, tabela de classifica\u00e7\u00e3o, pr\u00f3ximos jogos!\",\"potentialAction\":[{\"@type\":\"SearchAction\",\"target\":{\"@type\":\"EntryPoint\",\"urlTemplate\":\"https:\/\/www.gaveanews.com\/?s={search_term_string}\"},\"query-input\":{\"@type\":\"PropertyValueSpecification\",\"valueRequired\":true,\"valueName\":\"search_term_string\"}}],\"inLanguage\":\"pt-BR\"},{\"@type\":\"Person\",\"@id\":\"https:\/\/www.gaveanews.com\/#\/schema\/person\/8207cd4627f56151707418bfc835b2fb\",\"name\":\"Matheus Felipe\",\"image\":{\"@type\":\"ImageObject\",\"inLanguage\":\"pt-BR\",\"@id\":\"https:\/\/www.gaveanews.com\/#\/schema\/person\/image\/\",\"url\":\"https:\/\/secure.gravatar.com\/avatar\/a452ffbed9130f726358b298bb3a99ce4bd3c5338411f8440e87e14d74c7c087?s=96&d=mm&r=g\",\"contentUrl\":\"https:\/\/secure.gravatar.com\/avatar\/a452ffbed9130f726358b298bb3a99ce4bd3c5338411f8440e87e14d74c7c087?s=96&d=mm&r=g\",\"caption\":\"Matheus Felipe\"}}]}<\/script>\n<!-- \/ Yoast SEO Premium plugin. -->","yoast_head_json":{"title":"Palmeiras x Corinthians: Vidente crava o que pode acontecer no cl\u00e1ssico","robots":{"index":"index","follow":"follow","max-snippet":"max-snippet:-1","max-image-preview":"max-image-preview:large","max-video-preview":"max-video-preview:-1"},"canonical":"https:\/\/www.gaveanews.com\/index.php\/2025\/03\/15\/palmeiras-x-corinthians-vidente-crava-o-que-pode-acontecer-no-classico\/","og_locale":"pt_BR","og_type":"article","og_title":"Palmeiras x Corinthians: Vidente crava o que pode acontecer no cl\u00e1ssico","og_description":"Neste domingo (16), Palmeiras e Corinthians iniciam a disputa pelo t\u00edtulo do Campeonato Paulista 2025. O primeiro confronto da final acontece no Allianz Parque, a partir das 18h30 (hor\u00e1rio de Bras\u00edlia). O cl\u00e1ssico promete ser marcado por muita intensidade, especialmente pelo momento vivido pelo Corinthians. O time comandado por Ram\u00f3n D\u00edaz chega pressionado ap\u00f3s a [&hellip;]","og_url":"https:\/\/www.gaveanews.com\/index.php\/2025\/03\/15\/palmeiras-x-corinthians-vidente-crava-o-que-pode-acontecer-no-classico\/","og_site_name":"G\u00e1vea News","article_publisher":"https:\/\/facebook.com\/gaveaNews\/","article_published_time":"2025-03-15T17:40:00+00:00","og_image":[{"width":900,"height":600,"url":"https:\/\/www.gaveanews.com\/wp-content\/uploads\/Escudos-de-Palmeiras-e-Corinthians.webp","type":"image\/jpeg"}],"author":"Matheus Felipe","twitter_card":"summary_large_image","twitter_misc":{"Escrito por":"Matheus Felipe","Est. tempo de leitura":"3 minutos"},"schema":{"@context":"https:\/\/schema.org","@graph":[{"@type":"NewsArticle","@id":"https:\/\/www.gaveanews.com\/index.php\/2025\/03\/15\/palmeiras-x-corinthians-vidente-crava-o-que-pode-acontecer-no-classico\/#article","isPartOf":{"@id":"https:\/\/www.gaveanews.com\/index.php\/2025\/03\/15\/palmeiras-x-corinthians-vidente-crava-o-que-pode-acontecer-no-classico\/"},"author":{"name":"Matheus Felipe","@id":"https:\/\/www.gaveanews.com\/#\/schema\/person\/8207cd4627f56151707418bfc835b2fb"},"headline":"Palmeiras x Corinthians: Vidente crava o que pode acontecer no cl\u00e1ssico","datePublished":"2025-03-15T17:40:00+00:00","mainEntityOfPage":{"@id":"https:\/\/www.gaveanews.com\/index.php\/2025\/03\/15\/palmeiras-x-corinthians-vidente-crava-o-que-pode-acontecer-no-classico\/"},"wordCount":385,"commentCount":0,"image":{"@id":"https:\/\/www.gaveanews.com\/index.php\/2025\/03\/15\/palmeiras-x-corinthians-vidente-crava-o-que-pode-acontecer-no-classico\/#primaryimage"},"thumbnailUrl":"https:\/\/www.gaveanews.com\/wp-content\/uploads\/Escudos-de-Palmeiras-e-Corinthians.webp","articleSection":["Corinthians","Palmeiras"],"inLanguage":"pt-BR","potentialAction":[{"@type":"CommentAction","name":"Comment","target":["https:\/\/www.gaveanews.com\/index.php\/2025\/03\/15\/palmeiras-x-corinthians-vidente-crava-o-que-pode-acontecer-no-classico\/#respond"]}],"copyrightYear":"2025","copyrightHolder":{"@id":"https:\/\/www.gaveanews.com\/#organization"}},{"@type":"WebPage","@id":"https:\/\/www.gaveanews.com\/index.php\/2025\/03\/15\/palmeiras-x-corinthians-vidente-crava-o-que-pode-acontecer-no-classico\/","url":"https:\/\/www.gaveanews.com\/index.php\/2025\/03\/15\/palmeiras-x-corinthians-vidente-crava-o-que-pode-acontecer-no-classico\/","name":"Palmeiras x Corinthians: Vidente crava o que pode acontecer no cl\u00e1ssico","isPartOf":{"@id":"https:\/\/www.gaveanews.com\/#website"},"primaryImageOfPage":{"@id":"https:\/\/www.gaveanews.com\/index.php\/2025\/03\/15\/palmeiras-x-corinthians-vidente-crava-o-que-pode-acontecer-no-classico\/#primaryimage"},"image":{"@id":"https:\/\/www.gaveanews.com\/index.php\/2025\/03\/15\/palmeiras-x-corinthians-vidente-crava-o-que-pode-acontecer-no-classico\/#primaryimage"},"thumbnailUrl":"https:\/\/www.gaveanews.com\/wp-content\/uploads\/Escudos-de-Palmeiras-e-Corinthians.webp","datePublished":"2025-03-15T17:40:00+00:00","author":{"@id":"https:\/\/www.gaveanews.com\/#\/schema\/person\/8207cd4627f56151707418bfc835b2fb"},"breadcrumb":{"@id":"https:\/\/www.gaveanews.com\/index.php\/2025\/03\/15\/palmeiras-x-corinthians-vidente-crava-o-que-pode-acontecer-no-classico\/#breadcrumb"},"inLanguage":"pt-BR","potentialAction":[{"@type":"ReadAction","target":["https:\/\/www.gaveanews.com\/index.php\/2025\/03\/15\/palmeiras-x-corinthians-vidente-crava-o-que-pode-acontecer-no-classico\/"]}]},{"@type":"ImageObject","inLanguage":"pt-BR","@id":"https:\/\/www.gaveanews.com\/index.php\/2025\/03\/15\/palmeiras-x-corinthians-vidente-crava-o-que-pode-acontecer-no-classico\/#primaryimage","url":"https:\/\/www.gaveanews.com\/wp-content\/uploads\/Escudos-de-Palmeiras-e-Corinthians.webp","contentUrl":"https:\/\/www.gaveanews.com\/wp-content\/uploads\/Escudos-de-Palmeiras-e-Corinthians.webp","width":900,"height":600,"caption":"Escudos de Palmeiras e Corinthians (Imagem: Editoria de arte\/G\u00e1vea News\/Henrique Machado)"},{"@type":"BreadcrumbList","@id":"https:\/\/www.gaveanews.com\/index.php\/2025\/03\/15\/palmeiras-x-corinthians-vidente-crava-o-que-pode-acontecer-no-classico\/#breadcrumb","itemListElement":[{"@type":"ListItem","position":1,"name":"Home","item":"https:\/\/www.gaveanews.com\/"},{"@type":"ListItem","position":2,"name":"Palmeiras x Corinthians: Vidente crava o que pode acontecer no cl\u00e1ssico"}]},{"@type":"WebSite","@id":"https:\/\/www.gaveanews.com\/#website","url":"https:\/\/www.gaveanews.com\/","name":"G\u00e1vea News","description":"Veja todas as not\u00edcias sobre o Flamengo: Contrata\u00e7\u00f5es, categorias de base, resultados das partidas, tabela de classifica\u00e7\u00e3o, pr\u00f3ximos jogos!","potentialAction":[{"@type":"SearchAction","target":{"@type":"EntryPoint","urlTemplate":"https:\/\/www.gaveanews.com\/?s={search_term_string}"},"query-input":{"@type":"PropertyValueSpecification","valueRequired":true,"valueName":"search_term_string"}}],"inLanguage":"pt-BR"},{"@type":"Person","@id":"https:\/\/www.gaveanews.com\/#\/schema\/person\/8207cd4627f56151707418bfc835b2fb","name":"Matheus Felipe","image":{"@type":"ImageObject","inLanguage":"pt-BR","@id":"https:\/\/www.gaveanews.com\/#\/schema\/person\/image\/","url":"https:\/\/secure.gravatar.com\/avatar\/a452ffbed9130f726358b298bb3a99ce4bd3c5338411f8440e87e14d74c7c087?s=96&d=mm&r=g","contentUrl":"https:\/\/secure.gravatar.com\/avatar\/a452ffbed9130f726358b298bb3a99ce4bd3c5338411f8440e87e14d74c7c087?s=96&d=mm&r=g","caption":"Matheus Felipe"}}]}},"_links":{"self":[{"href":"https:\/\/www.gaveanews.com\/index.php\/wp-json\/wp\/v2\/posts\/240436","targetHints":{"allow":["GET"]}}],"collection":[{"href":"https:\/\/www.gaveanews.com\/index.php\/wp-json\/wp\/v2\/posts"}],"about":[{"href":"https:\/\/www.gaveanews.com\/index.php\/wp-json\/wp\/v2\/types\/post"}],"author":[{"embeddable":true,"href":"https:\/\/www.gaveanews.com\/index.php\/wp-json\/wp\/v2\/users\/27"}],"replies":[{"embeddable":true,"href":"https:\/\/www.gaveanews.com\/index.php\/wp-json\/wp\/v2\/comments?post=240436"}],"version-history":[{"count":1,"href":"https:\/\/www.gaveanews.com\/index.php\/wp-json\/wp\/v2\/posts\/240436\/revisions"}],"predecessor-version":[{"id":240438,"href":"https:\/\/www.gaveanews.com\/index.php\/wp-json\/wp\/v2\/posts\/240436\/revisions\/240438"}],"wp:featuredmedia":[{"embeddable":true,"href":"https:\/\/www.gaveanews.com\/index.php\/wp-json\/wp\/v2\/media\/155414"}],"wp:attachment":[{"href":"https:\/\/www.gaveanews.com\/index.php\/wp-json\/wp\/v2\/media?parent=240436"}],"wp:term":[{"taxonomy":"category","embeddable":true,"href":"https:\/\/www.gaveanews.com\/index.php\/wp-json\/wp\/v2\/categories?post=240436"},{"taxonomy":"post_tag","embeddable":true,"href":"https:\/\/www.gaveanews.com\/index.php\/wp-json\/wp\/v2\/tags?post=240436"}],"curies":[{"name":"wp","href":"https:\/\/api.w.org\/{rel}","templated":true}]}}