{"id":240456,"date":"2025-03-15T15:20:00","date_gmt":"2025-03-15T18:20:00","guid":{"rendered":"https:\/\/www.gaveanews.com\/?p=240456"},"modified":"2025-03-15T14:50:24","modified_gmt":"2025-03-15T17:50:24","slug":"a-declaracao-de-david-luiz-direcionada-a-vojvoda-do-fortaleza","status":"publish","type":"post","link":"https:\/\/www.gaveanews.com\/index.php\/2025\/03\/15\/a-declaracao-de-david-luiz-direcionada-a-vojvoda-do-fortaleza\/","title":{"rendered":"A declara\u00e7\u00e3o de David Luiz direcionada a Vojvoda, do Fortaleza"},"content":{"rendered":"\n<p>O Fortaleza oficializou a contrata\u00e7\u00e3o do zagueiro David Luiz para a temporada 2025. O experiente defensor, que deixou o Flamengo recentemente, assinou contrato com o clube cearense at\u00e9 dezembro de 2026, com a possibilidade de renova\u00e7\u00e3o por mais um ano. A chegada do jogador representa um refor\u00e7o significativo para a equipe, que busca manter sua competitividade na elite do futebol brasileiro.<\/p>\n\n\n\n<p>Em entrevista, David Luiz revelou detalhes dos bastidores de sua negocia\u00e7\u00e3o com o Fortaleza. Segundo o zagueiro, sua decis\u00e3o de assinar com o clube passou por uma conversa direta e franca com o t\u00e9cnico Juan Pablo Vojvoda. &#8220;Fui muito sincero com ele e ele tamb\u00e9m foi comigo. Perguntei se realmente fazia sentido para ele minha chegada ao clube neste momento. Expus tudo e deixei claro que o que ardia no meu cora\u00e7\u00e3o era jogar pelo Fortaleza&#8221;, afirmou o defensor.<\/p>\n\n\n\n<figure class=\"wp-block-image size-large\"><img loading=\"lazy\" decoding=\"async\" width=\"1024\" height=\"576\" src=\"http:\/\/www.gaveanews.com\/wp-content\/uploads\/Vojvoda-durante-um-treino-do-Fortaleza-1024x576.webp\" alt=\"\" class=\"wp-image-72672\" srcset=\"https:\/\/www.gaveanews.com\/wp-content\/uploads\/Vojvoda-durante-um-treino-do-Fortaleza-1024x576.webp 1024w, https:\/\/www.gaveanews.com\/wp-content\/uploads\/Vojvoda-durante-um-treino-do-Fortaleza-300x169.webp 300w, https:\/\/www.gaveanews.com\/wp-content\/uploads\/Vojvoda-durante-um-treino-do-Fortaleza-768x432.webp 768w, https:\/\/www.gaveanews.com\/wp-content\/uploads\/Vojvoda-durante-um-treino-do-Fortaleza-747x420.webp 747w, https:\/\/www.gaveanews.com\/wp-content\/uploads\/Vojvoda-durante-um-treino-do-Fortaleza-640x360.webp 640w, https:\/\/www.gaveanews.com\/wp-content\/uploads\/Vojvoda-durante-um-treino-do-Fortaleza-681x383.webp 681w, https:\/\/www.gaveanews.com\/wp-content\/uploads\/Vojvoda-durante-um-treino-do-Fortaleza-100x56.webp 100w, https:\/\/www.gaveanews.com\/wp-content\/uploads\/Vojvoda-durante-um-treino-do-Fortaleza.webp 1280w\" sizes=\"auto, (max-width: 1024px) 100vw, 1024px\" \/><figcaption class=\"wp-element-caption\">Vojvoda durante um treino do Fortaleza (Foto: Leonardo Moreira\/Fortaleza)<\/figcaption><\/figure>\n\n\n\n<p>A conversa entre David Luiz e Vojvoda refor\u00e7ou o respeito do jogador pela hierarquia do clube. Antes de qualquer acerto, ele quis garantir que sua contrata\u00e7\u00e3o estivesse alinhada com o planejamento do treinador e da diretoria. &#8220;Eu sabia que a pr\u00e9-temporada j\u00e1 tinha come\u00e7ado e que o elenco poderia estar fechado. Mas a forma como ele me recebeu foi decisiva&#8221;, explicou o atleta.<\/p>\n\n\n\n<p>Al\u00e9m de exaltar o trabalho de Vojvoda, David Luiz destacou a estabilidade do t\u00e9cnico no Fortaleza. O argentino comanda a equipe h\u00e1 cinco temporadas, um tempo incomum no futebol brasileiro. &#8220;Ele e o clube cresceram juntos. Nos momentos dif\u00edceis, o Fortaleza o abra\u00e7ou, e nos momentos bons, ele permaneceu. Esse tipo de rela\u00e7\u00e3o deveria servir de exemplo para outras equipes&#8221;, analisou o jogador.<\/p>\n\n\n\n<p>O zagueiro tamb\u00e9m mencionou que sua escolha pelo Fortaleza n\u00e3o foi apenas uma quest\u00e3o t\u00e9cnica, mas tamb\u00e9m emocional. Segundo ele, a evolu\u00e7\u00e3o do clube nos \u00faltimos anos e a forma como a torcida se identifica com o time foram fatores determinantes para a decis\u00e3o. &#8220;A energia desse clube \u00e9 especial. Quero fazer parte desse projeto e ajudar o Fortaleza a alcan\u00e7ar voos ainda maiores&#8221;, destacou.<\/p>\n\n\n\n<p>Com a chegada de David Luiz, o Fortaleza refor\u00e7a sua defesa e adiciona experi\u00eancia ao elenco. O jogador, que j\u00e1 passou por clubes como Chelsea, Paris Saint-Germain e Benfica, traz bagagem internacional para o time cearense, que busca manter sua ascens\u00e3o no cen\u00e1rio nacional e internacional.<\/p>\n","protected":false},"excerpt":{"rendered":"<p>O Fortaleza oficializou a contrata\u00e7\u00e3o do zagueiro David Luiz para a temporada 2025. O experiente defensor, que deixou o Flamengo recentemente, assinou contrato com o clube cearense at\u00e9 dezembro de 2026, com a possibilidade de renova\u00e7\u00e3o por mais um ano. A chegada do jogador representa um refor\u00e7o significativo para a equipe, que busca manter sua [&hellip;]<\/p>\n","protected":false},"author":27,"featured_media":217587,"comment_status":"open","ping_status":"closed","sticky":false,"template":"","format":"standard","meta":{"footnotes":""},"categories":[146],"tags":[],"class_list":["post-240456","post","type-post","status-publish","format-standard","has-post-thumbnail","hentry","category-fortaleza"],"yoast_head":"<!-- This site is optimized with the Yoast SEO Premium plugin v24.2 (Yoast SEO v26.9) - https:\/\/yoast.com\/product\/yoast-seo-premium-wordpress\/ -->\n<title>A declara\u00e7\u00e3o de David Luiz direcionada a Vojvoda, do Fortaleza<\/title>\n<meta name=\"robots\" content=\"index, follow, max-snippet:-1, max-image-preview:large, max-video-preview:-1\" \/>\n<link rel=\"canonical\" href=\"https:\/\/www.gaveanews.com\/index.php\/2025\/03\/15\/a-declaracao-de-david-luiz-direcionada-a-vojvoda-do-fortaleza\/\" \/>\n<meta property=\"og:locale\" content=\"pt_BR\" \/>\n<meta property=\"og:type\" content=\"article\" \/>\n<meta property=\"og:title\" content=\"A declara\u00e7\u00e3o de David Luiz direcionada a Vojvoda, do Fortaleza\" \/>\n<meta property=\"og:description\" content=\"O Fortaleza oficializou a contrata\u00e7\u00e3o do zagueiro David Luiz para a temporada 2025. O experiente defensor, que deixou o Flamengo recentemente, assinou contrato com o clube cearense at\u00e9 dezembro de 2026, com a possibilidade de renova\u00e7\u00e3o por mais um ano. A chegada do jogador representa um refor\u00e7o significativo para a equipe, que busca manter sua [&hellip;]\" \/>\n<meta property=\"og:url\" content=\"https:\/\/www.gaveanews.com\/index.php\/2025\/03\/15\/a-declaracao-de-david-luiz-direcionada-a-vojvoda-do-fortaleza\/\" \/>\n<meta property=\"og:site_name\" content=\"G\u00e1vea News\" \/>\n<meta property=\"article:publisher\" content=\"https:\/\/facebook.com\/gaveaNews\/\" \/>\n<meta property=\"article:published_time\" content=\"2025-03-15T18:20:00+00:00\" \/>\n<meta property=\"og:image\" content=\"https:\/\/www.gaveanews.com\/wp-content\/uploads\/David-Luiz-e-apresentado-no-Fortaleza.webp\" \/>\n\t<meta property=\"og:image:width\" content=\"565\" \/>\n\t<meta property=\"og:image:height\" content=\"419\" \/>\n\t<meta property=\"og:image:type\" content=\"image\/jpeg\" \/>\n<meta name=\"author\" content=\"Matheus Felipe\" \/>\n<meta name=\"twitter:card\" content=\"summary_large_image\" \/>\n<meta name=\"twitter:label1\" content=\"Escrito por\" \/>\n\t<meta name=\"twitter:data1\" content=\"Matheus Felipe\" \/>\n\t<meta name=\"twitter:label2\" content=\"Est. tempo de leitura\" \/>\n\t<meta name=\"twitter:data2\" content=\"3 minutos\" \/>\n<script type=\"application\/ld+json\" class=\"yoast-schema-graph\">{\"@context\":\"https:\/\/schema.org\",\"@graph\":[{\"@type\":\"NewsArticle\",\"@id\":\"https:\/\/www.gaveanews.com\/index.php\/2025\/03\/15\/a-declaracao-de-david-luiz-direcionada-a-vojvoda-do-fortaleza\/#article\",\"isPartOf\":{\"@id\":\"https:\/\/www.gaveanews.com\/index.php\/2025\/03\/15\/a-declaracao-de-david-luiz-direcionada-a-vojvoda-do-fortaleza\/\"},\"author\":{\"name\":\"Matheus Felipe\",\"@id\":\"https:\/\/www.gaveanews.com\/#\/schema\/person\/8207cd4627f56151707418bfc835b2fb\"},\"headline\":\"A declara\u00e7\u00e3o de David Luiz direcionada a Vojvoda, do Fortaleza\",\"datePublished\":\"2025-03-15T18:20:00+00:00\",\"mainEntityOfPage\":{\"@id\":\"https:\/\/www.gaveanews.com\/index.php\/2025\/03\/15\/a-declaracao-de-david-luiz-direcionada-a-vojvoda-do-fortaleza\/\"},\"wordCount\":424,\"commentCount\":0,\"image\":{\"@id\":\"https:\/\/www.gaveanews.com\/index.php\/2025\/03\/15\/a-declaracao-de-david-luiz-direcionada-a-vojvoda-do-fortaleza\/#primaryimage\"},\"thumbnailUrl\":\"https:\/\/www.gaveanews.com\/wp-content\/uploads\/David-Luiz-e-apresentado-no-Fortaleza.webp\",\"articleSection\":[\"Fortaleza\"],\"inLanguage\":\"pt-BR\",\"potentialAction\":[{\"@type\":\"CommentAction\",\"name\":\"Comment\",\"target\":[\"https:\/\/www.gaveanews.com\/index.php\/2025\/03\/15\/a-declaracao-de-david-luiz-direcionada-a-vojvoda-do-fortaleza\/#respond\"]}],\"copyrightYear\":\"2025\",\"copyrightHolder\":{\"@id\":\"https:\/\/www.gaveanews.com\/#organization\"}},{\"@type\":\"WebPage\",\"@id\":\"https:\/\/www.gaveanews.com\/index.php\/2025\/03\/15\/a-declaracao-de-david-luiz-direcionada-a-vojvoda-do-fortaleza\/\",\"url\":\"https:\/\/www.gaveanews.com\/index.php\/2025\/03\/15\/a-declaracao-de-david-luiz-direcionada-a-vojvoda-do-fortaleza\/\",\"name\":\"A declara\u00e7\u00e3o de David Luiz direcionada a Vojvoda, do Fortaleza\",\"isPartOf\":{\"@id\":\"https:\/\/www.gaveanews.com\/#website\"},\"primaryImageOfPage\":{\"@id\":\"https:\/\/www.gaveanews.com\/index.php\/2025\/03\/15\/a-declaracao-de-david-luiz-direcionada-a-vojvoda-do-fortaleza\/#primaryimage\"},\"image\":{\"@id\":\"https:\/\/www.gaveanews.com\/index.php\/2025\/03\/15\/a-declaracao-de-david-luiz-direcionada-a-vojvoda-do-fortaleza\/#primaryimage\"},\"thumbnailUrl\":\"https:\/\/www.gaveanews.com\/wp-content\/uploads\/David-Luiz-e-apresentado-no-Fortaleza.webp\",\"datePublished\":\"2025-03-15T18:20:00+00:00\",\"author\":{\"@id\":\"https:\/\/www.gaveanews.com\/#\/schema\/person\/8207cd4627f56151707418bfc835b2fb\"},\"breadcrumb\":{\"@id\":\"https:\/\/www.gaveanews.com\/index.php\/2025\/03\/15\/a-declaracao-de-david-luiz-direcionada-a-vojvoda-do-fortaleza\/#breadcrumb\"},\"inLanguage\":\"pt-BR\",\"potentialAction\":[{\"@type\":\"ReadAction\",\"target\":[\"https:\/\/www.gaveanews.com\/index.php\/2025\/03\/15\/a-declaracao-de-david-luiz-direcionada-a-vojvoda-do-fortaleza\/\"]}]},{\"@type\":\"ImageObject\",\"inLanguage\":\"pt-BR\",\"@id\":\"https:\/\/www.gaveanews.com\/index.php\/2025\/03\/15\/a-declaracao-de-david-luiz-direcionada-a-vojvoda-do-fortaleza\/#primaryimage\",\"url\":\"https:\/\/www.gaveanews.com\/wp-content\/uploads\/David-Luiz-e-apresentado-no-Fortaleza.webp\",\"contentUrl\":\"https:\/\/www.gaveanews.com\/wp-content\/uploads\/David-Luiz-e-apresentado-no-Fortaleza.webp\",\"width\":565,\"height\":419,\"caption\":\"David Luiz \u00e9 apresentado no Fortaleza (Foto: Reprodu\u00e7\u00e3o\/Instagram David Luiz)\"},{\"@type\":\"BreadcrumbList\",\"@id\":\"https:\/\/www.gaveanews.com\/index.php\/2025\/03\/15\/a-declaracao-de-david-luiz-direcionada-a-vojvoda-do-fortaleza\/#breadcrumb\",\"itemListElement\":[{\"@type\":\"ListItem\",\"position\":1,\"name\":\"Home\",\"item\":\"https:\/\/www.gaveanews.com\/\"},{\"@type\":\"ListItem\",\"position\":2,\"name\":\"A declara\u00e7\u00e3o de David Luiz direcionada a Vojvoda, do Fortaleza\"}]},{\"@type\":\"WebSite\",\"@id\":\"https:\/\/www.gaveanews.com\/#website\",\"url\":\"https:\/\/www.gaveanews.com\/\",\"name\":\"G\u00e1vea News\",\"description\":\"Veja todas as not\u00edcias sobre o Flamengo: Contrata\u00e7\u00f5es, categorias de base, resultados das partidas, tabela de classifica\u00e7\u00e3o, pr\u00f3ximos jogos!\",\"potentialAction\":[{\"@type\":\"SearchAction\",\"target\":{\"@type\":\"EntryPoint\",\"urlTemplate\":\"https:\/\/www.gaveanews.com\/?s={search_term_string}\"},\"query-input\":{\"@type\":\"PropertyValueSpecification\",\"valueRequired\":true,\"valueName\":\"search_term_string\"}}],\"inLanguage\":\"pt-BR\"},{\"@type\":\"Person\",\"@id\":\"https:\/\/www.gaveanews.com\/#\/schema\/person\/8207cd4627f56151707418bfc835b2fb\",\"name\":\"Matheus Felipe\",\"image\":{\"@type\":\"ImageObject\",\"inLanguage\":\"pt-BR\",\"@id\":\"https:\/\/www.gaveanews.com\/#\/schema\/person\/image\/\",\"url\":\"https:\/\/secure.gravatar.com\/avatar\/a452ffbed9130f726358b298bb3a99ce4bd3c5338411f8440e87e14d74c7c087?s=96&d=mm&r=g\",\"contentUrl\":\"https:\/\/secure.gravatar.com\/avatar\/a452ffbed9130f726358b298bb3a99ce4bd3c5338411f8440e87e14d74c7c087?s=96&d=mm&r=g\",\"caption\":\"Matheus Felipe\"}}]}<\/script>\n<!-- \/ Yoast SEO Premium plugin. -->","yoast_head_json":{"title":"A declara\u00e7\u00e3o de David Luiz direcionada a Vojvoda, do Fortaleza","robots":{"index":"index","follow":"follow","max-snippet":"max-snippet:-1","max-image-preview":"max-image-preview:large","max-video-preview":"max-video-preview:-1"},"canonical":"https:\/\/www.gaveanews.com\/index.php\/2025\/03\/15\/a-declaracao-de-david-luiz-direcionada-a-vojvoda-do-fortaleza\/","og_locale":"pt_BR","og_type":"article","og_title":"A declara\u00e7\u00e3o de David Luiz direcionada a Vojvoda, do Fortaleza","og_description":"O Fortaleza oficializou a contrata\u00e7\u00e3o do zagueiro David Luiz para a temporada 2025. O experiente defensor, que deixou o Flamengo recentemente, assinou contrato com o clube cearense at\u00e9 dezembro de 2026, com a possibilidade de renova\u00e7\u00e3o por mais um ano. A chegada do jogador representa um refor\u00e7o significativo para a equipe, que busca manter sua [&hellip;]","og_url":"https:\/\/www.gaveanews.com\/index.php\/2025\/03\/15\/a-declaracao-de-david-luiz-direcionada-a-vojvoda-do-fortaleza\/","og_site_name":"G\u00e1vea News","article_publisher":"https:\/\/facebook.com\/gaveaNews\/","article_published_time":"2025-03-15T18:20:00+00:00","og_image":[{"width":565,"height":419,"url":"https:\/\/www.gaveanews.com\/wp-content\/uploads\/David-Luiz-e-apresentado-no-Fortaleza.webp","type":"image\/jpeg"}],"author":"Matheus Felipe","twitter_card":"summary_large_image","twitter_misc":{"Escrito por":"Matheus Felipe","Est. tempo de leitura":"3 minutos"},"schema":{"@context":"https:\/\/schema.org","@graph":[{"@type":"NewsArticle","@id":"https:\/\/www.gaveanews.com\/index.php\/2025\/03\/15\/a-declaracao-de-david-luiz-direcionada-a-vojvoda-do-fortaleza\/#article","isPartOf":{"@id":"https:\/\/www.gaveanews.com\/index.php\/2025\/03\/15\/a-declaracao-de-david-luiz-direcionada-a-vojvoda-do-fortaleza\/"},"author":{"name":"Matheus Felipe","@id":"https:\/\/www.gaveanews.com\/#\/schema\/person\/8207cd4627f56151707418bfc835b2fb"},"headline":"A declara\u00e7\u00e3o de David Luiz direcionada a Vojvoda, do Fortaleza","datePublished":"2025-03-15T18:20:00+00:00","mainEntityOfPage":{"@id":"https:\/\/www.gaveanews.com\/index.php\/2025\/03\/15\/a-declaracao-de-david-luiz-direcionada-a-vojvoda-do-fortaleza\/"},"wordCount":424,"commentCount":0,"image":{"@id":"https:\/\/www.gaveanews.com\/index.php\/2025\/03\/15\/a-declaracao-de-david-luiz-direcionada-a-vojvoda-do-fortaleza\/#primaryimage"},"thumbnailUrl":"https:\/\/www.gaveanews.com\/wp-content\/uploads\/David-Luiz-e-apresentado-no-Fortaleza.webp","articleSection":["Fortaleza"],"inLanguage":"pt-BR","potentialAction":[{"@type":"CommentAction","name":"Comment","target":["https:\/\/www.gaveanews.com\/index.php\/2025\/03\/15\/a-declaracao-de-david-luiz-direcionada-a-vojvoda-do-fortaleza\/#respond"]}],"copyrightYear":"2025","copyrightHolder":{"@id":"https:\/\/www.gaveanews.com\/#organization"}},{"@type":"WebPage","@id":"https:\/\/www.gaveanews.com\/index.php\/2025\/03\/15\/a-declaracao-de-david-luiz-direcionada-a-vojvoda-do-fortaleza\/","url":"https:\/\/www.gaveanews.com\/index.php\/2025\/03\/15\/a-declaracao-de-david-luiz-direcionada-a-vojvoda-do-fortaleza\/","name":"A declara\u00e7\u00e3o de David Luiz direcionada a Vojvoda, do Fortaleza","isPartOf":{"@id":"https:\/\/www.gaveanews.com\/#website"},"primaryImageOfPage":{"@id":"https:\/\/www.gaveanews.com\/index.php\/2025\/03\/15\/a-declaracao-de-david-luiz-direcionada-a-vojvoda-do-fortaleza\/#primaryimage"},"image":{"@id":"https:\/\/www.gaveanews.com\/index.php\/2025\/03\/15\/a-declaracao-de-david-luiz-direcionada-a-vojvoda-do-fortaleza\/#primaryimage"},"thumbnailUrl":"https:\/\/www.gaveanews.com\/wp-content\/uploads\/David-Luiz-e-apresentado-no-Fortaleza.webp","datePublished":"2025-03-15T18:20:00+00:00","author":{"@id":"https:\/\/www.gaveanews.com\/#\/schema\/person\/8207cd4627f56151707418bfc835b2fb"},"breadcrumb":{"@id":"https:\/\/www.gaveanews.com\/index.php\/2025\/03\/15\/a-declaracao-de-david-luiz-direcionada-a-vojvoda-do-fortaleza\/#breadcrumb"},"inLanguage":"pt-BR","potentialAction":[{"@type":"ReadAction","target":["https:\/\/www.gaveanews.com\/index.php\/2025\/03\/15\/a-declaracao-de-david-luiz-direcionada-a-vojvoda-do-fortaleza\/"]}]},{"@type":"ImageObject","inLanguage":"pt-BR","@id":"https:\/\/www.gaveanews.com\/index.php\/2025\/03\/15\/a-declaracao-de-david-luiz-direcionada-a-vojvoda-do-fortaleza\/#primaryimage","url":"https:\/\/www.gaveanews.com\/wp-content\/uploads\/David-Luiz-e-apresentado-no-Fortaleza.webp","contentUrl":"https:\/\/www.gaveanews.com\/wp-content\/uploads\/David-Luiz-e-apresentado-no-Fortaleza.webp","width":565,"height":419,"caption":"David Luiz \u00e9 apresentado no Fortaleza (Foto: Reprodu\u00e7\u00e3o\/Instagram David Luiz)"},{"@type":"BreadcrumbList","@id":"https:\/\/www.gaveanews.com\/index.php\/2025\/03\/15\/a-declaracao-de-david-luiz-direcionada-a-vojvoda-do-fortaleza\/#breadcrumb","itemListElement":[{"@type":"ListItem","position":1,"name":"Home","item":"https:\/\/www.gaveanews.com\/"},{"@type":"ListItem","position":2,"name":"A declara\u00e7\u00e3o de David Luiz direcionada a Vojvoda, do Fortaleza"}]},{"@type":"WebSite","@id":"https:\/\/www.gaveanews.com\/#website","url":"https:\/\/www.gaveanews.com\/","name":"G\u00e1vea News","description":"Veja todas as not\u00edcias sobre o Flamengo: Contrata\u00e7\u00f5es, categorias de base, resultados das partidas, tabela de classifica\u00e7\u00e3o, pr\u00f3ximos jogos!","potentialAction":[{"@type":"SearchAction","target":{"@type":"EntryPoint","urlTemplate":"https:\/\/www.gaveanews.com\/?s={search_term_string}"},"query-input":{"@type":"PropertyValueSpecification","valueRequired":true,"valueName":"search_term_string"}}],"inLanguage":"pt-BR"},{"@type":"Person","@id":"https:\/\/www.gaveanews.com\/#\/schema\/person\/8207cd4627f56151707418bfc835b2fb","name":"Matheus Felipe","image":{"@type":"ImageObject","inLanguage":"pt-BR","@id":"https:\/\/www.gaveanews.com\/#\/schema\/person\/image\/","url":"https:\/\/secure.gravatar.com\/avatar\/a452ffbed9130f726358b298bb3a99ce4bd3c5338411f8440e87e14d74c7c087?s=96&d=mm&r=g","contentUrl":"https:\/\/secure.gravatar.com\/avatar\/a452ffbed9130f726358b298bb3a99ce4bd3c5338411f8440e87e14d74c7c087?s=96&d=mm&r=g","caption":"Matheus Felipe"}}]}},"_links":{"self":[{"href":"https:\/\/www.gaveanews.com\/index.php\/wp-json\/wp\/v2\/posts\/240456","targetHints":{"allow":["GET"]}}],"collection":[{"href":"https:\/\/www.gaveanews.com\/index.php\/wp-json\/wp\/v2\/posts"}],"about":[{"href":"https:\/\/www.gaveanews.com\/index.php\/wp-json\/wp\/v2\/types\/post"}],"author":[{"embeddable":true,"href":"https:\/\/www.gaveanews.com\/index.php\/wp-json\/wp\/v2\/users\/27"}],"replies":[{"embeddable":true,"href":"https:\/\/www.gaveanews.com\/index.php\/wp-json\/wp\/v2\/comments?post=240456"}],"version-history":[{"count":1,"href":"https:\/\/www.gaveanews.com\/index.php\/wp-json\/wp\/v2\/posts\/240456\/revisions"}],"predecessor-version":[{"id":240458,"href":"https:\/\/www.gaveanews.com\/index.php\/wp-json\/wp\/v2\/posts\/240456\/revisions\/240458"}],"wp:featuredmedia":[{"embeddable":true,"href":"https:\/\/www.gaveanews.com\/index.php\/wp-json\/wp\/v2\/media\/217587"}],"wp:attachment":[{"href":"https:\/\/www.gaveanews.com\/index.php\/wp-json\/wp\/v2\/media?parent=240456"}],"wp:term":[{"taxonomy":"category","embeddable":true,"href":"https:\/\/www.gaveanews.com\/index.php\/wp-json\/wp\/v2\/categories?post=240456"},{"taxonomy":"post_tag","embeddable":true,"href":"https:\/\/www.gaveanews.com\/index.php\/wp-json\/wp\/v2\/tags?post=240456"}],"curies":[{"name":"wp","href":"https:\/\/api.w.org\/{rel}","templated":true}]}}