{"id":240677,"date":"2025-03-16T19:45:00","date_gmt":"2025-03-16T22:45:00","guid":{"rendered":"https:\/\/www.gaveanews.com\/?p=240677"},"modified":"2025-03-16T19:38:35","modified_gmt":"2025-03-16T22:38:35","slug":"a-declaracao-de-juca-kfouri-direcionada-ao-sao-paulo","status":"publish","type":"post","link":"https:\/\/www.gaveanews.com\/index.php\/2025\/03\/16\/a-declaracao-de-juca-kfouri-direcionada-ao-sao-paulo\/","title":{"rendered":"A declara\u00e7\u00e3o de Juca Kfouri direcionada ao S\u00e3o Paulo"},"content":{"rendered":"\n<p>Juca Kfouri detonou o S\u00e3o Paulo por uma a\u00e7\u00e3o de marketing na disputa da Supercopa Feminina. O jornalista criticou uma faixa estendida que provocava as atletas do Corinthians. Em uma provoca\u00e7\u00e3o que fazia alus\u00e3o ao time masculino, os s\u00e3o-paulinos alfinetavam os t\u00edtulos mundiais do clube. Isso n\u00e3o repercutiu bem com o comunicador que a decretou como &#8220;burra&#8221; e &#8220;in\u00f3cua&#8221;.<\/p>\n\n\n\n<p>No \u00faltimo s\u00e1bado (15\/3), o S\u00e3o Paulo bateu o Corinthians nos p\u00eanaltis ap\u00f3s as duas equipes empatarem em 0 a 0, no MorumBis, na decis\u00e3o da Supercopa Feminina. Nas cobran\u00e7as, o Tricolor se saiu melhor, vencendo por 4 a 3, e se sagrando campe\u00e3o do torneio pela primeira vez.<\/p>\n\n\n\n<p>A conquista s\u00e3o-paulina quebrou uma hegemonia das Brabas na competi\u00e7\u00e3o. O Tim\u00e3o havia vencido todas as outras tr\u00eas edi\u00e7\u00f5es da Supercopa, sendo desbancado de forma in\u00e9dita.<\/p>\n\n\n\n<p>Durante a partida, foi estendida uma faixa nas arquibancadas da casa tricolor como parte da provoca\u00e7\u00e3o dos mandantes. A atitude, no entanto, foi vista como um erro do marketing do S\u00e3o Paulo, de acordo com o jornalista Juca Kfouri.<\/p>\n\n\n\n<p>\u201cO marketing do S\u00e3o Paulo n\u00e3o se cansa de passar vergonha. Hoje, na decis\u00e3o da Supercopa feminina, p\u00f4s uma faixa no Morumbi vazio que poderia estar cheio, caso bem promovida, n\u00e3o fosse Majestoso de torcida \u00fanica ou se fosse em Itaquera. S\u00f3 9 mil. &#8216;N\u00e3o existem dois Mundiais com uma s\u00f3 Libertadores&#8217;\u201d, iniciou.<\/p>\n\n\n\n<p>Al\u00e9m de criticar a baixa presen\u00e7a de p\u00fablico presente, o comunicador tamb\u00e9m criticou a provoca\u00e7\u00e3o por n\u00e3o ter uma justificativa plaus\u00edvel. Segundo Kfouri, as Brabas n\u00e3o podem ser provocadas por algo do time masculino, j\u00e1 que s\u00e3o pentacampe\u00e3s da Copa Libertadores da Am\u00e9rica.<\/p>\n\n\n\n<p>\u201cProvocava quem? As Brabas? Elas t\u00eam cinco Libertadores e Mundial feminino de Clubes a FIFA organizar\u00e1 o primeiro s\u00f3 no come\u00e7o de 2026. Portanto, provoca\u00e7\u00e3o al\u00e9m de burra, in\u00f3cua. E com erro de concord\u00e2ncia, ainda por cima, p\u00e9ssimo exemplo para as crian\u00e7as tricolores: N\u00e3o existem dois (?)\u201d, finalizou.<\/p>\n","protected":false},"excerpt":{"rendered":"<p>Juca Kfouri detonou o S\u00e3o Paulo por uma a\u00e7\u00e3o de marketing na disputa da Supercopa Feminina. O jornalista criticou uma faixa estendida que provocava as atletas do Corinthians. Em uma provoca\u00e7\u00e3o que fazia alus\u00e3o ao time masculino, os s\u00e3o-paulinos alfinetavam os t\u00edtulos mundiais do clube. Isso n\u00e3o repercutiu bem com o comunicador que a decretou [&hellip;]<\/p>\n","protected":false},"author":29,"featured_media":154451,"comment_status":"open","ping_status":"closed","sticky":false,"template":"","format":"standard","meta":{"footnotes":""},"categories":[141,151],"tags":[],"class_list":["post-240677","post","type-post","status-publish","format-standard","has-post-thumbnail","hentry","category-corinthians","category-sao-paulo"],"yoast_head":"<!-- This site is optimized with the Yoast SEO Premium plugin v24.2 (Yoast SEO v26.9) - https:\/\/yoast.com\/product\/yoast-seo-premium-wordpress\/ -->\n<title>A declara\u00e7\u00e3o de Juca Kfouri direcionada ao S\u00e3o Paulo<\/title>\n<meta name=\"robots\" content=\"index, follow, max-snippet:-1, max-image-preview:large, max-video-preview:-1\" \/>\n<link rel=\"canonical\" href=\"https:\/\/www.gaveanews.com\/index.php\/2025\/03\/16\/a-declaracao-de-juca-kfouri-direcionada-ao-sao-paulo\/\" \/>\n<meta property=\"og:locale\" content=\"pt_BR\" \/>\n<meta property=\"og:type\" content=\"article\" \/>\n<meta property=\"og:title\" content=\"A declara\u00e7\u00e3o de Juca Kfouri direcionada ao S\u00e3o Paulo\" \/>\n<meta property=\"og:description\" content=\"Juca Kfouri detonou o S\u00e3o Paulo por uma a\u00e7\u00e3o de marketing na disputa da Supercopa Feminina. O jornalista criticou uma faixa estendida que provocava as atletas do Corinthians. Em uma provoca\u00e7\u00e3o que fazia alus\u00e3o ao time masculino, os s\u00e3o-paulinos alfinetavam os t\u00edtulos mundiais do clube. Isso n\u00e3o repercutiu bem com o comunicador que a decretou [&hellip;]\" \/>\n<meta property=\"og:url\" content=\"https:\/\/www.gaveanews.com\/index.php\/2025\/03\/16\/a-declaracao-de-juca-kfouri-direcionada-ao-sao-paulo\/\" \/>\n<meta property=\"og:site_name\" content=\"G\u00e1vea News\" \/>\n<meta property=\"article:publisher\" content=\"https:\/\/facebook.com\/gaveaNews\/\" \/>\n<meta property=\"article:published_time\" content=\"2025-03-16T22:45:00+00:00\" \/>\n<meta property=\"og:image\" content=\"https:\/\/www.gaveanews.com\/wp-content\/uploads\/Escudo-do-Sao-Paulo.webp\" \/>\n\t<meta property=\"og:image:width\" content=\"977\" \/>\n\t<meta property=\"og:image:height\" content=\"651\" \/>\n\t<meta property=\"og:image:type\" content=\"image\/webp\" \/>\n<meta name=\"author\" content=\"Marco Menezes\" \/>\n<meta name=\"twitter:card\" content=\"summary_large_image\" \/>\n<meta name=\"twitter:label1\" content=\"Escrito por\" \/>\n\t<meta name=\"twitter:data1\" content=\"Marco Menezes\" \/>\n\t<meta name=\"twitter:label2\" content=\"Est. tempo de leitura\" \/>\n\t<meta name=\"twitter:data2\" content=\"2 minutos\" \/>\n<script type=\"application\/ld+json\" class=\"yoast-schema-graph\">{\"@context\":\"https:\/\/schema.org\",\"@graph\":[{\"@type\":\"NewsArticle\",\"@id\":\"https:\/\/www.gaveanews.com\/index.php\/2025\/03\/16\/a-declaracao-de-juca-kfouri-direcionada-ao-sao-paulo\/#article\",\"isPartOf\":{\"@id\":\"https:\/\/www.gaveanews.com\/index.php\/2025\/03\/16\/a-declaracao-de-juca-kfouri-direcionada-ao-sao-paulo\/\"},\"author\":{\"name\":\"Marco Menezes\",\"@id\":\"https:\/\/www.gaveanews.com\/#\/schema\/person\/a9f62fe75380c6bada1b2fc49bc23d69\"},\"headline\":\"A declara\u00e7\u00e3o de Juca Kfouri direcionada ao S\u00e3o Paulo\",\"datePublished\":\"2025-03-16T22:45:00+00:00\",\"mainEntityOfPage\":{\"@id\":\"https:\/\/www.gaveanews.com\/index.php\/2025\/03\/16\/a-declaracao-de-juca-kfouri-direcionada-ao-sao-paulo\/\"},\"wordCount\":369,\"commentCount\":0,\"image\":{\"@id\":\"https:\/\/www.gaveanews.com\/index.php\/2025\/03\/16\/a-declaracao-de-juca-kfouri-direcionada-ao-sao-paulo\/#primaryimage\"},\"thumbnailUrl\":\"https:\/\/www.gaveanews.com\/wp-content\/uploads\/Escudo-do-Sao-Paulo.webp\",\"articleSection\":[\"Corinthians\",\"S\u00e3o Paulo\"],\"inLanguage\":\"pt-BR\",\"potentialAction\":[{\"@type\":\"CommentAction\",\"name\":\"Comment\",\"target\":[\"https:\/\/www.gaveanews.com\/index.php\/2025\/03\/16\/a-declaracao-de-juca-kfouri-direcionada-ao-sao-paulo\/#respond\"]}],\"copyrightYear\":\"2025\",\"copyrightHolder\":{\"@id\":\"https:\/\/www.gaveanews.com\/#organization\"}},{\"@type\":\"WebPage\",\"@id\":\"https:\/\/www.gaveanews.com\/index.php\/2025\/03\/16\/a-declaracao-de-juca-kfouri-direcionada-ao-sao-paulo\/\",\"url\":\"https:\/\/www.gaveanews.com\/index.php\/2025\/03\/16\/a-declaracao-de-juca-kfouri-direcionada-ao-sao-paulo\/\",\"name\":\"A declara\u00e7\u00e3o de Juca Kfouri direcionada ao S\u00e3o Paulo\",\"isPartOf\":{\"@id\":\"https:\/\/www.gaveanews.com\/#website\"},\"primaryImageOfPage\":{\"@id\":\"https:\/\/www.gaveanews.com\/index.php\/2025\/03\/16\/a-declaracao-de-juca-kfouri-direcionada-ao-sao-paulo\/#primaryimage\"},\"image\":{\"@id\":\"https:\/\/www.gaveanews.com\/index.php\/2025\/03\/16\/a-declaracao-de-juca-kfouri-direcionada-ao-sao-paulo\/#primaryimage\"},\"thumbnailUrl\":\"https:\/\/www.gaveanews.com\/wp-content\/uploads\/Escudo-do-Sao-Paulo.webp\",\"datePublished\":\"2025-03-16T22:45:00+00:00\",\"author\":{\"@id\":\"https:\/\/www.gaveanews.com\/#\/schema\/person\/a9f62fe75380c6bada1b2fc49bc23d69\"},\"breadcrumb\":{\"@id\":\"https:\/\/www.gaveanews.com\/index.php\/2025\/03\/16\/a-declaracao-de-juca-kfouri-direcionada-ao-sao-paulo\/#breadcrumb\"},\"inLanguage\":\"pt-BR\",\"potentialAction\":[{\"@type\":\"ReadAction\",\"target\":[\"https:\/\/www.gaveanews.com\/index.php\/2025\/03\/16\/a-declaracao-de-juca-kfouri-direcionada-ao-sao-paulo\/\"]}]},{\"@type\":\"ImageObject\",\"inLanguage\":\"pt-BR\",\"@id\":\"https:\/\/www.gaveanews.com\/index.php\/2025\/03\/16\/a-declaracao-de-juca-kfouri-direcionada-ao-sao-paulo\/#primaryimage\",\"url\":\"https:\/\/www.gaveanews.com\/wp-content\/uploads\/Escudo-do-Sao-Paulo.webp\",\"contentUrl\":\"https:\/\/www.gaveanews.com\/wp-content\/uploads\/Escudo-do-Sao-Paulo.webp\",\"width\":977,\"height\":651,\"caption\":\"Escudo do S\u00e3o Paulo (Foto: Reprodu\u00e7\u00e3o\/S\u00e3o Paulo)\"},{\"@type\":\"BreadcrumbList\",\"@id\":\"https:\/\/www.gaveanews.com\/index.php\/2025\/03\/16\/a-declaracao-de-juca-kfouri-direcionada-ao-sao-paulo\/#breadcrumb\",\"itemListElement\":[{\"@type\":\"ListItem\",\"position\":1,\"name\":\"Home\",\"item\":\"https:\/\/www.gaveanews.com\/\"},{\"@type\":\"ListItem\",\"position\":2,\"name\":\"A declara\u00e7\u00e3o de Juca Kfouri direcionada ao S\u00e3o Paulo\"}]},{\"@type\":\"WebSite\",\"@id\":\"https:\/\/www.gaveanews.com\/#website\",\"url\":\"https:\/\/www.gaveanews.com\/\",\"name\":\"G\u00e1vea News\",\"description\":\"Veja todas as not\u00edcias sobre o Flamengo: Contrata\u00e7\u00f5es, categorias de base, resultados das partidas, tabela de classifica\u00e7\u00e3o, pr\u00f3ximos jogos!\",\"potentialAction\":[{\"@type\":\"SearchAction\",\"target\":{\"@type\":\"EntryPoint\",\"urlTemplate\":\"https:\/\/www.gaveanews.com\/?s={search_term_string}\"},\"query-input\":{\"@type\":\"PropertyValueSpecification\",\"valueRequired\":true,\"valueName\":\"search_term_string\"}}],\"inLanguage\":\"pt-BR\"},{\"@type\":\"Person\",\"@id\":\"https:\/\/www.gaveanews.com\/#\/schema\/person\/a9f62fe75380c6bada1b2fc49bc23d69\",\"name\":\"Marco Menezes\",\"image\":{\"@type\":\"ImageObject\",\"inLanguage\":\"pt-BR\",\"@id\":\"https:\/\/www.gaveanews.com\/#\/schema\/person\/image\/\",\"url\":\"https:\/\/secure.gravatar.com\/avatar\/a1d148ae17fc8bfc5dbccffd07979e8bd2c9ba494221779de86ec2c7907b71ec?s=96&d=mm&r=g\",\"contentUrl\":\"https:\/\/secure.gravatar.com\/avatar\/a1d148ae17fc8bfc5dbccffd07979e8bd2c9ba494221779de86ec2c7907b71ec?s=96&d=mm&r=g\",\"caption\":\"Marco Menezes\"}}]}<\/script>\n<!-- \/ Yoast SEO Premium plugin. -->","yoast_head_json":{"title":"A declara\u00e7\u00e3o de Juca Kfouri direcionada ao S\u00e3o Paulo","robots":{"index":"index","follow":"follow","max-snippet":"max-snippet:-1","max-image-preview":"max-image-preview:large","max-video-preview":"max-video-preview:-1"},"canonical":"https:\/\/www.gaveanews.com\/index.php\/2025\/03\/16\/a-declaracao-de-juca-kfouri-direcionada-ao-sao-paulo\/","og_locale":"pt_BR","og_type":"article","og_title":"A declara\u00e7\u00e3o de Juca Kfouri direcionada ao S\u00e3o Paulo","og_description":"Juca Kfouri detonou o S\u00e3o Paulo por uma a\u00e7\u00e3o de marketing na disputa da Supercopa Feminina. O jornalista criticou uma faixa estendida que provocava as atletas do Corinthians. Em uma provoca\u00e7\u00e3o que fazia alus\u00e3o ao time masculino, os s\u00e3o-paulinos alfinetavam os t\u00edtulos mundiais do clube. Isso n\u00e3o repercutiu bem com o comunicador que a decretou [&hellip;]","og_url":"https:\/\/www.gaveanews.com\/index.php\/2025\/03\/16\/a-declaracao-de-juca-kfouri-direcionada-ao-sao-paulo\/","og_site_name":"G\u00e1vea News","article_publisher":"https:\/\/facebook.com\/gaveaNews\/","article_published_time":"2025-03-16T22:45:00+00:00","og_image":[{"width":977,"height":651,"url":"https:\/\/www.gaveanews.com\/wp-content\/uploads\/Escudo-do-Sao-Paulo.webp","type":"image\/webp"}],"author":"Marco Menezes","twitter_card":"summary_large_image","twitter_misc":{"Escrito por":"Marco Menezes","Est. tempo de leitura":"2 minutos"},"schema":{"@context":"https:\/\/schema.org","@graph":[{"@type":"NewsArticle","@id":"https:\/\/www.gaveanews.com\/index.php\/2025\/03\/16\/a-declaracao-de-juca-kfouri-direcionada-ao-sao-paulo\/#article","isPartOf":{"@id":"https:\/\/www.gaveanews.com\/index.php\/2025\/03\/16\/a-declaracao-de-juca-kfouri-direcionada-ao-sao-paulo\/"},"author":{"name":"Marco Menezes","@id":"https:\/\/www.gaveanews.com\/#\/schema\/person\/a9f62fe75380c6bada1b2fc49bc23d69"},"headline":"A declara\u00e7\u00e3o de Juca Kfouri direcionada ao S\u00e3o Paulo","datePublished":"2025-03-16T22:45:00+00:00","mainEntityOfPage":{"@id":"https:\/\/www.gaveanews.com\/index.php\/2025\/03\/16\/a-declaracao-de-juca-kfouri-direcionada-ao-sao-paulo\/"},"wordCount":369,"commentCount":0,"image":{"@id":"https:\/\/www.gaveanews.com\/index.php\/2025\/03\/16\/a-declaracao-de-juca-kfouri-direcionada-ao-sao-paulo\/#primaryimage"},"thumbnailUrl":"https:\/\/www.gaveanews.com\/wp-content\/uploads\/Escudo-do-Sao-Paulo.webp","articleSection":["Corinthians","S\u00e3o Paulo"],"inLanguage":"pt-BR","potentialAction":[{"@type":"CommentAction","name":"Comment","target":["https:\/\/www.gaveanews.com\/index.php\/2025\/03\/16\/a-declaracao-de-juca-kfouri-direcionada-ao-sao-paulo\/#respond"]}],"copyrightYear":"2025","copyrightHolder":{"@id":"https:\/\/www.gaveanews.com\/#organization"}},{"@type":"WebPage","@id":"https:\/\/www.gaveanews.com\/index.php\/2025\/03\/16\/a-declaracao-de-juca-kfouri-direcionada-ao-sao-paulo\/","url":"https:\/\/www.gaveanews.com\/index.php\/2025\/03\/16\/a-declaracao-de-juca-kfouri-direcionada-ao-sao-paulo\/","name":"A declara\u00e7\u00e3o de Juca Kfouri direcionada ao S\u00e3o Paulo","isPartOf":{"@id":"https:\/\/www.gaveanews.com\/#website"},"primaryImageOfPage":{"@id":"https:\/\/www.gaveanews.com\/index.php\/2025\/03\/16\/a-declaracao-de-juca-kfouri-direcionada-ao-sao-paulo\/#primaryimage"},"image":{"@id":"https:\/\/www.gaveanews.com\/index.php\/2025\/03\/16\/a-declaracao-de-juca-kfouri-direcionada-ao-sao-paulo\/#primaryimage"},"thumbnailUrl":"https:\/\/www.gaveanews.com\/wp-content\/uploads\/Escudo-do-Sao-Paulo.webp","datePublished":"2025-03-16T22:45:00+00:00","author":{"@id":"https:\/\/www.gaveanews.com\/#\/schema\/person\/a9f62fe75380c6bada1b2fc49bc23d69"},"breadcrumb":{"@id":"https:\/\/www.gaveanews.com\/index.php\/2025\/03\/16\/a-declaracao-de-juca-kfouri-direcionada-ao-sao-paulo\/#breadcrumb"},"inLanguage":"pt-BR","potentialAction":[{"@type":"ReadAction","target":["https:\/\/www.gaveanews.com\/index.php\/2025\/03\/16\/a-declaracao-de-juca-kfouri-direcionada-ao-sao-paulo\/"]}]},{"@type":"ImageObject","inLanguage":"pt-BR","@id":"https:\/\/www.gaveanews.com\/index.php\/2025\/03\/16\/a-declaracao-de-juca-kfouri-direcionada-ao-sao-paulo\/#primaryimage","url":"https:\/\/www.gaveanews.com\/wp-content\/uploads\/Escudo-do-Sao-Paulo.webp","contentUrl":"https:\/\/www.gaveanews.com\/wp-content\/uploads\/Escudo-do-Sao-Paulo.webp","width":977,"height":651,"caption":"Escudo do S\u00e3o Paulo (Foto: Reprodu\u00e7\u00e3o\/S\u00e3o Paulo)"},{"@type":"BreadcrumbList","@id":"https:\/\/www.gaveanews.com\/index.php\/2025\/03\/16\/a-declaracao-de-juca-kfouri-direcionada-ao-sao-paulo\/#breadcrumb","itemListElement":[{"@type":"ListItem","position":1,"name":"Home","item":"https:\/\/www.gaveanews.com\/"},{"@type":"ListItem","position":2,"name":"A declara\u00e7\u00e3o de Juca Kfouri direcionada ao S\u00e3o Paulo"}]},{"@type":"WebSite","@id":"https:\/\/www.gaveanews.com\/#website","url":"https:\/\/www.gaveanews.com\/","name":"G\u00e1vea News","description":"Veja todas as not\u00edcias sobre o Flamengo: Contrata\u00e7\u00f5es, categorias de base, resultados das partidas, tabela de classifica\u00e7\u00e3o, pr\u00f3ximos jogos!","potentialAction":[{"@type":"SearchAction","target":{"@type":"EntryPoint","urlTemplate":"https:\/\/www.gaveanews.com\/?s={search_term_string}"},"query-input":{"@type":"PropertyValueSpecification","valueRequired":true,"valueName":"search_term_string"}}],"inLanguage":"pt-BR"},{"@type":"Person","@id":"https:\/\/www.gaveanews.com\/#\/schema\/person\/a9f62fe75380c6bada1b2fc49bc23d69","name":"Marco Menezes","image":{"@type":"ImageObject","inLanguage":"pt-BR","@id":"https:\/\/www.gaveanews.com\/#\/schema\/person\/image\/","url":"https:\/\/secure.gravatar.com\/avatar\/a1d148ae17fc8bfc5dbccffd07979e8bd2c9ba494221779de86ec2c7907b71ec?s=96&d=mm&r=g","contentUrl":"https:\/\/secure.gravatar.com\/avatar\/a1d148ae17fc8bfc5dbccffd07979e8bd2c9ba494221779de86ec2c7907b71ec?s=96&d=mm&r=g","caption":"Marco Menezes"}}]}},"_links":{"self":[{"href":"https:\/\/www.gaveanews.com\/index.php\/wp-json\/wp\/v2\/posts\/240677","targetHints":{"allow":["GET"]}}],"collection":[{"href":"https:\/\/www.gaveanews.com\/index.php\/wp-json\/wp\/v2\/posts"}],"about":[{"href":"https:\/\/www.gaveanews.com\/index.php\/wp-json\/wp\/v2\/types\/post"}],"author":[{"embeddable":true,"href":"https:\/\/www.gaveanews.com\/index.php\/wp-json\/wp\/v2\/users\/29"}],"replies":[{"embeddable":true,"href":"https:\/\/www.gaveanews.com\/index.php\/wp-json\/wp\/v2\/comments?post=240677"}],"version-history":[{"count":1,"href":"https:\/\/www.gaveanews.com\/index.php\/wp-json\/wp\/v2\/posts\/240677\/revisions"}],"predecessor-version":[{"id":240678,"href":"https:\/\/www.gaveanews.com\/index.php\/wp-json\/wp\/v2\/posts\/240677\/revisions\/240678"}],"wp:featuredmedia":[{"embeddable":true,"href":"https:\/\/www.gaveanews.com\/index.php\/wp-json\/wp\/v2\/media\/154451"}],"wp:attachment":[{"href":"https:\/\/www.gaveanews.com\/index.php\/wp-json\/wp\/v2\/media?parent=240677"}],"wp:term":[{"taxonomy":"category","embeddable":true,"href":"https:\/\/www.gaveanews.com\/index.php\/wp-json\/wp\/v2\/categories?post=240677"},{"taxonomy":"post_tag","embeddable":true,"href":"https:\/\/www.gaveanews.com\/index.php\/wp-json\/wp\/v2\/tags?post=240677"}],"curies":[{"name":"wp","href":"https:\/\/api.w.org\/{rel}","templated":true}]}}