{"id":240706,"date":"2025-03-16T19:21:09","date_gmt":"2025-03-16T22:21:09","guid":{"rendered":"https:\/\/www.gaveanews.com\/?p=240706"},"modified":"2025-03-16T19:21:12","modified_gmt":"2025-03-16T22:21:12","slug":"a-declaracao-de-casemiro-miguel-direcionada-a-depay-do-corinthians","status":"publish","type":"post","link":"https:\/\/www.gaveanews.com\/index.php\/2025\/03\/16\/a-declaracao-de-casemiro-miguel-direcionada-a-depay-do-corinthians\/","title":{"rendered":"A declara\u00e7\u00e3o de Casemiro Miguel direcionada a Depay, do Corinthians"},"content":{"rendered":"\n<p>Durante a transmiss\u00e3o entre Palmeiras e Corinthians pela final do Campeonato Paulista 2025 na Caz\u00e9 TV, neste domingo (16), Casimiro Miguel, CEO e Comentarista, deixou sua analise sobre o camisa 10 da equipe Alvinegra, para ele, Memphis \u00e9 quem d\u00e1 dinamismo para o meio campo do Tim\u00e3o, seja com um jogo de corpo ou uma ajeita. <\/p>\n\n\n\n<p>&#8220;Cara, como o Memphis est\u00e1 dinamizando com esse meio do Corinthians, cara, \u00e9 muita qualidade, \u00e0s vezes com um jogo de corpo, \u00e0s vezes com um top s\u00f3, uma ajeitada, \u00e9 muita qualidade&#8221;, disse.<\/p>\n\n\n\n<p>Casimiro tamb\u00e9m citou as cr\u00edticas da torcida, j\u00e1 que Memphis ainda n\u00e3o assumiu o papel de protagonista que a Fiel tanto pediu quando ele assumiu a 10. <\/p>\n\n\n\n<p>&#8220;De fato, no in\u00edcio da transmiss\u00e3o a gente falou que a torcida cobra um pouco mais, pede um pouco mais, mas \u00e9 um jogador que \u00e9 muito diferente, Luis&#8221;, finalizou Caz\u00e9. <\/p>\n\n\n\n<p>O presidente do Corinthians, Augusto Melo, saiu em defesa de Memphis Depay ap\u00f3s a elimina\u00e7\u00e3o da equipe na \u00faltima fase da pr\u00e9-Libertadores contra o Barcelona de Guayaquil. Em conversa com jornalistas ap\u00f3s a vit\u00f3ria por 2 a 0 neste domingo (17), ele afirmou que confia na recupera\u00e7\u00e3o do atacante holand\u00eas e destacou sua import\u00e2ncia para o time.<\/p>\n\n\n\n<p>\u201cFutebol \u00e9 isso, cada jogo \u00e9 um jogo, cada jogo tem um tipo de posicionamento, enfim, faz parte, o futebol tem dia que n\u00e3o d\u00e1 certo, tem fases e \u00e9 um grande jogador, e n\u00e3o tem d\u00favida, pra gente ele \u00e9 muito importante. J\u00e1 j\u00e1 come\u00e7a a sair os gols novamente, e chegou assim, deu certo assim, e agora \u00e9 uma fasezinha que passa, como com todo jogador passa\u201d, disse Augusto Melo.<\/p>\n\n\n\n<p>Memphis Depay chegou ao Corinthians em setembro do ano passado e rapidamente se tornou pe\u00e7a-chave na recupera\u00e7\u00e3o do time no Campeonato Brasileiro. Com nove gols em 28 partidas desde que desembarcou no Brasil, o atacante ajudou a equipe a se afastar da luta contra o rebaixamento e garantir uma vaga na pr\u00e9-Libertadores.<\/p>\n\n\n\n<p>Em 2025, no entanto, o desempenho de Memphis tem sido alvo de cr\u00edticas da torcida. O jogador marcou apenas dois gols at\u00e9 o momento, ambos no Campeonato Paulista, e soma seis assist\u00eancias no ano. Al\u00e9m do rendimento dentro de campo, ele tamb\u00e9m passou a carregar um peso simb\u00f3lico ao assumir a camisa 10 do Corinthians, que anteriormente pertencia a Rodrigo Garro, agora dono da camisa 8.<\/p>\n","protected":false},"excerpt":{"rendered":"<p>Durante a transmiss\u00e3o entre Palmeiras e Corinthians pela final do Campeonato Paulista 2025 na Caz\u00e9 TV, neste domingo (16), Casimiro Miguel, CEO e Comentarista, deixou sua analise sobre o camisa 10 da equipe Alvinegra, para ele, Memphis \u00e9 quem d\u00e1 dinamismo para o meio campo do Tim\u00e3o, seja com um jogo de corpo ou uma [&hellip;]<\/p>\n","protected":false},"author":17,"featured_media":109492,"comment_status":"open","ping_status":"closed","sticky":false,"template":"","format":"standard","meta":{"footnotes":""},"categories":[141],"tags":[],"class_list":["post-240706","post","type-post","status-publish","format-standard","has-post-thumbnail","hentry","category-corinthians"],"yoast_head":"<!-- This site is optimized with the Yoast SEO Premium plugin v24.2 (Yoast SEO v26.9) - https:\/\/yoast.com\/product\/yoast-seo-premium-wordpress\/ -->\n<title>A declara\u00e7\u00e3o de Casemiro Miguel direcionada a Depay, do Corinthians<\/title>\n<meta name=\"robots\" content=\"index, follow, max-snippet:-1, max-image-preview:large, max-video-preview:-1\" \/>\n<link rel=\"canonical\" href=\"https:\/\/www.gaveanews.com\/index.php\/2025\/03\/16\/a-declaracao-de-casemiro-miguel-direcionada-a-depay-do-corinthians\/\" \/>\n<meta property=\"og:locale\" content=\"pt_BR\" \/>\n<meta property=\"og:type\" content=\"article\" \/>\n<meta property=\"og:title\" content=\"A declara\u00e7\u00e3o de Casemiro Miguel direcionada a Depay, do Corinthians\" \/>\n<meta property=\"og:description\" content=\"Durante a transmiss\u00e3o entre Palmeiras e Corinthians pela final do Campeonato Paulista 2025 na Caz\u00e9 TV, neste domingo (16), Casimiro Miguel, CEO e Comentarista, deixou sua analise sobre o camisa 10 da equipe Alvinegra, para ele, Memphis \u00e9 quem d\u00e1 dinamismo para o meio campo do Tim\u00e3o, seja com um jogo de corpo ou uma [&hellip;]\" \/>\n<meta property=\"og:url\" content=\"https:\/\/www.gaveanews.com\/index.php\/2025\/03\/16\/a-declaracao-de-casemiro-miguel-direcionada-a-depay-do-corinthians\/\" \/>\n<meta property=\"og:site_name\" content=\"G\u00e1vea News\" \/>\n<meta property=\"article:publisher\" content=\"https:\/\/facebook.com\/gaveaNews\/\" \/>\n<meta property=\"article:published_time\" content=\"2025-03-16T22:21:09+00:00\" \/>\n<meta property=\"article:modified_time\" content=\"2025-03-16T22:21:12+00:00\" \/>\n<meta property=\"og:image\" content=\"http:\/\/www.gaveanews.com\/wp-content\/uploads\/casimiro.webp\" \/>\n\t<meta property=\"og:image:width\" content=\"1155\" \/>\n\t<meta property=\"og:image:height\" content=\"651\" \/>\n\t<meta property=\"og:image:type\" content=\"image\/webp\" \/>\n<meta name=\"author\" content=\"Geovanna Thomaz\" \/>\n<meta name=\"twitter:card\" content=\"summary_large_image\" \/>\n<meta name=\"twitter:label1\" content=\"Escrito por\" \/>\n\t<meta name=\"twitter:data1\" content=\"Geovanna Thomaz\" \/>\n\t<meta name=\"twitter:label2\" content=\"Est. tempo de leitura\" \/>\n\t<meta name=\"twitter:data2\" content=\"3 minutos\" \/>\n<script type=\"application\/ld+json\" class=\"yoast-schema-graph\">{\"@context\":\"https:\/\/schema.org\",\"@graph\":[{\"@type\":\"NewsArticle\",\"@id\":\"https:\/\/www.gaveanews.com\/index.php\/2025\/03\/16\/a-declaracao-de-casemiro-miguel-direcionada-a-depay-do-corinthians\/#article\",\"isPartOf\":{\"@id\":\"https:\/\/www.gaveanews.com\/index.php\/2025\/03\/16\/a-declaracao-de-casemiro-miguel-direcionada-a-depay-do-corinthians\/\"},\"author\":{\"name\":\"Geovanna Thomaz\",\"@id\":\"https:\/\/www.gaveanews.com\/#\/schema\/person\/f42654babcd2b2014a1a65af82b081f1\"},\"headline\":\"A declara\u00e7\u00e3o de Casemiro Miguel direcionada a Depay, do Corinthians\",\"datePublished\":\"2025-03-16T22:21:09+00:00\",\"dateModified\":\"2025-03-16T22:21:12+00:00\",\"mainEntityOfPage\":{\"@id\":\"https:\/\/www.gaveanews.com\/index.php\/2025\/03\/16\/a-declaracao-de-casemiro-miguel-direcionada-a-depay-do-corinthians\/\"},\"wordCount\":412,\"commentCount\":0,\"image\":{\"@id\":\"https:\/\/www.gaveanews.com\/index.php\/2025\/03\/16\/a-declaracao-de-casemiro-miguel-direcionada-a-depay-do-corinthians\/#primaryimage\"},\"thumbnailUrl\":\"https:\/\/www.gaveanews.com\/wp-content\/uploads\/casimiro.webp\",\"articleSection\":[\"Corinthians\"],\"inLanguage\":\"pt-BR\",\"potentialAction\":[{\"@type\":\"CommentAction\",\"name\":\"Comment\",\"target\":[\"https:\/\/www.gaveanews.com\/index.php\/2025\/03\/16\/a-declaracao-de-casemiro-miguel-direcionada-a-depay-do-corinthians\/#respond\"]}],\"copyrightYear\":\"2025\",\"copyrightHolder\":{\"@id\":\"https:\/\/www.gaveanews.com\/#organization\"}},{\"@type\":\"WebPage\",\"@id\":\"https:\/\/www.gaveanews.com\/index.php\/2025\/03\/16\/a-declaracao-de-casemiro-miguel-direcionada-a-depay-do-corinthians\/\",\"url\":\"https:\/\/www.gaveanews.com\/index.php\/2025\/03\/16\/a-declaracao-de-casemiro-miguel-direcionada-a-depay-do-corinthians\/\",\"name\":\"A declara\u00e7\u00e3o de Casemiro Miguel direcionada a Depay, do Corinthians\",\"isPartOf\":{\"@id\":\"https:\/\/www.gaveanews.com\/#website\"},\"primaryImageOfPage\":{\"@id\":\"https:\/\/www.gaveanews.com\/index.php\/2025\/03\/16\/a-declaracao-de-casemiro-miguel-direcionada-a-depay-do-corinthians\/#primaryimage\"},\"image\":{\"@id\":\"https:\/\/www.gaveanews.com\/index.php\/2025\/03\/16\/a-declaracao-de-casemiro-miguel-direcionada-a-depay-do-corinthians\/#primaryimage\"},\"thumbnailUrl\":\"https:\/\/www.gaveanews.com\/wp-content\/uploads\/casimiro.webp\",\"datePublished\":\"2025-03-16T22:21:09+00:00\",\"dateModified\":\"2025-03-16T22:21:12+00:00\",\"author\":{\"@id\":\"https:\/\/www.gaveanews.com\/#\/schema\/person\/f42654babcd2b2014a1a65af82b081f1\"},\"breadcrumb\":{\"@id\":\"https:\/\/www.gaveanews.com\/index.php\/2025\/03\/16\/a-declaracao-de-casemiro-miguel-direcionada-a-depay-do-corinthians\/#breadcrumb\"},\"inLanguage\":\"pt-BR\",\"potentialAction\":[{\"@type\":\"ReadAction\",\"target\":[\"https:\/\/www.gaveanews.com\/index.php\/2025\/03\/16\/a-declaracao-de-casemiro-miguel-direcionada-a-depay-do-corinthians\/\"]}]},{\"@type\":\"ImageObject\",\"inLanguage\":\"pt-BR\",\"@id\":\"https:\/\/www.gaveanews.com\/index.php\/2025\/03\/16\/a-declaracao-de-casemiro-miguel-direcionada-a-depay-do-corinthians\/#primaryimage\",\"url\":\"https:\/\/www.gaveanews.com\/wp-content\/uploads\/casimiro.webp\",\"contentUrl\":\"https:\/\/www.gaveanews.com\/wp-content\/uploads\/casimiro.webp\",\"width\":1155,\"height\":651,\"caption\":\"Casimiro em transmiss\u00e3o na Twitch (Foto: Reprodu\u00e7\u00e3o\/CazeTV)\"},{\"@type\":\"BreadcrumbList\",\"@id\":\"https:\/\/www.gaveanews.com\/index.php\/2025\/03\/16\/a-declaracao-de-casemiro-miguel-direcionada-a-depay-do-corinthians\/#breadcrumb\",\"itemListElement\":[{\"@type\":\"ListItem\",\"position\":1,\"name\":\"Home\",\"item\":\"https:\/\/www.gaveanews.com\/\"},{\"@type\":\"ListItem\",\"position\":2,\"name\":\"A declara\u00e7\u00e3o de Casemiro Miguel direcionada a Depay, do Corinthians\"}]},{\"@type\":\"WebSite\",\"@id\":\"https:\/\/www.gaveanews.com\/#website\",\"url\":\"https:\/\/www.gaveanews.com\/\",\"name\":\"G\u00e1vea News\",\"description\":\"Veja todas as not\u00edcias sobre o Flamengo: Contrata\u00e7\u00f5es, categorias de base, resultados das partidas, tabela de classifica\u00e7\u00e3o, pr\u00f3ximos jogos!\",\"potentialAction\":[{\"@type\":\"SearchAction\",\"target\":{\"@type\":\"EntryPoint\",\"urlTemplate\":\"https:\/\/www.gaveanews.com\/?s={search_term_string}\"},\"query-input\":{\"@type\":\"PropertyValueSpecification\",\"valueRequired\":true,\"valueName\":\"search_term_string\"}}],\"inLanguage\":\"pt-BR\"},{\"@type\":\"Person\",\"@id\":\"https:\/\/www.gaveanews.com\/#\/schema\/person\/f42654babcd2b2014a1a65af82b081f1\",\"name\":\"Geovanna Thomaz\",\"image\":{\"@type\":\"ImageObject\",\"inLanguage\":\"pt-BR\",\"@id\":\"https:\/\/www.gaveanews.com\/#\/schema\/person\/image\/\",\"url\":\"https:\/\/secure.gravatar.com\/avatar\/4092073255489533afb558984b49b64268c47198af8623cc82a925ae9fb7118a?s=96&d=mm&r=g\",\"contentUrl\":\"https:\/\/secure.gravatar.com\/avatar\/4092073255489533afb558984b49b64268c47198af8623cc82a925ae9fb7118a?s=96&d=mm&r=g\",\"caption\":\"Geovanna Thomaz\"}}]}<\/script>\n<!-- \/ Yoast SEO Premium plugin. -->","yoast_head_json":{"title":"A declara\u00e7\u00e3o de Casemiro Miguel direcionada a Depay, do Corinthians","robots":{"index":"index","follow":"follow","max-snippet":"max-snippet:-1","max-image-preview":"max-image-preview:large","max-video-preview":"max-video-preview:-1"},"canonical":"https:\/\/www.gaveanews.com\/index.php\/2025\/03\/16\/a-declaracao-de-casemiro-miguel-direcionada-a-depay-do-corinthians\/","og_locale":"pt_BR","og_type":"article","og_title":"A declara\u00e7\u00e3o de Casemiro Miguel direcionada a Depay, do Corinthians","og_description":"Durante a transmiss\u00e3o entre Palmeiras e Corinthians pela final do Campeonato Paulista 2025 na Caz\u00e9 TV, neste domingo (16), Casimiro Miguel, CEO e Comentarista, deixou sua analise sobre o camisa 10 da equipe Alvinegra, para ele, Memphis \u00e9 quem d\u00e1 dinamismo para o meio campo do Tim\u00e3o, seja com um jogo de corpo ou uma [&hellip;]","og_url":"https:\/\/www.gaveanews.com\/index.php\/2025\/03\/16\/a-declaracao-de-casemiro-miguel-direcionada-a-depay-do-corinthians\/","og_site_name":"G\u00e1vea News","article_publisher":"https:\/\/facebook.com\/gaveaNews\/","article_published_time":"2025-03-16T22:21:09+00:00","article_modified_time":"2025-03-16T22:21:12+00:00","og_image":[{"width":1155,"height":651,"url":"http:\/\/www.gaveanews.com\/wp-content\/uploads\/casimiro.webp","type":"image\/webp"}],"author":"Geovanna Thomaz","twitter_card":"summary_large_image","twitter_misc":{"Escrito por":"Geovanna Thomaz","Est. tempo de leitura":"3 minutos"},"schema":{"@context":"https:\/\/schema.org","@graph":[{"@type":"NewsArticle","@id":"https:\/\/www.gaveanews.com\/index.php\/2025\/03\/16\/a-declaracao-de-casemiro-miguel-direcionada-a-depay-do-corinthians\/#article","isPartOf":{"@id":"https:\/\/www.gaveanews.com\/index.php\/2025\/03\/16\/a-declaracao-de-casemiro-miguel-direcionada-a-depay-do-corinthians\/"},"author":{"name":"Geovanna Thomaz","@id":"https:\/\/www.gaveanews.com\/#\/schema\/person\/f42654babcd2b2014a1a65af82b081f1"},"headline":"A declara\u00e7\u00e3o de Casemiro Miguel direcionada a Depay, do Corinthians","datePublished":"2025-03-16T22:21:09+00:00","dateModified":"2025-03-16T22:21:12+00:00","mainEntityOfPage":{"@id":"https:\/\/www.gaveanews.com\/index.php\/2025\/03\/16\/a-declaracao-de-casemiro-miguel-direcionada-a-depay-do-corinthians\/"},"wordCount":412,"commentCount":0,"image":{"@id":"https:\/\/www.gaveanews.com\/index.php\/2025\/03\/16\/a-declaracao-de-casemiro-miguel-direcionada-a-depay-do-corinthians\/#primaryimage"},"thumbnailUrl":"https:\/\/www.gaveanews.com\/wp-content\/uploads\/casimiro.webp","articleSection":["Corinthians"],"inLanguage":"pt-BR","potentialAction":[{"@type":"CommentAction","name":"Comment","target":["https:\/\/www.gaveanews.com\/index.php\/2025\/03\/16\/a-declaracao-de-casemiro-miguel-direcionada-a-depay-do-corinthians\/#respond"]}],"copyrightYear":"2025","copyrightHolder":{"@id":"https:\/\/www.gaveanews.com\/#organization"}},{"@type":"WebPage","@id":"https:\/\/www.gaveanews.com\/index.php\/2025\/03\/16\/a-declaracao-de-casemiro-miguel-direcionada-a-depay-do-corinthians\/","url":"https:\/\/www.gaveanews.com\/index.php\/2025\/03\/16\/a-declaracao-de-casemiro-miguel-direcionada-a-depay-do-corinthians\/","name":"A declara\u00e7\u00e3o de Casemiro Miguel direcionada a Depay, do Corinthians","isPartOf":{"@id":"https:\/\/www.gaveanews.com\/#website"},"primaryImageOfPage":{"@id":"https:\/\/www.gaveanews.com\/index.php\/2025\/03\/16\/a-declaracao-de-casemiro-miguel-direcionada-a-depay-do-corinthians\/#primaryimage"},"image":{"@id":"https:\/\/www.gaveanews.com\/index.php\/2025\/03\/16\/a-declaracao-de-casemiro-miguel-direcionada-a-depay-do-corinthians\/#primaryimage"},"thumbnailUrl":"https:\/\/www.gaveanews.com\/wp-content\/uploads\/casimiro.webp","datePublished":"2025-03-16T22:21:09+00:00","dateModified":"2025-03-16T22:21:12+00:00","author":{"@id":"https:\/\/www.gaveanews.com\/#\/schema\/person\/f42654babcd2b2014a1a65af82b081f1"},"breadcrumb":{"@id":"https:\/\/www.gaveanews.com\/index.php\/2025\/03\/16\/a-declaracao-de-casemiro-miguel-direcionada-a-depay-do-corinthians\/#breadcrumb"},"inLanguage":"pt-BR","potentialAction":[{"@type":"ReadAction","target":["https:\/\/www.gaveanews.com\/index.php\/2025\/03\/16\/a-declaracao-de-casemiro-miguel-direcionada-a-depay-do-corinthians\/"]}]},{"@type":"ImageObject","inLanguage":"pt-BR","@id":"https:\/\/www.gaveanews.com\/index.php\/2025\/03\/16\/a-declaracao-de-casemiro-miguel-direcionada-a-depay-do-corinthians\/#primaryimage","url":"https:\/\/www.gaveanews.com\/wp-content\/uploads\/casimiro.webp","contentUrl":"https:\/\/www.gaveanews.com\/wp-content\/uploads\/casimiro.webp","width":1155,"height":651,"caption":"Casimiro em transmiss\u00e3o na Twitch (Foto: Reprodu\u00e7\u00e3o\/CazeTV)"},{"@type":"BreadcrumbList","@id":"https:\/\/www.gaveanews.com\/index.php\/2025\/03\/16\/a-declaracao-de-casemiro-miguel-direcionada-a-depay-do-corinthians\/#breadcrumb","itemListElement":[{"@type":"ListItem","position":1,"name":"Home","item":"https:\/\/www.gaveanews.com\/"},{"@type":"ListItem","position":2,"name":"A declara\u00e7\u00e3o de Casemiro Miguel direcionada a Depay, do Corinthians"}]},{"@type":"WebSite","@id":"https:\/\/www.gaveanews.com\/#website","url":"https:\/\/www.gaveanews.com\/","name":"G\u00e1vea News","description":"Veja todas as not\u00edcias sobre o Flamengo: Contrata\u00e7\u00f5es, categorias de base, resultados das partidas, tabela de classifica\u00e7\u00e3o, pr\u00f3ximos jogos!","potentialAction":[{"@type":"SearchAction","target":{"@type":"EntryPoint","urlTemplate":"https:\/\/www.gaveanews.com\/?s={search_term_string}"},"query-input":{"@type":"PropertyValueSpecification","valueRequired":true,"valueName":"search_term_string"}}],"inLanguage":"pt-BR"},{"@type":"Person","@id":"https:\/\/www.gaveanews.com\/#\/schema\/person\/f42654babcd2b2014a1a65af82b081f1","name":"Geovanna Thomaz","image":{"@type":"ImageObject","inLanguage":"pt-BR","@id":"https:\/\/www.gaveanews.com\/#\/schema\/person\/image\/","url":"https:\/\/secure.gravatar.com\/avatar\/4092073255489533afb558984b49b64268c47198af8623cc82a925ae9fb7118a?s=96&d=mm&r=g","contentUrl":"https:\/\/secure.gravatar.com\/avatar\/4092073255489533afb558984b49b64268c47198af8623cc82a925ae9fb7118a?s=96&d=mm&r=g","caption":"Geovanna Thomaz"}}]}},"_links":{"self":[{"href":"https:\/\/www.gaveanews.com\/index.php\/wp-json\/wp\/v2\/posts\/240706","targetHints":{"allow":["GET"]}}],"collection":[{"href":"https:\/\/www.gaveanews.com\/index.php\/wp-json\/wp\/v2\/posts"}],"about":[{"href":"https:\/\/www.gaveanews.com\/index.php\/wp-json\/wp\/v2\/types\/post"}],"author":[{"embeddable":true,"href":"https:\/\/www.gaveanews.com\/index.php\/wp-json\/wp\/v2\/users\/17"}],"replies":[{"embeddable":true,"href":"https:\/\/www.gaveanews.com\/index.php\/wp-json\/wp\/v2\/comments?post=240706"}],"version-history":[{"count":1,"href":"https:\/\/www.gaveanews.com\/index.php\/wp-json\/wp\/v2\/posts\/240706\/revisions"}],"predecessor-version":[{"id":240714,"href":"https:\/\/www.gaveanews.com\/index.php\/wp-json\/wp\/v2\/posts\/240706\/revisions\/240714"}],"wp:featuredmedia":[{"embeddable":true,"href":"https:\/\/www.gaveanews.com\/index.php\/wp-json\/wp\/v2\/media\/109492"}],"wp:attachment":[{"href":"https:\/\/www.gaveanews.com\/index.php\/wp-json\/wp\/v2\/media?parent=240706"}],"wp:term":[{"taxonomy":"category","embeddable":true,"href":"https:\/\/www.gaveanews.com\/index.php\/wp-json\/wp\/v2\/categories?post=240706"},{"taxonomy":"post_tag","embeddable":true,"href":"https:\/\/www.gaveanews.com\/index.php\/wp-json\/wp\/v2\/tags?post=240706"}],"curies":[{"name":"wp","href":"https:\/\/api.w.org\/{rel}","templated":true}]}}