{"id":240865,"date":"2025-03-17T10:15:00","date_gmt":"2025-03-17T13:15:00","guid":{"rendered":"https:\/\/www.gaveanews.com\/?p=240865"},"modified":"2025-03-17T10:05:30","modified_gmt":"2025-03-17T13:05:30","slug":"drible-absurdo-de-carillo-contra-o-palmeiras-viraliza-nas-redes-sociais","status":"publish","type":"post","link":"https:\/\/www.gaveanews.com\/index.php\/2025\/03\/17\/drible-absurdo-de-carillo-contra-o-palmeiras-viraliza-nas-redes-sociais\/","title":{"rendered":"Drible absurdo de Carillo contra o Palmeiras viraliza nas redes sociais"},"content":{"rendered":"\n<p>A primeira partida da final do Campeonato Paulista de 2025, disputada entre Palmeiras e Corinthians no Allianz Parque, teve muito mais que um simples placar de 1 a 0. Al\u00e9m da vit\u00f3ria alvinegra, um lance se destacou nas redes sociais, viralizando no TikTok: o drible de Carrillo em cima de Emiliano Mart\u00ednez.&nbsp;<\/p>\n\n\n\n<h2 class=\"wp-block-heading\" id=\"h-drible-de-carrillo-ganha-repercussao-nas-redes-sociais\">Drible de Carrillo ganha repercuss\u00e3o nas redes sociais<\/h2>\n\n\n\n<p>Esse momento de pura habilidade encantou os torcedores e gerou um buzz enorme nas redes sociais. Confira o lance, a seguir:<\/p>\n\n\n\n<figure class=\"wp-block-embed is-type-video is-provider-tiktok wp-block-embed-tiktok\"><div class=\"wp-block-embed__wrapper\">\n<blockquote class=\"tiktok-embed\" cite=\"https:\/\/www.tiktok.com\/@espnbrasil\/video\/7482553828798254391\" data-video-id=\"7482553828798254391\" data-embed-from=\"oembed\" style=\"max-width:605px; min-width:325px;\"> <section> <a target=\"_blank\" title=\"@espnbrasil\" href=\"https:\/\/www.tiktok.com\/@espnbrasil?refer=embed\">@espnbrasil<\/a> <p>Martinez passou direto! <a title=\"futebolnaespn\" target=\"_blank\" href=\"https:\/\/www.tiktok.com\/tag\/futebolnaespn?refer=embed\">#FutebolNaESPN<\/a> <a title=\"tiktokesportes\" target=\"_blank\" href=\"https:\/\/www.tiktok.com\/tag\/tiktokesportes?refer=embed\">#TikTokEsportes<\/a> <a title=\"palmeiras\" target=\"_blank\" href=\"https:\/\/www.tiktok.com\/tag\/palmeiras?refer=embed\">#palmeiras<\/a> <a title=\"corinthians\" target=\"_blank\" href=\"https:\/\/www.tiktok.com\/tag\/corinthians?refer=embed\">#corinthians<\/a> <a title=\"sep\" target=\"_blank\" href=\"https:\/\/www.tiktok.com\/tag\/sep?refer=embed\">#sep<\/a> <a title=\"tim\u00e3o\" target=\"_blank\" href=\"https:\/\/www.tiktok.com\/tag\/tim%C3%A3o?refer=embed\">#tim\u00e3o<\/a> <a title=\"abelferreira\" target=\"_blank\" href=\"https:\/\/www.tiktok.com\/tag\/abelferreira?refer=embed\">#abelferreira<\/a> <a title=\"carillo\" target=\"_blank\" href=\"https:\/\/www.tiktok.com\/tag\/carillo?refer=embed\">#carillo<\/a> <a title=\"allianzparque\" target=\"_blank\" href=\"https:\/\/www.tiktok.com\/tag\/allianzparque?refer=embed\">#allianzparque<\/a><\/p> <a target=\"_blank\" title=\"\u266c For the Damaged Coda - Blonde Redhead\" href=\"https:\/\/www.tiktok.com\/music\/For-the-Damaged-Coda-6793806857153546242?refer=embed\">\u266c For the Damaged Coda &#8211; Blonde Redhead<\/a> <\/section> <\/blockquote> <script async src=\"https:\/\/www.tiktok.com\/embed.js\"><\/script>\n<\/div><\/figure>\n\n\n\n<h2 class=\"wp-block-heading\" id=\"h-o-primeiro-tempo-de-pressao-e-boas-defesas\">O primeiro tempo de press\u00e3o e boas defesas<\/h2>\n\n\n\n<p>No in\u00edcio do cl\u00e1ssico, o Palmeiras dominou a posse de bola e chegou com perigo ao gol do Corinthians em v\u00e1rias ocasi\u00f5es. Raphael Veiga teve uma chance clara de abrir o placar, mas a defesa de Matheuzinho impediu o gol em cima da linha.&nbsp;<\/p>\n\n\n\n<p>Hugo Souza tamb\u00e9m fez defesas importantes, como em chutes de Facundo Torres e Est\u00eav\u00e3o. Apesar da press\u00e3o do time da casa, o Corinthians n\u00e3o se intimidou e soube se defender bem.&nbsp;<\/p>\n\n\n\n<p>Vale destacar que, embora n\u00e3o tenha chegado com tanto perigo ao gol de Weverton, o time de Ram\u00f3n D\u00edaz foi se ajustando ao longo do jogo e come\u00e7ava a criar espa\u00e7os, especialmente com Carrillo e Memphis Depay.<\/p>\n\n\n\n<h2 class=\"wp-block-heading\" id=\"h-a-virada-no-segundo-tempo-e-a-definicao-do-jogo\">A virada no segundo tempo e a defini\u00e7\u00e3o do jogo<\/h2>\n\n\n\n<p>J\u00e1 no segundo tempo, o Palmeiras continuou pressionando, mas o Corinthians mostrou a sua for\u00e7a ao abrir o placar. Em um contra-ataque bem armado, Memphis Depay fez o passe perfeito para Yuri Alberto, que, com classe, driblou o zagueiro Micael e finalizou rasteiro no canto esquerdo, marcando o \u00fanico gol da partida.&nbsp;<\/p>\n\n\n\n<p>Com esse gol, o Corinthians conquistou uma vantagem valiosa. O Palmeiras tentou reagir, com Micael quase empatando de cabe\u00e7a e Est\u00eav\u00e3o parando novamente em Hugo Souza. Dessa maneira, a vit\u00f3ria ficou com o Tim\u00e3o, que tem agora uma grande vantagem para o jogo de volta.<\/p>\n\n\n\n<h2 class=\"wp-block-heading\" id=\"h-o-jogo-de-volta-e-o-grande-desafio\">O jogo de volta e o grande desafio<\/h2>\n\n\n\n<p>O Corinthians, agora com a vantagem de um gol, ter\u00e1 a miss\u00e3o de confirmar o t\u00edtulo no jogo de volta, que acontecer\u00e1 no dia 27 de mar\u00e7o, na Neo Qu\u00edmica Arena. Portanto, o Alvinegro entra na partida com moral e a torcida, empolgada com o desempenho, espera que a equipe consiga garantir o trof\u00e9u.&nbsp;<\/p>\n\n\n\n<p>Cabe ressaltar que, caso o Palmeiras ven\u00e7a por um gol de diferen\u00e7a, a decis\u00e3o ser\u00e1 levada para os p\u00eanaltis, aumentando ainda mais a expectativa para esse grande duelo.<\/p>\n","protected":false},"excerpt":{"rendered":"<p>A primeira partida da final do Campeonato Paulista de 2025, disputada entre Palmeiras e Corinthians no Allianz Parque, teve muito mais que um simples placar de 1 a 0. Al\u00e9m da vit\u00f3ria alvinegra, um lance se destacou nas redes sociais, viralizando no TikTok: o drible de Carrillo em cima de Emiliano Mart\u00ednez.&nbsp; Drible de Carrillo [&hellip;]<\/p>\n","protected":false},"author":25,"featured_media":172496,"comment_status":"open","ping_status":"closed","sticky":false,"template":"","format":"standard","meta":{"footnotes":""},"categories":[141,150],"tags":[],"class_list":["post-240865","post","type-post","status-publish","format-standard","has-post-thumbnail","hentry","category-corinthians","category-palmeiras"],"yoast_head":"<!-- This site is optimized with the Yoast SEO Premium plugin v24.2 (Yoast SEO v26.9) - https:\/\/yoast.com\/product\/yoast-seo-premium-wordpress\/ -->\n<title>Drible absurdo de Carillo contra o Palmeiras viraliza nas redes sociais<\/title>\n<meta name=\"robots\" content=\"index, follow, max-snippet:-1, max-image-preview:large, max-video-preview:-1\" \/>\n<link rel=\"canonical\" href=\"https:\/\/www.gaveanews.com\/index.php\/2025\/03\/17\/drible-absurdo-de-carillo-contra-o-palmeiras-viraliza-nas-redes-sociais\/\" \/>\n<meta property=\"og:locale\" content=\"pt_BR\" \/>\n<meta property=\"og:type\" content=\"article\" \/>\n<meta property=\"og:title\" content=\"Drible absurdo de Carillo contra o Palmeiras viraliza nas redes sociais\" \/>\n<meta property=\"og:description\" content=\"A primeira partida da final do Campeonato Paulista de 2025, disputada entre Palmeiras e Corinthians no Allianz Parque, teve muito mais que um simples placar de 1 a 0. Al\u00e9m da vit\u00f3ria alvinegra, um lance se destacou nas redes sociais, viralizando no TikTok: o drible de Carrillo em cima de Emiliano Mart\u00ednez.&nbsp; Drible de Carrillo [&hellip;]\" \/>\n<meta property=\"og:url\" content=\"https:\/\/www.gaveanews.com\/index.php\/2025\/03\/17\/drible-absurdo-de-carillo-contra-o-palmeiras-viraliza-nas-redes-sociais\/\" \/>\n<meta property=\"og:site_name\" content=\"G\u00e1vea News\" \/>\n<meta property=\"article:publisher\" content=\"https:\/\/facebook.com\/gaveaNews\/\" \/>\n<meta property=\"article:published_time\" content=\"2025-03-17T13:15:00+00:00\" \/>\n<meta property=\"og:image\" content=\"https:\/\/www.gaveanews.com\/wp-content\/uploads\/Andre-Carrillo-pelo-Corinthians.webp\" \/>\n\t<meta property=\"og:image:width\" content=\"1423\" \/>\n\t<meta property=\"og:image:height\" content=\"1000\" \/>\n\t<meta property=\"og:image:type\" content=\"image\/jpeg\" \/>\n<meta name=\"author\" content=\"Rafaela Ladeira\" \/>\n<meta name=\"twitter:card\" content=\"summary_large_image\" \/>\n<meta name=\"twitter:label1\" content=\"Escrito por\" \/>\n\t<meta name=\"twitter:data1\" content=\"Rafaela Ladeira\" \/>\n\t<meta name=\"twitter:label2\" content=\"Est. tempo de leitura\" \/>\n\t<meta name=\"twitter:data2\" content=\"3 minutos\" \/>\n<script type=\"application\/ld+json\" class=\"yoast-schema-graph\">{\"@context\":\"https:\/\/schema.org\",\"@graph\":[{\"@type\":\"NewsArticle\",\"@id\":\"https:\/\/www.gaveanews.com\/index.php\/2025\/03\/17\/drible-absurdo-de-carillo-contra-o-palmeiras-viraliza-nas-redes-sociais\/#article\",\"isPartOf\":{\"@id\":\"https:\/\/www.gaveanews.com\/index.php\/2025\/03\/17\/drible-absurdo-de-carillo-contra-o-palmeiras-viraliza-nas-redes-sociais\/\"},\"author\":{\"name\":\"Rafaela Ladeira\",\"@id\":\"https:\/\/www.gaveanews.com\/#\/schema\/person\/0eb3e3fe1754f0205218538adbe8f5ed\"},\"headline\":\"Drible absurdo de Carillo contra o Palmeiras viraliza nas redes sociais\",\"datePublished\":\"2025-03-17T13:15:00+00:00\",\"mainEntityOfPage\":{\"@id\":\"https:\/\/www.gaveanews.com\/index.php\/2025\/03\/17\/drible-absurdo-de-carillo-contra-o-palmeiras-viraliza-nas-redes-sociais\/\"},\"wordCount\":457,\"commentCount\":0,\"image\":{\"@id\":\"https:\/\/www.gaveanews.com\/index.php\/2025\/03\/17\/drible-absurdo-de-carillo-contra-o-palmeiras-viraliza-nas-redes-sociais\/#primaryimage\"},\"thumbnailUrl\":\"https:\/\/www.gaveanews.com\/wp-content\/uploads\/Andre-Carrillo-pelo-Corinthians.webp\",\"articleSection\":[\"Corinthians\",\"Palmeiras\"],\"inLanguage\":\"pt-BR\",\"potentialAction\":[{\"@type\":\"CommentAction\",\"name\":\"Comment\",\"target\":[\"https:\/\/www.gaveanews.com\/index.php\/2025\/03\/17\/drible-absurdo-de-carillo-contra-o-palmeiras-viraliza-nas-redes-sociais\/#respond\"]}],\"copyrightYear\":\"2025\",\"copyrightHolder\":{\"@id\":\"https:\/\/www.gaveanews.com\/#organization\"}},{\"@type\":\"WebPage\",\"@id\":\"https:\/\/www.gaveanews.com\/index.php\/2025\/03\/17\/drible-absurdo-de-carillo-contra-o-palmeiras-viraliza-nas-redes-sociais\/\",\"url\":\"https:\/\/www.gaveanews.com\/index.php\/2025\/03\/17\/drible-absurdo-de-carillo-contra-o-palmeiras-viraliza-nas-redes-sociais\/\",\"name\":\"Drible absurdo de Carillo contra o Palmeiras viraliza nas redes sociais\",\"isPartOf\":{\"@id\":\"https:\/\/www.gaveanews.com\/#website\"},\"primaryImageOfPage\":{\"@id\":\"https:\/\/www.gaveanews.com\/index.php\/2025\/03\/17\/drible-absurdo-de-carillo-contra-o-palmeiras-viraliza-nas-redes-sociais\/#primaryimage\"},\"image\":{\"@id\":\"https:\/\/www.gaveanews.com\/index.php\/2025\/03\/17\/drible-absurdo-de-carillo-contra-o-palmeiras-viraliza-nas-redes-sociais\/#primaryimage\"},\"thumbnailUrl\":\"https:\/\/www.gaveanews.com\/wp-content\/uploads\/Andre-Carrillo-pelo-Corinthians.webp\",\"datePublished\":\"2025-03-17T13:15:00+00:00\",\"author\":{\"@id\":\"https:\/\/www.gaveanews.com\/#\/schema\/person\/0eb3e3fe1754f0205218538adbe8f5ed\"},\"breadcrumb\":{\"@id\":\"https:\/\/www.gaveanews.com\/index.php\/2025\/03\/17\/drible-absurdo-de-carillo-contra-o-palmeiras-viraliza-nas-redes-sociais\/#breadcrumb\"},\"inLanguage\":\"pt-BR\",\"potentialAction\":[{\"@type\":\"ReadAction\",\"target\":[\"https:\/\/www.gaveanews.com\/index.php\/2025\/03\/17\/drible-absurdo-de-carillo-contra-o-palmeiras-viraliza-nas-redes-sociais\/\"]}]},{\"@type\":\"ImageObject\",\"inLanguage\":\"pt-BR\",\"@id\":\"https:\/\/www.gaveanews.com\/index.php\/2025\/03\/17\/drible-absurdo-de-carillo-contra-o-palmeiras-viraliza-nas-redes-sociais\/#primaryimage\",\"url\":\"https:\/\/www.gaveanews.com\/wp-content\/uploads\/Andre-Carrillo-pelo-Corinthians.webp\",\"contentUrl\":\"https:\/\/www.gaveanews.com\/wp-content\/uploads\/Andre-Carrillo-pelo-Corinthians.webp\",\"width\":1423,\"height\":1000,\"caption\":\"Andr\u00e9 Carrillo pelo Corinthians (Foto: Divulga\u00e7\u00e3o\/Corinthians)\"},{\"@type\":\"BreadcrumbList\",\"@id\":\"https:\/\/www.gaveanews.com\/index.php\/2025\/03\/17\/drible-absurdo-de-carillo-contra-o-palmeiras-viraliza-nas-redes-sociais\/#breadcrumb\",\"itemListElement\":[{\"@type\":\"ListItem\",\"position\":1,\"name\":\"Home\",\"item\":\"https:\/\/www.gaveanews.com\/\"},{\"@type\":\"ListItem\",\"position\":2,\"name\":\"Drible absurdo de Carillo contra o Palmeiras viraliza nas redes sociais\"}]},{\"@type\":\"WebSite\",\"@id\":\"https:\/\/www.gaveanews.com\/#website\",\"url\":\"https:\/\/www.gaveanews.com\/\",\"name\":\"G\u00e1vea News\",\"description\":\"Veja todas as not\u00edcias sobre o Flamengo: Contrata\u00e7\u00f5es, categorias de base, resultados das partidas, tabela de classifica\u00e7\u00e3o, pr\u00f3ximos jogos!\",\"potentialAction\":[{\"@type\":\"SearchAction\",\"target\":{\"@type\":\"EntryPoint\",\"urlTemplate\":\"https:\/\/www.gaveanews.com\/?s={search_term_string}\"},\"query-input\":{\"@type\":\"PropertyValueSpecification\",\"valueRequired\":true,\"valueName\":\"search_term_string\"}}],\"inLanguage\":\"pt-BR\"},{\"@type\":\"Person\",\"@id\":\"https:\/\/www.gaveanews.com\/#\/schema\/person\/0eb3e3fe1754f0205218538adbe8f5ed\",\"name\":\"Rafaela Ladeira\",\"image\":{\"@type\":\"ImageObject\",\"inLanguage\":\"pt-BR\",\"@id\":\"https:\/\/www.gaveanews.com\/#\/schema\/person\/image\/\",\"url\":\"https:\/\/secure.gravatar.com\/avatar\/c31f513acffd85eacab5730cbdfdbbf59f21ba5aeada8cd890acea879fbb2455?s=96&d=mm&r=g\",\"contentUrl\":\"https:\/\/secure.gravatar.com\/avatar\/c31f513acffd85eacab5730cbdfdbbf59f21ba5aeada8cd890acea879fbb2455?s=96&d=mm&r=g\",\"caption\":\"Rafaela Ladeira\"}}]}<\/script>\n<!-- \/ Yoast SEO Premium plugin. -->","yoast_head_json":{"title":"Drible absurdo de Carillo contra o Palmeiras viraliza nas redes sociais","robots":{"index":"index","follow":"follow","max-snippet":"max-snippet:-1","max-image-preview":"max-image-preview:large","max-video-preview":"max-video-preview:-1"},"canonical":"https:\/\/www.gaveanews.com\/index.php\/2025\/03\/17\/drible-absurdo-de-carillo-contra-o-palmeiras-viraliza-nas-redes-sociais\/","og_locale":"pt_BR","og_type":"article","og_title":"Drible absurdo de Carillo contra o Palmeiras viraliza nas redes sociais","og_description":"A primeira partida da final do Campeonato Paulista de 2025, disputada entre Palmeiras e Corinthians no Allianz Parque, teve muito mais que um simples placar de 1 a 0. Al\u00e9m da vit\u00f3ria alvinegra, um lance se destacou nas redes sociais, viralizando no TikTok: o drible de Carrillo em cima de Emiliano Mart\u00ednez.&nbsp; Drible de Carrillo [&hellip;]","og_url":"https:\/\/www.gaveanews.com\/index.php\/2025\/03\/17\/drible-absurdo-de-carillo-contra-o-palmeiras-viraliza-nas-redes-sociais\/","og_site_name":"G\u00e1vea News","article_publisher":"https:\/\/facebook.com\/gaveaNews\/","article_published_time":"2025-03-17T13:15:00+00:00","og_image":[{"width":1423,"height":1000,"url":"https:\/\/www.gaveanews.com\/wp-content\/uploads\/Andre-Carrillo-pelo-Corinthians.webp","type":"image\/jpeg"}],"author":"Rafaela Ladeira","twitter_card":"summary_large_image","twitter_misc":{"Escrito por":"Rafaela Ladeira","Est. tempo de leitura":"3 minutos"},"schema":{"@context":"https:\/\/schema.org","@graph":[{"@type":"NewsArticle","@id":"https:\/\/www.gaveanews.com\/index.php\/2025\/03\/17\/drible-absurdo-de-carillo-contra-o-palmeiras-viraliza-nas-redes-sociais\/#article","isPartOf":{"@id":"https:\/\/www.gaveanews.com\/index.php\/2025\/03\/17\/drible-absurdo-de-carillo-contra-o-palmeiras-viraliza-nas-redes-sociais\/"},"author":{"name":"Rafaela Ladeira","@id":"https:\/\/www.gaveanews.com\/#\/schema\/person\/0eb3e3fe1754f0205218538adbe8f5ed"},"headline":"Drible absurdo de Carillo contra o Palmeiras viraliza nas redes sociais","datePublished":"2025-03-17T13:15:00+00:00","mainEntityOfPage":{"@id":"https:\/\/www.gaveanews.com\/index.php\/2025\/03\/17\/drible-absurdo-de-carillo-contra-o-palmeiras-viraliza-nas-redes-sociais\/"},"wordCount":457,"commentCount":0,"image":{"@id":"https:\/\/www.gaveanews.com\/index.php\/2025\/03\/17\/drible-absurdo-de-carillo-contra-o-palmeiras-viraliza-nas-redes-sociais\/#primaryimage"},"thumbnailUrl":"https:\/\/www.gaveanews.com\/wp-content\/uploads\/Andre-Carrillo-pelo-Corinthians.webp","articleSection":["Corinthians","Palmeiras"],"inLanguage":"pt-BR","potentialAction":[{"@type":"CommentAction","name":"Comment","target":["https:\/\/www.gaveanews.com\/index.php\/2025\/03\/17\/drible-absurdo-de-carillo-contra-o-palmeiras-viraliza-nas-redes-sociais\/#respond"]}],"copyrightYear":"2025","copyrightHolder":{"@id":"https:\/\/www.gaveanews.com\/#organization"}},{"@type":"WebPage","@id":"https:\/\/www.gaveanews.com\/index.php\/2025\/03\/17\/drible-absurdo-de-carillo-contra-o-palmeiras-viraliza-nas-redes-sociais\/","url":"https:\/\/www.gaveanews.com\/index.php\/2025\/03\/17\/drible-absurdo-de-carillo-contra-o-palmeiras-viraliza-nas-redes-sociais\/","name":"Drible absurdo de Carillo contra o Palmeiras viraliza nas redes sociais","isPartOf":{"@id":"https:\/\/www.gaveanews.com\/#website"},"primaryImageOfPage":{"@id":"https:\/\/www.gaveanews.com\/index.php\/2025\/03\/17\/drible-absurdo-de-carillo-contra-o-palmeiras-viraliza-nas-redes-sociais\/#primaryimage"},"image":{"@id":"https:\/\/www.gaveanews.com\/index.php\/2025\/03\/17\/drible-absurdo-de-carillo-contra-o-palmeiras-viraliza-nas-redes-sociais\/#primaryimage"},"thumbnailUrl":"https:\/\/www.gaveanews.com\/wp-content\/uploads\/Andre-Carrillo-pelo-Corinthians.webp","datePublished":"2025-03-17T13:15:00+00:00","author":{"@id":"https:\/\/www.gaveanews.com\/#\/schema\/person\/0eb3e3fe1754f0205218538adbe8f5ed"},"breadcrumb":{"@id":"https:\/\/www.gaveanews.com\/index.php\/2025\/03\/17\/drible-absurdo-de-carillo-contra-o-palmeiras-viraliza-nas-redes-sociais\/#breadcrumb"},"inLanguage":"pt-BR","potentialAction":[{"@type":"ReadAction","target":["https:\/\/www.gaveanews.com\/index.php\/2025\/03\/17\/drible-absurdo-de-carillo-contra-o-palmeiras-viraliza-nas-redes-sociais\/"]}]},{"@type":"ImageObject","inLanguage":"pt-BR","@id":"https:\/\/www.gaveanews.com\/index.php\/2025\/03\/17\/drible-absurdo-de-carillo-contra-o-palmeiras-viraliza-nas-redes-sociais\/#primaryimage","url":"https:\/\/www.gaveanews.com\/wp-content\/uploads\/Andre-Carrillo-pelo-Corinthians.webp","contentUrl":"https:\/\/www.gaveanews.com\/wp-content\/uploads\/Andre-Carrillo-pelo-Corinthians.webp","width":1423,"height":1000,"caption":"Andr\u00e9 Carrillo pelo Corinthians (Foto: Divulga\u00e7\u00e3o\/Corinthians)"},{"@type":"BreadcrumbList","@id":"https:\/\/www.gaveanews.com\/index.php\/2025\/03\/17\/drible-absurdo-de-carillo-contra-o-palmeiras-viraliza-nas-redes-sociais\/#breadcrumb","itemListElement":[{"@type":"ListItem","position":1,"name":"Home","item":"https:\/\/www.gaveanews.com\/"},{"@type":"ListItem","position":2,"name":"Drible absurdo de Carillo contra o Palmeiras viraliza nas redes sociais"}]},{"@type":"WebSite","@id":"https:\/\/www.gaveanews.com\/#website","url":"https:\/\/www.gaveanews.com\/","name":"G\u00e1vea News","description":"Veja todas as not\u00edcias sobre o Flamengo: Contrata\u00e7\u00f5es, categorias de base, resultados das partidas, tabela de classifica\u00e7\u00e3o, pr\u00f3ximos jogos!","potentialAction":[{"@type":"SearchAction","target":{"@type":"EntryPoint","urlTemplate":"https:\/\/www.gaveanews.com\/?s={search_term_string}"},"query-input":{"@type":"PropertyValueSpecification","valueRequired":true,"valueName":"search_term_string"}}],"inLanguage":"pt-BR"},{"@type":"Person","@id":"https:\/\/www.gaveanews.com\/#\/schema\/person\/0eb3e3fe1754f0205218538adbe8f5ed","name":"Rafaela Ladeira","image":{"@type":"ImageObject","inLanguage":"pt-BR","@id":"https:\/\/www.gaveanews.com\/#\/schema\/person\/image\/","url":"https:\/\/secure.gravatar.com\/avatar\/c31f513acffd85eacab5730cbdfdbbf59f21ba5aeada8cd890acea879fbb2455?s=96&d=mm&r=g","contentUrl":"https:\/\/secure.gravatar.com\/avatar\/c31f513acffd85eacab5730cbdfdbbf59f21ba5aeada8cd890acea879fbb2455?s=96&d=mm&r=g","caption":"Rafaela Ladeira"}}]}},"_links":{"self":[{"href":"https:\/\/www.gaveanews.com\/index.php\/wp-json\/wp\/v2\/posts\/240865","targetHints":{"allow":["GET"]}}],"collection":[{"href":"https:\/\/www.gaveanews.com\/index.php\/wp-json\/wp\/v2\/posts"}],"about":[{"href":"https:\/\/www.gaveanews.com\/index.php\/wp-json\/wp\/v2\/types\/post"}],"author":[{"embeddable":true,"href":"https:\/\/www.gaveanews.com\/index.php\/wp-json\/wp\/v2\/users\/25"}],"replies":[{"embeddable":true,"href":"https:\/\/www.gaveanews.com\/index.php\/wp-json\/wp\/v2\/comments?post=240865"}],"version-history":[{"count":1,"href":"https:\/\/www.gaveanews.com\/index.php\/wp-json\/wp\/v2\/posts\/240865\/revisions"}],"predecessor-version":[{"id":240866,"href":"https:\/\/www.gaveanews.com\/index.php\/wp-json\/wp\/v2\/posts\/240865\/revisions\/240866"}],"wp:featuredmedia":[{"embeddable":true,"href":"https:\/\/www.gaveanews.com\/index.php\/wp-json\/wp\/v2\/media\/172496"}],"wp:attachment":[{"href":"https:\/\/www.gaveanews.com\/index.php\/wp-json\/wp\/v2\/media?parent=240865"}],"wp:term":[{"taxonomy":"category","embeddable":true,"href":"https:\/\/www.gaveanews.com\/index.php\/wp-json\/wp\/v2\/categories?post=240865"},{"taxonomy":"post_tag","embeddable":true,"href":"https:\/\/www.gaveanews.com\/index.php\/wp-json\/wp\/v2\/tags?post=240865"}],"curies":[{"name":"wp","href":"https:\/\/api.w.org\/{rel}","templated":true}]}}