{"id":240867,"date":"2025-03-17T10:20:00","date_gmt":"2025-03-17T13:20:00","guid":{"rendered":"https:\/\/www.gaveanews.com\/?p=240867"},"modified":"2025-03-17T10:13:41","modified_gmt":"2025-03-17T13:13:41","slug":"video-abel-ferreira-reconhece-que-o-corinthians-foi-melhor-em-dois-quesitos","status":"publish","type":"post","link":"https:\/\/www.gaveanews.com\/index.php\/2025\/03\/17\/video-abel-ferreira-reconhece-que-o-corinthians-foi-melhor-em-dois-quesitos\/","title":{"rendered":"V\u00eddeo: Abel Ferreira reconhece que o Corinthians foi melhor em dois quesitos"},"content":{"rendered":"\n<p>Na noite deste domingo (16), o Palmeiras foi derrotado pelo Corinthians por 1 a 0 na primeira partida da final do Campeonato Paulista 2025, no Allianz Parque. Embora o time alviverde tenha dominado a posse de bola e criado mais oportunidades de gol, Abel Ferreira reconheceu a efici\u00eancia do rival.&nbsp;<\/p>\n\n\n\n<p>Durante a entrevista coletiva ap\u00f3s a partida, o treinador palmeirense destacou que, apesar de seu time ter feito 22 finaliza\u00e7\u00f5es, o Corinthians foi mais eficaz, marcando um gol em um \u00fanico chute a gol.&nbsp;<\/p>\n\n\n\n<h2 class=\"wp-block-heading\" id=\"h-abel-destaca-eficiencia-do-corinthians\">Abel destaca efici\u00eancia do Corinthians<\/h2>\n\n\n\n<p>\u201cQuantas finaliza\u00e7\u00f5es foram? 22 a 3. N\u00e3o \u00e9 a primeira vez. Ano passado, quando perdemos l\u00e1, eles tamb\u00e9m deram 3 chutes. Futebol \u00e9 isso. Efici\u00eancia\u201d, declarou Abel, deixando claro que o desempenho ofensivo de sua equipe n\u00e3o foi o suficiente para garantir o resultado positivo.<\/p>\n\n\n\n<figure class=\"wp-block-embed is-type-video is-provider-tiktok wp-block-embed-tiktok\"><div class=\"wp-block-embed__wrapper\">\n<blockquote class=\"tiktok-embed\" cite=\"https:\/\/www.tiktok.com\/@espnbrasil\/video\/7482570877389802758\" data-video-id=\"7482570877389802758\" data-embed-from=\"oembed\" style=\"max-width:605px; min-width:325px;\"> <section> <a target=\"_blank\" title=\"@espnbrasil\" href=\"https:\/\/www.tiktok.com\/@espnbrasil?refer=embed\">@espnbrasil<\/a> <p>Abel Ferreira falou sobre a diferen\u00e7a nas finaliza\u00e7\u00f5es de Palmeiras e Corinthians no jogo de ida da final do Paulist\u00e3o! <a title=\"futebolnaespn\" target=\"_blank\" href=\"https:\/\/www.tiktok.com\/tag\/futebolnaespn?refer=embed\">#FutebolNaESPN<\/a> <a title=\"futebol\" target=\"_blank\" href=\"https:\/\/www.tiktok.com\/tag\/futebol?refer=embed\">#Futebol<\/a> <a title=\"palmeiras\" target=\"_blank\" href=\"https:\/\/www.tiktok.com\/tag\/palmeiras?refer=embed\">#Palmeiras<\/a> <a title=\"abelferreira\" target=\"_blank\" href=\"https:\/\/www.tiktok.com\/tag\/abelferreira?refer=embed\">#AbelFerreira<\/a> <a title=\"corinthians\" target=\"_blank\" href=\"https:\/\/www.tiktok.com\/tag\/corinthians?refer=embed\">#Corinthians<\/a> <a title=\"tiktokesportes\" target=\"_blank\" href=\"https:\/\/www.tiktok.com\/tag\/tiktokesportes?refer=embed\">#TikTokEsportes<\/a> <\/p> <a target=\"_blank\" title=\"\u266c som original - ESPN Brasil\" href=\"https:\/\/www.tiktok.com\/music\/som-original-7482570897602218807?refer=embed\">\u266c som original &#8211; ESPN Brasil<\/a> <\/section> <\/blockquote> <script async src=\"https:\/\/www.tiktok.com\/embed.js\"><\/script>\n<\/div><\/figure>\n\n\n\n<h2 class=\"wp-block-heading\" id=\"h-a-frustracao-de-criar-e-nao-finalizar\">A frustra\u00e7\u00e3o de criar e n\u00e3o finalizar<\/h2>\n\n\n\n<p>Embora o Palmeiras tenha pressionado o Corinthians durante boa parte da partida, Abel Ferreira n\u00e3o deixou de apontar que, apesar do volume de jogo, sua equipe n\u00e3o conseguiu ser eficaz nas finaliza\u00e7\u00f5es.&nbsp;<\/p>\n\n\n\n<p>O t\u00e9cnico tamb\u00e9m mencionou situa\u00e7\u00f5es espec\u00edficas, como as duas chances de Vitor Roque e um escanteio n\u00e3o marcado a favor do Verd\u00e3o.&nbsp;<\/p>\n\n\n\n<p>&#8220;O advers\u00e1rio teve efici\u00eancia e n\u00e3o fomos capazes nas chances&#8221;, afirmou o treinador, que tamb\u00e9m destacou a grande atua\u00e7\u00e3o do goleiro Hugo Souza.&nbsp;<\/p>\n\n\n\n<p>\u201cBasta ver o trabalho de um goleiro e do outro para ver que produzimos mais, mas eles defenderam e foram eficazes\u201d, disse Abel, reconhecendo o desempenho superior da defesa alvinegra.<\/p>\n\n\n\n<h2 class=\"wp-block-heading\" id=\"h-confianca-para-o-jogo-decisivo\">Confian\u00e7a para o jogo decisivo<\/h2>\n\n\n\n<p>Apesar da desvantagem, Abel se manteve otimista e confiante na reviravolta no jogo de volta, que ocorrer\u00e1 na Neo Qu\u00edmica Arena, no dia 27 de mar\u00e7o. &#8220;N\u00e3o temos nada a perder, vamos discutir a final na casa deles, sem nada a perder&#8221;, afirmou o t\u00e9cnico.&nbsp;<\/p>\n\n\n\n<p>Dessa maneira, o Palmeiras entra no segundo jogo com o objetivo de conquistar a vit\u00f3ria por dois gols de diferen\u00e7a. Caso ven\u00e7a por um gol, a decis\u00e3o ser\u00e1 levada para os p\u00eanaltis. Apesar da press\u00e3o que o time sofreu no Allianz Parque, a confian\u00e7a ainda est\u00e1 presente no elenco.<\/p>\n\n\n\n<h2 class=\"wp-block-heading\" id=\"h-torcida-palmeirense-cobra-atitude\">Torcida palmeirense cobra atitude<\/h2>\n\n\n\n<p>Nas redes sociais, a derrota gerou um clima de frustra\u00e7\u00e3o entre os torcedores palmeirenses, que cobraram mais intensidade da equipe para o jogo decisivo. Al\u00e9m disso, alguns questionaram o trabalho de Abel Ferreira, pedindo mudan\u00e7as t\u00e1ticas para aumentar a ofensividade do time e melhorar as chances no ataque.&nbsp;<\/p>\n\n\n\n<p>\u201cN\u00e3o \u00e9 poss\u00edvel perder de novo em casa desse jeito!\u201d, escreveu um torcedor, enquanto outros pediram mais garra do time para o segundo confronto.<\/p>\n\n\n\n<h2 class=\"wp-block-heading\" id=\"h-o-calendario-do-palmeiras\">O calend\u00e1rio do Palmeiras<\/h2>\n\n\n\n<p>O pr\u00f3ximo desafio do Palmeiras \u00e9 o jogo de volta da final do Campeonato Paulista, em 27 de mar\u00e7o, na Neo Qu\u00edmica Arena. A equipe alviverde precisa vencer por dois gols de diferen\u00e7a para ser campe\u00e3 no tempo normal.&nbsp;<\/p>\n\n\n\n<p>Caso o placar termine com uma vit\u00f3ria por um gol, a decis\u00e3o ir\u00e1 para os p\u00eanaltis. Al\u00e9m disso, o Palmeiras estreia no Campeonato Brasileiro contra o Botafogo no dia 29 de mar\u00e7o, no Allianz Parque, um novo desafio para Abel Ferreira e seu elenco.<\/p>\n","protected":false},"excerpt":{"rendered":"<p>Na noite deste domingo (16), o Palmeiras foi derrotado pelo Corinthians por 1 a 0 na primeira partida da final do Campeonato Paulista 2025, no Allianz Parque. Embora o time alviverde tenha dominado a posse de bola e criado mais oportunidades de gol, Abel Ferreira reconheceu a efici\u00eancia do rival.&nbsp; Durante a entrevista coletiva ap\u00f3s [&hellip;]<\/p>\n","protected":false},"author":25,"featured_media":102760,"comment_status":"open","ping_status":"closed","sticky":false,"template":"","format":"standard","meta":{"footnotes":""},"categories":[141,150],"tags":[],"class_list":["post-240867","post","type-post","status-publish","format-standard","has-post-thumbnail","hentry","category-corinthians","category-palmeiras"],"yoast_head":"<!-- This site is optimized with the Yoast SEO Premium plugin v24.2 (Yoast SEO v26.9) - https:\/\/yoast.com\/product\/yoast-seo-premium-wordpress\/ -->\n<title>V\u00eddeo: Abel Ferreira reconhece que o Corinthians foi melhor em dois quesitos<\/title>\n<meta name=\"robots\" content=\"index, follow, max-snippet:-1, max-image-preview:large, max-video-preview:-1\" \/>\n<link rel=\"canonical\" href=\"https:\/\/www.gaveanews.com\/index.php\/2025\/03\/17\/video-abel-ferreira-reconhece-que-o-corinthians-foi-melhor-em-dois-quesitos\/\" \/>\n<meta property=\"og:locale\" content=\"pt_BR\" \/>\n<meta property=\"og:type\" content=\"article\" \/>\n<meta property=\"og:title\" content=\"V\u00eddeo: Abel Ferreira reconhece que o Corinthians foi melhor em dois quesitos\" \/>\n<meta property=\"og:description\" content=\"Na noite deste domingo (16), o Palmeiras foi derrotado pelo Corinthians por 1 a 0 na primeira partida da final do Campeonato Paulista 2025, no Allianz Parque. Embora o time alviverde tenha dominado a posse de bola e criado mais oportunidades de gol, Abel Ferreira reconheceu a efici\u00eancia do rival.&nbsp; Durante a entrevista coletiva ap\u00f3s [&hellip;]\" \/>\n<meta property=\"og:url\" content=\"https:\/\/www.gaveanews.com\/index.php\/2025\/03\/17\/video-abel-ferreira-reconhece-que-o-corinthians-foi-melhor-em-dois-quesitos\/\" \/>\n<meta property=\"og:site_name\" content=\"G\u00e1vea News\" \/>\n<meta property=\"article:publisher\" content=\"https:\/\/facebook.com\/gaveaNews\/\" \/>\n<meta property=\"article:published_time\" content=\"2025-03-17T13:20:00+00:00\" \/>\n<meta property=\"og:image\" content=\"https:\/\/www.gaveanews.com\/wp-content\/uploads\/chrome_ODu3uwWaKP.webp\" \/>\n\t<meta property=\"og:image:width\" content=\"840\" \/>\n\t<meta property=\"og:image:height\" content=\"510\" \/>\n\t<meta property=\"og:image:type\" content=\"image\/png\" \/>\n<meta name=\"author\" content=\"Rafaela Ladeira\" \/>\n<meta name=\"twitter:card\" content=\"summary_large_image\" \/>\n<meta name=\"twitter:label1\" content=\"Escrito por\" \/>\n\t<meta name=\"twitter:data1\" content=\"Rafaela Ladeira\" \/>\n\t<meta name=\"twitter:label2\" content=\"Est. tempo de leitura\" \/>\n\t<meta name=\"twitter:data2\" content=\"4 minutos\" \/>\n<script type=\"application\/ld+json\" class=\"yoast-schema-graph\">{\"@context\":\"https:\/\/schema.org\",\"@graph\":[{\"@type\":\"NewsArticle\",\"@id\":\"https:\/\/www.gaveanews.com\/index.php\/2025\/03\/17\/video-abel-ferreira-reconhece-que-o-corinthians-foi-melhor-em-dois-quesitos\/#article\",\"isPartOf\":{\"@id\":\"https:\/\/www.gaveanews.com\/index.php\/2025\/03\/17\/video-abel-ferreira-reconhece-que-o-corinthians-foi-melhor-em-dois-quesitos\/\"},\"author\":{\"name\":\"Rafaela Ladeira\",\"@id\":\"https:\/\/www.gaveanews.com\/#\/schema\/person\/0eb3e3fe1754f0205218538adbe8f5ed\"},\"headline\":\"V\u00eddeo: Abel Ferreira reconhece que o Corinthians foi melhor em dois quesitos\",\"datePublished\":\"2025-03-17T13:20:00+00:00\",\"mainEntityOfPage\":{\"@id\":\"https:\/\/www.gaveanews.com\/index.php\/2025\/03\/17\/video-abel-ferreira-reconhece-que-o-corinthians-foi-melhor-em-dois-quesitos\/\"},\"wordCount\":580,\"commentCount\":0,\"image\":{\"@id\":\"https:\/\/www.gaveanews.com\/index.php\/2025\/03\/17\/video-abel-ferreira-reconhece-que-o-corinthians-foi-melhor-em-dois-quesitos\/#primaryimage\"},\"thumbnailUrl\":\"https:\/\/www.gaveanews.com\/wp-content\/uploads\/chrome_ODu3uwWaKP.webp\",\"articleSection\":[\"Corinthians\",\"Palmeiras\"],\"inLanguage\":\"pt-BR\",\"potentialAction\":[{\"@type\":\"CommentAction\",\"name\":\"Comment\",\"target\":[\"https:\/\/www.gaveanews.com\/index.php\/2025\/03\/17\/video-abel-ferreira-reconhece-que-o-corinthians-foi-melhor-em-dois-quesitos\/#respond\"]}],\"copyrightYear\":\"2025\",\"copyrightHolder\":{\"@id\":\"https:\/\/www.gaveanews.com\/#organization\"}},{\"@type\":\"WebPage\",\"@id\":\"https:\/\/www.gaveanews.com\/index.php\/2025\/03\/17\/video-abel-ferreira-reconhece-que-o-corinthians-foi-melhor-em-dois-quesitos\/\",\"url\":\"https:\/\/www.gaveanews.com\/index.php\/2025\/03\/17\/video-abel-ferreira-reconhece-que-o-corinthians-foi-melhor-em-dois-quesitos\/\",\"name\":\"V\u00eddeo: Abel Ferreira reconhece que o Corinthians foi melhor em dois quesitos\",\"isPartOf\":{\"@id\":\"https:\/\/www.gaveanews.com\/#website\"},\"primaryImageOfPage\":{\"@id\":\"https:\/\/www.gaveanews.com\/index.php\/2025\/03\/17\/video-abel-ferreira-reconhece-que-o-corinthians-foi-melhor-em-dois-quesitos\/#primaryimage\"},\"image\":{\"@id\":\"https:\/\/www.gaveanews.com\/index.php\/2025\/03\/17\/video-abel-ferreira-reconhece-que-o-corinthians-foi-melhor-em-dois-quesitos\/#primaryimage\"},\"thumbnailUrl\":\"https:\/\/www.gaveanews.com\/wp-content\/uploads\/chrome_ODu3uwWaKP.webp\",\"datePublished\":\"2025-03-17T13:20:00+00:00\",\"author\":{\"@id\":\"https:\/\/www.gaveanews.com\/#\/schema\/person\/0eb3e3fe1754f0205218538adbe8f5ed\"},\"breadcrumb\":{\"@id\":\"https:\/\/www.gaveanews.com\/index.php\/2025\/03\/17\/video-abel-ferreira-reconhece-que-o-corinthians-foi-melhor-em-dois-quesitos\/#breadcrumb\"},\"inLanguage\":\"pt-BR\",\"potentialAction\":[{\"@type\":\"ReadAction\",\"target\":[\"https:\/\/www.gaveanews.com\/index.php\/2025\/03\/17\/video-abel-ferreira-reconhece-que-o-corinthians-foi-melhor-em-dois-quesitos\/\"]}]},{\"@type\":\"ImageObject\",\"inLanguage\":\"pt-BR\",\"@id\":\"https:\/\/www.gaveanews.com\/index.php\/2025\/03\/17\/video-abel-ferreira-reconhece-que-o-corinthians-foi-melhor-em-dois-quesitos\/#primaryimage\",\"url\":\"https:\/\/www.gaveanews.com\/wp-content\/uploads\/chrome_ODu3uwWaKP.webp\",\"contentUrl\":\"https:\/\/www.gaveanews.com\/wp-content\/uploads\/chrome_ODu3uwWaKP.webp\",\"width\":840,\"height\":510,\"caption\":\"Abel Ferreira em Jogo pelo Palmeiras - Foto Reprodu\u00e7\u00e3o\"},{\"@type\":\"BreadcrumbList\",\"@id\":\"https:\/\/www.gaveanews.com\/index.php\/2025\/03\/17\/video-abel-ferreira-reconhece-que-o-corinthians-foi-melhor-em-dois-quesitos\/#breadcrumb\",\"itemListElement\":[{\"@type\":\"ListItem\",\"position\":1,\"name\":\"Home\",\"item\":\"https:\/\/www.gaveanews.com\/\"},{\"@type\":\"ListItem\",\"position\":2,\"name\":\"V\u00eddeo: Abel Ferreira reconhece que o Corinthians foi melhor em dois quesitos\"}]},{\"@type\":\"WebSite\",\"@id\":\"https:\/\/www.gaveanews.com\/#website\",\"url\":\"https:\/\/www.gaveanews.com\/\",\"name\":\"G\u00e1vea News\",\"description\":\"Veja todas as not\u00edcias sobre o Flamengo: Contrata\u00e7\u00f5es, categorias de base, resultados das partidas, tabela de classifica\u00e7\u00e3o, pr\u00f3ximos jogos!\",\"potentialAction\":[{\"@type\":\"SearchAction\",\"target\":{\"@type\":\"EntryPoint\",\"urlTemplate\":\"https:\/\/www.gaveanews.com\/?s={search_term_string}\"},\"query-input\":{\"@type\":\"PropertyValueSpecification\",\"valueRequired\":true,\"valueName\":\"search_term_string\"}}],\"inLanguage\":\"pt-BR\"},{\"@type\":\"Person\",\"@id\":\"https:\/\/www.gaveanews.com\/#\/schema\/person\/0eb3e3fe1754f0205218538adbe8f5ed\",\"name\":\"Rafaela Ladeira\",\"image\":{\"@type\":\"ImageObject\",\"inLanguage\":\"pt-BR\",\"@id\":\"https:\/\/www.gaveanews.com\/#\/schema\/person\/image\/\",\"url\":\"https:\/\/secure.gravatar.com\/avatar\/c31f513acffd85eacab5730cbdfdbbf59f21ba5aeada8cd890acea879fbb2455?s=96&d=mm&r=g\",\"contentUrl\":\"https:\/\/secure.gravatar.com\/avatar\/c31f513acffd85eacab5730cbdfdbbf59f21ba5aeada8cd890acea879fbb2455?s=96&d=mm&r=g\",\"caption\":\"Rafaela Ladeira\"}}]}<\/script>\n<!-- \/ Yoast SEO Premium plugin. -->","yoast_head_json":{"title":"V\u00eddeo: Abel Ferreira reconhece que o Corinthians foi melhor em dois quesitos","robots":{"index":"index","follow":"follow","max-snippet":"max-snippet:-1","max-image-preview":"max-image-preview:large","max-video-preview":"max-video-preview:-1"},"canonical":"https:\/\/www.gaveanews.com\/index.php\/2025\/03\/17\/video-abel-ferreira-reconhece-que-o-corinthians-foi-melhor-em-dois-quesitos\/","og_locale":"pt_BR","og_type":"article","og_title":"V\u00eddeo: Abel Ferreira reconhece que o Corinthians foi melhor em dois quesitos","og_description":"Na noite deste domingo (16), o Palmeiras foi derrotado pelo Corinthians por 1 a 0 na primeira partida da final do Campeonato Paulista 2025, no Allianz Parque. Embora o time alviverde tenha dominado a posse de bola e criado mais oportunidades de gol, Abel Ferreira reconheceu a efici\u00eancia do rival.&nbsp; Durante a entrevista coletiva ap\u00f3s [&hellip;]","og_url":"https:\/\/www.gaveanews.com\/index.php\/2025\/03\/17\/video-abel-ferreira-reconhece-que-o-corinthians-foi-melhor-em-dois-quesitos\/","og_site_name":"G\u00e1vea News","article_publisher":"https:\/\/facebook.com\/gaveaNews\/","article_published_time":"2025-03-17T13:20:00+00:00","og_image":[{"width":840,"height":510,"url":"https:\/\/www.gaveanews.com\/wp-content\/uploads\/chrome_ODu3uwWaKP.webp","type":"image\/png"}],"author":"Rafaela Ladeira","twitter_card":"summary_large_image","twitter_misc":{"Escrito por":"Rafaela Ladeira","Est. tempo de leitura":"4 minutos"},"schema":{"@context":"https:\/\/schema.org","@graph":[{"@type":"NewsArticle","@id":"https:\/\/www.gaveanews.com\/index.php\/2025\/03\/17\/video-abel-ferreira-reconhece-que-o-corinthians-foi-melhor-em-dois-quesitos\/#article","isPartOf":{"@id":"https:\/\/www.gaveanews.com\/index.php\/2025\/03\/17\/video-abel-ferreira-reconhece-que-o-corinthians-foi-melhor-em-dois-quesitos\/"},"author":{"name":"Rafaela Ladeira","@id":"https:\/\/www.gaveanews.com\/#\/schema\/person\/0eb3e3fe1754f0205218538adbe8f5ed"},"headline":"V\u00eddeo: Abel Ferreira reconhece que o Corinthians foi melhor em dois quesitos","datePublished":"2025-03-17T13:20:00+00:00","mainEntityOfPage":{"@id":"https:\/\/www.gaveanews.com\/index.php\/2025\/03\/17\/video-abel-ferreira-reconhece-que-o-corinthians-foi-melhor-em-dois-quesitos\/"},"wordCount":580,"commentCount":0,"image":{"@id":"https:\/\/www.gaveanews.com\/index.php\/2025\/03\/17\/video-abel-ferreira-reconhece-que-o-corinthians-foi-melhor-em-dois-quesitos\/#primaryimage"},"thumbnailUrl":"https:\/\/www.gaveanews.com\/wp-content\/uploads\/chrome_ODu3uwWaKP.webp","articleSection":["Corinthians","Palmeiras"],"inLanguage":"pt-BR","potentialAction":[{"@type":"CommentAction","name":"Comment","target":["https:\/\/www.gaveanews.com\/index.php\/2025\/03\/17\/video-abel-ferreira-reconhece-que-o-corinthians-foi-melhor-em-dois-quesitos\/#respond"]}],"copyrightYear":"2025","copyrightHolder":{"@id":"https:\/\/www.gaveanews.com\/#organization"}},{"@type":"WebPage","@id":"https:\/\/www.gaveanews.com\/index.php\/2025\/03\/17\/video-abel-ferreira-reconhece-que-o-corinthians-foi-melhor-em-dois-quesitos\/","url":"https:\/\/www.gaveanews.com\/index.php\/2025\/03\/17\/video-abel-ferreira-reconhece-que-o-corinthians-foi-melhor-em-dois-quesitos\/","name":"V\u00eddeo: Abel Ferreira reconhece que o Corinthians foi melhor em dois quesitos","isPartOf":{"@id":"https:\/\/www.gaveanews.com\/#website"},"primaryImageOfPage":{"@id":"https:\/\/www.gaveanews.com\/index.php\/2025\/03\/17\/video-abel-ferreira-reconhece-que-o-corinthians-foi-melhor-em-dois-quesitos\/#primaryimage"},"image":{"@id":"https:\/\/www.gaveanews.com\/index.php\/2025\/03\/17\/video-abel-ferreira-reconhece-que-o-corinthians-foi-melhor-em-dois-quesitos\/#primaryimage"},"thumbnailUrl":"https:\/\/www.gaveanews.com\/wp-content\/uploads\/chrome_ODu3uwWaKP.webp","datePublished":"2025-03-17T13:20:00+00:00","author":{"@id":"https:\/\/www.gaveanews.com\/#\/schema\/person\/0eb3e3fe1754f0205218538adbe8f5ed"},"breadcrumb":{"@id":"https:\/\/www.gaveanews.com\/index.php\/2025\/03\/17\/video-abel-ferreira-reconhece-que-o-corinthians-foi-melhor-em-dois-quesitos\/#breadcrumb"},"inLanguage":"pt-BR","potentialAction":[{"@type":"ReadAction","target":["https:\/\/www.gaveanews.com\/index.php\/2025\/03\/17\/video-abel-ferreira-reconhece-que-o-corinthians-foi-melhor-em-dois-quesitos\/"]}]},{"@type":"ImageObject","inLanguage":"pt-BR","@id":"https:\/\/www.gaveanews.com\/index.php\/2025\/03\/17\/video-abel-ferreira-reconhece-que-o-corinthians-foi-melhor-em-dois-quesitos\/#primaryimage","url":"https:\/\/www.gaveanews.com\/wp-content\/uploads\/chrome_ODu3uwWaKP.webp","contentUrl":"https:\/\/www.gaveanews.com\/wp-content\/uploads\/chrome_ODu3uwWaKP.webp","width":840,"height":510,"caption":"Abel Ferreira em Jogo pelo Palmeiras - Foto Reprodu\u00e7\u00e3o"},{"@type":"BreadcrumbList","@id":"https:\/\/www.gaveanews.com\/index.php\/2025\/03\/17\/video-abel-ferreira-reconhece-que-o-corinthians-foi-melhor-em-dois-quesitos\/#breadcrumb","itemListElement":[{"@type":"ListItem","position":1,"name":"Home","item":"https:\/\/www.gaveanews.com\/"},{"@type":"ListItem","position":2,"name":"V\u00eddeo: Abel Ferreira reconhece que o Corinthians foi melhor em dois quesitos"}]},{"@type":"WebSite","@id":"https:\/\/www.gaveanews.com\/#website","url":"https:\/\/www.gaveanews.com\/","name":"G\u00e1vea News","description":"Veja todas as not\u00edcias sobre o Flamengo: Contrata\u00e7\u00f5es, categorias de base, resultados das partidas, tabela de classifica\u00e7\u00e3o, pr\u00f3ximos jogos!","potentialAction":[{"@type":"SearchAction","target":{"@type":"EntryPoint","urlTemplate":"https:\/\/www.gaveanews.com\/?s={search_term_string}"},"query-input":{"@type":"PropertyValueSpecification","valueRequired":true,"valueName":"search_term_string"}}],"inLanguage":"pt-BR"},{"@type":"Person","@id":"https:\/\/www.gaveanews.com\/#\/schema\/person\/0eb3e3fe1754f0205218538adbe8f5ed","name":"Rafaela Ladeira","image":{"@type":"ImageObject","inLanguage":"pt-BR","@id":"https:\/\/www.gaveanews.com\/#\/schema\/person\/image\/","url":"https:\/\/secure.gravatar.com\/avatar\/c31f513acffd85eacab5730cbdfdbbf59f21ba5aeada8cd890acea879fbb2455?s=96&d=mm&r=g","contentUrl":"https:\/\/secure.gravatar.com\/avatar\/c31f513acffd85eacab5730cbdfdbbf59f21ba5aeada8cd890acea879fbb2455?s=96&d=mm&r=g","caption":"Rafaela Ladeira"}}]}},"_links":{"self":[{"href":"https:\/\/www.gaveanews.com\/index.php\/wp-json\/wp\/v2\/posts\/240867","targetHints":{"allow":["GET"]}}],"collection":[{"href":"https:\/\/www.gaveanews.com\/index.php\/wp-json\/wp\/v2\/posts"}],"about":[{"href":"https:\/\/www.gaveanews.com\/index.php\/wp-json\/wp\/v2\/types\/post"}],"author":[{"embeddable":true,"href":"https:\/\/www.gaveanews.com\/index.php\/wp-json\/wp\/v2\/users\/25"}],"replies":[{"embeddable":true,"href":"https:\/\/www.gaveanews.com\/index.php\/wp-json\/wp\/v2\/comments?post=240867"}],"version-history":[{"count":1,"href":"https:\/\/www.gaveanews.com\/index.php\/wp-json\/wp\/v2\/posts\/240867\/revisions"}],"predecessor-version":[{"id":240868,"href":"https:\/\/www.gaveanews.com\/index.php\/wp-json\/wp\/v2\/posts\/240867\/revisions\/240868"}],"wp:featuredmedia":[{"embeddable":true,"href":"https:\/\/www.gaveanews.com\/index.php\/wp-json\/wp\/v2\/media\/102760"}],"wp:attachment":[{"href":"https:\/\/www.gaveanews.com\/index.php\/wp-json\/wp\/v2\/media?parent=240867"}],"wp:term":[{"taxonomy":"category","embeddable":true,"href":"https:\/\/www.gaveanews.com\/index.php\/wp-json\/wp\/v2\/categories?post=240867"},{"taxonomy":"post_tag","embeddable":true,"href":"https:\/\/www.gaveanews.com\/index.php\/wp-json\/wp\/v2\/tags?post=240867"}],"curies":[{"name":"wp","href":"https:\/\/api.w.org\/{rel}","templated":true}]}}