{"id":240892,"date":"2025-03-17T11:25:00","date_gmt":"2025-03-17T14:25:00","guid":{"rendered":"https:\/\/www.gaveanews.com\/?p=240892"},"modified":"2025-03-17T11:13:56","modified_gmt":"2025-03-17T14:13:56","slug":"bahia-x-vitoria-a-declaracao-de-rogerio-ceni-apos-triunfo-no-classico","status":"publish","type":"post","link":"https:\/\/www.gaveanews.com\/index.php\/2025\/03\/17\/bahia-x-vitoria-a-declaracao-de-rogerio-ceni-apos-triunfo-no-classico\/","title":{"rendered":"Bahia x Vit\u00f3ria: a declara\u00e7\u00e3o de Rog\u00e9rio Ceni ap\u00f3s triunfo no cl\u00e1ssico"},"content":{"rendered":"\n<p>O Bahia deu um passo importante na final do Campeonato Baiano ao vencer o Vit\u00f3ria por 2 a 0 na Casa de Apostas Arena Fonte Nova. O time tricolor abriu o placar logo aos seis minutos com Gabriel Xavier e ampliou ainda na primeira etapa com Erick Pulga. Com esse resultado, a equipe comandada por Rog\u00e9rio Ceni pode perder por at\u00e9 um gol de diferen\u00e7a na partida de volta, no Barrad\u00e3o, para garantir o t\u00edtulo. Caso o Vit\u00f3ria ven\u00e7a por dois gols, a decis\u00e3o ser\u00e1 nos p\u00eanaltis.<\/p>\n\n\n\n<p>Para o confronto, o treinador Rog\u00e9rio Ceni promoveu mudan\u00e7as na equipe titular. Cauly foi escalado desde o in\u00edcio no lugar de Ademir, que sentiu um desconforto muscular. Ap\u00f3s a partida, Ceni comentou sobre a possibilidade de Cauly e Everton Ribeiro atuarem juntos. \u201cEu acho que eles podem jogar juntos. Ano passado jogaram o ano inteiro juntos. N\u00f3s mudamos um pouco a maneira de jogar este ano para ter mais velocidade na frente e um nove centralizado. Mas claro que podem atuar juntos, talvez em linhas diferentes\u201d, avaliou o treinador.<\/p>\n\n\n\n<figure class=\"wp-block-image size-full\"><img loading=\"lazy\" decoding=\"async\" width=\"768\" height=\"511\" src=\"http:\/\/www.gaveanews.com\/wp-content\/uploads\/Cauly-apresentado-pelo-Bahia.webp\" alt=\"\" class=\"wp-image-169712\" srcset=\"https:\/\/www.gaveanews.com\/wp-content\/uploads\/Cauly-apresentado-pelo-Bahia.webp 768w, https:\/\/www.gaveanews.com\/wp-content\/uploads\/Cauly-apresentado-pelo-Bahia-300x200.webp 300w, https:\/\/www.gaveanews.com\/wp-content\/uploads\/Cauly-apresentado-pelo-Bahia-631x420.webp 631w, https:\/\/www.gaveanews.com\/wp-content\/uploads\/Cauly-apresentado-pelo-Bahia-640x426.webp 640w, https:\/\/www.gaveanews.com\/wp-content\/uploads\/Cauly-apresentado-pelo-Bahia-681x453.webp 681w, https:\/\/www.gaveanews.com\/wp-content\/uploads\/Cauly-apresentado-pelo-Bahia-100x67.webp 100w\" sizes=\"auto, (max-width: 768px) 100vw, 768px\" \/><figcaption class=\"wp-element-caption\">Cauly apresentado pelo Bahia (Foto: Felipe Oliveira\/EC Bahia)<\/figcaption><\/figure>\n\n\n\n<p>Um dos momentos que marcaram a partida foi o p\u00eanalti desperdi\u00e7ado por Lucho Rodr\u00edguez. Apesar do erro, Ceni saiu em defesa do jogador e reafirmou sua confian\u00e7a no uruguaio. \u201cA orienta\u00e7\u00e3o \u00e9 a de sempre. Contra o Atl\u00e9tico, o Lucho fez e ningu\u00e9m perguntou se era o Everton que batia. Depois que acontece, todo mundo quer perguntar. O Lucho bate. Se ele n\u00e3o se sentir bem, tem o Cauly, o Everton, que podem bater. Ele n\u00e3o bateu bem essa, mas j\u00e1 fez outros que nos deram pontos importantes. Eu j\u00e1 perdi p\u00eanalti, faz parte do jogo\u201d, declarou o t\u00e9cnico.<\/p>\n\n\n\n<p>Antes de enfrentar o Vit\u00f3ria pelo jogo da volta, o Bahia tem um compromisso pela Copa do Nordeste. A equipe volta a campo na quarta-feira para enfrentar o CSA no est\u00e1dio Rei Pel\u00e9, em Alagoas, \u00e0s 19h (hor\u00e1rio de Bras\u00edlia). Rog\u00e9rio Ceni indicou que pode poupar alguns jogadores devido ao desgaste f\u00edsico das \u00faltimas partidas.<\/p>\n\n\n\n<p>Durante a coletiva, o t\u00e9cnico tamb\u00e9m destacou o trabalho t\u00e1tico realizado ao longo da temporada. Ele mencionou a import\u00e2ncia dos treinos de bola parada e a necessidade de manter o time emocionalmente equilibrado. \u201cSempre um ou dois dias por semana trabalhamos s\u00f3 bola parada. A gente est\u00e1 tentando investir um pouco mais nisso. No m\u00ednimo uma vez por semana trabalhamos exclusivamente a bola parada\u201d, explicou.<\/p>\n\n\n\n<p>Por fim, Ceni refor\u00e7ou que, apesar da vantagem conquistada, o confronto segue em aberto e que o Bahia precisar\u00e1 manter a concentra\u00e7\u00e3o no Barrad\u00e3o. \u201c\u00c9 s\u00f3 um primeiro jogo. N\u00e3o tem nada definido. Sabemos o grau de dificuldade que \u00e9 jogar na casa do advers\u00e1rio. Mas \u00e9 isso, um elenco melhor nos oferece mais chances de trocar, de preservar jogadores\u201d, concluiu o treinador.<\/p>\n","protected":false},"excerpt":{"rendered":"<p>O Bahia deu um passo importante na final do Campeonato Baiano ao vencer o Vit\u00f3ria por 2 a 0 na Casa de Apostas Arena Fonte Nova. O time tricolor abriu o placar logo aos seis minutos com Gabriel Xavier e ampliou ainda na primeira etapa com Erick Pulga. Com esse resultado, a equipe comandada por [&hellip;]<\/p>\n","protected":false},"author":27,"featured_media":148395,"comment_status":"open","ping_status":"closed","sticky":false,"template":"","format":"standard","meta":{"footnotes":""},"categories":[137,153],"tags":[],"class_list":["post-240892","post","type-post","status-publish","format-standard","has-post-thumbnail","hentry","category-bahia","category-vitoria"],"yoast_head":"<!-- This site is optimized with the Yoast SEO Premium plugin v24.2 (Yoast SEO v26.9) - https:\/\/yoast.com\/product\/yoast-seo-premium-wordpress\/ -->\n<title>Bahia x Vit\u00f3ria: a declara\u00e7\u00e3o de Rog\u00e9rio Ceni ap\u00f3s triunfo no cl\u00e1ssico<\/title>\n<meta name=\"robots\" content=\"index, follow, max-snippet:-1, max-image-preview:large, max-video-preview:-1\" \/>\n<link rel=\"canonical\" href=\"https:\/\/www.gaveanews.com\/index.php\/2025\/03\/17\/bahia-x-vitoria-a-declaracao-de-rogerio-ceni-apos-triunfo-no-classico\/\" \/>\n<meta property=\"og:locale\" content=\"pt_BR\" \/>\n<meta property=\"og:type\" content=\"article\" \/>\n<meta property=\"og:title\" content=\"Bahia x Vit\u00f3ria: a declara\u00e7\u00e3o de Rog\u00e9rio Ceni ap\u00f3s triunfo no cl\u00e1ssico\" \/>\n<meta property=\"og:description\" content=\"O Bahia deu um passo importante na final do Campeonato Baiano ao vencer o Vit\u00f3ria por 2 a 0 na Casa de Apostas Arena Fonte Nova. O time tricolor abriu o placar logo aos seis minutos com Gabriel Xavier e ampliou ainda na primeira etapa com Erick Pulga. Com esse resultado, a equipe comandada por [&hellip;]\" \/>\n<meta property=\"og:url\" content=\"https:\/\/www.gaveanews.com\/index.php\/2025\/03\/17\/bahia-x-vitoria-a-declaracao-de-rogerio-ceni-apos-triunfo-no-classico\/\" \/>\n<meta property=\"og:site_name\" content=\"G\u00e1vea News\" \/>\n<meta property=\"article:publisher\" content=\"https:\/\/facebook.com\/gaveaNews\/\" \/>\n<meta property=\"article:published_time\" content=\"2025-03-17T14:25:00+00:00\" \/>\n<meta property=\"og:image\" content=\"https:\/\/www.gaveanews.com\/wp-content\/uploads\/rogerio-ceni-bahia.webp\" \/>\n\t<meta property=\"og:image:width\" content=\"984\" \/>\n\t<meta property=\"og:image:height\" content=\"656\" \/>\n\t<meta property=\"og:image:type\" content=\"image\/webp\" \/>\n<meta name=\"author\" content=\"Matheus Felipe\" \/>\n<meta name=\"twitter:card\" content=\"summary_large_image\" \/>\n<meta name=\"twitter:label1\" content=\"Escrito por\" \/>\n\t<meta name=\"twitter:data1\" content=\"Matheus Felipe\" \/>\n\t<meta name=\"twitter:label2\" content=\"Est. tempo de leitura\" \/>\n\t<meta name=\"twitter:data2\" content=\"3 minutos\" \/>\n<script type=\"application\/ld+json\" class=\"yoast-schema-graph\">{\"@context\":\"https:\/\/schema.org\",\"@graph\":[{\"@type\":\"NewsArticle\",\"@id\":\"https:\/\/www.gaveanews.com\/index.php\/2025\/03\/17\/bahia-x-vitoria-a-declaracao-de-rogerio-ceni-apos-triunfo-no-classico\/#article\",\"isPartOf\":{\"@id\":\"https:\/\/www.gaveanews.com\/index.php\/2025\/03\/17\/bahia-x-vitoria-a-declaracao-de-rogerio-ceni-apos-triunfo-no-classico\/\"},\"author\":{\"name\":\"Matheus Felipe\",\"@id\":\"https:\/\/www.gaveanews.com\/#\/schema\/person\/8207cd4627f56151707418bfc835b2fb\"},\"headline\":\"Bahia x Vit\u00f3ria: a declara\u00e7\u00e3o de Rog\u00e9rio Ceni ap\u00f3s triunfo no cl\u00e1ssico\",\"datePublished\":\"2025-03-17T14:25:00+00:00\",\"mainEntityOfPage\":{\"@id\":\"https:\/\/www.gaveanews.com\/index.php\/2025\/03\/17\/bahia-x-vitoria-a-declaracao-de-rogerio-ceni-apos-triunfo-no-classico\/\"},\"wordCount\":519,\"commentCount\":0,\"image\":{\"@id\":\"https:\/\/www.gaveanews.com\/index.php\/2025\/03\/17\/bahia-x-vitoria-a-declaracao-de-rogerio-ceni-apos-triunfo-no-classico\/#primaryimage\"},\"thumbnailUrl\":\"https:\/\/www.gaveanews.com\/wp-content\/uploads\/rogerio-ceni-bahia.webp\",\"articleSection\":[\"Bahia\",\"Vit\u00f3ria\"],\"inLanguage\":\"pt-BR\",\"potentialAction\":[{\"@type\":\"CommentAction\",\"name\":\"Comment\",\"target\":[\"https:\/\/www.gaveanews.com\/index.php\/2025\/03\/17\/bahia-x-vitoria-a-declaracao-de-rogerio-ceni-apos-triunfo-no-classico\/#respond\"]}],\"copyrightYear\":\"2025\",\"copyrightHolder\":{\"@id\":\"https:\/\/www.gaveanews.com\/#organization\"}},{\"@type\":\"WebPage\",\"@id\":\"https:\/\/www.gaveanews.com\/index.php\/2025\/03\/17\/bahia-x-vitoria-a-declaracao-de-rogerio-ceni-apos-triunfo-no-classico\/\",\"url\":\"https:\/\/www.gaveanews.com\/index.php\/2025\/03\/17\/bahia-x-vitoria-a-declaracao-de-rogerio-ceni-apos-triunfo-no-classico\/\",\"name\":\"Bahia x Vit\u00f3ria: a declara\u00e7\u00e3o de Rog\u00e9rio Ceni ap\u00f3s triunfo no cl\u00e1ssico\",\"isPartOf\":{\"@id\":\"https:\/\/www.gaveanews.com\/#website\"},\"primaryImageOfPage\":{\"@id\":\"https:\/\/www.gaveanews.com\/index.php\/2025\/03\/17\/bahia-x-vitoria-a-declaracao-de-rogerio-ceni-apos-triunfo-no-classico\/#primaryimage\"},\"image\":{\"@id\":\"https:\/\/www.gaveanews.com\/index.php\/2025\/03\/17\/bahia-x-vitoria-a-declaracao-de-rogerio-ceni-apos-triunfo-no-classico\/#primaryimage\"},\"thumbnailUrl\":\"https:\/\/www.gaveanews.com\/wp-content\/uploads\/rogerio-ceni-bahia.webp\",\"datePublished\":\"2025-03-17T14:25:00+00:00\",\"author\":{\"@id\":\"https:\/\/www.gaveanews.com\/#\/schema\/person\/8207cd4627f56151707418bfc835b2fb\"},\"breadcrumb\":{\"@id\":\"https:\/\/www.gaveanews.com\/index.php\/2025\/03\/17\/bahia-x-vitoria-a-declaracao-de-rogerio-ceni-apos-triunfo-no-classico\/#breadcrumb\"},\"inLanguage\":\"pt-BR\",\"potentialAction\":[{\"@type\":\"ReadAction\",\"target\":[\"https:\/\/www.gaveanews.com\/index.php\/2025\/03\/17\/bahia-x-vitoria-a-declaracao-de-rogerio-ceni-apos-triunfo-no-classico\/\"]}]},{\"@type\":\"ImageObject\",\"inLanguage\":\"pt-BR\",\"@id\":\"https:\/\/www.gaveanews.com\/index.php\/2025\/03\/17\/bahia-x-vitoria-a-declaracao-de-rogerio-ceni-apos-triunfo-no-classico\/#primaryimage\",\"url\":\"https:\/\/www.gaveanews.com\/wp-content\/uploads\/rogerio-ceni-bahia.webp\",\"contentUrl\":\"https:\/\/www.gaveanews.com\/wp-content\/uploads\/rogerio-ceni-bahia.webp\",\"width\":984,\"height\":656,\"caption\":\"Rog\u00e9rio Ceni comanda treino do Bahia (Foto: Felipe Oliveira\/EC Bahia)\"},{\"@type\":\"BreadcrumbList\",\"@id\":\"https:\/\/www.gaveanews.com\/index.php\/2025\/03\/17\/bahia-x-vitoria-a-declaracao-de-rogerio-ceni-apos-triunfo-no-classico\/#breadcrumb\",\"itemListElement\":[{\"@type\":\"ListItem\",\"position\":1,\"name\":\"Home\",\"item\":\"https:\/\/www.gaveanews.com\/\"},{\"@type\":\"ListItem\",\"position\":2,\"name\":\"Bahia x Vit\u00f3ria: a declara\u00e7\u00e3o de Rog\u00e9rio Ceni ap\u00f3s triunfo no cl\u00e1ssico\"}]},{\"@type\":\"WebSite\",\"@id\":\"https:\/\/www.gaveanews.com\/#website\",\"url\":\"https:\/\/www.gaveanews.com\/\",\"name\":\"G\u00e1vea News\",\"description\":\"Veja todas as not\u00edcias sobre o Flamengo: Contrata\u00e7\u00f5es, categorias de base, resultados das partidas, tabela de classifica\u00e7\u00e3o, pr\u00f3ximos jogos!\",\"potentialAction\":[{\"@type\":\"SearchAction\",\"target\":{\"@type\":\"EntryPoint\",\"urlTemplate\":\"https:\/\/www.gaveanews.com\/?s={search_term_string}\"},\"query-input\":{\"@type\":\"PropertyValueSpecification\",\"valueRequired\":true,\"valueName\":\"search_term_string\"}}],\"inLanguage\":\"pt-BR\"},{\"@type\":\"Person\",\"@id\":\"https:\/\/www.gaveanews.com\/#\/schema\/person\/8207cd4627f56151707418bfc835b2fb\",\"name\":\"Matheus Felipe\",\"image\":{\"@type\":\"ImageObject\",\"inLanguage\":\"pt-BR\",\"@id\":\"https:\/\/www.gaveanews.com\/#\/schema\/person\/image\/\",\"url\":\"https:\/\/secure.gravatar.com\/avatar\/a452ffbed9130f726358b298bb3a99ce4bd3c5338411f8440e87e14d74c7c087?s=96&d=mm&r=g\",\"contentUrl\":\"https:\/\/secure.gravatar.com\/avatar\/a452ffbed9130f726358b298bb3a99ce4bd3c5338411f8440e87e14d74c7c087?s=96&d=mm&r=g\",\"caption\":\"Matheus Felipe\"}}]}<\/script>\n<!-- \/ Yoast SEO Premium plugin. -->","yoast_head_json":{"title":"Bahia x Vit\u00f3ria: a declara\u00e7\u00e3o de Rog\u00e9rio Ceni ap\u00f3s triunfo no cl\u00e1ssico","robots":{"index":"index","follow":"follow","max-snippet":"max-snippet:-1","max-image-preview":"max-image-preview:large","max-video-preview":"max-video-preview:-1"},"canonical":"https:\/\/www.gaveanews.com\/index.php\/2025\/03\/17\/bahia-x-vitoria-a-declaracao-de-rogerio-ceni-apos-triunfo-no-classico\/","og_locale":"pt_BR","og_type":"article","og_title":"Bahia x Vit\u00f3ria: a declara\u00e7\u00e3o de Rog\u00e9rio Ceni ap\u00f3s triunfo no cl\u00e1ssico","og_description":"O Bahia deu um passo importante na final do Campeonato Baiano ao vencer o Vit\u00f3ria por 2 a 0 na Casa de Apostas Arena Fonte Nova. O time tricolor abriu o placar logo aos seis minutos com Gabriel Xavier e ampliou ainda na primeira etapa com Erick Pulga. Com esse resultado, a equipe comandada por [&hellip;]","og_url":"https:\/\/www.gaveanews.com\/index.php\/2025\/03\/17\/bahia-x-vitoria-a-declaracao-de-rogerio-ceni-apos-triunfo-no-classico\/","og_site_name":"G\u00e1vea News","article_publisher":"https:\/\/facebook.com\/gaveaNews\/","article_published_time":"2025-03-17T14:25:00+00:00","og_image":[{"width":984,"height":656,"url":"https:\/\/www.gaveanews.com\/wp-content\/uploads\/rogerio-ceni-bahia.webp","type":"image\/webp"}],"author":"Matheus Felipe","twitter_card":"summary_large_image","twitter_misc":{"Escrito por":"Matheus Felipe","Est. tempo de leitura":"3 minutos"},"schema":{"@context":"https:\/\/schema.org","@graph":[{"@type":"NewsArticle","@id":"https:\/\/www.gaveanews.com\/index.php\/2025\/03\/17\/bahia-x-vitoria-a-declaracao-de-rogerio-ceni-apos-triunfo-no-classico\/#article","isPartOf":{"@id":"https:\/\/www.gaveanews.com\/index.php\/2025\/03\/17\/bahia-x-vitoria-a-declaracao-de-rogerio-ceni-apos-triunfo-no-classico\/"},"author":{"name":"Matheus Felipe","@id":"https:\/\/www.gaveanews.com\/#\/schema\/person\/8207cd4627f56151707418bfc835b2fb"},"headline":"Bahia x Vit\u00f3ria: a declara\u00e7\u00e3o de Rog\u00e9rio Ceni ap\u00f3s triunfo no cl\u00e1ssico","datePublished":"2025-03-17T14:25:00+00:00","mainEntityOfPage":{"@id":"https:\/\/www.gaveanews.com\/index.php\/2025\/03\/17\/bahia-x-vitoria-a-declaracao-de-rogerio-ceni-apos-triunfo-no-classico\/"},"wordCount":519,"commentCount":0,"image":{"@id":"https:\/\/www.gaveanews.com\/index.php\/2025\/03\/17\/bahia-x-vitoria-a-declaracao-de-rogerio-ceni-apos-triunfo-no-classico\/#primaryimage"},"thumbnailUrl":"https:\/\/www.gaveanews.com\/wp-content\/uploads\/rogerio-ceni-bahia.webp","articleSection":["Bahia","Vit\u00f3ria"],"inLanguage":"pt-BR","potentialAction":[{"@type":"CommentAction","name":"Comment","target":["https:\/\/www.gaveanews.com\/index.php\/2025\/03\/17\/bahia-x-vitoria-a-declaracao-de-rogerio-ceni-apos-triunfo-no-classico\/#respond"]}],"copyrightYear":"2025","copyrightHolder":{"@id":"https:\/\/www.gaveanews.com\/#organization"}},{"@type":"WebPage","@id":"https:\/\/www.gaveanews.com\/index.php\/2025\/03\/17\/bahia-x-vitoria-a-declaracao-de-rogerio-ceni-apos-triunfo-no-classico\/","url":"https:\/\/www.gaveanews.com\/index.php\/2025\/03\/17\/bahia-x-vitoria-a-declaracao-de-rogerio-ceni-apos-triunfo-no-classico\/","name":"Bahia x Vit\u00f3ria: a declara\u00e7\u00e3o de Rog\u00e9rio Ceni ap\u00f3s triunfo no cl\u00e1ssico","isPartOf":{"@id":"https:\/\/www.gaveanews.com\/#website"},"primaryImageOfPage":{"@id":"https:\/\/www.gaveanews.com\/index.php\/2025\/03\/17\/bahia-x-vitoria-a-declaracao-de-rogerio-ceni-apos-triunfo-no-classico\/#primaryimage"},"image":{"@id":"https:\/\/www.gaveanews.com\/index.php\/2025\/03\/17\/bahia-x-vitoria-a-declaracao-de-rogerio-ceni-apos-triunfo-no-classico\/#primaryimage"},"thumbnailUrl":"https:\/\/www.gaveanews.com\/wp-content\/uploads\/rogerio-ceni-bahia.webp","datePublished":"2025-03-17T14:25:00+00:00","author":{"@id":"https:\/\/www.gaveanews.com\/#\/schema\/person\/8207cd4627f56151707418bfc835b2fb"},"breadcrumb":{"@id":"https:\/\/www.gaveanews.com\/index.php\/2025\/03\/17\/bahia-x-vitoria-a-declaracao-de-rogerio-ceni-apos-triunfo-no-classico\/#breadcrumb"},"inLanguage":"pt-BR","potentialAction":[{"@type":"ReadAction","target":["https:\/\/www.gaveanews.com\/index.php\/2025\/03\/17\/bahia-x-vitoria-a-declaracao-de-rogerio-ceni-apos-triunfo-no-classico\/"]}]},{"@type":"ImageObject","inLanguage":"pt-BR","@id":"https:\/\/www.gaveanews.com\/index.php\/2025\/03\/17\/bahia-x-vitoria-a-declaracao-de-rogerio-ceni-apos-triunfo-no-classico\/#primaryimage","url":"https:\/\/www.gaveanews.com\/wp-content\/uploads\/rogerio-ceni-bahia.webp","contentUrl":"https:\/\/www.gaveanews.com\/wp-content\/uploads\/rogerio-ceni-bahia.webp","width":984,"height":656,"caption":"Rog\u00e9rio Ceni comanda treino do Bahia (Foto: Felipe Oliveira\/EC Bahia)"},{"@type":"BreadcrumbList","@id":"https:\/\/www.gaveanews.com\/index.php\/2025\/03\/17\/bahia-x-vitoria-a-declaracao-de-rogerio-ceni-apos-triunfo-no-classico\/#breadcrumb","itemListElement":[{"@type":"ListItem","position":1,"name":"Home","item":"https:\/\/www.gaveanews.com\/"},{"@type":"ListItem","position":2,"name":"Bahia x Vit\u00f3ria: a declara\u00e7\u00e3o de Rog\u00e9rio Ceni ap\u00f3s triunfo no cl\u00e1ssico"}]},{"@type":"WebSite","@id":"https:\/\/www.gaveanews.com\/#website","url":"https:\/\/www.gaveanews.com\/","name":"G\u00e1vea News","description":"Veja todas as not\u00edcias sobre o Flamengo: Contrata\u00e7\u00f5es, categorias de base, resultados das partidas, tabela de classifica\u00e7\u00e3o, pr\u00f3ximos jogos!","potentialAction":[{"@type":"SearchAction","target":{"@type":"EntryPoint","urlTemplate":"https:\/\/www.gaveanews.com\/?s={search_term_string}"},"query-input":{"@type":"PropertyValueSpecification","valueRequired":true,"valueName":"search_term_string"}}],"inLanguage":"pt-BR"},{"@type":"Person","@id":"https:\/\/www.gaveanews.com\/#\/schema\/person\/8207cd4627f56151707418bfc835b2fb","name":"Matheus Felipe","image":{"@type":"ImageObject","inLanguage":"pt-BR","@id":"https:\/\/www.gaveanews.com\/#\/schema\/person\/image\/","url":"https:\/\/secure.gravatar.com\/avatar\/a452ffbed9130f726358b298bb3a99ce4bd3c5338411f8440e87e14d74c7c087?s=96&d=mm&r=g","contentUrl":"https:\/\/secure.gravatar.com\/avatar\/a452ffbed9130f726358b298bb3a99ce4bd3c5338411f8440e87e14d74c7c087?s=96&d=mm&r=g","caption":"Matheus Felipe"}}]}},"_links":{"self":[{"href":"https:\/\/www.gaveanews.com\/index.php\/wp-json\/wp\/v2\/posts\/240892","targetHints":{"allow":["GET"]}}],"collection":[{"href":"https:\/\/www.gaveanews.com\/index.php\/wp-json\/wp\/v2\/posts"}],"about":[{"href":"https:\/\/www.gaveanews.com\/index.php\/wp-json\/wp\/v2\/types\/post"}],"author":[{"embeddable":true,"href":"https:\/\/www.gaveanews.com\/index.php\/wp-json\/wp\/v2\/users\/27"}],"replies":[{"embeddable":true,"href":"https:\/\/www.gaveanews.com\/index.php\/wp-json\/wp\/v2\/comments?post=240892"}],"version-history":[{"count":1,"href":"https:\/\/www.gaveanews.com\/index.php\/wp-json\/wp\/v2\/posts\/240892\/revisions"}],"predecessor-version":[{"id":240894,"href":"https:\/\/www.gaveanews.com\/index.php\/wp-json\/wp\/v2\/posts\/240892\/revisions\/240894"}],"wp:featuredmedia":[{"embeddable":true,"href":"https:\/\/www.gaveanews.com\/index.php\/wp-json\/wp\/v2\/media\/148395"}],"wp:attachment":[{"href":"https:\/\/www.gaveanews.com\/index.php\/wp-json\/wp\/v2\/media?parent=240892"}],"wp:term":[{"taxonomy":"category","embeddable":true,"href":"https:\/\/www.gaveanews.com\/index.php\/wp-json\/wp\/v2\/categories?post=240892"},{"taxonomy":"post_tag","embeddable":true,"href":"https:\/\/www.gaveanews.com\/index.php\/wp-json\/wp\/v2\/tags?post=240892"}],"curies":[{"name":"wp","href":"https:\/\/api.w.org\/{rel}","templated":true}]}}