{"id":241233,"date":"2025-03-17T23:21:11","date_gmt":"2025-03-18T02:21:11","guid":{"rendered":"https:\/\/www.gaveanews.com\/?p=241233"},"modified":"2025-03-17T23:21:14","modified_gmt":"2025-03-18T02:21:14","slug":"video-a-declaracao-de-augusto-melo-sobre-o-corinthians-disputar-a-sul-americana","status":"publish","type":"post","link":"https:\/\/www.gaveanews.com\/index.php\/2025\/03\/17\/video-a-declaracao-de-augusto-melo-sobre-o-corinthians-disputar-a-sul-americana\/","title":{"rendered":"V\u00eddeo: a declara\u00e7\u00e3o de Augusto Melo sobre o Corinthians disputar a Sul-Americana"},"content":{"rendered":"\n<p>O Corinthians viveu um cen\u00e1rio j\u00e1 conhecido em sua hist\u00f3ria recente ao ser eliminado precocemente na Libertadores e, na sequ\u00eancia, garantir sua participa\u00e7\u00e3o na Copa Sul-Americana 2025. Assim como ocorreu em 2011, quando caiu na fase preliminar da principal competi\u00e7\u00e3o sul-americana e precisou reformular seus planos, o clube agora volta suas aten\u00e7\u00f5es para o torneio continental secund\u00e1rio.<\/p>\n\n\n\n<p>&#8220;Ficamos fora da Libertadores, mas \u00e9 como eu falei, nosso time foi reestruturado no segundo semestre, pegamos um clube numa situa\u00e7\u00e3o complicada, fiz um ano de gest\u00e3o. Claro que a gente queria libertadores, mas a Sul-Americana \u00e9 um torneio t\u00e3o importante quanto, inclusive n\u00f3s n\u00e3o temos uma Sul-Americana e vamos nos dedicar muito para esse t\u00edtulo&#8221;, disse.<\/p>\n\n\n\n<figure class=\"wp-block-embed is-type-video is-provider-tiktok wp-block-embed-tiktok\"><div class=\"wp-block-embed__wrapper\">\n<blockquote class=\"tiktok-embed\" cite=\"https:\/\/www.tiktok.com\/@espnbrasil\/video\/7482907420222655750\" data-video-id=\"7482907420222655750\" data-embed-from=\"oembed\" style=\"max-width:605px; min-width:325px;\"> <section> <a target=\"_blank\" title=\"@espnbrasil\" href=\"https:\/\/www.tiktok.com\/@espnbrasil?refer=embed\">@espnbrasil<\/a> <p>O Tim\u00e3o vem forte na Sul-Americana? \ud83e\udd14 <a title=\"sulamericana\" target=\"_blank\" href=\"https:\/\/www.tiktok.com\/tag\/sulamericana?refer=embed\">#sulamericana<\/a> <a title=\"corinthians\" target=\"_blank\" href=\"https:\/\/www.tiktok.com\/tag\/corinthians?refer=embed\">#corinthians<\/a> <a title=\"timao\" target=\"_blank\" href=\"https:\/\/www.tiktok.com\/tag\/timao?refer=embed\">#timao<\/a> <a title=\"futebol\" target=\"_blank\" href=\"https:\/\/www.tiktok.com\/tag\/futebol?refer=embed\">#futebol<\/a> <a title=\"tiktokesportes\" target=\"_blank\" href=\"https:\/\/www.tiktok.com\/tag\/tiktokesportes?refer=embed\">#tiktokesportes<\/a><\/p> <a target=\"_blank\" title=\"\u266c som original - ESPN Brasil - ESPN Brasil\" href=\"https:\/\/www.tiktok.com\/music\/som-original-ESPN-Brasil-7482907458860649222?refer=embed\">\u266c som original &#8211; ESPN Brasil &#8211; ESPN Brasil<\/a> <\/section> <\/blockquote> <script async src=\"https:\/\/www.tiktok.com\/embed.js\"><\/script>\n<\/div><\/figure>\n\n\n\n<p>Na edi\u00e7\u00e3o de 2025 da Libertadores, o Corinthians enfrentou o Barcelona de Guayaquil na terceira fase preliminar. Ap\u00f3s perder o jogo de ida por 3 a 0 no Equador, a equipe venceu por 2 a 0 na Neo Qu\u00edmica Arena, mas n\u00e3o conseguiu reverter a desvantagem no placar agregado. Dessa forma, o time alvinegro ficou fora da fase de grupos da competi\u00e7\u00e3o, for\u00e7ando uma mudan\u00e7a de foco para o restante da temporada.<\/p>\n\n\n\n<p>Com a elimina\u00e7\u00e3o na Libertadores, o Corinthians garantiu uma vaga na fase de grupos da Sul-Americana, torneio que disputar\u00e1 ao lado de outros clubes brasileiros, como Atl\u00e9tico-MG, Fluminense, Gr\u00eamio, Cruzeiro, Vasco e Vit\u00f3ria. O sorteio realizado em Luque, no Paraguai, definiu que o time paulista integrar\u00e1 o Grupo C, onde enfrentar\u00e1 Am\u00e9rica de Cali, Hurac\u00e1n e Racing do Uruguai.<\/p>\n\n\n\n<p>A competi\u00e7\u00e3o tem um formato desafiador, no qual apenas os l\u00edderes de cada grupo avan\u00e7am diretamente \u00e0s oitavas de final. Os times que terminarem em segundo lugar precisar\u00e3o disputar um playoff contra os terceiros colocados dos grupos da Libertadores para tentar seguir na disputa. Isso aumenta a import\u00e2ncia de cada partida e imp\u00f5e ao Corinthians a necessidade de um desempenho consistente desde o in\u00edcio.<\/p>\n\n\n\n<p>Outro fator que torna a Sul-Americana ainda mais relevante para o clube \u00e9 a possibilidade de conquistar um t\u00edtulo internacional e, consequentemente, garantir vaga direta na Libertadores de 2026. Al\u00e9m disso, o campe\u00e3o da Sul-Americana disputar\u00e1 a Recopa Sul-Americana contra o vencedor da Libertadores, o que adiciona um atrativo extra \u00e0 competi\u00e7\u00e3o.<\/p>\n\n\n\n<p>Com a frustra\u00e7\u00e3o da elimina\u00e7\u00e3o na Libertadores ainda recente, o Corinthians buscar\u00e1 fazer uma campanha s\u00f3lida na Sul-Americana para manter vivo o sonho de conquistar um trof\u00e9u continental nesta temporada. O primeiro desafio da equipe na nova competi\u00e7\u00e3o ser\u00e1 no dia 2 de abril, quando dar\u00e1 in\u00edcio \u00e0 sua trajet\u00f3ria em busca do t\u00edtulo.<\/p>\n","protected":false},"excerpt":{"rendered":"<p>O Corinthians viveu um cen\u00e1rio j\u00e1 conhecido em sua hist\u00f3ria recente ao ser eliminado precocemente na Libertadores e, na sequ\u00eancia, garantir sua participa\u00e7\u00e3o na Copa Sul-Americana 2025. Assim como ocorreu em 2011, quando caiu na fase preliminar da principal competi\u00e7\u00e3o sul-americana e precisou reformular seus planos, o clube agora volta suas aten\u00e7\u00f5es para o torneio [&hellip;]<\/p>\n","protected":false},"author":18,"featured_media":145590,"comment_status":"open","ping_status":"closed","sticky":false,"template":"","format":"standard","meta":{"footnotes":""},"categories":[141],"tags":[],"class_list":["post-241233","post","type-post","status-publish","format-standard","has-post-thumbnail","hentry","category-corinthians"],"yoast_head":"<!-- This site is optimized with the Yoast SEO Premium plugin v24.2 (Yoast SEO v26.9) - https:\/\/yoast.com\/product\/yoast-seo-premium-wordpress\/ -->\n<title>V\u00eddeo: a declara\u00e7\u00e3o de Augusto Melo sobre o Corinthians disputar a Sul-Americana<\/title>\n<meta name=\"robots\" content=\"index, follow, max-snippet:-1, max-image-preview:large, max-video-preview:-1\" \/>\n<link rel=\"canonical\" href=\"https:\/\/www.gaveanews.com\/index.php\/2025\/03\/17\/video-a-declaracao-de-augusto-melo-sobre-o-corinthians-disputar-a-sul-americana\/\" \/>\n<meta property=\"og:locale\" content=\"pt_BR\" \/>\n<meta property=\"og:type\" content=\"article\" \/>\n<meta property=\"og:title\" content=\"V\u00eddeo: a declara\u00e7\u00e3o de Augusto Melo sobre o Corinthians disputar a Sul-Americana\" \/>\n<meta property=\"og:description\" content=\"O Corinthians viveu um cen\u00e1rio j\u00e1 conhecido em sua hist\u00f3ria recente ao ser eliminado precocemente na Libertadores e, na sequ\u00eancia, garantir sua participa\u00e7\u00e3o na Copa Sul-Americana 2025. Assim como ocorreu em 2011, quando caiu na fase preliminar da principal competi\u00e7\u00e3o sul-americana e precisou reformular seus planos, o clube agora volta suas aten\u00e7\u00f5es para o torneio [&hellip;]\" \/>\n<meta property=\"og:url\" content=\"https:\/\/www.gaveanews.com\/index.php\/2025\/03\/17\/video-a-declaracao-de-augusto-melo-sobre-o-corinthians-disputar-a-sul-americana\/\" \/>\n<meta property=\"og:site_name\" content=\"G\u00e1vea News\" \/>\n<meta property=\"article:publisher\" content=\"https:\/\/facebook.com\/gaveaNews\/\" \/>\n<meta property=\"article:published_time\" content=\"2025-03-18T02:21:11+00:00\" \/>\n<meta property=\"article:modified_time\" content=\"2025-03-18T02:21:14+00:00\" \/>\n<meta property=\"og:image\" content=\"http:\/\/www.gaveanews.com\/wp-content\/uploads\/Augusto-Melo-durante-coletiva-de-imprensa-do-Corinthians.webp\" \/>\n\t<meta property=\"og:image:width\" content=\"1920\" \/>\n\t<meta property=\"og:image:height\" content=\"1080\" \/>\n\t<meta property=\"og:image:type\" content=\"image\/jpeg\" \/>\n<meta name=\"author\" content=\"Paula Silva\" \/>\n<meta name=\"twitter:card\" content=\"summary_large_image\" \/>\n<meta name=\"twitter:label1\" content=\"Escrito por\" \/>\n\t<meta name=\"twitter:data1\" content=\"Paula Silva\" \/>\n\t<meta name=\"twitter:label2\" content=\"Est. tempo de leitura\" \/>\n\t<meta name=\"twitter:data2\" content=\"3 minutos\" \/>\n<script type=\"application\/ld+json\" class=\"yoast-schema-graph\">{\"@context\":\"https:\/\/schema.org\",\"@graph\":[{\"@type\":\"NewsArticle\",\"@id\":\"https:\/\/www.gaveanews.com\/index.php\/2025\/03\/17\/video-a-declaracao-de-augusto-melo-sobre-o-corinthians-disputar-a-sul-americana\/#article\",\"isPartOf\":{\"@id\":\"https:\/\/www.gaveanews.com\/index.php\/2025\/03\/17\/video-a-declaracao-de-augusto-melo-sobre-o-corinthians-disputar-a-sul-americana\/\"},\"author\":{\"name\":\"Paula Silva\",\"@id\":\"https:\/\/www.gaveanews.com\/#\/schema\/person\/daf63eec72e1164eb13dc35096c2b8da\"},\"headline\":\"V\u00eddeo: a declara\u00e7\u00e3o de Augusto Melo sobre o Corinthians disputar a Sul-Americana\",\"datePublished\":\"2025-03-18T02:21:11+00:00\",\"dateModified\":\"2025-03-18T02:21:14+00:00\",\"mainEntityOfPage\":{\"@id\":\"https:\/\/www.gaveanews.com\/index.php\/2025\/03\/17\/video-a-declaracao-de-augusto-melo-sobre-o-corinthians-disputar-a-sul-americana\/\"},\"wordCount\":473,\"commentCount\":0,\"image\":{\"@id\":\"https:\/\/www.gaveanews.com\/index.php\/2025\/03\/17\/video-a-declaracao-de-augusto-melo-sobre-o-corinthians-disputar-a-sul-americana\/#primaryimage\"},\"thumbnailUrl\":\"https:\/\/www.gaveanews.com\/wp-content\/uploads\/Augusto-Melo-durante-coletiva-de-imprensa-do-Corinthians.webp\",\"articleSection\":[\"Corinthians\"],\"inLanguage\":\"pt-BR\",\"potentialAction\":[{\"@type\":\"CommentAction\",\"name\":\"Comment\",\"target\":[\"https:\/\/www.gaveanews.com\/index.php\/2025\/03\/17\/video-a-declaracao-de-augusto-melo-sobre-o-corinthians-disputar-a-sul-americana\/#respond\"]}],\"copyrightYear\":\"2025\",\"copyrightHolder\":{\"@id\":\"https:\/\/www.gaveanews.com\/#organization\"}},{\"@type\":\"WebPage\",\"@id\":\"https:\/\/www.gaveanews.com\/index.php\/2025\/03\/17\/video-a-declaracao-de-augusto-melo-sobre-o-corinthians-disputar-a-sul-americana\/\",\"url\":\"https:\/\/www.gaveanews.com\/index.php\/2025\/03\/17\/video-a-declaracao-de-augusto-melo-sobre-o-corinthians-disputar-a-sul-americana\/\",\"name\":\"V\u00eddeo: a declara\u00e7\u00e3o de Augusto Melo sobre o Corinthians disputar a Sul-Americana\",\"isPartOf\":{\"@id\":\"https:\/\/www.gaveanews.com\/#website\"},\"primaryImageOfPage\":{\"@id\":\"https:\/\/www.gaveanews.com\/index.php\/2025\/03\/17\/video-a-declaracao-de-augusto-melo-sobre-o-corinthians-disputar-a-sul-americana\/#primaryimage\"},\"image\":{\"@id\":\"https:\/\/www.gaveanews.com\/index.php\/2025\/03\/17\/video-a-declaracao-de-augusto-melo-sobre-o-corinthians-disputar-a-sul-americana\/#primaryimage\"},\"thumbnailUrl\":\"https:\/\/www.gaveanews.com\/wp-content\/uploads\/Augusto-Melo-durante-coletiva-de-imprensa-do-Corinthians.webp\",\"datePublished\":\"2025-03-18T02:21:11+00:00\",\"dateModified\":\"2025-03-18T02:21:14+00:00\",\"author\":{\"@id\":\"https:\/\/www.gaveanews.com\/#\/schema\/person\/daf63eec72e1164eb13dc35096c2b8da\"},\"breadcrumb\":{\"@id\":\"https:\/\/www.gaveanews.com\/index.php\/2025\/03\/17\/video-a-declaracao-de-augusto-melo-sobre-o-corinthians-disputar-a-sul-americana\/#breadcrumb\"},\"inLanguage\":\"pt-BR\",\"potentialAction\":[{\"@type\":\"ReadAction\",\"target\":[\"https:\/\/www.gaveanews.com\/index.php\/2025\/03\/17\/video-a-declaracao-de-augusto-melo-sobre-o-corinthians-disputar-a-sul-americana\/\"]}]},{\"@type\":\"ImageObject\",\"inLanguage\":\"pt-BR\",\"@id\":\"https:\/\/www.gaveanews.com\/index.php\/2025\/03\/17\/video-a-declaracao-de-augusto-melo-sobre-o-corinthians-disputar-a-sul-americana\/#primaryimage\",\"url\":\"https:\/\/www.gaveanews.com\/wp-content\/uploads\/Augusto-Melo-durante-coletiva-de-imprensa-do-Corinthians.webp\",\"contentUrl\":\"https:\/\/www.gaveanews.com\/wp-content\/uploads\/Augusto-Melo-durante-coletiva-de-imprensa-do-Corinthians.webp\",\"width\":1920,\"height\":1080,\"caption\":\"Augusto Melo durante coletiva de imprensa do Corinthians (Foto: Rodrigo Coca\/ Corinthians)\"},{\"@type\":\"BreadcrumbList\",\"@id\":\"https:\/\/www.gaveanews.com\/index.php\/2025\/03\/17\/video-a-declaracao-de-augusto-melo-sobre-o-corinthians-disputar-a-sul-americana\/#breadcrumb\",\"itemListElement\":[{\"@type\":\"ListItem\",\"position\":1,\"name\":\"Home\",\"item\":\"https:\/\/www.gaveanews.com\/\"},{\"@type\":\"ListItem\",\"position\":2,\"name\":\"V\u00eddeo: a declara\u00e7\u00e3o de Augusto Melo sobre o Corinthians disputar a Sul-Americana\"}]},{\"@type\":\"WebSite\",\"@id\":\"https:\/\/www.gaveanews.com\/#website\",\"url\":\"https:\/\/www.gaveanews.com\/\",\"name\":\"G\u00e1vea News\",\"description\":\"Veja todas as not\u00edcias sobre o Flamengo: Contrata\u00e7\u00f5es, categorias de base, resultados das partidas, tabela de classifica\u00e7\u00e3o, pr\u00f3ximos jogos!\",\"potentialAction\":[{\"@type\":\"SearchAction\",\"target\":{\"@type\":\"EntryPoint\",\"urlTemplate\":\"https:\/\/www.gaveanews.com\/?s={search_term_string}\"},\"query-input\":{\"@type\":\"PropertyValueSpecification\",\"valueRequired\":true,\"valueName\":\"search_term_string\"}}],\"inLanguage\":\"pt-BR\"},{\"@type\":\"Person\",\"@id\":\"https:\/\/www.gaveanews.com\/#\/schema\/person\/daf63eec72e1164eb13dc35096c2b8da\",\"name\":\"Paula Silva\",\"image\":{\"@type\":\"ImageObject\",\"inLanguage\":\"pt-BR\",\"@id\":\"https:\/\/www.gaveanews.com\/#\/schema\/person\/image\/\",\"url\":\"https:\/\/secure.gravatar.com\/avatar\/eda381c845527cc5d64c13b901833cda29d97500ba040d3e6461f76f51d163bb?s=96&d=mm&r=g\",\"contentUrl\":\"https:\/\/secure.gravatar.com\/avatar\/eda381c845527cc5d64c13b901833cda29d97500ba040d3e6461f76f51d163bb?s=96&d=mm&r=g\",\"caption\":\"Paula Silva\"}}]}<\/script>\n<!-- \/ Yoast SEO Premium plugin. -->","yoast_head_json":{"title":"V\u00eddeo: a declara\u00e7\u00e3o de Augusto Melo sobre o Corinthians disputar a Sul-Americana","robots":{"index":"index","follow":"follow","max-snippet":"max-snippet:-1","max-image-preview":"max-image-preview:large","max-video-preview":"max-video-preview:-1"},"canonical":"https:\/\/www.gaveanews.com\/index.php\/2025\/03\/17\/video-a-declaracao-de-augusto-melo-sobre-o-corinthians-disputar-a-sul-americana\/","og_locale":"pt_BR","og_type":"article","og_title":"V\u00eddeo: a declara\u00e7\u00e3o de Augusto Melo sobre o Corinthians disputar a Sul-Americana","og_description":"O Corinthians viveu um cen\u00e1rio j\u00e1 conhecido em sua hist\u00f3ria recente ao ser eliminado precocemente na Libertadores e, na sequ\u00eancia, garantir sua participa\u00e7\u00e3o na Copa Sul-Americana 2025. Assim como ocorreu em 2011, quando caiu na fase preliminar da principal competi\u00e7\u00e3o sul-americana e precisou reformular seus planos, o clube agora volta suas aten\u00e7\u00f5es para o torneio [&hellip;]","og_url":"https:\/\/www.gaveanews.com\/index.php\/2025\/03\/17\/video-a-declaracao-de-augusto-melo-sobre-o-corinthians-disputar-a-sul-americana\/","og_site_name":"G\u00e1vea News","article_publisher":"https:\/\/facebook.com\/gaveaNews\/","article_published_time":"2025-03-18T02:21:11+00:00","article_modified_time":"2025-03-18T02:21:14+00:00","og_image":[{"width":1920,"height":1080,"url":"http:\/\/www.gaveanews.com\/wp-content\/uploads\/Augusto-Melo-durante-coletiva-de-imprensa-do-Corinthians.webp","type":"image\/jpeg"}],"author":"Paula Silva","twitter_card":"summary_large_image","twitter_misc":{"Escrito por":"Paula Silva","Est. tempo de leitura":"3 minutos"},"schema":{"@context":"https:\/\/schema.org","@graph":[{"@type":"NewsArticle","@id":"https:\/\/www.gaveanews.com\/index.php\/2025\/03\/17\/video-a-declaracao-de-augusto-melo-sobre-o-corinthians-disputar-a-sul-americana\/#article","isPartOf":{"@id":"https:\/\/www.gaveanews.com\/index.php\/2025\/03\/17\/video-a-declaracao-de-augusto-melo-sobre-o-corinthians-disputar-a-sul-americana\/"},"author":{"name":"Paula Silva","@id":"https:\/\/www.gaveanews.com\/#\/schema\/person\/daf63eec72e1164eb13dc35096c2b8da"},"headline":"V\u00eddeo: a declara\u00e7\u00e3o de Augusto Melo sobre o Corinthians disputar a Sul-Americana","datePublished":"2025-03-18T02:21:11+00:00","dateModified":"2025-03-18T02:21:14+00:00","mainEntityOfPage":{"@id":"https:\/\/www.gaveanews.com\/index.php\/2025\/03\/17\/video-a-declaracao-de-augusto-melo-sobre-o-corinthians-disputar-a-sul-americana\/"},"wordCount":473,"commentCount":0,"image":{"@id":"https:\/\/www.gaveanews.com\/index.php\/2025\/03\/17\/video-a-declaracao-de-augusto-melo-sobre-o-corinthians-disputar-a-sul-americana\/#primaryimage"},"thumbnailUrl":"https:\/\/www.gaveanews.com\/wp-content\/uploads\/Augusto-Melo-durante-coletiva-de-imprensa-do-Corinthians.webp","articleSection":["Corinthians"],"inLanguage":"pt-BR","potentialAction":[{"@type":"CommentAction","name":"Comment","target":["https:\/\/www.gaveanews.com\/index.php\/2025\/03\/17\/video-a-declaracao-de-augusto-melo-sobre-o-corinthians-disputar-a-sul-americana\/#respond"]}],"copyrightYear":"2025","copyrightHolder":{"@id":"https:\/\/www.gaveanews.com\/#organization"}},{"@type":"WebPage","@id":"https:\/\/www.gaveanews.com\/index.php\/2025\/03\/17\/video-a-declaracao-de-augusto-melo-sobre-o-corinthians-disputar-a-sul-americana\/","url":"https:\/\/www.gaveanews.com\/index.php\/2025\/03\/17\/video-a-declaracao-de-augusto-melo-sobre-o-corinthians-disputar-a-sul-americana\/","name":"V\u00eddeo: a declara\u00e7\u00e3o de Augusto Melo sobre o Corinthians disputar a Sul-Americana","isPartOf":{"@id":"https:\/\/www.gaveanews.com\/#website"},"primaryImageOfPage":{"@id":"https:\/\/www.gaveanews.com\/index.php\/2025\/03\/17\/video-a-declaracao-de-augusto-melo-sobre-o-corinthians-disputar-a-sul-americana\/#primaryimage"},"image":{"@id":"https:\/\/www.gaveanews.com\/index.php\/2025\/03\/17\/video-a-declaracao-de-augusto-melo-sobre-o-corinthians-disputar-a-sul-americana\/#primaryimage"},"thumbnailUrl":"https:\/\/www.gaveanews.com\/wp-content\/uploads\/Augusto-Melo-durante-coletiva-de-imprensa-do-Corinthians.webp","datePublished":"2025-03-18T02:21:11+00:00","dateModified":"2025-03-18T02:21:14+00:00","author":{"@id":"https:\/\/www.gaveanews.com\/#\/schema\/person\/daf63eec72e1164eb13dc35096c2b8da"},"breadcrumb":{"@id":"https:\/\/www.gaveanews.com\/index.php\/2025\/03\/17\/video-a-declaracao-de-augusto-melo-sobre-o-corinthians-disputar-a-sul-americana\/#breadcrumb"},"inLanguage":"pt-BR","potentialAction":[{"@type":"ReadAction","target":["https:\/\/www.gaveanews.com\/index.php\/2025\/03\/17\/video-a-declaracao-de-augusto-melo-sobre-o-corinthians-disputar-a-sul-americana\/"]}]},{"@type":"ImageObject","inLanguage":"pt-BR","@id":"https:\/\/www.gaveanews.com\/index.php\/2025\/03\/17\/video-a-declaracao-de-augusto-melo-sobre-o-corinthians-disputar-a-sul-americana\/#primaryimage","url":"https:\/\/www.gaveanews.com\/wp-content\/uploads\/Augusto-Melo-durante-coletiva-de-imprensa-do-Corinthians.webp","contentUrl":"https:\/\/www.gaveanews.com\/wp-content\/uploads\/Augusto-Melo-durante-coletiva-de-imprensa-do-Corinthians.webp","width":1920,"height":1080,"caption":"Augusto Melo durante coletiva de imprensa do Corinthians (Foto: Rodrigo Coca\/ Corinthians)"},{"@type":"BreadcrumbList","@id":"https:\/\/www.gaveanews.com\/index.php\/2025\/03\/17\/video-a-declaracao-de-augusto-melo-sobre-o-corinthians-disputar-a-sul-americana\/#breadcrumb","itemListElement":[{"@type":"ListItem","position":1,"name":"Home","item":"https:\/\/www.gaveanews.com\/"},{"@type":"ListItem","position":2,"name":"V\u00eddeo: a declara\u00e7\u00e3o de Augusto Melo sobre o Corinthians disputar a Sul-Americana"}]},{"@type":"WebSite","@id":"https:\/\/www.gaveanews.com\/#website","url":"https:\/\/www.gaveanews.com\/","name":"G\u00e1vea News","description":"Veja todas as not\u00edcias sobre o Flamengo: Contrata\u00e7\u00f5es, categorias de base, resultados das partidas, tabela de classifica\u00e7\u00e3o, pr\u00f3ximos jogos!","potentialAction":[{"@type":"SearchAction","target":{"@type":"EntryPoint","urlTemplate":"https:\/\/www.gaveanews.com\/?s={search_term_string}"},"query-input":{"@type":"PropertyValueSpecification","valueRequired":true,"valueName":"search_term_string"}}],"inLanguage":"pt-BR"},{"@type":"Person","@id":"https:\/\/www.gaveanews.com\/#\/schema\/person\/daf63eec72e1164eb13dc35096c2b8da","name":"Paula Silva","image":{"@type":"ImageObject","inLanguage":"pt-BR","@id":"https:\/\/www.gaveanews.com\/#\/schema\/person\/image\/","url":"https:\/\/secure.gravatar.com\/avatar\/eda381c845527cc5d64c13b901833cda29d97500ba040d3e6461f76f51d163bb?s=96&d=mm&r=g","contentUrl":"https:\/\/secure.gravatar.com\/avatar\/eda381c845527cc5d64c13b901833cda29d97500ba040d3e6461f76f51d163bb?s=96&d=mm&r=g","caption":"Paula Silva"}}]}},"_links":{"self":[{"href":"https:\/\/www.gaveanews.com\/index.php\/wp-json\/wp\/v2\/posts\/241233","targetHints":{"allow":["GET"]}}],"collection":[{"href":"https:\/\/www.gaveanews.com\/index.php\/wp-json\/wp\/v2\/posts"}],"about":[{"href":"https:\/\/www.gaveanews.com\/index.php\/wp-json\/wp\/v2\/types\/post"}],"author":[{"embeddable":true,"href":"https:\/\/www.gaveanews.com\/index.php\/wp-json\/wp\/v2\/users\/18"}],"replies":[{"embeddable":true,"href":"https:\/\/www.gaveanews.com\/index.php\/wp-json\/wp\/v2\/comments?post=241233"}],"version-history":[{"count":1,"href":"https:\/\/www.gaveanews.com\/index.php\/wp-json\/wp\/v2\/posts\/241233\/revisions"}],"predecessor-version":[{"id":241234,"href":"https:\/\/www.gaveanews.com\/index.php\/wp-json\/wp\/v2\/posts\/241233\/revisions\/241234"}],"wp:featuredmedia":[{"embeddable":true,"href":"https:\/\/www.gaveanews.com\/index.php\/wp-json\/wp\/v2\/media\/145590"}],"wp:attachment":[{"href":"https:\/\/www.gaveanews.com\/index.php\/wp-json\/wp\/v2\/media?parent=241233"}],"wp:term":[{"taxonomy":"category","embeddable":true,"href":"https:\/\/www.gaveanews.com\/index.php\/wp-json\/wp\/v2\/categories?post=241233"},{"taxonomy":"post_tag","embeddable":true,"href":"https:\/\/www.gaveanews.com\/index.php\/wp-json\/wp\/v2\/tags?post=241233"}],"curies":[{"name":"wp","href":"https:\/\/api.w.org\/{rel}","templated":true}]}}