{"id":241354,"date":"2025-03-18T11:40:00","date_gmt":"2025-03-18T14:40:00","guid":{"rendered":"https:\/\/www.gaveanews.com\/?p=241354"},"modified":"2025-03-18T10:42:31","modified_gmt":"2025-03-18T13:42:31","slug":"tudo-definido-veja-como-ficaram-os-grupos-da-copa-sul-americana-2025","status":"publish","type":"post","link":"https:\/\/www.gaveanews.com\/index.php\/2025\/03\/18\/tudo-definido-veja-como-ficaram-os-grupos-da-copa-sul-americana-2025\/","title":{"rendered":"Tudo definido! Veja como ficaram os grupos da Copa Sul-Americana 2025"},"content":{"rendered":"\n<p>Nesta segunda-feira (17), a Conmebol divulgou os grupos da Copa Sul-Americana 2025, e os brasileiros estar\u00e3o em peso na disputa. Com sete times representando o Brasil, a expectativa para os confrontos na fase de grupos \u00e9 alta, e o cen\u00e1rio promete grandes emo\u00e7\u00f5es.&nbsp;<\/p>\n\n\n\n<p>A fase de grupos come\u00e7a no dia 1\u00ba de abril e vai at\u00e9 29 de maio, com jogos decisivos para determinar os classificados \u00e0s oitavas de final.<\/p>\n\n\n\n<h2 class=\"wp-block-heading\" id=\"h-sete-brasileiros-buscam-o-titulo-da-sul-americana\">Sete brasileiros buscam o t\u00edtulo da Sul-Americana<\/h2>\n\n\n\n<p>O Brasil ter\u00e1 sete equipes na disputa pela ta\u00e7a da Copa Sul-Americana 2025. Atl\u00e9tico-MG, Corinthians, Cruzeiro, Fluminense, Gr\u00eamio, Vasco e Vit\u00f3ria fazem parte desta edi\u00e7\u00e3o, que promete ser extremamente competitiva.&nbsp;<\/p>\n\n\n\n<p>Vale destacar que os times brasileiros n\u00e3o poder\u00e3o se enfrentar na fase de grupos, o que cria um cen\u00e1rio ainda mais interessante para os confrontos internacionais.<\/p>\n\n\n\n<p>Cabe ressaltar que a fase de grupos ser\u00e1 disputada com seis jogos por equipe. O primeiro colocado de cada grupo avan\u00e7a diretamente \u00e0s oitavas de final, enquanto o segundo colocado disputar\u00e1 um mata-mata contra os terceiros colocados dos grupos da Libertadores.&nbsp;<\/p>\n\n\n\n<p>Os vencedores dessas chaves tamb\u00e9m garantir\u00e3o vaga nas oitavas de final da Sul-Americana. Com isso, os times brasileiros ter\u00e3o que estar em alta para superar os desafios da competi\u00e7\u00e3o internacional.<\/p>\n\n\n\n<h2 class=\"wp-block-heading\" id=\"h-grupos-da-sul-americana-2025-desafios-para-os-times-brasileiros\">Grupos da Sul-Americana 2025: desafios para os times brasileiros<\/h2>\n\n\n\n<p>Os grupos est\u00e3o definidos e as equipes j\u00e1 sabem quem ter\u00e3o pela frente. Confira os confrontos:<\/p>\n\n\n\n<ul class=\"wp-block-list\">\n<li><strong>Grupo A:<\/strong> Independiente-ARG, Guaran\u00ed-PAR, Nacional Potos\u00ed-BOL e Boston River-URU<br><\/li>\n\n\n\n<li><strong>Grupo B:<\/strong> Defensa y Justicia-ARG, Universidad Cat\u00f3lica-EQU, Cerro Largo-URU e Vit\u00f3ria<br><\/li>\n\n\n\n<li><strong>Grupo C:<\/strong> Am\u00e9rica de Cali-COL, Hurac\u00e1n-ARG, Racing-URU e Corinthians<br><\/li>\n\n\n\n<li><strong>Grupo D:<\/strong> Gr\u00eamio, Godoy Cruz-ARG, Sportivo Luque\u00f1o-PAR e Atl\u00e9tico Grau-PER<br><\/li>\n\n\n\n<li><strong>Grupo E:<\/strong> Cruzeiro, Palestino-CHI, Uni\u00f3n-ARG e Mushuc Runa-ECU<br><\/li>\n\n\n\n<li><strong>Grupo F:<\/strong> Fluminense, Uni\u00f3n Espa\u00f1ola-CHI, Once Caldas-COL e GV San Jos\u00e9-BOL<br><\/li>\n\n\n\n<li><strong>Grupo G:<\/strong> Lan\u00fas-ARG, Vasco, Puerto Cabello-VEN e Melgar-PER<br><\/li>\n\n\n\n<li><strong>Grupo H:<\/strong> Atl\u00e9tico-MG, Caracas-VEN, Cienciano-PER e Deportes Iquique-CHI<br><\/li>\n<\/ul>\n\n\n\n<p>Sendo assim, os clubes brasileiros ter\u00e3o desafios variados. Por exemplo, o Corinthians no Grupo C enfrentar\u00e1 o Am\u00e9rica de Cali, Hurac\u00e1n e Racing, enquanto o Atl\u00e9tico-MG no Grupo H ter\u00e1 o Caracas, Cienciano e Deportes Iquique.<\/p>\n\n\n\n<h2 class=\"wp-block-heading\" id=\"h-datas-importantes-para-a-copa-sul-americana-2025\">Datas importantes para a Copa Sul-Americana 2025<\/h2>\n\n\n\n<p>A fase de grupos da Copa Sul-Americana ter\u00e1 in\u00edcio em 2 de abril e vai at\u00e9 28 de maio, com partidas intensas e de grande expectativa. Al\u00e9m disso, os playoffs entre os segundos colocados da Sul-Americana e os terceiros da Libertadores ocorrer\u00e3o entre 16 e 23 de julho. Com isso, a competi\u00e7\u00e3o seguir\u00e1 com os seguintes confrontos:<\/p>\n\n\n\n<ul class=\"wp-block-list\">\n<li><strong>Oitavas de final:<\/strong> 13 e 20 de agosto<br><\/li>\n\n\n\n<li><strong>Quartas de final:<\/strong> 17 e 24 de setembro<br><\/li>\n\n\n\n<li><strong>Semifinais:<\/strong> 22 e 29 de outubro<br><\/li>\n\n\n\n<li><strong>Final:<\/strong> 22 de novembro, com a decis\u00e3o sendo realizada no est\u00e1dio Ram\u00f3n Tahuichi Aguilera, em Santa Cruz de La Sierra, na Bol\u00edvia.<br><\/li>\n<\/ul>\n\n\n\n<p>Portanto, os times ter\u00e3o pouco tempo para se preparar para os duelos decisivos, sendo fundamental para as equipes brasileiras se manterem focadas para garantir sua classifica\u00e7\u00e3o nas fases seguintes.<\/p>\n\n\n\n<p>Esse sorteio promete uma Copa Sul-Americana emocionante, com grandes duelos entre as equipes. Desse jeito, a competi\u00e7\u00e3o se coloca como um dos maiores torneios internacionais do calend\u00e1rio de 2025.<\/p>\n","protected":false},"excerpt":{"rendered":"<p>Nesta segunda-feira (17), a Conmebol divulgou os grupos da Copa Sul-Americana 2025, e os brasileiros estar\u00e3o em peso na disputa. Com sete times representando o Brasil, a expectativa para os confrontos na fase de grupos \u00e9 alta, e o cen\u00e1rio promete grandes emo\u00e7\u00f5es.&nbsp; A fase de grupos come\u00e7a no dia 1\u00ba de abril e vai [&hellip;]<\/p>\n","protected":false},"author":25,"featured_media":169625,"comment_status":"open","ping_status":"closed","sticky":false,"template":"","format":"standard","meta":{"footnotes":""},"categories":[136,141,145,147,152,153],"tags":[],"class_list":["post-241354","post","type-post","status-publish","format-standard","has-post-thumbnail","hentry","category-atletico-mg","category-corinthians","category-fluminense","category-gremio","category-vasco","category-vitoria"],"yoast_head":"<!-- This site is optimized with the Yoast SEO Premium plugin v24.2 (Yoast SEO v26.9) - https:\/\/yoast.com\/product\/yoast-seo-premium-wordpress\/ -->\n<title>Tudo definido! Veja como ficaram os grupos da Copa Sul-Americana 2025<\/title>\n<meta name=\"robots\" content=\"index, follow, max-snippet:-1, max-image-preview:large, max-video-preview:-1\" \/>\n<link rel=\"canonical\" href=\"https:\/\/www.gaveanews.com\/index.php\/2025\/03\/18\/tudo-definido-veja-como-ficaram-os-grupos-da-copa-sul-americana-2025\/\" \/>\n<meta property=\"og:locale\" content=\"pt_BR\" \/>\n<meta property=\"og:type\" content=\"article\" \/>\n<meta property=\"og:title\" content=\"Tudo definido! Veja como ficaram os grupos da Copa Sul-Americana 2025\" \/>\n<meta property=\"og:description\" content=\"Nesta segunda-feira (17), a Conmebol divulgou os grupos da Copa Sul-Americana 2025, e os brasileiros estar\u00e3o em peso na disputa. Com sete times representando o Brasil, a expectativa para os confrontos na fase de grupos \u00e9 alta, e o cen\u00e1rio promete grandes emo\u00e7\u00f5es.&nbsp; A fase de grupos come\u00e7a no dia 1\u00ba de abril e vai [&hellip;]\" \/>\n<meta property=\"og:url\" content=\"https:\/\/www.gaveanews.com\/index.php\/2025\/03\/18\/tudo-definido-veja-como-ficaram-os-grupos-da-copa-sul-americana-2025\/\" \/>\n<meta property=\"og:site_name\" content=\"G\u00e1vea News\" \/>\n<meta property=\"article:publisher\" content=\"https:\/\/facebook.com\/gaveaNews\/\" \/>\n<meta property=\"article:published_time\" content=\"2025-03-18T14:40:00+00:00\" \/>\n<meta property=\"og:image\" content=\"https:\/\/www.gaveanews.com\/wp-content\/uploads\/Logo-da-Copa-Sul-Americana.webp\" \/>\n\t<meta property=\"og:image:width\" content=\"746\" \/>\n\t<meta property=\"og:image:height\" content=\"420\" \/>\n\t<meta property=\"og:image:type\" content=\"image\/webp\" \/>\n<meta name=\"author\" content=\"Rafaela Ladeira\" \/>\n<meta name=\"twitter:card\" content=\"summary_large_image\" \/>\n<meta name=\"twitter:label1\" content=\"Escrito por\" \/>\n\t<meta name=\"twitter:data1\" content=\"Rafaela Ladeira\" \/>\n\t<meta name=\"twitter:label2\" content=\"Est. tempo de leitura\" \/>\n\t<meta name=\"twitter:data2\" content=\"3 minutos\" \/>\n<script type=\"application\/ld+json\" class=\"yoast-schema-graph\">{\"@context\":\"https:\/\/schema.org\",\"@graph\":[{\"@type\":\"NewsArticle\",\"@id\":\"https:\/\/www.gaveanews.com\/index.php\/2025\/03\/18\/tudo-definido-veja-como-ficaram-os-grupos-da-copa-sul-americana-2025\/#article\",\"isPartOf\":{\"@id\":\"https:\/\/www.gaveanews.com\/index.php\/2025\/03\/18\/tudo-definido-veja-como-ficaram-os-grupos-da-copa-sul-americana-2025\/\"},\"author\":{\"name\":\"Rafaela Ladeira\",\"@id\":\"https:\/\/www.gaveanews.com\/#\/schema\/person\/0eb3e3fe1754f0205218538adbe8f5ed\"},\"headline\":\"Tudo definido! Veja como ficaram os grupos da Copa Sul-Americana 2025\",\"datePublished\":\"2025-03-18T14:40:00+00:00\",\"mainEntityOfPage\":{\"@id\":\"https:\/\/www.gaveanews.com\/index.php\/2025\/03\/18\/tudo-definido-veja-como-ficaram-os-grupos-da-copa-sul-americana-2025\/\"},\"wordCount\":549,\"commentCount\":0,\"image\":{\"@id\":\"https:\/\/www.gaveanews.com\/index.php\/2025\/03\/18\/tudo-definido-veja-como-ficaram-os-grupos-da-copa-sul-americana-2025\/#primaryimage\"},\"thumbnailUrl\":\"https:\/\/www.gaveanews.com\/wp-content\/uploads\/Logo-da-Copa-Sul-Americana.webp\",\"articleSection\":[\"Atl\u00e9tico-MG\",\"Corinthians\",\"Fluminense\",\"Gr\u00eamio\",\"Vasco\",\"Vit\u00f3ria\"],\"inLanguage\":\"pt-BR\",\"potentialAction\":[{\"@type\":\"CommentAction\",\"name\":\"Comment\",\"target\":[\"https:\/\/www.gaveanews.com\/index.php\/2025\/03\/18\/tudo-definido-veja-como-ficaram-os-grupos-da-copa-sul-americana-2025\/#respond\"]}],\"copyrightYear\":\"2025\",\"copyrightHolder\":{\"@id\":\"https:\/\/www.gaveanews.com\/#organization\"}},{\"@type\":\"WebPage\",\"@id\":\"https:\/\/www.gaveanews.com\/index.php\/2025\/03\/18\/tudo-definido-veja-como-ficaram-os-grupos-da-copa-sul-americana-2025\/\",\"url\":\"https:\/\/www.gaveanews.com\/index.php\/2025\/03\/18\/tudo-definido-veja-como-ficaram-os-grupos-da-copa-sul-americana-2025\/\",\"name\":\"Tudo definido! Veja como ficaram os grupos da Copa Sul-Americana 2025\",\"isPartOf\":{\"@id\":\"https:\/\/www.gaveanews.com\/#website\"},\"primaryImageOfPage\":{\"@id\":\"https:\/\/www.gaveanews.com\/index.php\/2025\/03\/18\/tudo-definido-veja-como-ficaram-os-grupos-da-copa-sul-americana-2025\/#primaryimage\"},\"image\":{\"@id\":\"https:\/\/www.gaveanews.com\/index.php\/2025\/03\/18\/tudo-definido-veja-como-ficaram-os-grupos-da-copa-sul-americana-2025\/#primaryimage\"},\"thumbnailUrl\":\"https:\/\/www.gaveanews.com\/wp-content\/uploads\/Logo-da-Copa-Sul-Americana.webp\",\"datePublished\":\"2025-03-18T14:40:00+00:00\",\"author\":{\"@id\":\"https:\/\/www.gaveanews.com\/#\/schema\/person\/0eb3e3fe1754f0205218538adbe8f5ed\"},\"breadcrumb\":{\"@id\":\"https:\/\/www.gaveanews.com\/index.php\/2025\/03\/18\/tudo-definido-veja-como-ficaram-os-grupos-da-copa-sul-americana-2025\/#breadcrumb\"},\"inLanguage\":\"pt-BR\",\"potentialAction\":[{\"@type\":\"ReadAction\",\"target\":[\"https:\/\/www.gaveanews.com\/index.php\/2025\/03\/18\/tudo-definido-veja-como-ficaram-os-grupos-da-copa-sul-americana-2025\/\"]}]},{\"@type\":\"ImageObject\",\"inLanguage\":\"pt-BR\",\"@id\":\"https:\/\/www.gaveanews.com\/index.php\/2025\/03\/18\/tudo-definido-veja-como-ficaram-os-grupos-da-copa-sul-americana-2025\/#primaryimage\",\"url\":\"https:\/\/www.gaveanews.com\/wp-content\/uploads\/Logo-da-Copa-Sul-Americana.webp\",\"contentUrl\":\"https:\/\/www.gaveanews.com\/wp-content\/uploads\/Logo-da-Copa-Sul-Americana.webp\",\"width\":746,\"height\":420,\"caption\":\"Logo da Copa Sul-Americana (Foto: Reprodu\u00e7\u00e3o)\"},{\"@type\":\"BreadcrumbList\",\"@id\":\"https:\/\/www.gaveanews.com\/index.php\/2025\/03\/18\/tudo-definido-veja-como-ficaram-os-grupos-da-copa-sul-americana-2025\/#breadcrumb\",\"itemListElement\":[{\"@type\":\"ListItem\",\"position\":1,\"name\":\"Home\",\"item\":\"https:\/\/www.gaveanews.com\/\"},{\"@type\":\"ListItem\",\"position\":2,\"name\":\"Tudo definido! Veja como ficaram os grupos da Copa Sul-Americana 2025\"}]},{\"@type\":\"WebSite\",\"@id\":\"https:\/\/www.gaveanews.com\/#website\",\"url\":\"https:\/\/www.gaveanews.com\/\",\"name\":\"G\u00e1vea News\",\"description\":\"Veja todas as not\u00edcias sobre o Flamengo: Contrata\u00e7\u00f5es, categorias de base, resultados das partidas, tabela de classifica\u00e7\u00e3o, pr\u00f3ximos jogos!\",\"potentialAction\":[{\"@type\":\"SearchAction\",\"target\":{\"@type\":\"EntryPoint\",\"urlTemplate\":\"https:\/\/www.gaveanews.com\/?s={search_term_string}\"},\"query-input\":{\"@type\":\"PropertyValueSpecification\",\"valueRequired\":true,\"valueName\":\"search_term_string\"}}],\"inLanguage\":\"pt-BR\"},{\"@type\":\"Person\",\"@id\":\"https:\/\/www.gaveanews.com\/#\/schema\/person\/0eb3e3fe1754f0205218538adbe8f5ed\",\"name\":\"Rafaela Ladeira\",\"image\":{\"@type\":\"ImageObject\",\"inLanguage\":\"pt-BR\",\"@id\":\"https:\/\/www.gaveanews.com\/#\/schema\/person\/image\/\",\"url\":\"https:\/\/secure.gravatar.com\/avatar\/c31f513acffd85eacab5730cbdfdbbf59f21ba5aeada8cd890acea879fbb2455?s=96&d=mm&r=g\",\"contentUrl\":\"https:\/\/secure.gravatar.com\/avatar\/c31f513acffd85eacab5730cbdfdbbf59f21ba5aeada8cd890acea879fbb2455?s=96&d=mm&r=g\",\"caption\":\"Rafaela Ladeira\"}}]}<\/script>\n<!-- \/ Yoast SEO Premium plugin. -->","yoast_head_json":{"title":"Tudo definido! Veja como ficaram os grupos da Copa Sul-Americana 2025","robots":{"index":"index","follow":"follow","max-snippet":"max-snippet:-1","max-image-preview":"max-image-preview:large","max-video-preview":"max-video-preview:-1"},"canonical":"https:\/\/www.gaveanews.com\/index.php\/2025\/03\/18\/tudo-definido-veja-como-ficaram-os-grupos-da-copa-sul-americana-2025\/","og_locale":"pt_BR","og_type":"article","og_title":"Tudo definido! Veja como ficaram os grupos da Copa Sul-Americana 2025","og_description":"Nesta segunda-feira (17), a Conmebol divulgou os grupos da Copa Sul-Americana 2025, e os brasileiros estar\u00e3o em peso na disputa. Com sete times representando o Brasil, a expectativa para os confrontos na fase de grupos \u00e9 alta, e o cen\u00e1rio promete grandes emo\u00e7\u00f5es.&nbsp; A fase de grupos come\u00e7a no dia 1\u00ba de abril e vai [&hellip;]","og_url":"https:\/\/www.gaveanews.com\/index.php\/2025\/03\/18\/tudo-definido-veja-como-ficaram-os-grupos-da-copa-sul-americana-2025\/","og_site_name":"G\u00e1vea News","article_publisher":"https:\/\/facebook.com\/gaveaNews\/","article_published_time":"2025-03-18T14:40:00+00:00","og_image":[{"width":746,"height":420,"url":"https:\/\/www.gaveanews.com\/wp-content\/uploads\/Logo-da-Copa-Sul-Americana.webp","type":"image\/webp"}],"author":"Rafaela Ladeira","twitter_card":"summary_large_image","twitter_misc":{"Escrito por":"Rafaela Ladeira","Est. tempo de leitura":"3 minutos"},"schema":{"@context":"https:\/\/schema.org","@graph":[{"@type":"NewsArticle","@id":"https:\/\/www.gaveanews.com\/index.php\/2025\/03\/18\/tudo-definido-veja-como-ficaram-os-grupos-da-copa-sul-americana-2025\/#article","isPartOf":{"@id":"https:\/\/www.gaveanews.com\/index.php\/2025\/03\/18\/tudo-definido-veja-como-ficaram-os-grupos-da-copa-sul-americana-2025\/"},"author":{"name":"Rafaela Ladeira","@id":"https:\/\/www.gaveanews.com\/#\/schema\/person\/0eb3e3fe1754f0205218538adbe8f5ed"},"headline":"Tudo definido! Veja como ficaram os grupos da Copa Sul-Americana 2025","datePublished":"2025-03-18T14:40:00+00:00","mainEntityOfPage":{"@id":"https:\/\/www.gaveanews.com\/index.php\/2025\/03\/18\/tudo-definido-veja-como-ficaram-os-grupos-da-copa-sul-americana-2025\/"},"wordCount":549,"commentCount":0,"image":{"@id":"https:\/\/www.gaveanews.com\/index.php\/2025\/03\/18\/tudo-definido-veja-como-ficaram-os-grupos-da-copa-sul-americana-2025\/#primaryimage"},"thumbnailUrl":"https:\/\/www.gaveanews.com\/wp-content\/uploads\/Logo-da-Copa-Sul-Americana.webp","articleSection":["Atl\u00e9tico-MG","Corinthians","Fluminense","Gr\u00eamio","Vasco","Vit\u00f3ria"],"inLanguage":"pt-BR","potentialAction":[{"@type":"CommentAction","name":"Comment","target":["https:\/\/www.gaveanews.com\/index.php\/2025\/03\/18\/tudo-definido-veja-como-ficaram-os-grupos-da-copa-sul-americana-2025\/#respond"]}],"copyrightYear":"2025","copyrightHolder":{"@id":"https:\/\/www.gaveanews.com\/#organization"}},{"@type":"WebPage","@id":"https:\/\/www.gaveanews.com\/index.php\/2025\/03\/18\/tudo-definido-veja-como-ficaram-os-grupos-da-copa-sul-americana-2025\/","url":"https:\/\/www.gaveanews.com\/index.php\/2025\/03\/18\/tudo-definido-veja-como-ficaram-os-grupos-da-copa-sul-americana-2025\/","name":"Tudo definido! Veja como ficaram os grupos da Copa Sul-Americana 2025","isPartOf":{"@id":"https:\/\/www.gaveanews.com\/#website"},"primaryImageOfPage":{"@id":"https:\/\/www.gaveanews.com\/index.php\/2025\/03\/18\/tudo-definido-veja-como-ficaram-os-grupos-da-copa-sul-americana-2025\/#primaryimage"},"image":{"@id":"https:\/\/www.gaveanews.com\/index.php\/2025\/03\/18\/tudo-definido-veja-como-ficaram-os-grupos-da-copa-sul-americana-2025\/#primaryimage"},"thumbnailUrl":"https:\/\/www.gaveanews.com\/wp-content\/uploads\/Logo-da-Copa-Sul-Americana.webp","datePublished":"2025-03-18T14:40:00+00:00","author":{"@id":"https:\/\/www.gaveanews.com\/#\/schema\/person\/0eb3e3fe1754f0205218538adbe8f5ed"},"breadcrumb":{"@id":"https:\/\/www.gaveanews.com\/index.php\/2025\/03\/18\/tudo-definido-veja-como-ficaram-os-grupos-da-copa-sul-americana-2025\/#breadcrumb"},"inLanguage":"pt-BR","potentialAction":[{"@type":"ReadAction","target":["https:\/\/www.gaveanews.com\/index.php\/2025\/03\/18\/tudo-definido-veja-como-ficaram-os-grupos-da-copa-sul-americana-2025\/"]}]},{"@type":"ImageObject","inLanguage":"pt-BR","@id":"https:\/\/www.gaveanews.com\/index.php\/2025\/03\/18\/tudo-definido-veja-como-ficaram-os-grupos-da-copa-sul-americana-2025\/#primaryimage","url":"https:\/\/www.gaveanews.com\/wp-content\/uploads\/Logo-da-Copa-Sul-Americana.webp","contentUrl":"https:\/\/www.gaveanews.com\/wp-content\/uploads\/Logo-da-Copa-Sul-Americana.webp","width":746,"height":420,"caption":"Logo da Copa Sul-Americana (Foto: Reprodu\u00e7\u00e3o)"},{"@type":"BreadcrumbList","@id":"https:\/\/www.gaveanews.com\/index.php\/2025\/03\/18\/tudo-definido-veja-como-ficaram-os-grupos-da-copa-sul-americana-2025\/#breadcrumb","itemListElement":[{"@type":"ListItem","position":1,"name":"Home","item":"https:\/\/www.gaveanews.com\/"},{"@type":"ListItem","position":2,"name":"Tudo definido! Veja como ficaram os grupos da Copa Sul-Americana 2025"}]},{"@type":"WebSite","@id":"https:\/\/www.gaveanews.com\/#website","url":"https:\/\/www.gaveanews.com\/","name":"G\u00e1vea News","description":"Veja todas as not\u00edcias sobre o Flamengo: Contrata\u00e7\u00f5es, categorias de base, resultados das partidas, tabela de classifica\u00e7\u00e3o, pr\u00f3ximos jogos!","potentialAction":[{"@type":"SearchAction","target":{"@type":"EntryPoint","urlTemplate":"https:\/\/www.gaveanews.com\/?s={search_term_string}"},"query-input":{"@type":"PropertyValueSpecification","valueRequired":true,"valueName":"search_term_string"}}],"inLanguage":"pt-BR"},{"@type":"Person","@id":"https:\/\/www.gaveanews.com\/#\/schema\/person\/0eb3e3fe1754f0205218538adbe8f5ed","name":"Rafaela Ladeira","image":{"@type":"ImageObject","inLanguage":"pt-BR","@id":"https:\/\/www.gaveanews.com\/#\/schema\/person\/image\/","url":"https:\/\/secure.gravatar.com\/avatar\/c31f513acffd85eacab5730cbdfdbbf59f21ba5aeada8cd890acea879fbb2455?s=96&d=mm&r=g","contentUrl":"https:\/\/secure.gravatar.com\/avatar\/c31f513acffd85eacab5730cbdfdbbf59f21ba5aeada8cd890acea879fbb2455?s=96&d=mm&r=g","caption":"Rafaela Ladeira"}}]}},"_links":{"self":[{"href":"https:\/\/www.gaveanews.com\/index.php\/wp-json\/wp\/v2\/posts\/241354","targetHints":{"allow":["GET"]}}],"collection":[{"href":"https:\/\/www.gaveanews.com\/index.php\/wp-json\/wp\/v2\/posts"}],"about":[{"href":"https:\/\/www.gaveanews.com\/index.php\/wp-json\/wp\/v2\/types\/post"}],"author":[{"embeddable":true,"href":"https:\/\/www.gaveanews.com\/index.php\/wp-json\/wp\/v2\/users\/25"}],"replies":[{"embeddable":true,"href":"https:\/\/www.gaveanews.com\/index.php\/wp-json\/wp\/v2\/comments?post=241354"}],"version-history":[{"count":1,"href":"https:\/\/www.gaveanews.com\/index.php\/wp-json\/wp\/v2\/posts\/241354\/revisions"}],"predecessor-version":[{"id":241357,"href":"https:\/\/www.gaveanews.com\/index.php\/wp-json\/wp\/v2\/posts\/241354\/revisions\/241357"}],"wp:featuredmedia":[{"embeddable":true,"href":"https:\/\/www.gaveanews.com\/index.php\/wp-json\/wp\/v2\/media\/169625"}],"wp:attachment":[{"href":"https:\/\/www.gaveanews.com\/index.php\/wp-json\/wp\/v2\/media?parent=241354"}],"wp:term":[{"taxonomy":"category","embeddable":true,"href":"https:\/\/www.gaveanews.com\/index.php\/wp-json\/wp\/v2\/categories?post=241354"},{"taxonomy":"post_tag","embeddable":true,"href":"https:\/\/www.gaveanews.com\/index.php\/wp-json\/wp\/v2\/tags?post=241354"}],"curies":[{"name":"wp","href":"https:\/\/api.w.org\/{rel}","templated":true}]}}