{"id":241398,"date":"2025-03-18T12:55:00","date_gmt":"2025-03-18T15:55:00","guid":{"rendered":"https:\/\/www.gaveanews.com\/?p=241398"},"modified":"2025-03-18T11:55:51","modified_gmt":"2025-03-18T14:55:51","slug":"video-a-declaracao-de-yuri-alberto-sobre-o-gol-marcado-contra-o-palmeiras","status":"publish","type":"post","link":"https:\/\/www.gaveanews.com\/index.php\/2025\/03\/18\/video-a-declaracao-de-yuri-alberto-sobre-o-gol-marcado-contra-o-palmeiras\/","title":{"rendered":"V\u00eddeo: a declara\u00e7\u00e3o de Yuri Alberto sobre o gol marcado contra o Palmeiras"},"content":{"rendered":"\n<p>Yuri Alberto, o her\u00f3i do Corinthians na vit\u00f3ria sobre o Palmeiras, falou sobre a import\u00e2ncia do gol marcado e o desempenho da equipe no jogo de ida da final do Campeonato Paulista.&nbsp;<\/p>\n\n\n\n<p>Com o Tim\u00e3o vencendo por 1 a 0, o atacante exalou confian\u00e7a e falou sobre o jogo dif\u00edcil no Allianz Parque.<\/p>\n\n\n\n<h2 class=\"wp-block-heading\" id=\"h-vitoria-importante-e-desempenho-perfeito-fora-de-casa\">Vit\u00f3ria importante e desempenho perfeito fora de casa<\/h2>\n\n\n\n<p>\u201cMuito feliz de saber da import\u00e2ncia de vencer fora de casa no primeiro jogo. A gente teve um ensinamento muito pesado e hoje a gente fez um papel perfeito fora de casa\u201d, disse o jogador.&nbsp;<\/p>\n\n\n\n<figure class=\"wp-block-embed is-type-video is-provider-tiktok wp-block-embed-tiktok\"><div class=\"wp-block-embed__wrapper\">\n<blockquote class=\"tiktok-embed\" cite=\"https:\/\/www.tiktok.com\/@tntsportsbr\/video\/7482962095282179383\" data-video-id=\"7482962095282179383\" data-embed-from=\"oembed\" style=\"max-width:605px; min-width:325px;\"> <section> <a target=\"_blank\" title=\"@tntsportsbr\" href=\"https:\/\/www.tiktok.com\/@tntsportsbr?refer=embed\">@tntsportsbr<\/a> <p>O REI DOS CL\u00c1SSICOS FALOU SOBRE O GOL DA VIT\u00d3RIA NO DERBY! \u26bd\ud83e\udec5 Yuri Alberto exaltou a grande atua\u00e7\u00e3o do Corinthians e celebrou o gol da vit\u00f3ria contra o Palmeiras! <a title=\"paulist\u00e3o2025\" target=\"_blank\" href=\"https:\/\/www.tiktok.com\/tag\/paulist%C3%A3o2025?refer=embed\">#Paulist\u00e3o2025<\/a> \ud83d\udcf9: CorinthiansTV<a title=\"tntsportsbr\" target=\"_blank\" href=\"https:\/\/www.tiktok.com\/tag\/tntsportsbr?refer=embed\">#TNTSportsBR<\/a> <a title=\"futebol\" target=\"_blank\" href=\"https:\/\/www.tiktok.com\/tag\/futebol?refer=embed\">#Futebol<\/a> <a title=\"tiktokesportes\" target=\"_blank\" href=\"https:\/\/www.tiktok.com\/tag\/tiktokesportes?refer=embed\">#TikTokEsportes<\/a> <a title=\"corinthians\" target=\"_blank\" href=\"https:\/\/www.tiktok.com\/tag\/corinthians?refer=embed\">#corinthians<\/a> <a title=\"memphis\" target=\"_blank\" href=\"https:\/\/www.tiktok.com\/tag\/memphis?refer=embed\">#memphis<\/a> <a title=\"paulistaonamax\" target=\"_blank\" href=\"https:\/\/www.tiktok.com\/tag\/paulistaonamax?refer=embed\">#PaulistaoNaMax<\/a> <a title=\"yurialberto\" target=\"_blank\" href=\"https:\/\/www.tiktok.com\/tag\/yurialberto?refer=embed\">#yurialberto<\/a> <a title=\"derby\" target=\"_blank\" href=\"https:\/\/www.tiktok.com\/tag\/derby?refer=embed\">#derby<\/a><\/p> <a target=\"_blank\" title=\"\u266c som original - TNT Sports Brasil - TNT Sports Brasil\" href=\"https:\/\/www.tiktok.com\/music\/som-original-TNT-Sports-Brasil-7482962111640619781?refer=embed\">\u266c som original &#8211; TNT Sports Brasil &#8211; TNT Sports Brasil<\/a> <\/section> <\/blockquote> <script async src=\"https:\/\/www.tiktok.com\/embed.js\"><\/script>\n<\/div><\/figure>\n\n\n\n<p>O gol marcado por ele, que foi o \u00fanico do jogo, colocou o Corinthians em vantagem na final, levando o time para a Arena Corinthians com a confian\u00e7a em alta.<\/p>\n\n\n\n<h2 class=\"wp-block-heading\" id=\"h-gol-especial-e-jogo-dificil\">Gol especial e jogo dif\u00edcil<\/h2>\n\n\n\n<p>O atacante, que chegou ao 5\u00b0 gol no Campeonato Paulista, falou sobre o significado de marcar em uma final contra o maior rival.&nbsp;<\/p>\n\n\n\n<p>\u201cFazer um gol em uma final como esta, contra nosso maior rival, \u00e9 especial demais. Foi um jogo dur\u00edssimo, pegado do in\u00edcio ao fim. Jogamos com intelig\u00eancia, fizemos em campo exatamente o que foi planejado\u201d, explicou o jogador.&nbsp;<\/p>\n\n\n\n<p>Al\u00e9m disso, ele ressaltou a import\u00e2ncia de manter o foco durante toda a partida, pois em uma decis\u00e3o de 180 minutos, a obedi\u00eancia t\u00e1tica e a efici\u00eancia s\u00e3o cruciais para garantir o sucesso.<\/p>\n\n\n\n<h2 class=\"wp-block-heading\" id=\"h-superacao-e-confianca-para-o-proximo-duelo\">Supera\u00e7\u00e3o e confian\u00e7a para o pr\u00f3ximo duelo<\/h2>\n\n\n\n<p>Vale destacar que Yuri Alberto atuou com dores no ombro durante toda a partida. Apesar disso, ele conseguiu fazer o gol que garantiu a vit\u00f3ria para o Tim\u00e3o.&nbsp;<\/p>\n\n\n\n<p>\u201cSenti muita dor no ombro. Eu n\u00e3o sei como consegui jogar com esta dor. Estava dificultando muito nas disputas com os zagueiros do time advers\u00e1rio. A \u00fanica bola que peguei em condi\u00e7\u00f5es, consegui guardar\u201d, revelou.&nbsp;<\/p>\n\n\n\n<p>Com isso, o atacante deu o exemplo de como se portar em decis\u00f5es, principalmente fora de casa, aproveitando as oportunidades quando surgem.<\/p>\n\n\n\n<p>O foco agora est\u00e1 na segunda parte da decis\u00e3o, marcada para o pr\u00f3ximo dia 27. Yuri Alberto finalizou dizendo que, apesar do excelente resultado, n\u00e3o h\u00e1 espa\u00e7o para tranquilidade: \u201cSabemos que na nossa casa a gente \u00e9 muito forte\u201d. Portanto, a final\u00edssima promete ser mais uma grande batalha no Campeonato Paulista.<\/p>\n","protected":false},"excerpt":{"rendered":"<p>Yuri Alberto, o her\u00f3i do Corinthians na vit\u00f3ria sobre o Palmeiras, falou sobre a import\u00e2ncia do gol marcado e o desempenho da equipe no jogo de ida da final do Campeonato Paulista.&nbsp; Com o Tim\u00e3o vencendo por 1 a 0, o atacante exalou confian\u00e7a e falou sobre o jogo dif\u00edcil no Allianz Parque. Vit\u00f3ria importante [&hellip;]<\/p>\n","protected":false},"author":25,"featured_media":171334,"comment_status":"open","ping_status":"closed","sticky":false,"template":"","format":"standard","meta":{"footnotes":""},"categories":[141],"tags":[],"class_list":["post-241398","post","type-post","status-publish","format-standard","has-post-thumbnail","hentry","category-corinthians"],"yoast_head":"<!-- This site is optimized with the Yoast SEO Premium plugin v24.2 (Yoast SEO v26.9) - https:\/\/yoast.com\/product\/yoast-seo-premium-wordpress\/ -->\n<title>V\u00eddeo: a declara\u00e7\u00e3o de Yuri Alberto sobre o gol marcado contra o Palmeiras<\/title>\n<meta name=\"robots\" content=\"index, follow, max-snippet:-1, max-image-preview:large, max-video-preview:-1\" \/>\n<link rel=\"canonical\" href=\"https:\/\/www.gaveanews.com\/index.php\/2025\/03\/18\/video-a-declaracao-de-yuri-alberto-sobre-o-gol-marcado-contra-o-palmeiras\/\" \/>\n<meta property=\"og:locale\" content=\"pt_BR\" \/>\n<meta property=\"og:type\" content=\"article\" \/>\n<meta property=\"og:title\" content=\"V\u00eddeo: a declara\u00e7\u00e3o de Yuri Alberto sobre o gol marcado contra o Palmeiras\" \/>\n<meta property=\"og:description\" content=\"Yuri Alberto, o her\u00f3i do Corinthians na vit\u00f3ria sobre o Palmeiras, falou sobre a import\u00e2ncia do gol marcado e o desempenho da equipe no jogo de ida da final do Campeonato Paulista.&nbsp; Com o Tim\u00e3o vencendo por 1 a 0, o atacante exalou confian\u00e7a e falou sobre o jogo dif\u00edcil no Allianz Parque. Vit\u00f3ria importante [&hellip;]\" \/>\n<meta property=\"og:url\" content=\"https:\/\/www.gaveanews.com\/index.php\/2025\/03\/18\/video-a-declaracao-de-yuri-alberto-sobre-o-gol-marcado-contra-o-palmeiras\/\" \/>\n<meta property=\"og:site_name\" content=\"G\u00e1vea News\" \/>\n<meta property=\"article:publisher\" content=\"https:\/\/facebook.com\/gaveaNews\/\" \/>\n<meta property=\"article:published_time\" content=\"2025-03-18T15:55:00+00:00\" \/>\n<meta property=\"og:image\" content=\"https:\/\/www.gaveanews.com\/wp-content\/uploads\/Yuri-Alberto-em-acao-pelo-Corinthians.webp\" \/>\n\t<meta property=\"og:image:width\" content=\"941\" \/>\n\t<meta property=\"og:image:height\" content=\"604\" \/>\n\t<meta property=\"og:image:type\" content=\"image\/jpeg\" \/>\n<meta name=\"author\" content=\"Rafaela Ladeira\" \/>\n<meta name=\"twitter:card\" content=\"summary_large_image\" \/>\n<meta name=\"twitter:label1\" content=\"Escrito por\" \/>\n\t<meta name=\"twitter:data1\" content=\"Rafaela Ladeira\" \/>\n\t<meta name=\"twitter:label2\" content=\"Est. tempo de leitura\" \/>\n\t<meta name=\"twitter:data2\" content=\"3 minutos\" \/>\n<script type=\"application\/ld+json\" class=\"yoast-schema-graph\">{\"@context\":\"https:\/\/schema.org\",\"@graph\":[{\"@type\":\"NewsArticle\",\"@id\":\"https:\/\/www.gaveanews.com\/index.php\/2025\/03\/18\/video-a-declaracao-de-yuri-alberto-sobre-o-gol-marcado-contra-o-palmeiras\/#article\",\"isPartOf\":{\"@id\":\"https:\/\/www.gaveanews.com\/index.php\/2025\/03\/18\/video-a-declaracao-de-yuri-alberto-sobre-o-gol-marcado-contra-o-palmeiras\/\"},\"author\":{\"name\":\"Rafaela Ladeira\",\"@id\":\"https:\/\/www.gaveanews.com\/#\/schema\/person\/0eb3e3fe1754f0205218538adbe8f5ed\"},\"headline\":\"V\u00eddeo: a declara\u00e7\u00e3o de Yuri Alberto sobre o gol marcado contra o Palmeiras\",\"datePublished\":\"2025-03-18T15:55:00+00:00\",\"mainEntityOfPage\":{\"@id\":\"https:\/\/www.gaveanews.com\/index.php\/2025\/03\/18\/video-a-declaracao-de-yuri-alberto-sobre-o-gol-marcado-contra-o-palmeiras\/\"},\"wordCount\":422,\"commentCount\":0,\"image\":{\"@id\":\"https:\/\/www.gaveanews.com\/index.php\/2025\/03\/18\/video-a-declaracao-de-yuri-alberto-sobre-o-gol-marcado-contra-o-palmeiras\/#primaryimage\"},\"thumbnailUrl\":\"https:\/\/www.gaveanews.com\/wp-content\/uploads\/Yuri-Alberto-em-acao-pelo-Corinthians.webp\",\"articleSection\":[\"Corinthians\"],\"inLanguage\":\"pt-BR\",\"potentialAction\":[{\"@type\":\"CommentAction\",\"name\":\"Comment\",\"target\":[\"https:\/\/www.gaveanews.com\/index.php\/2025\/03\/18\/video-a-declaracao-de-yuri-alberto-sobre-o-gol-marcado-contra-o-palmeiras\/#respond\"]}],\"copyrightYear\":\"2025\",\"copyrightHolder\":{\"@id\":\"https:\/\/www.gaveanews.com\/#organization\"}},{\"@type\":\"WebPage\",\"@id\":\"https:\/\/www.gaveanews.com\/index.php\/2025\/03\/18\/video-a-declaracao-de-yuri-alberto-sobre-o-gol-marcado-contra-o-palmeiras\/\",\"url\":\"https:\/\/www.gaveanews.com\/index.php\/2025\/03\/18\/video-a-declaracao-de-yuri-alberto-sobre-o-gol-marcado-contra-o-palmeiras\/\",\"name\":\"V\u00eddeo: a declara\u00e7\u00e3o de Yuri Alberto sobre o gol marcado contra o Palmeiras\",\"isPartOf\":{\"@id\":\"https:\/\/www.gaveanews.com\/#website\"},\"primaryImageOfPage\":{\"@id\":\"https:\/\/www.gaveanews.com\/index.php\/2025\/03\/18\/video-a-declaracao-de-yuri-alberto-sobre-o-gol-marcado-contra-o-palmeiras\/#primaryimage\"},\"image\":{\"@id\":\"https:\/\/www.gaveanews.com\/index.php\/2025\/03\/18\/video-a-declaracao-de-yuri-alberto-sobre-o-gol-marcado-contra-o-palmeiras\/#primaryimage\"},\"thumbnailUrl\":\"https:\/\/www.gaveanews.com\/wp-content\/uploads\/Yuri-Alberto-em-acao-pelo-Corinthians.webp\",\"datePublished\":\"2025-03-18T15:55:00+00:00\",\"author\":{\"@id\":\"https:\/\/www.gaveanews.com\/#\/schema\/person\/0eb3e3fe1754f0205218538adbe8f5ed\"},\"breadcrumb\":{\"@id\":\"https:\/\/www.gaveanews.com\/index.php\/2025\/03\/18\/video-a-declaracao-de-yuri-alberto-sobre-o-gol-marcado-contra-o-palmeiras\/#breadcrumb\"},\"inLanguage\":\"pt-BR\",\"potentialAction\":[{\"@type\":\"ReadAction\",\"target\":[\"https:\/\/www.gaveanews.com\/index.php\/2025\/03\/18\/video-a-declaracao-de-yuri-alberto-sobre-o-gol-marcado-contra-o-palmeiras\/\"]}]},{\"@type\":\"ImageObject\",\"inLanguage\":\"pt-BR\",\"@id\":\"https:\/\/www.gaveanews.com\/index.php\/2025\/03\/18\/video-a-declaracao-de-yuri-alberto-sobre-o-gol-marcado-contra-o-palmeiras\/#primaryimage\",\"url\":\"https:\/\/www.gaveanews.com\/wp-content\/uploads\/Yuri-Alberto-em-acao-pelo-Corinthians.webp\",\"contentUrl\":\"https:\/\/www.gaveanews.com\/wp-content\/uploads\/Yuri-Alberto-em-acao-pelo-Corinthians.webp\",\"width\":941,\"height\":604,\"caption\":\"Yuri Alberto em a\u00e7\u00e3o pelo Corinthians (Foto: Rodrigo Coca\/Ag\u00eancia Corinthians)\"},{\"@type\":\"BreadcrumbList\",\"@id\":\"https:\/\/www.gaveanews.com\/index.php\/2025\/03\/18\/video-a-declaracao-de-yuri-alberto-sobre-o-gol-marcado-contra-o-palmeiras\/#breadcrumb\",\"itemListElement\":[{\"@type\":\"ListItem\",\"position\":1,\"name\":\"Home\",\"item\":\"https:\/\/www.gaveanews.com\/\"},{\"@type\":\"ListItem\",\"position\":2,\"name\":\"V\u00eddeo: a declara\u00e7\u00e3o de Yuri Alberto sobre o gol marcado contra o Palmeiras\"}]},{\"@type\":\"WebSite\",\"@id\":\"https:\/\/www.gaveanews.com\/#website\",\"url\":\"https:\/\/www.gaveanews.com\/\",\"name\":\"G\u00e1vea News\",\"description\":\"Veja todas as not\u00edcias sobre o Flamengo: Contrata\u00e7\u00f5es, categorias de base, resultados das partidas, tabela de classifica\u00e7\u00e3o, pr\u00f3ximos jogos!\",\"potentialAction\":[{\"@type\":\"SearchAction\",\"target\":{\"@type\":\"EntryPoint\",\"urlTemplate\":\"https:\/\/www.gaveanews.com\/?s={search_term_string}\"},\"query-input\":{\"@type\":\"PropertyValueSpecification\",\"valueRequired\":true,\"valueName\":\"search_term_string\"}}],\"inLanguage\":\"pt-BR\"},{\"@type\":\"Person\",\"@id\":\"https:\/\/www.gaveanews.com\/#\/schema\/person\/0eb3e3fe1754f0205218538adbe8f5ed\",\"name\":\"Rafaela Ladeira\",\"image\":{\"@type\":\"ImageObject\",\"inLanguage\":\"pt-BR\",\"@id\":\"https:\/\/www.gaveanews.com\/#\/schema\/person\/image\/\",\"url\":\"https:\/\/secure.gravatar.com\/avatar\/c31f513acffd85eacab5730cbdfdbbf59f21ba5aeada8cd890acea879fbb2455?s=96&d=mm&r=g\",\"contentUrl\":\"https:\/\/secure.gravatar.com\/avatar\/c31f513acffd85eacab5730cbdfdbbf59f21ba5aeada8cd890acea879fbb2455?s=96&d=mm&r=g\",\"caption\":\"Rafaela Ladeira\"}}]}<\/script>\n<!-- \/ Yoast SEO Premium plugin. -->","yoast_head_json":{"title":"V\u00eddeo: a declara\u00e7\u00e3o de Yuri Alberto sobre o gol marcado contra o Palmeiras","robots":{"index":"index","follow":"follow","max-snippet":"max-snippet:-1","max-image-preview":"max-image-preview:large","max-video-preview":"max-video-preview:-1"},"canonical":"https:\/\/www.gaveanews.com\/index.php\/2025\/03\/18\/video-a-declaracao-de-yuri-alberto-sobre-o-gol-marcado-contra-o-palmeiras\/","og_locale":"pt_BR","og_type":"article","og_title":"V\u00eddeo: a declara\u00e7\u00e3o de Yuri Alberto sobre o gol marcado contra o Palmeiras","og_description":"Yuri Alberto, o her\u00f3i do Corinthians na vit\u00f3ria sobre o Palmeiras, falou sobre a import\u00e2ncia do gol marcado e o desempenho da equipe no jogo de ida da final do Campeonato Paulista.&nbsp; Com o Tim\u00e3o vencendo por 1 a 0, o atacante exalou confian\u00e7a e falou sobre o jogo dif\u00edcil no Allianz Parque. Vit\u00f3ria importante [&hellip;]","og_url":"https:\/\/www.gaveanews.com\/index.php\/2025\/03\/18\/video-a-declaracao-de-yuri-alberto-sobre-o-gol-marcado-contra-o-palmeiras\/","og_site_name":"G\u00e1vea News","article_publisher":"https:\/\/facebook.com\/gaveaNews\/","article_published_time":"2025-03-18T15:55:00+00:00","og_image":[{"width":941,"height":604,"url":"https:\/\/www.gaveanews.com\/wp-content\/uploads\/Yuri-Alberto-em-acao-pelo-Corinthians.webp","type":"image\/jpeg"}],"author":"Rafaela Ladeira","twitter_card":"summary_large_image","twitter_misc":{"Escrito por":"Rafaela Ladeira","Est. tempo de leitura":"3 minutos"},"schema":{"@context":"https:\/\/schema.org","@graph":[{"@type":"NewsArticle","@id":"https:\/\/www.gaveanews.com\/index.php\/2025\/03\/18\/video-a-declaracao-de-yuri-alberto-sobre-o-gol-marcado-contra-o-palmeiras\/#article","isPartOf":{"@id":"https:\/\/www.gaveanews.com\/index.php\/2025\/03\/18\/video-a-declaracao-de-yuri-alberto-sobre-o-gol-marcado-contra-o-palmeiras\/"},"author":{"name":"Rafaela Ladeira","@id":"https:\/\/www.gaveanews.com\/#\/schema\/person\/0eb3e3fe1754f0205218538adbe8f5ed"},"headline":"V\u00eddeo: a declara\u00e7\u00e3o de Yuri Alberto sobre o gol marcado contra o Palmeiras","datePublished":"2025-03-18T15:55:00+00:00","mainEntityOfPage":{"@id":"https:\/\/www.gaveanews.com\/index.php\/2025\/03\/18\/video-a-declaracao-de-yuri-alberto-sobre-o-gol-marcado-contra-o-palmeiras\/"},"wordCount":422,"commentCount":0,"image":{"@id":"https:\/\/www.gaveanews.com\/index.php\/2025\/03\/18\/video-a-declaracao-de-yuri-alberto-sobre-o-gol-marcado-contra-o-palmeiras\/#primaryimage"},"thumbnailUrl":"https:\/\/www.gaveanews.com\/wp-content\/uploads\/Yuri-Alberto-em-acao-pelo-Corinthians.webp","articleSection":["Corinthians"],"inLanguage":"pt-BR","potentialAction":[{"@type":"CommentAction","name":"Comment","target":["https:\/\/www.gaveanews.com\/index.php\/2025\/03\/18\/video-a-declaracao-de-yuri-alberto-sobre-o-gol-marcado-contra-o-palmeiras\/#respond"]}],"copyrightYear":"2025","copyrightHolder":{"@id":"https:\/\/www.gaveanews.com\/#organization"}},{"@type":"WebPage","@id":"https:\/\/www.gaveanews.com\/index.php\/2025\/03\/18\/video-a-declaracao-de-yuri-alberto-sobre-o-gol-marcado-contra-o-palmeiras\/","url":"https:\/\/www.gaveanews.com\/index.php\/2025\/03\/18\/video-a-declaracao-de-yuri-alberto-sobre-o-gol-marcado-contra-o-palmeiras\/","name":"V\u00eddeo: a declara\u00e7\u00e3o de Yuri Alberto sobre o gol marcado contra o Palmeiras","isPartOf":{"@id":"https:\/\/www.gaveanews.com\/#website"},"primaryImageOfPage":{"@id":"https:\/\/www.gaveanews.com\/index.php\/2025\/03\/18\/video-a-declaracao-de-yuri-alberto-sobre-o-gol-marcado-contra-o-palmeiras\/#primaryimage"},"image":{"@id":"https:\/\/www.gaveanews.com\/index.php\/2025\/03\/18\/video-a-declaracao-de-yuri-alberto-sobre-o-gol-marcado-contra-o-palmeiras\/#primaryimage"},"thumbnailUrl":"https:\/\/www.gaveanews.com\/wp-content\/uploads\/Yuri-Alberto-em-acao-pelo-Corinthians.webp","datePublished":"2025-03-18T15:55:00+00:00","author":{"@id":"https:\/\/www.gaveanews.com\/#\/schema\/person\/0eb3e3fe1754f0205218538adbe8f5ed"},"breadcrumb":{"@id":"https:\/\/www.gaveanews.com\/index.php\/2025\/03\/18\/video-a-declaracao-de-yuri-alberto-sobre-o-gol-marcado-contra-o-palmeiras\/#breadcrumb"},"inLanguage":"pt-BR","potentialAction":[{"@type":"ReadAction","target":["https:\/\/www.gaveanews.com\/index.php\/2025\/03\/18\/video-a-declaracao-de-yuri-alberto-sobre-o-gol-marcado-contra-o-palmeiras\/"]}]},{"@type":"ImageObject","inLanguage":"pt-BR","@id":"https:\/\/www.gaveanews.com\/index.php\/2025\/03\/18\/video-a-declaracao-de-yuri-alberto-sobre-o-gol-marcado-contra-o-palmeiras\/#primaryimage","url":"https:\/\/www.gaveanews.com\/wp-content\/uploads\/Yuri-Alberto-em-acao-pelo-Corinthians.webp","contentUrl":"https:\/\/www.gaveanews.com\/wp-content\/uploads\/Yuri-Alberto-em-acao-pelo-Corinthians.webp","width":941,"height":604,"caption":"Yuri Alberto em a\u00e7\u00e3o pelo Corinthians (Foto: Rodrigo Coca\/Ag\u00eancia Corinthians)"},{"@type":"BreadcrumbList","@id":"https:\/\/www.gaveanews.com\/index.php\/2025\/03\/18\/video-a-declaracao-de-yuri-alberto-sobre-o-gol-marcado-contra-o-palmeiras\/#breadcrumb","itemListElement":[{"@type":"ListItem","position":1,"name":"Home","item":"https:\/\/www.gaveanews.com\/"},{"@type":"ListItem","position":2,"name":"V\u00eddeo: a declara\u00e7\u00e3o de Yuri Alberto sobre o gol marcado contra o Palmeiras"}]},{"@type":"WebSite","@id":"https:\/\/www.gaveanews.com\/#website","url":"https:\/\/www.gaveanews.com\/","name":"G\u00e1vea News","description":"Veja todas as not\u00edcias sobre o Flamengo: Contrata\u00e7\u00f5es, categorias de base, resultados das partidas, tabela de classifica\u00e7\u00e3o, pr\u00f3ximos jogos!","potentialAction":[{"@type":"SearchAction","target":{"@type":"EntryPoint","urlTemplate":"https:\/\/www.gaveanews.com\/?s={search_term_string}"},"query-input":{"@type":"PropertyValueSpecification","valueRequired":true,"valueName":"search_term_string"}}],"inLanguage":"pt-BR"},{"@type":"Person","@id":"https:\/\/www.gaveanews.com\/#\/schema\/person\/0eb3e3fe1754f0205218538adbe8f5ed","name":"Rafaela Ladeira","image":{"@type":"ImageObject","inLanguage":"pt-BR","@id":"https:\/\/www.gaveanews.com\/#\/schema\/person\/image\/","url":"https:\/\/secure.gravatar.com\/avatar\/c31f513acffd85eacab5730cbdfdbbf59f21ba5aeada8cd890acea879fbb2455?s=96&d=mm&r=g","contentUrl":"https:\/\/secure.gravatar.com\/avatar\/c31f513acffd85eacab5730cbdfdbbf59f21ba5aeada8cd890acea879fbb2455?s=96&d=mm&r=g","caption":"Rafaela Ladeira"}}]}},"_links":{"self":[{"href":"https:\/\/www.gaveanews.com\/index.php\/wp-json\/wp\/v2\/posts\/241398","targetHints":{"allow":["GET"]}}],"collection":[{"href":"https:\/\/www.gaveanews.com\/index.php\/wp-json\/wp\/v2\/posts"}],"about":[{"href":"https:\/\/www.gaveanews.com\/index.php\/wp-json\/wp\/v2\/types\/post"}],"author":[{"embeddable":true,"href":"https:\/\/www.gaveanews.com\/index.php\/wp-json\/wp\/v2\/users\/25"}],"replies":[{"embeddable":true,"href":"https:\/\/www.gaveanews.com\/index.php\/wp-json\/wp\/v2\/comments?post=241398"}],"version-history":[{"count":1,"href":"https:\/\/www.gaveanews.com\/index.php\/wp-json\/wp\/v2\/posts\/241398\/revisions"}],"predecessor-version":[{"id":241399,"href":"https:\/\/www.gaveanews.com\/index.php\/wp-json\/wp\/v2\/posts\/241398\/revisions\/241399"}],"wp:featuredmedia":[{"embeddable":true,"href":"https:\/\/www.gaveanews.com\/index.php\/wp-json\/wp\/v2\/media\/171334"}],"wp:attachment":[{"href":"https:\/\/www.gaveanews.com\/index.php\/wp-json\/wp\/v2\/media?parent=241398"}],"wp:term":[{"taxonomy":"category","embeddable":true,"href":"https:\/\/www.gaveanews.com\/index.php\/wp-json\/wp\/v2\/categories?post=241398"},{"taxonomy":"post_tag","embeddable":true,"href":"https:\/\/www.gaveanews.com\/index.php\/wp-json\/wp\/v2\/tags?post=241398"}],"curies":[{"name":"wp","href":"https:\/\/api.w.org\/{rel}","templated":true}]}}