{"id":241400,"date":"2025-03-18T14:19:02","date_gmt":"2025-03-18T17:19:02","guid":{"rendered":"https:\/\/www.gaveanews.com\/?p=241400"},"modified":"2025-03-18T14:19:04","modified_gmt":"2025-03-18T17:19:04","slug":"video-leila-pereira-provoca-o-time-do-corinthians","status":"publish","type":"post","link":"https:\/\/www.gaveanews.com\/index.php\/2025\/03\/18\/video-leila-pereira-provoca-o-time-do-corinthians\/","title":{"rendered":"V\u00eddeo: Leila Pereira provoca o time do Corinthians"},"content":{"rendered":"\n<p>Leila Pereira aproveitou o clima de rivalidade antes da primeira partida do D\u00e9rbi da final do Campeonato Paulista para provocar o Corinthians. A presidente do Palmeiras ironizou o movimento que critica a qualidade da grama sint\u00e9tica do Allianz Parque e chamou de \u201cmimimi\u201d dos jogadores.<\/p>\n\n\n\n<p>\u201c\u00c9 muito mimimi. Os atletas t\u00eam que pensar em jogar bola. Tem alguns atletas daquele manifesto que n\u00e3o est\u00e3o jogando nem no sint\u00e9tico e nem no natural\u201d, declarou.<\/p>\n\n\n\n<blockquote class=\"twitter-tweet\" data-media-max-width=\"560\"><p lang=\"pt\" dir=\"ltr\">Leila Pereira, presidente do Palmeiras, sobre os jogadores que participaram do manifesto contra o gramado sint\u00e9tico no futebol Brasileiro.<br><br>&quot;Tem alguns atletas daqueles manifesto que n\u00e3o t\u00e3o jogando nem no sint\u00e9tico e nem no natural.&quot;<br><br>\ud83d\udcfd\ufe0f: <a href=\"https:\/\/twitter.com\/TNTSportsBR?ref_src=twsrc%5Etfw\">@TNTSportsBR<\/a> <a href=\"https:\/\/t.co\/ngbz4XUfp1\">pic.twitter.com\/ngbz4XUfp1<\/a><\/p>&mdash; LIBERTA DEPRE (@liberta___depre) <a href=\"https:\/\/twitter.com\/liberta___depre\/status\/1901384655867097541?ref_src=twsrc%5Etfw\">March 16, 2025<\/a><\/blockquote> <script async src=\"https:\/\/platform.twitter.com\/widgets.js\" charset=\"utf-8\"><\/script>\n\n\n\n<p>Em fevereiro, v\u00e1rios jogadores do futebol brasileiro utilizaram as redes sociais para apoiar a campanha que pedia o fim da grama artificial nos est\u00e1dios do Brasil.&nbsp; Os atletas repostaram um texto no qual diziam que a solu\u00e7\u00e3o \u201cpara um gramado ruim \u00e9 fazer um gramado bom\u201d.&nbsp;&nbsp;<\/p>\n\n\n\n<p>\u201cPreocupante ver o rumo que o futebol brasileiro est\u00e1 tomando. \u00c9 um absurdo a gente ter que discutir gramado sint\u00e9tico em nossos campos. Objetivamente, com tamanho e representatividade que tem o nosso futebol, isso n\u00e3o deveria nem ser uma op\u00e7\u00e3o. A solu\u00e7\u00e3o para um gramado ruim \u00e9 fazer um gramado bom, simples assim. Nas ligas mais respeitadas do mundo, os jogadores s\u00e3o ouvidos e investimentos s\u00e3o feitos para assegurar a qualidade do gramado nos est\u00e1dios. Trata-se de oferecer qualidade para quem joga e assiste. Se o Brasil deseja definitivamente estar inserido como protagonista no mercado do futebol mundial, a primeira medida deveria ser exigir qualidade do piso que os atletas jogam e treinam\u201d, dizia a publica\u00e7\u00e3o.<\/p>\n\n\n\n<p>No Corinthians, Memphis Depay encabe\u00e7ou o posicionamento e depois foi seguido por Andr\u00e9 Carrillo, Yuri Alberto, Matheuzinho, Rodrigo Garro, Jos\u00e9 Mart\u00ednez, Maycon e Hugo Souza.<\/p>\n\n\n\n<p>Embora Leila Pereira tenha provocado os atletas corintianos, o Palmeiras perdeu o primeiro confronto da decis\u00e3o do Campeonato Paulista. Com gol de Yuri Alberto, o Corinthians venceu por 1 a 0, no est\u00e1dio Allianz Parque, no domingo (16\/3). O Tim\u00e3o leva a vantagem do empate para a segunda partida, que ser\u00e1 decidida na Neo Qu\u00edmica Arena, na quinta-feira (27\/3).<\/p>\n","protected":false},"excerpt":{"rendered":"<p>Leila Pereira aproveitou o clima de rivalidade antes da primeira partida do D\u00e9rbi da final do Campeonato Paulista para provocar o Corinthians. A presidente do Palmeiras ironizou o movimento que critica a qualidade da grama sint\u00e9tica do Allianz Parque e chamou de \u201cmimimi\u201d dos jogadores. \u201c\u00c9 muito mimimi. Os atletas t\u00eam que pensar em jogar [&hellip;]<\/p>\n","protected":false},"author":29,"featured_media":142474,"comment_status":"open","ping_status":"closed","sticky":false,"template":"","format":"standard","meta":{"footnotes":""},"categories":[141,150],"tags":[],"class_list":["post-241400","post","type-post","status-publish","format-standard","has-post-thumbnail","hentry","category-corinthians","category-palmeiras"],"yoast_head":"<!-- This site is optimized with the Yoast SEO Premium plugin v24.2 (Yoast SEO v26.9) - https:\/\/yoast.com\/product\/yoast-seo-premium-wordpress\/ -->\n<title>V\u00eddeo: Leila Pereira provoca o time do Corinthians<\/title>\n<meta name=\"robots\" content=\"index, follow, max-snippet:-1, max-image-preview:large, max-video-preview:-1\" \/>\n<link rel=\"canonical\" href=\"https:\/\/www.gaveanews.com\/index.php\/2025\/03\/18\/video-leila-pereira-provoca-o-time-do-corinthians\/\" \/>\n<meta property=\"og:locale\" content=\"pt_BR\" \/>\n<meta property=\"og:type\" content=\"article\" \/>\n<meta property=\"og:title\" content=\"V\u00eddeo: Leila Pereira provoca o time do Corinthians\" \/>\n<meta property=\"og:description\" content=\"Leila Pereira aproveitou o clima de rivalidade antes da primeira partida do D\u00e9rbi da final do Campeonato Paulista para provocar o Corinthians. A presidente do Palmeiras ironizou o movimento que critica a qualidade da grama sint\u00e9tica do Allianz Parque e chamou de \u201cmimimi\u201d dos jogadores. \u201c\u00c9 muito mimimi. Os atletas t\u00eam que pensar em jogar [&hellip;]\" \/>\n<meta property=\"og:url\" content=\"https:\/\/www.gaveanews.com\/index.php\/2025\/03\/18\/video-leila-pereira-provoca-o-time-do-corinthians\/\" \/>\n<meta property=\"og:site_name\" content=\"G\u00e1vea News\" \/>\n<meta property=\"article:publisher\" content=\"https:\/\/facebook.com\/gaveaNews\/\" \/>\n<meta property=\"article:published_time\" content=\"2025-03-18T17:19:02+00:00\" \/>\n<meta property=\"article:modified_time\" content=\"2025-03-18T17:19:04+00:00\" \/>\n<meta property=\"og:image\" content=\"http:\/\/www.gaveanews.com\/wp-content\/uploads\/A-presidente-Leila-Pereira-da-SE-Palmeiras-durante-coletiva-de-imprensa-na-Academia-de-Futebol-2-696x385-1.webp\" \/>\n\t<meta property=\"og:image:width\" content=\"696\" \/>\n\t<meta property=\"og:image:height\" content=\"385\" \/>\n\t<meta property=\"og:image:type\" content=\"image\/webp\" \/>\n<meta name=\"author\" content=\"Marco Menezes\" \/>\n<meta name=\"twitter:card\" content=\"summary_large_image\" \/>\n<meta name=\"twitter:label1\" content=\"Escrito por\" \/>\n\t<meta name=\"twitter:data1\" content=\"Marco Menezes\" \/>\n\t<meta name=\"twitter:label2\" content=\"Est. tempo de leitura\" \/>\n\t<meta name=\"twitter:data2\" content=\"2 minutos\" \/>\n<script type=\"application\/ld+json\" class=\"yoast-schema-graph\">{\"@context\":\"https:\/\/schema.org\",\"@graph\":[{\"@type\":\"NewsArticle\",\"@id\":\"https:\/\/www.gaveanews.com\/index.php\/2025\/03\/18\/video-leila-pereira-provoca-o-time-do-corinthians\/#article\",\"isPartOf\":{\"@id\":\"https:\/\/www.gaveanews.com\/index.php\/2025\/03\/18\/video-leila-pereira-provoca-o-time-do-corinthians\/\"},\"author\":{\"name\":\"Marco Menezes\",\"@id\":\"https:\/\/www.gaveanews.com\/#\/schema\/person\/a9f62fe75380c6bada1b2fc49bc23d69\"},\"headline\":\"V\u00eddeo: Leila Pereira provoca o time do Corinthians\",\"datePublished\":\"2025-03-18T17:19:02+00:00\",\"dateModified\":\"2025-03-18T17:19:04+00:00\",\"mainEntityOfPage\":{\"@id\":\"https:\/\/www.gaveanews.com\/index.php\/2025\/03\/18\/video-leila-pereira-provoca-o-time-do-corinthians\/\"},\"wordCount\":399,\"commentCount\":0,\"image\":{\"@id\":\"https:\/\/www.gaveanews.com\/index.php\/2025\/03\/18\/video-leila-pereira-provoca-o-time-do-corinthians\/#primaryimage\"},\"thumbnailUrl\":\"https:\/\/www.gaveanews.com\/wp-content\/uploads\/A-presidente-Leila-Pereira-da-SE-Palmeiras-durante-coletiva-de-imprensa-na-Academia-de-Futebol-2-696x385-1.webp\",\"articleSection\":[\"Corinthians\",\"Palmeiras\"],\"inLanguage\":\"pt-BR\",\"potentialAction\":[{\"@type\":\"CommentAction\",\"name\":\"Comment\",\"target\":[\"https:\/\/www.gaveanews.com\/index.php\/2025\/03\/18\/video-leila-pereira-provoca-o-time-do-corinthians\/#respond\"]}],\"copyrightYear\":\"2025\",\"copyrightHolder\":{\"@id\":\"https:\/\/www.gaveanews.com\/#organization\"}},{\"@type\":\"WebPage\",\"@id\":\"https:\/\/www.gaveanews.com\/index.php\/2025\/03\/18\/video-leila-pereira-provoca-o-time-do-corinthians\/\",\"url\":\"https:\/\/www.gaveanews.com\/index.php\/2025\/03\/18\/video-leila-pereira-provoca-o-time-do-corinthians\/\",\"name\":\"V\u00eddeo: Leila Pereira provoca o time do Corinthians\",\"isPartOf\":{\"@id\":\"https:\/\/www.gaveanews.com\/#website\"},\"primaryImageOfPage\":{\"@id\":\"https:\/\/www.gaveanews.com\/index.php\/2025\/03\/18\/video-leila-pereira-provoca-o-time-do-corinthians\/#primaryimage\"},\"image\":{\"@id\":\"https:\/\/www.gaveanews.com\/index.php\/2025\/03\/18\/video-leila-pereira-provoca-o-time-do-corinthians\/#primaryimage\"},\"thumbnailUrl\":\"https:\/\/www.gaveanews.com\/wp-content\/uploads\/A-presidente-Leila-Pereira-da-SE-Palmeiras-durante-coletiva-de-imprensa-na-Academia-de-Futebol-2-696x385-1.webp\",\"datePublished\":\"2025-03-18T17:19:02+00:00\",\"dateModified\":\"2025-03-18T17:19:04+00:00\",\"author\":{\"@id\":\"https:\/\/www.gaveanews.com\/#\/schema\/person\/a9f62fe75380c6bada1b2fc49bc23d69\"},\"breadcrumb\":{\"@id\":\"https:\/\/www.gaveanews.com\/index.php\/2025\/03\/18\/video-leila-pereira-provoca-o-time-do-corinthians\/#breadcrumb\"},\"inLanguage\":\"pt-BR\",\"potentialAction\":[{\"@type\":\"ReadAction\",\"target\":[\"https:\/\/www.gaveanews.com\/index.php\/2025\/03\/18\/video-leila-pereira-provoca-o-time-do-corinthians\/\"]}]},{\"@type\":\"ImageObject\",\"inLanguage\":\"pt-BR\",\"@id\":\"https:\/\/www.gaveanews.com\/index.php\/2025\/03\/18\/video-leila-pereira-provoca-o-time-do-corinthians\/#primaryimage\",\"url\":\"https:\/\/www.gaveanews.com\/wp-content\/uploads\/A-presidente-Leila-Pereira-da-SE-Palmeiras-durante-coletiva-de-imprensa-na-Academia-de-Futebol-2-696x385-1.webp\",\"contentUrl\":\"https:\/\/www.gaveanews.com\/wp-content\/uploads\/A-presidente-Leila-Pereira-da-SE-Palmeiras-durante-coletiva-de-imprensa-na-Academia-de-Futebol-2-696x385-1.webp\",\"width\":696,\"height\":385,\"caption\":\"Leila Pereira em coletiva - Foto: Cesar Greco\/Palmeiras\"},{\"@type\":\"BreadcrumbList\",\"@id\":\"https:\/\/www.gaveanews.com\/index.php\/2025\/03\/18\/video-leila-pereira-provoca-o-time-do-corinthians\/#breadcrumb\",\"itemListElement\":[{\"@type\":\"ListItem\",\"position\":1,\"name\":\"Home\",\"item\":\"https:\/\/www.gaveanews.com\/\"},{\"@type\":\"ListItem\",\"position\":2,\"name\":\"V\u00eddeo: Leila Pereira provoca o time do Corinthians\"}]},{\"@type\":\"WebSite\",\"@id\":\"https:\/\/www.gaveanews.com\/#website\",\"url\":\"https:\/\/www.gaveanews.com\/\",\"name\":\"G\u00e1vea News\",\"description\":\"Veja todas as not\u00edcias sobre o Flamengo: Contrata\u00e7\u00f5es, categorias de base, resultados das partidas, tabela de classifica\u00e7\u00e3o, pr\u00f3ximos jogos!\",\"potentialAction\":[{\"@type\":\"SearchAction\",\"target\":{\"@type\":\"EntryPoint\",\"urlTemplate\":\"https:\/\/www.gaveanews.com\/?s={search_term_string}\"},\"query-input\":{\"@type\":\"PropertyValueSpecification\",\"valueRequired\":true,\"valueName\":\"search_term_string\"}}],\"inLanguage\":\"pt-BR\"},{\"@type\":\"Person\",\"@id\":\"https:\/\/www.gaveanews.com\/#\/schema\/person\/a9f62fe75380c6bada1b2fc49bc23d69\",\"name\":\"Marco Menezes\",\"image\":{\"@type\":\"ImageObject\",\"inLanguage\":\"pt-BR\",\"@id\":\"https:\/\/www.gaveanews.com\/#\/schema\/person\/image\/\",\"url\":\"https:\/\/secure.gravatar.com\/avatar\/a1d148ae17fc8bfc5dbccffd07979e8bd2c9ba494221779de86ec2c7907b71ec?s=96&d=mm&r=g\",\"contentUrl\":\"https:\/\/secure.gravatar.com\/avatar\/a1d148ae17fc8bfc5dbccffd07979e8bd2c9ba494221779de86ec2c7907b71ec?s=96&d=mm&r=g\",\"caption\":\"Marco Menezes\"}}]}<\/script>\n<!-- \/ Yoast SEO Premium plugin. -->","yoast_head_json":{"title":"V\u00eddeo: Leila Pereira provoca o time do Corinthians","robots":{"index":"index","follow":"follow","max-snippet":"max-snippet:-1","max-image-preview":"max-image-preview:large","max-video-preview":"max-video-preview:-1"},"canonical":"https:\/\/www.gaveanews.com\/index.php\/2025\/03\/18\/video-leila-pereira-provoca-o-time-do-corinthians\/","og_locale":"pt_BR","og_type":"article","og_title":"V\u00eddeo: Leila Pereira provoca o time do Corinthians","og_description":"Leila Pereira aproveitou o clima de rivalidade antes da primeira partida do D\u00e9rbi da final do Campeonato Paulista para provocar o Corinthians. A presidente do Palmeiras ironizou o movimento que critica a qualidade da grama sint\u00e9tica do Allianz Parque e chamou de \u201cmimimi\u201d dos jogadores. \u201c\u00c9 muito mimimi. Os atletas t\u00eam que pensar em jogar [&hellip;]","og_url":"https:\/\/www.gaveanews.com\/index.php\/2025\/03\/18\/video-leila-pereira-provoca-o-time-do-corinthians\/","og_site_name":"G\u00e1vea News","article_publisher":"https:\/\/facebook.com\/gaveaNews\/","article_published_time":"2025-03-18T17:19:02+00:00","article_modified_time":"2025-03-18T17:19:04+00:00","og_image":[{"width":696,"height":385,"url":"http:\/\/www.gaveanews.com\/wp-content\/uploads\/A-presidente-Leila-Pereira-da-SE-Palmeiras-durante-coletiva-de-imprensa-na-Academia-de-Futebol-2-696x385-1.webp","type":"image\/webp"}],"author":"Marco Menezes","twitter_card":"summary_large_image","twitter_misc":{"Escrito por":"Marco Menezes","Est. tempo de leitura":"2 minutos"},"schema":{"@context":"https:\/\/schema.org","@graph":[{"@type":"NewsArticle","@id":"https:\/\/www.gaveanews.com\/index.php\/2025\/03\/18\/video-leila-pereira-provoca-o-time-do-corinthians\/#article","isPartOf":{"@id":"https:\/\/www.gaveanews.com\/index.php\/2025\/03\/18\/video-leila-pereira-provoca-o-time-do-corinthians\/"},"author":{"name":"Marco Menezes","@id":"https:\/\/www.gaveanews.com\/#\/schema\/person\/a9f62fe75380c6bada1b2fc49bc23d69"},"headline":"V\u00eddeo: Leila Pereira provoca o time do Corinthians","datePublished":"2025-03-18T17:19:02+00:00","dateModified":"2025-03-18T17:19:04+00:00","mainEntityOfPage":{"@id":"https:\/\/www.gaveanews.com\/index.php\/2025\/03\/18\/video-leila-pereira-provoca-o-time-do-corinthians\/"},"wordCount":399,"commentCount":0,"image":{"@id":"https:\/\/www.gaveanews.com\/index.php\/2025\/03\/18\/video-leila-pereira-provoca-o-time-do-corinthians\/#primaryimage"},"thumbnailUrl":"https:\/\/www.gaveanews.com\/wp-content\/uploads\/A-presidente-Leila-Pereira-da-SE-Palmeiras-durante-coletiva-de-imprensa-na-Academia-de-Futebol-2-696x385-1.webp","articleSection":["Corinthians","Palmeiras"],"inLanguage":"pt-BR","potentialAction":[{"@type":"CommentAction","name":"Comment","target":["https:\/\/www.gaveanews.com\/index.php\/2025\/03\/18\/video-leila-pereira-provoca-o-time-do-corinthians\/#respond"]}],"copyrightYear":"2025","copyrightHolder":{"@id":"https:\/\/www.gaveanews.com\/#organization"}},{"@type":"WebPage","@id":"https:\/\/www.gaveanews.com\/index.php\/2025\/03\/18\/video-leila-pereira-provoca-o-time-do-corinthians\/","url":"https:\/\/www.gaveanews.com\/index.php\/2025\/03\/18\/video-leila-pereira-provoca-o-time-do-corinthians\/","name":"V\u00eddeo: Leila Pereira provoca o time do Corinthians","isPartOf":{"@id":"https:\/\/www.gaveanews.com\/#website"},"primaryImageOfPage":{"@id":"https:\/\/www.gaveanews.com\/index.php\/2025\/03\/18\/video-leila-pereira-provoca-o-time-do-corinthians\/#primaryimage"},"image":{"@id":"https:\/\/www.gaveanews.com\/index.php\/2025\/03\/18\/video-leila-pereira-provoca-o-time-do-corinthians\/#primaryimage"},"thumbnailUrl":"https:\/\/www.gaveanews.com\/wp-content\/uploads\/A-presidente-Leila-Pereira-da-SE-Palmeiras-durante-coletiva-de-imprensa-na-Academia-de-Futebol-2-696x385-1.webp","datePublished":"2025-03-18T17:19:02+00:00","dateModified":"2025-03-18T17:19:04+00:00","author":{"@id":"https:\/\/www.gaveanews.com\/#\/schema\/person\/a9f62fe75380c6bada1b2fc49bc23d69"},"breadcrumb":{"@id":"https:\/\/www.gaveanews.com\/index.php\/2025\/03\/18\/video-leila-pereira-provoca-o-time-do-corinthians\/#breadcrumb"},"inLanguage":"pt-BR","potentialAction":[{"@type":"ReadAction","target":["https:\/\/www.gaveanews.com\/index.php\/2025\/03\/18\/video-leila-pereira-provoca-o-time-do-corinthians\/"]}]},{"@type":"ImageObject","inLanguage":"pt-BR","@id":"https:\/\/www.gaveanews.com\/index.php\/2025\/03\/18\/video-leila-pereira-provoca-o-time-do-corinthians\/#primaryimage","url":"https:\/\/www.gaveanews.com\/wp-content\/uploads\/A-presidente-Leila-Pereira-da-SE-Palmeiras-durante-coletiva-de-imprensa-na-Academia-de-Futebol-2-696x385-1.webp","contentUrl":"https:\/\/www.gaveanews.com\/wp-content\/uploads\/A-presidente-Leila-Pereira-da-SE-Palmeiras-durante-coletiva-de-imprensa-na-Academia-de-Futebol-2-696x385-1.webp","width":696,"height":385,"caption":"Leila Pereira em coletiva - Foto: Cesar Greco\/Palmeiras"},{"@type":"BreadcrumbList","@id":"https:\/\/www.gaveanews.com\/index.php\/2025\/03\/18\/video-leila-pereira-provoca-o-time-do-corinthians\/#breadcrumb","itemListElement":[{"@type":"ListItem","position":1,"name":"Home","item":"https:\/\/www.gaveanews.com\/"},{"@type":"ListItem","position":2,"name":"V\u00eddeo: Leila Pereira provoca o time do Corinthians"}]},{"@type":"WebSite","@id":"https:\/\/www.gaveanews.com\/#website","url":"https:\/\/www.gaveanews.com\/","name":"G\u00e1vea News","description":"Veja todas as not\u00edcias sobre o Flamengo: Contrata\u00e7\u00f5es, categorias de base, resultados das partidas, tabela de classifica\u00e7\u00e3o, pr\u00f3ximos jogos!","potentialAction":[{"@type":"SearchAction","target":{"@type":"EntryPoint","urlTemplate":"https:\/\/www.gaveanews.com\/?s={search_term_string}"},"query-input":{"@type":"PropertyValueSpecification","valueRequired":true,"valueName":"search_term_string"}}],"inLanguage":"pt-BR"},{"@type":"Person","@id":"https:\/\/www.gaveanews.com\/#\/schema\/person\/a9f62fe75380c6bada1b2fc49bc23d69","name":"Marco Menezes","image":{"@type":"ImageObject","inLanguage":"pt-BR","@id":"https:\/\/www.gaveanews.com\/#\/schema\/person\/image\/","url":"https:\/\/secure.gravatar.com\/avatar\/a1d148ae17fc8bfc5dbccffd07979e8bd2c9ba494221779de86ec2c7907b71ec?s=96&d=mm&r=g","contentUrl":"https:\/\/secure.gravatar.com\/avatar\/a1d148ae17fc8bfc5dbccffd07979e8bd2c9ba494221779de86ec2c7907b71ec?s=96&d=mm&r=g","caption":"Marco Menezes"}}]}},"_links":{"self":[{"href":"https:\/\/www.gaveanews.com\/index.php\/wp-json\/wp\/v2\/posts\/241400","targetHints":{"allow":["GET"]}}],"collection":[{"href":"https:\/\/www.gaveanews.com\/index.php\/wp-json\/wp\/v2\/posts"}],"about":[{"href":"https:\/\/www.gaveanews.com\/index.php\/wp-json\/wp\/v2\/types\/post"}],"author":[{"embeddable":true,"href":"https:\/\/www.gaveanews.com\/index.php\/wp-json\/wp\/v2\/users\/29"}],"replies":[{"embeddable":true,"href":"https:\/\/www.gaveanews.com\/index.php\/wp-json\/wp\/v2\/comments?post=241400"}],"version-history":[{"count":1,"href":"https:\/\/www.gaveanews.com\/index.php\/wp-json\/wp\/v2\/posts\/241400\/revisions"}],"predecessor-version":[{"id":241403,"href":"https:\/\/www.gaveanews.com\/index.php\/wp-json\/wp\/v2\/posts\/241400\/revisions\/241403"}],"wp:featuredmedia":[{"embeddable":true,"href":"https:\/\/www.gaveanews.com\/index.php\/wp-json\/wp\/v2\/media\/142474"}],"wp:attachment":[{"href":"https:\/\/www.gaveanews.com\/index.php\/wp-json\/wp\/v2\/media?parent=241400"}],"wp:term":[{"taxonomy":"category","embeddable":true,"href":"https:\/\/www.gaveanews.com\/index.php\/wp-json\/wp\/v2\/categories?post=241400"},{"taxonomy":"post_tag","embeddable":true,"href":"https:\/\/www.gaveanews.com\/index.php\/wp-json\/wp\/v2\/tags?post=241400"}],"curies":[{"name":"wp","href":"https:\/\/api.w.org\/{rel}","templated":true}]}}