{"id":24142,"date":"2019-08-05T13:54:36","date_gmt":"2019-08-05T16:54:36","guid":{"rendered":"http:\/\/www.gaveanews.com\/?p=24142"},"modified":"2019-08-05T13:57:44","modified_gmt":"2019-08-05T16:57:44","slug":"flamengo-diminui-percentual-dos-direitos-economicos-do-volante-colombiano-gustavo-cuellar-veja-justificativa-do-clube","status":"publish","type":"post","link":"https:\/\/www.gaveanews.com\/index.php\/2019\/08\/05\/flamengo-diminui-percentual-dos-direitos-economicos-do-volante-colombiano-gustavo-cuellar-veja-justificativa-do-clube\/","title":{"rendered":"Flamengo diminui percentual dos direitos econ\u00f4micos do volante colombiano Gustavo Cu\u00e9llar; veja justificativa do clube"},"content":{"rendered":"\n<p>Nos \u00faltimos dias, o Flamengo disponibilizou, em seu site oficial, as demonstra\u00e7\u00f5es financeiras do primeiro semestre de 2019. No meio das informa\u00e7\u00f5es, uma redu\u00e7\u00e3o nos direitos econ\u00f4micos de Gustavo Cu\u00e9llar chamou aten\u00e7\u00e3o: desde 2016, o clube informava que tinha 100% do atleta, mas, no documento divulgado recentemente, indicou um decr\u00e9scimo de 30%.<\/p>\n\n\n\n<p>A reportagem procurou o Flamengo para entender a redu\u00e7\u00e3o dos direitos econ\u00f4micos de Cu\u00e9llar no balan\u00e7o oficial. A resposta foi que o clube sempre foi detentor de 70% dos direitos do colombiano. Os 100% relatados eram interpretativos do departamento financeiro da gest\u00e3o anterior.<\/p>\n\n\n\n<p>No contrato de transfer\u00eancia, o Deportivo Cali utilizou a palavra \u201cb\u00f4nus de venda\u201d, ao contr\u00e1rio da nomenclatura \u201cdireitos econ\u00f4micos\u201d. Ainda segundo o Rubro-Negro, as diferen\u00e7as no n\u00famero s\u00e3o por conta de crit\u00e9rio cont\u00e1bil.<\/p>\n\n\n\n<div class=\"wp-block-image\"><figure class=\"aligncenter\"><img decoding=\"async\" src=\"https:\/\/i1.wp.com\/midia.43minutos.com.br\/uploads\/2019\/08\/WhatsApp-Image-2019-08-05-at-13.15.48-3.webp?w=654&amp;ssl=1\" alt=\"\"\/><figcaption>Documento divulgado pelo Flamengo aponta 70% dos diretos econ\u00f4micos de Gustavo Cu\u00e9llar (Foto: Reprodu\u00e7\u00e3o)<\/figcaption><\/figure><\/div>\n\n\n\n<p>Portanto, o Flamengo sempre teve 70% do jogador. N\u00e3o 100%, como informado durante tr\u00eas anos. Por interpreta\u00e7\u00e3o, os departamentos financeiros das gest\u00f5es de Eduardo Bandeira de Mello e de Rodolfo Landim analisaram a quest\u00e3o de forma distinta, por conta da nomenclatura de b\u00f4nus no lugar de direitos econ\u00f4micos.<\/p>\n\n\n\n<p>Com isso, caso o atleta seja vendido, 30% vai para o Deportivo Cali. N\u00e3o muda o resultado final. A gest\u00e3o anterior colocou 100%, mas se ele fosse negociado, os mesmos 30% iriam para o time colombiano. O resultado final \u00e9 o mesmo.<\/p>\n\n\n\n<h3 class=\"wp-block-heading\"><strong>Empres\u00e1rio confirma:<\/strong><\/h3>\n\n\n\n<p>Ernesto Roa, agente de Cu\u00e9llar quando o jogador foi comprado pelo Flamengo, confirmou \u00e0 reportagem que o clube carioca adquiriu 70% dos direitos econ\u00f4micos do atleta e que os demais ficaram com o Deportivo Cali, equipe a qual lan\u00e7ou o volante para o futebol. Ainda segundo o empres\u00e1rio, o Rubro-Negro desembolsou US$ 2 milh\u00f5es (cerca de R$ 8,3 milh\u00f5es, na ocasi\u00e3o) para contratar o jogador.<\/p>\n\n\n\n<p style=\"font-size:11px;text-align:right\" class=\"seguirInstagram\">(<a href=\"http:\/\/bit.ly\/Instagram-Gavea-News\">siga nosso perfil no Instagram: @GaveaNews<\/a>)<\/p>\n\n\n\n<figure class=\"wp-block-embed-instagram wp-block-embed is-type-rich is-provider-instagram\"><div class=\"wp-block-embed__wrapper\">\nhttps:\/\/www.instagram.com\/p\/ByyTA1vhqC-\/\n<\/div><\/figure>\n\n\n\n\n\n<p>Retirado de: 43 Minutos<\/p>\n","protected":false},"excerpt":{"rendered":"<p>Nos \u00faltimos dias, o Flamengo disponibilizou, em seu site oficial, as demonstra\u00e7\u00f5es financeiras do primeiro semestre de 2019. No meio das informa\u00e7\u00f5es, uma redu\u00e7\u00e3o nos direitos econ\u00f4micos de Gustavo Cu\u00e9llar chamou aten\u00e7\u00e3o: desde 2016, o clube informava que tinha 100% do atleta, mas, no documento divulgado recentemente, indicou um decr\u00e9scimo de 30%. A reportagem procurou [&hellip;]<\/p>\n","protected":false},"author":1,"featured_media":14845,"comment_status":"open","ping_status":"open","sticky":false,"template":"","format":"standard","meta":{"footnotes":""},"categories":[47],"tags":[],"class_list":["post-24142","post","type-post","status-publish","format-standard","has-post-thumbnail","hentry","category-destaques"],"yoast_head":"<!-- This site is optimized with the Yoast SEO Premium plugin v24.2 (Yoast SEO v26.9) - https:\/\/yoast.com\/product\/yoast-seo-premium-wordpress\/ -->\n<title>Flamengo diminui percentual dos direitos econ\u00f4micos do volante colombiano Gustavo Cu\u00e9llar; veja justificativa do clube<\/title>\n<meta name=\"robots\" content=\"index, follow, max-snippet:-1, max-image-preview:large, max-video-preview:-1\" \/>\n<link rel=\"canonical\" href=\"https:\/\/www.gaveanews.com\/index.php\/2019\/08\/05\/flamengo-diminui-percentual-dos-direitos-economicos-do-volante-colombiano-gustavo-cuellar-veja-justificativa-do-clube\/\" \/>\n<meta property=\"og:locale\" content=\"pt_BR\" \/>\n<meta property=\"og:type\" content=\"article\" \/>\n<meta property=\"og:title\" content=\"Flamengo diminui percentual dos direitos econ\u00f4micos do volante colombiano Gustavo Cu\u00e9llar; veja justificativa do clube\" \/>\n<meta property=\"og:description\" content=\"Nos \u00faltimos dias, o Flamengo disponibilizou, em seu site oficial, as demonstra\u00e7\u00f5es financeiras do primeiro semestre de 2019. No meio das informa\u00e7\u00f5es, uma redu\u00e7\u00e3o nos direitos econ\u00f4micos de Gustavo Cu\u00e9llar chamou aten\u00e7\u00e3o: desde 2016, o clube informava que tinha 100% do atleta, mas, no documento divulgado recentemente, indicou um decr\u00e9scimo de 30%. A reportagem procurou [&hellip;]\" \/>\n<meta property=\"og:url\" content=\"https:\/\/www.gaveanews.com\/index.php\/2019\/08\/05\/flamengo-diminui-percentual-dos-direitos-economicos-do-volante-colombiano-gustavo-cuellar-veja-justificativa-do-clube\/\" \/>\n<meta property=\"og:site_name\" content=\"G\u00e1vea News\" \/>\n<meta property=\"article:publisher\" content=\"https:\/\/facebook.com\/gaveaNews\/\" \/>\n<meta property=\"article:published_time\" content=\"2019-08-05T16:54:36+00:00\" \/>\n<meta property=\"article:modified_time\" content=\"2019-08-05T16:57:44+00:00\" \/>\n<meta property=\"og:image\" content=\"https:\/\/www.gaveanews.com\/wp-content\/uploads\/2019\/03\/Berrio-e-Cuellar-durante-treinamento-no-Ninho-do-Urubu.webp\" \/>\n\t<meta property=\"og:image:width\" content=\"1\" \/>\n\t<meta property=\"og:image:height\" content=\"1\" \/>\n\t<meta property=\"og:image:type\" content=\"image\/jpeg\" \/>\n<meta name=\"author\" content=\"Equipe G\u00e1vea News\" \/>\n<meta name=\"twitter:card\" content=\"summary_large_image\" \/>\n<meta name=\"twitter:label1\" content=\"Escrito por\" \/>\n\t<meta name=\"twitter:data1\" content=\"Equipe G\u00e1vea News\" \/>\n\t<meta name=\"twitter:label2\" content=\"Est. tempo de leitura\" \/>\n\t<meta name=\"twitter:data2\" content=\"2 minutos\" \/>\n<script type=\"application\/ld+json\" class=\"yoast-schema-graph\">{\"@context\":\"https:\/\/schema.org\",\"@graph\":[{\"@type\":\"NewsArticle\",\"@id\":\"https:\/\/www.gaveanews.com\/index.php\/2019\/08\/05\/flamengo-diminui-percentual-dos-direitos-economicos-do-volante-colombiano-gustavo-cuellar-veja-justificativa-do-clube\/#article\",\"isPartOf\":{\"@id\":\"https:\/\/www.gaveanews.com\/index.php\/2019\/08\/05\/flamengo-diminui-percentual-dos-direitos-economicos-do-volante-colombiano-gustavo-cuellar-veja-justificativa-do-clube\/\"},\"author\":{\"name\":\"Equipe G\u00e1vea News\",\"@id\":\"https:\/\/www.gaveanews.com\/#\/schema\/person\/2ec14f73fb96be2caf28f91afb14749d\"},\"headline\":\"Flamengo diminui percentual dos direitos econ\u00f4micos do volante colombiano Gustavo Cu\u00e9llar; veja justificativa do clube\",\"datePublished\":\"2019-08-05T16:54:36+00:00\",\"dateModified\":\"2019-08-05T16:57:44+00:00\",\"mainEntityOfPage\":{\"@id\":\"https:\/\/www.gaveanews.com\/index.php\/2019\/08\/05\/flamengo-diminui-percentual-dos-direitos-economicos-do-volante-colombiano-gustavo-cuellar-veja-justificativa-do-clube\/\"},\"wordCount\":350,\"commentCount\":0,\"image\":{\"@id\":\"https:\/\/www.gaveanews.com\/index.php\/2019\/08\/05\/flamengo-diminui-percentual-dos-direitos-economicos-do-volante-colombiano-gustavo-cuellar-veja-justificativa-do-clube\/#primaryimage\"},\"thumbnailUrl\":\"https:\/\/www.gaveanews.com\/wp-content\/uploads\/2019\/03\/Berrio-e-Cuellar-durante-treinamento-no-Ninho-do-Urubu.webp\",\"articleSection\":[\"Destaques\"],\"inLanguage\":\"pt-BR\",\"potentialAction\":[{\"@type\":\"CommentAction\",\"name\":\"Comment\",\"target\":[\"https:\/\/www.gaveanews.com\/index.php\/2019\/08\/05\/flamengo-diminui-percentual-dos-direitos-economicos-do-volante-colombiano-gustavo-cuellar-veja-justificativa-do-clube\/#respond\"]}],\"copyrightYear\":\"2019\",\"copyrightHolder\":{\"@id\":\"https:\/\/www.gaveanews.com\/#organization\"}},{\"@type\":\"WebPage\",\"@id\":\"https:\/\/www.gaveanews.com\/index.php\/2019\/08\/05\/flamengo-diminui-percentual-dos-direitos-economicos-do-volante-colombiano-gustavo-cuellar-veja-justificativa-do-clube\/\",\"url\":\"https:\/\/www.gaveanews.com\/index.php\/2019\/08\/05\/flamengo-diminui-percentual-dos-direitos-economicos-do-volante-colombiano-gustavo-cuellar-veja-justificativa-do-clube\/\",\"name\":\"Flamengo diminui percentual dos direitos econ\u00f4micos do volante colombiano Gustavo Cu\u00e9llar; veja justificativa do clube\",\"isPartOf\":{\"@id\":\"https:\/\/www.gaveanews.com\/#website\"},\"primaryImageOfPage\":{\"@id\":\"https:\/\/www.gaveanews.com\/index.php\/2019\/08\/05\/flamengo-diminui-percentual-dos-direitos-economicos-do-volante-colombiano-gustavo-cuellar-veja-justificativa-do-clube\/#primaryimage\"},\"image\":{\"@id\":\"https:\/\/www.gaveanews.com\/index.php\/2019\/08\/05\/flamengo-diminui-percentual-dos-direitos-economicos-do-volante-colombiano-gustavo-cuellar-veja-justificativa-do-clube\/#primaryimage\"},\"thumbnailUrl\":\"https:\/\/www.gaveanews.com\/wp-content\/uploads\/2019\/03\/Berrio-e-Cuellar-durante-treinamento-no-Ninho-do-Urubu.webp\",\"datePublished\":\"2019-08-05T16:54:36+00:00\",\"dateModified\":\"2019-08-05T16:57:44+00:00\",\"author\":{\"@id\":\"https:\/\/www.gaveanews.com\/#\/schema\/person\/2ec14f73fb96be2caf28f91afb14749d\"},\"breadcrumb\":{\"@id\":\"https:\/\/www.gaveanews.com\/index.php\/2019\/08\/05\/flamengo-diminui-percentual-dos-direitos-economicos-do-volante-colombiano-gustavo-cuellar-veja-justificativa-do-clube\/#breadcrumb\"},\"inLanguage\":\"pt-BR\",\"potentialAction\":[{\"@type\":\"ReadAction\",\"target\":[\"https:\/\/www.gaveanews.com\/index.php\/2019\/08\/05\/flamengo-diminui-percentual-dos-direitos-economicos-do-volante-colombiano-gustavo-cuellar-veja-justificativa-do-clube\/\"]}]},{\"@type\":\"ImageObject\",\"inLanguage\":\"pt-BR\",\"@id\":\"https:\/\/www.gaveanews.com\/index.php\/2019\/08\/05\/flamengo-diminui-percentual-dos-direitos-economicos-do-volante-colombiano-gustavo-cuellar-veja-justificativa-do-clube\/#primaryimage\",\"url\":\"https:\/\/www.gaveanews.com\/wp-content\/uploads\/2019\/03\/Berrio-e-Cuellar-durante-treinamento-no-Ninho-do-Urubu.webp\",\"contentUrl\":\"https:\/\/www.gaveanews.com\/wp-content\/uploads\/2019\/03\/Berrio-e-Cuellar-durante-treinamento-no-Ninho-do-Urubu.webp\",\"caption\":\"Berr\u00edo e Cu\u00e9llar durante treinamento no Ninho do Urubu (Foto: Gilvan de Souza\/Flamengo)\"},{\"@type\":\"BreadcrumbList\",\"@id\":\"https:\/\/www.gaveanews.com\/index.php\/2019\/08\/05\/flamengo-diminui-percentual-dos-direitos-economicos-do-volante-colombiano-gustavo-cuellar-veja-justificativa-do-clube\/#breadcrumb\",\"itemListElement\":[{\"@type\":\"ListItem\",\"position\":1,\"name\":\"Home\",\"item\":\"https:\/\/www.gaveanews.com\/\"},{\"@type\":\"ListItem\",\"position\":2,\"name\":\"Flamengo diminui percentual dos direitos econ\u00f4micos do volante colombiano Gustavo Cu\u00e9llar; veja justificativa do clube\"}]},{\"@type\":\"WebSite\",\"@id\":\"https:\/\/www.gaveanews.com\/#website\",\"url\":\"https:\/\/www.gaveanews.com\/\",\"name\":\"G\u00e1vea News\",\"description\":\"Veja todas as not\u00edcias sobre o Flamengo: Contrata\u00e7\u00f5es, categorias de base, resultados das partidas, tabela de classifica\u00e7\u00e3o, pr\u00f3ximos jogos!\",\"potentialAction\":[{\"@type\":\"SearchAction\",\"target\":{\"@type\":\"EntryPoint\",\"urlTemplate\":\"https:\/\/www.gaveanews.com\/?s={search_term_string}\"},\"query-input\":{\"@type\":\"PropertyValueSpecification\",\"valueRequired\":true,\"valueName\":\"search_term_string\"}}],\"inLanguage\":\"pt-BR\"},{\"@type\":\"Person\",\"@id\":\"https:\/\/www.gaveanews.com\/#\/schema\/person\/2ec14f73fb96be2caf28f91afb14749d\",\"name\":\"Equipe G\u00e1vea News\",\"image\":{\"@type\":\"ImageObject\",\"inLanguage\":\"pt-BR\",\"@id\":\"https:\/\/www.gaveanews.com\/#\/schema\/person\/image\/\",\"url\":\"https:\/\/secure.gravatar.com\/avatar\/1e1956f1facbffd3f8fa53a326721950116b3b9dc9bd44939c01180fd4a745a9?s=96&d=mm&r=g\",\"contentUrl\":\"https:\/\/secure.gravatar.com\/avatar\/1e1956f1facbffd3f8fa53a326721950116b3b9dc9bd44939c01180fd4a745a9?s=96&d=mm&r=g\",\"caption\":\"Equipe G\u00e1vea News\"}}]}<\/script>\n<!-- \/ Yoast SEO Premium plugin. -->","yoast_head_json":{"title":"Flamengo diminui percentual dos direitos econ\u00f4micos do volante colombiano Gustavo Cu\u00e9llar; veja justificativa do clube","robots":{"index":"index","follow":"follow","max-snippet":"max-snippet:-1","max-image-preview":"max-image-preview:large","max-video-preview":"max-video-preview:-1"},"canonical":"https:\/\/www.gaveanews.com\/index.php\/2019\/08\/05\/flamengo-diminui-percentual-dos-direitos-economicos-do-volante-colombiano-gustavo-cuellar-veja-justificativa-do-clube\/","og_locale":"pt_BR","og_type":"article","og_title":"Flamengo diminui percentual dos direitos econ\u00f4micos do volante colombiano Gustavo Cu\u00e9llar; veja justificativa do clube","og_description":"Nos \u00faltimos dias, o Flamengo disponibilizou, em seu site oficial, as demonstra\u00e7\u00f5es financeiras do primeiro semestre de 2019. No meio das informa\u00e7\u00f5es, uma redu\u00e7\u00e3o nos direitos econ\u00f4micos de Gustavo Cu\u00e9llar chamou aten\u00e7\u00e3o: desde 2016, o clube informava que tinha 100% do atleta, mas, no documento divulgado recentemente, indicou um decr\u00e9scimo de 30%. A reportagem procurou [&hellip;]","og_url":"https:\/\/www.gaveanews.com\/index.php\/2019\/08\/05\/flamengo-diminui-percentual-dos-direitos-economicos-do-volante-colombiano-gustavo-cuellar-veja-justificativa-do-clube\/","og_site_name":"G\u00e1vea News","article_publisher":"https:\/\/facebook.com\/gaveaNews\/","article_published_time":"2019-08-05T16:54:36+00:00","article_modified_time":"2019-08-05T16:57:44+00:00","og_image":[{"url":"https:\/\/www.gaveanews.com\/wp-content\/uploads\/2019\/03\/Berrio-e-Cuellar-durante-treinamento-no-Ninho-do-Urubu.webp","width":1,"height":1,"type":"image\/jpeg"}],"author":"Equipe G\u00e1vea News","twitter_card":"summary_large_image","twitter_misc":{"Escrito por":"Equipe G\u00e1vea News","Est. tempo de leitura":"2 minutos"},"schema":{"@context":"https:\/\/schema.org","@graph":[{"@type":"NewsArticle","@id":"https:\/\/www.gaveanews.com\/index.php\/2019\/08\/05\/flamengo-diminui-percentual-dos-direitos-economicos-do-volante-colombiano-gustavo-cuellar-veja-justificativa-do-clube\/#article","isPartOf":{"@id":"https:\/\/www.gaveanews.com\/index.php\/2019\/08\/05\/flamengo-diminui-percentual-dos-direitos-economicos-do-volante-colombiano-gustavo-cuellar-veja-justificativa-do-clube\/"},"author":{"name":"Equipe G\u00e1vea News","@id":"https:\/\/www.gaveanews.com\/#\/schema\/person\/2ec14f73fb96be2caf28f91afb14749d"},"headline":"Flamengo diminui percentual dos direitos econ\u00f4micos do volante colombiano Gustavo Cu\u00e9llar; veja justificativa do clube","datePublished":"2019-08-05T16:54:36+00:00","dateModified":"2019-08-05T16:57:44+00:00","mainEntityOfPage":{"@id":"https:\/\/www.gaveanews.com\/index.php\/2019\/08\/05\/flamengo-diminui-percentual-dos-direitos-economicos-do-volante-colombiano-gustavo-cuellar-veja-justificativa-do-clube\/"},"wordCount":350,"commentCount":0,"image":{"@id":"https:\/\/www.gaveanews.com\/index.php\/2019\/08\/05\/flamengo-diminui-percentual-dos-direitos-economicos-do-volante-colombiano-gustavo-cuellar-veja-justificativa-do-clube\/#primaryimage"},"thumbnailUrl":"https:\/\/www.gaveanews.com\/wp-content\/uploads\/2019\/03\/Berrio-e-Cuellar-durante-treinamento-no-Ninho-do-Urubu.webp","articleSection":["Destaques"],"inLanguage":"pt-BR","potentialAction":[{"@type":"CommentAction","name":"Comment","target":["https:\/\/www.gaveanews.com\/index.php\/2019\/08\/05\/flamengo-diminui-percentual-dos-direitos-economicos-do-volante-colombiano-gustavo-cuellar-veja-justificativa-do-clube\/#respond"]}],"copyrightYear":"2019","copyrightHolder":{"@id":"https:\/\/www.gaveanews.com\/#organization"}},{"@type":"WebPage","@id":"https:\/\/www.gaveanews.com\/index.php\/2019\/08\/05\/flamengo-diminui-percentual-dos-direitos-economicos-do-volante-colombiano-gustavo-cuellar-veja-justificativa-do-clube\/","url":"https:\/\/www.gaveanews.com\/index.php\/2019\/08\/05\/flamengo-diminui-percentual-dos-direitos-economicos-do-volante-colombiano-gustavo-cuellar-veja-justificativa-do-clube\/","name":"Flamengo diminui percentual dos direitos econ\u00f4micos do volante colombiano Gustavo Cu\u00e9llar; veja justificativa do clube","isPartOf":{"@id":"https:\/\/www.gaveanews.com\/#website"},"primaryImageOfPage":{"@id":"https:\/\/www.gaveanews.com\/index.php\/2019\/08\/05\/flamengo-diminui-percentual-dos-direitos-economicos-do-volante-colombiano-gustavo-cuellar-veja-justificativa-do-clube\/#primaryimage"},"image":{"@id":"https:\/\/www.gaveanews.com\/index.php\/2019\/08\/05\/flamengo-diminui-percentual-dos-direitos-economicos-do-volante-colombiano-gustavo-cuellar-veja-justificativa-do-clube\/#primaryimage"},"thumbnailUrl":"https:\/\/www.gaveanews.com\/wp-content\/uploads\/2019\/03\/Berrio-e-Cuellar-durante-treinamento-no-Ninho-do-Urubu.webp","datePublished":"2019-08-05T16:54:36+00:00","dateModified":"2019-08-05T16:57:44+00:00","author":{"@id":"https:\/\/www.gaveanews.com\/#\/schema\/person\/2ec14f73fb96be2caf28f91afb14749d"},"breadcrumb":{"@id":"https:\/\/www.gaveanews.com\/index.php\/2019\/08\/05\/flamengo-diminui-percentual-dos-direitos-economicos-do-volante-colombiano-gustavo-cuellar-veja-justificativa-do-clube\/#breadcrumb"},"inLanguage":"pt-BR","potentialAction":[{"@type":"ReadAction","target":["https:\/\/www.gaveanews.com\/index.php\/2019\/08\/05\/flamengo-diminui-percentual-dos-direitos-economicos-do-volante-colombiano-gustavo-cuellar-veja-justificativa-do-clube\/"]}]},{"@type":"ImageObject","inLanguage":"pt-BR","@id":"https:\/\/www.gaveanews.com\/index.php\/2019\/08\/05\/flamengo-diminui-percentual-dos-direitos-economicos-do-volante-colombiano-gustavo-cuellar-veja-justificativa-do-clube\/#primaryimage","url":"https:\/\/www.gaveanews.com\/wp-content\/uploads\/2019\/03\/Berrio-e-Cuellar-durante-treinamento-no-Ninho-do-Urubu.webp","contentUrl":"https:\/\/www.gaveanews.com\/wp-content\/uploads\/2019\/03\/Berrio-e-Cuellar-durante-treinamento-no-Ninho-do-Urubu.webp","caption":"Berr\u00edo e Cu\u00e9llar durante treinamento no Ninho do Urubu (Foto: Gilvan de Souza\/Flamengo)"},{"@type":"BreadcrumbList","@id":"https:\/\/www.gaveanews.com\/index.php\/2019\/08\/05\/flamengo-diminui-percentual-dos-direitos-economicos-do-volante-colombiano-gustavo-cuellar-veja-justificativa-do-clube\/#breadcrumb","itemListElement":[{"@type":"ListItem","position":1,"name":"Home","item":"https:\/\/www.gaveanews.com\/"},{"@type":"ListItem","position":2,"name":"Flamengo diminui percentual dos direitos econ\u00f4micos do volante colombiano Gustavo Cu\u00e9llar; veja justificativa do clube"}]},{"@type":"WebSite","@id":"https:\/\/www.gaveanews.com\/#website","url":"https:\/\/www.gaveanews.com\/","name":"G\u00e1vea News","description":"Veja todas as not\u00edcias sobre o Flamengo: Contrata\u00e7\u00f5es, categorias de base, resultados das partidas, tabela de classifica\u00e7\u00e3o, pr\u00f3ximos jogos!","potentialAction":[{"@type":"SearchAction","target":{"@type":"EntryPoint","urlTemplate":"https:\/\/www.gaveanews.com\/?s={search_term_string}"},"query-input":{"@type":"PropertyValueSpecification","valueRequired":true,"valueName":"search_term_string"}}],"inLanguage":"pt-BR"},{"@type":"Person","@id":"https:\/\/www.gaveanews.com\/#\/schema\/person\/2ec14f73fb96be2caf28f91afb14749d","name":"Equipe G\u00e1vea News","image":{"@type":"ImageObject","inLanguage":"pt-BR","@id":"https:\/\/www.gaveanews.com\/#\/schema\/person\/image\/","url":"https:\/\/secure.gravatar.com\/avatar\/1e1956f1facbffd3f8fa53a326721950116b3b9dc9bd44939c01180fd4a745a9?s=96&d=mm&r=g","contentUrl":"https:\/\/secure.gravatar.com\/avatar\/1e1956f1facbffd3f8fa53a326721950116b3b9dc9bd44939c01180fd4a745a9?s=96&d=mm&r=g","caption":"Equipe G\u00e1vea News"}}]}},"_links":{"self":[{"href":"https:\/\/www.gaveanews.com\/index.php\/wp-json\/wp\/v2\/posts\/24142","targetHints":{"allow":["GET"]}}],"collection":[{"href":"https:\/\/www.gaveanews.com\/index.php\/wp-json\/wp\/v2\/posts"}],"about":[{"href":"https:\/\/www.gaveanews.com\/index.php\/wp-json\/wp\/v2\/types\/post"}],"author":[{"embeddable":true,"href":"https:\/\/www.gaveanews.com\/index.php\/wp-json\/wp\/v2\/users\/1"}],"replies":[{"embeddable":true,"href":"https:\/\/www.gaveanews.com\/index.php\/wp-json\/wp\/v2\/comments?post=24142"}],"version-history":[{"count":0,"href":"https:\/\/www.gaveanews.com\/index.php\/wp-json\/wp\/v2\/posts\/24142\/revisions"}],"wp:featuredmedia":[{"embeddable":true,"href":"https:\/\/www.gaveanews.com\/index.php\/wp-json\/wp\/v2\/media\/14845"}],"wp:attachment":[{"href":"https:\/\/www.gaveanews.com\/index.php\/wp-json\/wp\/v2\/media?parent=24142"}],"wp:term":[{"taxonomy":"category","embeddable":true,"href":"https:\/\/www.gaveanews.com\/index.php\/wp-json\/wp\/v2\/categories?post=24142"},{"taxonomy":"post_tag","embeddable":true,"href":"https:\/\/www.gaveanews.com\/index.php\/wp-json\/wp\/v2\/tags?post=24142"}],"curies":[{"name":"wp","href":"https:\/\/api.w.org\/{rel}","templated":true}]}}