{"id":241457,"date":"2025-03-18T20:00:55","date_gmt":"2025-03-18T23:00:55","guid":{"rendered":"https:\/\/www.gaveanews.com\/?p=241457"},"modified":"2025-03-18T17:09:04","modified_gmt":"2025-03-18T20:09:04","slug":"presidente-da-conmebol-emite-nota-oficial-direcionada-aos-times-brasileiros","status":"publish","type":"post","link":"https:\/\/www.gaveanews.com\/index.php\/2025\/03\/18\/presidente-da-conmebol-emite-nota-oficial-direcionada-aos-times-brasileiros\/","title":{"rendered":"Presidente da Conmebol emite nota oficial direcionada aos times brasileiros"},"content":{"rendered":"\n<p>Alejandro Dom\u00ednguez tentou apaziguar os \u00e2nimos depois de uma fala direcionada aos times brasileiros entendida como racista.&nbsp; O presidente da Conmebol emitiu um pedido de desculpas no qual disse sempre promover o respeito e a inclus\u00e3o no futebol.<\/p>\n\n\n\n<p>No futebol sul-americano, come\u00e7ou a ser orquestrado um movimento de boicote aos clubes brasileiros. Existe a acusa\u00e7\u00e3o de que estrangeiros sofrem xenofobia quando visitam o pa\u00eds em confrontos das competi\u00e7\u00f5es internacionais. Por isso, come\u00e7ou a circular o burburinho de que uma Copa Libertadores da Am\u00e9rica sem times do Brasil poderia ser o pr\u00f3ximo passo da Conmebol.<\/p>\n\n\n\n<p>Na \u00faltima segunda-feira (18\/3), depois do sorteio das fases de grupos da Sul-Americana e da Libertadores, o presidente da Conmebol, Alejandro Dom\u00ednguez, deu uma infeliz declara\u00e7\u00e3o para afastar a possibilidade.<\/p>\n\n\n\n<p>\u201cIsso seria como Tarzan sem Chita\u201d. Imposs\u00edvel\u201d, declarou.<\/p>\n\n\n\n<p>A fala de Alejandro Dom\u00ednguez repercutiu negativamente e foi apontada como racista. Ela acontece 10 dias depois que o jovem atacante do Palmeiras, Luighi sofreu racismo em um jogo contra o Cerro Porte\u00f1o, no Paraguai, pela Copa Libertadores da Am\u00e9rica Sub-20.<\/p>\n\n\n\n<p>Na ocasi\u00e3o, a presidente do Alviverde, Leila Pereira, ventilou a possibilidade dos times brasileiros se desfiliarem da Conmebol e passaram a figurar na Concacaf.&nbsp;<\/p>\n\n\n\n<p>Nesta ter\u00e7a-feira (18\/3), ap\u00f3s a repercuss\u00e3o nos \u00f3rg\u00e3os de imprensa, Alejandro Dom\u00ednguez emitiu um pedido de desculpas oficial e refor\u00e7ou que sempre foi um promotor do respeito e da inclus\u00e3o no futebol.<\/p>\n\n\n\n<p>\u201cEm rela\u00e7\u00e3o \u00e0s minhas recentes declara\u00e7\u00f5es, quero expressar minhas desculpas. A express\u00e3o que utilizei \u00e9 uma frase popular e jamais tive a inten\u00e7\u00e3o de menosprezar nem desqualificar ningu\u00e9m. A CONMEBOL Libertadores \u00e9 impens\u00e1vel sem a participa\u00e7\u00e3o de clubes dos dez pa\u00edses membros. Sempre promovi o respeito e a inclus\u00e3o no futebol e na sociedade, valores fundamentais para a CONMEBOL. Reafirmo meu compromisso de seguir trabalhando por um futebol mais justo, unido e livre de descrimina\u00e7\u00e3o\u201d, publicou no X, no Twitter.<\/p>\n\n\n\n<blockquote class=\"twitter-tweet\"><p lang=\"zxx\" dir=\"ltr\"><a href=\"https:\/\/t.co\/6FtZ1Vunxs\">pic.twitter.com\/6FtZ1Vunxs<\/a><\/p>&mdash; Alejandro Dom\u00ednguez (@agdws) <a href=\"https:\/\/twitter.com\/agdws\/status\/1902015898514346146?ref_src=twsrc%5Etfw\">March 18, 2025<\/a><\/blockquote> <script async src=\"https:\/\/platform.twitter.com\/widgets.js\" charset=\"utf-8\"><\/script>\n","protected":false},"excerpt":{"rendered":"<p>Alejandro Dom\u00ednguez tentou apaziguar os \u00e2nimos depois de uma fala direcionada aos times brasileiros entendida como racista.&nbsp; O presidente da Conmebol emitiu um pedido de desculpas no qual disse sempre promover o respeito e a inclus\u00e3o no futebol. No futebol sul-americano, come\u00e7ou a ser orquestrado um movimento de boicote aos clubes brasileiros. Existe a acusa\u00e7\u00e3o [&hellip;]<\/p>\n","protected":false},"author":29,"featured_media":90054,"comment_status":"open","ping_status":"closed","sticky":false,"template":"","format":"standard","meta":{"footnotes":""},"categories":[160,134,135,136,159,137,138,140,158,157,141,156,142,143,495,144,1,145,146,155,147,461,148,149,520,502,150,501,457,139,151,154,152,153],"tags":[],"class_list":["post-241457","post","type-post","status-publish","format-standard","has-post-thumbnail","hentry","category-america-mg","category-athletico-pr","category-atletico-go","category-atletico-mg","category-avai","category-bahia","category-botafogo","category-bragantino","category-ceara","category-chapecoense","category-corinthians","category-coritiba","category-criciuma","category-cruzeiro","category-csa","category-cuiaba","category-flamengo","category-fluminense","category-fortaleza","category-goias","category-gremio","category-guarani","category-internacional","category-juventude","category-mirassol","category-operario","category-palmeiras","category-paysandu","category-ponte-preta","category-santos","category-sao-paulo","category-sport","category-vasco","category-vitoria"],"yoast_head":"<!-- This site is optimized with the Yoast SEO Premium plugin v24.2 (Yoast SEO v26.9) - https:\/\/yoast.com\/product\/yoast-seo-premium-wordpress\/ -->\n<title>Presidente da Conmebol emite nota oficial direcionada aos times brasileiros<\/title>\n<meta name=\"robots\" content=\"index, follow, max-snippet:-1, max-image-preview:large, max-video-preview:-1\" \/>\n<link rel=\"canonical\" href=\"https:\/\/www.gaveanews.com\/index.php\/2025\/03\/18\/presidente-da-conmebol-emite-nota-oficial-direcionada-aos-times-brasileiros\/\" \/>\n<meta property=\"og:locale\" content=\"pt_BR\" \/>\n<meta property=\"og:type\" content=\"article\" \/>\n<meta property=\"og:title\" content=\"Presidente da Conmebol emite nota oficial direcionada aos times brasileiros\" \/>\n<meta property=\"og:description\" content=\"Alejandro Dom\u00ednguez tentou apaziguar os \u00e2nimos depois de uma fala direcionada aos times brasileiros entendida como racista.&nbsp; O presidente da Conmebol emitiu um pedido de desculpas no qual disse sempre promover o respeito e a inclus\u00e3o no futebol. No futebol sul-americano, come\u00e7ou a ser orquestrado um movimento de boicote aos clubes brasileiros. Existe a acusa\u00e7\u00e3o [&hellip;]\" \/>\n<meta property=\"og:url\" content=\"https:\/\/www.gaveanews.com\/index.php\/2025\/03\/18\/presidente-da-conmebol-emite-nota-oficial-direcionada-aos-times-brasileiros\/\" \/>\n<meta property=\"og:site_name\" content=\"G\u00e1vea News\" \/>\n<meta property=\"article:publisher\" content=\"https:\/\/facebook.com\/gaveaNews\/\" \/>\n<meta property=\"article:published_time\" content=\"2025-03-18T23:00:55+00:00\" \/>\n<meta property=\"og:image\" content=\"https:\/\/www.gaveanews.com\/wp-content\/uploads\/Taca-Libertadores-da-America.webp\" \/>\n\t<meta property=\"og:image:width\" content=\"799\" \/>\n\t<meta property=\"og:image:height\" content=\"533\" \/>\n\t<meta property=\"og:image:type\" content=\"image\/jpeg\" \/>\n<meta name=\"author\" content=\"Marco Menezes\" \/>\n<meta name=\"twitter:card\" content=\"summary_large_image\" \/>\n<meta name=\"twitter:label1\" content=\"Escrito por\" \/>\n\t<meta name=\"twitter:data1\" content=\"Marco Menezes\" \/>\n\t<meta name=\"twitter:label2\" content=\"Est. tempo de leitura\" \/>\n\t<meta name=\"twitter:data2\" content=\"2 minutos\" \/>\n<script type=\"application\/ld+json\" class=\"yoast-schema-graph\">{\"@context\":\"https:\/\/schema.org\",\"@graph\":[{\"@type\":\"NewsArticle\",\"@id\":\"https:\/\/www.gaveanews.com\/index.php\/2025\/03\/18\/presidente-da-conmebol-emite-nota-oficial-direcionada-aos-times-brasileiros\/#article\",\"isPartOf\":{\"@id\":\"https:\/\/www.gaveanews.com\/index.php\/2025\/03\/18\/presidente-da-conmebol-emite-nota-oficial-direcionada-aos-times-brasileiros\/\"},\"author\":{\"name\":\"Marco Menezes\",\"@id\":\"https:\/\/www.gaveanews.com\/#\/schema\/person\/a9f62fe75380c6bada1b2fc49bc23d69\"},\"headline\":\"Presidente da Conmebol emite nota oficial direcionada aos times brasileiros\",\"datePublished\":\"2025-03-18T23:00:55+00:00\",\"mainEntityOfPage\":{\"@id\":\"https:\/\/www.gaveanews.com\/index.php\/2025\/03\/18\/presidente-da-conmebol-emite-nota-oficial-direcionada-aos-times-brasileiros\/\"},\"wordCount\":360,\"commentCount\":0,\"image\":{\"@id\":\"https:\/\/www.gaveanews.com\/index.php\/2025\/03\/18\/presidente-da-conmebol-emite-nota-oficial-direcionada-aos-times-brasileiros\/#primaryimage\"},\"thumbnailUrl\":\"https:\/\/www.gaveanews.com\/wp-content\/uploads\/Taca-Libertadores-da-America.webp\",\"articleSection\":[\"Am\u00e9rica-MG\",\"Athletico-PR\",\"Atl\u00e9tico-GO\",\"Atl\u00e9tico-MG\",\"Ava\u00ed\",\"Bahia\",\"Botafogo\",\"Bragantino\",\"Cear\u00e1\",\"Chapecoense\",\"Corinthians\",\"Coritiba\",\"Crici\u00fama\",\"Cruzeiro\",\"CSA\",\"Cuiab\u00e1\",\"Flamengo\",\"Fluminense\",\"Fortaleza\",\"Goi\u00e1s\",\"Gr\u00eamio\",\"Guarani\",\"Internacional\",\"Juventude\",\"Mirassol\",\"Oper\u00e1rio\",\"Palmeiras\",\"Paysandu\",\"Ponte Preta\",\"Santos\",\"S\u00e3o Paulo\",\"Sport\",\"Vasco\",\"Vit\u00f3ria\"],\"inLanguage\":\"pt-BR\",\"potentialAction\":[{\"@type\":\"CommentAction\",\"name\":\"Comment\",\"target\":[\"https:\/\/www.gaveanews.com\/index.php\/2025\/03\/18\/presidente-da-conmebol-emite-nota-oficial-direcionada-aos-times-brasileiros\/#respond\"]}],\"copyrightYear\":\"2025\",\"copyrightHolder\":{\"@id\":\"https:\/\/www.gaveanews.com\/#organization\"}},{\"@type\":\"WebPage\",\"@id\":\"https:\/\/www.gaveanews.com\/index.php\/2025\/03\/18\/presidente-da-conmebol-emite-nota-oficial-direcionada-aos-times-brasileiros\/\",\"url\":\"https:\/\/www.gaveanews.com\/index.php\/2025\/03\/18\/presidente-da-conmebol-emite-nota-oficial-direcionada-aos-times-brasileiros\/\",\"name\":\"Presidente da Conmebol emite nota oficial direcionada aos times brasileiros\",\"isPartOf\":{\"@id\":\"https:\/\/www.gaveanews.com\/#website\"},\"primaryImageOfPage\":{\"@id\":\"https:\/\/www.gaveanews.com\/index.php\/2025\/03\/18\/presidente-da-conmebol-emite-nota-oficial-direcionada-aos-times-brasileiros\/#primaryimage\"},\"image\":{\"@id\":\"https:\/\/www.gaveanews.com\/index.php\/2025\/03\/18\/presidente-da-conmebol-emite-nota-oficial-direcionada-aos-times-brasileiros\/#primaryimage\"},\"thumbnailUrl\":\"https:\/\/www.gaveanews.com\/wp-content\/uploads\/Taca-Libertadores-da-America.webp\",\"datePublished\":\"2025-03-18T23:00:55+00:00\",\"author\":{\"@id\":\"https:\/\/www.gaveanews.com\/#\/schema\/person\/a9f62fe75380c6bada1b2fc49bc23d69\"},\"breadcrumb\":{\"@id\":\"https:\/\/www.gaveanews.com\/index.php\/2025\/03\/18\/presidente-da-conmebol-emite-nota-oficial-direcionada-aos-times-brasileiros\/#breadcrumb\"},\"inLanguage\":\"pt-BR\",\"potentialAction\":[{\"@type\":\"ReadAction\",\"target\":[\"https:\/\/www.gaveanews.com\/index.php\/2025\/03\/18\/presidente-da-conmebol-emite-nota-oficial-direcionada-aos-times-brasileiros\/\"]}]},{\"@type\":\"ImageObject\",\"inLanguage\":\"pt-BR\",\"@id\":\"https:\/\/www.gaveanews.com\/index.php\/2025\/03\/18\/presidente-da-conmebol-emite-nota-oficial-direcionada-aos-times-brasileiros\/#primaryimage\",\"url\":\"https:\/\/www.gaveanews.com\/wp-content\/uploads\/Taca-Libertadores-da-America.webp\",\"contentUrl\":\"https:\/\/www.gaveanews.com\/wp-content\/uploads\/Taca-Libertadores-da-America.webp\",\"width\":799,\"height\":533,\"caption\":\"Ta\u00e7a da Copa Libertadores da Am\u00e9rica (Foto: Gilvan de Souza\/Flamengo)\"},{\"@type\":\"BreadcrumbList\",\"@id\":\"https:\/\/www.gaveanews.com\/index.php\/2025\/03\/18\/presidente-da-conmebol-emite-nota-oficial-direcionada-aos-times-brasileiros\/#breadcrumb\",\"itemListElement\":[{\"@type\":\"ListItem\",\"position\":1,\"name\":\"Home\",\"item\":\"https:\/\/www.gaveanews.com\/\"},{\"@type\":\"ListItem\",\"position\":2,\"name\":\"Presidente da Conmebol emite nota oficial direcionada aos times brasileiros\"}]},{\"@type\":\"WebSite\",\"@id\":\"https:\/\/www.gaveanews.com\/#website\",\"url\":\"https:\/\/www.gaveanews.com\/\",\"name\":\"G\u00e1vea News\",\"description\":\"Veja todas as not\u00edcias sobre o Flamengo: Contrata\u00e7\u00f5es, categorias de base, resultados das partidas, tabela de classifica\u00e7\u00e3o, pr\u00f3ximos jogos!\",\"potentialAction\":[{\"@type\":\"SearchAction\",\"target\":{\"@type\":\"EntryPoint\",\"urlTemplate\":\"https:\/\/www.gaveanews.com\/?s={search_term_string}\"},\"query-input\":{\"@type\":\"PropertyValueSpecification\",\"valueRequired\":true,\"valueName\":\"search_term_string\"}}],\"inLanguage\":\"pt-BR\"},{\"@type\":\"Person\",\"@id\":\"https:\/\/www.gaveanews.com\/#\/schema\/person\/a9f62fe75380c6bada1b2fc49bc23d69\",\"name\":\"Marco Menezes\",\"image\":{\"@type\":\"ImageObject\",\"inLanguage\":\"pt-BR\",\"@id\":\"https:\/\/www.gaveanews.com\/#\/schema\/person\/image\/\",\"url\":\"https:\/\/secure.gravatar.com\/avatar\/a1d148ae17fc8bfc5dbccffd07979e8bd2c9ba494221779de86ec2c7907b71ec?s=96&d=mm&r=g\",\"contentUrl\":\"https:\/\/secure.gravatar.com\/avatar\/a1d148ae17fc8bfc5dbccffd07979e8bd2c9ba494221779de86ec2c7907b71ec?s=96&d=mm&r=g\",\"caption\":\"Marco Menezes\"}}]}<\/script>\n<!-- \/ Yoast SEO Premium plugin. -->","yoast_head_json":{"title":"Presidente da Conmebol emite nota oficial direcionada aos times brasileiros","robots":{"index":"index","follow":"follow","max-snippet":"max-snippet:-1","max-image-preview":"max-image-preview:large","max-video-preview":"max-video-preview:-1"},"canonical":"https:\/\/www.gaveanews.com\/index.php\/2025\/03\/18\/presidente-da-conmebol-emite-nota-oficial-direcionada-aos-times-brasileiros\/","og_locale":"pt_BR","og_type":"article","og_title":"Presidente da Conmebol emite nota oficial direcionada aos times brasileiros","og_description":"Alejandro Dom\u00ednguez tentou apaziguar os \u00e2nimos depois de uma fala direcionada aos times brasileiros entendida como racista.&nbsp; O presidente da Conmebol emitiu um pedido de desculpas no qual disse sempre promover o respeito e a inclus\u00e3o no futebol. No futebol sul-americano, come\u00e7ou a ser orquestrado um movimento de boicote aos clubes brasileiros. Existe a acusa\u00e7\u00e3o [&hellip;]","og_url":"https:\/\/www.gaveanews.com\/index.php\/2025\/03\/18\/presidente-da-conmebol-emite-nota-oficial-direcionada-aos-times-brasileiros\/","og_site_name":"G\u00e1vea News","article_publisher":"https:\/\/facebook.com\/gaveaNews\/","article_published_time":"2025-03-18T23:00:55+00:00","og_image":[{"width":799,"height":533,"url":"https:\/\/www.gaveanews.com\/wp-content\/uploads\/Taca-Libertadores-da-America.webp","type":"image\/jpeg"}],"author":"Marco Menezes","twitter_card":"summary_large_image","twitter_misc":{"Escrito por":"Marco Menezes","Est. tempo de leitura":"2 minutos"},"schema":{"@context":"https:\/\/schema.org","@graph":[{"@type":"NewsArticle","@id":"https:\/\/www.gaveanews.com\/index.php\/2025\/03\/18\/presidente-da-conmebol-emite-nota-oficial-direcionada-aos-times-brasileiros\/#article","isPartOf":{"@id":"https:\/\/www.gaveanews.com\/index.php\/2025\/03\/18\/presidente-da-conmebol-emite-nota-oficial-direcionada-aos-times-brasileiros\/"},"author":{"name":"Marco Menezes","@id":"https:\/\/www.gaveanews.com\/#\/schema\/person\/a9f62fe75380c6bada1b2fc49bc23d69"},"headline":"Presidente da Conmebol emite nota oficial direcionada aos times brasileiros","datePublished":"2025-03-18T23:00:55+00:00","mainEntityOfPage":{"@id":"https:\/\/www.gaveanews.com\/index.php\/2025\/03\/18\/presidente-da-conmebol-emite-nota-oficial-direcionada-aos-times-brasileiros\/"},"wordCount":360,"commentCount":0,"image":{"@id":"https:\/\/www.gaveanews.com\/index.php\/2025\/03\/18\/presidente-da-conmebol-emite-nota-oficial-direcionada-aos-times-brasileiros\/#primaryimage"},"thumbnailUrl":"https:\/\/www.gaveanews.com\/wp-content\/uploads\/Taca-Libertadores-da-America.webp","articleSection":["Am\u00e9rica-MG","Athletico-PR","Atl\u00e9tico-GO","Atl\u00e9tico-MG","Ava\u00ed","Bahia","Botafogo","Bragantino","Cear\u00e1","Chapecoense","Corinthians","Coritiba","Crici\u00fama","Cruzeiro","CSA","Cuiab\u00e1","Flamengo","Fluminense","Fortaleza","Goi\u00e1s","Gr\u00eamio","Guarani","Internacional","Juventude","Mirassol","Oper\u00e1rio","Palmeiras","Paysandu","Ponte Preta","Santos","S\u00e3o Paulo","Sport","Vasco","Vit\u00f3ria"],"inLanguage":"pt-BR","potentialAction":[{"@type":"CommentAction","name":"Comment","target":["https:\/\/www.gaveanews.com\/index.php\/2025\/03\/18\/presidente-da-conmebol-emite-nota-oficial-direcionada-aos-times-brasileiros\/#respond"]}],"copyrightYear":"2025","copyrightHolder":{"@id":"https:\/\/www.gaveanews.com\/#organization"}},{"@type":"WebPage","@id":"https:\/\/www.gaveanews.com\/index.php\/2025\/03\/18\/presidente-da-conmebol-emite-nota-oficial-direcionada-aos-times-brasileiros\/","url":"https:\/\/www.gaveanews.com\/index.php\/2025\/03\/18\/presidente-da-conmebol-emite-nota-oficial-direcionada-aos-times-brasileiros\/","name":"Presidente da Conmebol emite nota oficial direcionada aos times brasileiros","isPartOf":{"@id":"https:\/\/www.gaveanews.com\/#website"},"primaryImageOfPage":{"@id":"https:\/\/www.gaveanews.com\/index.php\/2025\/03\/18\/presidente-da-conmebol-emite-nota-oficial-direcionada-aos-times-brasileiros\/#primaryimage"},"image":{"@id":"https:\/\/www.gaveanews.com\/index.php\/2025\/03\/18\/presidente-da-conmebol-emite-nota-oficial-direcionada-aos-times-brasileiros\/#primaryimage"},"thumbnailUrl":"https:\/\/www.gaveanews.com\/wp-content\/uploads\/Taca-Libertadores-da-America.webp","datePublished":"2025-03-18T23:00:55+00:00","author":{"@id":"https:\/\/www.gaveanews.com\/#\/schema\/person\/a9f62fe75380c6bada1b2fc49bc23d69"},"breadcrumb":{"@id":"https:\/\/www.gaveanews.com\/index.php\/2025\/03\/18\/presidente-da-conmebol-emite-nota-oficial-direcionada-aos-times-brasileiros\/#breadcrumb"},"inLanguage":"pt-BR","potentialAction":[{"@type":"ReadAction","target":["https:\/\/www.gaveanews.com\/index.php\/2025\/03\/18\/presidente-da-conmebol-emite-nota-oficial-direcionada-aos-times-brasileiros\/"]}]},{"@type":"ImageObject","inLanguage":"pt-BR","@id":"https:\/\/www.gaveanews.com\/index.php\/2025\/03\/18\/presidente-da-conmebol-emite-nota-oficial-direcionada-aos-times-brasileiros\/#primaryimage","url":"https:\/\/www.gaveanews.com\/wp-content\/uploads\/Taca-Libertadores-da-America.webp","contentUrl":"https:\/\/www.gaveanews.com\/wp-content\/uploads\/Taca-Libertadores-da-America.webp","width":799,"height":533,"caption":"Ta\u00e7a da Copa Libertadores da Am\u00e9rica (Foto: Gilvan de Souza\/Flamengo)"},{"@type":"BreadcrumbList","@id":"https:\/\/www.gaveanews.com\/index.php\/2025\/03\/18\/presidente-da-conmebol-emite-nota-oficial-direcionada-aos-times-brasileiros\/#breadcrumb","itemListElement":[{"@type":"ListItem","position":1,"name":"Home","item":"https:\/\/www.gaveanews.com\/"},{"@type":"ListItem","position":2,"name":"Presidente da Conmebol emite nota oficial direcionada aos times brasileiros"}]},{"@type":"WebSite","@id":"https:\/\/www.gaveanews.com\/#website","url":"https:\/\/www.gaveanews.com\/","name":"G\u00e1vea News","description":"Veja todas as not\u00edcias sobre o Flamengo: Contrata\u00e7\u00f5es, categorias de base, resultados das partidas, tabela de classifica\u00e7\u00e3o, pr\u00f3ximos jogos!","potentialAction":[{"@type":"SearchAction","target":{"@type":"EntryPoint","urlTemplate":"https:\/\/www.gaveanews.com\/?s={search_term_string}"},"query-input":{"@type":"PropertyValueSpecification","valueRequired":true,"valueName":"search_term_string"}}],"inLanguage":"pt-BR"},{"@type":"Person","@id":"https:\/\/www.gaveanews.com\/#\/schema\/person\/a9f62fe75380c6bada1b2fc49bc23d69","name":"Marco Menezes","image":{"@type":"ImageObject","inLanguage":"pt-BR","@id":"https:\/\/www.gaveanews.com\/#\/schema\/person\/image\/","url":"https:\/\/secure.gravatar.com\/avatar\/a1d148ae17fc8bfc5dbccffd07979e8bd2c9ba494221779de86ec2c7907b71ec?s=96&d=mm&r=g","contentUrl":"https:\/\/secure.gravatar.com\/avatar\/a1d148ae17fc8bfc5dbccffd07979e8bd2c9ba494221779de86ec2c7907b71ec?s=96&d=mm&r=g","caption":"Marco Menezes"}}]}},"_links":{"self":[{"href":"https:\/\/www.gaveanews.com\/index.php\/wp-json\/wp\/v2\/posts\/241457","targetHints":{"allow":["GET"]}}],"collection":[{"href":"https:\/\/www.gaveanews.com\/index.php\/wp-json\/wp\/v2\/posts"}],"about":[{"href":"https:\/\/www.gaveanews.com\/index.php\/wp-json\/wp\/v2\/types\/post"}],"author":[{"embeddable":true,"href":"https:\/\/www.gaveanews.com\/index.php\/wp-json\/wp\/v2\/users\/29"}],"replies":[{"embeddable":true,"href":"https:\/\/www.gaveanews.com\/index.php\/wp-json\/wp\/v2\/comments?post=241457"}],"version-history":[{"count":1,"href":"https:\/\/www.gaveanews.com\/index.php\/wp-json\/wp\/v2\/posts\/241457\/revisions"}],"predecessor-version":[{"id":241458,"href":"https:\/\/www.gaveanews.com\/index.php\/wp-json\/wp\/v2\/posts\/241457\/revisions\/241458"}],"wp:featuredmedia":[{"embeddable":true,"href":"https:\/\/www.gaveanews.com\/index.php\/wp-json\/wp\/v2\/media\/90054"}],"wp:attachment":[{"href":"https:\/\/www.gaveanews.com\/index.php\/wp-json\/wp\/v2\/media?parent=241457"}],"wp:term":[{"taxonomy":"category","embeddable":true,"href":"https:\/\/www.gaveanews.com\/index.php\/wp-json\/wp\/v2\/categories?post=241457"},{"taxonomy":"post_tag","embeddable":true,"href":"https:\/\/www.gaveanews.com\/index.php\/wp-json\/wp\/v2\/tags?post=241457"}],"curies":[{"name":"wp","href":"https:\/\/api.w.org\/{rel}","templated":true}]}}