{"id":24177,"date":"2019-08-06T07:06:35","date_gmt":"2019-08-06T10:06:35","guid":{"rendered":"http:\/\/www.gaveanews.com\/?p=24177"},"modified":"2019-08-06T07:53:33","modified_gmt":"2019-08-06T10:53:33","slug":"presidente-do-flamengo-rodolfo-landim-abre-o-jogo-sobre-o-futuro-do-jovem-meia-reinier-jesus","status":"publish","type":"post","link":"https:\/\/www.gaveanews.com\/index.php\/2019\/08\/06\/presidente-do-flamengo-rodolfo-landim-abre-o-jogo-sobre-o-futuro-do-jovem-meia-reinier-jesus\/","title":{"rendered":"Presidente do Flamengo, Rodolfo Landim, abre o jogo sobre o futuro do jovem meia Reinier Jesus"},"content":{"rendered":"\n<p>O mercado do Flamengo voltou a se movimentar ap\u00f3s o surgimento de not\u00edcias sobre a poss\u00edvel investida pelo centroavante Mario Balotelli. Entretanto, se novos jogadores chegam para integrar o elenco, o caminho contr\u00e1rio tamb\u00e9m poder\u00e1 acontecer. A situa\u00e7\u00e3o envolve a principal promessa do clube: Reinier.<\/p>\n\n\n\n<p>Durante transmiss\u00e3o do programa \u201cJogo Sagrado\u201c, do canal Fox Sports, o presidente Rodolfo Landim confirmou o interesse de clubes do exterior na contrata\u00e7\u00e3o do meia, de apenas 17 anos. O dirigente rubro-negro ainda foi mais contundente ao afirmar que o jogador ser\u00e1 vendido em caso de \u201cproposta irrecus\u00e1vel\u201d.<\/p>\n\n\n\n<p>\u2013 O Reinier \u00e9 uma grande promessa, diria que j\u00e1 \u00e9 uma realidade. J\u00e1 se integrou ao time de cima, \u00e9 excelente, tem 17 anos de idade, mas \u00e9 craque. Existe, de fato, interesse de outros clubes por ele. Contamos com ele em nosso plantel, mas vou ser franco com voc\u00ea: se vier uma proposta irrecus\u00e1vel, acaba saindo -, disse o mandat\u00e1rio do Fla.<\/p>\n\n\n\n<figure class=\"wp-block-embed-instagram wp-block-embed is-type-rich is-provider-instagram\"><div class=\"wp-block-embed__wrapper\">\nhttps:\/\/www.instagram.com\/p\/B0zGg-YhuvD\/\n<\/div><\/figure>\n\n\n\n<p>Landim tamb\u00e9m ressaltou que ser\u00e1 feita uma \u201can\u00e1lise de custo e benef\u00edcio\u201d no momento em que surgir uma boa oferta. A aplica\u00e7\u00e3o do valor, segundo ele, seria na aquisi\u00e7\u00e3o de novos jogadores para o plantel. Vale lembrar que recentemente o Everton, da Inglaterra, sinalizou com proposta de R$ 168 milh\u00f5es pela promessa rubro-negra.<\/p>\n\n\n\n<p>\u2014 Fazemos uma an\u00e1lise de custo e benef\u00edcio, do que acreditamos que aquele jogador vai poder gerar de recursos pra gente, o que podemos fazer com esse recurso, em termos de aquisi\u00e7\u00e3o de outros jogadores. Vamos discutir isso com o t\u00e9cnico e com o comit\u00ea de futebol -, ressaltou.<\/p>\n\n\n\n<p>Reinier se destacou nas categorias de base do Flamengo e tamb\u00e9m pela sele\u00e7\u00e3o brasileira sub-17, chamando rapidamente a aten\u00e7\u00e3o dos torcedores. Integrado ao elenco principal no final de julho, o jogador acumula apenas dois jogos entre os profissionais, mas dever\u00e1 estar novamente em campo pelo clube para a partida contra o Gr\u00eamio, que acontece no pr\u00f3ximo s\u00e1bado (10), no Maracan\u00e3.<\/p>\n\n\n\n\n\n<p>Retirado de: Coluna do Fla<\/p>\n","protected":false},"excerpt":{"rendered":"<p>O mercado do Flamengo voltou a se movimentar ap\u00f3s o surgimento de not\u00edcias sobre a poss\u00edvel investida pelo centroavante Mario Balotelli. Entretanto, se novos jogadores chegam para integrar o elenco, o caminho contr\u00e1rio tamb\u00e9m poder\u00e1 acontecer. A situa\u00e7\u00e3o envolve a principal promessa do clube: Reinier. Durante transmiss\u00e3o do programa \u201cJogo Sagrado\u201c, do canal Fox Sports, [&hellip;]<\/p>\n","protected":false},"author":1,"featured_media":14691,"comment_status":"open","ping_status":"open","sticky":false,"template":"","format":"standard","meta":{"footnotes":""},"categories":[48],"tags":[],"class_list":["post-24177","post","type-post","status-publish","format-standard","has-post-thumbnail","hentry","category-negociacoes"],"yoast_head":"<!-- This site is optimized with the Yoast SEO Premium plugin v24.2 (Yoast SEO v26.9) - https:\/\/yoast.com\/product\/yoast-seo-premium-wordpress\/ -->\n<title>Presidente do Flamengo, Rodolfo Landim, abre o jogo sobre o futuro do jovem meia Reinier Jesus<\/title>\n<meta name=\"robots\" content=\"index, follow, max-snippet:-1, max-image-preview:large, max-video-preview:-1\" \/>\n<link rel=\"canonical\" href=\"https:\/\/www.gaveanews.com\/index.php\/2019\/08\/06\/presidente-do-flamengo-rodolfo-landim-abre-o-jogo-sobre-o-futuro-do-jovem-meia-reinier-jesus\/\" \/>\n<meta property=\"og:locale\" content=\"pt_BR\" \/>\n<meta property=\"og:type\" content=\"article\" \/>\n<meta property=\"og:title\" content=\"Presidente do Flamengo, Rodolfo Landim, abre o jogo sobre o futuro do jovem meia Reinier Jesus\" \/>\n<meta property=\"og:description\" content=\"O mercado do Flamengo voltou a se movimentar ap\u00f3s o surgimento de not\u00edcias sobre a poss\u00edvel investida pelo centroavante Mario Balotelli. Entretanto, se novos jogadores chegam para integrar o elenco, o caminho contr\u00e1rio tamb\u00e9m poder\u00e1 acontecer. A situa\u00e7\u00e3o envolve a principal promessa do clube: Reinier. Durante transmiss\u00e3o do programa \u201cJogo Sagrado\u201c, do canal Fox Sports, [&hellip;]\" \/>\n<meta property=\"og:url\" content=\"https:\/\/www.gaveanews.com\/index.php\/2019\/08\/06\/presidente-do-flamengo-rodolfo-landim-abre-o-jogo-sobre-o-futuro-do-jovem-meia-reinier-jesus\/\" \/>\n<meta property=\"og:site_name\" content=\"G\u00e1vea News\" \/>\n<meta property=\"article:publisher\" content=\"https:\/\/facebook.com\/gaveaNews\/\" \/>\n<meta property=\"article:published_time\" content=\"2019-08-06T10:06:35+00:00\" \/>\n<meta property=\"article:modified_time\" content=\"2019-08-06T10:53:33+00:00\" \/>\n<meta property=\"og:image\" content=\"https:\/\/www.gaveanews.com\/wp-content\/uploads\/2019\/03\/Reinier-em-acao-com-a-camisa-do-Flamengo.webp\" \/>\n\t<meta property=\"og:image:width\" content=\"1\" \/>\n\t<meta property=\"og:image:height\" content=\"1\" \/>\n\t<meta property=\"og:image:type\" content=\"image\/jpeg\" \/>\n<meta name=\"author\" content=\"Equipe G\u00e1vea News\" \/>\n<meta name=\"twitter:card\" content=\"summary_large_image\" \/>\n<meta name=\"twitter:label1\" content=\"Escrito por\" \/>\n\t<meta name=\"twitter:data1\" content=\"Equipe G\u00e1vea News\" \/>\n\t<meta name=\"twitter:label2\" content=\"Est. tempo de leitura\" \/>\n\t<meta name=\"twitter:data2\" content=\"2 minutos\" \/>\n<script type=\"application\/ld+json\" class=\"yoast-schema-graph\">{\"@context\":\"https:\/\/schema.org\",\"@graph\":[{\"@type\":\"NewsArticle\",\"@id\":\"https:\/\/www.gaveanews.com\/index.php\/2019\/08\/06\/presidente-do-flamengo-rodolfo-landim-abre-o-jogo-sobre-o-futuro-do-jovem-meia-reinier-jesus\/#article\",\"isPartOf\":{\"@id\":\"https:\/\/www.gaveanews.com\/index.php\/2019\/08\/06\/presidente-do-flamengo-rodolfo-landim-abre-o-jogo-sobre-o-futuro-do-jovem-meia-reinier-jesus\/\"},\"author\":{\"name\":\"Equipe G\u00e1vea News\",\"@id\":\"https:\/\/www.gaveanews.com\/#\/schema\/person\/2ec14f73fb96be2caf28f91afb14749d\"},\"headline\":\"Presidente do Flamengo, Rodolfo Landim, abre o jogo sobre o futuro do jovem meia Reinier Jesus\",\"datePublished\":\"2019-08-06T10:06:35+00:00\",\"dateModified\":\"2019-08-06T10:53:33+00:00\",\"mainEntityOfPage\":{\"@id\":\"https:\/\/www.gaveanews.com\/index.php\/2019\/08\/06\/presidente-do-flamengo-rodolfo-landim-abre-o-jogo-sobre-o-futuro-do-jovem-meia-reinier-jesus\/\"},\"wordCount\":364,\"commentCount\":0,\"image\":{\"@id\":\"https:\/\/www.gaveanews.com\/index.php\/2019\/08\/06\/presidente-do-flamengo-rodolfo-landim-abre-o-jogo-sobre-o-futuro-do-jovem-meia-reinier-jesus\/#primaryimage\"},\"thumbnailUrl\":\"https:\/\/www.gaveanews.com\/wp-content\/uploads\/2019\/03\/Reinier-em-acao-com-a-camisa-do-Flamengo.webp\",\"articleSection\":[\"Negocia\u00e7\u00f5es\"],\"inLanguage\":\"pt-BR\",\"potentialAction\":[{\"@type\":\"CommentAction\",\"name\":\"Comment\",\"target\":[\"https:\/\/www.gaveanews.com\/index.php\/2019\/08\/06\/presidente-do-flamengo-rodolfo-landim-abre-o-jogo-sobre-o-futuro-do-jovem-meia-reinier-jesus\/#respond\"]}],\"copyrightYear\":\"2019\",\"copyrightHolder\":{\"@id\":\"https:\/\/www.gaveanews.com\/#organization\"}},{\"@type\":\"WebPage\",\"@id\":\"https:\/\/www.gaveanews.com\/index.php\/2019\/08\/06\/presidente-do-flamengo-rodolfo-landim-abre-o-jogo-sobre-o-futuro-do-jovem-meia-reinier-jesus\/\",\"url\":\"https:\/\/www.gaveanews.com\/index.php\/2019\/08\/06\/presidente-do-flamengo-rodolfo-landim-abre-o-jogo-sobre-o-futuro-do-jovem-meia-reinier-jesus\/\",\"name\":\"Presidente do Flamengo, Rodolfo Landim, abre o jogo sobre o futuro do jovem meia Reinier Jesus\",\"isPartOf\":{\"@id\":\"https:\/\/www.gaveanews.com\/#website\"},\"primaryImageOfPage\":{\"@id\":\"https:\/\/www.gaveanews.com\/index.php\/2019\/08\/06\/presidente-do-flamengo-rodolfo-landim-abre-o-jogo-sobre-o-futuro-do-jovem-meia-reinier-jesus\/#primaryimage\"},\"image\":{\"@id\":\"https:\/\/www.gaveanews.com\/index.php\/2019\/08\/06\/presidente-do-flamengo-rodolfo-landim-abre-o-jogo-sobre-o-futuro-do-jovem-meia-reinier-jesus\/#primaryimage\"},\"thumbnailUrl\":\"https:\/\/www.gaveanews.com\/wp-content\/uploads\/2019\/03\/Reinier-em-acao-com-a-camisa-do-Flamengo.webp\",\"datePublished\":\"2019-08-06T10:06:35+00:00\",\"dateModified\":\"2019-08-06T10:53:33+00:00\",\"author\":{\"@id\":\"https:\/\/www.gaveanews.com\/#\/schema\/person\/2ec14f73fb96be2caf28f91afb14749d\"},\"breadcrumb\":{\"@id\":\"https:\/\/www.gaveanews.com\/index.php\/2019\/08\/06\/presidente-do-flamengo-rodolfo-landim-abre-o-jogo-sobre-o-futuro-do-jovem-meia-reinier-jesus\/#breadcrumb\"},\"inLanguage\":\"pt-BR\",\"potentialAction\":[{\"@type\":\"ReadAction\",\"target\":[\"https:\/\/www.gaveanews.com\/index.php\/2019\/08\/06\/presidente-do-flamengo-rodolfo-landim-abre-o-jogo-sobre-o-futuro-do-jovem-meia-reinier-jesus\/\"]}]},{\"@type\":\"ImageObject\",\"inLanguage\":\"pt-BR\",\"@id\":\"https:\/\/www.gaveanews.com\/index.php\/2019\/08\/06\/presidente-do-flamengo-rodolfo-landim-abre-o-jogo-sobre-o-futuro-do-jovem-meia-reinier-jesus\/#primaryimage\",\"url\":\"https:\/\/www.gaveanews.com\/wp-content\/uploads\/2019\/03\/Reinier-em-acao-com-a-camisa-do-Flamengo.webp\",\"contentUrl\":\"https:\/\/www.gaveanews.com\/wp-content\/uploads\/2019\/03\/Reinier-em-acao-com-a-camisa-do-Flamengo.webp\",\"caption\":\"Reinier em a\u00e7\u00e3o com a camisa do Flamengo (Foto: Reprodu\u00e7\u00e3o\/Instagram)\"},{\"@type\":\"BreadcrumbList\",\"@id\":\"https:\/\/www.gaveanews.com\/index.php\/2019\/08\/06\/presidente-do-flamengo-rodolfo-landim-abre-o-jogo-sobre-o-futuro-do-jovem-meia-reinier-jesus\/#breadcrumb\",\"itemListElement\":[{\"@type\":\"ListItem\",\"position\":1,\"name\":\"Home\",\"item\":\"https:\/\/www.gaveanews.com\/\"},{\"@type\":\"ListItem\",\"position\":2,\"name\":\"Presidente do Flamengo, Rodolfo Landim, abre o jogo sobre o futuro do jovem meia Reinier Jesus\"}]},{\"@type\":\"WebSite\",\"@id\":\"https:\/\/www.gaveanews.com\/#website\",\"url\":\"https:\/\/www.gaveanews.com\/\",\"name\":\"G\u00e1vea News\",\"description\":\"Veja todas as not\u00edcias sobre o Flamengo: Contrata\u00e7\u00f5es, categorias de base, resultados das partidas, tabela de classifica\u00e7\u00e3o, pr\u00f3ximos jogos!\",\"potentialAction\":[{\"@type\":\"SearchAction\",\"target\":{\"@type\":\"EntryPoint\",\"urlTemplate\":\"https:\/\/www.gaveanews.com\/?s={search_term_string}\"},\"query-input\":{\"@type\":\"PropertyValueSpecification\",\"valueRequired\":true,\"valueName\":\"search_term_string\"}}],\"inLanguage\":\"pt-BR\"},{\"@type\":\"Person\",\"@id\":\"https:\/\/www.gaveanews.com\/#\/schema\/person\/2ec14f73fb96be2caf28f91afb14749d\",\"name\":\"Equipe G\u00e1vea News\",\"image\":{\"@type\":\"ImageObject\",\"inLanguage\":\"pt-BR\",\"@id\":\"https:\/\/www.gaveanews.com\/#\/schema\/person\/image\/\",\"url\":\"https:\/\/secure.gravatar.com\/avatar\/1e1956f1facbffd3f8fa53a326721950116b3b9dc9bd44939c01180fd4a745a9?s=96&d=mm&r=g\",\"contentUrl\":\"https:\/\/secure.gravatar.com\/avatar\/1e1956f1facbffd3f8fa53a326721950116b3b9dc9bd44939c01180fd4a745a9?s=96&d=mm&r=g\",\"caption\":\"Equipe G\u00e1vea News\"}}]}<\/script>\n<!-- \/ Yoast SEO Premium plugin. -->","yoast_head_json":{"title":"Presidente do Flamengo, Rodolfo Landim, abre o jogo sobre o futuro do jovem meia Reinier Jesus","robots":{"index":"index","follow":"follow","max-snippet":"max-snippet:-1","max-image-preview":"max-image-preview:large","max-video-preview":"max-video-preview:-1"},"canonical":"https:\/\/www.gaveanews.com\/index.php\/2019\/08\/06\/presidente-do-flamengo-rodolfo-landim-abre-o-jogo-sobre-o-futuro-do-jovem-meia-reinier-jesus\/","og_locale":"pt_BR","og_type":"article","og_title":"Presidente do Flamengo, Rodolfo Landim, abre o jogo sobre o futuro do jovem meia Reinier Jesus","og_description":"O mercado do Flamengo voltou a se movimentar ap\u00f3s o surgimento de not\u00edcias sobre a poss\u00edvel investida pelo centroavante Mario Balotelli. Entretanto, se novos jogadores chegam para integrar o elenco, o caminho contr\u00e1rio tamb\u00e9m poder\u00e1 acontecer. A situa\u00e7\u00e3o envolve a principal promessa do clube: Reinier. Durante transmiss\u00e3o do programa \u201cJogo Sagrado\u201c, do canal Fox Sports, [&hellip;]","og_url":"https:\/\/www.gaveanews.com\/index.php\/2019\/08\/06\/presidente-do-flamengo-rodolfo-landim-abre-o-jogo-sobre-o-futuro-do-jovem-meia-reinier-jesus\/","og_site_name":"G\u00e1vea News","article_publisher":"https:\/\/facebook.com\/gaveaNews\/","article_published_time":"2019-08-06T10:06:35+00:00","article_modified_time":"2019-08-06T10:53:33+00:00","og_image":[{"url":"https:\/\/www.gaveanews.com\/wp-content\/uploads\/2019\/03\/Reinier-em-acao-com-a-camisa-do-Flamengo.webp","width":1,"height":1,"type":"image\/jpeg"}],"author":"Equipe G\u00e1vea News","twitter_card":"summary_large_image","twitter_misc":{"Escrito por":"Equipe G\u00e1vea News","Est. tempo de leitura":"2 minutos"},"schema":{"@context":"https:\/\/schema.org","@graph":[{"@type":"NewsArticle","@id":"https:\/\/www.gaveanews.com\/index.php\/2019\/08\/06\/presidente-do-flamengo-rodolfo-landim-abre-o-jogo-sobre-o-futuro-do-jovem-meia-reinier-jesus\/#article","isPartOf":{"@id":"https:\/\/www.gaveanews.com\/index.php\/2019\/08\/06\/presidente-do-flamengo-rodolfo-landim-abre-o-jogo-sobre-o-futuro-do-jovem-meia-reinier-jesus\/"},"author":{"name":"Equipe G\u00e1vea News","@id":"https:\/\/www.gaveanews.com\/#\/schema\/person\/2ec14f73fb96be2caf28f91afb14749d"},"headline":"Presidente do Flamengo, Rodolfo Landim, abre o jogo sobre o futuro do jovem meia Reinier Jesus","datePublished":"2019-08-06T10:06:35+00:00","dateModified":"2019-08-06T10:53:33+00:00","mainEntityOfPage":{"@id":"https:\/\/www.gaveanews.com\/index.php\/2019\/08\/06\/presidente-do-flamengo-rodolfo-landim-abre-o-jogo-sobre-o-futuro-do-jovem-meia-reinier-jesus\/"},"wordCount":364,"commentCount":0,"image":{"@id":"https:\/\/www.gaveanews.com\/index.php\/2019\/08\/06\/presidente-do-flamengo-rodolfo-landim-abre-o-jogo-sobre-o-futuro-do-jovem-meia-reinier-jesus\/#primaryimage"},"thumbnailUrl":"https:\/\/www.gaveanews.com\/wp-content\/uploads\/2019\/03\/Reinier-em-acao-com-a-camisa-do-Flamengo.webp","articleSection":["Negocia\u00e7\u00f5es"],"inLanguage":"pt-BR","potentialAction":[{"@type":"CommentAction","name":"Comment","target":["https:\/\/www.gaveanews.com\/index.php\/2019\/08\/06\/presidente-do-flamengo-rodolfo-landim-abre-o-jogo-sobre-o-futuro-do-jovem-meia-reinier-jesus\/#respond"]}],"copyrightYear":"2019","copyrightHolder":{"@id":"https:\/\/www.gaveanews.com\/#organization"}},{"@type":"WebPage","@id":"https:\/\/www.gaveanews.com\/index.php\/2019\/08\/06\/presidente-do-flamengo-rodolfo-landim-abre-o-jogo-sobre-o-futuro-do-jovem-meia-reinier-jesus\/","url":"https:\/\/www.gaveanews.com\/index.php\/2019\/08\/06\/presidente-do-flamengo-rodolfo-landim-abre-o-jogo-sobre-o-futuro-do-jovem-meia-reinier-jesus\/","name":"Presidente do Flamengo, Rodolfo Landim, abre o jogo sobre o futuro do jovem meia Reinier Jesus","isPartOf":{"@id":"https:\/\/www.gaveanews.com\/#website"},"primaryImageOfPage":{"@id":"https:\/\/www.gaveanews.com\/index.php\/2019\/08\/06\/presidente-do-flamengo-rodolfo-landim-abre-o-jogo-sobre-o-futuro-do-jovem-meia-reinier-jesus\/#primaryimage"},"image":{"@id":"https:\/\/www.gaveanews.com\/index.php\/2019\/08\/06\/presidente-do-flamengo-rodolfo-landim-abre-o-jogo-sobre-o-futuro-do-jovem-meia-reinier-jesus\/#primaryimage"},"thumbnailUrl":"https:\/\/www.gaveanews.com\/wp-content\/uploads\/2019\/03\/Reinier-em-acao-com-a-camisa-do-Flamengo.webp","datePublished":"2019-08-06T10:06:35+00:00","dateModified":"2019-08-06T10:53:33+00:00","author":{"@id":"https:\/\/www.gaveanews.com\/#\/schema\/person\/2ec14f73fb96be2caf28f91afb14749d"},"breadcrumb":{"@id":"https:\/\/www.gaveanews.com\/index.php\/2019\/08\/06\/presidente-do-flamengo-rodolfo-landim-abre-o-jogo-sobre-o-futuro-do-jovem-meia-reinier-jesus\/#breadcrumb"},"inLanguage":"pt-BR","potentialAction":[{"@type":"ReadAction","target":["https:\/\/www.gaveanews.com\/index.php\/2019\/08\/06\/presidente-do-flamengo-rodolfo-landim-abre-o-jogo-sobre-o-futuro-do-jovem-meia-reinier-jesus\/"]}]},{"@type":"ImageObject","inLanguage":"pt-BR","@id":"https:\/\/www.gaveanews.com\/index.php\/2019\/08\/06\/presidente-do-flamengo-rodolfo-landim-abre-o-jogo-sobre-o-futuro-do-jovem-meia-reinier-jesus\/#primaryimage","url":"https:\/\/www.gaveanews.com\/wp-content\/uploads\/2019\/03\/Reinier-em-acao-com-a-camisa-do-Flamengo.webp","contentUrl":"https:\/\/www.gaveanews.com\/wp-content\/uploads\/2019\/03\/Reinier-em-acao-com-a-camisa-do-Flamengo.webp","caption":"Reinier em a\u00e7\u00e3o com a camisa do Flamengo (Foto: Reprodu\u00e7\u00e3o\/Instagram)"},{"@type":"BreadcrumbList","@id":"https:\/\/www.gaveanews.com\/index.php\/2019\/08\/06\/presidente-do-flamengo-rodolfo-landim-abre-o-jogo-sobre-o-futuro-do-jovem-meia-reinier-jesus\/#breadcrumb","itemListElement":[{"@type":"ListItem","position":1,"name":"Home","item":"https:\/\/www.gaveanews.com\/"},{"@type":"ListItem","position":2,"name":"Presidente do Flamengo, Rodolfo Landim, abre o jogo sobre o futuro do jovem meia Reinier Jesus"}]},{"@type":"WebSite","@id":"https:\/\/www.gaveanews.com\/#website","url":"https:\/\/www.gaveanews.com\/","name":"G\u00e1vea News","description":"Veja todas as not\u00edcias sobre o Flamengo: Contrata\u00e7\u00f5es, categorias de base, resultados das partidas, tabela de classifica\u00e7\u00e3o, pr\u00f3ximos jogos!","potentialAction":[{"@type":"SearchAction","target":{"@type":"EntryPoint","urlTemplate":"https:\/\/www.gaveanews.com\/?s={search_term_string}"},"query-input":{"@type":"PropertyValueSpecification","valueRequired":true,"valueName":"search_term_string"}}],"inLanguage":"pt-BR"},{"@type":"Person","@id":"https:\/\/www.gaveanews.com\/#\/schema\/person\/2ec14f73fb96be2caf28f91afb14749d","name":"Equipe G\u00e1vea News","image":{"@type":"ImageObject","inLanguage":"pt-BR","@id":"https:\/\/www.gaveanews.com\/#\/schema\/person\/image\/","url":"https:\/\/secure.gravatar.com\/avatar\/1e1956f1facbffd3f8fa53a326721950116b3b9dc9bd44939c01180fd4a745a9?s=96&d=mm&r=g","contentUrl":"https:\/\/secure.gravatar.com\/avatar\/1e1956f1facbffd3f8fa53a326721950116b3b9dc9bd44939c01180fd4a745a9?s=96&d=mm&r=g","caption":"Equipe G\u00e1vea News"}}]}},"_links":{"self":[{"href":"https:\/\/www.gaveanews.com\/index.php\/wp-json\/wp\/v2\/posts\/24177","targetHints":{"allow":["GET"]}}],"collection":[{"href":"https:\/\/www.gaveanews.com\/index.php\/wp-json\/wp\/v2\/posts"}],"about":[{"href":"https:\/\/www.gaveanews.com\/index.php\/wp-json\/wp\/v2\/types\/post"}],"author":[{"embeddable":true,"href":"https:\/\/www.gaveanews.com\/index.php\/wp-json\/wp\/v2\/users\/1"}],"replies":[{"embeddable":true,"href":"https:\/\/www.gaveanews.com\/index.php\/wp-json\/wp\/v2\/comments?post=24177"}],"version-history":[{"count":0,"href":"https:\/\/www.gaveanews.com\/index.php\/wp-json\/wp\/v2\/posts\/24177\/revisions"}],"wp:featuredmedia":[{"embeddable":true,"href":"https:\/\/www.gaveanews.com\/index.php\/wp-json\/wp\/v2\/media\/14691"}],"wp:attachment":[{"href":"https:\/\/www.gaveanews.com\/index.php\/wp-json\/wp\/v2\/media?parent=24177"}],"wp:term":[{"taxonomy":"category","embeddable":true,"href":"https:\/\/www.gaveanews.com\/index.php\/wp-json\/wp\/v2\/categories?post=24177"},{"taxonomy":"post_tag","embeddable":true,"href":"https:\/\/www.gaveanews.com\/index.php\/wp-json\/wp\/v2\/tags?post=24177"}],"curies":[{"name":"wp","href":"https:\/\/api.w.org\/{rel}","templated":true}]}}