{"id":241902,"date":"2025-03-19T12:15:00","date_gmt":"2025-03-19T15:15:00","guid":{"rendered":"https:\/\/www.gaveanews.com\/?p=241902"},"modified":"2025-03-19T12:10:14","modified_gmt":"2025-03-19T15:10:14","slug":"cleiton-philippe-coutinho-cuello-e-german-cano-a-selecao-da-2a-fase-da-copa-do-brasil","status":"publish","type":"post","link":"https:\/\/www.gaveanews.com\/index.php\/2025\/03\/19\/cleiton-philippe-coutinho-cuello-e-german-cano-a-selecao-da-2a-fase-da-copa-do-brasil\/","title":{"rendered":"Cleiton, Philippe Coutinho, Cuello e Germ\u00e1n Cano: a sele\u00e7\u00e3o da 2\u00aa fase da Copa do Brasil"},"content":{"rendered":"\n<p>A 2\u00aa fase da Copa do Brasil trouxe grandes emo\u00e7\u00f5es e destaques no cen\u00e1rio do futebol nacional. Ap\u00f3s jogos intensos, a Confedera\u00e7\u00e3o Brasileira de Futebol (CBF) divulgou o time ideal dessa etapa do torneio, que conta com nomes como Philippe Coutinho, Germ\u00e1n Cano e Cleiton, que brilharam e levaram seus times a momentos decisivos.<\/p>\n\n\n\n<h2 class=\"wp-block-heading\" id=\"h-philippe-coutinho-brilha-e-lidera-o-vasco\">Philippe Coutinho brilha e lidera o Vasco<\/h2>\n\n\n\n<figure class=\"wp-block-image size-large\"><img loading=\"lazy\" decoding=\"async\" width=\"1024\" height=\"768\" src=\"http:\/\/www.gaveanews.com\/wp-content\/uploads\/Philippe-Coutinho-em-acao-pelo-Vasco-1024x768.webp\" alt=\"\" class=\"wp-image-151729\" srcset=\"https:\/\/www.gaveanews.com\/wp-content\/uploads\/Philippe-Coutinho-em-acao-pelo-Vasco-1024x768.webp 1024w, https:\/\/www.gaveanews.com\/wp-content\/uploads\/Philippe-Coutinho-em-acao-pelo-Vasco-300x225.webp 300w, https:\/\/www.gaveanews.com\/wp-content\/uploads\/Philippe-Coutinho-em-acao-pelo-Vasco-768x576.webp 768w, https:\/\/www.gaveanews.com\/wp-content\/uploads\/Philippe-Coutinho-em-acao-pelo-Vasco-560x420.webp 560w, https:\/\/www.gaveanews.com\/wp-content\/uploads\/Philippe-Coutinho-em-acao-pelo-Vasco-80x60.webp 80w, https:\/\/www.gaveanews.com\/wp-content\/uploads\/Philippe-Coutinho-em-acao-pelo-Vasco-160x120.webp 160w, https:\/\/www.gaveanews.com\/wp-content\/uploads\/Philippe-Coutinho-em-acao-pelo-Vasco-100x75.webp 100w, https:\/\/www.gaveanews.com\/wp-content\/uploads\/Philippe-Coutinho-em-acao-pelo-Vasco-200x150.webp 200w, https:\/\/www.gaveanews.com\/wp-content\/uploads\/Philippe-Coutinho-em-acao-pelo-Vasco-180x135.webp 180w, https:\/\/www.gaveanews.com\/wp-content\/uploads\/Philippe-Coutinho-em-acao-pelo-Vasco-360x270.webp 360w, https:\/\/www.gaveanews.com\/wp-content\/uploads\/Philippe-Coutinho-em-acao-pelo-Vasco-238x178.webp 238w, https:\/\/www.gaveanews.com\/wp-content\/uploads\/Philippe-Coutinho-em-acao-pelo-Vasco-476x356.webp 476w, https:\/\/www.gaveanews.com\/wp-content\/uploads\/Philippe-Coutinho-em-acao-pelo-Vasco-640x480.webp 640w, https:\/\/www.gaveanews.com\/wp-content\/uploads\/Philippe-Coutinho-em-acao-pelo-Vasco-681x511.webp 681w, https:\/\/www.gaveanews.com\/wp-content\/uploads\/Philippe-Coutinho-em-acao-pelo-Vasco.webp 1080w\" sizes=\"auto, (max-width: 1024px) 100vw, 1024px\" \/><figcaption class=\"wp-element-caption\">Philippe Coutinho em a\u00e7\u00e3o pelo Vasco (Foto: Reprodu\u00e7\u00e3o\/Vasco)<\/figcaption><\/figure>\n\n\n\n<p>Philippe Coutinho foi um dos principais destaques dessa fase da Copa do Brasil. O meia do Vasco foi o autor de dois gols na vit\u00f3ria de sua equipe por 3 a 0 contra o Nova Igua\u00e7u.&nbsp;<\/p>\n\n\n\n<p>Desse jeito, Coutinho mostrou sua qualidade e precis\u00e3o, ajudando a garantir a classifica\u00e7\u00e3o do time carioca. Isso porque ele teve uma performance decisiva e apareceu nos momentos mais importantes da partida, sendo eleito para a sele\u00e7\u00e3o da 2\u00aa fase do torneio.<\/p>\n\n\n\n<h2 class=\"wp-block-heading\" id=\"h-german-cano-100-gols-e-mais-uma-grande-exibicao\">Germ\u00e1n Cano: 100 gols e mais uma grande exibi\u00e7\u00e3o<\/h2>\n\n\n\n<figure class=\"wp-block-image size-full\"><img loading=\"lazy\" decoding=\"async\" width=\"908\" height=\"637\" src=\"http:\/\/www.gaveanews.com\/wp-content\/uploads\/German-Cano-em-acao-pelo-Fluminense.webp\" alt=\"\" class=\"wp-image-170376\" srcset=\"https:\/\/www.gaveanews.com\/wp-content\/uploads\/German-Cano-em-acao-pelo-Fluminense.webp 908w, https:\/\/www.gaveanews.com\/wp-content\/uploads\/German-Cano-em-acao-pelo-Fluminense-300x210.webp 300w, https:\/\/www.gaveanews.com\/wp-content\/uploads\/German-Cano-em-acao-pelo-Fluminense-768x539.webp 768w, https:\/\/www.gaveanews.com\/wp-content\/uploads\/German-Cano-em-acao-pelo-Fluminense-599x420.webp 599w, https:\/\/www.gaveanews.com\/wp-content\/uploads\/German-Cano-em-acao-pelo-Fluminense-640x449.webp 640w, https:\/\/www.gaveanews.com\/wp-content\/uploads\/German-Cano-em-acao-pelo-Fluminense-681x478.webp 681w, https:\/\/www.gaveanews.com\/wp-content\/uploads\/German-Cano-em-acao-pelo-Fluminense-100x70.webp 100w\" sizes=\"auto, (max-width: 908px) 100vw, 908px\" \/><figcaption class=\"wp-element-caption\">Germ\u00e1n Cano em a\u00e7\u00e3o pelo Fluminense (Foto: Lucas Mer\u00e7on\/Fluminense)<\/figcaption><\/figure>\n\n\n\n<p>Outro nome de peso da sele\u00e7\u00e3o \u00e9 Germ\u00e1n Cano, atacante do Fluminense, que tamb\u00e9m teve uma participa\u00e7\u00e3o fundamental. O argentino marcou dois gols na vit\u00f3ria por 2 a 1 sobre o Caxias, e com isso, alcan\u00e7ou a marca de 100 gols com a camisa do Tricolor.&nbsp;<\/p>\n\n\n\n<p>Vale destacar que Cano se tornou o terceiro jogador do s\u00e9culo a atingir essa marca hist\u00f3rica pelo clube carioca. Sendo assim, ele reafirmou sua import\u00e2ncia para a equipe e sua capacidade de decidir jogos.<\/p>\n\n\n\n<h2 class=\"wp-block-heading\" id=\"h-cleiton-salva-o-bragantino-com-defesas-decisivas\">Cleiton salva o Bragantino com defesas decisivas<\/h2>\n\n\n\n<figure class=\"wp-block-image size-full\"><img loading=\"lazy\" decoding=\"async\" width=\"984\" height=\"711\" src=\"http:\/\/www.gaveanews.com\/wp-content\/uploads\/Cleiton-pelo-Bragantino.webp\" alt=\"\" class=\"wp-image-169753\" srcset=\"https:\/\/www.gaveanews.com\/wp-content\/uploads\/Cleiton-pelo-Bragantino.webp 984w, https:\/\/www.gaveanews.com\/wp-content\/uploads\/Cleiton-pelo-Bragantino-300x217.webp 300w, https:\/\/www.gaveanews.com\/wp-content\/uploads\/Cleiton-pelo-Bragantino-768x555.webp 768w, https:\/\/www.gaveanews.com\/wp-content\/uploads\/Cleiton-pelo-Bragantino-581x420.webp 581w, https:\/\/www.gaveanews.com\/wp-content\/uploads\/Cleiton-pelo-Bragantino-640x462.webp 640w, https:\/\/www.gaveanews.com\/wp-content\/uploads\/Cleiton-pelo-Bragantino-681x492.webp 681w, https:\/\/www.gaveanews.com\/wp-content\/uploads\/Cleiton-pelo-Bragantino-100x72.webp 100w\" sizes=\"auto, (max-width: 984px) 100vw, 984px\" \/><figcaption class=\"wp-element-caption\">Cleiton pelo Bragantino (Foto: Ari Ferreira\/Bragantino)<\/figcaption><\/figure>\n\n\n\n<p>O goleiro Cleiton, do Bragantino, tamb\u00e9m teve uma atua\u00e7\u00e3o impressionante na 2\u00aa fase. Ap\u00f3s um empate por 1 a 1 com o S\u00e3o Jos\u00e9-RS no tempo regulamentar, Cleiton se destacou na decis\u00e3o por p\u00eanaltis.&nbsp;<\/p>\n\n\n\n<p>O goleiro fez uma defesa crucial na terceira cobran\u00e7a do time advers\u00e1rio e, na \u00faltima cobran\u00e7a, foi ainda mais decisivo ao marcar e garantir a vit\u00f3ria do Massa Bruta por 4 a 2. Com isso, Cleiton se firmou como um dos grandes nomes dessa fase da competi\u00e7\u00e3o.<\/p>\n\n\n\n<h2 class=\"wp-block-heading\" id=\"h-a-selecao-ideal-da-2\u00aa-fase\">A sele\u00e7\u00e3o ideal da 2\u00aa fase<\/h2>\n\n\n\n<p>O time ideal da 2\u00aa fase da Copa do Brasil conta com grandes nomes do futebol brasileiro, como Cleiton (Bragantino), Marcos Ytalo (N\u00e1utico), Jahn Pool Torres (Brusque), Tiago Pagnussat (Vila Nova), Marcelo Hermes (Crici\u00fama), Gama (Botafogo-PB), Z\u00e9 Vitor (Maring\u00e1), Philippe Coutinho (Vasco), Cuello (Atl\u00e9tico-MG), Luiz Fernando (Athletico-PR) e Germ\u00e1n Cano (Fluminense).&nbsp;<\/p>\n\n\n\n<p>O t\u00e9cnico escolhido para comandar esse time de estrelas foi Marquinho Santos, do N\u00e1utico.<\/p>\n","protected":false},"excerpt":{"rendered":"<p>A 2\u00aa fase da Copa do Brasil trouxe grandes emo\u00e7\u00f5es e destaques no cen\u00e1rio do futebol nacional. Ap\u00f3s jogos intensos, a Confedera\u00e7\u00e3o Brasileira de Futebol (CBF) divulgou o time ideal dessa etapa do torneio, que conta com nomes como Philippe Coutinho, Germ\u00e1n Cano e Cleiton, que brilharam e levaram seus times a momentos decisivos. Philippe [&hellip;]<\/p>\n","protected":false},"author":25,"featured_media":153282,"comment_status":"open","ping_status":"closed","sticky":false,"template":"","format":"standard","meta":{"footnotes":""},"categories":[140,145,152],"tags":[],"class_list":["post-241902","post","type-post","status-publish","format-standard","has-post-thumbnail","hentry","category-bragantino","category-fluminense","category-vasco"],"yoast_head":"<!-- This site is optimized with the Yoast SEO Premium plugin v24.2 (Yoast SEO v26.9) - https:\/\/yoast.com\/product\/yoast-seo-premium-wordpress\/ -->\n<title>Cleiton, Philippe Coutinho, Cuello e Germ\u00e1n Cano: a sele\u00e7\u00e3o da 2\u00aa fase da Copa do Brasil<\/title>\n<meta name=\"robots\" content=\"index, follow, max-snippet:-1, max-image-preview:large, max-video-preview:-1\" \/>\n<link rel=\"canonical\" href=\"https:\/\/www.gaveanews.com\/index.php\/2025\/03\/19\/cleiton-philippe-coutinho-cuello-e-german-cano-a-selecao-da-2a-fase-da-copa-do-brasil\/\" \/>\n<meta property=\"og:locale\" content=\"pt_BR\" \/>\n<meta property=\"og:type\" content=\"article\" \/>\n<meta property=\"og:title\" content=\"Cleiton, Philippe Coutinho, Cuello e Germ\u00e1n Cano: a sele\u00e7\u00e3o da 2\u00aa fase da Copa do Brasil\" \/>\n<meta property=\"og:description\" content=\"A 2\u00aa fase da Copa do Brasil trouxe grandes emo\u00e7\u00f5es e destaques no cen\u00e1rio do futebol nacional. Ap\u00f3s jogos intensos, a Confedera\u00e7\u00e3o Brasileira de Futebol (CBF) divulgou o time ideal dessa etapa do torneio, que conta com nomes como Philippe Coutinho, Germ\u00e1n Cano e Cleiton, que brilharam e levaram seus times a momentos decisivos. Philippe [&hellip;]\" \/>\n<meta property=\"og:url\" content=\"https:\/\/www.gaveanews.com\/index.php\/2025\/03\/19\/cleiton-philippe-coutinho-cuello-e-german-cano-a-selecao-da-2a-fase-da-copa-do-brasil\/\" \/>\n<meta property=\"og:site_name\" content=\"G\u00e1vea News\" \/>\n<meta property=\"article:publisher\" content=\"https:\/\/facebook.com\/gaveaNews\/\" \/>\n<meta property=\"article:published_time\" content=\"2025-03-19T15:15:00+00:00\" \/>\n<meta property=\"og:image\" content=\"https:\/\/www.gaveanews.com\/wp-content\/uploads\/Philippe-Coutinho-durante-apresentacao-ao-Vasco-da-Gama-em-Sao-Januario.webp\" \/>\n\t<meta property=\"og:image:width\" content=\"799\" \/>\n\t<meta property=\"og:image:height\" content=\"533\" \/>\n\t<meta property=\"og:image:type\" content=\"image\/jpeg\" \/>\n<meta name=\"author\" content=\"Rafaela Ladeira\" \/>\n<meta name=\"twitter:card\" content=\"summary_large_image\" \/>\n<meta name=\"twitter:label1\" content=\"Escrito por\" \/>\n\t<meta name=\"twitter:data1\" content=\"Rafaela Ladeira\" \/>\n\t<meta name=\"twitter:label2\" content=\"Est. tempo de leitura\" \/>\n\t<meta name=\"twitter:data2\" content=\"4 minutos\" \/>\n<script type=\"application\/ld+json\" class=\"yoast-schema-graph\">{\"@context\":\"https:\/\/schema.org\",\"@graph\":[{\"@type\":\"NewsArticle\",\"@id\":\"https:\/\/www.gaveanews.com\/index.php\/2025\/03\/19\/cleiton-philippe-coutinho-cuello-e-german-cano-a-selecao-da-2a-fase-da-copa-do-brasil\/#article\",\"isPartOf\":{\"@id\":\"https:\/\/www.gaveanews.com\/index.php\/2025\/03\/19\/cleiton-philippe-coutinho-cuello-e-german-cano-a-selecao-da-2a-fase-da-copa-do-brasil\/\"},\"author\":{\"name\":\"Rafaela Ladeira\",\"@id\":\"https:\/\/www.gaveanews.com\/#\/schema\/person\/0eb3e3fe1754f0205218538adbe8f5ed\"},\"headline\":\"Cleiton, Philippe Coutinho, Cuello e Germ\u00e1n Cano: a sele\u00e7\u00e3o da 2\u00aa fase da Copa do Brasil\",\"datePublished\":\"2025-03-19T15:15:00+00:00\",\"mainEntityOfPage\":{\"@id\":\"https:\/\/www.gaveanews.com\/index.php\/2025\/03\/19\/cleiton-philippe-coutinho-cuello-e-german-cano-a-selecao-da-2a-fase-da-copa-do-brasil\/\"},\"wordCount\":462,\"commentCount\":0,\"image\":{\"@id\":\"https:\/\/www.gaveanews.com\/index.php\/2025\/03\/19\/cleiton-philippe-coutinho-cuello-e-german-cano-a-selecao-da-2a-fase-da-copa-do-brasil\/#primaryimage\"},\"thumbnailUrl\":\"https:\/\/www.gaveanews.com\/wp-content\/uploads\/Philippe-Coutinho-durante-apresentacao-ao-Vasco-da-Gama-em-Sao-Januario.webp\",\"articleSection\":[\"Bragantino\",\"Fluminense\",\"Vasco\"],\"inLanguage\":\"pt-BR\",\"potentialAction\":[{\"@type\":\"CommentAction\",\"name\":\"Comment\",\"target\":[\"https:\/\/www.gaveanews.com\/index.php\/2025\/03\/19\/cleiton-philippe-coutinho-cuello-e-german-cano-a-selecao-da-2a-fase-da-copa-do-brasil\/#respond\"]}],\"copyrightYear\":\"2025\",\"copyrightHolder\":{\"@id\":\"https:\/\/www.gaveanews.com\/#organization\"}},{\"@type\":\"WebPage\",\"@id\":\"https:\/\/www.gaveanews.com\/index.php\/2025\/03\/19\/cleiton-philippe-coutinho-cuello-e-german-cano-a-selecao-da-2a-fase-da-copa-do-brasil\/\",\"url\":\"https:\/\/www.gaveanews.com\/index.php\/2025\/03\/19\/cleiton-philippe-coutinho-cuello-e-german-cano-a-selecao-da-2a-fase-da-copa-do-brasil\/\",\"name\":\"Cleiton, Philippe Coutinho, Cuello e Germ\u00e1n Cano: a sele\u00e7\u00e3o da 2\u00aa fase da Copa do Brasil\",\"isPartOf\":{\"@id\":\"https:\/\/www.gaveanews.com\/#website\"},\"primaryImageOfPage\":{\"@id\":\"https:\/\/www.gaveanews.com\/index.php\/2025\/03\/19\/cleiton-philippe-coutinho-cuello-e-german-cano-a-selecao-da-2a-fase-da-copa-do-brasil\/#primaryimage\"},\"image\":{\"@id\":\"https:\/\/www.gaveanews.com\/index.php\/2025\/03\/19\/cleiton-philippe-coutinho-cuello-e-german-cano-a-selecao-da-2a-fase-da-copa-do-brasil\/#primaryimage\"},\"thumbnailUrl\":\"https:\/\/www.gaveanews.com\/wp-content\/uploads\/Philippe-Coutinho-durante-apresentacao-ao-Vasco-da-Gama-em-Sao-Januario.webp\",\"datePublished\":\"2025-03-19T15:15:00+00:00\",\"author\":{\"@id\":\"https:\/\/www.gaveanews.com\/#\/schema\/person\/0eb3e3fe1754f0205218538adbe8f5ed\"},\"breadcrumb\":{\"@id\":\"https:\/\/www.gaveanews.com\/index.php\/2025\/03\/19\/cleiton-philippe-coutinho-cuello-e-german-cano-a-selecao-da-2a-fase-da-copa-do-brasil\/#breadcrumb\"},\"inLanguage\":\"pt-BR\",\"potentialAction\":[{\"@type\":\"ReadAction\",\"target\":[\"https:\/\/www.gaveanews.com\/index.php\/2025\/03\/19\/cleiton-philippe-coutinho-cuello-e-german-cano-a-selecao-da-2a-fase-da-copa-do-brasil\/\"]}]},{\"@type\":\"ImageObject\",\"inLanguage\":\"pt-BR\",\"@id\":\"https:\/\/www.gaveanews.com\/index.php\/2025\/03\/19\/cleiton-philippe-coutinho-cuello-e-german-cano-a-selecao-da-2a-fase-da-copa-do-brasil\/#primaryimage\",\"url\":\"https:\/\/www.gaveanews.com\/wp-content\/uploads\/Philippe-Coutinho-durante-apresentacao-ao-Vasco-da-Gama-em-Sao-Januario.webp\",\"contentUrl\":\"https:\/\/www.gaveanews.com\/wp-content\/uploads\/Philippe-Coutinho-durante-apresentacao-ao-Vasco-da-Gama-em-Sao-Januario.webp\",\"width\":799,\"height\":533,\"caption\":\"Philippe Coutinho durante apresenta\u00e7\u00e3o ao Vasco da Gama em S\u00e3o Janu\u00e1rio (Foto: Reprodu\u00e7\u00e3o\/Vasco)\"},{\"@type\":\"BreadcrumbList\",\"@id\":\"https:\/\/www.gaveanews.com\/index.php\/2025\/03\/19\/cleiton-philippe-coutinho-cuello-e-german-cano-a-selecao-da-2a-fase-da-copa-do-brasil\/#breadcrumb\",\"itemListElement\":[{\"@type\":\"ListItem\",\"position\":1,\"name\":\"Home\",\"item\":\"https:\/\/www.gaveanews.com\/\"},{\"@type\":\"ListItem\",\"position\":2,\"name\":\"Cleiton, Philippe Coutinho, Cuello e Germ\u00e1n Cano: a sele\u00e7\u00e3o da 2\u00aa fase da Copa do Brasil\"}]},{\"@type\":\"WebSite\",\"@id\":\"https:\/\/www.gaveanews.com\/#website\",\"url\":\"https:\/\/www.gaveanews.com\/\",\"name\":\"G\u00e1vea News\",\"description\":\"Veja todas as not\u00edcias sobre o Flamengo: Contrata\u00e7\u00f5es, categorias de base, resultados das partidas, tabela de classifica\u00e7\u00e3o, pr\u00f3ximos jogos!\",\"potentialAction\":[{\"@type\":\"SearchAction\",\"target\":{\"@type\":\"EntryPoint\",\"urlTemplate\":\"https:\/\/www.gaveanews.com\/?s={search_term_string}\"},\"query-input\":{\"@type\":\"PropertyValueSpecification\",\"valueRequired\":true,\"valueName\":\"search_term_string\"}}],\"inLanguage\":\"pt-BR\"},{\"@type\":\"Person\",\"@id\":\"https:\/\/www.gaveanews.com\/#\/schema\/person\/0eb3e3fe1754f0205218538adbe8f5ed\",\"name\":\"Rafaela Ladeira\",\"image\":{\"@type\":\"ImageObject\",\"inLanguage\":\"pt-BR\",\"@id\":\"https:\/\/www.gaveanews.com\/#\/schema\/person\/image\/\",\"url\":\"https:\/\/secure.gravatar.com\/avatar\/c31f513acffd85eacab5730cbdfdbbf59f21ba5aeada8cd890acea879fbb2455?s=96&d=mm&r=g\",\"contentUrl\":\"https:\/\/secure.gravatar.com\/avatar\/c31f513acffd85eacab5730cbdfdbbf59f21ba5aeada8cd890acea879fbb2455?s=96&d=mm&r=g\",\"caption\":\"Rafaela Ladeira\"}}]}<\/script>\n<!-- \/ Yoast SEO Premium plugin. -->","yoast_head_json":{"title":"Cleiton, Philippe Coutinho, Cuello e Germ\u00e1n Cano: a sele\u00e7\u00e3o da 2\u00aa fase da Copa do Brasil","robots":{"index":"index","follow":"follow","max-snippet":"max-snippet:-1","max-image-preview":"max-image-preview:large","max-video-preview":"max-video-preview:-1"},"canonical":"https:\/\/www.gaveanews.com\/index.php\/2025\/03\/19\/cleiton-philippe-coutinho-cuello-e-german-cano-a-selecao-da-2a-fase-da-copa-do-brasil\/","og_locale":"pt_BR","og_type":"article","og_title":"Cleiton, Philippe Coutinho, Cuello e Germ\u00e1n Cano: a sele\u00e7\u00e3o da 2\u00aa fase da Copa do Brasil","og_description":"A 2\u00aa fase da Copa do Brasil trouxe grandes emo\u00e7\u00f5es e destaques no cen\u00e1rio do futebol nacional. Ap\u00f3s jogos intensos, a Confedera\u00e7\u00e3o Brasileira de Futebol (CBF) divulgou o time ideal dessa etapa do torneio, que conta com nomes como Philippe Coutinho, Germ\u00e1n Cano e Cleiton, que brilharam e levaram seus times a momentos decisivos. Philippe [&hellip;]","og_url":"https:\/\/www.gaveanews.com\/index.php\/2025\/03\/19\/cleiton-philippe-coutinho-cuello-e-german-cano-a-selecao-da-2a-fase-da-copa-do-brasil\/","og_site_name":"G\u00e1vea News","article_publisher":"https:\/\/facebook.com\/gaveaNews\/","article_published_time":"2025-03-19T15:15:00+00:00","og_image":[{"width":799,"height":533,"url":"https:\/\/www.gaveanews.com\/wp-content\/uploads\/Philippe-Coutinho-durante-apresentacao-ao-Vasco-da-Gama-em-Sao-Januario.webp","type":"image\/jpeg"}],"author":"Rafaela Ladeira","twitter_card":"summary_large_image","twitter_misc":{"Escrito por":"Rafaela Ladeira","Est. tempo de leitura":"4 minutos"},"schema":{"@context":"https:\/\/schema.org","@graph":[{"@type":"NewsArticle","@id":"https:\/\/www.gaveanews.com\/index.php\/2025\/03\/19\/cleiton-philippe-coutinho-cuello-e-german-cano-a-selecao-da-2a-fase-da-copa-do-brasil\/#article","isPartOf":{"@id":"https:\/\/www.gaveanews.com\/index.php\/2025\/03\/19\/cleiton-philippe-coutinho-cuello-e-german-cano-a-selecao-da-2a-fase-da-copa-do-brasil\/"},"author":{"name":"Rafaela Ladeira","@id":"https:\/\/www.gaveanews.com\/#\/schema\/person\/0eb3e3fe1754f0205218538adbe8f5ed"},"headline":"Cleiton, Philippe Coutinho, Cuello e Germ\u00e1n Cano: a sele\u00e7\u00e3o da 2\u00aa fase da Copa do Brasil","datePublished":"2025-03-19T15:15:00+00:00","mainEntityOfPage":{"@id":"https:\/\/www.gaveanews.com\/index.php\/2025\/03\/19\/cleiton-philippe-coutinho-cuello-e-german-cano-a-selecao-da-2a-fase-da-copa-do-brasil\/"},"wordCount":462,"commentCount":0,"image":{"@id":"https:\/\/www.gaveanews.com\/index.php\/2025\/03\/19\/cleiton-philippe-coutinho-cuello-e-german-cano-a-selecao-da-2a-fase-da-copa-do-brasil\/#primaryimage"},"thumbnailUrl":"https:\/\/www.gaveanews.com\/wp-content\/uploads\/Philippe-Coutinho-durante-apresentacao-ao-Vasco-da-Gama-em-Sao-Januario.webp","articleSection":["Bragantino","Fluminense","Vasco"],"inLanguage":"pt-BR","potentialAction":[{"@type":"CommentAction","name":"Comment","target":["https:\/\/www.gaveanews.com\/index.php\/2025\/03\/19\/cleiton-philippe-coutinho-cuello-e-german-cano-a-selecao-da-2a-fase-da-copa-do-brasil\/#respond"]}],"copyrightYear":"2025","copyrightHolder":{"@id":"https:\/\/www.gaveanews.com\/#organization"}},{"@type":"WebPage","@id":"https:\/\/www.gaveanews.com\/index.php\/2025\/03\/19\/cleiton-philippe-coutinho-cuello-e-german-cano-a-selecao-da-2a-fase-da-copa-do-brasil\/","url":"https:\/\/www.gaveanews.com\/index.php\/2025\/03\/19\/cleiton-philippe-coutinho-cuello-e-german-cano-a-selecao-da-2a-fase-da-copa-do-brasil\/","name":"Cleiton, Philippe Coutinho, Cuello e Germ\u00e1n Cano: a sele\u00e7\u00e3o da 2\u00aa fase da Copa do Brasil","isPartOf":{"@id":"https:\/\/www.gaveanews.com\/#website"},"primaryImageOfPage":{"@id":"https:\/\/www.gaveanews.com\/index.php\/2025\/03\/19\/cleiton-philippe-coutinho-cuello-e-german-cano-a-selecao-da-2a-fase-da-copa-do-brasil\/#primaryimage"},"image":{"@id":"https:\/\/www.gaveanews.com\/index.php\/2025\/03\/19\/cleiton-philippe-coutinho-cuello-e-german-cano-a-selecao-da-2a-fase-da-copa-do-brasil\/#primaryimage"},"thumbnailUrl":"https:\/\/www.gaveanews.com\/wp-content\/uploads\/Philippe-Coutinho-durante-apresentacao-ao-Vasco-da-Gama-em-Sao-Januario.webp","datePublished":"2025-03-19T15:15:00+00:00","author":{"@id":"https:\/\/www.gaveanews.com\/#\/schema\/person\/0eb3e3fe1754f0205218538adbe8f5ed"},"breadcrumb":{"@id":"https:\/\/www.gaveanews.com\/index.php\/2025\/03\/19\/cleiton-philippe-coutinho-cuello-e-german-cano-a-selecao-da-2a-fase-da-copa-do-brasil\/#breadcrumb"},"inLanguage":"pt-BR","potentialAction":[{"@type":"ReadAction","target":["https:\/\/www.gaveanews.com\/index.php\/2025\/03\/19\/cleiton-philippe-coutinho-cuello-e-german-cano-a-selecao-da-2a-fase-da-copa-do-brasil\/"]}]},{"@type":"ImageObject","inLanguage":"pt-BR","@id":"https:\/\/www.gaveanews.com\/index.php\/2025\/03\/19\/cleiton-philippe-coutinho-cuello-e-german-cano-a-selecao-da-2a-fase-da-copa-do-brasil\/#primaryimage","url":"https:\/\/www.gaveanews.com\/wp-content\/uploads\/Philippe-Coutinho-durante-apresentacao-ao-Vasco-da-Gama-em-Sao-Januario.webp","contentUrl":"https:\/\/www.gaveanews.com\/wp-content\/uploads\/Philippe-Coutinho-durante-apresentacao-ao-Vasco-da-Gama-em-Sao-Januario.webp","width":799,"height":533,"caption":"Philippe Coutinho durante apresenta\u00e7\u00e3o ao Vasco da Gama em S\u00e3o Janu\u00e1rio (Foto: Reprodu\u00e7\u00e3o\/Vasco)"},{"@type":"BreadcrumbList","@id":"https:\/\/www.gaveanews.com\/index.php\/2025\/03\/19\/cleiton-philippe-coutinho-cuello-e-german-cano-a-selecao-da-2a-fase-da-copa-do-brasil\/#breadcrumb","itemListElement":[{"@type":"ListItem","position":1,"name":"Home","item":"https:\/\/www.gaveanews.com\/"},{"@type":"ListItem","position":2,"name":"Cleiton, Philippe Coutinho, Cuello e Germ\u00e1n Cano: a sele\u00e7\u00e3o da 2\u00aa fase da Copa do Brasil"}]},{"@type":"WebSite","@id":"https:\/\/www.gaveanews.com\/#website","url":"https:\/\/www.gaveanews.com\/","name":"G\u00e1vea News","description":"Veja todas as not\u00edcias sobre o Flamengo: Contrata\u00e7\u00f5es, categorias de base, resultados das partidas, tabela de classifica\u00e7\u00e3o, pr\u00f3ximos jogos!","potentialAction":[{"@type":"SearchAction","target":{"@type":"EntryPoint","urlTemplate":"https:\/\/www.gaveanews.com\/?s={search_term_string}"},"query-input":{"@type":"PropertyValueSpecification","valueRequired":true,"valueName":"search_term_string"}}],"inLanguage":"pt-BR"},{"@type":"Person","@id":"https:\/\/www.gaveanews.com\/#\/schema\/person\/0eb3e3fe1754f0205218538adbe8f5ed","name":"Rafaela Ladeira","image":{"@type":"ImageObject","inLanguage":"pt-BR","@id":"https:\/\/www.gaveanews.com\/#\/schema\/person\/image\/","url":"https:\/\/secure.gravatar.com\/avatar\/c31f513acffd85eacab5730cbdfdbbf59f21ba5aeada8cd890acea879fbb2455?s=96&d=mm&r=g","contentUrl":"https:\/\/secure.gravatar.com\/avatar\/c31f513acffd85eacab5730cbdfdbbf59f21ba5aeada8cd890acea879fbb2455?s=96&d=mm&r=g","caption":"Rafaela Ladeira"}}]}},"_links":{"self":[{"href":"https:\/\/www.gaveanews.com\/index.php\/wp-json\/wp\/v2\/posts\/241902","targetHints":{"allow":["GET"]}}],"collection":[{"href":"https:\/\/www.gaveanews.com\/index.php\/wp-json\/wp\/v2\/posts"}],"about":[{"href":"https:\/\/www.gaveanews.com\/index.php\/wp-json\/wp\/v2\/types\/post"}],"author":[{"embeddable":true,"href":"https:\/\/www.gaveanews.com\/index.php\/wp-json\/wp\/v2\/users\/25"}],"replies":[{"embeddable":true,"href":"https:\/\/www.gaveanews.com\/index.php\/wp-json\/wp\/v2\/comments?post=241902"}],"version-history":[{"count":1,"href":"https:\/\/www.gaveanews.com\/index.php\/wp-json\/wp\/v2\/posts\/241902\/revisions"}],"predecessor-version":[{"id":241903,"href":"https:\/\/www.gaveanews.com\/index.php\/wp-json\/wp\/v2\/posts\/241902\/revisions\/241903"}],"wp:featuredmedia":[{"embeddable":true,"href":"https:\/\/www.gaveanews.com\/index.php\/wp-json\/wp\/v2\/media\/153282"}],"wp:attachment":[{"href":"https:\/\/www.gaveanews.com\/index.php\/wp-json\/wp\/v2\/media?parent=241902"}],"wp:term":[{"taxonomy":"category","embeddable":true,"href":"https:\/\/www.gaveanews.com\/index.php\/wp-json\/wp\/v2\/categories?post=241902"},{"taxonomy":"post_tag","embeddable":true,"href":"https:\/\/www.gaveanews.com\/index.php\/wp-json\/wp\/v2\/tags?post=241902"}],"curies":[{"name":"wp","href":"https:\/\/api.w.org\/{rel}","templated":true}]}}