{"id":24197,"date":"2019-08-06T08:54:51","date_gmt":"2019-08-06T11:54:51","guid":{"rendered":"http:\/\/www.gaveanews.com\/?p=24197"},"modified":"2019-08-06T08:55:18","modified_gmt":"2019-08-06T11:55:18","slug":"estreia-com-derrota-do-uniforme-cor-cinza-revive-a-maldicao-das-terceiras-camisas-do-flamengo","status":"publish","type":"post","link":"https:\/\/www.gaveanews.com\/index.php\/2019\/08\/06\/estreia-com-derrota-do-uniforme-cor-cinza-revive-a-maldicao-das-terceiras-camisas-do-flamengo\/","title":{"rendered":"Estreia com derrota do uniforme cor cinza revive a &#8220;maldi\u00e7\u00e3o das terceiras camisas&#8221; do Flamengo"},"content":{"rendered":"\n<p>A estreia do uniforme cinza chumbo no Flamengo, com derrota por 3 a 0 para o Bahia na Fonte Nova, fez a torcida lembrar a velha &#8220;maldi\u00e7\u00e3o da terceira camisa&#8221;.<\/p>\n\n\n\n<p>O Rubro-Negro, que at\u00e9 2015 havia vencido apenas cinco jogos na hist\u00f3ria com modelos alternativos, at\u00e9 que deu uma espantada no &#8220;fantasma&#8221; nos \u00faltimos anos. Mas o retrospecto do time com esses uniformes, desde que come\u00e7aram a ser usados em 1995, continua para l\u00e1 de negativo.<\/p>\n\n\n\n<p>A derrota do \u00faltimo domingo foi a 22\u00aa em 55 jogos com a camisa tr\u00eas, que soma 16 vit\u00f3rias, quatro elimina\u00e7\u00f5es e um aproveitamento de apenas 39%. Dos 14 modelos j\u00e1 lan\u00e7ados pelo clube, as que tiveram melhores desempenhos em campo foram a preta de 1999, com 100% de aproveitamento em duas partidas, e a papagaio-vint\u00e9m de 2015, com 71,4% em sete confrontos.<\/p>\n\n\n\n<p>J\u00e1 as de piores campanhas foram: a preta com faixa vermelha de 2011, que perdeu todos os tr\u00eas jogos e amargou a elimina\u00e7\u00e3o nas oitavas de final da Sul-Americana; e a papagaio-vint\u00e9m de 1995, que tamb\u00e9m n\u00e3o venceu nenhuma vez, teve 14,8% de aproveitamento em nove partias (quatro empates e cinco derrotas) e terminou na lanterna do grupo na Copa dos Campe\u00f5es Mundiais.<\/p>\n\n\n\n<div class=\"wp-block-image\"><figure class=\"aligncenter\"><img decoding=\"async\" src=\"https:\/\/s2.glbimg.com\/S7dn5QKQZ6-b5_4oy0WVJ2sJqjs=\/0x0:690x2033\/1000x0\/smart\/filters:strip_icc()\/i.s3.glbimg.com\/v1\/AUTH_bc8228b6673f488aa253bbcb03c80ec5\/internal_photos\/bs\/2019\/S\/g\/aBjlp1RlulNAiMKOFxBw\/info-3as-camisas-flamengo.webp\" alt=\"\"\/><\/figure><\/div>\n\n\n\n\n\n<p>Retirado de: Globo Esporte<\/p>\n","protected":false},"excerpt":{"rendered":"<p>A estreia do uniforme cinza chumbo no Flamengo, com derrota por 3 a 0 para o Bahia na Fonte Nova, fez a torcida lembrar a velha &#8220;maldi\u00e7\u00e3o da terceira camisa&#8221;. O Rubro-Negro, que at\u00e9 2015 havia vencido apenas cinco jogos na hist\u00f3ria com modelos alternativos, at\u00e9 que deu uma espantada no &#8220;fantasma&#8221; nos \u00faltimos anos. [&hellip;]<\/p>\n","protected":false},"author":1,"featured_media":16214,"comment_status":"open","ping_status":"open","sticky":false,"template":"","format":"standard","meta":{"footnotes":""},"categories":[1],"tags":[],"class_list":["post-24197","post","type-post","status-publish","format-standard","has-post-thumbnail","hentry","category-flamengo"],"yoast_head":"<!-- This site is optimized with the Yoast SEO Premium plugin v24.2 (Yoast SEO v26.9) - https:\/\/yoast.com\/product\/yoast-seo-premium-wordpress\/ -->\n<title>Estreia com derrota do uniforme cor cinza revive a &quot;maldi\u00e7\u00e3o das terceiras camisas&quot; do Flamengo<\/title>\n<meta name=\"robots\" content=\"index, follow, max-snippet:-1, max-image-preview:large, max-video-preview:-1\" \/>\n<link rel=\"canonical\" href=\"https:\/\/www.gaveanews.com\/index.php\/2019\/08\/06\/estreia-com-derrota-do-uniforme-cor-cinza-revive-a-maldicao-das-terceiras-camisas-do-flamengo\/\" \/>\n<meta property=\"og:locale\" content=\"pt_BR\" \/>\n<meta property=\"og:type\" content=\"article\" \/>\n<meta property=\"og:title\" content=\"Estreia com derrota do uniforme cor cinza revive a &quot;maldi\u00e7\u00e3o das terceiras camisas&quot; do Flamengo\" \/>\n<meta property=\"og:description\" content=\"A estreia do uniforme cinza chumbo no Flamengo, com derrota por 3 a 0 para o Bahia na Fonte Nova, fez a torcida lembrar a velha &#8220;maldi\u00e7\u00e3o da terceira camisa&#8221;. O Rubro-Negro, que at\u00e9 2015 havia vencido apenas cinco jogos na hist\u00f3ria com modelos alternativos, at\u00e9 que deu uma espantada no &#8220;fantasma&#8221; nos \u00faltimos anos. [&hellip;]\" \/>\n<meta property=\"og:url\" content=\"https:\/\/www.gaveanews.com\/index.php\/2019\/08\/06\/estreia-com-derrota-do-uniforme-cor-cinza-revive-a-maldicao-das-terceiras-camisas-do-flamengo\/\" \/>\n<meta property=\"og:site_name\" content=\"G\u00e1vea News\" \/>\n<meta property=\"article:publisher\" content=\"https:\/\/facebook.com\/gaveaNews\/\" \/>\n<meta property=\"article:published_time\" content=\"2019-08-06T11:54:51+00:00\" \/>\n<meta property=\"article:modified_time\" content=\"2019-08-06T11:55:18+00:00\" \/>\n<meta property=\"og:image\" content=\"https:\/\/www.gaveanews.com\/wp-content\/uploads\/2019\/03\/Logomarca-da-Adidas.webp\" \/>\n\t<meta property=\"og:image:width\" content=\"1200\" \/>\n\t<meta property=\"og:image:height\" content=\"600\" \/>\n\t<meta property=\"og:image:type\" content=\"image\/png\" \/>\n<meta name=\"author\" content=\"Equipe G\u00e1vea News\" \/>\n<meta name=\"twitter:card\" content=\"summary_large_image\" \/>\n<meta name=\"twitter:label1\" content=\"Escrito por\" \/>\n\t<meta name=\"twitter:data1\" content=\"Equipe G\u00e1vea News\" \/>\n\t<meta name=\"twitter:label2\" content=\"Est. tempo de leitura\" \/>\n\t<meta name=\"twitter:data2\" content=\"1 minuto\" \/>\n<script type=\"application\/ld+json\" class=\"yoast-schema-graph\">{\"@context\":\"https:\/\/schema.org\",\"@graph\":[{\"@type\":\"NewsArticle\",\"@id\":\"https:\/\/www.gaveanews.com\/index.php\/2019\/08\/06\/estreia-com-derrota-do-uniforme-cor-cinza-revive-a-maldicao-das-terceiras-camisas-do-flamengo\/#article\",\"isPartOf\":{\"@id\":\"https:\/\/www.gaveanews.com\/index.php\/2019\/08\/06\/estreia-com-derrota-do-uniforme-cor-cinza-revive-a-maldicao-das-terceiras-camisas-do-flamengo\/\"},\"author\":{\"name\":\"Equipe G\u00e1vea News\",\"@id\":\"https:\/\/www.gaveanews.com\/#\/schema\/person\/2ec14f73fb96be2caf28f91afb14749d\"},\"headline\":\"Estreia com derrota do uniforme cor cinza revive a &#8220;maldi\u00e7\u00e3o das terceiras camisas&#8221; do Flamengo\",\"datePublished\":\"2019-08-06T11:54:51+00:00\",\"dateModified\":\"2019-08-06T11:55:18+00:00\",\"mainEntityOfPage\":{\"@id\":\"https:\/\/www.gaveanews.com\/index.php\/2019\/08\/06\/estreia-com-derrota-do-uniforme-cor-cinza-revive-a-maldicao-das-terceiras-camisas-do-flamengo\/\"},\"wordCount\":220,\"commentCount\":0,\"image\":{\"@id\":\"https:\/\/www.gaveanews.com\/index.php\/2019\/08\/06\/estreia-com-derrota-do-uniforme-cor-cinza-revive-a-maldicao-das-terceiras-camisas-do-flamengo\/#primaryimage\"},\"thumbnailUrl\":\"https:\/\/www.gaveanews.com\/wp-content\/uploads\/2019\/03\/Logomarca-da-Adidas.webp\",\"articleSection\":[\"Flamengo\"],\"inLanguage\":\"pt-BR\",\"potentialAction\":[{\"@type\":\"CommentAction\",\"name\":\"Comment\",\"target\":[\"https:\/\/www.gaveanews.com\/index.php\/2019\/08\/06\/estreia-com-derrota-do-uniforme-cor-cinza-revive-a-maldicao-das-terceiras-camisas-do-flamengo\/#respond\"]}],\"copyrightYear\":\"2019\",\"copyrightHolder\":{\"@id\":\"https:\/\/www.gaveanews.com\/#organization\"}},{\"@type\":\"WebPage\",\"@id\":\"https:\/\/www.gaveanews.com\/index.php\/2019\/08\/06\/estreia-com-derrota-do-uniforme-cor-cinza-revive-a-maldicao-das-terceiras-camisas-do-flamengo\/\",\"url\":\"https:\/\/www.gaveanews.com\/index.php\/2019\/08\/06\/estreia-com-derrota-do-uniforme-cor-cinza-revive-a-maldicao-das-terceiras-camisas-do-flamengo\/\",\"name\":\"Estreia com derrota do uniforme cor cinza revive a \\\"maldi\u00e7\u00e3o das terceiras camisas\\\" do Flamengo\",\"isPartOf\":{\"@id\":\"https:\/\/www.gaveanews.com\/#website\"},\"primaryImageOfPage\":{\"@id\":\"https:\/\/www.gaveanews.com\/index.php\/2019\/08\/06\/estreia-com-derrota-do-uniforme-cor-cinza-revive-a-maldicao-das-terceiras-camisas-do-flamengo\/#primaryimage\"},\"image\":{\"@id\":\"https:\/\/www.gaveanews.com\/index.php\/2019\/08\/06\/estreia-com-derrota-do-uniforme-cor-cinza-revive-a-maldicao-das-terceiras-camisas-do-flamengo\/#primaryimage\"},\"thumbnailUrl\":\"https:\/\/www.gaveanews.com\/wp-content\/uploads\/2019\/03\/Logomarca-da-Adidas.webp\",\"datePublished\":\"2019-08-06T11:54:51+00:00\",\"dateModified\":\"2019-08-06T11:55:18+00:00\",\"author\":{\"@id\":\"https:\/\/www.gaveanews.com\/#\/schema\/person\/2ec14f73fb96be2caf28f91afb14749d\"},\"breadcrumb\":{\"@id\":\"https:\/\/www.gaveanews.com\/index.php\/2019\/08\/06\/estreia-com-derrota-do-uniforme-cor-cinza-revive-a-maldicao-das-terceiras-camisas-do-flamengo\/#breadcrumb\"},\"inLanguage\":\"pt-BR\",\"potentialAction\":[{\"@type\":\"ReadAction\",\"target\":[\"https:\/\/www.gaveanews.com\/index.php\/2019\/08\/06\/estreia-com-derrota-do-uniforme-cor-cinza-revive-a-maldicao-das-terceiras-camisas-do-flamengo\/\"]}]},{\"@type\":\"ImageObject\",\"inLanguage\":\"pt-BR\",\"@id\":\"https:\/\/www.gaveanews.com\/index.php\/2019\/08\/06\/estreia-com-derrota-do-uniforme-cor-cinza-revive-a-maldicao-das-terceiras-camisas-do-flamengo\/#primaryimage\",\"url\":\"https:\/\/www.gaveanews.com\/wp-content\/uploads\/2019\/03\/Logomarca-da-Adidas.webp\",\"contentUrl\":\"https:\/\/www.gaveanews.com\/wp-content\/uploads\/2019\/03\/Logomarca-da-Adidas.webp\",\"width\":1200,\"height\":600,\"caption\":\"Logomarca da Adidas (Foto: Reprodu\u00e7\u00e3o)\"},{\"@type\":\"BreadcrumbList\",\"@id\":\"https:\/\/www.gaveanews.com\/index.php\/2019\/08\/06\/estreia-com-derrota-do-uniforme-cor-cinza-revive-a-maldicao-das-terceiras-camisas-do-flamengo\/#breadcrumb\",\"itemListElement\":[{\"@type\":\"ListItem\",\"position\":1,\"name\":\"Home\",\"item\":\"https:\/\/www.gaveanews.com\/\"},{\"@type\":\"ListItem\",\"position\":2,\"name\":\"Estreia com derrota do uniforme cor cinza revive a &#8220;maldi\u00e7\u00e3o das terceiras camisas&#8221; do Flamengo\"}]},{\"@type\":\"WebSite\",\"@id\":\"https:\/\/www.gaveanews.com\/#website\",\"url\":\"https:\/\/www.gaveanews.com\/\",\"name\":\"G\u00e1vea News\",\"description\":\"Veja todas as not\u00edcias sobre o Flamengo: Contrata\u00e7\u00f5es, categorias de base, resultados das partidas, tabela de classifica\u00e7\u00e3o, pr\u00f3ximos jogos!\",\"potentialAction\":[{\"@type\":\"SearchAction\",\"target\":{\"@type\":\"EntryPoint\",\"urlTemplate\":\"https:\/\/www.gaveanews.com\/?s={search_term_string}\"},\"query-input\":{\"@type\":\"PropertyValueSpecification\",\"valueRequired\":true,\"valueName\":\"search_term_string\"}}],\"inLanguage\":\"pt-BR\"},{\"@type\":\"Person\",\"@id\":\"https:\/\/www.gaveanews.com\/#\/schema\/person\/2ec14f73fb96be2caf28f91afb14749d\",\"name\":\"Equipe G\u00e1vea News\",\"image\":{\"@type\":\"ImageObject\",\"inLanguage\":\"pt-BR\",\"@id\":\"https:\/\/www.gaveanews.com\/#\/schema\/person\/image\/\",\"url\":\"https:\/\/secure.gravatar.com\/avatar\/1e1956f1facbffd3f8fa53a326721950116b3b9dc9bd44939c01180fd4a745a9?s=96&d=mm&r=g\",\"contentUrl\":\"https:\/\/secure.gravatar.com\/avatar\/1e1956f1facbffd3f8fa53a326721950116b3b9dc9bd44939c01180fd4a745a9?s=96&d=mm&r=g\",\"caption\":\"Equipe G\u00e1vea News\"}}]}<\/script>\n<!-- \/ Yoast SEO Premium plugin. -->","yoast_head_json":{"title":"Estreia com derrota do uniforme cor cinza revive a \"maldi\u00e7\u00e3o das terceiras camisas\" do Flamengo","robots":{"index":"index","follow":"follow","max-snippet":"max-snippet:-1","max-image-preview":"max-image-preview:large","max-video-preview":"max-video-preview:-1"},"canonical":"https:\/\/www.gaveanews.com\/index.php\/2019\/08\/06\/estreia-com-derrota-do-uniforme-cor-cinza-revive-a-maldicao-das-terceiras-camisas-do-flamengo\/","og_locale":"pt_BR","og_type":"article","og_title":"Estreia com derrota do uniforme cor cinza revive a \"maldi\u00e7\u00e3o das terceiras camisas\" do Flamengo","og_description":"A estreia do uniforme cinza chumbo no Flamengo, com derrota por 3 a 0 para o Bahia na Fonte Nova, fez a torcida lembrar a velha &#8220;maldi\u00e7\u00e3o da terceira camisa&#8221;. O Rubro-Negro, que at\u00e9 2015 havia vencido apenas cinco jogos na hist\u00f3ria com modelos alternativos, at\u00e9 que deu uma espantada no &#8220;fantasma&#8221; nos \u00faltimos anos. [&hellip;]","og_url":"https:\/\/www.gaveanews.com\/index.php\/2019\/08\/06\/estreia-com-derrota-do-uniforme-cor-cinza-revive-a-maldicao-das-terceiras-camisas-do-flamengo\/","og_site_name":"G\u00e1vea News","article_publisher":"https:\/\/facebook.com\/gaveaNews\/","article_published_time":"2019-08-06T11:54:51+00:00","article_modified_time":"2019-08-06T11:55:18+00:00","og_image":[{"width":1200,"height":600,"url":"https:\/\/www.gaveanews.com\/wp-content\/uploads\/2019\/03\/Logomarca-da-Adidas.webp","type":"image\/png"}],"author":"Equipe G\u00e1vea News","twitter_card":"summary_large_image","twitter_misc":{"Escrito por":"Equipe G\u00e1vea News","Est. tempo de leitura":"1 minuto"},"schema":{"@context":"https:\/\/schema.org","@graph":[{"@type":"NewsArticle","@id":"https:\/\/www.gaveanews.com\/index.php\/2019\/08\/06\/estreia-com-derrota-do-uniforme-cor-cinza-revive-a-maldicao-das-terceiras-camisas-do-flamengo\/#article","isPartOf":{"@id":"https:\/\/www.gaveanews.com\/index.php\/2019\/08\/06\/estreia-com-derrota-do-uniforme-cor-cinza-revive-a-maldicao-das-terceiras-camisas-do-flamengo\/"},"author":{"name":"Equipe G\u00e1vea News","@id":"https:\/\/www.gaveanews.com\/#\/schema\/person\/2ec14f73fb96be2caf28f91afb14749d"},"headline":"Estreia com derrota do uniforme cor cinza revive a &#8220;maldi\u00e7\u00e3o das terceiras camisas&#8221; do Flamengo","datePublished":"2019-08-06T11:54:51+00:00","dateModified":"2019-08-06T11:55:18+00:00","mainEntityOfPage":{"@id":"https:\/\/www.gaveanews.com\/index.php\/2019\/08\/06\/estreia-com-derrota-do-uniforme-cor-cinza-revive-a-maldicao-das-terceiras-camisas-do-flamengo\/"},"wordCount":220,"commentCount":0,"image":{"@id":"https:\/\/www.gaveanews.com\/index.php\/2019\/08\/06\/estreia-com-derrota-do-uniforme-cor-cinza-revive-a-maldicao-das-terceiras-camisas-do-flamengo\/#primaryimage"},"thumbnailUrl":"https:\/\/www.gaveanews.com\/wp-content\/uploads\/2019\/03\/Logomarca-da-Adidas.webp","articleSection":["Flamengo"],"inLanguage":"pt-BR","potentialAction":[{"@type":"CommentAction","name":"Comment","target":["https:\/\/www.gaveanews.com\/index.php\/2019\/08\/06\/estreia-com-derrota-do-uniforme-cor-cinza-revive-a-maldicao-das-terceiras-camisas-do-flamengo\/#respond"]}],"copyrightYear":"2019","copyrightHolder":{"@id":"https:\/\/www.gaveanews.com\/#organization"}},{"@type":"WebPage","@id":"https:\/\/www.gaveanews.com\/index.php\/2019\/08\/06\/estreia-com-derrota-do-uniforme-cor-cinza-revive-a-maldicao-das-terceiras-camisas-do-flamengo\/","url":"https:\/\/www.gaveanews.com\/index.php\/2019\/08\/06\/estreia-com-derrota-do-uniforme-cor-cinza-revive-a-maldicao-das-terceiras-camisas-do-flamengo\/","name":"Estreia com derrota do uniforme cor cinza revive a \"maldi\u00e7\u00e3o das terceiras camisas\" do Flamengo","isPartOf":{"@id":"https:\/\/www.gaveanews.com\/#website"},"primaryImageOfPage":{"@id":"https:\/\/www.gaveanews.com\/index.php\/2019\/08\/06\/estreia-com-derrota-do-uniforme-cor-cinza-revive-a-maldicao-das-terceiras-camisas-do-flamengo\/#primaryimage"},"image":{"@id":"https:\/\/www.gaveanews.com\/index.php\/2019\/08\/06\/estreia-com-derrota-do-uniforme-cor-cinza-revive-a-maldicao-das-terceiras-camisas-do-flamengo\/#primaryimage"},"thumbnailUrl":"https:\/\/www.gaveanews.com\/wp-content\/uploads\/2019\/03\/Logomarca-da-Adidas.webp","datePublished":"2019-08-06T11:54:51+00:00","dateModified":"2019-08-06T11:55:18+00:00","author":{"@id":"https:\/\/www.gaveanews.com\/#\/schema\/person\/2ec14f73fb96be2caf28f91afb14749d"},"breadcrumb":{"@id":"https:\/\/www.gaveanews.com\/index.php\/2019\/08\/06\/estreia-com-derrota-do-uniforme-cor-cinza-revive-a-maldicao-das-terceiras-camisas-do-flamengo\/#breadcrumb"},"inLanguage":"pt-BR","potentialAction":[{"@type":"ReadAction","target":["https:\/\/www.gaveanews.com\/index.php\/2019\/08\/06\/estreia-com-derrota-do-uniforme-cor-cinza-revive-a-maldicao-das-terceiras-camisas-do-flamengo\/"]}]},{"@type":"ImageObject","inLanguage":"pt-BR","@id":"https:\/\/www.gaveanews.com\/index.php\/2019\/08\/06\/estreia-com-derrota-do-uniforme-cor-cinza-revive-a-maldicao-das-terceiras-camisas-do-flamengo\/#primaryimage","url":"https:\/\/www.gaveanews.com\/wp-content\/uploads\/2019\/03\/Logomarca-da-Adidas.webp","contentUrl":"https:\/\/www.gaveanews.com\/wp-content\/uploads\/2019\/03\/Logomarca-da-Adidas.webp","width":1200,"height":600,"caption":"Logomarca da Adidas (Foto: Reprodu\u00e7\u00e3o)"},{"@type":"BreadcrumbList","@id":"https:\/\/www.gaveanews.com\/index.php\/2019\/08\/06\/estreia-com-derrota-do-uniforme-cor-cinza-revive-a-maldicao-das-terceiras-camisas-do-flamengo\/#breadcrumb","itemListElement":[{"@type":"ListItem","position":1,"name":"Home","item":"https:\/\/www.gaveanews.com\/"},{"@type":"ListItem","position":2,"name":"Estreia com derrota do uniforme cor cinza revive a &#8220;maldi\u00e7\u00e3o das terceiras camisas&#8221; do Flamengo"}]},{"@type":"WebSite","@id":"https:\/\/www.gaveanews.com\/#website","url":"https:\/\/www.gaveanews.com\/","name":"G\u00e1vea News","description":"Veja todas as not\u00edcias sobre o Flamengo: Contrata\u00e7\u00f5es, categorias de base, resultados das partidas, tabela de classifica\u00e7\u00e3o, pr\u00f3ximos jogos!","potentialAction":[{"@type":"SearchAction","target":{"@type":"EntryPoint","urlTemplate":"https:\/\/www.gaveanews.com\/?s={search_term_string}"},"query-input":{"@type":"PropertyValueSpecification","valueRequired":true,"valueName":"search_term_string"}}],"inLanguage":"pt-BR"},{"@type":"Person","@id":"https:\/\/www.gaveanews.com\/#\/schema\/person\/2ec14f73fb96be2caf28f91afb14749d","name":"Equipe G\u00e1vea News","image":{"@type":"ImageObject","inLanguage":"pt-BR","@id":"https:\/\/www.gaveanews.com\/#\/schema\/person\/image\/","url":"https:\/\/secure.gravatar.com\/avatar\/1e1956f1facbffd3f8fa53a326721950116b3b9dc9bd44939c01180fd4a745a9?s=96&d=mm&r=g","contentUrl":"https:\/\/secure.gravatar.com\/avatar\/1e1956f1facbffd3f8fa53a326721950116b3b9dc9bd44939c01180fd4a745a9?s=96&d=mm&r=g","caption":"Equipe G\u00e1vea News"}}]}},"_links":{"self":[{"href":"https:\/\/www.gaveanews.com\/index.php\/wp-json\/wp\/v2\/posts\/24197","targetHints":{"allow":["GET"]}}],"collection":[{"href":"https:\/\/www.gaveanews.com\/index.php\/wp-json\/wp\/v2\/posts"}],"about":[{"href":"https:\/\/www.gaveanews.com\/index.php\/wp-json\/wp\/v2\/types\/post"}],"author":[{"embeddable":true,"href":"https:\/\/www.gaveanews.com\/index.php\/wp-json\/wp\/v2\/users\/1"}],"replies":[{"embeddable":true,"href":"https:\/\/www.gaveanews.com\/index.php\/wp-json\/wp\/v2\/comments?post=24197"}],"version-history":[{"count":0,"href":"https:\/\/www.gaveanews.com\/index.php\/wp-json\/wp\/v2\/posts\/24197\/revisions"}],"wp:featuredmedia":[{"embeddable":true,"href":"https:\/\/www.gaveanews.com\/index.php\/wp-json\/wp\/v2\/media\/16214"}],"wp:attachment":[{"href":"https:\/\/www.gaveanews.com\/index.php\/wp-json\/wp\/v2\/media?parent=24197"}],"wp:term":[{"taxonomy":"category","embeddable":true,"href":"https:\/\/www.gaveanews.com\/index.php\/wp-json\/wp\/v2\/categories?post=24197"},{"taxonomy":"post_tag","embeddable":true,"href":"https:\/\/www.gaveanews.com\/index.php\/wp-json\/wp\/v2\/tags?post=24197"}],"curies":[{"name":"wp","href":"https:\/\/api.w.org\/{rel}","templated":true}]}}