{"id":242170,"date":"2025-03-19T22:55:00","date_gmt":"2025-03-20T01:55:00","guid":{"rendered":"https:\/\/www.gaveanews.com\/?p=242170"},"modified":"2025-03-19T20:34:25","modified_gmt":"2025-03-19T23:34:25","slug":"galvao-bueno-se-revolta-contra-presidente-da-conmebol","status":"publish","type":"post","link":"https:\/\/www.gaveanews.com\/index.php\/2025\/03\/19\/galvao-bueno-se-revolta-contra-presidente-da-conmebol\/","title":{"rendered":"Galv\u00e3o Bueno se revolta contra presidente da Conmebol"},"content":{"rendered":"\n<p>O narrador esportivo Galv\u00e3o Bueno reagiu com indigna\u00e7\u00e3o \u00e0 declara\u00e7\u00e3o de Alejandro Dom\u00ednguez, presidente da Conmebol. <\/p>\n\n\n\n<p>Durante um pronunciamento nesta segunda-feira (17), o dirigente comparou a participa\u00e7\u00e3o dos clubes brasileiros na Copa Libertadores ao papel de Chita no universo do Tarzan. Essa compara\u00e7\u00e3o gerou repercuss\u00e3o negativa e motivou uma resposta firme nas redes sociais.<\/p>\n\n\n\n<p>Entretanto, antes de qualquer outra an\u00e1lise, \u00e9 importante destacar que Galv\u00e3o Bueno utilizou termos fortes para expressar sua insatisfa\u00e7\u00e3o. O narrador chamou o mandat\u00e1rio paraguaio de \u201cidiota\u201d e sugeriu que Ednaldo Rodrigues, presidente da CBF, deveria promover uma campanha contra Dom\u00ednguez. <\/p>\n\n\n\n<p>Ainda assim, ressaltou que n\u00e3o aceitaria as desculpas emitidas posteriormente pelo dirigente. &#8220;O presidente da CBF, Ednaldo Rodrigues, que \u00e9 negro, teria que iniciar um movimento forte pela deposi\u00e7\u00e3o desse Alejandro Domingues, idiota, presidente da Conmebol!! Pediu desculpas depois, mas eu n\u00e3o as aceito&#8221;, escreveu.<\/p>\n\n\n\n<blockquote class=\"instagram-media\" data-instgrm-captioned data-instgrm-permalink=\"https:\/\/www.instagram.com\/reel\/DHWgd1lxsA6\/?utm_source=ig_embed&amp;utm_campaign=loading\" data-instgrm-version=\"14\" style=\" background:#FFF; border:0; border-radius:3px; box-shadow:0 0 1px 0 rgba(0,0,0,0.5),0 1px 10px 0 rgba(0,0,0,0.15); margin: 1px; max-width:540px; min-width:326px; padding:0; width:99.375%; width:-webkit-calc(100% - 2px); width:calc(100% - 2px);\"><div style=\"padding:16px;\"> <a href=\"https:\/\/www.instagram.com\/reel\/DHWgd1lxsA6\/?utm_source=ig_embed&amp;utm_campaign=loading\" style=\" background:#FFFFFF; line-height:0; padding:0 0; text-align:center; text-decoration:none; width:100%;\" target=\"_blank\"> <div style=\" display: flex; flex-direction: row; align-items: center;\"> <div style=\"background-color: #F4F4F4; border-radius: 50%; flex-grow: 0; height: 40px; margin-right: 14px; width: 40px;\"><\/div> <div style=\"display: flex; flex-direction: column; flex-grow: 1; justify-content: center;\"> <div style=\" background-color: #F4F4F4; border-radius: 4px; flex-grow: 0; height: 14px; margin-bottom: 6px; width: 100px;\"><\/div> <div style=\" background-color: #F4F4F4; border-radius: 4px; flex-grow: 0; height: 14px; width: 60px;\"><\/div><\/div><\/div><div style=\"padding: 19% 0;\"><\/div> <div style=\"display:block; height:50px; margin:0 auto 12px; width:50px;\"><svg width=\"50px\" height=\"50px\" viewBox=\"0 0 60 60\" version=\"1.1\" xmlns=\"https:\/\/www.w3.org\/2000\/svg\" xmlns:xlink=\"https:\/\/www.w3.org\/1999\/xlink\"><g stroke=\"none\" stroke-width=\"1\" fill=\"none\" fill-rule=\"evenodd\"><g transform=\"translate(-511.000000, -20.000000)\" fill=\"#000000\"><g><path d=\"M556.869,30.41 C554.814,30.41 553.148,32.076 553.148,34.131 C553.148,36.186 554.814,37.852 556.869,37.852 C558.924,37.852 560.59,36.186 560.59,34.131 C560.59,32.076 558.924,30.41 556.869,30.41 M541,60.657 C535.114,60.657 530.342,55.887 530.342,50 C530.342,44.114 535.114,39.342 541,39.342 C546.887,39.342 551.658,44.114 551.658,50 C551.658,55.887 546.887,60.657 541,60.657 M541,33.886 C532.1,33.886 524.886,41.1 524.886,50 C524.886,58.899 532.1,66.113 541,66.113 C549.9,66.113 557.115,58.899 557.115,50 C557.115,41.1 549.9,33.886 541,33.886 M565.378,62.101 C565.244,65.022 564.756,66.606 564.346,67.663 C563.803,69.06 563.154,70.057 562.106,71.106 C561.058,72.155 560.06,72.803 558.662,73.347 C557.607,73.757 556.021,74.244 553.102,74.378 C549.944,74.521 548.997,74.552 541,74.552 C533.003,74.552 532.056,74.521 528.898,74.378 C525.979,74.244 524.393,73.757 523.338,73.347 C521.94,72.803 520.942,72.155 519.894,71.106 C518.846,70.057 518.197,69.06 517.654,67.663 C517.244,66.606 516.755,65.022 516.623,62.101 C516.479,58.943 516.448,57.996 516.448,50 C516.448,42.003 516.479,41.056 516.623,37.899 C516.755,34.978 517.244,33.391 517.654,32.338 C518.197,30.938 518.846,29.942 519.894,28.894 C520.942,27.846 521.94,27.196 523.338,26.654 C524.393,26.244 525.979,25.756 528.898,25.623 C532.057,25.479 533.004,25.448 541,25.448 C548.997,25.448 549.943,25.479 553.102,25.623 C556.021,25.756 557.607,26.244 558.662,26.654 C560.06,27.196 561.058,27.846 562.106,28.894 C563.154,29.942 563.803,30.938 564.346,32.338 C564.756,33.391 565.244,34.978 565.378,37.899 C565.522,41.056 565.552,42.003 565.552,50 C565.552,57.996 565.522,58.943 565.378,62.101 M570.82,37.631 C570.674,34.438 570.167,32.258 569.425,30.349 C568.659,28.377 567.633,26.702 565.965,25.035 C564.297,23.368 562.623,22.342 560.652,21.575 C558.743,20.834 556.562,20.326 553.369,20.18 C550.169,20.033 549.148,20 541,20 C532.853,20 531.831,20.033 528.631,20.18 C525.438,20.326 523.257,20.834 521.349,21.575 C519.376,22.342 517.703,23.368 516.035,25.035 C514.368,26.702 513.342,28.377 512.574,30.349 C511.834,32.258 511.326,34.438 511.181,37.631 C511.035,40.831 511,41.851 511,50 C511,58.147 511.035,59.17 511.181,62.369 C511.326,65.562 511.834,67.743 512.574,69.651 C513.342,71.625 514.368,73.296 516.035,74.965 C517.703,76.634 519.376,77.658 521.349,78.425 C523.257,79.167 525.438,79.673 528.631,79.82 C531.831,79.965 532.853,80.001 541,80.001 C549.148,80.001 550.169,79.965 553.369,79.82 C556.562,79.673 558.743,79.167 560.652,78.425 C562.623,77.658 564.297,76.634 565.965,74.965 C567.633,73.296 568.659,71.625 569.425,69.651 C570.167,67.743 570.674,65.562 570.82,62.369 C570.966,59.17 571,58.147 571,50 C571,41.851 570.966,40.831 570.82,37.631\"><\/path><\/g><\/g><\/g><\/svg><\/div><div style=\"padding-top: 8px;\"> <div style=\" color:#3897f0; font-family:Arial,sans-serif; font-size:14px; font-style:normal; font-weight:550; line-height:18px;\">Ver essa foto no Instagram<\/div><\/div><div style=\"padding: 12.5% 0;\"><\/div> <div style=\"display: flex; flex-direction: row; margin-bottom: 14px; align-items: center;\"><div> <div style=\"background-color: #F4F4F4; border-radius: 50%; height: 12.5px; width: 12.5px; transform: translateX(0px) translateY(7px);\"><\/div> <div style=\"background-color: #F4F4F4; height: 12.5px; transform: rotate(-45deg) translateX(3px) translateY(1px); width: 12.5px; flex-grow: 0; margin-right: 14px; margin-left: 2px;\"><\/div> <div style=\"background-color: #F4F4F4; border-radius: 50%; height: 12.5px; width: 12.5px; transform: translateX(9px) translateY(-18px);\"><\/div><\/div><div style=\"margin-left: 8px;\"> <div style=\" background-color: #F4F4F4; border-radius: 50%; flex-grow: 0; height: 20px; width: 20px;\"><\/div> <div style=\" width: 0; height: 0; border-top: 2px solid transparent; border-left: 6px solid #f4f4f4; border-bottom: 2px solid transparent; transform: translateX(16px) translateY(-4px) rotate(30deg)\"><\/div><\/div><div style=\"margin-left: auto;\"> <div style=\" width: 0px; border-top: 8px solid #F4F4F4; border-right: 8px solid transparent; transform: translateY(16px);\"><\/div> <div style=\" background-color: #F4F4F4; flex-grow: 0; height: 12px; width: 16px; transform: translateY(-4px);\"><\/div> <div style=\" width: 0; height: 0; border-top: 8px solid #F4F4F4; border-left: 8px solid transparent; transform: translateY(-4px) translateX(8px);\"><\/div><\/div><\/div> <div style=\"display: flex; flex-direction: column; flex-grow: 1; justify-content: center; margin-bottom: 24px;\"> <div style=\" background-color: #F4F4F4; border-radius: 4px; flex-grow: 0; height: 14px; margin-bottom: 6px; width: 224px;\"><\/div> <div style=\" background-color: #F4F4F4; border-radius: 4px; flex-grow: 0; height: 14px; width: 144px;\"><\/div><\/div><\/a><p style=\" color:#c9c8cd; font-family:Arial,sans-serif; font-size:14px; line-height:17px; margin-bottom:0; margin-top:8px; overflow:hidden; padding:8px 0 7px; text-align:center; text-overflow:ellipsis; white-space:nowrap;\"><a href=\"https:\/\/www.instagram.com\/reel\/DHWgd1lxsA6\/?utm_source=ig_embed&amp;utm_campaign=loading\" style=\" color:#c9c8cd; font-family:Arial,sans-serif; font-size:14px; font-style:normal; font-weight:normal; line-height:17px; text-decoration:none;\" target=\"_blank\">Uma publica\u00e7\u00e3o compartilhada por Galv\u00e3o Bueno (@galvaobueno)<\/a><\/p><\/div><\/blockquote>\n<script async src=\"\/\/www.instagram.com\/embed.js\"><\/script>\n\n\n\n<h2 class=\"wp-block-heading\" id=\"h-reacao-oficial-e-retratacao-publica\">Rea\u00e7\u00e3o oficial e retrata\u00e7\u00e3o p\u00fablica<\/h2>\n\n\n\n<p>Por outro lado, Alejandro Dom\u00ednguez reconheceu o erro e emitiu uma nota oficial pedindo desculpas. Ele afirmou que jamais teve a inten\u00e7\u00e3o de desrespeitar ou menosprezar algu\u00e9m com aquela frase. <\/p>\n\n\n\n<p>Al\u00e9m disso, explicou que se tratava de uma express\u00e3o popular em seu pa\u00eds. Em seguida, refor\u00e7ou o compromisso com os valores de inclus\u00e3o e respeito dentro do futebol sul-americano.<\/p>\n\n\n\n<p>Dom\u00ednguez tamb\u00e9m enfatizou que a Copa Libertadores s\u00f3 faz sentido com a participa\u00e7\u00e3o de clubes de todos os 10 pa\u00edses-membros da Conmebol. Assim, ele garantiu que continuar\u00e1 trabalhando para promover um ambiente mais justo e livre de discrimina\u00e7\u00e3o no esporte.<\/p>\n\n\n\n<blockquote class=\"twitter-tweet\"><p lang=\"zxx\" dir=\"ltr\"><a href=\"https:\/\/t.co\/6FtZ1Vunxs\">pic.twitter.com\/6FtZ1Vunxs<\/a><\/p>&mdash; Alejandro Dom\u00ednguez (@agdws) <a href=\"https:\/\/twitter.com\/agdws\/status\/1902015898514346146?ref_src=twsrc%5Etfw\">March 18, 2025<\/a><\/blockquote> <script async src=\"https:\/\/platform.twitter.com\/widgets.js\" charset=\"utf-8\"><\/script>\n\n\n\n<h2 class=\"wp-block-heading\" id=\"h-historico-na-presidencia-da-conmebol\">Hist\u00f3rico na presid\u00eancia da Conmebol<\/h2>\n\n\n\n<p>Em meio \u00e0s pol\u00eamicas, vale lembrar que Alejandro Dom\u00ednguez assumiu a presid\u00eancia da Conmebol em janeiro de 2016. Seu nome foi escolhido por consenso entre os 10 pa\u00edses-membros ap\u00f3s um esc\u00e2ndalo global de corrup\u00e7\u00e3o envolvendo a Fifa e outras entidades esportivas em 2015. Desde ent\u00e3o, sua gest\u00e3o enfrentou diversas situa\u00e7\u00f5es controversas no contexto do futebol sul-americano.<\/p>\n\n\n\n<p>Um exemplo marcante ocorreu durante a final da Libertadores de 2018, quando torcedores do River Plate agrediram a delega\u00e7\u00e3o do Boca Juniors. Diante dessa situa\u00e7\u00e3o, Dom\u00ednguez decidiu transferir a partida decisiva para Madri, capital da Espanha. Essa escolha gerou duras cr\u00edticas, especialmente no cen\u00e1rio argentino.<\/p>\n\n\n\n<p>Al\u00e9m disso, em 2023, novas controv\u00e9rsias surgiram durante a decis\u00e3o do torneio continental realizada no Rio de Janeiro. Enquanto incidentes entre policiais e torcedores do Boca tomavam conta das ruas, Dom\u00ednguez convidou todos para \u201ccompartilharem momentos de alegria e celebra\u00e7\u00e3o\u201d. Esse posicionamento ampliou ainda mais as cr\u00edticas contra sua lideran\u00e7a.<\/p>\n\n\n\n<h2 class=\"wp-block-heading\" id=\"h-carreira-fora-do-futebol\">Carreira fora do futebol<\/h2>\n\n\n\n<p>Ao mesmo tempo, Alejandro Dom\u00ednguez possui uma trajet\u00f3ria significativa no jornalismo. No Paraguai, ele atuou em grandes ve\u00edculos de comunica\u00e7\u00e3o antes de ingressar na pol\u00edtica esportiva. Fundador do jornal Cr\u00f3nica e da r\u00e1dio 970 AM, o dirigente demonstra conhecimento em \u00e1reas al\u00e9m do futebol, contribuindo para sua experi\u00eancia como gestor.<\/p>\n","protected":false},"excerpt":{"rendered":"<p>O narrador esportivo Galv\u00e3o Bueno reagiu com indigna\u00e7\u00e3o \u00e0 declara\u00e7\u00e3o de Alejandro Dom\u00ednguez, presidente da Conmebol. Durante um pronunciamento nesta segunda-feira (17), o dirigente comparou a participa\u00e7\u00e3o dos clubes brasileiros na Copa Libertadores ao papel de Chita no universo do Tarzan. Essa compara\u00e7\u00e3o gerou repercuss\u00e3o negativa e motivou uma resposta firme nas redes sociais. Entretanto, [&hellip;]<\/p>\n","protected":false},"author":28,"featured_media":171275,"comment_status":"open","ping_status":"closed","sticky":false,"template":"","format":"standard","meta":{"footnotes":""},"categories":[47],"tags":[],"class_list":["post-242170","post","type-post","status-publish","format-standard","has-post-thumbnail","hentry","category-destaques"],"yoast_head":"<!-- This site is optimized with the Yoast SEO Premium plugin v24.2 (Yoast SEO v26.9) - https:\/\/yoast.com\/product\/yoast-seo-premium-wordpress\/ -->\n<title>Galv\u00e3o Bueno se revolta contra presidente da Conmebol<\/title>\n<meta name=\"robots\" content=\"index, follow, max-snippet:-1, max-image-preview:large, max-video-preview:-1\" \/>\n<link rel=\"canonical\" href=\"https:\/\/www.gaveanews.com\/index.php\/2025\/03\/19\/galvao-bueno-se-revolta-contra-presidente-da-conmebol\/\" \/>\n<meta property=\"og:locale\" content=\"pt_BR\" \/>\n<meta property=\"og:type\" content=\"article\" \/>\n<meta property=\"og:title\" content=\"Galv\u00e3o Bueno se revolta contra presidente da Conmebol\" \/>\n<meta property=\"og:description\" content=\"O narrador esportivo Galv\u00e3o Bueno reagiu com indigna\u00e7\u00e3o \u00e0 declara\u00e7\u00e3o de Alejandro Dom\u00ednguez, presidente da Conmebol. Durante um pronunciamento nesta segunda-feira (17), o dirigente comparou a participa\u00e7\u00e3o dos clubes brasileiros na Copa Libertadores ao papel de Chita no universo do Tarzan. Essa compara\u00e7\u00e3o gerou repercuss\u00e3o negativa e motivou uma resposta firme nas redes sociais. Entretanto, [&hellip;]\" \/>\n<meta property=\"og:url\" content=\"https:\/\/www.gaveanews.com\/index.php\/2025\/03\/19\/galvao-bueno-se-revolta-contra-presidente-da-conmebol\/\" \/>\n<meta property=\"og:site_name\" content=\"G\u00e1vea News\" \/>\n<meta property=\"article:publisher\" content=\"https:\/\/facebook.com\/gaveaNews\/\" \/>\n<meta property=\"article:published_time\" content=\"2025-03-20T01:55:00+00:00\" \/>\n<meta property=\"og:image\" content=\"https:\/\/www.gaveanews.com\/wp-content\/uploads\/Galvao-Bueno-ex-narrador-do-Grupo-Globo.webp\" \/>\n\t<meta property=\"og:image:width\" content=\"620\" \/>\n\t<meta property=\"og:image:height\" content=\"372\" \/>\n\t<meta property=\"og:image:type\" content=\"image\/webp\" \/>\n<meta name=\"author\" content=\"Hudson Pereira\" \/>\n<meta name=\"twitter:card\" content=\"summary_large_image\" \/>\n<meta name=\"twitter:label1\" content=\"Escrito por\" \/>\n\t<meta name=\"twitter:data1\" content=\"Hudson Pereira\" \/>\n\t<meta name=\"twitter:label2\" content=\"Est. tempo de leitura\" \/>\n\t<meta name=\"twitter:data2\" content=\"3 minutos\" \/>\n<script type=\"application\/ld+json\" class=\"yoast-schema-graph\">{\"@context\":\"https:\/\/schema.org\",\"@graph\":[{\"@type\":\"NewsArticle\",\"@id\":\"https:\/\/www.gaveanews.com\/index.php\/2025\/03\/19\/galvao-bueno-se-revolta-contra-presidente-da-conmebol\/#article\",\"isPartOf\":{\"@id\":\"https:\/\/www.gaveanews.com\/index.php\/2025\/03\/19\/galvao-bueno-se-revolta-contra-presidente-da-conmebol\/\"},\"author\":{\"name\":\"Hudson Pereira\",\"@id\":\"https:\/\/www.gaveanews.com\/#\/schema\/person\/bd08f00534b403119b92741a6d469ef0\"},\"headline\":\"Galv\u00e3o Bueno se revolta contra presidente da Conmebol\",\"datePublished\":\"2025-03-20T01:55:00+00:00\",\"mainEntityOfPage\":{\"@id\":\"https:\/\/www.gaveanews.com\/index.php\/2025\/03\/19\/galvao-bueno-se-revolta-contra-presidente-da-conmebol\/\"},\"wordCount\":541,\"commentCount\":0,\"image\":{\"@id\":\"https:\/\/www.gaveanews.com\/index.php\/2025\/03\/19\/galvao-bueno-se-revolta-contra-presidente-da-conmebol\/#primaryimage\"},\"thumbnailUrl\":\"https:\/\/www.gaveanews.com\/wp-content\/uploads\/Galvao-Bueno-ex-narrador-do-Grupo-Globo.webp\",\"articleSection\":[\"Destaques\"],\"inLanguage\":\"pt-BR\",\"potentialAction\":[{\"@type\":\"CommentAction\",\"name\":\"Comment\",\"target\":[\"https:\/\/www.gaveanews.com\/index.php\/2025\/03\/19\/galvao-bueno-se-revolta-contra-presidente-da-conmebol\/#respond\"]}],\"copyrightYear\":\"2025\",\"copyrightHolder\":{\"@id\":\"https:\/\/www.gaveanews.com\/#organization\"}},{\"@type\":\"WebPage\",\"@id\":\"https:\/\/www.gaveanews.com\/index.php\/2025\/03\/19\/galvao-bueno-se-revolta-contra-presidente-da-conmebol\/\",\"url\":\"https:\/\/www.gaveanews.com\/index.php\/2025\/03\/19\/galvao-bueno-se-revolta-contra-presidente-da-conmebol\/\",\"name\":\"Galv\u00e3o Bueno se revolta contra presidente da Conmebol\",\"isPartOf\":{\"@id\":\"https:\/\/www.gaveanews.com\/#website\"},\"primaryImageOfPage\":{\"@id\":\"https:\/\/www.gaveanews.com\/index.php\/2025\/03\/19\/galvao-bueno-se-revolta-contra-presidente-da-conmebol\/#primaryimage\"},\"image\":{\"@id\":\"https:\/\/www.gaveanews.com\/index.php\/2025\/03\/19\/galvao-bueno-se-revolta-contra-presidente-da-conmebol\/#primaryimage\"},\"thumbnailUrl\":\"https:\/\/www.gaveanews.com\/wp-content\/uploads\/Galvao-Bueno-ex-narrador-do-Grupo-Globo.webp\",\"datePublished\":\"2025-03-20T01:55:00+00:00\",\"author\":{\"@id\":\"https:\/\/www.gaveanews.com\/#\/schema\/person\/bd08f00534b403119b92741a6d469ef0\"},\"breadcrumb\":{\"@id\":\"https:\/\/www.gaveanews.com\/index.php\/2025\/03\/19\/galvao-bueno-se-revolta-contra-presidente-da-conmebol\/#breadcrumb\"},\"inLanguage\":\"pt-BR\",\"potentialAction\":[{\"@type\":\"ReadAction\",\"target\":[\"https:\/\/www.gaveanews.com\/index.php\/2025\/03\/19\/galvao-bueno-se-revolta-contra-presidente-da-conmebol\/\"]}]},{\"@type\":\"ImageObject\",\"inLanguage\":\"pt-BR\",\"@id\":\"https:\/\/www.gaveanews.com\/index.php\/2025\/03\/19\/galvao-bueno-se-revolta-contra-presidente-da-conmebol\/#primaryimage\",\"url\":\"https:\/\/www.gaveanews.com\/wp-content\/uploads\/Galvao-Bueno-ex-narrador-do-Grupo-Globo.webp\",\"contentUrl\":\"https:\/\/www.gaveanews.com\/wp-content\/uploads\/Galvao-Bueno-ex-narrador-do-Grupo-Globo.webp\",\"width\":620,\"height\":372,\"caption\":\"Galv\u00e3o Bueno, ex-narrador do Grupo Globo (Foto: Reprodu\u00e7\u00e3o)\"},{\"@type\":\"BreadcrumbList\",\"@id\":\"https:\/\/www.gaveanews.com\/index.php\/2025\/03\/19\/galvao-bueno-se-revolta-contra-presidente-da-conmebol\/#breadcrumb\",\"itemListElement\":[{\"@type\":\"ListItem\",\"position\":1,\"name\":\"Home\",\"item\":\"https:\/\/www.gaveanews.com\/\"},{\"@type\":\"ListItem\",\"position\":2,\"name\":\"Galv\u00e3o Bueno se revolta contra presidente da Conmebol\"}]},{\"@type\":\"WebSite\",\"@id\":\"https:\/\/www.gaveanews.com\/#website\",\"url\":\"https:\/\/www.gaveanews.com\/\",\"name\":\"G\u00e1vea News\",\"description\":\"Veja todas as not\u00edcias sobre o Flamengo: Contrata\u00e7\u00f5es, categorias de base, resultados das partidas, tabela de classifica\u00e7\u00e3o, pr\u00f3ximos jogos!\",\"potentialAction\":[{\"@type\":\"SearchAction\",\"target\":{\"@type\":\"EntryPoint\",\"urlTemplate\":\"https:\/\/www.gaveanews.com\/?s={search_term_string}\"},\"query-input\":{\"@type\":\"PropertyValueSpecification\",\"valueRequired\":true,\"valueName\":\"search_term_string\"}}],\"inLanguage\":\"pt-BR\"},{\"@type\":\"Person\",\"@id\":\"https:\/\/www.gaveanews.com\/#\/schema\/person\/bd08f00534b403119b92741a6d469ef0\",\"name\":\"Hudson Pereira\",\"image\":{\"@type\":\"ImageObject\",\"inLanguage\":\"pt-BR\",\"@id\":\"https:\/\/www.gaveanews.com\/#\/schema\/person\/image\/\",\"url\":\"https:\/\/secure.gravatar.com\/avatar\/ecc491b489e454e510efffc9b23c1052ce5fb4f2e05555768ba65819cd55f03e?s=96&d=mm&r=g\",\"contentUrl\":\"https:\/\/secure.gravatar.com\/avatar\/ecc491b489e454e510efffc9b23c1052ce5fb4f2e05555768ba65819cd55f03e?s=96&d=mm&r=g\",\"caption\":\"Hudson Pereira\"}}]}<\/script>\n<!-- \/ Yoast SEO Premium plugin. -->","yoast_head_json":{"title":"Galv\u00e3o Bueno se revolta contra presidente da Conmebol","robots":{"index":"index","follow":"follow","max-snippet":"max-snippet:-1","max-image-preview":"max-image-preview:large","max-video-preview":"max-video-preview:-1"},"canonical":"https:\/\/www.gaveanews.com\/index.php\/2025\/03\/19\/galvao-bueno-se-revolta-contra-presidente-da-conmebol\/","og_locale":"pt_BR","og_type":"article","og_title":"Galv\u00e3o Bueno se revolta contra presidente da Conmebol","og_description":"O narrador esportivo Galv\u00e3o Bueno reagiu com indigna\u00e7\u00e3o \u00e0 declara\u00e7\u00e3o de Alejandro Dom\u00ednguez, presidente da Conmebol. Durante um pronunciamento nesta segunda-feira (17), o dirigente comparou a participa\u00e7\u00e3o dos clubes brasileiros na Copa Libertadores ao papel de Chita no universo do Tarzan. Essa compara\u00e7\u00e3o gerou repercuss\u00e3o negativa e motivou uma resposta firme nas redes sociais. Entretanto, [&hellip;]","og_url":"https:\/\/www.gaveanews.com\/index.php\/2025\/03\/19\/galvao-bueno-se-revolta-contra-presidente-da-conmebol\/","og_site_name":"G\u00e1vea News","article_publisher":"https:\/\/facebook.com\/gaveaNews\/","article_published_time":"2025-03-20T01:55:00+00:00","og_image":[{"width":620,"height":372,"url":"https:\/\/www.gaveanews.com\/wp-content\/uploads\/Galvao-Bueno-ex-narrador-do-Grupo-Globo.webp","type":"image\/webp"}],"author":"Hudson Pereira","twitter_card":"summary_large_image","twitter_misc":{"Escrito por":"Hudson Pereira","Est. tempo de leitura":"3 minutos"},"schema":{"@context":"https:\/\/schema.org","@graph":[{"@type":"NewsArticle","@id":"https:\/\/www.gaveanews.com\/index.php\/2025\/03\/19\/galvao-bueno-se-revolta-contra-presidente-da-conmebol\/#article","isPartOf":{"@id":"https:\/\/www.gaveanews.com\/index.php\/2025\/03\/19\/galvao-bueno-se-revolta-contra-presidente-da-conmebol\/"},"author":{"name":"Hudson Pereira","@id":"https:\/\/www.gaveanews.com\/#\/schema\/person\/bd08f00534b403119b92741a6d469ef0"},"headline":"Galv\u00e3o Bueno se revolta contra presidente da Conmebol","datePublished":"2025-03-20T01:55:00+00:00","mainEntityOfPage":{"@id":"https:\/\/www.gaveanews.com\/index.php\/2025\/03\/19\/galvao-bueno-se-revolta-contra-presidente-da-conmebol\/"},"wordCount":541,"commentCount":0,"image":{"@id":"https:\/\/www.gaveanews.com\/index.php\/2025\/03\/19\/galvao-bueno-se-revolta-contra-presidente-da-conmebol\/#primaryimage"},"thumbnailUrl":"https:\/\/www.gaveanews.com\/wp-content\/uploads\/Galvao-Bueno-ex-narrador-do-Grupo-Globo.webp","articleSection":["Destaques"],"inLanguage":"pt-BR","potentialAction":[{"@type":"CommentAction","name":"Comment","target":["https:\/\/www.gaveanews.com\/index.php\/2025\/03\/19\/galvao-bueno-se-revolta-contra-presidente-da-conmebol\/#respond"]}],"copyrightYear":"2025","copyrightHolder":{"@id":"https:\/\/www.gaveanews.com\/#organization"}},{"@type":"WebPage","@id":"https:\/\/www.gaveanews.com\/index.php\/2025\/03\/19\/galvao-bueno-se-revolta-contra-presidente-da-conmebol\/","url":"https:\/\/www.gaveanews.com\/index.php\/2025\/03\/19\/galvao-bueno-se-revolta-contra-presidente-da-conmebol\/","name":"Galv\u00e3o Bueno se revolta contra presidente da Conmebol","isPartOf":{"@id":"https:\/\/www.gaveanews.com\/#website"},"primaryImageOfPage":{"@id":"https:\/\/www.gaveanews.com\/index.php\/2025\/03\/19\/galvao-bueno-se-revolta-contra-presidente-da-conmebol\/#primaryimage"},"image":{"@id":"https:\/\/www.gaveanews.com\/index.php\/2025\/03\/19\/galvao-bueno-se-revolta-contra-presidente-da-conmebol\/#primaryimage"},"thumbnailUrl":"https:\/\/www.gaveanews.com\/wp-content\/uploads\/Galvao-Bueno-ex-narrador-do-Grupo-Globo.webp","datePublished":"2025-03-20T01:55:00+00:00","author":{"@id":"https:\/\/www.gaveanews.com\/#\/schema\/person\/bd08f00534b403119b92741a6d469ef0"},"breadcrumb":{"@id":"https:\/\/www.gaveanews.com\/index.php\/2025\/03\/19\/galvao-bueno-se-revolta-contra-presidente-da-conmebol\/#breadcrumb"},"inLanguage":"pt-BR","potentialAction":[{"@type":"ReadAction","target":["https:\/\/www.gaveanews.com\/index.php\/2025\/03\/19\/galvao-bueno-se-revolta-contra-presidente-da-conmebol\/"]}]},{"@type":"ImageObject","inLanguage":"pt-BR","@id":"https:\/\/www.gaveanews.com\/index.php\/2025\/03\/19\/galvao-bueno-se-revolta-contra-presidente-da-conmebol\/#primaryimage","url":"https:\/\/www.gaveanews.com\/wp-content\/uploads\/Galvao-Bueno-ex-narrador-do-Grupo-Globo.webp","contentUrl":"https:\/\/www.gaveanews.com\/wp-content\/uploads\/Galvao-Bueno-ex-narrador-do-Grupo-Globo.webp","width":620,"height":372,"caption":"Galv\u00e3o Bueno, ex-narrador do Grupo Globo (Foto: Reprodu\u00e7\u00e3o)"},{"@type":"BreadcrumbList","@id":"https:\/\/www.gaveanews.com\/index.php\/2025\/03\/19\/galvao-bueno-se-revolta-contra-presidente-da-conmebol\/#breadcrumb","itemListElement":[{"@type":"ListItem","position":1,"name":"Home","item":"https:\/\/www.gaveanews.com\/"},{"@type":"ListItem","position":2,"name":"Galv\u00e3o Bueno se revolta contra presidente da Conmebol"}]},{"@type":"WebSite","@id":"https:\/\/www.gaveanews.com\/#website","url":"https:\/\/www.gaveanews.com\/","name":"G\u00e1vea News","description":"Veja todas as not\u00edcias sobre o Flamengo: Contrata\u00e7\u00f5es, categorias de base, resultados das partidas, tabela de classifica\u00e7\u00e3o, pr\u00f3ximos jogos!","potentialAction":[{"@type":"SearchAction","target":{"@type":"EntryPoint","urlTemplate":"https:\/\/www.gaveanews.com\/?s={search_term_string}"},"query-input":{"@type":"PropertyValueSpecification","valueRequired":true,"valueName":"search_term_string"}}],"inLanguage":"pt-BR"},{"@type":"Person","@id":"https:\/\/www.gaveanews.com\/#\/schema\/person\/bd08f00534b403119b92741a6d469ef0","name":"Hudson Pereira","image":{"@type":"ImageObject","inLanguage":"pt-BR","@id":"https:\/\/www.gaveanews.com\/#\/schema\/person\/image\/","url":"https:\/\/secure.gravatar.com\/avatar\/ecc491b489e454e510efffc9b23c1052ce5fb4f2e05555768ba65819cd55f03e?s=96&d=mm&r=g","contentUrl":"https:\/\/secure.gravatar.com\/avatar\/ecc491b489e454e510efffc9b23c1052ce5fb4f2e05555768ba65819cd55f03e?s=96&d=mm&r=g","caption":"Hudson Pereira"}}]}},"_links":{"self":[{"href":"https:\/\/www.gaveanews.com\/index.php\/wp-json\/wp\/v2\/posts\/242170","targetHints":{"allow":["GET"]}}],"collection":[{"href":"https:\/\/www.gaveanews.com\/index.php\/wp-json\/wp\/v2\/posts"}],"about":[{"href":"https:\/\/www.gaveanews.com\/index.php\/wp-json\/wp\/v2\/types\/post"}],"author":[{"embeddable":true,"href":"https:\/\/www.gaveanews.com\/index.php\/wp-json\/wp\/v2\/users\/28"}],"replies":[{"embeddable":true,"href":"https:\/\/www.gaveanews.com\/index.php\/wp-json\/wp\/v2\/comments?post=242170"}],"version-history":[{"count":1,"href":"https:\/\/www.gaveanews.com\/index.php\/wp-json\/wp\/v2\/posts\/242170\/revisions"}],"predecessor-version":[{"id":242187,"href":"https:\/\/www.gaveanews.com\/index.php\/wp-json\/wp\/v2\/posts\/242170\/revisions\/242187"}],"wp:featuredmedia":[{"embeddable":true,"href":"https:\/\/www.gaveanews.com\/index.php\/wp-json\/wp\/v2\/media\/171275"}],"wp:attachment":[{"href":"https:\/\/www.gaveanews.com\/index.php\/wp-json\/wp\/v2\/media?parent=242170"}],"wp:term":[{"taxonomy":"category","embeddable":true,"href":"https:\/\/www.gaveanews.com\/index.php\/wp-json\/wp\/v2\/categories?post=242170"},{"taxonomy":"post_tag","embeddable":true,"href":"https:\/\/www.gaveanews.com\/index.php\/wp-json\/wp\/v2\/tags?post=242170"}],"curies":[{"name":"wp","href":"https:\/\/api.w.org\/{rel}","templated":true}]}}