{"id":24223,"date":"2019-08-06T14:39:53","date_gmt":"2019-08-06T17:39:53","guid":{"rendered":"http:\/\/www.gaveanews.com\/?p=24223"},"modified":"2019-08-06T16:36:16","modified_gmt":"2019-08-06T19:36:16","slug":"apresentado-no-saint-etienne-lateral-peruani-miguel-trauco-fala-em-ansiedade-para-estrear","status":"publish","type":"post","link":"https:\/\/www.gaveanews.com\/index.php\/2019\/08\/06\/apresentado-no-saint-etienne-lateral-peruani-miguel-trauco-fala-em-ansiedade-para-estrear\/","title":{"rendered":"Apresentado no Saint-\u00c9tienne, lateral peruani Miguel Trauco fala em ansiedade para estrear"},"content":{"rendered":"\n<p>Ap\u00f3s ser negociado pelo Flamengo com o Saint-\u00c9tienne (Fran\u00e7a), o lateral-esquerdo peruano Miguel Trauco foi apresentado em car\u00e1ter oficial pelo time europeu ap\u00f3s assinar v\u00ednculo com validade at\u00e9 2022 em transa\u00e7\u00e3o que custou 800 mil euros (R$ 3,3 milh\u00f5es) para os franceses.<\/p>\n\n\n\n<p>Chegando a uma equipe que \u00e9 famosa na Fran\u00e7a por ter uma torcida das mais apaixonadas e intensas, Trauco comentou sobre o tema na sua coletiva de apresenta\u00e7\u00e3o revelando certa ansiedade para o encontro com os f\u00e3s do Vert et blanc.<\/p>\n\n\n\n<p>\u201cEstou muito feliz de chegar ao Saint-\u00c9tienne, vou dar tudo por essa camiseta. Escutei muito sobre o ambiente aqui nas arquibancadas e j\u00e1 estou ansioso para conhecer essa grande torcida\u201d, disse o atleta de 26 anos de idade que foi eleito o melhor lateral-esquerdo da Copa Am\u00e9rica na campanha onde a sele\u00e7\u00e3o do Peru ficou com o vice-campeonato da competi\u00e7\u00e3o.<\/p>\n\n\n\n<p>Revelado pelo Uni\u00f3n Tarapoto, o jogador passou por Uni\u00f3n Comercio e se destacou pelo Universtario antes de desembarcar no futebol brasileiro em 2017 onde disputou 75 jogos com quatro gols marcados e dois estaduais conquistados pelo time carioca.<\/p>\n\n\n\n\n\n<p>Retirado de: Futebo Latino<\/p>\n","protected":false},"excerpt":{"rendered":"<p>Ap\u00f3s ser negociado pelo Flamengo com o Saint-\u00c9tienne (Fran\u00e7a), o lateral-esquerdo peruano Miguel Trauco foi apresentado em car\u00e1ter oficial pelo time europeu ap\u00f3s assinar v\u00ednculo com validade at\u00e9 2022 em transa\u00e7\u00e3o que custou 800 mil euros (R$ 3,3 milh\u00f5es) para os franceses. Chegando a uma equipe que \u00e9 famosa na Fran\u00e7a por ter uma torcida [&hellip;]<\/p>\n","protected":false},"author":1,"featured_media":15123,"comment_status":"open","ping_status":"open","sticky":false,"template":"","format":"standard","meta":{"footnotes":""},"categories":[1],"tags":[],"class_list":["post-24223","post","type-post","status-publish","format-standard","has-post-thumbnail","hentry","category-flamengo"],"yoast_head":"<!-- This site is optimized with the Yoast SEO Premium plugin v24.2 (Yoast SEO v26.9) - https:\/\/yoast.com\/product\/yoast-seo-premium-wordpress\/ -->\n<title>Apresentado no Saint-\u00c9tienne, lateral peruani Miguel Trauco fala em ansiedade para estrear<\/title>\n<meta name=\"robots\" content=\"index, follow, max-snippet:-1, max-image-preview:large, max-video-preview:-1\" \/>\n<link rel=\"canonical\" href=\"https:\/\/www.gaveanews.com\/index.php\/2019\/08\/06\/apresentado-no-saint-etienne-lateral-peruani-miguel-trauco-fala-em-ansiedade-para-estrear\/\" \/>\n<meta property=\"og:locale\" content=\"pt_BR\" \/>\n<meta property=\"og:type\" content=\"article\" \/>\n<meta property=\"og:title\" content=\"Apresentado no Saint-\u00c9tienne, lateral peruani Miguel Trauco fala em ansiedade para estrear\" \/>\n<meta property=\"og:description\" content=\"Ap\u00f3s ser negociado pelo Flamengo com o Saint-\u00c9tienne (Fran\u00e7a), o lateral-esquerdo peruano Miguel Trauco foi apresentado em car\u00e1ter oficial pelo time europeu ap\u00f3s assinar v\u00ednculo com validade at\u00e9 2022 em transa\u00e7\u00e3o que custou 800 mil euros (R$ 3,3 milh\u00f5es) para os franceses. Chegando a uma equipe que \u00e9 famosa na Fran\u00e7a por ter uma torcida [&hellip;]\" \/>\n<meta property=\"og:url\" content=\"https:\/\/www.gaveanews.com\/index.php\/2019\/08\/06\/apresentado-no-saint-etienne-lateral-peruani-miguel-trauco-fala-em-ansiedade-para-estrear\/\" \/>\n<meta property=\"og:site_name\" content=\"G\u00e1vea News\" \/>\n<meta property=\"article:publisher\" content=\"https:\/\/facebook.com\/gaveaNews\/\" \/>\n<meta property=\"article:published_time\" content=\"2019-08-06T17:39:53+00:00\" \/>\n<meta property=\"article:modified_time\" content=\"2019-08-06T19:36:16+00:00\" \/>\n<meta property=\"og:image\" content=\"https:\/\/www.gaveanews.com\/wp-content\/uploads\/2019\/03\/Miguel-Trauco-durante-treinamento-no-Ninho-do-Urubu.webp\" \/>\n\t<meta property=\"og:image:width\" content=\"900\" \/>\n\t<meta property=\"og:image:height\" content=\"600\" \/>\n\t<meta property=\"og:image:type\" content=\"image\/jpeg\" \/>\n<meta name=\"author\" content=\"Equipe G\u00e1vea News\" \/>\n<meta name=\"twitter:card\" content=\"summary_large_image\" \/>\n<meta name=\"twitter:label1\" content=\"Escrito por\" \/>\n\t<meta name=\"twitter:data1\" content=\"Equipe G\u00e1vea News\" \/>\n\t<meta name=\"twitter:label2\" content=\"Est. tempo de leitura\" \/>\n\t<meta name=\"twitter:data2\" content=\"1 minuto\" \/>\n<script type=\"application\/ld+json\" class=\"yoast-schema-graph\">{\"@context\":\"https:\/\/schema.org\",\"@graph\":[{\"@type\":\"NewsArticle\",\"@id\":\"https:\/\/www.gaveanews.com\/index.php\/2019\/08\/06\/apresentado-no-saint-etienne-lateral-peruani-miguel-trauco-fala-em-ansiedade-para-estrear\/#article\",\"isPartOf\":{\"@id\":\"https:\/\/www.gaveanews.com\/index.php\/2019\/08\/06\/apresentado-no-saint-etienne-lateral-peruani-miguel-trauco-fala-em-ansiedade-para-estrear\/\"},\"author\":{\"name\":\"Equipe G\u00e1vea News\",\"@id\":\"https:\/\/www.gaveanews.com\/#\/schema\/person\/2ec14f73fb96be2caf28f91afb14749d\"},\"headline\":\"Apresentado no Saint-\u00c9tienne, lateral peruani Miguel Trauco fala em ansiedade para estrear\",\"datePublished\":\"2019-08-06T17:39:53+00:00\",\"dateModified\":\"2019-08-06T19:36:16+00:00\",\"mainEntityOfPage\":{\"@id\":\"https:\/\/www.gaveanews.com\/index.php\/2019\/08\/06\/apresentado-no-saint-etienne-lateral-peruani-miguel-trauco-fala-em-ansiedade-para-estrear\/\"},\"wordCount\":208,\"commentCount\":0,\"image\":{\"@id\":\"https:\/\/www.gaveanews.com\/index.php\/2019\/08\/06\/apresentado-no-saint-etienne-lateral-peruani-miguel-trauco-fala-em-ansiedade-para-estrear\/#primaryimage\"},\"thumbnailUrl\":\"https:\/\/www.gaveanews.com\/wp-content\/uploads\/2019\/03\/Miguel-Trauco-durante-treinamento-no-Ninho-do-Urubu.webp\",\"articleSection\":[\"Flamengo\"],\"inLanguage\":\"pt-BR\",\"potentialAction\":[{\"@type\":\"CommentAction\",\"name\":\"Comment\",\"target\":[\"https:\/\/www.gaveanews.com\/index.php\/2019\/08\/06\/apresentado-no-saint-etienne-lateral-peruani-miguel-trauco-fala-em-ansiedade-para-estrear\/#respond\"]}],\"copyrightYear\":\"2019\",\"copyrightHolder\":{\"@id\":\"https:\/\/www.gaveanews.com\/#organization\"}},{\"@type\":\"WebPage\",\"@id\":\"https:\/\/www.gaveanews.com\/index.php\/2019\/08\/06\/apresentado-no-saint-etienne-lateral-peruani-miguel-trauco-fala-em-ansiedade-para-estrear\/\",\"url\":\"https:\/\/www.gaveanews.com\/index.php\/2019\/08\/06\/apresentado-no-saint-etienne-lateral-peruani-miguel-trauco-fala-em-ansiedade-para-estrear\/\",\"name\":\"Apresentado no Saint-\u00c9tienne, lateral peruani Miguel Trauco fala em ansiedade para estrear\",\"isPartOf\":{\"@id\":\"https:\/\/www.gaveanews.com\/#website\"},\"primaryImageOfPage\":{\"@id\":\"https:\/\/www.gaveanews.com\/index.php\/2019\/08\/06\/apresentado-no-saint-etienne-lateral-peruani-miguel-trauco-fala-em-ansiedade-para-estrear\/#primaryimage\"},\"image\":{\"@id\":\"https:\/\/www.gaveanews.com\/index.php\/2019\/08\/06\/apresentado-no-saint-etienne-lateral-peruani-miguel-trauco-fala-em-ansiedade-para-estrear\/#primaryimage\"},\"thumbnailUrl\":\"https:\/\/www.gaveanews.com\/wp-content\/uploads\/2019\/03\/Miguel-Trauco-durante-treinamento-no-Ninho-do-Urubu.webp\",\"datePublished\":\"2019-08-06T17:39:53+00:00\",\"dateModified\":\"2019-08-06T19:36:16+00:00\",\"author\":{\"@id\":\"https:\/\/www.gaveanews.com\/#\/schema\/person\/2ec14f73fb96be2caf28f91afb14749d\"},\"breadcrumb\":{\"@id\":\"https:\/\/www.gaveanews.com\/index.php\/2019\/08\/06\/apresentado-no-saint-etienne-lateral-peruani-miguel-trauco-fala-em-ansiedade-para-estrear\/#breadcrumb\"},\"inLanguage\":\"pt-BR\",\"potentialAction\":[{\"@type\":\"ReadAction\",\"target\":[\"https:\/\/www.gaveanews.com\/index.php\/2019\/08\/06\/apresentado-no-saint-etienne-lateral-peruani-miguel-trauco-fala-em-ansiedade-para-estrear\/\"]}]},{\"@type\":\"ImageObject\",\"inLanguage\":\"pt-BR\",\"@id\":\"https:\/\/www.gaveanews.com\/index.php\/2019\/08\/06\/apresentado-no-saint-etienne-lateral-peruani-miguel-trauco-fala-em-ansiedade-para-estrear\/#primaryimage\",\"url\":\"https:\/\/www.gaveanews.com\/wp-content\/uploads\/2019\/03\/Miguel-Trauco-durante-treinamento-no-Ninho-do-Urubu.webp\",\"contentUrl\":\"https:\/\/www.gaveanews.com\/wp-content\/uploads\/2019\/03\/Miguel-Trauco-durante-treinamento-no-Ninho-do-Urubu.webp\",\"width\":900,\"height\":600,\"caption\":\"Miguel Trauco durante treinamento no Ninho do Urubu (Foto: Gilvan de Souza\/Flamengo)\"},{\"@type\":\"BreadcrumbList\",\"@id\":\"https:\/\/www.gaveanews.com\/index.php\/2019\/08\/06\/apresentado-no-saint-etienne-lateral-peruani-miguel-trauco-fala-em-ansiedade-para-estrear\/#breadcrumb\",\"itemListElement\":[{\"@type\":\"ListItem\",\"position\":1,\"name\":\"Home\",\"item\":\"https:\/\/www.gaveanews.com\/\"},{\"@type\":\"ListItem\",\"position\":2,\"name\":\"Apresentado no Saint-\u00c9tienne, lateral peruani Miguel Trauco fala em ansiedade para estrear\"}]},{\"@type\":\"WebSite\",\"@id\":\"https:\/\/www.gaveanews.com\/#website\",\"url\":\"https:\/\/www.gaveanews.com\/\",\"name\":\"G\u00e1vea News\",\"description\":\"Veja todas as not\u00edcias sobre o Flamengo: Contrata\u00e7\u00f5es, categorias de base, resultados das partidas, tabela de classifica\u00e7\u00e3o, pr\u00f3ximos jogos!\",\"potentialAction\":[{\"@type\":\"SearchAction\",\"target\":{\"@type\":\"EntryPoint\",\"urlTemplate\":\"https:\/\/www.gaveanews.com\/?s={search_term_string}\"},\"query-input\":{\"@type\":\"PropertyValueSpecification\",\"valueRequired\":true,\"valueName\":\"search_term_string\"}}],\"inLanguage\":\"pt-BR\"},{\"@type\":\"Person\",\"@id\":\"https:\/\/www.gaveanews.com\/#\/schema\/person\/2ec14f73fb96be2caf28f91afb14749d\",\"name\":\"Equipe G\u00e1vea News\",\"image\":{\"@type\":\"ImageObject\",\"inLanguage\":\"pt-BR\",\"@id\":\"https:\/\/www.gaveanews.com\/#\/schema\/person\/image\/\",\"url\":\"https:\/\/secure.gravatar.com\/avatar\/1e1956f1facbffd3f8fa53a326721950116b3b9dc9bd44939c01180fd4a745a9?s=96&d=mm&r=g\",\"contentUrl\":\"https:\/\/secure.gravatar.com\/avatar\/1e1956f1facbffd3f8fa53a326721950116b3b9dc9bd44939c01180fd4a745a9?s=96&d=mm&r=g\",\"caption\":\"Equipe G\u00e1vea News\"}}]}<\/script>\n<!-- \/ Yoast SEO Premium plugin. -->","yoast_head_json":{"title":"Apresentado no Saint-\u00c9tienne, lateral peruani Miguel Trauco fala em ansiedade para estrear","robots":{"index":"index","follow":"follow","max-snippet":"max-snippet:-1","max-image-preview":"max-image-preview:large","max-video-preview":"max-video-preview:-1"},"canonical":"https:\/\/www.gaveanews.com\/index.php\/2019\/08\/06\/apresentado-no-saint-etienne-lateral-peruani-miguel-trauco-fala-em-ansiedade-para-estrear\/","og_locale":"pt_BR","og_type":"article","og_title":"Apresentado no Saint-\u00c9tienne, lateral peruani Miguel Trauco fala em ansiedade para estrear","og_description":"Ap\u00f3s ser negociado pelo Flamengo com o Saint-\u00c9tienne (Fran\u00e7a), o lateral-esquerdo peruano Miguel Trauco foi apresentado em car\u00e1ter oficial pelo time europeu ap\u00f3s assinar v\u00ednculo com validade at\u00e9 2022 em transa\u00e7\u00e3o que custou 800 mil euros (R$ 3,3 milh\u00f5es) para os franceses. Chegando a uma equipe que \u00e9 famosa na Fran\u00e7a por ter uma torcida [&hellip;]","og_url":"https:\/\/www.gaveanews.com\/index.php\/2019\/08\/06\/apresentado-no-saint-etienne-lateral-peruani-miguel-trauco-fala-em-ansiedade-para-estrear\/","og_site_name":"G\u00e1vea News","article_publisher":"https:\/\/facebook.com\/gaveaNews\/","article_published_time":"2019-08-06T17:39:53+00:00","article_modified_time":"2019-08-06T19:36:16+00:00","og_image":[{"width":900,"height":600,"url":"https:\/\/www.gaveanews.com\/wp-content\/uploads\/2019\/03\/Miguel-Trauco-durante-treinamento-no-Ninho-do-Urubu.webp","type":"image\/jpeg"}],"author":"Equipe G\u00e1vea News","twitter_card":"summary_large_image","twitter_misc":{"Escrito por":"Equipe G\u00e1vea News","Est. tempo de leitura":"1 minuto"},"schema":{"@context":"https:\/\/schema.org","@graph":[{"@type":"NewsArticle","@id":"https:\/\/www.gaveanews.com\/index.php\/2019\/08\/06\/apresentado-no-saint-etienne-lateral-peruani-miguel-trauco-fala-em-ansiedade-para-estrear\/#article","isPartOf":{"@id":"https:\/\/www.gaveanews.com\/index.php\/2019\/08\/06\/apresentado-no-saint-etienne-lateral-peruani-miguel-trauco-fala-em-ansiedade-para-estrear\/"},"author":{"name":"Equipe G\u00e1vea News","@id":"https:\/\/www.gaveanews.com\/#\/schema\/person\/2ec14f73fb96be2caf28f91afb14749d"},"headline":"Apresentado no Saint-\u00c9tienne, lateral peruani Miguel Trauco fala em ansiedade para estrear","datePublished":"2019-08-06T17:39:53+00:00","dateModified":"2019-08-06T19:36:16+00:00","mainEntityOfPage":{"@id":"https:\/\/www.gaveanews.com\/index.php\/2019\/08\/06\/apresentado-no-saint-etienne-lateral-peruani-miguel-trauco-fala-em-ansiedade-para-estrear\/"},"wordCount":208,"commentCount":0,"image":{"@id":"https:\/\/www.gaveanews.com\/index.php\/2019\/08\/06\/apresentado-no-saint-etienne-lateral-peruani-miguel-trauco-fala-em-ansiedade-para-estrear\/#primaryimage"},"thumbnailUrl":"https:\/\/www.gaveanews.com\/wp-content\/uploads\/2019\/03\/Miguel-Trauco-durante-treinamento-no-Ninho-do-Urubu.webp","articleSection":["Flamengo"],"inLanguage":"pt-BR","potentialAction":[{"@type":"CommentAction","name":"Comment","target":["https:\/\/www.gaveanews.com\/index.php\/2019\/08\/06\/apresentado-no-saint-etienne-lateral-peruani-miguel-trauco-fala-em-ansiedade-para-estrear\/#respond"]}],"copyrightYear":"2019","copyrightHolder":{"@id":"https:\/\/www.gaveanews.com\/#organization"}},{"@type":"WebPage","@id":"https:\/\/www.gaveanews.com\/index.php\/2019\/08\/06\/apresentado-no-saint-etienne-lateral-peruani-miguel-trauco-fala-em-ansiedade-para-estrear\/","url":"https:\/\/www.gaveanews.com\/index.php\/2019\/08\/06\/apresentado-no-saint-etienne-lateral-peruani-miguel-trauco-fala-em-ansiedade-para-estrear\/","name":"Apresentado no Saint-\u00c9tienne, lateral peruani Miguel Trauco fala em ansiedade para estrear","isPartOf":{"@id":"https:\/\/www.gaveanews.com\/#website"},"primaryImageOfPage":{"@id":"https:\/\/www.gaveanews.com\/index.php\/2019\/08\/06\/apresentado-no-saint-etienne-lateral-peruani-miguel-trauco-fala-em-ansiedade-para-estrear\/#primaryimage"},"image":{"@id":"https:\/\/www.gaveanews.com\/index.php\/2019\/08\/06\/apresentado-no-saint-etienne-lateral-peruani-miguel-trauco-fala-em-ansiedade-para-estrear\/#primaryimage"},"thumbnailUrl":"https:\/\/www.gaveanews.com\/wp-content\/uploads\/2019\/03\/Miguel-Trauco-durante-treinamento-no-Ninho-do-Urubu.webp","datePublished":"2019-08-06T17:39:53+00:00","dateModified":"2019-08-06T19:36:16+00:00","author":{"@id":"https:\/\/www.gaveanews.com\/#\/schema\/person\/2ec14f73fb96be2caf28f91afb14749d"},"breadcrumb":{"@id":"https:\/\/www.gaveanews.com\/index.php\/2019\/08\/06\/apresentado-no-saint-etienne-lateral-peruani-miguel-trauco-fala-em-ansiedade-para-estrear\/#breadcrumb"},"inLanguage":"pt-BR","potentialAction":[{"@type":"ReadAction","target":["https:\/\/www.gaveanews.com\/index.php\/2019\/08\/06\/apresentado-no-saint-etienne-lateral-peruani-miguel-trauco-fala-em-ansiedade-para-estrear\/"]}]},{"@type":"ImageObject","inLanguage":"pt-BR","@id":"https:\/\/www.gaveanews.com\/index.php\/2019\/08\/06\/apresentado-no-saint-etienne-lateral-peruani-miguel-trauco-fala-em-ansiedade-para-estrear\/#primaryimage","url":"https:\/\/www.gaveanews.com\/wp-content\/uploads\/2019\/03\/Miguel-Trauco-durante-treinamento-no-Ninho-do-Urubu.webp","contentUrl":"https:\/\/www.gaveanews.com\/wp-content\/uploads\/2019\/03\/Miguel-Trauco-durante-treinamento-no-Ninho-do-Urubu.webp","width":900,"height":600,"caption":"Miguel Trauco durante treinamento no Ninho do Urubu (Foto: Gilvan de Souza\/Flamengo)"},{"@type":"BreadcrumbList","@id":"https:\/\/www.gaveanews.com\/index.php\/2019\/08\/06\/apresentado-no-saint-etienne-lateral-peruani-miguel-trauco-fala-em-ansiedade-para-estrear\/#breadcrumb","itemListElement":[{"@type":"ListItem","position":1,"name":"Home","item":"https:\/\/www.gaveanews.com\/"},{"@type":"ListItem","position":2,"name":"Apresentado no Saint-\u00c9tienne, lateral peruani Miguel Trauco fala em ansiedade para estrear"}]},{"@type":"WebSite","@id":"https:\/\/www.gaveanews.com\/#website","url":"https:\/\/www.gaveanews.com\/","name":"G\u00e1vea News","description":"Veja todas as not\u00edcias sobre o Flamengo: Contrata\u00e7\u00f5es, categorias de base, resultados das partidas, tabela de classifica\u00e7\u00e3o, pr\u00f3ximos jogos!","potentialAction":[{"@type":"SearchAction","target":{"@type":"EntryPoint","urlTemplate":"https:\/\/www.gaveanews.com\/?s={search_term_string}"},"query-input":{"@type":"PropertyValueSpecification","valueRequired":true,"valueName":"search_term_string"}}],"inLanguage":"pt-BR"},{"@type":"Person","@id":"https:\/\/www.gaveanews.com\/#\/schema\/person\/2ec14f73fb96be2caf28f91afb14749d","name":"Equipe G\u00e1vea News","image":{"@type":"ImageObject","inLanguage":"pt-BR","@id":"https:\/\/www.gaveanews.com\/#\/schema\/person\/image\/","url":"https:\/\/secure.gravatar.com\/avatar\/1e1956f1facbffd3f8fa53a326721950116b3b9dc9bd44939c01180fd4a745a9?s=96&d=mm&r=g","contentUrl":"https:\/\/secure.gravatar.com\/avatar\/1e1956f1facbffd3f8fa53a326721950116b3b9dc9bd44939c01180fd4a745a9?s=96&d=mm&r=g","caption":"Equipe G\u00e1vea News"}}]}},"_links":{"self":[{"href":"https:\/\/www.gaveanews.com\/index.php\/wp-json\/wp\/v2\/posts\/24223","targetHints":{"allow":["GET"]}}],"collection":[{"href":"https:\/\/www.gaveanews.com\/index.php\/wp-json\/wp\/v2\/posts"}],"about":[{"href":"https:\/\/www.gaveanews.com\/index.php\/wp-json\/wp\/v2\/types\/post"}],"author":[{"embeddable":true,"href":"https:\/\/www.gaveanews.com\/index.php\/wp-json\/wp\/v2\/users\/1"}],"replies":[{"embeddable":true,"href":"https:\/\/www.gaveanews.com\/index.php\/wp-json\/wp\/v2\/comments?post=24223"}],"version-history":[{"count":0,"href":"https:\/\/www.gaveanews.com\/index.php\/wp-json\/wp\/v2\/posts\/24223\/revisions"}],"wp:featuredmedia":[{"embeddable":true,"href":"https:\/\/www.gaveanews.com\/index.php\/wp-json\/wp\/v2\/media\/15123"}],"wp:attachment":[{"href":"https:\/\/www.gaveanews.com\/index.php\/wp-json\/wp\/v2\/media?parent=24223"}],"wp:term":[{"taxonomy":"category","embeddable":true,"href":"https:\/\/www.gaveanews.com\/index.php\/wp-json\/wp\/v2\/categories?post=24223"},{"taxonomy":"post_tag","embeddable":true,"href":"https:\/\/www.gaveanews.com\/index.php\/wp-json\/wp\/v2\/tags?post=24223"}],"curies":[{"name":"wp","href":"https:\/\/api.w.org\/{rel}","templated":true}]}}