{"id":242369,"date":"2025-03-20T15:15:00","date_gmt":"2025-03-20T18:15:00","guid":{"rendered":"https:\/\/www.gaveanews.com\/?p=242369"},"modified":"2025-03-20T14:21:50","modified_gmt":"2025-03-20T17:21:50","slug":"idolo-do-corinthians-solta-o-verbo-e-nao-perdoa","status":"publish","type":"post","link":"https:\/\/www.gaveanews.com\/index.php\/2025\/03\/20\/idolo-do-corinthians-solta-o-verbo-e-nao-perdoa\/","title":{"rendered":"\u00cddolo do Corinthians solta o verbo e n\u00e3o perdoa"},"content":{"rendered":"\n<p>Marcelinho Carioca, um dos maiores \u00eddolos da hist\u00f3ria do Corinthians, manifestou sua insatisfa\u00e7\u00e3o com o contrato firmado entre o clube e Memphis Depay. Durante participa\u00e7\u00e3o no programa &#8216;Arena SBT&#8217;, o ex-jogador criticou as bonifica\u00e7\u00f5es estabelecidas no acordo, alegando que o Tim\u00e3o se tornou &#8220;ref\u00e9m&#8221; do atacante holand\u00eas.<\/p>\n\n\n\n<p>O principal ponto de contesta\u00e7\u00e3o de Marcelinho est\u00e1 relacionado \u00e0 premia\u00e7\u00e3o por assist\u00eancias. Conforme o contrato, Memphis recebe R$ 1,5 milh\u00e3o ao atingir a marca de 15 passes para gol. O ex-meia considera esse n\u00famero f\u00e1cil de ser alcan\u00e7ado, citando como exemplo um lance recente contra o Palmeiras: &#8220;Ele deu o passe no espa\u00e7o vazio, o Yuri trouxe, trouxe e fez o gol&#8230;&#8221;.<\/p>\n\n\n\n<figure class=\"wp-block-image size-full\"><img loading=\"lazy\" decoding=\"async\" width=\"1024\" height=\"576\" src=\"http:\/\/www.gaveanews.com\/wp-content\/uploads\/marcelinho-carioca-flamengo.webp\" alt=\"\" class=\"wp-image-102876\" srcset=\"https:\/\/www.gaveanews.com\/wp-content\/uploads\/marcelinho-carioca-flamengo.webp 1024w, https:\/\/www.gaveanews.com\/wp-content\/uploads\/marcelinho-carioca-flamengo-300x169.webp 300w, https:\/\/www.gaveanews.com\/wp-content\/uploads\/marcelinho-carioca-flamengo-768x432.webp 768w, https:\/\/www.gaveanews.com\/wp-content\/uploads\/marcelinho-carioca-flamengo-747x420.webp 747w, https:\/\/www.gaveanews.com\/wp-content\/uploads\/marcelinho-carioca-flamengo-640x360.webp 640w, https:\/\/www.gaveanews.com\/wp-content\/uploads\/marcelinho-carioca-flamengo-681x383.webp 681w, https:\/\/www.gaveanews.com\/wp-content\/uploads\/marcelinho-carioca-flamengo-1022x576.webp 1022w, https:\/\/www.gaveanews.com\/wp-content\/uploads\/marcelinho-carioca-flamengo-100x56.webp 100w\" sizes=\"auto, (max-width: 1024px) 100vw, 1024px\" \/><figcaption class=\"wp-element-caption\">Marcelinho Carioca, ex-jogador do Flamengo (Foto: Reprodu\u00e7\u00e3o)<\/figcaption><\/figure>\n\n\n\n<p>Outra cr\u00edtica levantada foi sobre a premia\u00e7\u00e3o em caso de t\u00edtulo. Caso o Corinthians conquiste o Campeonato Paulista, Memphis receber\u00e1 R$ 4,7 milh\u00f5es. Para Marcelinho, esse valor \u00e9 injusto, pois o atacante n\u00e3o decide os jogos sozinho. &#8220;Ele n\u00e3o joga sozinho! Ent\u00e3o, n\u00e3o pode ter um contrato desses&#8221;, disparou.<\/p>\n\n\n\n<p>Apesar das cr\u00edticas, Memphis tem contribu\u00eddo de maneira significativa para o Corinthians. At\u00e9 o momento, disputou 29 partidas pelo clube, balan\u00e7ando as redes nove vezes e distribuindo 11 assist\u00eancias. Seu desempenho tem sido um dos destaques do time na temporada.<\/p>\n\n\n\n<p>Vale lembrar que o atacante chegou ao Corinthians no segundo semestre de 2024, em um momento complicado para a equipe. Com suas atua\u00e7\u00f5es decisivas, ajudou o Tim\u00e3o a sair da zona de rebaixamento e garantir uma vaga na pr\u00e9-Libertadores, refor\u00e7ando sua import\u00e2ncia dentro do elenco.<\/p>\n\n\n\n<p>As declara\u00e7\u00f5es de Marcelinho Carioca dividem opini\u00f5es entre torcedores e analistas. Enquanto alguns concordam com a necessidade de contratos mais equilibrados, outros apontam que Memphis tem sido essencial para a evolu\u00e7\u00e3o do time. Resta saber se a diretoria corintiana far\u00e1 ajustes nesses tipos de acordos no futuro do clube.<\/p>\n","protected":false},"excerpt":{"rendered":"<p>Marcelinho Carioca, um dos maiores \u00eddolos da hist\u00f3ria do Corinthians, manifestou sua insatisfa\u00e7\u00e3o com o contrato firmado entre o clube e Memphis Depay. Durante participa\u00e7\u00e3o no programa &#8216;Arena SBT&#8217;, o ex-jogador criticou as bonifica\u00e7\u00f5es estabelecidas no acordo, alegando que o Tim\u00e3o se tornou &#8220;ref\u00e9m&#8221; do atacante holand\u00eas. O principal ponto de contesta\u00e7\u00e3o de Marcelinho est\u00e1 [&hellip;]<\/p>\n","protected":false},"author":27,"featured_media":123882,"comment_status":"open","ping_status":"closed","sticky":false,"template":"","format":"standard","meta":{"footnotes":""},"categories":[141],"tags":[],"class_list":["post-242369","post","type-post","status-publish","format-standard","has-post-thumbnail","hentry","category-corinthians"],"yoast_head":"<!-- This site is optimized with the Yoast SEO Premium plugin v24.2 (Yoast SEO v26.9) - https:\/\/yoast.com\/product\/yoast-seo-premium-wordpress\/ -->\n<title>\u00cddolo do Corinthians solta o verbo e n\u00e3o perdoa<\/title>\n<meta name=\"robots\" content=\"index, follow, max-snippet:-1, max-image-preview:large, max-video-preview:-1\" \/>\n<link rel=\"canonical\" href=\"https:\/\/www.gaveanews.com\/index.php\/2025\/03\/20\/idolo-do-corinthians-solta-o-verbo-e-nao-perdoa\/\" \/>\n<meta property=\"og:locale\" content=\"pt_BR\" \/>\n<meta property=\"og:type\" content=\"article\" \/>\n<meta property=\"og:title\" content=\"\u00cddolo do Corinthians solta o verbo e n\u00e3o perdoa\" \/>\n<meta property=\"og:description\" content=\"Marcelinho Carioca, um dos maiores \u00eddolos da hist\u00f3ria do Corinthians, manifestou sua insatisfa\u00e7\u00e3o com o contrato firmado entre o clube e Memphis Depay. Durante participa\u00e7\u00e3o no programa &#8216;Arena SBT&#8217;, o ex-jogador criticou as bonifica\u00e7\u00f5es estabelecidas no acordo, alegando que o Tim\u00e3o se tornou &#8220;ref\u00e9m&#8221; do atacante holand\u00eas. O principal ponto de contesta\u00e7\u00e3o de Marcelinho est\u00e1 [&hellip;]\" \/>\n<meta property=\"og:url\" content=\"https:\/\/www.gaveanews.com\/index.php\/2025\/03\/20\/idolo-do-corinthians-solta-o-verbo-e-nao-perdoa\/\" \/>\n<meta property=\"og:site_name\" content=\"G\u00e1vea News\" \/>\n<meta property=\"article:publisher\" content=\"https:\/\/facebook.com\/gaveaNews\/\" \/>\n<meta property=\"article:published_time\" content=\"2025-03-20T18:15:00+00:00\" \/>\n<meta property=\"og:image\" content=\"https:\/\/www.gaveanews.com\/wp-content\/uploads\/01-edited.webp\" \/>\n\t<meta property=\"og:image:width\" content=\"984\" \/>\n\t<meta property=\"og:image:height\" content=\"656\" \/>\n\t<meta property=\"og:image:type\" content=\"image\/webp\" \/>\n<meta name=\"author\" content=\"Matheus Felipe\" \/>\n<meta name=\"twitter:card\" content=\"summary_large_image\" \/>\n<meta name=\"twitter:label1\" content=\"Escrito por\" \/>\n\t<meta name=\"twitter:data1\" content=\"Matheus Felipe\" \/>\n\t<meta name=\"twitter:label2\" content=\"Est. tempo de leitura\" \/>\n\t<meta name=\"twitter:data2\" content=\"3 minutos\" \/>\n<script type=\"application\/ld+json\" class=\"yoast-schema-graph\">{\"@context\":\"https:\/\/schema.org\",\"@graph\":[{\"@type\":\"NewsArticle\",\"@id\":\"https:\/\/www.gaveanews.com\/index.php\/2025\/03\/20\/idolo-do-corinthians-solta-o-verbo-e-nao-perdoa\/#article\",\"isPartOf\":{\"@id\":\"https:\/\/www.gaveanews.com\/index.php\/2025\/03\/20\/idolo-do-corinthians-solta-o-verbo-e-nao-perdoa\/\"},\"author\":{\"name\":\"Matheus Felipe\",\"@id\":\"https:\/\/www.gaveanews.com\/#\/schema\/person\/8207cd4627f56151707418bfc835b2fb\"},\"headline\":\"\u00cddolo do Corinthians solta o verbo e n\u00e3o perdoa\",\"datePublished\":\"2025-03-20T18:15:00+00:00\",\"mainEntityOfPage\":{\"@id\":\"https:\/\/www.gaveanews.com\/index.php\/2025\/03\/20\/idolo-do-corinthians-solta-o-verbo-e-nao-perdoa\/\"},\"wordCount\":338,\"commentCount\":0,\"image\":{\"@id\":\"https:\/\/www.gaveanews.com\/index.php\/2025\/03\/20\/idolo-do-corinthians-solta-o-verbo-e-nao-perdoa\/#primaryimage\"},\"thumbnailUrl\":\"https:\/\/www.gaveanews.com\/wp-content\/uploads\/01-edited.webp\",\"articleSection\":[\"Corinthians\"],\"inLanguage\":\"pt-BR\",\"potentialAction\":[{\"@type\":\"CommentAction\",\"name\":\"Comment\",\"target\":[\"https:\/\/www.gaveanews.com\/index.php\/2025\/03\/20\/idolo-do-corinthians-solta-o-verbo-e-nao-perdoa\/#respond\"]}],\"copyrightYear\":\"2025\",\"copyrightHolder\":{\"@id\":\"https:\/\/www.gaveanews.com\/#organization\"}},{\"@type\":\"WebPage\",\"@id\":\"https:\/\/www.gaveanews.com\/index.php\/2025\/03\/20\/idolo-do-corinthians-solta-o-verbo-e-nao-perdoa\/\",\"url\":\"https:\/\/www.gaveanews.com\/index.php\/2025\/03\/20\/idolo-do-corinthians-solta-o-verbo-e-nao-perdoa\/\",\"name\":\"\u00cddolo do Corinthians solta o verbo e n\u00e3o perdoa\",\"isPartOf\":{\"@id\":\"https:\/\/www.gaveanews.com\/#website\"},\"primaryImageOfPage\":{\"@id\":\"https:\/\/www.gaveanews.com\/index.php\/2025\/03\/20\/idolo-do-corinthians-solta-o-verbo-e-nao-perdoa\/#primaryimage\"},\"image\":{\"@id\":\"https:\/\/www.gaveanews.com\/index.php\/2025\/03\/20\/idolo-do-corinthians-solta-o-verbo-e-nao-perdoa\/#primaryimage\"},\"thumbnailUrl\":\"https:\/\/www.gaveanews.com\/wp-content\/uploads\/01-edited.webp\",\"datePublished\":\"2025-03-20T18:15:00+00:00\",\"author\":{\"@id\":\"https:\/\/www.gaveanews.com\/#\/schema\/person\/8207cd4627f56151707418bfc835b2fb\"},\"breadcrumb\":{\"@id\":\"https:\/\/www.gaveanews.com\/index.php\/2025\/03\/20\/idolo-do-corinthians-solta-o-verbo-e-nao-perdoa\/#breadcrumb\"},\"inLanguage\":\"pt-BR\",\"potentialAction\":[{\"@type\":\"ReadAction\",\"target\":[\"https:\/\/www.gaveanews.com\/index.php\/2025\/03\/20\/idolo-do-corinthians-solta-o-verbo-e-nao-perdoa\/\"]}]},{\"@type\":\"ImageObject\",\"inLanguage\":\"pt-BR\",\"@id\":\"https:\/\/www.gaveanews.com\/index.php\/2025\/03\/20\/idolo-do-corinthians-solta-o-verbo-e-nao-perdoa\/#primaryimage\",\"url\":\"https:\/\/www.gaveanews.com\/wp-content\/uploads\/01-edited.webp\",\"contentUrl\":\"https:\/\/www.gaveanews.com\/wp-content\/uploads\/01-edited.webp\",\"width\":984,\"height\":656,\"caption\":\"Escudo do Corinthians (Foto: Reprodu\u00e7\u00e3o\/Instagram)\"},{\"@type\":\"BreadcrumbList\",\"@id\":\"https:\/\/www.gaveanews.com\/index.php\/2025\/03\/20\/idolo-do-corinthians-solta-o-verbo-e-nao-perdoa\/#breadcrumb\",\"itemListElement\":[{\"@type\":\"ListItem\",\"position\":1,\"name\":\"Home\",\"item\":\"https:\/\/www.gaveanews.com\/\"},{\"@type\":\"ListItem\",\"position\":2,\"name\":\"\u00cddolo do Corinthians solta o verbo e n\u00e3o perdoa\"}]},{\"@type\":\"WebSite\",\"@id\":\"https:\/\/www.gaveanews.com\/#website\",\"url\":\"https:\/\/www.gaveanews.com\/\",\"name\":\"G\u00e1vea News\",\"description\":\"Veja todas as not\u00edcias sobre o Flamengo: Contrata\u00e7\u00f5es, categorias de base, resultados das partidas, tabela de classifica\u00e7\u00e3o, pr\u00f3ximos jogos!\",\"potentialAction\":[{\"@type\":\"SearchAction\",\"target\":{\"@type\":\"EntryPoint\",\"urlTemplate\":\"https:\/\/www.gaveanews.com\/?s={search_term_string}\"},\"query-input\":{\"@type\":\"PropertyValueSpecification\",\"valueRequired\":true,\"valueName\":\"search_term_string\"}}],\"inLanguage\":\"pt-BR\"},{\"@type\":\"Person\",\"@id\":\"https:\/\/www.gaveanews.com\/#\/schema\/person\/8207cd4627f56151707418bfc835b2fb\",\"name\":\"Matheus Felipe\",\"image\":{\"@type\":\"ImageObject\",\"inLanguage\":\"pt-BR\",\"@id\":\"https:\/\/www.gaveanews.com\/#\/schema\/person\/image\/\",\"url\":\"https:\/\/secure.gravatar.com\/avatar\/a452ffbed9130f726358b298bb3a99ce4bd3c5338411f8440e87e14d74c7c087?s=96&d=mm&r=g\",\"contentUrl\":\"https:\/\/secure.gravatar.com\/avatar\/a452ffbed9130f726358b298bb3a99ce4bd3c5338411f8440e87e14d74c7c087?s=96&d=mm&r=g\",\"caption\":\"Matheus Felipe\"}}]}<\/script>\n<!-- \/ Yoast SEO Premium plugin. -->","yoast_head_json":{"title":"\u00cddolo do Corinthians solta o verbo e n\u00e3o perdoa","robots":{"index":"index","follow":"follow","max-snippet":"max-snippet:-1","max-image-preview":"max-image-preview:large","max-video-preview":"max-video-preview:-1"},"canonical":"https:\/\/www.gaveanews.com\/index.php\/2025\/03\/20\/idolo-do-corinthians-solta-o-verbo-e-nao-perdoa\/","og_locale":"pt_BR","og_type":"article","og_title":"\u00cddolo do Corinthians solta o verbo e n\u00e3o perdoa","og_description":"Marcelinho Carioca, um dos maiores \u00eddolos da hist\u00f3ria do Corinthians, manifestou sua insatisfa\u00e7\u00e3o com o contrato firmado entre o clube e Memphis Depay. Durante participa\u00e7\u00e3o no programa &#8216;Arena SBT&#8217;, o ex-jogador criticou as bonifica\u00e7\u00f5es estabelecidas no acordo, alegando que o Tim\u00e3o se tornou &#8220;ref\u00e9m&#8221; do atacante holand\u00eas. O principal ponto de contesta\u00e7\u00e3o de Marcelinho est\u00e1 [&hellip;]","og_url":"https:\/\/www.gaveanews.com\/index.php\/2025\/03\/20\/idolo-do-corinthians-solta-o-verbo-e-nao-perdoa\/","og_site_name":"G\u00e1vea News","article_publisher":"https:\/\/facebook.com\/gaveaNews\/","article_published_time":"2025-03-20T18:15:00+00:00","og_image":[{"width":984,"height":656,"url":"https:\/\/www.gaveanews.com\/wp-content\/uploads\/01-edited.webp","type":"image\/webp"}],"author":"Matheus Felipe","twitter_card":"summary_large_image","twitter_misc":{"Escrito por":"Matheus Felipe","Est. tempo de leitura":"3 minutos"},"schema":{"@context":"https:\/\/schema.org","@graph":[{"@type":"NewsArticle","@id":"https:\/\/www.gaveanews.com\/index.php\/2025\/03\/20\/idolo-do-corinthians-solta-o-verbo-e-nao-perdoa\/#article","isPartOf":{"@id":"https:\/\/www.gaveanews.com\/index.php\/2025\/03\/20\/idolo-do-corinthians-solta-o-verbo-e-nao-perdoa\/"},"author":{"name":"Matheus Felipe","@id":"https:\/\/www.gaveanews.com\/#\/schema\/person\/8207cd4627f56151707418bfc835b2fb"},"headline":"\u00cddolo do Corinthians solta o verbo e n\u00e3o perdoa","datePublished":"2025-03-20T18:15:00+00:00","mainEntityOfPage":{"@id":"https:\/\/www.gaveanews.com\/index.php\/2025\/03\/20\/idolo-do-corinthians-solta-o-verbo-e-nao-perdoa\/"},"wordCount":338,"commentCount":0,"image":{"@id":"https:\/\/www.gaveanews.com\/index.php\/2025\/03\/20\/idolo-do-corinthians-solta-o-verbo-e-nao-perdoa\/#primaryimage"},"thumbnailUrl":"https:\/\/www.gaveanews.com\/wp-content\/uploads\/01-edited.webp","articleSection":["Corinthians"],"inLanguage":"pt-BR","potentialAction":[{"@type":"CommentAction","name":"Comment","target":["https:\/\/www.gaveanews.com\/index.php\/2025\/03\/20\/idolo-do-corinthians-solta-o-verbo-e-nao-perdoa\/#respond"]}],"copyrightYear":"2025","copyrightHolder":{"@id":"https:\/\/www.gaveanews.com\/#organization"}},{"@type":"WebPage","@id":"https:\/\/www.gaveanews.com\/index.php\/2025\/03\/20\/idolo-do-corinthians-solta-o-verbo-e-nao-perdoa\/","url":"https:\/\/www.gaveanews.com\/index.php\/2025\/03\/20\/idolo-do-corinthians-solta-o-verbo-e-nao-perdoa\/","name":"\u00cddolo do Corinthians solta o verbo e n\u00e3o perdoa","isPartOf":{"@id":"https:\/\/www.gaveanews.com\/#website"},"primaryImageOfPage":{"@id":"https:\/\/www.gaveanews.com\/index.php\/2025\/03\/20\/idolo-do-corinthians-solta-o-verbo-e-nao-perdoa\/#primaryimage"},"image":{"@id":"https:\/\/www.gaveanews.com\/index.php\/2025\/03\/20\/idolo-do-corinthians-solta-o-verbo-e-nao-perdoa\/#primaryimage"},"thumbnailUrl":"https:\/\/www.gaveanews.com\/wp-content\/uploads\/01-edited.webp","datePublished":"2025-03-20T18:15:00+00:00","author":{"@id":"https:\/\/www.gaveanews.com\/#\/schema\/person\/8207cd4627f56151707418bfc835b2fb"},"breadcrumb":{"@id":"https:\/\/www.gaveanews.com\/index.php\/2025\/03\/20\/idolo-do-corinthians-solta-o-verbo-e-nao-perdoa\/#breadcrumb"},"inLanguage":"pt-BR","potentialAction":[{"@type":"ReadAction","target":["https:\/\/www.gaveanews.com\/index.php\/2025\/03\/20\/idolo-do-corinthians-solta-o-verbo-e-nao-perdoa\/"]}]},{"@type":"ImageObject","inLanguage":"pt-BR","@id":"https:\/\/www.gaveanews.com\/index.php\/2025\/03\/20\/idolo-do-corinthians-solta-o-verbo-e-nao-perdoa\/#primaryimage","url":"https:\/\/www.gaveanews.com\/wp-content\/uploads\/01-edited.webp","contentUrl":"https:\/\/www.gaveanews.com\/wp-content\/uploads\/01-edited.webp","width":984,"height":656,"caption":"Escudo do Corinthians (Foto: Reprodu\u00e7\u00e3o\/Instagram)"},{"@type":"BreadcrumbList","@id":"https:\/\/www.gaveanews.com\/index.php\/2025\/03\/20\/idolo-do-corinthians-solta-o-verbo-e-nao-perdoa\/#breadcrumb","itemListElement":[{"@type":"ListItem","position":1,"name":"Home","item":"https:\/\/www.gaveanews.com\/"},{"@type":"ListItem","position":2,"name":"\u00cddolo do Corinthians solta o verbo e n\u00e3o perdoa"}]},{"@type":"WebSite","@id":"https:\/\/www.gaveanews.com\/#website","url":"https:\/\/www.gaveanews.com\/","name":"G\u00e1vea News","description":"Veja todas as not\u00edcias sobre o Flamengo: Contrata\u00e7\u00f5es, categorias de base, resultados das partidas, tabela de classifica\u00e7\u00e3o, pr\u00f3ximos jogos!","potentialAction":[{"@type":"SearchAction","target":{"@type":"EntryPoint","urlTemplate":"https:\/\/www.gaveanews.com\/?s={search_term_string}"},"query-input":{"@type":"PropertyValueSpecification","valueRequired":true,"valueName":"search_term_string"}}],"inLanguage":"pt-BR"},{"@type":"Person","@id":"https:\/\/www.gaveanews.com\/#\/schema\/person\/8207cd4627f56151707418bfc835b2fb","name":"Matheus Felipe","image":{"@type":"ImageObject","inLanguage":"pt-BR","@id":"https:\/\/www.gaveanews.com\/#\/schema\/person\/image\/","url":"https:\/\/secure.gravatar.com\/avatar\/a452ffbed9130f726358b298bb3a99ce4bd3c5338411f8440e87e14d74c7c087?s=96&d=mm&r=g","contentUrl":"https:\/\/secure.gravatar.com\/avatar\/a452ffbed9130f726358b298bb3a99ce4bd3c5338411f8440e87e14d74c7c087?s=96&d=mm&r=g","caption":"Matheus Felipe"}}]}},"_links":{"self":[{"href":"https:\/\/www.gaveanews.com\/index.php\/wp-json\/wp\/v2\/posts\/242369","targetHints":{"allow":["GET"]}}],"collection":[{"href":"https:\/\/www.gaveanews.com\/index.php\/wp-json\/wp\/v2\/posts"}],"about":[{"href":"https:\/\/www.gaveanews.com\/index.php\/wp-json\/wp\/v2\/types\/post"}],"author":[{"embeddable":true,"href":"https:\/\/www.gaveanews.com\/index.php\/wp-json\/wp\/v2\/users\/27"}],"replies":[{"embeddable":true,"href":"https:\/\/www.gaveanews.com\/index.php\/wp-json\/wp\/v2\/comments?post=242369"}],"version-history":[{"count":1,"href":"https:\/\/www.gaveanews.com\/index.php\/wp-json\/wp\/v2\/posts\/242369\/revisions"}],"predecessor-version":[{"id":242372,"href":"https:\/\/www.gaveanews.com\/index.php\/wp-json\/wp\/v2\/posts\/242369\/revisions\/242372"}],"wp:featuredmedia":[{"embeddable":true,"href":"https:\/\/www.gaveanews.com\/index.php\/wp-json\/wp\/v2\/media\/123882"}],"wp:attachment":[{"href":"https:\/\/www.gaveanews.com\/index.php\/wp-json\/wp\/v2\/media?parent=242369"}],"wp:term":[{"taxonomy":"category","embeddable":true,"href":"https:\/\/www.gaveanews.com\/index.php\/wp-json\/wp\/v2\/categories?post=242369"},{"taxonomy":"post_tag","embeddable":true,"href":"https:\/\/www.gaveanews.com\/index.php\/wp-json\/wp\/v2\/tags?post=242369"}],"curies":[{"name":"wp","href":"https:\/\/api.w.org\/{rel}","templated":true}]}}