{"id":242395,"date":"2025-03-20T16:15:00","date_gmt":"2025-03-20T19:15:00","guid":{"rendered":"https:\/\/www.gaveanews.com\/?p=242395"},"modified":"2025-03-20T14:43:55","modified_gmt":"2025-03-20T17:43:55","slug":"hulk-caio-maia-cadu-junior-santos-arana-alonso-e-alan-franco-cuca-tera-que-driblar-desfalques-no-atletico-mg","status":"publish","type":"post","link":"https:\/\/www.gaveanews.com\/index.php\/2025\/03\/20\/hulk-caio-maia-cadu-junior-santos-arana-alonso-e-alan-franco-cuca-tera-que-driblar-desfalques-no-atletico-mg\/","title":{"rendered":"Hulk, Caio Maia, Cadu, J\u00fanior Santos, Arana, Alonso e Alan Franco: Cuca ter\u00e1 que driblar desfalques no Atl\u00e9tico-MG"},"content":{"rendered":"\n<p>O elenco do Atl\u00e9tico segue sua prepara\u00e7\u00e3o para a estreia no Campeonato Brasileiro, que acontece no s\u00e1bado (29), \u00e0s 18h30 (hor\u00e1rio de Bras\u00edlia), contra o Gr\u00eamio, em Porto Alegre. Ap\u00f3s a conquista do Campeonato Mineiro sobre o Am\u00e9rica, os jogadores se reapresentaram na Cidade do Galo na quarta-feira (18) e deram in\u00edcio aos treinamentos para o torneio nacional.<\/p>\n\n\n\n<p>Na quinta-feira (19), o t\u00e9cnico Cuca comandou uma atividade t\u00e9cnica e t\u00e1tica, mas n\u00e3o contou com alguns de seus principais jogadores. O atacante Hulk, uma das refer\u00eancias do time, segue em recupera\u00e7\u00e3o de uma les\u00e3o muscular na coxa direita. Embora tenha participado da final do Mineiro, o jogador ainda n\u00e3o est\u00e1 em condi\u00e7\u00f5es ideais para retornar aos gramados.<\/p>\n\n\n\n<figure class=\"wp-block-image size-full\"><img loading=\"lazy\" decoding=\"async\" width=\"721\" height=\"535\" src=\"http:\/\/www.gaveanews.com\/wp-content\/uploads\/Guilherme-Arana-pelo-Atletico-MG.webp\" alt=\"\" class=\"wp-image-168221\" srcset=\"https:\/\/www.gaveanews.com\/wp-content\/uploads\/Guilherme-Arana-pelo-Atletico-MG.webp 721w, https:\/\/www.gaveanews.com\/wp-content\/uploads\/Guilherme-Arana-pelo-Atletico-MG-300x223.webp 300w, https:\/\/www.gaveanews.com\/wp-content\/uploads\/Guilherme-Arana-pelo-Atletico-MG-566x420.webp 566w, https:\/\/www.gaveanews.com\/wp-content\/uploads\/Guilherme-Arana-pelo-Atletico-MG-80x60.webp 80w, https:\/\/www.gaveanews.com\/wp-content\/uploads\/Guilherme-Arana-pelo-Atletico-MG-160x120.webp 160w, https:\/\/www.gaveanews.com\/wp-content\/uploads\/Guilherme-Arana-pelo-Atletico-MG-100x74.webp 100w, https:\/\/www.gaveanews.com\/wp-content\/uploads\/Guilherme-Arana-pelo-Atletico-MG-180x135.webp 180w, https:\/\/www.gaveanews.com\/wp-content\/uploads\/Guilherme-Arana-pelo-Atletico-MG-238x178.webp 238w, https:\/\/www.gaveanews.com\/wp-content\/uploads\/Guilherme-Arana-pelo-Atletico-MG-640x475.webp 640w, https:\/\/www.gaveanews.com\/wp-content\/uploads\/Guilherme-Arana-pelo-Atletico-MG-681x505.webp 681w\" sizes=\"auto, (max-width: 721px) 100vw, 721px\" \/><figcaption class=\"wp-element-caption\">Guilherme Arana pelo Atl\u00e9tico-MG (Foto: Pedro Souza\/Atl\u00e9tico-MG)<\/figcaption><\/figure>\n\n\n\n<p>Outros desfalques tamb\u00e9m preocupam a comiss\u00e3o t\u00e9cnica. Os atacantes Caio Maia e Cadu seguem em tratamento ap\u00f3s passarem por cirurgia no joelho. J\u00fanior Santos, por sua vez, realiza fisioterapia e est\u00e1 na fase final de recupera\u00e7\u00e3o. A principal contrata\u00e7\u00e3o do clube nesta temporada sofreu uma les\u00e3o na panturrilha e tamb\u00e9m segue fora das atividades com bola.<\/p>\n\n\n\n<p>Al\u00e9m dos jogadores lesionados, o Atl\u00e9tico tamb\u00e9m sofre com desfalques por convoca\u00e7\u00e3o. Guilherme Arana, Junior Alonso e Alan Franco foram chamados para defender suas respectivas sele\u00e7\u00f5es (Brasil, Paraguai e Equador) nas Eliminat\u00f3rias da Copa do Mundo de 2026, e n\u00e3o estar\u00e3o \u00e0 disposi\u00e7\u00e3o do clube mineiro na estreia do Brasileir\u00e3o.<\/p>\n\n\n\n<p>Apesar das aus\u00eancias, o Atl\u00e9tico teve um refor\u00e7o importante nos treinos. O atacante Brahian Palacios, que estava afastado por conta de uma les\u00e3o muscular na coxa esquerda, foi liberado pelo departamento m\u00e9dico e j\u00e1 treina normalmente com o restante do grupo.<\/p>\n\n\n\n<p>O time segue sua prepara\u00e7\u00e3o nos pr\u00f3ximos dias, com foco na estreia do Campeonato Brasileiro. O desafio contra o Gr\u00eamio promete ser um teste importante para o elenco, que busca iniciar a competi\u00e7\u00e3o com um resultado positivo, mesmo diante das adversidades.<\/p>\n","protected":false},"excerpt":{"rendered":"<p>O elenco do Atl\u00e9tico segue sua prepara\u00e7\u00e3o para a estreia no Campeonato Brasileiro, que acontece no s\u00e1bado (29), \u00e0s 18h30 (hor\u00e1rio de Bras\u00edlia), contra o Gr\u00eamio, em Porto Alegre. Ap\u00f3s a conquista do Campeonato Mineiro sobre o Am\u00e9rica, os jogadores se reapresentaram na Cidade do Galo na quarta-feira (18) e deram in\u00edcio aos treinamentos para [&hellip;]<\/p>\n","protected":false},"author":27,"featured_media":143185,"comment_status":"open","ping_status":"closed","sticky":false,"template":"","format":"standard","meta":{"footnotes":""},"categories":[136],"tags":[],"class_list":["post-242395","post","type-post","status-publish","format-standard","has-post-thumbnail","hentry","category-atletico-mg"],"yoast_head":"<!-- This site is optimized with the Yoast SEO Premium plugin v24.2 (Yoast SEO v26.9) - https:\/\/yoast.com\/product\/yoast-seo-premium-wordpress\/ -->\n<title>Hulk, Caio Maia, Cadu, J\u00fanior Santos, Arana, Alonso e Alan Franco: Cuca ter\u00e1 que driblar desfalques no Atl\u00e9tico-MG<\/title>\n<meta name=\"robots\" content=\"index, follow, max-snippet:-1, max-image-preview:large, max-video-preview:-1\" \/>\n<link rel=\"canonical\" href=\"https:\/\/www.gaveanews.com\/index.php\/2025\/03\/20\/hulk-caio-maia-cadu-junior-santos-arana-alonso-e-alan-franco-cuca-tera-que-driblar-desfalques-no-atletico-mg\/\" \/>\n<meta property=\"og:locale\" content=\"pt_BR\" \/>\n<meta property=\"og:type\" content=\"article\" \/>\n<meta property=\"og:title\" content=\"Hulk, Caio Maia, Cadu, J\u00fanior Santos, Arana, Alonso e Alan Franco: Cuca ter\u00e1 que driblar desfalques no Atl\u00e9tico-MG\" \/>\n<meta property=\"og:description\" content=\"O elenco do Atl\u00e9tico segue sua prepara\u00e7\u00e3o para a estreia no Campeonato Brasileiro, que acontece no s\u00e1bado (29), \u00e0s 18h30 (hor\u00e1rio de Bras\u00edlia), contra o Gr\u00eamio, em Porto Alegre. Ap\u00f3s a conquista do Campeonato Mineiro sobre o Am\u00e9rica, os jogadores se reapresentaram na Cidade do Galo na quarta-feira (18) e deram in\u00edcio aos treinamentos para [&hellip;]\" \/>\n<meta property=\"og:url\" content=\"https:\/\/www.gaveanews.com\/index.php\/2025\/03\/20\/hulk-caio-maia-cadu-junior-santos-arana-alonso-e-alan-franco-cuca-tera-que-driblar-desfalques-no-atletico-mg\/\" \/>\n<meta property=\"og:site_name\" content=\"G\u00e1vea News\" \/>\n<meta property=\"article:publisher\" content=\"https:\/\/facebook.com\/gaveaNews\/\" \/>\n<meta property=\"article:published_time\" content=\"2025-03-20T19:15:00+00:00\" \/>\n<meta property=\"og:image\" content=\"https:\/\/www.gaveanews.com\/wp-content\/uploads\/hulk-atletico-mg.webp\" \/>\n\t<meta property=\"og:image:width\" content=\"1200\" \/>\n\t<meta property=\"og:image:height\" content=\"675\" \/>\n\t<meta property=\"og:image:type\" content=\"image\/webp\" \/>\n<meta name=\"author\" content=\"Matheus Felipe\" \/>\n<meta name=\"twitter:card\" content=\"summary_large_image\" \/>\n<meta name=\"twitter:label1\" content=\"Escrito por\" \/>\n\t<meta name=\"twitter:data1\" content=\"Matheus Felipe\" \/>\n\t<meta name=\"twitter:label2\" content=\"Est. tempo de leitura\" \/>\n\t<meta name=\"twitter:data2\" content=\"3 minutos\" \/>\n<script type=\"application\/ld+json\" class=\"yoast-schema-graph\">{\"@context\":\"https:\/\/schema.org\",\"@graph\":[{\"@type\":\"NewsArticle\",\"@id\":\"https:\/\/www.gaveanews.com\/index.php\/2025\/03\/20\/hulk-caio-maia-cadu-junior-santos-arana-alonso-e-alan-franco-cuca-tera-que-driblar-desfalques-no-atletico-mg\/#article\",\"isPartOf\":{\"@id\":\"https:\/\/www.gaveanews.com\/index.php\/2025\/03\/20\/hulk-caio-maia-cadu-junior-santos-arana-alonso-e-alan-franco-cuca-tera-que-driblar-desfalques-no-atletico-mg\/\"},\"author\":{\"name\":\"Matheus Felipe\",\"@id\":\"https:\/\/www.gaveanews.com\/#\/schema\/person\/8207cd4627f56151707418bfc835b2fb\"},\"headline\":\"Hulk, Caio Maia, Cadu, J\u00fanior Santos, Arana, Alonso e Alan Franco: Cuca ter\u00e1 que driblar desfalques no Atl\u00e9tico-MG\",\"datePublished\":\"2025-03-20T19:15:00+00:00\",\"mainEntityOfPage\":{\"@id\":\"https:\/\/www.gaveanews.com\/index.php\/2025\/03\/20\/hulk-caio-maia-cadu-junior-santos-arana-alonso-e-alan-franco-cuca-tera-que-driblar-desfalques-no-atletico-mg\/\"},\"wordCount\":375,\"commentCount\":0,\"image\":{\"@id\":\"https:\/\/www.gaveanews.com\/index.php\/2025\/03\/20\/hulk-caio-maia-cadu-junior-santos-arana-alonso-e-alan-franco-cuca-tera-que-driblar-desfalques-no-atletico-mg\/#primaryimage\"},\"thumbnailUrl\":\"https:\/\/www.gaveanews.com\/wp-content\/uploads\/hulk-atletico-mg.webp\",\"articleSection\":[\"Atl\u00e9tico-MG\"],\"inLanguage\":\"pt-BR\",\"potentialAction\":[{\"@type\":\"CommentAction\",\"name\":\"Comment\",\"target\":[\"https:\/\/www.gaveanews.com\/index.php\/2025\/03\/20\/hulk-caio-maia-cadu-junior-santos-arana-alonso-e-alan-franco-cuca-tera-que-driblar-desfalques-no-atletico-mg\/#respond\"]}],\"copyrightYear\":\"2025\",\"copyrightHolder\":{\"@id\":\"https:\/\/www.gaveanews.com\/#organization\"}},{\"@type\":\"WebPage\",\"@id\":\"https:\/\/www.gaveanews.com\/index.php\/2025\/03\/20\/hulk-caio-maia-cadu-junior-santos-arana-alonso-e-alan-franco-cuca-tera-que-driblar-desfalques-no-atletico-mg\/\",\"url\":\"https:\/\/www.gaveanews.com\/index.php\/2025\/03\/20\/hulk-caio-maia-cadu-junior-santos-arana-alonso-e-alan-franco-cuca-tera-que-driblar-desfalques-no-atletico-mg\/\",\"name\":\"Hulk, Caio Maia, Cadu, J\u00fanior Santos, Arana, Alonso e Alan Franco: Cuca ter\u00e1 que driblar desfalques no Atl\u00e9tico-MG\",\"isPartOf\":{\"@id\":\"https:\/\/www.gaveanews.com\/#website\"},\"primaryImageOfPage\":{\"@id\":\"https:\/\/www.gaveanews.com\/index.php\/2025\/03\/20\/hulk-caio-maia-cadu-junior-santos-arana-alonso-e-alan-franco-cuca-tera-que-driblar-desfalques-no-atletico-mg\/#primaryimage\"},\"image\":{\"@id\":\"https:\/\/www.gaveanews.com\/index.php\/2025\/03\/20\/hulk-caio-maia-cadu-junior-santos-arana-alonso-e-alan-franco-cuca-tera-que-driblar-desfalques-no-atletico-mg\/#primaryimage\"},\"thumbnailUrl\":\"https:\/\/www.gaveanews.com\/wp-content\/uploads\/hulk-atletico-mg.webp\",\"datePublished\":\"2025-03-20T19:15:00+00:00\",\"author\":{\"@id\":\"https:\/\/www.gaveanews.com\/#\/schema\/person\/8207cd4627f56151707418bfc835b2fb\"},\"breadcrumb\":{\"@id\":\"https:\/\/www.gaveanews.com\/index.php\/2025\/03\/20\/hulk-caio-maia-cadu-junior-santos-arana-alonso-e-alan-franco-cuca-tera-que-driblar-desfalques-no-atletico-mg\/#breadcrumb\"},\"inLanguage\":\"pt-BR\",\"potentialAction\":[{\"@type\":\"ReadAction\",\"target\":[\"https:\/\/www.gaveanews.com\/index.php\/2025\/03\/20\/hulk-caio-maia-cadu-junior-santos-arana-alonso-e-alan-franco-cuca-tera-que-driblar-desfalques-no-atletico-mg\/\"]}]},{\"@type\":\"ImageObject\",\"inLanguage\":\"pt-BR\",\"@id\":\"https:\/\/www.gaveanews.com\/index.php\/2025\/03\/20\/hulk-caio-maia-cadu-junior-santos-arana-alonso-e-alan-franco-cuca-tera-que-driblar-desfalques-no-atletico-mg\/#primaryimage\",\"url\":\"https:\/\/www.gaveanews.com\/wp-content\/uploads\/hulk-atletico-mg.webp\",\"contentUrl\":\"https:\/\/www.gaveanews.com\/wp-content\/uploads\/hulk-atletico-mg.webp\",\"width\":1200,\"height\":675,\"caption\":\"Hulk em a\u00e7\u00e3o pelo Atl\u00e9tico-MG (Foto: Eurasia Sport Images\/Getty Images South America)\"},{\"@type\":\"BreadcrumbList\",\"@id\":\"https:\/\/www.gaveanews.com\/index.php\/2025\/03\/20\/hulk-caio-maia-cadu-junior-santos-arana-alonso-e-alan-franco-cuca-tera-que-driblar-desfalques-no-atletico-mg\/#breadcrumb\",\"itemListElement\":[{\"@type\":\"ListItem\",\"position\":1,\"name\":\"Home\",\"item\":\"https:\/\/www.gaveanews.com\/\"},{\"@type\":\"ListItem\",\"position\":2,\"name\":\"Hulk, Caio Maia, Cadu, J\u00fanior Santos, Arana, Alonso e Alan Franco: Cuca ter\u00e1 que driblar desfalques no Atl\u00e9tico-MG\"}]},{\"@type\":\"WebSite\",\"@id\":\"https:\/\/www.gaveanews.com\/#website\",\"url\":\"https:\/\/www.gaveanews.com\/\",\"name\":\"G\u00e1vea News\",\"description\":\"Veja todas as not\u00edcias sobre o Flamengo: Contrata\u00e7\u00f5es, categorias de base, resultados das partidas, tabela de classifica\u00e7\u00e3o, pr\u00f3ximos jogos!\",\"potentialAction\":[{\"@type\":\"SearchAction\",\"target\":{\"@type\":\"EntryPoint\",\"urlTemplate\":\"https:\/\/www.gaveanews.com\/?s={search_term_string}\"},\"query-input\":{\"@type\":\"PropertyValueSpecification\",\"valueRequired\":true,\"valueName\":\"search_term_string\"}}],\"inLanguage\":\"pt-BR\"},{\"@type\":\"Person\",\"@id\":\"https:\/\/www.gaveanews.com\/#\/schema\/person\/8207cd4627f56151707418bfc835b2fb\",\"name\":\"Matheus Felipe\",\"image\":{\"@type\":\"ImageObject\",\"inLanguage\":\"pt-BR\",\"@id\":\"https:\/\/www.gaveanews.com\/#\/schema\/person\/image\/\",\"url\":\"https:\/\/secure.gravatar.com\/avatar\/a452ffbed9130f726358b298bb3a99ce4bd3c5338411f8440e87e14d74c7c087?s=96&d=mm&r=g\",\"contentUrl\":\"https:\/\/secure.gravatar.com\/avatar\/a452ffbed9130f726358b298bb3a99ce4bd3c5338411f8440e87e14d74c7c087?s=96&d=mm&r=g\",\"caption\":\"Matheus Felipe\"}}]}<\/script>\n<!-- \/ Yoast SEO Premium plugin. -->","yoast_head_json":{"title":"Hulk, Caio Maia, Cadu, J\u00fanior Santos, Arana, Alonso e Alan Franco: Cuca ter\u00e1 que driblar desfalques no Atl\u00e9tico-MG","robots":{"index":"index","follow":"follow","max-snippet":"max-snippet:-1","max-image-preview":"max-image-preview:large","max-video-preview":"max-video-preview:-1"},"canonical":"https:\/\/www.gaveanews.com\/index.php\/2025\/03\/20\/hulk-caio-maia-cadu-junior-santos-arana-alonso-e-alan-franco-cuca-tera-que-driblar-desfalques-no-atletico-mg\/","og_locale":"pt_BR","og_type":"article","og_title":"Hulk, Caio Maia, Cadu, J\u00fanior Santos, Arana, Alonso e Alan Franco: Cuca ter\u00e1 que driblar desfalques no Atl\u00e9tico-MG","og_description":"O elenco do Atl\u00e9tico segue sua prepara\u00e7\u00e3o para a estreia no Campeonato Brasileiro, que acontece no s\u00e1bado (29), \u00e0s 18h30 (hor\u00e1rio de Bras\u00edlia), contra o Gr\u00eamio, em Porto Alegre. Ap\u00f3s a conquista do Campeonato Mineiro sobre o Am\u00e9rica, os jogadores se reapresentaram na Cidade do Galo na quarta-feira (18) e deram in\u00edcio aos treinamentos para [&hellip;]","og_url":"https:\/\/www.gaveanews.com\/index.php\/2025\/03\/20\/hulk-caio-maia-cadu-junior-santos-arana-alonso-e-alan-franco-cuca-tera-que-driblar-desfalques-no-atletico-mg\/","og_site_name":"G\u00e1vea News","article_publisher":"https:\/\/facebook.com\/gaveaNews\/","article_published_time":"2025-03-20T19:15:00+00:00","og_image":[{"width":1200,"height":675,"url":"https:\/\/www.gaveanews.com\/wp-content\/uploads\/hulk-atletico-mg.webp","type":"image\/webp"}],"author":"Matheus Felipe","twitter_card":"summary_large_image","twitter_misc":{"Escrito por":"Matheus Felipe","Est. tempo de leitura":"3 minutos"},"schema":{"@context":"https:\/\/schema.org","@graph":[{"@type":"NewsArticle","@id":"https:\/\/www.gaveanews.com\/index.php\/2025\/03\/20\/hulk-caio-maia-cadu-junior-santos-arana-alonso-e-alan-franco-cuca-tera-que-driblar-desfalques-no-atletico-mg\/#article","isPartOf":{"@id":"https:\/\/www.gaveanews.com\/index.php\/2025\/03\/20\/hulk-caio-maia-cadu-junior-santos-arana-alonso-e-alan-franco-cuca-tera-que-driblar-desfalques-no-atletico-mg\/"},"author":{"name":"Matheus Felipe","@id":"https:\/\/www.gaveanews.com\/#\/schema\/person\/8207cd4627f56151707418bfc835b2fb"},"headline":"Hulk, Caio Maia, Cadu, J\u00fanior Santos, Arana, Alonso e Alan Franco: Cuca ter\u00e1 que driblar desfalques no Atl\u00e9tico-MG","datePublished":"2025-03-20T19:15:00+00:00","mainEntityOfPage":{"@id":"https:\/\/www.gaveanews.com\/index.php\/2025\/03\/20\/hulk-caio-maia-cadu-junior-santos-arana-alonso-e-alan-franco-cuca-tera-que-driblar-desfalques-no-atletico-mg\/"},"wordCount":375,"commentCount":0,"image":{"@id":"https:\/\/www.gaveanews.com\/index.php\/2025\/03\/20\/hulk-caio-maia-cadu-junior-santos-arana-alonso-e-alan-franco-cuca-tera-que-driblar-desfalques-no-atletico-mg\/#primaryimage"},"thumbnailUrl":"https:\/\/www.gaveanews.com\/wp-content\/uploads\/hulk-atletico-mg.webp","articleSection":["Atl\u00e9tico-MG"],"inLanguage":"pt-BR","potentialAction":[{"@type":"CommentAction","name":"Comment","target":["https:\/\/www.gaveanews.com\/index.php\/2025\/03\/20\/hulk-caio-maia-cadu-junior-santos-arana-alonso-e-alan-franco-cuca-tera-que-driblar-desfalques-no-atletico-mg\/#respond"]}],"copyrightYear":"2025","copyrightHolder":{"@id":"https:\/\/www.gaveanews.com\/#organization"}},{"@type":"WebPage","@id":"https:\/\/www.gaveanews.com\/index.php\/2025\/03\/20\/hulk-caio-maia-cadu-junior-santos-arana-alonso-e-alan-franco-cuca-tera-que-driblar-desfalques-no-atletico-mg\/","url":"https:\/\/www.gaveanews.com\/index.php\/2025\/03\/20\/hulk-caio-maia-cadu-junior-santos-arana-alonso-e-alan-franco-cuca-tera-que-driblar-desfalques-no-atletico-mg\/","name":"Hulk, Caio Maia, Cadu, J\u00fanior Santos, Arana, Alonso e Alan Franco: Cuca ter\u00e1 que driblar desfalques no Atl\u00e9tico-MG","isPartOf":{"@id":"https:\/\/www.gaveanews.com\/#website"},"primaryImageOfPage":{"@id":"https:\/\/www.gaveanews.com\/index.php\/2025\/03\/20\/hulk-caio-maia-cadu-junior-santos-arana-alonso-e-alan-franco-cuca-tera-que-driblar-desfalques-no-atletico-mg\/#primaryimage"},"image":{"@id":"https:\/\/www.gaveanews.com\/index.php\/2025\/03\/20\/hulk-caio-maia-cadu-junior-santos-arana-alonso-e-alan-franco-cuca-tera-que-driblar-desfalques-no-atletico-mg\/#primaryimage"},"thumbnailUrl":"https:\/\/www.gaveanews.com\/wp-content\/uploads\/hulk-atletico-mg.webp","datePublished":"2025-03-20T19:15:00+00:00","author":{"@id":"https:\/\/www.gaveanews.com\/#\/schema\/person\/8207cd4627f56151707418bfc835b2fb"},"breadcrumb":{"@id":"https:\/\/www.gaveanews.com\/index.php\/2025\/03\/20\/hulk-caio-maia-cadu-junior-santos-arana-alonso-e-alan-franco-cuca-tera-que-driblar-desfalques-no-atletico-mg\/#breadcrumb"},"inLanguage":"pt-BR","potentialAction":[{"@type":"ReadAction","target":["https:\/\/www.gaveanews.com\/index.php\/2025\/03\/20\/hulk-caio-maia-cadu-junior-santos-arana-alonso-e-alan-franco-cuca-tera-que-driblar-desfalques-no-atletico-mg\/"]}]},{"@type":"ImageObject","inLanguage":"pt-BR","@id":"https:\/\/www.gaveanews.com\/index.php\/2025\/03\/20\/hulk-caio-maia-cadu-junior-santos-arana-alonso-e-alan-franco-cuca-tera-que-driblar-desfalques-no-atletico-mg\/#primaryimage","url":"https:\/\/www.gaveanews.com\/wp-content\/uploads\/hulk-atletico-mg.webp","contentUrl":"https:\/\/www.gaveanews.com\/wp-content\/uploads\/hulk-atletico-mg.webp","width":1200,"height":675,"caption":"Hulk em a\u00e7\u00e3o pelo Atl\u00e9tico-MG (Foto: Eurasia Sport Images\/Getty Images South America)"},{"@type":"BreadcrumbList","@id":"https:\/\/www.gaveanews.com\/index.php\/2025\/03\/20\/hulk-caio-maia-cadu-junior-santos-arana-alonso-e-alan-franco-cuca-tera-que-driblar-desfalques-no-atletico-mg\/#breadcrumb","itemListElement":[{"@type":"ListItem","position":1,"name":"Home","item":"https:\/\/www.gaveanews.com\/"},{"@type":"ListItem","position":2,"name":"Hulk, Caio Maia, Cadu, J\u00fanior Santos, Arana, Alonso e Alan Franco: Cuca ter\u00e1 que driblar desfalques no Atl\u00e9tico-MG"}]},{"@type":"WebSite","@id":"https:\/\/www.gaveanews.com\/#website","url":"https:\/\/www.gaveanews.com\/","name":"G\u00e1vea News","description":"Veja todas as not\u00edcias sobre o Flamengo: Contrata\u00e7\u00f5es, categorias de base, resultados das partidas, tabela de classifica\u00e7\u00e3o, pr\u00f3ximos jogos!","potentialAction":[{"@type":"SearchAction","target":{"@type":"EntryPoint","urlTemplate":"https:\/\/www.gaveanews.com\/?s={search_term_string}"},"query-input":{"@type":"PropertyValueSpecification","valueRequired":true,"valueName":"search_term_string"}}],"inLanguage":"pt-BR"},{"@type":"Person","@id":"https:\/\/www.gaveanews.com\/#\/schema\/person\/8207cd4627f56151707418bfc835b2fb","name":"Matheus Felipe","image":{"@type":"ImageObject","inLanguage":"pt-BR","@id":"https:\/\/www.gaveanews.com\/#\/schema\/person\/image\/","url":"https:\/\/secure.gravatar.com\/avatar\/a452ffbed9130f726358b298bb3a99ce4bd3c5338411f8440e87e14d74c7c087?s=96&d=mm&r=g","contentUrl":"https:\/\/secure.gravatar.com\/avatar\/a452ffbed9130f726358b298bb3a99ce4bd3c5338411f8440e87e14d74c7c087?s=96&d=mm&r=g","caption":"Matheus Felipe"}}]}},"_links":{"self":[{"href":"https:\/\/www.gaveanews.com\/index.php\/wp-json\/wp\/v2\/posts\/242395","targetHints":{"allow":["GET"]}}],"collection":[{"href":"https:\/\/www.gaveanews.com\/index.php\/wp-json\/wp\/v2\/posts"}],"about":[{"href":"https:\/\/www.gaveanews.com\/index.php\/wp-json\/wp\/v2\/types\/post"}],"author":[{"embeddable":true,"href":"https:\/\/www.gaveanews.com\/index.php\/wp-json\/wp\/v2\/users\/27"}],"replies":[{"embeddable":true,"href":"https:\/\/www.gaveanews.com\/index.php\/wp-json\/wp\/v2\/comments?post=242395"}],"version-history":[{"count":1,"href":"https:\/\/www.gaveanews.com\/index.php\/wp-json\/wp\/v2\/posts\/242395\/revisions"}],"predecessor-version":[{"id":242396,"href":"https:\/\/www.gaveanews.com\/index.php\/wp-json\/wp\/v2\/posts\/242395\/revisions\/242396"}],"wp:featuredmedia":[{"embeddable":true,"href":"https:\/\/www.gaveanews.com\/index.php\/wp-json\/wp\/v2\/media\/143185"}],"wp:attachment":[{"href":"https:\/\/www.gaveanews.com\/index.php\/wp-json\/wp\/v2\/media?parent=242395"}],"wp:term":[{"taxonomy":"category","embeddable":true,"href":"https:\/\/www.gaveanews.com\/index.php\/wp-json\/wp\/v2\/categories?post=242395"},{"taxonomy":"post_tag","embeddable":true,"href":"https:\/\/www.gaveanews.com\/index.php\/wp-json\/wp\/v2\/tags?post=242395"}],"curies":[{"name":"wp","href":"https:\/\/api.w.org\/{rel}","templated":true}]}}