{"id":242588,"date":"2025-03-21T00:10:00","date_gmt":"2025-03-21T03:10:00","guid":{"rendered":"https:\/\/www.gaveanews.com\/?p=242588"},"modified":"2025-03-20T18:59:20","modified_gmt":"2025-03-20T21:59:20","slug":"a-declaracao-de-alex-telles-direcionada-a-renato-paiva-do-botafogo","status":"publish","type":"post","link":"https:\/\/www.gaveanews.com\/index.php\/2025\/03\/21\/a-declaracao-de-alex-telles-direcionada-a-renato-paiva-do-botafogo\/","title":{"rendered":"A declara\u00e7\u00e3o de Alex Telles direcionada a Renato Paiva, do Botafogo"},"content":{"rendered":"\n<p>O Botafogo abriu um de seus treinamentos para a imprensa nesta quinta-feira (20), proporcionando uma rara oportunidade de observa\u00e7\u00e3o do trabalho conduzido pelo t\u00e9cnico Renato Paiva. O treinador, que completou recentemente dez dias no comando da equipe, utilizou a sess\u00e3o para refor\u00e7ar conceitos de seu estilo de jogo e apresentar algumas mudan\u00e7as t\u00e1ticas.<\/p>\n\n\n\n<p>Ap\u00f3s as atividades, Alex Telles concedeu entrevista e falou sua avalia\u00e7\u00e3o sobre o trabalho de Paiva. O lateral rasgou elogios ao novo treinador e pontuou quest\u00f5es sobre o estilo do comandante.<\/p>\n\n\n\n<p>&#8220;O estilo dele \u00e9 muito profissional no campo, ele sabe o momento certo de assistir os atletas da equipe, o momento certo de trabalhar. Ele mesmo fala do momento de trabalhar, de trabalhar, o momento pra tomar \u00e1gua, pra tomar \u00e1gua e recuperar, o momento de descontrair tem tamb\u00e9m esse momento. Ent\u00e3o a gente j\u00e1 teve tamb\u00e9m uma confraterniza\u00e7\u00e3o com a gente, jogadores e staff, e foi muito positivo, isso \u00e9 bom tamb\u00e9m que ano passado n\u00f3s t\u00ednhamos essa rotina de poder fazer algo tamb\u00e9m com a equipe fora de campo pra poder tamb\u00e9m juntar os atletas que chegaram novos. Mas, a partir do momento que a gente entra em campo, \u00e9 focar no trabalho, deixar o resto pra fora e poder focar s\u00f3 no que realmente importa. Ent\u00e3o eu vejo o Renato como um grande t\u00e9cnico, muito experiente, com essas ideias que realmente vieram pra agregar a gente&#8221;, disse.<\/p>\n\n\n\n<h2 class=\"wp-block-heading\" id=\"h-estilo-de-paiva\">Estilo de Paiva<\/h2>\n\n\n\n<p>Paiva tem apostado em um modelo baseado no jogo posicional, enfatizando a necessidade de compacta\u00e7\u00e3o tanto na defesa quanto no ataque. Durante a atividade, foi poss\u00edvel notar que a equipe trabalhou a troca de passes, marca\u00e7\u00e3o sob press\u00e3o e jogadas pelas laterais do campo. Entre os destaques do treino, Igor Jesus e Artur se sobressa\u00edram na finaliza\u00e7\u00e3o, com grande aproveitamento.<\/p>\n\n\n\n<p>Al\u00e9m da quest\u00e3o t\u00e1tica, o treinador promoveu mudan\u00e7as individuais dentro do esquema. Uma das novidades foi a orienta\u00e7\u00e3o para que Igor Jesus atue de forma mais fixa dentro da \u00e1rea, explorando melhor sua capacidade de conclus\u00e3o. Patrick de Paula tamb\u00e9m teve um bom desempenho, marcando dois gols durante os exerc\u00edcios pr\u00e1ticos.<\/p>\n\n\n\n<p>Internamente, a chegada de Renato Paiva tem sido vista de forma muito positiva. A intensidade e qualidade dos treinamentos superaram as expectativas iniciais, e a comiss\u00e3o t\u00e9cnica vem trabalhando para fortalecer o grupo tanto fisicamente quanto emocionalmente. Como parte dessa estrat\u00e9gia, o clube organizou uma confraterniza\u00e7\u00e3o com jogadores e funcion\u00e1rios, um momento de descontra\u00e7\u00e3o ap\u00f3s um come\u00e7o de ano turbulento.<\/p>\n\n\n\n<p>O primeiro grande teste do treinador acontecer\u00e1 no pr\u00f3ximo s\u00e1bado, quando o Botafogo enfrentar\u00e1 o Cruzeiro em um jogo-treino no est\u00e1dio Nilton Santos. A partida ser\u00e1 fechada para a imprensa e servir\u00e1 como uma oportunidade para avaliar o desenvolvimento da equipe sob a nova filosofia de trabalho.<\/p>\n\n\n\n<p>Com o in\u00edcio do Brasileir\u00e3o se aproximando, a expectativa \u00e9 que o Botafogo siga assimilando as ideias de Paiva e evoluindo no novo modelo de jogo. O duelo contra o Palmeiras, marcado para o dia 30 de mar\u00e7o, ser\u00e1 um dos primeiros desafios oficiais da equipe sob o comando do t\u00e9cnico portugu\u00eas.<\/p>\n","protected":false},"excerpt":{"rendered":"<p>O Botafogo abriu um de seus treinamentos para a imprensa nesta quinta-feira (20), proporcionando uma rara oportunidade de observa\u00e7\u00e3o do trabalho conduzido pelo t\u00e9cnico Renato Paiva. O treinador, que completou recentemente dez dias no comando da equipe, utilizou a sess\u00e3o para refor\u00e7ar conceitos de seu estilo de jogo e apresentar algumas mudan\u00e7as t\u00e1ticas. Ap\u00f3s as [&hellip;]<\/p>\n","protected":false},"author":18,"featured_media":168199,"comment_status":"open","ping_status":"closed","sticky":false,"template":"","format":"standard","meta":{"footnotes":""},"categories":[138],"tags":[],"class_list":["post-242588","post","type-post","status-publish","format-standard","has-post-thumbnail","hentry","category-botafogo"],"yoast_head":"<!-- This site is optimized with the Yoast SEO Premium plugin v24.2 (Yoast SEO v26.9) - https:\/\/yoast.com\/product\/yoast-seo-premium-wordpress\/ -->\n<title>A declara\u00e7\u00e3o de Alex Telles direcionada a Renato Paiva, do Botafogo<\/title>\n<meta name=\"robots\" content=\"index, follow, max-snippet:-1, max-image-preview:large, max-video-preview:-1\" \/>\n<link rel=\"canonical\" href=\"https:\/\/www.gaveanews.com\/index.php\/2025\/03\/21\/a-declaracao-de-alex-telles-direcionada-a-renato-paiva-do-botafogo\/\" \/>\n<meta property=\"og:locale\" content=\"pt_BR\" \/>\n<meta property=\"og:type\" content=\"article\" \/>\n<meta property=\"og:title\" content=\"A declara\u00e7\u00e3o de Alex Telles direcionada a Renato Paiva, do Botafogo\" \/>\n<meta property=\"og:description\" content=\"O Botafogo abriu um de seus treinamentos para a imprensa nesta quinta-feira (20), proporcionando uma rara oportunidade de observa\u00e7\u00e3o do trabalho conduzido pelo t\u00e9cnico Renato Paiva. O treinador, que completou recentemente dez dias no comando da equipe, utilizou a sess\u00e3o para refor\u00e7ar conceitos de seu estilo de jogo e apresentar algumas mudan\u00e7as t\u00e1ticas. Ap\u00f3s as [&hellip;]\" \/>\n<meta property=\"og:url\" content=\"https:\/\/www.gaveanews.com\/index.php\/2025\/03\/21\/a-declaracao-de-alex-telles-direcionada-a-renato-paiva-do-botafogo\/\" \/>\n<meta property=\"og:site_name\" content=\"G\u00e1vea News\" \/>\n<meta property=\"article:publisher\" content=\"https:\/\/facebook.com\/gaveaNews\/\" \/>\n<meta property=\"article:published_time\" content=\"2025-03-21T03:10:00+00:00\" \/>\n<meta property=\"og:image\" content=\"https:\/\/www.gaveanews.com\/wp-content\/uploads\/Alex-Telles-Botafogo.webp\" \/>\n\t<meta property=\"og:image:width\" content=\"1339\" \/>\n\t<meta property=\"og:image:height\" content=\"1000\" \/>\n\t<meta property=\"og:image:type\" content=\"image\/jpeg\" \/>\n<meta name=\"author\" content=\"Paula Silva\" \/>\n<meta name=\"twitter:card\" content=\"summary_large_image\" \/>\n<meta name=\"twitter:label1\" content=\"Escrito por\" \/>\n\t<meta name=\"twitter:data1\" content=\"Paula Silva\" \/>\n\t<meta name=\"twitter:label2\" content=\"Est. tempo de leitura\" \/>\n\t<meta name=\"twitter:data2\" content=\"4 minutos\" \/>\n<script type=\"application\/ld+json\" class=\"yoast-schema-graph\">{\"@context\":\"https:\/\/schema.org\",\"@graph\":[{\"@type\":\"NewsArticle\",\"@id\":\"https:\/\/www.gaveanews.com\/index.php\/2025\/03\/21\/a-declaracao-de-alex-telles-direcionada-a-renato-paiva-do-botafogo\/#article\",\"isPartOf\":{\"@id\":\"https:\/\/www.gaveanews.com\/index.php\/2025\/03\/21\/a-declaracao-de-alex-telles-direcionada-a-renato-paiva-do-botafogo\/\"},\"author\":{\"name\":\"Paula Silva\",\"@id\":\"https:\/\/www.gaveanews.com\/#\/schema\/person\/daf63eec72e1164eb13dc35096c2b8da\"},\"headline\":\"A declara\u00e7\u00e3o de Alex Telles direcionada a Renato Paiva, do Botafogo\",\"datePublished\":\"2025-03-21T03:10:00+00:00\",\"mainEntityOfPage\":{\"@id\":\"https:\/\/www.gaveanews.com\/index.php\/2025\/03\/21\/a-declaracao-de-alex-telles-direcionada-a-renato-paiva-do-botafogo\/\"},\"wordCount\":564,\"commentCount\":0,\"image\":{\"@id\":\"https:\/\/www.gaveanews.com\/index.php\/2025\/03\/21\/a-declaracao-de-alex-telles-direcionada-a-renato-paiva-do-botafogo\/#primaryimage\"},\"thumbnailUrl\":\"https:\/\/www.gaveanews.com\/wp-content\/uploads\/Alex-Telles-Botafogo.webp\",\"articleSection\":[\"Botafogo\"],\"inLanguage\":\"pt-BR\",\"potentialAction\":[{\"@type\":\"CommentAction\",\"name\":\"Comment\",\"target\":[\"https:\/\/www.gaveanews.com\/index.php\/2025\/03\/21\/a-declaracao-de-alex-telles-direcionada-a-renato-paiva-do-botafogo\/#respond\"]}],\"copyrightYear\":\"2025\",\"copyrightHolder\":{\"@id\":\"https:\/\/www.gaveanews.com\/#organization\"}},{\"@type\":\"WebPage\",\"@id\":\"https:\/\/www.gaveanews.com\/index.php\/2025\/03\/21\/a-declaracao-de-alex-telles-direcionada-a-renato-paiva-do-botafogo\/\",\"url\":\"https:\/\/www.gaveanews.com\/index.php\/2025\/03\/21\/a-declaracao-de-alex-telles-direcionada-a-renato-paiva-do-botafogo\/\",\"name\":\"A declara\u00e7\u00e3o de Alex Telles direcionada a Renato Paiva, do Botafogo\",\"isPartOf\":{\"@id\":\"https:\/\/www.gaveanews.com\/#website\"},\"primaryImageOfPage\":{\"@id\":\"https:\/\/www.gaveanews.com\/index.php\/2025\/03\/21\/a-declaracao-de-alex-telles-direcionada-a-renato-paiva-do-botafogo\/#primaryimage\"},\"image\":{\"@id\":\"https:\/\/www.gaveanews.com\/index.php\/2025\/03\/21\/a-declaracao-de-alex-telles-direcionada-a-renato-paiva-do-botafogo\/#primaryimage\"},\"thumbnailUrl\":\"https:\/\/www.gaveanews.com\/wp-content\/uploads\/Alex-Telles-Botafogo.webp\",\"datePublished\":\"2025-03-21T03:10:00+00:00\",\"author\":{\"@id\":\"https:\/\/www.gaveanews.com\/#\/schema\/person\/daf63eec72e1164eb13dc35096c2b8da\"},\"breadcrumb\":{\"@id\":\"https:\/\/www.gaveanews.com\/index.php\/2025\/03\/21\/a-declaracao-de-alex-telles-direcionada-a-renato-paiva-do-botafogo\/#breadcrumb\"},\"inLanguage\":\"pt-BR\",\"potentialAction\":[{\"@type\":\"ReadAction\",\"target\":[\"https:\/\/www.gaveanews.com\/index.php\/2025\/03\/21\/a-declaracao-de-alex-telles-direcionada-a-renato-paiva-do-botafogo\/\"]}]},{\"@type\":\"ImageObject\",\"inLanguage\":\"pt-BR\",\"@id\":\"https:\/\/www.gaveanews.com\/index.php\/2025\/03\/21\/a-declaracao-de-alex-telles-direcionada-a-renato-paiva-do-botafogo\/#primaryimage\",\"url\":\"https:\/\/www.gaveanews.com\/wp-content\/uploads\/Alex-Telles-Botafogo.webp\",\"contentUrl\":\"https:\/\/www.gaveanews.com\/wp-content\/uploads\/Alex-Telles-Botafogo.webp\",\"width\":1339,\"height\":1000,\"caption\":\"Alex Telles Botafogo (Foto: Vitor Silva\/Botafogo)\"},{\"@type\":\"BreadcrumbList\",\"@id\":\"https:\/\/www.gaveanews.com\/index.php\/2025\/03\/21\/a-declaracao-de-alex-telles-direcionada-a-renato-paiva-do-botafogo\/#breadcrumb\",\"itemListElement\":[{\"@type\":\"ListItem\",\"position\":1,\"name\":\"Home\",\"item\":\"https:\/\/www.gaveanews.com\/\"},{\"@type\":\"ListItem\",\"position\":2,\"name\":\"A declara\u00e7\u00e3o de Alex Telles direcionada a Renato Paiva, do Botafogo\"}]},{\"@type\":\"WebSite\",\"@id\":\"https:\/\/www.gaveanews.com\/#website\",\"url\":\"https:\/\/www.gaveanews.com\/\",\"name\":\"G\u00e1vea News\",\"description\":\"Veja todas as not\u00edcias sobre o Flamengo: Contrata\u00e7\u00f5es, categorias de base, resultados das partidas, tabela de classifica\u00e7\u00e3o, pr\u00f3ximos jogos!\",\"potentialAction\":[{\"@type\":\"SearchAction\",\"target\":{\"@type\":\"EntryPoint\",\"urlTemplate\":\"https:\/\/www.gaveanews.com\/?s={search_term_string}\"},\"query-input\":{\"@type\":\"PropertyValueSpecification\",\"valueRequired\":true,\"valueName\":\"search_term_string\"}}],\"inLanguage\":\"pt-BR\"},{\"@type\":\"Person\",\"@id\":\"https:\/\/www.gaveanews.com\/#\/schema\/person\/daf63eec72e1164eb13dc35096c2b8da\",\"name\":\"Paula Silva\",\"image\":{\"@type\":\"ImageObject\",\"inLanguage\":\"pt-BR\",\"@id\":\"https:\/\/www.gaveanews.com\/#\/schema\/person\/image\/\",\"url\":\"https:\/\/secure.gravatar.com\/avatar\/eda381c845527cc5d64c13b901833cda29d97500ba040d3e6461f76f51d163bb?s=96&d=mm&r=g\",\"contentUrl\":\"https:\/\/secure.gravatar.com\/avatar\/eda381c845527cc5d64c13b901833cda29d97500ba040d3e6461f76f51d163bb?s=96&d=mm&r=g\",\"caption\":\"Paula Silva\"}}]}<\/script>\n<!-- \/ Yoast SEO Premium plugin. -->","yoast_head_json":{"title":"A declara\u00e7\u00e3o de Alex Telles direcionada a Renato Paiva, do Botafogo","robots":{"index":"index","follow":"follow","max-snippet":"max-snippet:-1","max-image-preview":"max-image-preview:large","max-video-preview":"max-video-preview:-1"},"canonical":"https:\/\/www.gaveanews.com\/index.php\/2025\/03\/21\/a-declaracao-de-alex-telles-direcionada-a-renato-paiva-do-botafogo\/","og_locale":"pt_BR","og_type":"article","og_title":"A declara\u00e7\u00e3o de Alex Telles direcionada a Renato Paiva, do Botafogo","og_description":"O Botafogo abriu um de seus treinamentos para a imprensa nesta quinta-feira (20), proporcionando uma rara oportunidade de observa\u00e7\u00e3o do trabalho conduzido pelo t\u00e9cnico Renato Paiva. O treinador, que completou recentemente dez dias no comando da equipe, utilizou a sess\u00e3o para refor\u00e7ar conceitos de seu estilo de jogo e apresentar algumas mudan\u00e7as t\u00e1ticas. Ap\u00f3s as [&hellip;]","og_url":"https:\/\/www.gaveanews.com\/index.php\/2025\/03\/21\/a-declaracao-de-alex-telles-direcionada-a-renato-paiva-do-botafogo\/","og_site_name":"G\u00e1vea News","article_publisher":"https:\/\/facebook.com\/gaveaNews\/","article_published_time":"2025-03-21T03:10:00+00:00","og_image":[{"width":1339,"height":1000,"url":"https:\/\/www.gaveanews.com\/wp-content\/uploads\/Alex-Telles-Botafogo.webp","type":"image\/jpeg"}],"author":"Paula Silva","twitter_card":"summary_large_image","twitter_misc":{"Escrito por":"Paula Silva","Est. tempo de leitura":"4 minutos"},"schema":{"@context":"https:\/\/schema.org","@graph":[{"@type":"NewsArticle","@id":"https:\/\/www.gaveanews.com\/index.php\/2025\/03\/21\/a-declaracao-de-alex-telles-direcionada-a-renato-paiva-do-botafogo\/#article","isPartOf":{"@id":"https:\/\/www.gaveanews.com\/index.php\/2025\/03\/21\/a-declaracao-de-alex-telles-direcionada-a-renato-paiva-do-botafogo\/"},"author":{"name":"Paula Silva","@id":"https:\/\/www.gaveanews.com\/#\/schema\/person\/daf63eec72e1164eb13dc35096c2b8da"},"headline":"A declara\u00e7\u00e3o de Alex Telles direcionada a Renato Paiva, do Botafogo","datePublished":"2025-03-21T03:10:00+00:00","mainEntityOfPage":{"@id":"https:\/\/www.gaveanews.com\/index.php\/2025\/03\/21\/a-declaracao-de-alex-telles-direcionada-a-renato-paiva-do-botafogo\/"},"wordCount":564,"commentCount":0,"image":{"@id":"https:\/\/www.gaveanews.com\/index.php\/2025\/03\/21\/a-declaracao-de-alex-telles-direcionada-a-renato-paiva-do-botafogo\/#primaryimage"},"thumbnailUrl":"https:\/\/www.gaveanews.com\/wp-content\/uploads\/Alex-Telles-Botafogo.webp","articleSection":["Botafogo"],"inLanguage":"pt-BR","potentialAction":[{"@type":"CommentAction","name":"Comment","target":["https:\/\/www.gaveanews.com\/index.php\/2025\/03\/21\/a-declaracao-de-alex-telles-direcionada-a-renato-paiva-do-botafogo\/#respond"]}],"copyrightYear":"2025","copyrightHolder":{"@id":"https:\/\/www.gaveanews.com\/#organization"}},{"@type":"WebPage","@id":"https:\/\/www.gaveanews.com\/index.php\/2025\/03\/21\/a-declaracao-de-alex-telles-direcionada-a-renato-paiva-do-botafogo\/","url":"https:\/\/www.gaveanews.com\/index.php\/2025\/03\/21\/a-declaracao-de-alex-telles-direcionada-a-renato-paiva-do-botafogo\/","name":"A declara\u00e7\u00e3o de Alex Telles direcionada a Renato Paiva, do Botafogo","isPartOf":{"@id":"https:\/\/www.gaveanews.com\/#website"},"primaryImageOfPage":{"@id":"https:\/\/www.gaveanews.com\/index.php\/2025\/03\/21\/a-declaracao-de-alex-telles-direcionada-a-renato-paiva-do-botafogo\/#primaryimage"},"image":{"@id":"https:\/\/www.gaveanews.com\/index.php\/2025\/03\/21\/a-declaracao-de-alex-telles-direcionada-a-renato-paiva-do-botafogo\/#primaryimage"},"thumbnailUrl":"https:\/\/www.gaveanews.com\/wp-content\/uploads\/Alex-Telles-Botafogo.webp","datePublished":"2025-03-21T03:10:00+00:00","author":{"@id":"https:\/\/www.gaveanews.com\/#\/schema\/person\/daf63eec72e1164eb13dc35096c2b8da"},"breadcrumb":{"@id":"https:\/\/www.gaveanews.com\/index.php\/2025\/03\/21\/a-declaracao-de-alex-telles-direcionada-a-renato-paiva-do-botafogo\/#breadcrumb"},"inLanguage":"pt-BR","potentialAction":[{"@type":"ReadAction","target":["https:\/\/www.gaveanews.com\/index.php\/2025\/03\/21\/a-declaracao-de-alex-telles-direcionada-a-renato-paiva-do-botafogo\/"]}]},{"@type":"ImageObject","inLanguage":"pt-BR","@id":"https:\/\/www.gaveanews.com\/index.php\/2025\/03\/21\/a-declaracao-de-alex-telles-direcionada-a-renato-paiva-do-botafogo\/#primaryimage","url":"https:\/\/www.gaveanews.com\/wp-content\/uploads\/Alex-Telles-Botafogo.webp","contentUrl":"https:\/\/www.gaveanews.com\/wp-content\/uploads\/Alex-Telles-Botafogo.webp","width":1339,"height":1000,"caption":"Alex Telles Botafogo (Foto: Vitor Silva\/Botafogo)"},{"@type":"BreadcrumbList","@id":"https:\/\/www.gaveanews.com\/index.php\/2025\/03\/21\/a-declaracao-de-alex-telles-direcionada-a-renato-paiva-do-botafogo\/#breadcrumb","itemListElement":[{"@type":"ListItem","position":1,"name":"Home","item":"https:\/\/www.gaveanews.com\/"},{"@type":"ListItem","position":2,"name":"A declara\u00e7\u00e3o de Alex Telles direcionada a Renato Paiva, do Botafogo"}]},{"@type":"WebSite","@id":"https:\/\/www.gaveanews.com\/#website","url":"https:\/\/www.gaveanews.com\/","name":"G\u00e1vea News","description":"Veja todas as not\u00edcias sobre o Flamengo: Contrata\u00e7\u00f5es, categorias de base, resultados das partidas, tabela de classifica\u00e7\u00e3o, pr\u00f3ximos jogos!","potentialAction":[{"@type":"SearchAction","target":{"@type":"EntryPoint","urlTemplate":"https:\/\/www.gaveanews.com\/?s={search_term_string}"},"query-input":{"@type":"PropertyValueSpecification","valueRequired":true,"valueName":"search_term_string"}}],"inLanguage":"pt-BR"},{"@type":"Person","@id":"https:\/\/www.gaveanews.com\/#\/schema\/person\/daf63eec72e1164eb13dc35096c2b8da","name":"Paula Silva","image":{"@type":"ImageObject","inLanguage":"pt-BR","@id":"https:\/\/www.gaveanews.com\/#\/schema\/person\/image\/","url":"https:\/\/secure.gravatar.com\/avatar\/eda381c845527cc5d64c13b901833cda29d97500ba040d3e6461f76f51d163bb?s=96&d=mm&r=g","contentUrl":"https:\/\/secure.gravatar.com\/avatar\/eda381c845527cc5d64c13b901833cda29d97500ba040d3e6461f76f51d163bb?s=96&d=mm&r=g","caption":"Paula Silva"}}]}},"_links":{"self":[{"href":"https:\/\/www.gaveanews.com\/index.php\/wp-json\/wp\/v2\/posts\/242588","targetHints":{"allow":["GET"]}}],"collection":[{"href":"https:\/\/www.gaveanews.com\/index.php\/wp-json\/wp\/v2\/posts"}],"about":[{"href":"https:\/\/www.gaveanews.com\/index.php\/wp-json\/wp\/v2\/types\/post"}],"author":[{"embeddable":true,"href":"https:\/\/www.gaveanews.com\/index.php\/wp-json\/wp\/v2\/users\/18"}],"replies":[{"embeddable":true,"href":"https:\/\/www.gaveanews.com\/index.php\/wp-json\/wp\/v2\/comments?post=242588"}],"version-history":[{"count":1,"href":"https:\/\/www.gaveanews.com\/index.php\/wp-json\/wp\/v2\/posts\/242588\/revisions"}],"predecessor-version":[{"id":242600,"href":"https:\/\/www.gaveanews.com\/index.php\/wp-json\/wp\/v2\/posts\/242588\/revisions\/242600"}],"wp:featuredmedia":[{"embeddable":true,"href":"https:\/\/www.gaveanews.com\/index.php\/wp-json\/wp\/v2\/media\/168199"}],"wp:attachment":[{"href":"https:\/\/www.gaveanews.com\/index.php\/wp-json\/wp\/v2\/media?parent=242588"}],"wp:term":[{"taxonomy":"category","embeddable":true,"href":"https:\/\/www.gaveanews.com\/index.php\/wp-json\/wp\/v2\/categories?post=242588"},{"taxonomy":"post_tag","embeddable":true,"href":"https:\/\/www.gaveanews.com\/index.php\/wp-json\/wp\/v2\/tags?post=242588"}],"curies":[{"name":"wp","href":"https:\/\/api.w.org\/{rel}","templated":true}]}}