{"id":242711,"date":"2025-03-21T07:35:00","date_gmt":"2025-03-21T10:35:00","guid":{"rendered":"https:\/\/www.gaveanews.com\/?p=242711"},"modified":"2025-03-21T02:52:27","modified_gmt":"2025-03-21T05:52:27","slug":"conmebol-toma-atitude-contra-leila-pereira-lateral-de-saida-e-recado-de-vitor-sergio-rodrigues-para-felipe-anderson-as-ultimas-noticias-do-palmeiras","status":"publish","type":"post","link":"https:\/\/www.gaveanews.com\/index.php\/2025\/03\/21\/conmebol-toma-atitude-contra-leila-pereira-lateral-de-saida-e-recado-de-vitor-sergio-rodrigues-para-felipe-anderson-as-ultimas-noticias-do-palmeiras\/","title":{"rendered":"Conmebol toma atitude contra Leila Pereira, lateral de sa\u00edda e recado de Vitor S\u00e9rgio Rodrigues para Felipe Anderson: as \u00faltimas not\u00edcias do Palmeiras"},"content":{"rendered":"\n<p>Nas \u00faltimas horas, o foco das not\u00edcias sobre o Palmeiras se concentram nos bastidores do clube, com destaques do dia a dia do time.<\/p>\n\n\n\n<p>Por conta deste contexto, leia abaixo um resumo preparado pela equipe do portal G\u00e1vea News para lhe manter muito bem informado!<\/p>\n\n\n\n<div class=\"wp-block-group\"><div class=\"wp-block-group__inner-container is-layout-constrained wp-block-group-is-layout-constrained\">\n<h2 class=\"wp-block-heading\" id=\"h-recado-de-vitor-sergio-rodrigues-para-felipe-anderson\">Recado de Vitor S\u00e9rgio Rodrigues para Felipe Anderson<\/h2>\n\n\n\n<p>O desempenho de Felipe Anderson no Palmeiras tem gerado cr\u00edticas entre torcedores e comentaristas, incluindo Vitor S\u00e9rgio Rodrigues, que destacou a falta de impacto do meia nas partidas. O jogador, contratado como uma das principais apostas do clube, ainda n\u00e3o conseguiu justificar as expectativas, acumulando atua\u00e7\u00f5es apagadas e erros frequentes quando acionado por Abel Ferreira <strong><a href=\"https:\/\/www.gaveanews.com\/index.php\/2025\/03\/20\/video-a-declaracao-de-vitor-sergio-rodrigues-para-felipe-anderson-do-palmeiras\/\">(leia a mat\u00e9ria completa).<\/a><\/strong><\/p>\n\n\n\n<figure class=\"wp-block-image size-full\"><img loading=\"lazy\" decoding=\"async\" width=\"828\" height=\"608\" src=\"http:\/\/www.gaveanews.com\/wp-content\/uploads\/Felipe-Anderson-durante-treino-do-Palmeiras.webp\" alt=\"Felipe Anderson durante treino do Palmeiras (Foto: Reprodu\u00e7\u00e3o\/Palmeiras)\" class=\"wp-image-150549\" srcset=\"https:\/\/www.gaveanews.com\/wp-content\/uploads\/Felipe-Anderson-durante-treino-do-Palmeiras.webp 828w, https:\/\/www.gaveanews.com\/wp-content\/uploads\/Felipe-Anderson-durante-treino-do-Palmeiras-300x220.webp 300w, https:\/\/www.gaveanews.com\/wp-content\/uploads\/Felipe-Anderson-durante-treino-do-Palmeiras-768x564.webp 768w, https:\/\/www.gaveanews.com\/wp-content\/uploads\/Felipe-Anderson-durante-treino-do-Palmeiras-572x420.webp 572w, https:\/\/www.gaveanews.com\/wp-content\/uploads\/Felipe-Anderson-durante-treino-do-Palmeiras-80x60.webp 80w, https:\/\/www.gaveanews.com\/wp-content\/uploads\/Felipe-Anderson-durante-treino-do-Palmeiras-640x470.webp 640w, https:\/\/www.gaveanews.com\/wp-content\/uploads\/Felipe-Anderson-durante-treino-do-Palmeiras-681x500.webp 681w, https:\/\/www.gaveanews.com\/wp-content\/uploads\/Felipe-Anderson-durante-treino-do-Palmeiras-100x73.webp 100w\" sizes=\"auto, (max-width: 828px) 100vw, 828px\" \/><figcaption class=\"wp-element-caption\">Felipe Anderson durante treino do Palmeiras (Foto: Reprodu\u00e7\u00e3o\/Palmeiras)<\/figcaption><\/figure>\n\n\n\n<p>Desde sua chegada, Felipe Anderson enfrentou dificuldades para se firmar, agravadas por um longo per\u00edodo de inatividade. <\/p>\n\n\n\n<p>Apesar de algumas oportunidades, seu rendimento segue abaixo do esperado, resultando em crescente frustra\u00e7\u00e3o na torcida. Na final do Campeonato Paulista, contra o Corinthians, ele ter\u00e1 a chance de mudar essa percep\u00e7\u00e3o e demonstrar seu valor.<\/p>\n\n\n\n<p>Abel Ferreira, no entanto, mant\u00e9m a confian\u00e7a no atleta e acredita que, com tempo e mais ritmo de jogo, ele pode recuperar sua melhor forma. O t\u00e9cnico enfatizou que a adapta\u00e7\u00e3o e a retomada da confian\u00e7a s\u00e3o processos naturais, e espera que o meia ainda seja \u00fatil ao Palmeiras ao longo da temporada.<\/p>\n\n\n\n<h2 class=\"wp-block-heading\" id=\"h-lateral-de-saida\">Lateral de sa\u00edda<\/h2>\n\n\n\n<p>O lateral-direito Mayke pode estar vivendo seus \u00faltimos meses como jogador do Palmeiras. Com contrato v\u00e1lido at\u00e9 dezembro de 2025, o atleta ainda n\u00e3o recebeu propostas de renova\u00e7\u00e3o, o que levanta d\u00favidas sobre sua perman\u00eancia. A partir do meio do ano, ele poder\u00e1 assinar um pr\u00e9-contrato com outra equipe, aumentando a possibilidade de uma sa\u00edda ao final da temporada<strong><a href=\"https:\/\/www.gaveanews.com\/index.php\/2025\/03\/20\/sem-espaco-com-abel-ferreira-defensor-vai-deixar-o-palmeiras\/\"> (leia a mat\u00e9ria completa).<\/a><\/strong><\/p>\n\n\n\n<figure class=\"wp-block-image size-large\"><img loading=\"lazy\" decoding=\"async\" width=\"1024\" height=\"700\" src=\"http:\/\/www.gaveanews.com\/wp-content\/uploads\/Mayke-em-acao-pelo-Palmeiras-1024x700.webp\" alt=\"\" class=\"wp-image-171703\" srcset=\"https:\/\/www.gaveanews.com\/wp-content\/uploads\/Mayke-em-acao-pelo-Palmeiras-1024x700.webp 1024w, https:\/\/www.gaveanews.com\/wp-content\/uploads\/Mayke-em-acao-pelo-Palmeiras-300x205.webp 300w, https:\/\/www.gaveanews.com\/wp-content\/uploads\/Mayke-em-acao-pelo-Palmeiras-768x525.webp 768w, https:\/\/www.gaveanews.com\/wp-content\/uploads\/Mayke-em-acao-pelo-Palmeiras-614x420.webp 614w, https:\/\/www.gaveanews.com\/wp-content\/uploads\/Mayke-em-acao-pelo-Palmeiras-1229x840.webp 1229w, https:\/\/www.gaveanews.com\/wp-content\/uploads\/Mayke-em-acao-pelo-Palmeiras-640x437.webp 640w, https:\/\/www.gaveanews.com\/wp-content\/uploads\/Mayke-em-acao-pelo-Palmeiras-1280x875.webp 1280w, https:\/\/www.gaveanews.com\/wp-content\/uploads\/Mayke-em-acao-pelo-Palmeiras-681x465.webp 681w, https:\/\/www.gaveanews.com\/wp-content\/uploads\/Mayke-em-acao-pelo-Palmeiras-1362x931.webp 1362w, https:\/\/www.gaveanews.com\/wp-content\/uploads\/Mayke-em-acao-pelo-Palmeiras-100x68.webp 100w, https:\/\/www.gaveanews.com\/wp-content\/uploads\/Mayke-em-acao-pelo-Palmeiras.webp 1463w\" sizes=\"auto, (max-width: 1024px) 100vw, 1024px\" \/><figcaption class=\"wp-element-caption\">Mayke em a\u00e7\u00e3o pelo Palmeiras (Foto: Cesar Greco\/Palmeiras)<\/figcaption><\/figure>\n\n\n\n<p>Al\u00e9m de Mayke, Marcos Rocha tamb\u00e9m pode deixar o clube, refor\u00e7ando a necessidade de reformula\u00e7\u00e3o na lateral direita. O argentino Giay surge como uma poss\u00edvel op\u00e7\u00e3o para o setor, indicando que a diretoria j\u00e1 avalia substitui\u00e7\u00f5es. O desempenho irregular e as les\u00f5es recentes de Mayke tamb\u00e9m pesam na decis\u00e3o sobre seu futuro.<\/p>\n\n\n\n<p>Com a proximidade da janela de transfer\u00eancias do meio do ano, o desfecho dessa situa\u00e7\u00e3o deve ganhar novos cap\u00edtulos em breve. Caso o Palmeiras n\u00e3o apresente uma proposta de renova\u00e7\u00e3o, a sa\u00edda do jogador ao t\u00e9rmino de seu contrato se tornar\u00e1 cada vez mais prov\u00e1vel.<\/p>\n\n\n\n<h2 class=\"wp-block-heading\" id=\"h-conmebol-toma-atitude-contra-leila-pereira\">Conmebol toma atitude contra Leila Pereira<\/h2>\n\n\n\n<p>A presidente do Palmeiras, Leila Pereira, reacendeu um embate com a Conmebol ap\u00f3s criticar a entidade pela puni\u00e7\u00e3o branda ao Cerro Porte\u00f1o, cujo torcedor proferiu insultos racistas contra o atacante Luighi, na Libertadores Sub-20. Diante da insatisfa\u00e7\u00e3o com as medidas adotadas, Leila sugeriu que os clubes brasileiros poderiam buscar filia\u00e7\u00e3o na Concacaf, o que irritou o presidente da Conmebol, Alejandro Dom\u00ednguez <strong><a href=\"https:\/\/www.gaveanews.com\/index.php\/2025\/03\/20\/conmebol-toma-atitude-contra-leila-pereira-do-palmeiras\/\">(leia a mat\u00e9ria completa).<\/a><\/strong><\/p>\n\n\n\n<figure class=\"wp-block-image size-large\"><img loading=\"lazy\" decoding=\"async\" width=\"1024\" height=\"640\" src=\"http:\/\/www.gaveanews.com\/wp-content\/uploads\/Leila-Pereira-durante-coletiva-do-Palmeiras-1024x640.webp\" alt=\"\" class=\"wp-image-108277\" srcset=\"https:\/\/www.gaveanews.com\/wp-content\/uploads\/Leila-Pereira-durante-coletiva-do-Palmeiras-1024x640.webp 1024w, https:\/\/www.gaveanews.com\/wp-content\/uploads\/Leila-Pereira-durante-coletiva-do-Palmeiras-300x188.webp 300w, https:\/\/www.gaveanews.com\/wp-content\/uploads\/Leila-Pereira-durante-coletiva-do-Palmeiras-768x480.webp 768w, https:\/\/www.gaveanews.com\/wp-content\/uploads\/Leila-Pereira-durante-coletiva-do-Palmeiras-672x420.webp 672w, https:\/\/www.gaveanews.com\/wp-content\/uploads\/Leila-Pereira-durante-coletiva-do-Palmeiras-640x400.webp 640w, https:\/\/www.gaveanews.com\/wp-content\/uploads\/Leila-Pereira-durante-coletiva-do-Palmeiras-681x426.webp 681w, https:\/\/www.gaveanews.com\/wp-content\/uploads\/Leila-Pereira-durante-coletiva-do-Palmeiras-100x63.webp 100w, https:\/\/www.gaveanews.com\/wp-content\/uploads\/Leila-Pereira-durante-coletiva-do-Palmeiras.webp 1200w\" sizes=\"auto, (max-width: 1024px) 100vw, 1024px\" \/><figcaption class=\"wp-element-caption\">Leila Pereira durante coletiva do Palmeiras (Foto: Reprodu\u00e7\u00e3o)<\/figcaption><\/figure>\n\n\n\n<p>A declara\u00e7\u00e3o da dirigente fez com que Dom\u00ednguez entrasse em contato com l\u00edderes do futebol brasileiro, como Ednaldo Rodrigues, da CBF, e Luiz Eduardo Baptista, do Flamengo, na tentativa de apaziguar a situa\u00e7\u00e3o. O atrito entre os clubes do Brasil e a Conmebol se intensificou ainda mais ap\u00f3s Dom\u00ednguez usar a express\u00e3o &#8220;Tarzan sem Cheeta&#8221; ao se referir \u00e0 aus\u00eancia das equipes brasileiras na competi\u00e7\u00e3o, gerando acusa\u00e7\u00f5es de racismo.<\/p>\n\n\n\n<p>O presidente da Conmebol posteriormente pediu desculpas pela fala, mas a tens\u00e3o continua. O epis\u00f3dio evidencia o crescente descontentamento dos times brasileiros com a entidade sul-americana e levanta questionamentos sobre poss\u00edveis mudan\u00e7as no cen\u00e1rio do futebol continental.<\/p>\n<\/div><\/div>\n","protected":false},"excerpt":{"rendered":"<p>Nas \u00faltimas horas, o foco das not\u00edcias sobre o Palmeiras se concentram nos bastidores do clube, com destaques do dia a dia do time. Por conta deste contexto, leia abaixo um resumo preparado pela equipe do portal G\u00e1vea News para lhe manter muito bem informado! Recado de Vitor S\u00e9rgio Rodrigues para Felipe Anderson O desempenho [&hellip;]<\/p>\n","protected":false},"author":33,"featured_media":155182,"comment_status":"open","ping_status":"closed","sticky":false,"template":"","format":"standard","meta":{"footnotes":""},"categories":[150],"tags":[],"class_list":["post-242711","post","type-post","status-publish","format-standard","has-post-thumbnail","hentry","category-palmeiras"],"yoast_head":"<!-- This site is optimized with the Yoast SEO Premium plugin v24.2 (Yoast SEO v26.9) - https:\/\/yoast.com\/product\/yoast-seo-premium-wordpress\/ -->\n<title>Conmebol toma atitude contra Leila Pereira, lateral de sa\u00edda e recado de Vitor S\u00e9rgio Rodrigues para Felipe Anderson: as \u00faltimas not\u00edcias do Palmeiras<\/title>\n<meta name=\"robots\" content=\"index, follow, max-snippet:-1, max-image-preview:large, max-video-preview:-1\" \/>\n<link rel=\"canonical\" href=\"https:\/\/www.gaveanews.com\/index.php\/2025\/03\/21\/conmebol-toma-atitude-contra-leila-pereira-lateral-de-saida-e-recado-de-vitor-sergio-rodrigues-para-felipe-anderson-as-ultimas-noticias-do-palmeiras\/\" \/>\n<meta property=\"og:locale\" content=\"pt_BR\" \/>\n<meta property=\"og:type\" content=\"article\" \/>\n<meta property=\"og:title\" content=\"Conmebol toma atitude contra Leila Pereira, lateral de sa\u00edda e recado de Vitor S\u00e9rgio Rodrigues para Felipe Anderson: as \u00faltimas not\u00edcias do Palmeiras\" \/>\n<meta property=\"og:description\" content=\"Nas \u00faltimas horas, o foco das not\u00edcias sobre o Palmeiras se concentram nos bastidores do clube, com destaques do dia a dia do time. Por conta deste contexto, leia abaixo um resumo preparado pela equipe do portal G\u00e1vea News para lhe manter muito bem informado! Recado de Vitor S\u00e9rgio Rodrigues para Felipe Anderson O desempenho [&hellip;]\" \/>\n<meta property=\"og:url\" content=\"https:\/\/www.gaveanews.com\/index.php\/2025\/03\/21\/conmebol-toma-atitude-contra-leila-pereira-lateral-de-saida-e-recado-de-vitor-sergio-rodrigues-para-felipe-anderson-as-ultimas-noticias-do-palmeiras\/\" \/>\n<meta property=\"og:site_name\" content=\"G\u00e1vea News\" \/>\n<meta property=\"article:publisher\" content=\"https:\/\/facebook.com\/gaveaNews\/\" \/>\n<meta property=\"article:published_time\" content=\"2025-03-21T10:35:00+00:00\" \/>\n<meta property=\"og:image\" content=\"https:\/\/www.gaveanews.com\/wp-content\/uploads\/Allianz-Parque-estadio-do-Palmeiras.webp\" \/>\n\t<meta property=\"og:image:width\" content=\"1023\" \/>\n\t<meta property=\"og:image:height\" content=\"767\" \/>\n\t<meta property=\"og:image:type\" content=\"image\/webp\" \/>\n<meta name=\"author\" content=\"Brenda Cezillo\" \/>\n<meta name=\"twitter:card\" content=\"summary_large_image\" \/>\n<meta name=\"twitter:label1\" content=\"Escrito por\" \/>\n\t<meta name=\"twitter:data1\" content=\"Brenda Cezillo\" \/>\n\t<meta name=\"twitter:label2\" content=\"Est. tempo de leitura\" \/>\n\t<meta name=\"twitter:data2\" content=\"5 minutos\" \/>\n<script type=\"application\/ld+json\" class=\"yoast-schema-graph\">{\"@context\":\"https:\/\/schema.org\",\"@graph\":[{\"@type\":\"NewsArticle\",\"@id\":\"https:\/\/www.gaveanews.com\/index.php\/2025\/03\/21\/conmebol-toma-atitude-contra-leila-pereira-lateral-de-saida-e-recado-de-vitor-sergio-rodrigues-para-felipe-anderson-as-ultimas-noticias-do-palmeiras\/#article\",\"isPartOf\":{\"@id\":\"https:\/\/www.gaveanews.com\/index.php\/2025\/03\/21\/conmebol-toma-atitude-contra-leila-pereira-lateral-de-saida-e-recado-de-vitor-sergio-rodrigues-para-felipe-anderson-as-ultimas-noticias-do-palmeiras\/\"},\"author\":{\"name\":\"Brenda Cezillo\",\"@id\":\"https:\/\/www.gaveanews.com\/#\/schema\/person\/c79759ca337c40791ae8d08e2923d403\"},\"headline\":\"Conmebol toma atitude contra Leila Pereira, lateral de sa\u00edda e recado de Vitor S\u00e9rgio Rodrigues para Felipe Anderson: as \u00faltimas not\u00edcias do Palmeiras\",\"datePublished\":\"2025-03-21T10:35:00+00:00\",\"mainEntityOfPage\":{\"@id\":\"https:\/\/www.gaveanews.com\/index.php\/2025\/03\/21\/conmebol-toma-atitude-contra-leila-pereira-lateral-de-saida-e-recado-de-vitor-sergio-rodrigues-para-felipe-anderson-as-ultimas-noticias-do-palmeiras\/\"},\"wordCount\":677,\"commentCount\":0,\"image\":{\"@id\":\"https:\/\/www.gaveanews.com\/index.php\/2025\/03\/21\/conmebol-toma-atitude-contra-leila-pereira-lateral-de-saida-e-recado-de-vitor-sergio-rodrigues-para-felipe-anderson-as-ultimas-noticias-do-palmeiras\/#primaryimage\"},\"thumbnailUrl\":\"https:\/\/www.gaveanews.com\/wp-content\/uploads\/Allianz-Parque-estadio-do-Palmeiras.webp\",\"articleSection\":[\"Palmeiras\"],\"inLanguage\":\"pt-BR\",\"potentialAction\":[{\"@type\":\"CommentAction\",\"name\":\"Comment\",\"target\":[\"https:\/\/www.gaveanews.com\/index.php\/2025\/03\/21\/conmebol-toma-atitude-contra-leila-pereira-lateral-de-saida-e-recado-de-vitor-sergio-rodrigues-para-felipe-anderson-as-ultimas-noticias-do-palmeiras\/#respond\"]}],\"copyrightYear\":\"2025\",\"copyrightHolder\":{\"@id\":\"https:\/\/www.gaveanews.com\/#organization\"}},{\"@type\":\"WebPage\",\"@id\":\"https:\/\/www.gaveanews.com\/index.php\/2025\/03\/21\/conmebol-toma-atitude-contra-leila-pereira-lateral-de-saida-e-recado-de-vitor-sergio-rodrigues-para-felipe-anderson-as-ultimas-noticias-do-palmeiras\/\",\"url\":\"https:\/\/www.gaveanews.com\/index.php\/2025\/03\/21\/conmebol-toma-atitude-contra-leila-pereira-lateral-de-saida-e-recado-de-vitor-sergio-rodrigues-para-felipe-anderson-as-ultimas-noticias-do-palmeiras\/\",\"name\":\"Conmebol toma atitude contra Leila Pereira, lateral de sa\u00edda e recado de Vitor S\u00e9rgio Rodrigues para Felipe Anderson: as \u00faltimas not\u00edcias do Palmeiras\",\"isPartOf\":{\"@id\":\"https:\/\/www.gaveanews.com\/#website\"},\"primaryImageOfPage\":{\"@id\":\"https:\/\/www.gaveanews.com\/index.php\/2025\/03\/21\/conmebol-toma-atitude-contra-leila-pereira-lateral-de-saida-e-recado-de-vitor-sergio-rodrigues-para-felipe-anderson-as-ultimas-noticias-do-palmeiras\/#primaryimage\"},\"image\":{\"@id\":\"https:\/\/www.gaveanews.com\/index.php\/2025\/03\/21\/conmebol-toma-atitude-contra-leila-pereira-lateral-de-saida-e-recado-de-vitor-sergio-rodrigues-para-felipe-anderson-as-ultimas-noticias-do-palmeiras\/#primaryimage\"},\"thumbnailUrl\":\"https:\/\/www.gaveanews.com\/wp-content\/uploads\/Allianz-Parque-estadio-do-Palmeiras.webp\",\"datePublished\":\"2025-03-21T10:35:00+00:00\",\"author\":{\"@id\":\"https:\/\/www.gaveanews.com\/#\/schema\/person\/c79759ca337c40791ae8d08e2923d403\"},\"breadcrumb\":{\"@id\":\"https:\/\/www.gaveanews.com\/index.php\/2025\/03\/21\/conmebol-toma-atitude-contra-leila-pereira-lateral-de-saida-e-recado-de-vitor-sergio-rodrigues-para-felipe-anderson-as-ultimas-noticias-do-palmeiras\/#breadcrumb\"},\"inLanguage\":\"pt-BR\",\"potentialAction\":[{\"@type\":\"ReadAction\",\"target\":[\"https:\/\/www.gaveanews.com\/index.php\/2025\/03\/21\/conmebol-toma-atitude-contra-leila-pereira-lateral-de-saida-e-recado-de-vitor-sergio-rodrigues-para-felipe-anderson-as-ultimas-noticias-do-palmeiras\/\"]}]},{\"@type\":\"ImageObject\",\"inLanguage\":\"pt-BR\",\"@id\":\"https:\/\/www.gaveanews.com\/index.php\/2025\/03\/21\/conmebol-toma-atitude-contra-leila-pereira-lateral-de-saida-e-recado-de-vitor-sergio-rodrigues-para-felipe-anderson-as-ultimas-noticias-do-palmeiras\/#primaryimage\",\"url\":\"https:\/\/www.gaveanews.com\/wp-content\/uploads\/Allianz-Parque-estadio-do-Palmeiras.webp\",\"contentUrl\":\"https:\/\/www.gaveanews.com\/wp-content\/uploads\/Allianz-Parque-estadio-do-Palmeiras.webp\",\"width\":1023,\"height\":767,\"caption\":\"Allianz Parque, est\u00e1dio do Palmeiras (Foto: Reprodu\u00e7\u00e3o\/Palmeiras)\"},{\"@type\":\"BreadcrumbList\",\"@id\":\"https:\/\/www.gaveanews.com\/index.php\/2025\/03\/21\/conmebol-toma-atitude-contra-leila-pereira-lateral-de-saida-e-recado-de-vitor-sergio-rodrigues-para-felipe-anderson-as-ultimas-noticias-do-palmeiras\/#breadcrumb\",\"itemListElement\":[{\"@type\":\"ListItem\",\"position\":1,\"name\":\"Home\",\"item\":\"https:\/\/www.gaveanews.com\/\"},{\"@type\":\"ListItem\",\"position\":2,\"name\":\"Conmebol toma atitude contra Leila Pereira, lateral de sa\u00edda e recado de Vitor S\u00e9rgio Rodrigues para Felipe Anderson: as \u00faltimas not\u00edcias do Palmeiras\"}]},{\"@type\":\"WebSite\",\"@id\":\"https:\/\/www.gaveanews.com\/#website\",\"url\":\"https:\/\/www.gaveanews.com\/\",\"name\":\"G\u00e1vea News\",\"description\":\"Veja todas as not\u00edcias sobre o Flamengo: Contrata\u00e7\u00f5es, categorias de base, resultados das partidas, tabela de classifica\u00e7\u00e3o, pr\u00f3ximos jogos!\",\"potentialAction\":[{\"@type\":\"SearchAction\",\"target\":{\"@type\":\"EntryPoint\",\"urlTemplate\":\"https:\/\/www.gaveanews.com\/?s={search_term_string}\"},\"query-input\":{\"@type\":\"PropertyValueSpecification\",\"valueRequired\":true,\"valueName\":\"search_term_string\"}}],\"inLanguage\":\"pt-BR\"},{\"@type\":\"Person\",\"@id\":\"https:\/\/www.gaveanews.com\/#\/schema\/person\/c79759ca337c40791ae8d08e2923d403\",\"name\":\"Brenda Cezillo\",\"image\":{\"@type\":\"ImageObject\",\"inLanguage\":\"pt-BR\",\"@id\":\"https:\/\/www.gaveanews.com\/#\/schema\/person\/image\/\",\"url\":\"https:\/\/secure.gravatar.com\/avatar\/1738d75cee7317f9c29ae61dd67620c5883d80a92e42a6fff88ae5d527af217a?s=96&d=mm&r=g\",\"contentUrl\":\"https:\/\/secure.gravatar.com\/avatar\/1738d75cee7317f9c29ae61dd67620c5883d80a92e42a6fff88ae5d527af217a?s=96&d=mm&r=g\",\"caption\":\"Brenda Cezillo\"}}]}<\/script>\n<!-- \/ Yoast SEO Premium plugin. -->","yoast_head_json":{"title":"Conmebol toma atitude contra Leila Pereira, lateral de sa\u00edda e recado de Vitor S\u00e9rgio Rodrigues para Felipe Anderson: as \u00faltimas not\u00edcias do Palmeiras","robots":{"index":"index","follow":"follow","max-snippet":"max-snippet:-1","max-image-preview":"max-image-preview:large","max-video-preview":"max-video-preview:-1"},"canonical":"https:\/\/www.gaveanews.com\/index.php\/2025\/03\/21\/conmebol-toma-atitude-contra-leila-pereira-lateral-de-saida-e-recado-de-vitor-sergio-rodrigues-para-felipe-anderson-as-ultimas-noticias-do-palmeiras\/","og_locale":"pt_BR","og_type":"article","og_title":"Conmebol toma atitude contra Leila Pereira, lateral de sa\u00edda e recado de Vitor S\u00e9rgio Rodrigues para Felipe Anderson: as \u00faltimas not\u00edcias do Palmeiras","og_description":"Nas \u00faltimas horas, o foco das not\u00edcias sobre o Palmeiras se concentram nos bastidores do clube, com destaques do dia a dia do time. Por conta deste contexto, leia abaixo um resumo preparado pela equipe do portal G\u00e1vea News para lhe manter muito bem informado! Recado de Vitor S\u00e9rgio Rodrigues para Felipe Anderson O desempenho [&hellip;]","og_url":"https:\/\/www.gaveanews.com\/index.php\/2025\/03\/21\/conmebol-toma-atitude-contra-leila-pereira-lateral-de-saida-e-recado-de-vitor-sergio-rodrigues-para-felipe-anderson-as-ultimas-noticias-do-palmeiras\/","og_site_name":"G\u00e1vea News","article_publisher":"https:\/\/facebook.com\/gaveaNews\/","article_published_time":"2025-03-21T10:35:00+00:00","og_image":[{"width":1023,"height":767,"url":"https:\/\/www.gaveanews.com\/wp-content\/uploads\/Allianz-Parque-estadio-do-Palmeiras.webp","type":"image\/webp"}],"author":"Brenda Cezillo","twitter_card":"summary_large_image","twitter_misc":{"Escrito por":"Brenda Cezillo","Est. tempo de leitura":"5 minutos"},"schema":{"@context":"https:\/\/schema.org","@graph":[{"@type":"NewsArticle","@id":"https:\/\/www.gaveanews.com\/index.php\/2025\/03\/21\/conmebol-toma-atitude-contra-leila-pereira-lateral-de-saida-e-recado-de-vitor-sergio-rodrigues-para-felipe-anderson-as-ultimas-noticias-do-palmeiras\/#article","isPartOf":{"@id":"https:\/\/www.gaveanews.com\/index.php\/2025\/03\/21\/conmebol-toma-atitude-contra-leila-pereira-lateral-de-saida-e-recado-de-vitor-sergio-rodrigues-para-felipe-anderson-as-ultimas-noticias-do-palmeiras\/"},"author":{"name":"Brenda Cezillo","@id":"https:\/\/www.gaveanews.com\/#\/schema\/person\/c79759ca337c40791ae8d08e2923d403"},"headline":"Conmebol toma atitude contra Leila Pereira, lateral de sa\u00edda e recado de Vitor S\u00e9rgio Rodrigues para Felipe Anderson: as \u00faltimas not\u00edcias do Palmeiras","datePublished":"2025-03-21T10:35:00+00:00","mainEntityOfPage":{"@id":"https:\/\/www.gaveanews.com\/index.php\/2025\/03\/21\/conmebol-toma-atitude-contra-leila-pereira-lateral-de-saida-e-recado-de-vitor-sergio-rodrigues-para-felipe-anderson-as-ultimas-noticias-do-palmeiras\/"},"wordCount":677,"commentCount":0,"image":{"@id":"https:\/\/www.gaveanews.com\/index.php\/2025\/03\/21\/conmebol-toma-atitude-contra-leila-pereira-lateral-de-saida-e-recado-de-vitor-sergio-rodrigues-para-felipe-anderson-as-ultimas-noticias-do-palmeiras\/#primaryimage"},"thumbnailUrl":"https:\/\/www.gaveanews.com\/wp-content\/uploads\/Allianz-Parque-estadio-do-Palmeiras.webp","articleSection":["Palmeiras"],"inLanguage":"pt-BR","potentialAction":[{"@type":"CommentAction","name":"Comment","target":["https:\/\/www.gaveanews.com\/index.php\/2025\/03\/21\/conmebol-toma-atitude-contra-leila-pereira-lateral-de-saida-e-recado-de-vitor-sergio-rodrigues-para-felipe-anderson-as-ultimas-noticias-do-palmeiras\/#respond"]}],"copyrightYear":"2025","copyrightHolder":{"@id":"https:\/\/www.gaveanews.com\/#organization"}},{"@type":"WebPage","@id":"https:\/\/www.gaveanews.com\/index.php\/2025\/03\/21\/conmebol-toma-atitude-contra-leila-pereira-lateral-de-saida-e-recado-de-vitor-sergio-rodrigues-para-felipe-anderson-as-ultimas-noticias-do-palmeiras\/","url":"https:\/\/www.gaveanews.com\/index.php\/2025\/03\/21\/conmebol-toma-atitude-contra-leila-pereira-lateral-de-saida-e-recado-de-vitor-sergio-rodrigues-para-felipe-anderson-as-ultimas-noticias-do-palmeiras\/","name":"Conmebol toma atitude contra Leila Pereira, lateral de sa\u00edda e recado de Vitor S\u00e9rgio Rodrigues para Felipe Anderson: as \u00faltimas not\u00edcias do Palmeiras","isPartOf":{"@id":"https:\/\/www.gaveanews.com\/#website"},"primaryImageOfPage":{"@id":"https:\/\/www.gaveanews.com\/index.php\/2025\/03\/21\/conmebol-toma-atitude-contra-leila-pereira-lateral-de-saida-e-recado-de-vitor-sergio-rodrigues-para-felipe-anderson-as-ultimas-noticias-do-palmeiras\/#primaryimage"},"image":{"@id":"https:\/\/www.gaveanews.com\/index.php\/2025\/03\/21\/conmebol-toma-atitude-contra-leila-pereira-lateral-de-saida-e-recado-de-vitor-sergio-rodrigues-para-felipe-anderson-as-ultimas-noticias-do-palmeiras\/#primaryimage"},"thumbnailUrl":"https:\/\/www.gaveanews.com\/wp-content\/uploads\/Allianz-Parque-estadio-do-Palmeiras.webp","datePublished":"2025-03-21T10:35:00+00:00","author":{"@id":"https:\/\/www.gaveanews.com\/#\/schema\/person\/c79759ca337c40791ae8d08e2923d403"},"breadcrumb":{"@id":"https:\/\/www.gaveanews.com\/index.php\/2025\/03\/21\/conmebol-toma-atitude-contra-leila-pereira-lateral-de-saida-e-recado-de-vitor-sergio-rodrigues-para-felipe-anderson-as-ultimas-noticias-do-palmeiras\/#breadcrumb"},"inLanguage":"pt-BR","potentialAction":[{"@type":"ReadAction","target":["https:\/\/www.gaveanews.com\/index.php\/2025\/03\/21\/conmebol-toma-atitude-contra-leila-pereira-lateral-de-saida-e-recado-de-vitor-sergio-rodrigues-para-felipe-anderson-as-ultimas-noticias-do-palmeiras\/"]}]},{"@type":"ImageObject","inLanguage":"pt-BR","@id":"https:\/\/www.gaveanews.com\/index.php\/2025\/03\/21\/conmebol-toma-atitude-contra-leila-pereira-lateral-de-saida-e-recado-de-vitor-sergio-rodrigues-para-felipe-anderson-as-ultimas-noticias-do-palmeiras\/#primaryimage","url":"https:\/\/www.gaveanews.com\/wp-content\/uploads\/Allianz-Parque-estadio-do-Palmeiras.webp","contentUrl":"https:\/\/www.gaveanews.com\/wp-content\/uploads\/Allianz-Parque-estadio-do-Palmeiras.webp","width":1023,"height":767,"caption":"Allianz Parque, est\u00e1dio do Palmeiras (Foto: Reprodu\u00e7\u00e3o\/Palmeiras)"},{"@type":"BreadcrumbList","@id":"https:\/\/www.gaveanews.com\/index.php\/2025\/03\/21\/conmebol-toma-atitude-contra-leila-pereira-lateral-de-saida-e-recado-de-vitor-sergio-rodrigues-para-felipe-anderson-as-ultimas-noticias-do-palmeiras\/#breadcrumb","itemListElement":[{"@type":"ListItem","position":1,"name":"Home","item":"https:\/\/www.gaveanews.com\/"},{"@type":"ListItem","position":2,"name":"Conmebol toma atitude contra Leila Pereira, lateral de sa\u00edda e recado de Vitor S\u00e9rgio Rodrigues para Felipe Anderson: as \u00faltimas not\u00edcias do Palmeiras"}]},{"@type":"WebSite","@id":"https:\/\/www.gaveanews.com\/#website","url":"https:\/\/www.gaveanews.com\/","name":"G\u00e1vea News","description":"Veja todas as not\u00edcias sobre o Flamengo: Contrata\u00e7\u00f5es, categorias de base, resultados das partidas, tabela de classifica\u00e7\u00e3o, pr\u00f3ximos jogos!","potentialAction":[{"@type":"SearchAction","target":{"@type":"EntryPoint","urlTemplate":"https:\/\/www.gaveanews.com\/?s={search_term_string}"},"query-input":{"@type":"PropertyValueSpecification","valueRequired":true,"valueName":"search_term_string"}}],"inLanguage":"pt-BR"},{"@type":"Person","@id":"https:\/\/www.gaveanews.com\/#\/schema\/person\/c79759ca337c40791ae8d08e2923d403","name":"Brenda Cezillo","image":{"@type":"ImageObject","inLanguage":"pt-BR","@id":"https:\/\/www.gaveanews.com\/#\/schema\/person\/image\/","url":"https:\/\/secure.gravatar.com\/avatar\/1738d75cee7317f9c29ae61dd67620c5883d80a92e42a6fff88ae5d527af217a?s=96&d=mm&r=g","contentUrl":"https:\/\/secure.gravatar.com\/avatar\/1738d75cee7317f9c29ae61dd67620c5883d80a92e42a6fff88ae5d527af217a?s=96&d=mm&r=g","caption":"Brenda Cezillo"}}]}},"_links":{"self":[{"href":"https:\/\/www.gaveanews.com\/index.php\/wp-json\/wp\/v2\/posts\/242711","targetHints":{"allow":["GET"]}}],"collection":[{"href":"https:\/\/www.gaveanews.com\/index.php\/wp-json\/wp\/v2\/posts"}],"about":[{"href":"https:\/\/www.gaveanews.com\/index.php\/wp-json\/wp\/v2\/types\/post"}],"author":[{"embeddable":true,"href":"https:\/\/www.gaveanews.com\/index.php\/wp-json\/wp\/v2\/users\/33"}],"replies":[{"embeddable":true,"href":"https:\/\/www.gaveanews.com\/index.php\/wp-json\/wp\/v2\/comments?post=242711"}],"version-history":[{"count":1,"href":"https:\/\/www.gaveanews.com\/index.php\/wp-json\/wp\/v2\/posts\/242711\/revisions"}],"predecessor-version":[{"id":242715,"href":"https:\/\/www.gaveanews.com\/index.php\/wp-json\/wp\/v2\/posts\/242711\/revisions\/242715"}],"wp:featuredmedia":[{"embeddable":true,"href":"https:\/\/www.gaveanews.com\/index.php\/wp-json\/wp\/v2\/media\/155182"}],"wp:attachment":[{"href":"https:\/\/www.gaveanews.com\/index.php\/wp-json\/wp\/v2\/media?parent=242711"}],"wp:term":[{"taxonomy":"category","embeddable":true,"href":"https:\/\/www.gaveanews.com\/index.php\/wp-json\/wp\/v2\/categories?post=242711"},{"taxonomy":"post_tag","embeddable":true,"href":"https:\/\/www.gaveanews.com\/index.php\/wp-json\/wp\/v2\/tags?post=242711"}],"curies":[{"name":"wp","href":"https:\/\/api.w.org\/{rel}","templated":true}]}}