{"id":242716,"date":"2025-03-21T07:40:00","date_gmt":"2025-03-21T10:40:00","guid":{"rendered":"https:\/\/www.gaveanews.com\/?p=242716"},"modified":"2025-03-21T03:19:36","modified_gmt":"2025-03-21T06:19:36","slug":"saida-para-o-vasco-ex-atacante-assina-com-a-globo-e-recado-de-neto-para-soteldo-as-ultimas-noticias-do-santos","status":"publish","type":"post","link":"https:\/\/www.gaveanews.com\/index.php\/2025\/03\/21\/saida-para-o-vasco-ex-atacante-assina-com-a-globo-e-recado-de-neto-para-soteldo-as-ultimas-noticias-do-santos\/","title":{"rendered":"Sa\u00edda para o Vasco, ex-atacante assina com a Globo e recado de Neto para Soteldo: as \u00faltimas not\u00edcias do Santos"},"content":{"rendered":"\n<p>Nas \u00faltimas horas, o foco das not\u00edcias sobre o Santos se concentram nos bastidores do clube, com destaques do dia a dia do time.<\/p>\n\n\n\n<p>Por conta deste contexto, leia abaixo um resumo preparado pela equipe do portal G\u00e1vea News para lhe manter muito bem informado!<\/p>\n\n\n\n<div class=\"wp-block-group\"><div class=\"wp-block-group__inner-container is-layout-constrained wp-block-group-is-layout-constrained\">\n<h2 class=\"wp-block-heading\" id=\"h-recado-de-neto-para-soteldo\">Recado de Neto para Soteldo<\/h2>\n\n\n\n<p>O comentarista esportivo Craque Neto fez duras cr\u00edticas ao venezuelano Soteldo, do Santos, questionando seu desempenho na temporada de 2025. Durante o programa <em>Os Donos da Bola<\/em>, Neto apontou que o jogador ainda n\u00e3o marcou gols no ano e sugeriu que a imprensa o trata com menos rigor do que outros atacantes que tamb\u00e9m enfrentam momentos dif\u00edceis<strong><a href=\"https:\/\/www.gaveanews.com\/index.php\/2025\/03\/19\/video-craque-neto-manda-forte-recado-para-soteldo-do-santos\/\"> (leia a mat\u00e9ria completa).<\/a><\/strong><\/p>\n\n\n\n<figure class=\"wp-block-image size-full\"><img loading=\"lazy\" decoding=\"async\" width=\"846\" height=\"476\" src=\"http:\/\/www.gaveanews.com\/wp-content\/uploads\/Comentarista-Neto-em-programa-da-Band.webp\" alt=\"\" class=\"wp-image-71983\" srcset=\"https:\/\/www.gaveanews.com\/wp-content\/uploads\/Comentarista-Neto-em-programa-da-Band.webp 846w, https:\/\/www.gaveanews.com\/wp-content\/uploads\/Comentarista-Neto-em-programa-da-Band-300x169.webp 300w, https:\/\/www.gaveanews.com\/wp-content\/uploads\/Comentarista-Neto-em-programa-da-Band-768x432.webp 768w, https:\/\/www.gaveanews.com\/wp-content\/uploads\/Comentarista-Neto-em-programa-da-Band-746x420.webp 746w, https:\/\/www.gaveanews.com\/wp-content\/uploads\/Comentarista-Neto-em-programa-da-Band-640x360.webp 640w, https:\/\/www.gaveanews.com\/wp-content\/uploads\/Comentarista-Neto-em-programa-da-Band-681x383.webp 681w, https:\/\/www.gaveanews.com\/wp-content\/uploads\/Comentarista-Neto-em-programa-da-Band-100x56.webp 100w\" sizes=\"auto, (max-width: 846px) 100vw, 846px\" \/><figcaption class=\"wp-element-caption\">Comentarista Neto em programa da Band (Foto: Reprodu\u00e7\u00e3o\/Band)<\/figcaption><\/figure>\n\n\n\n<p>Neto ressaltou que Soteldo, apesar de sua habilidade no drible, n\u00e3o tem contribu\u00eddo com n\u00fameros expressivos e que outros jogadores, como Lucas Moura e Calleri, j\u00e1 marcaram mais vezes na temporada. O ex-jogador tamb\u00e9m criticou supostos privil\u00e9gios dados ao atleta dentro do clube, mencionando at\u00e9 a exist\u00eancia de um espa\u00e7o exclusivo para ele na Vila Belmiro.<\/p>\n\n\n\n<p>Com a elimina\u00e7\u00e3o no Campeonato Paulista, o Santos foca agora no Brasileir\u00e3o e busca ajustar seu elenco para a sequ\u00eancia da temporada. Al\u00e9m das cr\u00edticas a Soteldo, o clube enfrenta incertezas sobre a perman\u00eancia de alguns jogadores e movimenta\u00e7\u00f5es no mercado de transfer\u00eancias.<\/p>\n\n\n\n<h2 class=\"wp-block-heading\" id=\"h-ex-atacante-assina-com-a-globo\">Ex-atacante assina com a Globo<\/h2>\n\n\n\n<p>O ex-atacante Andr\u00e9 Balada, que teve uma passagem marcante pelo Atl\u00e9tico-MG e conquistou t\u00edtulos importantes como a Copa do Brasil e a Recopa Sul-Americana, dar\u00e1 in\u00edcio a uma nova fase em sua carreira. Aposentado desde 2024, ele ser\u00e1 o apresentador de um novo programa no Sportv, canal esportivo da Globo, voltado para o p\u00fablico jovem. Empolgado com o desafio, Balada afirmou estar animado para levar uma abordagem descontra\u00edda e informativa ao p\u00fablico <strong><a href=\"https:\/\/www.gaveanews.com\/index.php\/2025\/03\/19\/ele-foi-campeao-pelo-atletico-mg-e-agora-vai-trabalhar-na-rede-globo\/\">(leia a mat\u00e9ria completa).<\/a><\/strong><\/p>\n\n\n\n<figure class=\"wp-block-image size-large\"><img loading=\"lazy\" decoding=\"async\" width=\"1024\" height=\"536\" src=\"http:\/\/www.gaveanews.com\/wp-content\/uploads\/Logomarca-da-Rede-Globo-1024x536.webp\" alt=\"\" class=\"wp-image-96273\" srcset=\"https:\/\/www.gaveanews.com\/wp-content\/uploads\/Logomarca-da-Rede-Globo-1024x536.webp 1024w, https:\/\/www.gaveanews.com\/wp-content\/uploads\/Logomarca-da-Rede-Globo-300x157.webp 300w, https:\/\/www.gaveanews.com\/wp-content\/uploads\/Logomarca-da-Rede-Globo-768x402.webp 768w, https:\/\/www.gaveanews.com\/wp-content\/uploads\/Logomarca-da-Rede-Globo-802x420.webp 802w, https:\/\/www.gaveanews.com\/wp-content\/uploads\/Logomarca-da-Rede-Globo-640x335.webp 640w, https:\/\/www.gaveanews.com\/wp-content\/uploads\/Logomarca-da-Rede-Globo-681x356.webp 681w, https:\/\/www.gaveanews.com\/wp-content\/uploads\/Logomarca-da-Rede-Globo-100x52.webp 100w, https:\/\/www.gaveanews.com\/wp-content\/uploads\/Logomarca-da-Rede-Globo.webp 1280w\" sizes=\"auto, (max-width: 1024px) 100vw, 1024px\" \/><figcaption class=\"wp-element-caption\">Logomarca da Rede Globo (Foto: Reprodu\u00e7\u00e3o)<\/figcaption><\/figure>\n\n\n\n<p>Com passagens por clubes como Santos, Vasco, Gr\u00eamio e Corinthians, o ex-jogador traz uma vasta experi\u00eancia dentro do futebol, o que ser\u00e1 um diferencial na sua nova fun\u00e7\u00e3o. <\/p>\n\n\n\n<p>Al\u00e9m disso, ele destacou a import\u00e2ncia de estar ao lado de ex-colegas que tamb\u00e9m se tornaram comentaristas, refor\u00e7ando seu desejo de oferecer an\u00e1lises din\u00e2micas e atrativas.<\/p>\n\n\n\n<p>A chegada de Andr\u00e9 Balada ao Sportv representa mais um movimento da emissora para diversificar sua programa\u00e7\u00e3o esportiva e atrair diferentes p\u00fablicos. O ex-jogador se junta a uma s\u00e9rie de ex-atletas que encontraram na TV um novo caminho ap\u00f3s a aposentadoria dos gramados, trazendo sua vis\u00e3o de dentro do esporte para os telespectadores.<\/p>\n\n\n\n<h2 class=\"wp-block-heading\" id=\"h-saida-para-o-vasco\">Sa\u00edda para o Vasco<\/h2>\n\n\n\n<p>O Vasco da Gama est\u00e1 de olho no meio-campista Diego Pituca, do Santos, para refor\u00e7ar seu elenco. O clube carioca busca uma reposi\u00e7\u00e3o para Maxime Dom\u00ednguez, que pode se transferir para a Major League Soccer. Pituca, que foi pe\u00e7a-chave no retorno do Santos \u00e0 S\u00e9rie A e na conquista da S\u00e9rie B, perdeu espa\u00e7o sob o comando de Pedro Caixinha, o que abriu margem para negocia\u00e7\u00f5es. O Peixe estipulou um valor inicial de R$ 10 milh\u00f5es para iniciar as conversas.<strong><a href=\"https:\/\/www.gaveanews.com\/index.php\/2025\/03\/20\/ele-vai-deixar-o-santos-para-jogar-no-vasco\/\">(leia a mat\u00e9ria completa).<\/a><\/strong><\/p>\n\n\n\n<figure class=\"wp-block-image size-full\"><img loading=\"lazy\" decoding=\"async\" width=\"360\" height=\"480\" src=\"http:\/\/www.gaveanews.com\/wp-content\/uploads\/Diego-Pituca-pelo-Santos.webp\" alt=\"\" class=\"wp-image-167622\" srcset=\"https:\/\/www.gaveanews.com\/wp-content\/uploads\/Diego-Pituca-pelo-Santos.webp 360w, https:\/\/www.gaveanews.com\/wp-content\/uploads\/Diego-Pituca-pelo-Santos-225x300.webp 225w, https:\/\/www.gaveanews.com\/wp-content\/uploads\/Diego-Pituca-pelo-Santos-315x420.webp 315w, https:\/\/www.gaveanews.com\/wp-content\/uploads\/Diego-Pituca-pelo-Santos-100x133.webp 100w\" sizes=\"auto, (max-width: 360px) 100vw, 360px\" \/><figcaption class=\"wp-element-caption\">Diego Pituca pelo Santos (Foto: Raul Baretta\/ Santos FC)<\/figcaption><\/figure>\n\n\n\n<p>Al\u00e9m do Vasco, outras equipes demonstraram interesse no jogador, incluindo Bahia, Athletico-PR, Atl\u00e9tico-MG, Internacional e um clube japon\u00eas. Com contrato v\u00e1lido at\u00e9 o fim de 2027, Pituca soma 215 jogos pelo Santos e pode ser um refor\u00e7o de peso para o meio-campo vasca\u00edno. A diretoria cruzmaltina analisa a possibilidade de formalizar uma proposta nos pr\u00f3ximos dias, enquanto o t\u00e9cnico F\u00e1bio Carille acompanha de perto as movimenta\u00e7\u00f5es no mercado (leia a mat\u00e9ria completa).<\/p>\n\n\n\n<p>O Vasco segue ativo no mercado para fortalecer sua equipe, especialmente no setor de cria\u00e7\u00e3o. Caso a negocia\u00e7\u00e3o avance, Diego Pituca pode se tornar mais uma pe\u00e7a fundamental para a temporada do time carioca, que busca maior equil\u00edbrio e competitividade.<\/p>\n<\/div><\/div>\n","protected":false},"excerpt":{"rendered":"<p>Nas \u00faltimas horas, o foco das not\u00edcias sobre o Santos se concentram nos bastidores do clube, com destaques do dia a dia do time. Por conta deste contexto, leia abaixo um resumo preparado pela equipe do portal G\u00e1vea News para lhe manter muito bem informado! Recado de Neto para Soteldo O comentarista esportivo Craque Neto [&hellip;]<\/p>\n","protected":false},"author":33,"featured_media":165619,"comment_status":"open","ping_status":"closed","sticky":false,"template":"","format":"standard","meta":{"footnotes":""},"categories":[139],"tags":[],"class_list":["post-242716","post","type-post","status-publish","format-standard","has-post-thumbnail","hentry","category-santos"],"yoast_head":"<!-- This site is optimized with the Yoast SEO Premium plugin v24.2 (Yoast SEO v26.9) - https:\/\/yoast.com\/product\/yoast-seo-premium-wordpress\/ -->\n<title>Sa\u00edda para o Vasco, ex-atacante assina com a Globo e recado de Neto para Soteldo: as \u00faltimas not\u00edcias do Santos<\/title>\n<meta name=\"robots\" content=\"index, follow, max-snippet:-1, max-image-preview:large, max-video-preview:-1\" \/>\n<link rel=\"canonical\" href=\"https:\/\/www.gaveanews.com\/index.php\/2025\/03\/21\/saida-para-o-vasco-ex-atacante-assina-com-a-globo-e-recado-de-neto-para-soteldo-as-ultimas-noticias-do-santos\/\" \/>\n<meta property=\"og:locale\" content=\"pt_BR\" \/>\n<meta property=\"og:type\" content=\"article\" \/>\n<meta property=\"og:title\" content=\"Sa\u00edda para o Vasco, ex-atacante assina com a Globo e recado de Neto para Soteldo: as \u00faltimas not\u00edcias do Santos\" \/>\n<meta property=\"og:description\" content=\"Nas \u00faltimas horas, o foco das not\u00edcias sobre o Santos se concentram nos bastidores do clube, com destaques do dia a dia do time. Por conta deste contexto, leia abaixo um resumo preparado pela equipe do portal G\u00e1vea News para lhe manter muito bem informado! Recado de Neto para Soteldo O comentarista esportivo Craque Neto [&hellip;]\" \/>\n<meta property=\"og:url\" content=\"https:\/\/www.gaveanews.com\/index.php\/2025\/03\/21\/saida-para-o-vasco-ex-atacante-assina-com-a-globo-e-recado-de-neto-para-soteldo-as-ultimas-noticias-do-santos\/\" \/>\n<meta property=\"og:site_name\" content=\"G\u00e1vea News\" \/>\n<meta property=\"article:publisher\" content=\"https:\/\/facebook.com\/gaveaNews\/\" \/>\n<meta property=\"article:published_time\" content=\"2025-03-21T10:40:00+00:00\" \/>\n<meta property=\"og:image\" content=\"https:\/\/www.gaveanews.com\/wp-content\/uploads\/Escudo-do-Santos-2.webp\" \/>\n\t<meta property=\"og:image:width\" content=\"1424\" \/>\n\t<meta property=\"og:image:height\" content=\"949\" \/>\n\t<meta property=\"og:image:type\" content=\"image\/webp\" \/>\n<meta name=\"author\" content=\"Brenda Cezillo\" \/>\n<meta name=\"twitter:card\" content=\"summary_large_image\" \/>\n<meta name=\"twitter:label1\" content=\"Escrito por\" \/>\n\t<meta name=\"twitter:data1\" content=\"Brenda Cezillo\" \/>\n\t<meta name=\"twitter:label2\" content=\"Est. tempo de leitura\" \/>\n\t<meta name=\"twitter:data2\" content=\"5 minutos\" \/>\n<script type=\"application\/ld+json\" class=\"yoast-schema-graph\">{\"@context\":\"https:\/\/schema.org\",\"@graph\":[{\"@type\":\"NewsArticle\",\"@id\":\"https:\/\/www.gaveanews.com\/index.php\/2025\/03\/21\/saida-para-o-vasco-ex-atacante-assina-com-a-globo-e-recado-de-neto-para-soteldo-as-ultimas-noticias-do-santos\/#article\",\"isPartOf\":{\"@id\":\"https:\/\/www.gaveanews.com\/index.php\/2025\/03\/21\/saida-para-o-vasco-ex-atacante-assina-com-a-globo-e-recado-de-neto-para-soteldo-as-ultimas-noticias-do-santos\/\"},\"author\":{\"name\":\"Brenda Cezillo\",\"@id\":\"https:\/\/www.gaveanews.com\/#\/schema\/person\/c79759ca337c40791ae8d08e2923d403\"},\"headline\":\"Sa\u00edda para o Vasco, ex-atacante assina com a Globo e recado de Neto para Soteldo: as \u00faltimas not\u00edcias do Santos\",\"datePublished\":\"2025-03-21T10:40:00+00:00\",\"mainEntityOfPage\":{\"@id\":\"https:\/\/www.gaveanews.com\/index.php\/2025\/03\/21\/saida-para-o-vasco-ex-atacante-assina-com-a-globo-e-recado-de-neto-para-soteldo-as-ultimas-noticias-do-santos\/\"},\"wordCount\":709,\"commentCount\":0,\"image\":{\"@id\":\"https:\/\/www.gaveanews.com\/index.php\/2025\/03\/21\/saida-para-o-vasco-ex-atacante-assina-com-a-globo-e-recado-de-neto-para-soteldo-as-ultimas-noticias-do-santos\/#primaryimage\"},\"thumbnailUrl\":\"https:\/\/www.gaveanews.com\/wp-content\/uploads\/Escudo-do-Santos-2.webp\",\"articleSection\":[\"Santos\"],\"inLanguage\":\"pt-BR\",\"potentialAction\":[{\"@type\":\"CommentAction\",\"name\":\"Comment\",\"target\":[\"https:\/\/www.gaveanews.com\/index.php\/2025\/03\/21\/saida-para-o-vasco-ex-atacante-assina-com-a-globo-e-recado-de-neto-para-soteldo-as-ultimas-noticias-do-santos\/#respond\"]}],\"copyrightYear\":\"2025\",\"copyrightHolder\":{\"@id\":\"https:\/\/www.gaveanews.com\/#organization\"}},{\"@type\":\"WebPage\",\"@id\":\"https:\/\/www.gaveanews.com\/index.php\/2025\/03\/21\/saida-para-o-vasco-ex-atacante-assina-com-a-globo-e-recado-de-neto-para-soteldo-as-ultimas-noticias-do-santos\/\",\"url\":\"https:\/\/www.gaveanews.com\/index.php\/2025\/03\/21\/saida-para-o-vasco-ex-atacante-assina-com-a-globo-e-recado-de-neto-para-soteldo-as-ultimas-noticias-do-santos\/\",\"name\":\"Sa\u00edda para o Vasco, ex-atacante assina com a Globo e recado de Neto para Soteldo: as \u00faltimas not\u00edcias do Santos\",\"isPartOf\":{\"@id\":\"https:\/\/www.gaveanews.com\/#website\"},\"primaryImageOfPage\":{\"@id\":\"https:\/\/www.gaveanews.com\/index.php\/2025\/03\/21\/saida-para-o-vasco-ex-atacante-assina-com-a-globo-e-recado-de-neto-para-soteldo-as-ultimas-noticias-do-santos\/#primaryimage\"},\"image\":{\"@id\":\"https:\/\/www.gaveanews.com\/index.php\/2025\/03\/21\/saida-para-o-vasco-ex-atacante-assina-com-a-globo-e-recado-de-neto-para-soteldo-as-ultimas-noticias-do-santos\/#primaryimage\"},\"thumbnailUrl\":\"https:\/\/www.gaveanews.com\/wp-content\/uploads\/Escudo-do-Santos-2.webp\",\"datePublished\":\"2025-03-21T10:40:00+00:00\",\"author\":{\"@id\":\"https:\/\/www.gaveanews.com\/#\/schema\/person\/c79759ca337c40791ae8d08e2923d403\"},\"breadcrumb\":{\"@id\":\"https:\/\/www.gaveanews.com\/index.php\/2025\/03\/21\/saida-para-o-vasco-ex-atacante-assina-com-a-globo-e-recado-de-neto-para-soteldo-as-ultimas-noticias-do-santos\/#breadcrumb\"},\"inLanguage\":\"pt-BR\",\"potentialAction\":[{\"@type\":\"ReadAction\",\"target\":[\"https:\/\/www.gaveanews.com\/index.php\/2025\/03\/21\/saida-para-o-vasco-ex-atacante-assina-com-a-globo-e-recado-de-neto-para-soteldo-as-ultimas-noticias-do-santos\/\"]}]},{\"@type\":\"ImageObject\",\"inLanguage\":\"pt-BR\",\"@id\":\"https:\/\/www.gaveanews.com\/index.php\/2025\/03\/21\/saida-para-o-vasco-ex-atacante-assina-com-a-globo-e-recado-de-neto-para-soteldo-as-ultimas-noticias-do-santos\/#primaryimage\",\"url\":\"https:\/\/www.gaveanews.com\/wp-content\/uploads\/Escudo-do-Santos-2.webp\",\"contentUrl\":\"https:\/\/www.gaveanews.com\/wp-content\/uploads\/Escudo-do-Santos-2.webp\",\"width\":1424,\"height\":949,\"caption\":\"Escudo do Santos (Foto: Raul Baretta\/Santos FC)\"},{\"@type\":\"BreadcrumbList\",\"@id\":\"https:\/\/www.gaveanews.com\/index.php\/2025\/03\/21\/saida-para-o-vasco-ex-atacante-assina-com-a-globo-e-recado-de-neto-para-soteldo-as-ultimas-noticias-do-santos\/#breadcrumb\",\"itemListElement\":[{\"@type\":\"ListItem\",\"position\":1,\"name\":\"Home\",\"item\":\"https:\/\/www.gaveanews.com\/\"},{\"@type\":\"ListItem\",\"position\":2,\"name\":\"Sa\u00edda para o Vasco, ex-atacante assina com a Globo e recado de Neto para Soteldo: as \u00faltimas not\u00edcias do Santos\"}]},{\"@type\":\"WebSite\",\"@id\":\"https:\/\/www.gaveanews.com\/#website\",\"url\":\"https:\/\/www.gaveanews.com\/\",\"name\":\"G\u00e1vea News\",\"description\":\"Veja todas as not\u00edcias sobre o Flamengo: Contrata\u00e7\u00f5es, categorias de base, resultados das partidas, tabela de classifica\u00e7\u00e3o, pr\u00f3ximos jogos!\",\"potentialAction\":[{\"@type\":\"SearchAction\",\"target\":{\"@type\":\"EntryPoint\",\"urlTemplate\":\"https:\/\/www.gaveanews.com\/?s={search_term_string}\"},\"query-input\":{\"@type\":\"PropertyValueSpecification\",\"valueRequired\":true,\"valueName\":\"search_term_string\"}}],\"inLanguage\":\"pt-BR\"},{\"@type\":\"Person\",\"@id\":\"https:\/\/www.gaveanews.com\/#\/schema\/person\/c79759ca337c40791ae8d08e2923d403\",\"name\":\"Brenda Cezillo\",\"image\":{\"@type\":\"ImageObject\",\"inLanguage\":\"pt-BR\",\"@id\":\"https:\/\/www.gaveanews.com\/#\/schema\/person\/image\/\",\"url\":\"https:\/\/secure.gravatar.com\/avatar\/1738d75cee7317f9c29ae61dd67620c5883d80a92e42a6fff88ae5d527af217a?s=96&d=mm&r=g\",\"contentUrl\":\"https:\/\/secure.gravatar.com\/avatar\/1738d75cee7317f9c29ae61dd67620c5883d80a92e42a6fff88ae5d527af217a?s=96&d=mm&r=g\",\"caption\":\"Brenda Cezillo\"}}]}<\/script>\n<!-- \/ Yoast SEO Premium plugin. -->","yoast_head_json":{"title":"Sa\u00edda para o Vasco, ex-atacante assina com a Globo e recado de Neto para Soteldo: as \u00faltimas not\u00edcias do Santos","robots":{"index":"index","follow":"follow","max-snippet":"max-snippet:-1","max-image-preview":"max-image-preview:large","max-video-preview":"max-video-preview:-1"},"canonical":"https:\/\/www.gaveanews.com\/index.php\/2025\/03\/21\/saida-para-o-vasco-ex-atacante-assina-com-a-globo-e-recado-de-neto-para-soteldo-as-ultimas-noticias-do-santos\/","og_locale":"pt_BR","og_type":"article","og_title":"Sa\u00edda para o Vasco, ex-atacante assina com a Globo e recado de Neto para Soteldo: as \u00faltimas not\u00edcias do Santos","og_description":"Nas \u00faltimas horas, o foco das not\u00edcias sobre o Santos se concentram nos bastidores do clube, com destaques do dia a dia do time. Por conta deste contexto, leia abaixo um resumo preparado pela equipe do portal G\u00e1vea News para lhe manter muito bem informado! Recado de Neto para Soteldo O comentarista esportivo Craque Neto [&hellip;]","og_url":"https:\/\/www.gaveanews.com\/index.php\/2025\/03\/21\/saida-para-o-vasco-ex-atacante-assina-com-a-globo-e-recado-de-neto-para-soteldo-as-ultimas-noticias-do-santos\/","og_site_name":"G\u00e1vea News","article_publisher":"https:\/\/facebook.com\/gaveaNews\/","article_published_time":"2025-03-21T10:40:00+00:00","og_image":[{"width":1424,"height":949,"url":"https:\/\/www.gaveanews.com\/wp-content\/uploads\/Escudo-do-Santos-2.webp","type":"image\/webp"}],"author":"Brenda Cezillo","twitter_card":"summary_large_image","twitter_misc":{"Escrito por":"Brenda Cezillo","Est. tempo de leitura":"5 minutos"},"schema":{"@context":"https:\/\/schema.org","@graph":[{"@type":"NewsArticle","@id":"https:\/\/www.gaveanews.com\/index.php\/2025\/03\/21\/saida-para-o-vasco-ex-atacante-assina-com-a-globo-e-recado-de-neto-para-soteldo-as-ultimas-noticias-do-santos\/#article","isPartOf":{"@id":"https:\/\/www.gaveanews.com\/index.php\/2025\/03\/21\/saida-para-o-vasco-ex-atacante-assina-com-a-globo-e-recado-de-neto-para-soteldo-as-ultimas-noticias-do-santos\/"},"author":{"name":"Brenda Cezillo","@id":"https:\/\/www.gaveanews.com\/#\/schema\/person\/c79759ca337c40791ae8d08e2923d403"},"headline":"Sa\u00edda para o Vasco, ex-atacante assina com a Globo e recado de Neto para Soteldo: as \u00faltimas not\u00edcias do Santos","datePublished":"2025-03-21T10:40:00+00:00","mainEntityOfPage":{"@id":"https:\/\/www.gaveanews.com\/index.php\/2025\/03\/21\/saida-para-o-vasco-ex-atacante-assina-com-a-globo-e-recado-de-neto-para-soteldo-as-ultimas-noticias-do-santos\/"},"wordCount":709,"commentCount":0,"image":{"@id":"https:\/\/www.gaveanews.com\/index.php\/2025\/03\/21\/saida-para-o-vasco-ex-atacante-assina-com-a-globo-e-recado-de-neto-para-soteldo-as-ultimas-noticias-do-santos\/#primaryimage"},"thumbnailUrl":"https:\/\/www.gaveanews.com\/wp-content\/uploads\/Escudo-do-Santos-2.webp","articleSection":["Santos"],"inLanguage":"pt-BR","potentialAction":[{"@type":"CommentAction","name":"Comment","target":["https:\/\/www.gaveanews.com\/index.php\/2025\/03\/21\/saida-para-o-vasco-ex-atacante-assina-com-a-globo-e-recado-de-neto-para-soteldo-as-ultimas-noticias-do-santos\/#respond"]}],"copyrightYear":"2025","copyrightHolder":{"@id":"https:\/\/www.gaveanews.com\/#organization"}},{"@type":"WebPage","@id":"https:\/\/www.gaveanews.com\/index.php\/2025\/03\/21\/saida-para-o-vasco-ex-atacante-assina-com-a-globo-e-recado-de-neto-para-soteldo-as-ultimas-noticias-do-santos\/","url":"https:\/\/www.gaveanews.com\/index.php\/2025\/03\/21\/saida-para-o-vasco-ex-atacante-assina-com-a-globo-e-recado-de-neto-para-soteldo-as-ultimas-noticias-do-santos\/","name":"Sa\u00edda para o Vasco, ex-atacante assina com a Globo e recado de Neto para Soteldo: as \u00faltimas not\u00edcias do Santos","isPartOf":{"@id":"https:\/\/www.gaveanews.com\/#website"},"primaryImageOfPage":{"@id":"https:\/\/www.gaveanews.com\/index.php\/2025\/03\/21\/saida-para-o-vasco-ex-atacante-assina-com-a-globo-e-recado-de-neto-para-soteldo-as-ultimas-noticias-do-santos\/#primaryimage"},"image":{"@id":"https:\/\/www.gaveanews.com\/index.php\/2025\/03\/21\/saida-para-o-vasco-ex-atacante-assina-com-a-globo-e-recado-de-neto-para-soteldo-as-ultimas-noticias-do-santos\/#primaryimage"},"thumbnailUrl":"https:\/\/www.gaveanews.com\/wp-content\/uploads\/Escudo-do-Santos-2.webp","datePublished":"2025-03-21T10:40:00+00:00","author":{"@id":"https:\/\/www.gaveanews.com\/#\/schema\/person\/c79759ca337c40791ae8d08e2923d403"},"breadcrumb":{"@id":"https:\/\/www.gaveanews.com\/index.php\/2025\/03\/21\/saida-para-o-vasco-ex-atacante-assina-com-a-globo-e-recado-de-neto-para-soteldo-as-ultimas-noticias-do-santos\/#breadcrumb"},"inLanguage":"pt-BR","potentialAction":[{"@type":"ReadAction","target":["https:\/\/www.gaveanews.com\/index.php\/2025\/03\/21\/saida-para-o-vasco-ex-atacante-assina-com-a-globo-e-recado-de-neto-para-soteldo-as-ultimas-noticias-do-santos\/"]}]},{"@type":"ImageObject","inLanguage":"pt-BR","@id":"https:\/\/www.gaveanews.com\/index.php\/2025\/03\/21\/saida-para-o-vasco-ex-atacante-assina-com-a-globo-e-recado-de-neto-para-soteldo-as-ultimas-noticias-do-santos\/#primaryimage","url":"https:\/\/www.gaveanews.com\/wp-content\/uploads\/Escudo-do-Santos-2.webp","contentUrl":"https:\/\/www.gaveanews.com\/wp-content\/uploads\/Escudo-do-Santos-2.webp","width":1424,"height":949,"caption":"Escudo do Santos (Foto: Raul Baretta\/Santos FC)"},{"@type":"BreadcrumbList","@id":"https:\/\/www.gaveanews.com\/index.php\/2025\/03\/21\/saida-para-o-vasco-ex-atacante-assina-com-a-globo-e-recado-de-neto-para-soteldo-as-ultimas-noticias-do-santos\/#breadcrumb","itemListElement":[{"@type":"ListItem","position":1,"name":"Home","item":"https:\/\/www.gaveanews.com\/"},{"@type":"ListItem","position":2,"name":"Sa\u00edda para o Vasco, ex-atacante assina com a Globo e recado de Neto para Soteldo: as \u00faltimas not\u00edcias do Santos"}]},{"@type":"WebSite","@id":"https:\/\/www.gaveanews.com\/#website","url":"https:\/\/www.gaveanews.com\/","name":"G\u00e1vea News","description":"Veja todas as not\u00edcias sobre o Flamengo: Contrata\u00e7\u00f5es, categorias de base, resultados das partidas, tabela de classifica\u00e7\u00e3o, pr\u00f3ximos jogos!","potentialAction":[{"@type":"SearchAction","target":{"@type":"EntryPoint","urlTemplate":"https:\/\/www.gaveanews.com\/?s={search_term_string}"},"query-input":{"@type":"PropertyValueSpecification","valueRequired":true,"valueName":"search_term_string"}}],"inLanguage":"pt-BR"},{"@type":"Person","@id":"https:\/\/www.gaveanews.com\/#\/schema\/person\/c79759ca337c40791ae8d08e2923d403","name":"Brenda Cezillo","image":{"@type":"ImageObject","inLanguage":"pt-BR","@id":"https:\/\/www.gaveanews.com\/#\/schema\/person\/image\/","url":"https:\/\/secure.gravatar.com\/avatar\/1738d75cee7317f9c29ae61dd67620c5883d80a92e42a6fff88ae5d527af217a?s=96&d=mm&r=g","contentUrl":"https:\/\/secure.gravatar.com\/avatar\/1738d75cee7317f9c29ae61dd67620c5883d80a92e42a6fff88ae5d527af217a?s=96&d=mm&r=g","caption":"Brenda Cezillo"}}]}},"_links":{"self":[{"href":"https:\/\/www.gaveanews.com\/index.php\/wp-json\/wp\/v2\/posts\/242716","targetHints":{"allow":["GET"]}}],"collection":[{"href":"https:\/\/www.gaveanews.com\/index.php\/wp-json\/wp\/v2\/posts"}],"about":[{"href":"https:\/\/www.gaveanews.com\/index.php\/wp-json\/wp\/v2\/types\/post"}],"author":[{"embeddable":true,"href":"https:\/\/www.gaveanews.com\/index.php\/wp-json\/wp\/v2\/users\/33"}],"replies":[{"embeddable":true,"href":"https:\/\/www.gaveanews.com\/index.php\/wp-json\/wp\/v2\/comments?post=242716"}],"version-history":[{"count":1,"href":"https:\/\/www.gaveanews.com\/index.php\/wp-json\/wp\/v2\/posts\/242716\/revisions"}],"predecessor-version":[{"id":242722,"href":"https:\/\/www.gaveanews.com\/index.php\/wp-json\/wp\/v2\/posts\/242716\/revisions\/242722"}],"wp:featuredmedia":[{"embeddable":true,"href":"https:\/\/www.gaveanews.com\/index.php\/wp-json\/wp\/v2\/media\/165619"}],"wp:attachment":[{"href":"https:\/\/www.gaveanews.com\/index.php\/wp-json\/wp\/v2\/media?parent=242716"}],"wp:term":[{"taxonomy":"category","embeddable":true,"href":"https:\/\/www.gaveanews.com\/index.php\/wp-json\/wp\/v2\/categories?post=242716"},{"taxonomy":"post_tag","embeddable":true,"href":"https:\/\/www.gaveanews.com\/index.php\/wp-json\/wp\/v2\/tags?post=242716"}],"curies":[{"name":"wp","href":"https:\/\/api.w.org\/{rel}","templated":true}]}}