{"id":242740,"date":"2025-03-21T08:55:00","date_gmt":"2025-03-21T11:55:00","guid":{"rendered":"https:\/\/www.gaveanews.com\/?p=242740"},"modified":"2025-03-21T04:19:22","modified_gmt":"2025-03-21T07:19:22","slug":"clima-tenso-entre-jogadores-e-abel-alteracao-da-cbf-afeta-o-palmeiras-e-carlos-alberto-crava-campeao-do-campeonato-paulista-as-ultimas-noticias-do-palmeiras","status":"publish","type":"post","link":"https:\/\/www.gaveanews.com\/index.php\/2025\/03\/21\/clima-tenso-entre-jogadores-e-abel-alteracao-da-cbf-afeta-o-palmeiras-e-carlos-alberto-crava-campeao-do-campeonato-paulista-as-ultimas-noticias-do-palmeiras\/","title":{"rendered":"Clima tenso entre jogadores e Abel, altera\u00e7\u00e3o da CBF afeta o Palmeiras e Carlos Alberto crava campe\u00e3o do Campeonato Paulista: as \u00faltimas not\u00edcias do Palmeiras"},"content":{"rendered":"\n<p>Nas \u00faltimas horas, o foco das not\u00edcias sobre o Palmeiras se concentram nos bastidores do clube, com destaques do dia a dia do time.<\/p>\n\n\n\n<p>Por conta deste contexto, leia abaixo um resumo preparado pela equipe do portal G\u00e1vea News para lhe manter muito bem informado!<\/p>\n\n\n\n<h2 class=\"wp-block-heading\" id=\"h-carlos-alberto-crava-campeao-do-campeonato-paulista\">Carlos Alberto crava campe\u00e3o do Campeonato Paulista<\/h2>\n\n\n\n<p>A grande final do <strong>Campeonato Paulista<\/strong> entre <strong>Corinthians e Palmeiras<\/strong> tem gerado expectativas, e o ex-jogador <strong>Carlos Alberto<\/strong> fez uma aposta ousada no programa <em>Arena SBT<\/em>. O comentarista afirmou com convic\u00e7\u00e3o que o <strong>Corinthians ser\u00e1 campe\u00e3o<\/strong> e, para provar sua confian\u00e7a, prometeu se vestir de <strong>Bozo<\/strong> caso o resultado seja diferente. O Tim\u00e3o venceu o jogo de ida por <strong>1 a 0<\/strong>, no Allianz Parque, e precisa apenas de um empate para levantar a ta\u00e7a <strong><a href=\"https:\/\/www.gaveanews.com\/index.php\/2025\/03\/20\/carlos-alberto-crava-resultado-da-final-do-campeonato-paulista\/\">(leia a mat\u00e9ria completa).<\/a><\/strong><\/p>\n\n\n\n<figure class=\"wp-block-image size-full\"><img loading=\"lazy\" decoding=\"async\" width=\"1024\" height=\"693\" src=\"http:\/\/www.gaveanews.com\/wp-content\/uploads\/Carlos-Alberto-arrascaeta-zico-1024x693-1.webp\" alt=\"\" class=\"wp-image-158673\" srcset=\"https:\/\/www.gaveanews.com\/wp-content\/uploads\/Carlos-Alberto-arrascaeta-zico-1024x693-1.webp 1024w, https:\/\/www.gaveanews.com\/wp-content\/uploads\/Carlos-Alberto-arrascaeta-zico-1024x693-1-300x203.webp 300w, https:\/\/www.gaveanews.com\/wp-content\/uploads\/Carlos-Alberto-arrascaeta-zico-1024x693-1-768x520.webp 768w, https:\/\/www.gaveanews.com\/wp-content\/uploads\/Carlos-Alberto-arrascaeta-zico-1024x693-1-621x420.webp 621w, https:\/\/www.gaveanews.com\/wp-content\/uploads\/Carlos-Alberto-arrascaeta-zico-1024x693-1-640x433.webp 640w, https:\/\/www.gaveanews.com\/wp-content\/uploads\/Carlos-Alberto-arrascaeta-zico-1024x693-1-681x461.webp 681w, https:\/\/www.gaveanews.com\/wp-content\/uploads\/Carlos-Alberto-arrascaeta-zico-1024x693-1-1022x693.webp 1022w, https:\/\/www.gaveanews.com\/wp-content\/uploads\/Carlos-Alberto-arrascaeta-zico-1024x693-1-100x68.webp 100w\" sizes=\"auto, (max-width: 1024px) 100vw, 1024px\" \/><figcaption class=\"wp-element-caption\">Foto: Reprodu\u00e7\u00e3o \/ Charla Podcast\n<\/figcaption><\/figure>\n\n\n\n<p>Carlos Alberto justificou sua previs\u00e3o destacando o <strong>bom momento do Corinthians<\/strong>, principalmente atuando em casa, al\u00e9m da vantagem conquistada no primeiro confronto. No entanto, o <strong>Palmeiras<\/strong> ainda pode levar a decis\u00e3o para os p\u00eanaltis em caso de vit\u00f3ria simples.<\/p>\n\n\n\n<p>O cl\u00e1ssico promete <strong>fortes emo\u00e7\u00f5es<\/strong>, com os dois rivais buscando um t\u00edtulo importante para iniciar a temporada com o p\u00e9 direito. Resta saber se o ex-jogador ter\u00e1 que cumprir sua promessa ou se sua confian\u00e7a no Corinthians ser\u00e1 confirmada dentro de campo.<\/p>\n\n\n\n<h2 class=\"wp-block-heading\" id=\"h-alteracao-da-cbf-afeta-o-palmeiras\">Altera\u00e7\u00e3o da CBF afeta o Palmeiras<\/h2>\n\n\n\n<p>A Confedera\u00e7\u00e3o Brasileira de Futebol (CBF) anunciou mudan\u00e7as na tabela do Campeonato Brasileiro, alterando a data da estreia do Palmeiras na competi\u00e7\u00e3o. O confronto contra o Botafogo, inicialmente marcado para s\u00e1bado (29), foi adiado para domingo (30), \u00e0s 16h, no Allianz Parque. Segundo a CBF, a modifica\u00e7\u00e3o foi realizada por &#8220;ajuste de tabela&#8221;, pegando torcedores de surpresa e exigindo adapta\u00e7\u00f5es no planejamento da equipe <strong><a href=\"https:\/\/www.gaveanews.com\/index.php\/2025\/03\/19\/cbf-promove-alteracao-em-jogo-do-palmeiras\/\">(leia a mat\u00e9ria completa).<\/a><\/strong><\/p>\n\n\n\n<figure class=\"wp-block-image size-large\"><img loading=\"lazy\" decoding=\"async\" width=\"1024\" height=\"683\" src=\"http:\/\/www.gaveanews.com\/wp-content\/uploads\/Escudo-da-CBF-1024x683.webp\" alt=\"\" class=\"wp-image-172597\" srcset=\"https:\/\/www.gaveanews.com\/wp-content\/uploads\/Escudo-da-CBF-1024x683.webp 1024w, https:\/\/www.gaveanews.com\/wp-content\/uploads\/Escudo-da-CBF-300x200.webp 300w, https:\/\/www.gaveanews.com\/wp-content\/uploads\/Escudo-da-CBF-768x512.webp 768w, https:\/\/www.gaveanews.com\/wp-content\/uploads\/Escudo-da-CBF-630x420.webp 630w, https:\/\/www.gaveanews.com\/wp-content\/uploads\/Escudo-da-CBF-1260x840.webp 1260w, https:\/\/www.gaveanews.com\/wp-content\/uploads\/Escudo-da-CBF-640x427.webp 640w, https:\/\/www.gaveanews.com\/wp-content\/uploads\/Escudo-da-CBF-1280x853.webp 1280w, https:\/\/www.gaveanews.com\/wp-content\/uploads\/Escudo-da-CBF-681x454.webp 681w, https:\/\/www.gaveanews.com\/wp-content\/uploads\/Escudo-da-CBF-100x67.webp 100w, https:\/\/www.gaveanews.com\/wp-content\/uploads\/Escudo-da-CBF.webp 1350w\" sizes=\"auto, (max-width: 1024px) 100vw, 1024px\" \/><figcaption class=\"wp-element-caption\">Escudo da CBF (Foto: Reprodu\u00e7\u00e3o)<\/figcaption><\/figure>\n\n\n\n<p>Com um dia a mais de prepara\u00e7\u00e3o, o Palmeiras poder\u00e1 ajustar sua estrat\u00e9gia para a estreia, equilibrando suas aten\u00e7\u00f5es entre o Brasileir\u00e3o e a Copa Libertadores. <\/p>\n\n\n\n<p>O t\u00e9cnico Abel Ferreira precisar\u00e1 gerenciar o desgaste do elenco, j\u00e1 que o time enfrentar\u00e1 uma sequ\u00eancia intensa de jogos. Al\u00e9m disso, outras partidas da primeira rodada tamb\u00e9m sofreram altera\u00e7\u00f5es, como S\u00e3o Paulo x Sport e Bahia x Corinthians.<\/p>\n\n\n\n<p>Apesar da mudan\u00e7a inesperada, o Palmeiras segue focado em come\u00e7ar a competi\u00e7\u00e3o com um bom resultado. O apoio da torcida no Allianz Parque pode ser um diferencial para o Verd\u00e3o iniciar a caminhada pelo t\u00edtulo nacional com o p\u00e9 direito.<\/p>\n\n\n\n<h2 class=\"wp-block-heading\" id=\"h-clima-tenso-entre-jogadores-e-abel\">Clima tenso entre jogadores e Abel<\/h2>\n\n\n\n<p>O comentarista Neto revelou que o ambiente nos bastidores do Palmeiras est\u00e1 tenso, especialmente ap\u00f3s a derrota para o Corinthians na final do Campeonato Paulista. Segundo ele, h\u00e1 um clima de desconforto entre o t\u00e9cnico Abel Ferreira, sua comiss\u00e3o t\u00e9cnica e os jogadores, agravado pelas declara\u00e7\u00f5es p\u00fablicas do treinador ap\u00f3s o rev\u00e9s. Neto acredita que a press\u00e3o interna pode prejudicar a prepara\u00e7\u00e3o do time para o jogo de volta, no qual o Palmeiras precisar\u00e1 vencer por dois gols de diferen\u00e7a para garantir o t\u00edtulo <strong><a href=\"https:\/\/www.gaveanews.com\/index.php\/2025\/03\/20\/neto-revela-clima-nos-bastidores-dos-jogadores-do-palmeiras\/\">(leia a mat\u00e9ria completa).<\/a><\/strong><\/p>\n\n\n\n<figure class=\"wp-block-image size-full\"><img loading=\"lazy\" decoding=\"async\" width=\"870\" height=\"458\" src=\"http:\/\/www.gaveanews.com\/wp-content\/uploads\/Abel-Ferreira-tecnico-do-Palmeiras.webp\" alt=\"\" class=\"wp-image-141983\" srcset=\"https:\/\/www.gaveanews.com\/wp-content\/uploads\/Abel-Ferreira-tecnico-do-Palmeiras.webp 870w, https:\/\/www.gaveanews.com\/wp-content\/uploads\/Abel-Ferreira-tecnico-do-Palmeiras-300x158.webp 300w, https:\/\/www.gaveanews.com\/wp-content\/uploads\/Abel-Ferreira-tecnico-do-Palmeiras-768x404.webp 768w, https:\/\/www.gaveanews.com\/wp-content\/uploads\/Abel-Ferreira-tecnico-do-Palmeiras-798x420.webp 798w, https:\/\/www.gaveanews.com\/wp-content\/uploads\/Abel-Ferreira-tecnico-do-Palmeiras-640x337.webp 640w, https:\/\/www.gaveanews.com\/wp-content\/uploads\/Abel-Ferreira-tecnico-do-Palmeiras-681x359.webp 681w, https:\/\/www.gaveanews.com\/wp-content\/uploads\/Abel-Ferreira-tecnico-do-Palmeiras-100x53.webp 100w\" sizes=\"auto, (max-width: 870px) 100vw, 870px\" \/><figcaption class=\"wp-element-caption\">Abel Ferreira &#8211; Foto: C\u00e9sar Greco \/ Palmeiras<\/figcaption><\/figure>\n\n\n\n<p>Outro ponto de pol\u00eamica foi a repercuss\u00e3o em torno do jovem Est\u00eav\u00e3o, de 17 anos, que foi alvo de cr\u00edticas de parte da torcida e viu at\u00e9 os muros da sede do clube serem pichados. Neto saiu em defesa do atleta e criticou a postura de alguns torcedores, ressaltando que o jogador teve um papel importante na campanha do time no estadual. Para o comentarista, o Palmeiras precisar\u00e1 encarar a partida decisiva como &#8220;o jogo do ano&#8221; para superar as dificuldades internas e reverter o placar.<\/p>\n\n\n\n<p>Al\u00e9m dos desafios internos, o Verd\u00e3o precisa lidar com a press\u00e3o da concorr\u00eancia no cen\u00e1rio nacional. Enquanto Flamengo, Internacional e Atl\u00e9tico-MG comemoraram t\u00edtulos estaduais recentemente, o Palmeiras tenta recuperar o foco para conquistar o tetracampeonato paulista. A grande quest\u00e3o \u00e9 se o time conseguir\u00e1 superar os problemas nos bastidores e apresentar um futebol convincente na final.<\/p>\n","protected":false},"excerpt":{"rendered":"<p>Nas \u00faltimas horas, o foco das not\u00edcias sobre o Palmeiras se concentram nos bastidores do clube, com destaques do dia a dia do time. Por conta deste contexto, leia abaixo um resumo preparado pela equipe do portal G\u00e1vea News para lhe manter muito bem informado! Carlos Alberto crava campe\u00e3o do Campeonato Paulista A grande final [&hellip;]<\/p>\n","protected":false},"author":33,"featured_media":142887,"comment_status":"open","ping_status":"closed","sticky":false,"template":"","format":"standard","meta":{"footnotes":""},"categories":[150],"tags":[],"class_list":["post-242740","post","type-post","status-publish","format-standard","has-post-thumbnail","hentry","category-palmeiras"],"yoast_head":"<!-- This site is optimized with the Yoast SEO Premium plugin v24.2 (Yoast SEO v26.9) - https:\/\/yoast.com\/product\/yoast-seo-premium-wordpress\/ -->\n<title>Clima tenso entre jogadores e Abel, altera\u00e7\u00e3o da CBF afeta o Palmeiras e Carlos Alberto crava campe\u00e3o do Campeonato Paulista: as \u00faltimas not\u00edcias do Palmeiras<\/title>\n<meta name=\"robots\" content=\"index, follow, max-snippet:-1, max-image-preview:large, max-video-preview:-1\" \/>\n<link rel=\"canonical\" href=\"https:\/\/www.gaveanews.com\/index.php\/2025\/03\/21\/clima-tenso-entre-jogadores-e-abel-alteracao-da-cbf-afeta-o-palmeiras-e-carlos-alberto-crava-campeao-do-campeonato-paulista-as-ultimas-noticias-do-palmeiras\/\" \/>\n<meta property=\"og:locale\" content=\"pt_BR\" \/>\n<meta property=\"og:type\" content=\"article\" \/>\n<meta property=\"og:title\" content=\"Clima tenso entre jogadores e Abel, altera\u00e7\u00e3o da CBF afeta o Palmeiras e Carlos Alberto crava campe\u00e3o do Campeonato Paulista: as \u00faltimas not\u00edcias do Palmeiras\" \/>\n<meta property=\"og:description\" content=\"Nas \u00faltimas horas, o foco das not\u00edcias sobre o Palmeiras se concentram nos bastidores do clube, com destaques do dia a dia do time. Por conta deste contexto, leia abaixo um resumo preparado pela equipe do portal G\u00e1vea News para lhe manter muito bem informado! Carlos Alberto crava campe\u00e3o do Campeonato Paulista A grande final [&hellip;]\" \/>\n<meta property=\"og:url\" content=\"https:\/\/www.gaveanews.com\/index.php\/2025\/03\/21\/clima-tenso-entre-jogadores-e-abel-alteracao-da-cbf-afeta-o-palmeiras-e-carlos-alberto-crava-campeao-do-campeonato-paulista-as-ultimas-noticias-do-palmeiras\/\" \/>\n<meta property=\"og:site_name\" content=\"G\u00e1vea News\" \/>\n<meta property=\"article:publisher\" content=\"https:\/\/facebook.com\/gaveaNews\/\" \/>\n<meta property=\"article:published_time\" content=\"2025-03-21T11:55:00+00:00\" \/>\n<meta property=\"og:image\" content=\"https:\/\/www.gaveanews.com\/wp-content\/uploads\/Escudo-do-Palmeiras.webp\" \/>\n\t<meta property=\"og:image:width\" content=\"680\" \/>\n\t<meta property=\"og:image:height\" content=\"510\" \/>\n\t<meta property=\"og:image:type\" content=\"image\/jpeg\" \/>\n<meta name=\"author\" content=\"Brenda Cezillo\" \/>\n<meta name=\"twitter:card\" content=\"summary_large_image\" \/>\n<meta name=\"twitter:label1\" content=\"Escrito por\" \/>\n\t<meta name=\"twitter:data1\" content=\"Brenda Cezillo\" \/>\n\t<meta name=\"twitter:label2\" content=\"Est. tempo de leitura\" \/>\n\t<meta name=\"twitter:data2\" content=\"5 minutos\" \/>\n<script type=\"application\/ld+json\" class=\"yoast-schema-graph\">{\"@context\":\"https:\/\/schema.org\",\"@graph\":[{\"@type\":\"NewsArticle\",\"@id\":\"https:\/\/www.gaveanews.com\/index.php\/2025\/03\/21\/clima-tenso-entre-jogadores-e-abel-alteracao-da-cbf-afeta-o-palmeiras-e-carlos-alberto-crava-campeao-do-campeonato-paulista-as-ultimas-noticias-do-palmeiras\/#article\",\"isPartOf\":{\"@id\":\"https:\/\/www.gaveanews.com\/index.php\/2025\/03\/21\/clima-tenso-entre-jogadores-e-abel-alteracao-da-cbf-afeta-o-palmeiras-e-carlos-alberto-crava-campeao-do-campeonato-paulista-as-ultimas-noticias-do-palmeiras\/\"},\"author\":{\"name\":\"Brenda Cezillo\",\"@id\":\"https:\/\/www.gaveanews.com\/#\/schema\/person\/c79759ca337c40791ae8d08e2923d403\"},\"headline\":\"Clima tenso entre jogadores e Abel, altera\u00e7\u00e3o da CBF afeta o Palmeiras e Carlos Alberto crava campe\u00e3o do Campeonato Paulista: as \u00faltimas not\u00edcias do Palmeiras\",\"datePublished\":\"2025-03-21T11:55:00+00:00\",\"mainEntityOfPage\":{\"@id\":\"https:\/\/www.gaveanews.com\/index.php\/2025\/03\/21\/clima-tenso-entre-jogadores-e-abel-alteracao-da-cbf-afeta-o-palmeiras-e-carlos-alberto-crava-campeao-do-campeonato-paulista-as-ultimas-noticias-do-palmeiras\/\"},\"wordCount\":735,\"commentCount\":0,\"image\":{\"@id\":\"https:\/\/www.gaveanews.com\/index.php\/2025\/03\/21\/clima-tenso-entre-jogadores-e-abel-alteracao-da-cbf-afeta-o-palmeiras-e-carlos-alberto-crava-campeao-do-campeonato-paulista-as-ultimas-noticias-do-palmeiras\/#primaryimage\"},\"thumbnailUrl\":\"https:\/\/www.gaveanews.com\/wp-content\/uploads\/Escudo-do-Palmeiras.webp\",\"articleSection\":[\"Palmeiras\"],\"inLanguage\":\"pt-BR\",\"potentialAction\":[{\"@type\":\"CommentAction\",\"name\":\"Comment\",\"target\":[\"https:\/\/www.gaveanews.com\/index.php\/2025\/03\/21\/clima-tenso-entre-jogadores-e-abel-alteracao-da-cbf-afeta-o-palmeiras-e-carlos-alberto-crava-campeao-do-campeonato-paulista-as-ultimas-noticias-do-palmeiras\/#respond\"]}],\"copyrightYear\":\"2025\",\"copyrightHolder\":{\"@id\":\"https:\/\/www.gaveanews.com\/#organization\"}},{\"@type\":\"WebPage\",\"@id\":\"https:\/\/www.gaveanews.com\/index.php\/2025\/03\/21\/clima-tenso-entre-jogadores-e-abel-alteracao-da-cbf-afeta-o-palmeiras-e-carlos-alberto-crava-campeao-do-campeonato-paulista-as-ultimas-noticias-do-palmeiras\/\",\"url\":\"https:\/\/www.gaveanews.com\/index.php\/2025\/03\/21\/clima-tenso-entre-jogadores-e-abel-alteracao-da-cbf-afeta-o-palmeiras-e-carlos-alberto-crava-campeao-do-campeonato-paulista-as-ultimas-noticias-do-palmeiras\/\",\"name\":\"Clima tenso entre jogadores e Abel, altera\u00e7\u00e3o da CBF afeta o Palmeiras e Carlos Alberto crava campe\u00e3o do Campeonato Paulista: as \u00faltimas not\u00edcias do Palmeiras\",\"isPartOf\":{\"@id\":\"https:\/\/www.gaveanews.com\/#website\"},\"primaryImageOfPage\":{\"@id\":\"https:\/\/www.gaveanews.com\/index.php\/2025\/03\/21\/clima-tenso-entre-jogadores-e-abel-alteracao-da-cbf-afeta-o-palmeiras-e-carlos-alberto-crava-campeao-do-campeonato-paulista-as-ultimas-noticias-do-palmeiras\/#primaryimage\"},\"image\":{\"@id\":\"https:\/\/www.gaveanews.com\/index.php\/2025\/03\/21\/clima-tenso-entre-jogadores-e-abel-alteracao-da-cbf-afeta-o-palmeiras-e-carlos-alberto-crava-campeao-do-campeonato-paulista-as-ultimas-noticias-do-palmeiras\/#primaryimage\"},\"thumbnailUrl\":\"https:\/\/www.gaveanews.com\/wp-content\/uploads\/Escudo-do-Palmeiras.webp\",\"datePublished\":\"2025-03-21T11:55:00+00:00\",\"author\":{\"@id\":\"https:\/\/www.gaveanews.com\/#\/schema\/person\/c79759ca337c40791ae8d08e2923d403\"},\"breadcrumb\":{\"@id\":\"https:\/\/www.gaveanews.com\/index.php\/2025\/03\/21\/clima-tenso-entre-jogadores-e-abel-alteracao-da-cbf-afeta-o-palmeiras-e-carlos-alberto-crava-campeao-do-campeonato-paulista-as-ultimas-noticias-do-palmeiras\/#breadcrumb\"},\"inLanguage\":\"pt-BR\",\"potentialAction\":[{\"@type\":\"ReadAction\",\"target\":[\"https:\/\/www.gaveanews.com\/index.php\/2025\/03\/21\/clima-tenso-entre-jogadores-e-abel-alteracao-da-cbf-afeta-o-palmeiras-e-carlos-alberto-crava-campeao-do-campeonato-paulista-as-ultimas-noticias-do-palmeiras\/\"]}]},{\"@type\":\"ImageObject\",\"inLanguage\":\"pt-BR\",\"@id\":\"https:\/\/www.gaveanews.com\/index.php\/2025\/03\/21\/clima-tenso-entre-jogadores-e-abel-alteracao-da-cbf-afeta-o-palmeiras-e-carlos-alberto-crava-campeao-do-campeonato-paulista-as-ultimas-noticias-do-palmeiras\/#primaryimage\",\"url\":\"https:\/\/www.gaveanews.com\/wp-content\/uploads\/Escudo-do-Palmeiras.webp\",\"contentUrl\":\"https:\/\/www.gaveanews.com\/wp-content\/uploads\/Escudo-do-Palmeiras.webp\",\"width\":680,\"height\":510,\"caption\":\"Escudo do Palmeiras (Foto Reprodu\u00e7\u00e3o\/Instagram)\"},{\"@type\":\"BreadcrumbList\",\"@id\":\"https:\/\/www.gaveanews.com\/index.php\/2025\/03\/21\/clima-tenso-entre-jogadores-e-abel-alteracao-da-cbf-afeta-o-palmeiras-e-carlos-alberto-crava-campeao-do-campeonato-paulista-as-ultimas-noticias-do-palmeiras\/#breadcrumb\",\"itemListElement\":[{\"@type\":\"ListItem\",\"position\":1,\"name\":\"Home\",\"item\":\"https:\/\/www.gaveanews.com\/\"},{\"@type\":\"ListItem\",\"position\":2,\"name\":\"Clima tenso entre jogadores e Abel, altera\u00e7\u00e3o da CBF afeta o Palmeiras e Carlos Alberto crava campe\u00e3o do Campeonato Paulista: as \u00faltimas not\u00edcias do Palmeiras\"}]},{\"@type\":\"WebSite\",\"@id\":\"https:\/\/www.gaveanews.com\/#website\",\"url\":\"https:\/\/www.gaveanews.com\/\",\"name\":\"G\u00e1vea News\",\"description\":\"Veja todas as not\u00edcias sobre o Flamengo: Contrata\u00e7\u00f5es, categorias de base, resultados das partidas, tabela de classifica\u00e7\u00e3o, pr\u00f3ximos jogos!\",\"potentialAction\":[{\"@type\":\"SearchAction\",\"target\":{\"@type\":\"EntryPoint\",\"urlTemplate\":\"https:\/\/www.gaveanews.com\/?s={search_term_string}\"},\"query-input\":{\"@type\":\"PropertyValueSpecification\",\"valueRequired\":true,\"valueName\":\"search_term_string\"}}],\"inLanguage\":\"pt-BR\"},{\"@type\":\"Person\",\"@id\":\"https:\/\/www.gaveanews.com\/#\/schema\/person\/c79759ca337c40791ae8d08e2923d403\",\"name\":\"Brenda Cezillo\",\"image\":{\"@type\":\"ImageObject\",\"inLanguage\":\"pt-BR\",\"@id\":\"https:\/\/www.gaveanews.com\/#\/schema\/person\/image\/\",\"url\":\"https:\/\/secure.gravatar.com\/avatar\/1738d75cee7317f9c29ae61dd67620c5883d80a92e42a6fff88ae5d527af217a?s=96&d=mm&r=g\",\"contentUrl\":\"https:\/\/secure.gravatar.com\/avatar\/1738d75cee7317f9c29ae61dd67620c5883d80a92e42a6fff88ae5d527af217a?s=96&d=mm&r=g\",\"caption\":\"Brenda Cezillo\"}}]}<\/script>\n<!-- \/ Yoast SEO Premium plugin. -->","yoast_head_json":{"title":"Clima tenso entre jogadores e Abel, altera\u00e7\u00e3o da CBF afeta o Palmeiras e Carlos Alberto crava campe\u00e3o do Campeonato Paulista: as \u00faltimas not\u00edcias do Palmeiras","robots":{"index":"index","follow":"follow","max-snippet":"max-snippet:-1","max-image-preview":"max-image-preview:large","max-video-preview":"max-video-preview:-1"},"canonical":"https:\/\/www.gaveanews.com\/index.php\/2025\/03\/21\/clima-tenso-entre-jogadores-e-abel-alteracao-da-cbf-afeta-o-palmeiras-e-carlos-alberto-crava-campeao-do-campeonato-paulista-as-ultimas-noticias-do-palmeiras\/","og_locale":"pt_BR","og_type":"article","og_title":"Clima tenso entre jogadores e Abel, altera\u00e7\u00e3o da CBF afeta o Palmeiras e Carlos Alberto crava campe\u00e3o do Campeonato Paulista: as \u00faltimas not\u00edcias do Palmeiras","og_description":"Nas \u00faltimas horas, o foco das not\u00edcias sobre o Palmeiras se concentram nos bastidores do clube, com destaques do dia a dia do time. Por conta deste contexto, leia abaixo um resumo preparado pela equipe do portal G\u00e1vea News para lhe manter muito bem informado! Carlos Alberto crava campe\u00e3o do Campeonato Paulista A grande final [&hellip;]","og_url":"https:\/\/www.gaveanews.com\/index.php\/2025\/03\/21\/clima-tenso-entre-jogadores-e-abel-alteracao-da-cbf-afeta-o-palmeiras-e-carlos-alberto-crava-campeao-do-campeonato-paulista-as-ultimas-noticias-do-palmeiras\/","og_site_name":"G\u00e1vea News","article_publisher":"https:\/\/facebook.com\/gaveaNews\/","article_published_time":"2025-03-21T11:55:00+00:00","og_image":[{"width":680,"height":510,"url":"https:\/\/www.gaveanews.com\/wp-content\/uploads\/Escudo-do-Palmeiras.webp","type":"image\/jpeg"}],"author":"Brenda Cezillo","twitter_card":"summary_large_image","twitter_misc":{"Escrito por":"Brenda Cezillo","Est. tempo de leitura":"5 minutos"},"schema":{"@context":"https:\/\/schema.org","@graph":[{"@type":"NewsArticle","@id":"https:\/\/www.gaveanews.com\/index.php\/2025\/03\/21\/clima-tenso-entre-jogadores-e-abel-alteracao-da-cbf-afeta-o-palmeiras-e-carlos-alberto-crava-campeao-do-campeonato-paulista-as-ultimas-noticias-do-palmeiras\/#article","isPartOf":{"@id":"https:\/\/www.gaveanews.com\/index.php\/2025\/03\/21\/clima-tenso-entre-jogadores-e-abel-alteracao-da-cbf-afeta-o-palmeiras-e-carlos-alberto-crava-campeao-do-campeonato-paulista-as-ultimas-noticias-do-palmeiras\/"},"author":{"name":"Brenda Cezillo","@id":"https:\/\/www.gaveanews.com\/#\/schema\/person\/c79759ca337c40791ae8d08e2923d403"},"headline":"Clima tenso entre jogadores e Abel, altera\u00e7\u00e3o da CBF afeta o Palmeiras e Carlos Alberto crava campe\u00e3o do Campeonato Paulista: as \u00faltimas not\u00edcias do Palmeiras","datePublished":"2025-03-21T11:55:00+00:00","mainEntityOfPage":{"@id":"https:\/\/www.gaveanews.com\/index.php\/2025\/03\/21\/clima-tenso-entre-jogadores-e-abel-alteracao-da-cbf-afeta-o-palmeiras-e-carlos-alberto-crava-campeao-do-campeonato-paulista-as-ultimas-noticias-do-palmeiras\/"},"wordCount":735,"commentCount":0,"image":{"@id":"https:\/\/www.gaveanews.com\/index.php\/2025\/03\/21\/clima-tenso-entre-jogadores-e-abel-alteracao-da-cbf-afeta-o-palmeiras-e-carlos-alberto-crava-campeao-do-campeonato-paulista-as-ultimas-noticias-do-palmeiras\/#primaryimage"},"thumbnailUrl":"https:\/\/www.gaveanews.com\/wp-content\/uploads\/Escudo-do-Palmeiras.webp","articleSection":["Palmeiras"],"inLanguage":"pt-BR","potentialAction":[{"@type":"CommentAction","name":"Comment","target":["https:\/\/www.gaveanews.com\/index.php\/2025\/03\/21\/clima-tenso-entre-jogadores-e-abel-alteracao-da-cbf-afeta-o-palmeiras-e-carlos-alberto-crava-campeao-do-campeonato-paulista-as-ultimas-noticias-do-palmeiras\/#respond"]}],"copyrightYear":"2025","copyrightHolder":{"@id":"https:\/\/www.gaveanews.com\/#organization"}},{"@type":"WebPage","@id":"https:\/\/www.gaveanews.com\/index.php\/2025\/03\/21\/clima-tenso-entre-jogadores-e-abel-alteracao-da-cbf-afeta-o-palmeiras-e-carlos-alberto-crava-campeao-do-campeonato-paulista-as-ultimas-noticias-do-palmeiras\/","url":"https:\/\/www.gaveanews.com\/index.php\/2025\/03\/21\/clima-tenso-entre-jogadores-e-abel-alteracao-da-cbf-afeta-o-palmeiras-e-carlos-alberto-crava-campeao-do-campeonato-paulista-as-ultimas-noticias-do-palmeiras\/","name":"Clima tenso entre jogadores e Abel, altera\u00e7\u00e3o da CBF afeta o Palmeiras e Carlos Alberto crava campe\u00e3o do Campeonato Paulista: as \u00faltimas not\u00edcias do Palmeiras","isPartOf":{"@id":"https:\/\/www.gaveanews.com\/#website"},"primaryImageOfPage":{"@id":"https:\/\/www.gaveanews.com\/index.php\/2025\/03\/21\/clima-tenso-entre-jogadores-e-abel-alteracao-da-cbf-afeta-o-palmeiras-e-carlos-alberto-crava-campeao-do-campeonato-paulista-as-ultimas-noticias-do-palmeiras\/#primaryimage"},"image":{"@id":"https:\/\/www.gaveanews.com\/index.php\/2025\/03\/21\/clima-tenso-entre-jogadores-e-abel-alteracao-da-cbf-afeta-o-palmeiras-e-carlos-alberto-crava-campeao-do-campeonato-paulista-as-ultimas-noticias-do-palmeiras\/#primaryimage"},"thumbnailUrl":"https:\/\/www.gaveanews.com\/wp-content\/uploads\/Escudo-do-Palmeiras.webp","datePublished":"2025-03-21T11:55:00+00:00","author":{"@id":"https:\/\/www.gaveanews.com\/#\/schema\/person\/c79759ca337c40791ae8d08e2923d403"},"breadcrumb":{"@id":"https:\/\/www.gaveanews.com\/index.php\/2025\/03\/21\/clima-tenso-entre-jogadores-e-abel-alteracao-da-cbf-afeta-o-palmeiras-e-carlos-alberto-crava-campeao-do-campeonato-paulista-as-ultimas-noticias-do-palmeiras\/#breadcrumb"},"inLanguage":"pt-BR","potentialAction":[{"@type":"ReadAction","target":["https:\/\/www.gaveanews.com\/index.php\/2025\/03\/21\/clima-tenso-entre-jogadores-e-abel-alteracao-da-cbf-afeta-o-palmeiras-e-carlos-alberto-crava-campeao-do-campeonato-paulista-as-ultimas-noticias-do-palmeiras\/"]}]},{"@type":"ImageObject","inLanguage":"pt-BR","@id":"https:\/\/www.gaveanews.com\/index.php\/2025\/03\/21\/clima-tenso-entre-jogadores-e-abel-alteracao-da-cbf-afeta-o-palmeiras-e-carlos-alberto-crava-campeao-do-campeonato-paulista-as-ultimas-noticias-do-palmeiras\/#primaryimage","url":"https:\/\/www.gaveanews.com\/wp-content\/uploads\/Escudo-do-Palmeiras.webp","contentUrl":"https:\/\/www.gaveanews.com\/wp-content\/uploads\/Escudo-do-Palmeiras.webp","width":680,"height":510,"caption":"Escudo do Palmeiras (Foto Reprodu\u00e7\u00e3o\/Instagram)"},{"@type":"BreadcrumbList","@id":"https:\/\/www.gaveanews.com\/index.php\/2025\/03\/21\/clima-tenso-entre-jogadores-e-abel-alteracao-da-cbf-afeta-o-palmeiras-e-carlos-alberto-crava-campeao-do-campeonato-paulista-as-ultimas-noticias-do-palmeiras\/#breadcrumb","itemListElement":[{"@type":"ListItem","position":1,"name":"Home","item":"https:\/\/www.gaveanews.com\/"},{"@type":"ListItem","position":2,"name":"Clima tenso entre jogadores e Abel, altera\u00e7\u00e3o da CBF afeta o Palmeiras e Carlos Alberto crava campe\u00e3o do Campeonato Paulista: as \u00faltimas not\u00edcias do Palmeiras"}]},{"@type":"WebSite","@id":"https:\/\/www.gaveanews.com\/#website","url":"https:\/\/www.gaveanews.com\/","name":"G\u00e1vea News","description":"Veja todas as not\u00edcias sobre o Flamengo: Contrata\u00e7\u00f5es, categorias de base, resultados das partidas, tabela de classifica\u00e7\u00e3o, pr\u00f3ximos jogos!","potentialAction":[{"@type":"SearchAction","target":{"@type":"EntryPoint","urlTemplate":"https:\/\/www.gaveanews.com\/?s={search_term_string}"},"query-input":{"@type":"PropertyValueSpecification","valueRequired":true,"valueName":"search_term_string"}}],"inLanguage":"pt-BR"},{"@type":"Person","@id":"https:\/\/www.gaveanews.com\/#\/schema\/person\/c79759ca337c40791ae8d08e2923d403","name":"Brenda Cezillo","image":{"@type":"ImageObject","inLanguage":"pt-BR","@id":"https:\/\/www.gaveanews.com\/#\/schema\/person\/image\/","url":"https:\/\/secure.gravatar.com\/avatar\/1738d75cee7317f9c29ae61dd67620c5883d80a92e42a6fff88ae5d527af217a?s=96&d=mm&r=g","contentUrl":"https:\/\/secure.gravatar.com\/avatar\/1738d75cee7317f9c29ae61dd67620c5883d80a92e42a6fff88ae5d527af217a?s=96&d=mm&r=g","caption":"Brenda Cezillo"}}]}},"_links":{"self":[{"href":"https:\/\/www.gaveanews.com\/index.php\/wp-json\/wp\/v2\/posts\/242740","targetHints":{"allow":["GET"]}}],"collection":[{"href":"https:\/\/www.gaveanews.com\/index.php\/wp-json\/wp\/v2\/posts"}],"about":[{"href":"https:\/\/www.gaveanews.com\/index.php\/wp-json\/wp\/v2\/types\/post"}],"author":[{"embeddable":true,"href":"https:\/\/www.gaveanews.com\/index.php\/wp-json\/wp\/v2\/users\/33"}],"replies":[{"embeddable":true,"href":"https:\/\/www.gaveanews.com\/index.php\/wp-json\/wp\/v2\/comments?post=242740"}],"version-history":[{"count":1,"href":"https:\/\/www.gaveanews.com\/index.php\/wp-json\/wp\/v2\/posts\/242740\/revisions"}],"predecessor-version":[{"id":242742,"href":"https:\/\/www.gaveanews.com\/index.php\/wp-json\/wp\/v2\/posts\/242740\/revisions\/242742"}],"wp:featuredmedia":[{"embeddable":true,"href":"https:\/\/www.gaveanews.com\/index.php\/wp-json\/wp\/v2\/media\/142887"}],"wp:attachment":[{"href":"https:\/\/www.gaveanews.com\/index.php\/wp-json\/wp\/v2\/media?parent=242740"}],"wp:term":[{"taxonomy":"category","embeddable":true,"href":"https:\/\/www.gaveanews.com\/index.php\/wp-json\/wp\/v2\/categories?post=242740"},{"taxonomy":"post_tag","embeddable":true,"href":"https:\/\/www.gaveanews.com\/index.php\/wp-json\/wp\/v2\/tags?post=242740"}],"curies":[{"name":"wp","href":"https:\/\/api.w.org\/{rel}","templated":true}]}}