{"id":242746,"date":"2025-03-21T10:50:00","date_gmt":"2025-03-21T13:50:00","guid":{"rendered":"https:\/\/www.gaveanews.com\/?p=242746"},"modified":"2025-03-21T10:30:34","modified_gmt":"2025-03-21T13:30:34","slug":"depay-ganha-repercussao-negativa-na-europa","status":"publish","type":"post","link":"https:\/\/www.gaveanews.com\/index.php\/2025\/03\/21\/depay-ganha-repercussao-negativa-na-europa\/","title":{"rendered":"Depay ganha repercuss\u00e3o negativa na Europa"},"content":{"rendered":"\n<p>Memphis Depay voltou \u00e0 sele\u00e7\u00e3o holandesa depois de mais de um ano, mas sua atua\u00e7\u00e3o contra a Espanha, pela Liga das Na\u00e7\u00f5es, n\u00e3o convenceu. O atacante do Corinthians passou em branco no empate por 2 a 2 e foi alvo de duras cr\u00edticas do jornal De Telegraaf, que classificou sua performance como \u201cinfeliz\u201d.&nbsp;<\/p>\n\n\n\n<p>Sendo assim, o retorno do camisa 10 acabou ganhando mais destaque pela repercuss\u00e3o negativa do que pelo pr\u00f3prio resultado da partida.<\/p>\n\n\n\n<h2 class=\"wp-block-heading\" id=\"h-jornal-holandes-nao-poupa-criticas\">Jornal holand\u00eas n\u00e3o poupa cr\u00edticas<\/h2>\n\n\n\n<figure class=\"wp-block-image size-full\"><img loading=\"lazy\" decoding=\"async\" width=\"720\" height=\"480\" src=\"http:\/\/www.gaveanews.com\/wp-content\/uploads\/frenkiedejong_1704401661730-edited.webp\" alt=\"\" class=\"wp-image-119672\" srcset=\"https:\/\/www.gaveanews.com\/wp-content\/uploads\/frenkiedejong_1704401661730-edited.webp 720w, https:\/\/www.gaveanews.com\/wp-content\/uploads\/frenkiedejong_1704401661730-edited-300x200.webp 300w, https:\/\/www.gaveanews.com\/wp-content\/uploads\/frenkiedejong_1704401661730-edited-630x420.webp 630w, https:\/\/www.gaveanews.com\/wp-content\/uploads\/frenkiedejong_1704401661730-edited-640x427.webp 640w, https:\/\/www.gaveanews.com\/wp-content\/uploads\/frenkiedejong_1704401661730-edited-681x454.webp 681w, https:\/\/www.gaveanews.com\/wp-content\/uploads\/frenkiedejong_1704401661730-edited-100x67.webp 100w\" sizes=\"auto, (max-width: 720px) 100vw, 720px\" \/><figcaption class=\"wp-element-caption\">Memphis Depay e Frenkie de Jong em a\u00e7\u00e3o pela sele\u00e7\u00e3o da Holanda (Foto: Reprodu\u00e7\u00e3o\/Instagram)<\/figcaption><\/figure>\n\n\n\n<p>O De Telegraaf descreveu Depay como um dos \u201cfilhos pr\u00f3digos\u201d da sele\u00e7\u00e3o, mas destacou que sua performance esteve longe do esperado.&nbsp;<\/p>\n\n\n\n<p>\u201cT\u00e3o bonito quanto o empate foi o passe sublime de Gakpo para \u2013 al\u00e9m de Frenkie \u2013 o outro &#8216;filho pr\u00f3digo&#8217; Memphis Depay, que viu Unai Simon defender seu chute. O azar que Memphis teve nesse quesito foi indicativo da partida infeliz que o esfor\u00e7ado jogador do Corinthians fez\u201d, publicou o jornal.<\/p>\n\n\n\n<p>Dessa maneira, a repercuss\u00e3o na imprensa europeia n\u00e3o foi favor\u00e1vel ao atacante, que atuou por 84 minutos e teve dificuldades para criar boas oportunidades.<\/p>\n\n\n\n<h2 class=\"wp-block-heading\" id=\"h-retorno-sem-brilho-e-desafios-pela-frente\">Retorno sem brilho e desafios pela frente<\/h2>\n\n\n\n<p>Vale destacar que Depay n\u00e3o defendia a sele\u00e7\u00e3o desde julho do ano passado, antes mesmo de acertar sua transfer\u00eancia para o Corinthians. Por isso, sua volta ao time nacional gerava expectativa, mas a falta de efici\u00eancia contra a Espanha gerou frustra\u00e7\u00e3o entre os torcedores e analistas.<\/p>\n\n\n\n<p>O atacante precisar\u00e1 demonstrar mais em campo caso queira continuar sendo convocado. Isso porque a concorr\u00eancia no setor ofensivo holand\u00eas \u00e9 forte, e um desempenho abaixo da m\u00e9dia pode custar espa\u00e7o na equipe.<\/p>\n\n\n\n<p>Cabe ressaltar que Depay \u00e9 um dos nomes mais experientes da sele\u00e7\u00e3o e, apesar das cr\u00edticas, ainda tem tempo para recuperar seu prest\u00edgio.&nbsp;<\/p>\n\n\n\n<p>Com isso, seu foco agora deve estar em reagir dentro de campo e provar que pode ser uma pe\u00e7a fundamental para a Holanda nos pr\u00f3ximos desafios.<\/p>\n","protected":false},"excerpt":{"rendered":"<p>Memphis Depay voltou \u00e0 sele\u00e7\u00e3o holandesa depois de mais de um ano, mas sua atua\u00e7\u00e3o contra a Espanha, pela Liga das Na\u00e7\u00f5es, n\u00e3o convenceu. O atacante do Corinthians passou em branco no empate por 2 a 2 e foi alvo de duras cr\u00edticas do jornal De Telegraaf, que classificou sua performance como \u201cinfeliz\u201d.&nbsp; Sendo assim, [&hellip;]<\/p>\n","protected":false},"author":25,"featured_media":199280,"comment_status":"open","ping_status":"closed","sticky":false,"template":"","format":"standard","meta":{"footnotes":""},"categories":[141],"tags":[],"class_list":["post-242746","post","type-post","status-publish","format-standard","has-post-thumbnail","hentry","category-corinthians"],"yoast_head":"<!-- This site is optimized with the Yoast SEO Premium plugin v24.2 (Yoast SEO v26.9) - https:\/\/yoast.com\/product\/yoast-seo-premium-wordpress\/ -->\n<title>Depay ganha repercuss\u00e3o negativa na Europa<\/title>\n<meta name=\"robots\" content=\"index, follow, max-snippet:-1, max-image-preview:large, max-video-preview:-1\" \/>\n<link rel=\"canonical\" href=\"https:\/\/www.gaveanews.com\/index.php\/2025\/03\/21\/depay-ganha-repercussao-negativa-na-europa\/\" \/>\n<meta property=\"og:locale\" content=\"pt_BR\" \/>\n<meta property=\"og:type\" content=\"article\" \/>\n<meta property=\"og:title\" content=\"Depay ganha repercuss\u00e3o negativa na Europa\" \/>\n<meta property=\"og:description\" content=\"Memphis Depay voltou \u00e0 sele\u00e7\u00e3o holandesa depois de mais de um ano, mas sua atua\u00e7\u00e3o contra a Espanha, pela Liga das Na\u00e7\u00f5es, n\u00e3o convenceu. O atacante do Corinthians passou em branco no empate por 2 a 2 e foi alvo de duras cr\u00edticas do jornal De Telegraaf, que classificou sua performance como \u201cinfeliz\u201d.&nbsp; Sendo assim, [&hellip;]\" \/>\n<meta property=\"og:url\" content=\"https:\/\/www.gaveanews.com\/index.php\/2025\/03\/21\/depay-ganha-repercussao-negativa-na-europa\/\" \/>\n<meta property=\"og:site_name\" content=\"G\u00e1vea News\" \/>\n<meta property=\"article:publisher\" content=\"https:\/\/facebook.com\/gaveaNews\/\" \/>\n<meta property=\"article:published_time\" content=\"2025-03-21T13:50:00+00:00\" \/>\n<meta property=\"og:image\" content=\"https:\/\/www.gaveanews.com\/wp-content\/uploads\/Memphis-Depay-pelo-Corinthians.webp\" \/>\n\t<meta property=\"og:image:width\" content=\"1170\" \/>\n\t<meta property=\"og:image:height\" content=\"1312\" \/>\n\t<meta property=\"og:image:type\" content=\"image\/jpeg\" \/>\n<meta name=\"author\" content=\"Rafaela Ladeira\" \/>\n<meta name=\"twitter:card\" content=\"summary_large_image\" \/>\n<meta name=\"twitter:label1\" content=\"Escrito por\" \/>\n\t<meta name=\"twitter:data1\" content=\"Rafaela Ladeira\" \/>\n\t<meta name=\"twitter:label2\" content=\"Est. tempo de leitura\" \/>\n\t<meta name=\"twitter:data2\" content=\"3 minutos\" \/>\n<script type=\"application\/ld+json\" class=\"yoast-schema-graph\">{\"@context\":\"https:\/\/schema.org\",\"@graph\":[{\"@type\":\"NewsArticle\",\"@id\":\"https:\/\/www.gaveanews.com\/index.php\/2025\/03\/21\/depay-ganha-repercussao-negativa-na-europa\/#article\",\"isPartOf\":{\"@id\":\"https:\/\/www.gaveanews.com\/index.php\/2025\/03\/21\/depay-ganha-repercussao-negativa-na-europa\/\"},\"author\":{\"name\":\"Rafaela Ladeira\",\"@id\":\"https:\/\/www.gaveanews.com\/#\/schema\/person\/0eb3e3fe1754f0205218538adbe8f5ed\"},\"headline\":\"Depay ganha repercuss\u00e3o negativa na Europa\",\"datePublished\":\"2025-03-21T13:50:00+00:00\",\"mainEntityOfPage\":{\"@id\":\"https:\/\/www.gaveanews.com\/index.php\/2025\/03\/21\/depay-ganha-repercussao-negativa-na-europa\/\"},\"wordCount\":363,\"commentCount\":0,\"image\":{\"@id\":\"https:\/\/www.gaveanews.com\/index.php\/2025\/03\/21\/depay-ganha-repercussao-negativa-na-europa\/#primaryimage\"},\"thumbnailUrl\":\"https:\/\/www.gaveanews.com\/wp-content\/uploads\/Memphis-Depay-pelo-Corinthians.webp\",\"articleSection\":[\"Corinthians\"],\"inLanguage\":\"pt-BR\",\"potentialAction\":[{\"@type\":\"CommentAction\",\"name\":\"Comment\",\"target\":[\"https:\/\/www.gaveanews.com\/index.php\/2025\/03\/21\/depay-ganha-repercussao-negativa-na-europa\/#respond\"]}],\"copyrightYear\":\"2025\",\"copyrightHolder\":{\"@id\":\"https:\/\/www.gaveanews.com\/#organization\"}},{\"@type\":\"WebPage\",\"@id\":\"https:\/\/www.gaveanews.com\/index.php\/2025\/03\/21\/depay-ganha-repercussao-negativa-na-europa\/\",\"url\":\"https:\/\/www.gaveanews.com\/index.php\/2025\/03\/21\/depay-ganha-repercussao-negativa-na-europa\/\",\"name\":\"Depay ganha repercuss\u00e3o negativa na Europa\",\"isPartOf\":{\"@id\":\"https:\/\/www.gaveanews.com\/#website\"},\"primaryImageOfPage\":{\"@id\":\"https:\/\/www.gaveanews.com\/index.php\/2025\/03\/21\/depay-ganha-repercussao-negativa-na-europa\/#primaryimage\"},\"image\":{\"@id\":\"https:\/\/www.gaveanews.com\/index.php\/2025\/03\/21\/depay-ganha-repercussao-negativa-na-europa\/#primaryimage\"},\"thumbnailUrl\":\"https:\/\/www.gaveanews.com\/wp-content\/uploads\/Memphis-Depay-pelo-Corinthians.webp\",\"datePublished\":\"2025-03-21T13:50:00+00:00\",\"author\":{\"@id\":\"https:\/\/www.gaveanews.com\/#\/schema\/person\/0eb3e3fe1754f0205218538adbe8f5ed\"},\"breadcrumb\":{\"@id\":\"https:\/\/www.gaveanews.com\/index.php\/2025\/03\/21\/depay-ganha-repercussao-negativa-na-europa\/#breadcrumb\"},\"inLanguage\":\"pt-BR\",\"potentialAction\":[{\"@type\":\"ReadAction\",\"target\":[\"https:\/\/www.gaveanews.com\/index.php\/2025\/03\/21\/depay-ganha-repercussao-negativa-na-europa\/\"]}]},{\"@type\":\"ImageObject\",\"inLanguage\":\"pt-BR\",\"@id\":\"https:\/\/www.gaveanews.com\/index.php\/2025\/03\/21\/depay-ganha-repercussao-negativa-na-europa\/#primaryimage\",\"url\":\"https:\/\/www.gaveanews.com\/wp-content\/uploads\/Memphis-Depay-pelo-Corinthians.webp\",\"contentUrl\":\"https:\/\/www.gaveanews.com\/wp-content\/uploads\/Memphis-Depay-pelo-Corinthians.webp\",\"width\":1170,\"height\":1312,\"caption\":\"Memphis Depay pelo Corinthians (Foto: Reprodu\u00e7\u00e3o\/Instagram Depay)\"},{\"@type\":\"BreadcrumbList\",\"@id\":\"https:\/\/www.gaveanews.com\/index.php\/2025\/03\/21\/depay-ganha-repercussao-negativa-na-europa\/#breadcrumb\",\"itemListElement\":[{\"@type\":\"ListItem\",\"position\":1,\"name\":\"Home\",\"item\":\"https:\/\/www.gaveanews.com\/\"},{\"@type\":\"ListItem\",\"position\":2,\"name\":\"Depay ganha repercuss\u00e3o negativa na Europa\"}]},{\"@type\":\"WebSite\",\"@id\":\"https:\/\/www.gaveanews.com\/#website\",\"url\":\"https:\/\/www.gaveanews.com\/\",\"name\":\"G\u00e1vea News\",\"description\":\"Veja todas as not\u00edcias sobre o Flamengo: Contrata\u00e7\u00f5es, categorias de base, resultados das partidas, tabela de classifica\u00e7\u00e3o, pr\u00f3ximos jogos!\",\"potentialAction\":[{\"@type\":\"SearchAction\",\"target\":{\"@type\":\"EntryPoint\",\"urlTemplate\":\"https:\/\/www.gaveanews.com\/?s={search_term_string}\"},\"query-input\":{\"@type\":\"PropertyValueSpecification\",\"valueRequired\":true,\"valueName\":\"search_term_string\"}}],\"inLanguage\":\"pt-BR\"},{\"@type\":\"Person\",\"@id\":\"https:\/\/www.gaveanews.com\/#\/schema\/person\/0eb3e3fe1754f0205218538adbe8f5ed\",\"name\":\"Rafaela Ladeira\",\"image\":{\"@type\":\"ImageObject\",\"inLanguage\":\"pt-BR\",\"@id\":\"https:\/\/www.gaveanews.com\/#\/schema\/person\/image\/\",\"url\":\"https:\/\/secure.gravatar.com\/avatar\/c31f513acffd85eacab5730cbdfdbbf59f21ba5aeada8cd890acea879fbb2455?s=96&d=mm&r=g\",\"contentUrl\":\"https:\/\/secure.gravatar.com\/avatar\/c31f513acffd85eacab5730cbdfdbbf59f21ba5aeada8cd890acea879fbb2455?s=96&d=mm&r=g\",\"caption\":\"Rafaela Ladeira\"}}]}<\/script>\n<!-- \/ Yoast SEO Premium plugin. -->","yoast_head_json":{"title":"Depay ganha repercuss\u00e3o negativa na Europa","robots":{"index":"index","follow":"follow","max-snippet":"max-snippet:-1","max-image-preview":"max-image-preview:large","max-video-preview":"max-video-preview:-1"},"canonical":"https:\/\/www.gaveanews.com\/index.php\/2025\/03\/21\/depay-ganha-repercussao-negativa-na-europa\/","og_locale":"pt_BR","og_type":"article","og_title":"Depay ganha repercuss\u00e3o negativa na Europa","og_description":"Memphis Depay voltou \u00e0 sele\u00e7\u00e3o holandesa depois de mais de um ano, mas sua atua\u00e7\u00e3o contra a Espanha, pela Liga das Na\u00e7\u00f5es, n\u00e3o convenceu. O atacante do Corinthians passou em branco no empate por 2 a 2 e foi alvo de duras cr\u00edticas do jornal De Telegraaf, que classificou sua performance como \u201cinfeliz\u201d.&nbsp; Sendo assim, [&hellip;]","og_url":"https:\/\/www.gaveanews.com\/index.php\/2025\/03\/21\/depay-ganha-repercussao-negativa-na-europa\/","og_site_name":"G\u00e1vea News","article_publisher":"https:\/\/facebook.com\/gaveaNews\/","article_published_time":"2025-03-21T13:50:00+00:00","og_image":[{"width":1170,"height":1312,"url":"https:\/\/www.gaveanews.com\/wp-content\/uploads\/Memphis-Depay-pelo-Corinthians.webp","type":"image\/jpeg"}],"author":"Rafaela Ladeira","twitter_card":"summary_large_image","twitter_misc":{"Escrito por":"Rafaela Ladeira","Est. tempo de leitura":"3 minutos"},"schema":{"@context":"https:\/\/schema.org","@graph":[{"@type":"NewsArticle","@id":"https:\/\/www.gaveanews.com\/index.php\/2025\/03\/21\/depay-ganha-repercussao-negativa-na-europa\/#article","isPartOf":{"@id":"https:\/\/www.gaveanews.com\/index.php\/2025\/03\/21\/depay-ganha-repercussao-negativa-na-europa\/"},"author":{"name":"Rafaela Ladeira","@id":"https:\/\/www.gaveanews.com\/#\/schema\/person\/0eb3e3fe1754f0205218538adbe8f5ed"},"headline":"Depay ganha repercuss\u00e3o negativa na Europa","datePublished":"2025-03-21T13:50:00+00:00","mainEntityOfPage":{"@id":"https:\/\/www.gaveanews.com\/index.php\/2025\/03\/21\/depay-ganha-repercussao-negativa-na-europa\/"},"wordCount":363,"commentCount":0,"image":{"@id":"https:\/\/www.gaveanews.com\/index.php\/2025\/03\/21\/depay-ganha-repercussao-negativa-na-europa\/#primaryimage"},"thumbnailUrl":"https:\/\/www.gaveanews.com\/wp-content\/uploads\/Memphis-Depay-pelo-Corinthians.webp","articleSection":["Corinthians"],"inLanguage":"pt-BR","potentialAction":[{"@type":"CommentAction","name":"Comment","target":["https:\/\/www.gaveanews.com\/index.php\/2025\/03\/21\/depay-ganha-repercussao-negativa-na-europa\/#respond"]}],"copyrightYear":"2025","copyrightHolder":{"@id":"https:\/\/www.gaveanews.com\/#organization"}},{"@type":"WebPage","@id":"https:\/\/www.gaveanews.com\/index.php\/2025\/03\/21\/depay-ganha-repercussao-negativa-na-europa\/","url":"https:\/\/www.gaveanews.com\/index.php\/2025\/03\/21\/depay-ganha-repercussao-negativa-na-europa\/","name":"Depay ganha repercuss\u00e3o negativa na Europa","isPartOf":{"@id":"https:\/\/www.gaveanews.com\/#website"},"primaryImageOfPage":{"@id":"https:\/\/www.gaveanews.com\/index.php\/2025\/03\/21\/depay-ganha-repercussao-negativa-na-europa\/#primaryimage"},"image":{"@id":"https:\/\/www.gaveanews.com\/index.php\/2025\/03\/21\/depay-ganha-repercussao-negativa-na-europa\/#primaryimage"},"thumbnailUrl":"https:\/\/www.gaveanews.com\/wp-content\/uploads\/Memphis-Depay-pelo-Corinthians.webp","datePublished":"2025-03-21T13:50:00+00:00","author":{"@id":"https:\/\/www.gaveanews.com\/#\/schema\/person\/0eb3e3fe1754f0205218538adbe8f5ed"},"breadcrumb":{"@id":"https:\/\/www.gaveanews.com\/index.php\/2025\/03\/21\/depay-ganha-repercussao-negativa-na-europa\/#breadcrumb"},"inLanguage":"pt-BR","potentialAction":[{"@type":"ReadAction","target":["https:\/\/www.gaveanews.com\/index.php\/2025\/03\/21\/depay-ganha-repercussao-negativa-na-europa\/"]}]},{"@type":"ImageObject","inLanguage":"pt-BR","@id":"https:\/\/www.gaveanews.com\/index.php\/2025\/03\/21\/depay-ganha-repercussao-negativa-na-europa\/#primaryimage","url":"https:\/\/www.gaveanews.com\/wp-content\/uploads\/Memphis-Depay-pelo-Corinthians.webp","contentUrl":"https:\/\/www.gaveanews.com\/wp-content\/uploads\/Memphis-Depay-pelo-Corinthians.webp","width":1170,"height":1312,"caption":"Memphis Depay pelo Corinthians (Foto: Reprodu\u00e7\u00e3o\/Instagram Depay)"},{"@type":"BreadcrumbList","@id":"https:\/\/www.gaveanews.com\/index.php\/2025\/03\/21\/depay-ganha-repercussao-negativa-na-europa\/#breadcrumb","itemListElement":[{"@type":"ListItem","position":1,"name":"Home","item":"https:\/\/www.gaveanews.com\/"},{"@type":"ListItem","position":2,"name":"Depay ganha repercuss\u00e3o negativa na Europa"}]},{"@type":"WebSite","@id":"https:\/\/www.gaveanews.com\/#website","url":"https:\/\/www.gaveanews.com\/","name":"G\u00e1vea News","description":"Veja todas as not\u00edcias sobre o Flamengo: Contrata\u00e7\u00f5es, categorias de base, resultados das partidas, tabela de classifica\u00e7\u00e3o, pr\u00f3ximos jogos!","potentialAction":[{"@type":"SearchAction","target":{"@type":"EntryPoint","urlTemplate":"https:\/\/www.gaveanews.com\/?s={search_term_string}"},"query-input":{"@type":"PropertyValueSpecification","valueRequired":true,"valueName":"search_term_string"}}],"inLanguage":"pt-BR"},{"@type":"Person","@id":"https:\/\/www.gaveanews.com\/#\/schema\/person\/0eb3e3fe1754f0205218538adbe8f5ed","name":"Rafaela Ladeira","image":{"@type":"ImageObject","inLanguage":"pt-BR","@id":"https:\/\/www.gaveanews.com\/#\/schema\/person\/image\/","url":"https:\/\/secure.gravatar.com\/avatar\/c31f513acffd85eacab5730cbdfdbbf59f21ba5aeada8cd890acea879fbb2455?s=96&d=mm&r=g","contentUrl":"https:\/\/secure.gravatar.com\/avatar\/c31f513acffd85eacab5730cbdfdbbf59f21ba5aeada8cd890acea879fbb2455?s=96&d=mm&r=g","caption":"Rafaela Ladeira"}}]}},"_links":{"self":[{"href":"https:\/\/www.gaveanews.com\/index.php\/wp-json\/wp\/v2\/posts\/242746","targetHints":{"allow":["GET"]}}],"collection":[{"href":"https:\/\/www.gaveanews.com\/index.php\/wp-json\/wp\/v2\/posts"}],"about":[{"href":"https:\/\/www.gaveanews.com\/index.php\/wp-json\/wp\/v2\/types\/post"}],"author":[{"embeddable":true,"href":"https:\/\/www.gaveanews.com\/index.php\/wp-json\/wp\/v2\/users\/25"}],"replies":[{"embeddable":true,"href":"https:\/\/www.gaveanews.com\/index.php\/wp-json\/wp\/v2\/comments?post=242746"}],"version-history":[{"count":1,"href":"https:\/\/www.gaveanews.com\/index.php\/wp-json\/wp\/v2\/posts\/242746\/revisions"}],"predecessor-version":[{"id":242747,"href":"https:\/\/www.gaveanews.com\/index.php\/wp-json\/wp\/v2\/posts\/242746\/revisions\/242747"}],"wp:featuredmedia":[{"embeddable":true,"href":"https:\/\/www.gaveanews.com\/index.php\/wp-json\/wp\/v2\/media\/199280"}],"wp:attachment":[{"href":"https:\/\/www.gaveanews.com\/index.php\/wp-json\/wp\/v2\/media?parent=242746"}],"wp:term":[{"taxonomy":"category","embeddable":true,"href":"https:\/\/www.gaveanews.com\/index.php\/wp-json\/wp\/v2\/categories?post=242746"},{"taxonomy":"post_tag","embeddable":true,"href":"https:\/\/www.gaveanews.com\/index.php\/wp-json\/wp\/v2\/tags?post=242746"}],"curies":[{"name":"wp","href":"https:\/\/api.w.org\/{rel}","templated":true}]}}