{"id":242759,"date":"2025-03-21T11:20:00","date_gmt":"2025-03-21T14:20:00","guid":{"rendered":"https:\/\/www.gaveanews.com\/?p=242759"},"modified":"2025-03-21T11:15:54","modified_gmt":"2025-03-21T14:15:54","slug":"vitor-sergio-rodrigues-revela-jogadores-do-flamengo-que-mais-lhe-irritavam","status":"publish","type":"post","link":"https:\/\/www.gaveanews.com\/index.php\/2025\/03\/21\/vitor-sergio-rodrigues-revela-jogadores-do-flamengo-que-mais-lhe-irritavam\/","title":{"rendered":"Vitor S\u00e9rgio Rodrigues revela jogadores do Flamengo que mais lhe irritavam"},"content":{"rendered":"\n<p>Ao longo dos anos, o Flamengo passou por diversas mudan\u00e7as e contrata\u00e7\u00f5es, mas nem todas elas agradaram a todos. Vitor S\u00e9rgio Rodrigues, comentarista experiente e ex-jornalista do esporte, destacou alguns jogadores que, segundo ele, n\u00e3o fizeram jus ao prest\u00edgio de vestir a camisa rubro-negra.&nbsp;<\/p>\n\n\n\n<p>Entre os mais criticados por VSR est\u00e3o Charles Guerreiro, Isla e Rafael Vaz, que, apesar de suas passagens pela equipe, n\u00e3o conseguiram conquistar a confian\u00e7a do comentarista.<\/p>\n\n\n\n<h2 class=\"wp-block-heading\" id=\"h-charles-guerreiro-e-rafael-vaz\">Charles Guerreiro e Rafael Vaz<\/h2>\n\n\n\n<blockquote class=\"twitter-tweet\" data-media-max-width=\"560\"><p lang=\"pt\" dir=\"ltr\">RAFAEL VAZ REALMENTE \u00c9 MUITO RUIM <a href=\"https:\/\/t.co\/RNMRI0QZz5\">pic.twitter.com\/RNMRI0QZz5<\/a><\/p>&mdash; \ud83c\uddee\ud83c\uddf1 BALBOA #ForaLulaLADR\u00c3O \ud83c\udde7\ud83c\uddf7\ud83c\uddfa\ud83c\uddf8 (@RockyFla18) <a href=\"https:\/\/twitter.com\/RockyFla18\/status\/1902674828445790521?ref_src=twsrc%5Etfw\">March 20, 2025<\/a><\/blockquote> <script async src=\"https:\/\/platform.twitter.com\/widgets.js\" charset=\"utf-8\"><\/script>\n\n\n\n<p>\u201cEle at\u00e9 era muito esfor\u00e7ado! Mas passavam muito pano pra ele\u201d, diz VSR sobre Charles Guerreiro, que teve uma passagem discreta pelo Flamengo.&nbsp;<\/p>\n\n\n\n<p>Embora n\u00e3o fosse um jogador de grandes destaques, Guerreiro era elogiado por sua dedica\u00e7\u00e3o em campo. No entanto, o comentarista destaca que a falta de qualidade t\u00e9cnica e a frequ\u00eancia de falhas fizeram com que o volante n\u00e3o ca\u00edsse nas gra\u00e7as da torcida.\u00a0<\/p>\n\n\n\n<p>J\u00e1 Rafael Vaz, que atuou como zagueiro no Flamengo, tamb\u00e9m n\u00e3o escapou das cr\u00edticas de Vitor S\u00e9rgio Rodrigues.\u00a0<\/p>\n\n\n\n<p>\u201cRafael Vaz n\u00e3o \u00e9 um zagueiro muito virtuoso. Ele disse que jogou mais que L\u00e9o Ortiz\u201d, comenta VSR, destacando os vacilos do defensor. Vaz, que chegou ao clube com status de promessa, acabou n\u00e3o se firmando e gerou frustra\u00e7\u00e3o tanto no comentarista quanto na torcida. Dessa maneira, a compara\u00e7\u00e3o com outros jogadores como L\u00e9o Ortiz s\u00f3 refor\u00e7ou a insatisfa\u00e7\u00e3o de muitos com seu desempenho.<\/p>\n\n\n\n<h2 class=\"wp-block-heading\" id=\"h-isla\">Isla<\/h2>\n\n\n\n<figure class=\"wp-block-image size-full\"><img loading=\"lazy\" decoding=\"async\" width=\"800\" height=\"533\" src=\"http:\/\/www.gaveanews.com\/wp-content\/uploads\/Mauricio-Isla-em-acao-pelo-Flamengo-contra-o-Internacional.webp\" alt=\"\" class=\"wp-image-50081\" srcset=\"https:\/\/www.gaveanews.com\/wp-content\/uploads\/Mauricio-Isla-em-acao-pelo-Flamengo-contra-o-Internacional.webp 800w, https:\/\/www.gaveanews.com\/wp-content\/uploads\/Mauricio-Isla-em-acao-pelo-Flamengo-contra-o-Internacional-300x200.webp 300w, https:\/\/www.gaveanews.com\/wp-content\/uploads\/Mauricio-Isla-em-acao-pelo-Flamengo-contra-o-Internacional-768x512.webp 768w, https:\/\/www.gaveanews.com\/wp-content\/uploads\/Mauricio-Isla-em-acao-pelo-Flamengo-contra-o-Internacional-630x420.webp 630w, https:\/\/www.gaveanews.com\/wp-content\/uploads\/Mauricio-Isla-em-acao-pelo-Flamengo-contra-o-Internacional-640x426.webp 640w, https:\/\/www.gaveanews.com\/wp-content\/uploads\/Mauricio-Isla-em-acao-pelo-Flamengo-contra-o-Internacional-681x454.webp 681w, https:\/\/www.gaveanews.com\/wp-content\/uploads\/Mauricio-Isla-em-acao-pelo-Flamengo-contra-o-Internacional-100x67.webp 100w\" sizes=\"auto, (max-width: 800px) 100vw, 800px\" \/><figcaption class=\"wp-element-caption\">Maur\u00edcio Isla em a\u00e7\u00e3o pelo Flamengo contra o Internacional (Foto: Marcelo Cortes\/Flamengo)<\/figcaption><\/figure>\n\n\n\n<p>Outro nome que gerou discord\u00e2ncia foi o de Gary Medel Isla. O chileno tamb\u00e9m n\u00e3o convenceu Vitor S\u00e9rgio Rodrigues.&nbsp;<\/p>\n\n\n\n<p>\u201cIsla ganhou a bola de prata de 2020 e n\u00e3o tem perigo do Isla ser um dos 10 melhores laterais direitos da temporada\u201d, revela VSR.&nbsp;<\/p>\n\n\n\n<p>Frequentemente era alvo de cr\u00edticas pela sua falta de consist\u00eancia nas partidas decisivas, o que afetava sua imagem no clube.<\/p>\n\n\n\n<p>Sendo assim, o Flamengo, como clube de grande tradi\u00e7\u00e3o, exige n\u00e3o apenas esfor\u00e7o, mas tamb\u00e9m compet\u00eancia t\u00e9cnica para garantir o sucesso.&nbsp;<\/p>\n\n\n\n<p>Por isso, esses jogadores, apesar de suas qualidades individuais, n\u00e3o conseguiram convencer VSR, que apontou as falhas como motivo de desconfian\u00e7a durante suas passagens pelo clube.<\/p>\n","protected":false},"excerpt":{"rendered":"<p>Ao longo dos anos, o Flamengo passou por diversas mudan\u00e7as e contrata\u00e7\u00f5es, mas nem todas elas agradaram a todos. Vitor S\u00e9rgio Rodrigues, comentarista experiente e ex-jornalista do esporte, destacou alguns jogadores que, segundo ele, n\u00e3o fizeram jus ao prest\u00edgio de vestir a camisa rubro-negra.&nbsp; Entre os mais criticados por VSR est\u00e3o Charles Guerreiro, Isla e [&hellip;]<\/p>\n","protected":false},"author":25,"featured_media":124684,"comment_status":"open","ping_status":"closed","sticky":false,"template":"","format":"standard","meta":{"footnotes":""},"categories":[1],"tags":[],"class_list":["post-242759","post","type-post","status-publish","format-standard","has-post-thumbnail","hentry","category-flamengo"],"yoast_head":"<!-- This site is optimized with the Yoast SEO Premium plugin v24.2 (Yoast SEO v26.9) - https:\/\/yoast.com\/product\/yoast-seo-premium-wordpress\/ -->\n<title>Vitor S\u00e9rgio Rodrigues revela jogadores do Flamengo que mais lhe irritavam<\/title>\n<meta name=\"robots\" content=\"index, follow, max-snippet:-1, max-image-preview:large, max-video-preview:-1\" \/>\n<link rel=\"canonical\" href=\"https:\/\/www.gaveanews.com\/index.php\/2025\/03\/21\/vitor-sergio-rodrigues-revela-jogadores-do-flamengo-que-mais-lhe-irritavam\/\" \/>\n<meta property=\"og:locale\" content=\"pt_BR\" \/>\n<meta property=\"og:type\" content=\"article\" \/>\n<meta property=\"og:title\" content=\"Vitor S\u00e9rgio Rodrigues revela jogadores do Flamengo que mais lhe irritavam\" \/>\n<meta property=\"og:description\" content=\"Ao longo dos anos, o Flamengo passou por diversas mudan\u00e7as e contrata\u00e7\u00f5es, mas nem todas elas agradaram a todos. Vitor S\u00e9rgio Rodrigues, comentarista experiente e ex-jornalista do esporte, destacou alguns jogadores que, segundo ele, n\u00e3o fizeram jus ao prest\u00edgio de vestir a camisa rubro-negra.&nbsp; Entre os mais criticados por VSR est\u00e3o Charles Guerreiro, Isla e [&hellip;]\" \/>\n<meta property=\"og:url\" content=\"https:\/\/www.gaveanews.com\/index.php\/2025\/03\/21\/vitor-sergio-rodrigues-revela-jogadores-do-flamengo-que-mais-lhe-irritavam\/\" \/>\n<meta property=\"og:site_name\" content=\"G\u00e1vea News\" \/>\n<meta property=\"article:publisher\" content=\"https:\/\/facebook.com\/gaveaNews\/\" \/>\n<meta property=\"article:published_time\" content=\"2025-03-21T14:20:00+00:00\" \/>\n<meta property=\"og:image\" content=\"https:\/\/www.gaveanews.com\/wp-content\/uploads\/escudoDoFlamengo.webp\" \/>\n\t<meta property=\"og:image:width\" content=\"1095\" \/>\n\t<meta property=\"og:image:height\" content=\"730\" \/>\n\t<meta property=\"og:image:type\" content=\"image\/webp\" \/>\n<meta name=\"author\" content=\"Rafaela Ladeira\" \/>\n<meta name=\"twitter:card\" content=\"summary_large_image\" \/>\n<meta name=\"twitter:label1\" content=\"Escrito por\" \/>\n\t<meta name=\"twitter:data1\" content=\"Rafaela Ladeira\" \/>\n\t<meta name=\"twitter:label2\" content=\"Est. tempo de leitura\" \/>\n\t<meta name=\"twitter:data2\" content=\"3 minutos\" \/>\n<script type=\"application\/ld+json\" class=\"yoast-schema-graph\">{\"@context\":\"https:\/\/schema.org\",\"@graph\":[{\"@type\":\"NewsArticle\",\"@id\":\"https:\/\/www.gaveanews.com\/index.php\/2025\/03\/21\/vitor-sergio-rodrigues-revela-jogadores-do-flamengo-que-mais-lhe-irritavam\/#article\",\"isPartOf\":{\"@id\":\"https:\/\/www.gaveanews.com\/index.php\/2025\/03\/21\/vitor-sergio-rodrigues-revela-jogadores-do-flamengo-que-mais-lhe-irritavam\/\"},\"author\":{\"name\":\"Rafaela Ladeira\",\"@id\":\"https:\/\/www.gaveanews.com\/#\/schema\/person\/0eb3e3fe1754f0205218538adbe8f5ed\"},\"headline\":\"Vitor S\u00e9rgio Rodrigues revela jogadores do Flamengo que mais lhe irritavam\",\"datePublished\":\"2025-03-21T14:20:00+00:00\",\"mainEntityOfPage\":{\"@id\":\"https:\/\/www.gaveanews.com\/index.php\/2025\/03\/21\/vitor-sergio-rodrigues-revela-jogadores-do-flamengo-que-mais-lhe-irritavam\/\"},\"wordCount\":424,\"commentCount\":0,\"image\":{\"@id\":\"https:\/\/www.gaveanews.com\/index.php\/2025\/03\/21\/vitor-sergio-rodrigues-revela-jogadores-do-flamengo-que-mais-lhe-irritavam\/#primaryimage\"},\"thumbnailUrl\":\"https:\/\/www.gaveanews.com\/wp-content\/uploads\/escudoDoFlamengo.webp\",\"articleSection\":[\"Flamengo\"],\"inLanguage\":\"pt-BR\",\"potentialAction\":[{\"@type\":\"CommentAction\",\"name\":\"Comment\",\"target\":[\"https:\/\/www.gaveanews.com\/index.php\/2025\/03\/21\/vitor-sergio-rodrigues-revela-jogadores-do-flamengo-que-mais-lhe-irritavam\/#respond\"]}],\"copyrightYear\":\"2025\",\"copyrightHolder\":{\"@id\":\"https:\/\/www.gaveanews.com\/#organization\"}},{\"@type\":\"WebPage\",\"@id\":\"https:\/\/www.gaveanews.com\/index.php\/2025\/03\/21\/vitor-sergio-rodrigues-revela-jogadores-do-flamengo-que-mais-lhe-irritavam\/\",\"url\":\"https:\/\/www.gaveanews.com\/index.php\/2025\/03\/21\/vitor-sergio-rodrigues-revela-jogadores-do-flamengo-que-mais-lhe-irritavam\/\",\"name\":\"Vitor S\u00e9rgio Rodrigues revela jogadores do Flamengo que mais lhe irritavam\",\"isPartOf\":{\"@id\":\"https:\/\/www.gaveanews.com\/#website\"},\"primaryImageOfPage\":{\"@id\":\"https:\/\/www.gaveanews.com\/index.php\/2025\/03\/21\/vitor-sergio-rodrigues-revela-jogadores-do-flamengo-que-mais-lhe-irritavam\/#primaryimage\"},\"image\":{\"@id\":\"https:\/\/www.gaveanews.com\/index.php\/2025\/03\/21\/vitor-sergio-rodrigues-revela-jogadores-do-flamengo-que-mais-lhe-irritavam\/#primaryimage\"},\"thumbnailUrl\":\"https:\/\/www.gaveanews.com\/wp-content\/uploads\/escudoDoFlamengo.webp\",\"datePublished\":\"2025-03-21T14:20:00+00:00\",\"author\":{\"@id\":\"https:\/\/www.gaveanews.com\/#\/schema\/person\/0eb3e3fe1754f0205218538adbe8f5ed\"},\"breadcrumb\":{\"@id\":\"https:\/\/www.gaveanews.com\/index.php\/2025\/03\/21\/vitor-sergio-rodrigues-revela-jogadores-do-flamengo-que-mais-lhe-irritavam\/#breadcrumb\"},\"inLanguage\":\"pt-BR\",\"potentialAction\":[{\"@type\":\"ReadAction\",\"target\":[\"https:\/\/www.gaveanews.com\/index.php\/2025\/03\/21\/vitor-sergio-rodrigues-revela-jogadores-do-flamengo-que-mais-lhe-irritavam\/\"]}]},{\"@type\":\"ImageObject\",\"inLanguage\":\"pt-BR\",\"@id\":\"https:\/\/www.gaveanews.com\/index.php\/2025\/03\/21\/vitor-sergio-rodrigues-revela-jogadores-do-flamengo-que-mais-lhe-irritavam\/#primaryimage\",\"url\":\"https:\/\/www.gaveanews.com\/wp-content\/uploads\/escudoDoFlamengo.webp\",\"contentUrl\":\"https:\/\/www.gaveanews.com\/wp-content\/uploads\/escudoDoFlamengo.webp\",\"width\":1095,\"height\":730,\"caption\":\"Centro de treinamento do Flamengo (Foto: Reprodu\u00e7\u00e3o)\"},{\"@type\":\"BreadcrumbList\",\"@id\":\"https:\/\/www.gaveanews.com\/index.php\/2025\/03\/21\/vitor-sergio-rodrigues-revela-jogadores-do-flamengo-que-mais-lhe-irritavam\/#breadcrumb\",\"itemListElement\":[{\"@type\":\"ListItem\",\"position\":1,\"name\":\"Home\",\"item\":\"https:\/\/www.gaveanews.com\/\"},{\"@type\":\"ListItem\",\"position\":2,\"name\":\"Vitor S\u00e9rgio Rodrigues revela jogadores do Flamengo que mais lhe irritavam\"}]},{\"@type\":\"WebSite\",\"@id\":\"https:\/\/www.gaveanews.com\/#website\",\"url\":\"https:\/\/www.gaveanews.com\/\",\"name\":\"G\u00e1vea News\",\"description\":\"Veja todas as not\u00edcias sobre o Flamengo: Contrata\u00e7\u00f5es, categorias de base, resultados das partidas, tabela de classifica\u00e7\u00e3o, pr\u00f3ximos jogos!\",\"potentialAction\":[{\"@type\":\"SearchAction\",\"target\":{\"@type\":\"EntryPoint\",\"urlTemplate\":\"https:\/\/www.gaveanews.com\/?s={search_term_string}\"},\"query-input\":{\"@type\":\"PropertyValueSpecification\",\"valueRequired\":true,\"valueName\":\"search_term_string\"}}],\"inLanguage\":\"pt-BR\"},{\"@type\":\"Person\",\"@id\":\"https:\/\/www.gaveanews.com\/#\/schema\/person\/0eb3e3fe1754f0205218538adbe8f5ed\",\"name\":\"Rafaela Ladeira\",\"image\":{\"@type\":\"ImageObject\",\"inLanguage\":\"pt-BR\",\"@id\":\"https:\/\/www.gaveanews.com\/#\/schema\/person\/image\/\",\"url\":\"https:\/\/secure.gravatar.com\/avatar\/c31f513acffd85eacab5730cbdfdbbf59f21ba5aeada8cd890acea879fbb2455?s=96&d=mm&r=g\",\"contentUrl\":\"https:\/\/secure.gravatar.com\/avatar\/c31f513acffd85eacab5730cbdfdbbf59f21ba5aeada8cd890acea879fbb2455?s=96&d=mm&r=g\",\"caption\":\"Rafaela Ladeira\"}}]}<\/script>\n<!-- \/ Yoast SEO Premium plugin. -->","yoast_head_json":{"title":"Vitor S\u00e9rgio Rodrigues revela jogadores do Flamengo que mais lhe irritavam","robots":{"index":"index","follow":"follow","max-snippet":"max-snippet:-1","max-image-preview":"max-image-preview:large","max-video-preview":"max-video-preview:-1"},"canonical":"https:\/\/www.gaveanews.com\/index.php\/2025\/03\/21\/vitor-sergio-rodrigues-revela-jogadores-do-flamengo-que-mais-lhe-irritavam\/","og_locale":"pt_BR","og_type":"article","og_title":"Vitor S\u00e9rgio Rodrigues revela jogadores do Flamengo que mais lhe irritavam","og_description":"Ao longo dos anos, o Flamengo passou por diversas mudan\u00e7as e contrata\u00e7\u00f5es, mas nem todas elas agradaram a todos. Vitor S\u00e9rgio Rodrigues, comentarista experiente e ex-jornalista do esporte, destacou alguns jogadores que, segundo ele, n\u00e3o fizeram jus ao prest\u00edgio de vestir a camisa rubro-negra.&nbsp; Entre os mais criticados por VSR est\u00e3o Charles Guerreiro, Isla e [&hellip;]","og_url":"https:\/\/www.gaveanews.com\/index.php\/2025\/03\/21\/vitor-sergio-rodrigues-revela-jogadores-do-flamengo-que-mais-lhe-irritavam\/","og_site_name":"G\u00e1vea News","article_publisher":"https:\/\/facebook.com\/gaveaNews\/","article_published_time":"2025-03-21T14:20:00+00:00","og_image":[{"width":1095,"height":730,"url":"https:\/\/www.gaveanews.com\/wp-content\/uploads\/escudoDoFlamengo.webp","type":"image\/webp"}],"author":"Rafaela Ladeira","twitter_card":"summary_large_image","twitter_misc":{"Escrito por":"Rafaela Ladeira","Est. tempo de leitura":"3 minutos"},"schema":{"@context":"https:\/\/schema.org","@graph":[{"@type":"NewsArticle","@id":"https:\/\/www.gaveanews.com\/index.php\/2025\/03\/21\/vitor-sergio-rodrigues-revela-jogadores-do-flamengo-que-mais-lhe-irritavam\/#article","isPartOf":{"@id":"https:\/\/www.gaveanews.com\/index.php\/2025\/03\/21\/vitor-sergio-rodrigues-revela-jogadores-do-flamengo-que-mais-lhe-irritavam\/"},"author":{"name":"Rafaela Ladeira","@id":"https:\/\/www.gaveanews.com\/#\/schema\/person\/0eb3e3fe1754f0205218538adbe8f5ed"},"headline":"Vitor S\u00e9rgio Rodrigues revela jogadores do Flamengo que mais lhe irritavam","datePublished":"2025-03-21T14:20:00+00:00","mainEntityOfPage":{"@id":"https:\/\/www.gaveanews.com\/index.php\/2025\/03\/21\/vitor-sergio-rodrigues-revela-jogadores-do-flamengo-que-mais-lhe-irritavam\/"},"wordCount":424,"commentCount":0,"image":{"@id":"https:\/\/www.gaveanews.com\/index.php\/2025\/03\/21\/vitor-sergio-rodrigues-revela-jogadores-do-flamengo-que-mais-lhe-irritavam\/#primaryimage"},"thumbnailUrl":"https:\/\/www.gaveanews.com\/wp-content\/uploads\/escudoDoFlamengo.webp","articleSection":["Flamengo"],"inLanguage":"pt-BR","potentialAction":[{"@type":"CommentAction","name":"Comment","target":["https:\/\/www.gaveanews.com\/index.php\/2025\/03\/21\/vitor-sergio-rodrigues-revela-jogadores-do-flamengo-que-mais-lhe-irritavam\/#respond"]}],"copyrightYear":"2025","copyrightHolder":{"@id":"https:\/\/www.gaveanews.com\/#organization"}},{"@type":"WebPage","@id":"https:\/\/www.gaveanews.com\/index.php\/2025\/03\/21\/vitor-sergio-rodrigues-revela-jogadores-do-flamengo-que-mais-lhe-irritavam\/","url":"https:\/\/www.gaveanews.com\/index.php\/2025\/03\/21\/vitor-sergio-rodrigues-revela-jogadores-do-flamengo-que-mais-lhe-irritavam\/","name":"Vitor S\u00e9rgio Rodrigues revela jogadores do Flamengo que mais lhe irritavam","isPartOf":{"@id":"https:\/\/www.gaveanews.com\/#website"},"primaryImageOfPage":{"@id":"https:\/\/www.gaveanews.com\/index.php\/2025\/03\/21\/vitor-sergio-rodrigues-revela-jogadores-do-flamengo-que-mais-lhe-irritavam\/#primaryimage"},"image":{"@id":"https:\/\/www.gaveanews.com\/index.php\/2025\/03\/21\/vitor-sergio-rodrigues-revela-jogadores-do-flamengo-que-mais-lhe-irritavam\/#primaryimage"},"thumbnailUrl":"https:\/\/www.gaveanews.com\/wp-content\/uploads\/escudoDoFlamengo.webp","datePublished":"2025-03-21T14:20:00+00:00","author":{"@id":"https:\/\/www.gaveanews.com\/#\/schema\/person\/0eb3e3fe1754f0205218538adbe8f5ed"},"breadcrumb":{"@id":"https:\/\/www.gaveanews.com\/index.php\/2025\/03\/21\/vitor-sergio-rodrigues-revela-jogadores-do-flamengo-que-mais-lhe-irritavam\/#breadcrumb"},"inLanguage":"pt-BR","potentialAction":[{"@type":"ReadAction","target":["https:\/\/www.gaveanews.com\/index.php\/2025\/03\/21\/vitor-sergio-rodrigues-revela-jogadores-do-flamengo-que-mais-lhe-irritavam\/"]}]},{"@type":"ImageObject","inLanguage":"pt-BR","@id":"https:\/\/www.gaveanews.com\/index.php\/2025\/03\/21\/vitor-sergio-rodrigues-revela-jogadores-do-flamengo-que-mais-lhe-irritavam\/#primaryimage","url":"https:\/\/www.gaveanews.com\/wp-content\/uploads\/escudoDoFlamengo.webp","contentUrl":"https:\/\/www.gaveanews.com\/wp-content\/uploads\/escudoDoFlamengo.webp","width":1095,"height":730,"caption":"Centro de treinamento do Flamengo (Foto: Reprodu\u00e7\u00e3o)"},{"@type":"BreadcrumbList","@id":"https:\/\/www.gaveanews.com\/index.php\/2025\/03\/21\/vitor-sergio-rodrigues-revela-jogadores-do-flamengo-que-mais-lhe-irritavam\/#breadcrumb","itemListElement":[{"@type":"ListItem","position":1,"name":"Home","item":"https:\/\/www.gaveanews.com\/"},{"@type":"ListItem","position":2,"name":"Vitor S\u00e9rgio Rodrigues revela jogadores do Flamengo que mais lhe irritavam"}]},{"@type":"WebSite","@id":"https:\/\/www.gaveanews.com\/#website","url":"https:\/\/www.gaveanews.com\/","name":"G\u00e1vea News","description":"Veja todas as not\u00edcias sobre o Flamengo: Contrata\u00e7\u00f5es, categorias de base, resultados das partidas, tabela de classifica\u00e7\u00e3o, pr\u00f3ximos jogos!","potentialAction":[{"@type":"SearchAction","target":{"@type":"EntryPoint","urlTemplate":"https:\/\/www.gaveanews.com\/?s={search_term_string}"},"query-input":{"@type":"PropertyValueSpecification","valueRequired":true,"valueName":"search_term_string"}}],"inLanguage":"pt-BR"},{"@type":"Person","@id":"https:\/\/www.gaveanews.com\/#\/schema\/person\/0eb3e3fe1754f0205218538adbe8f5ed","name":"Rafaela Ladeira","image":{"@type":"ImageObject","inLanguage":"pt-BR","@id":"https:\/\/www.gaveanews.com\/#\/schema\/person\/image\/","url":"https:\/\/secure.gravatar.com\/avatar\/c31f513acffd85eacab5730cbdfdbbf59f21ba5aeada8cd890acea879fbb2455?s=96&d=mm&r=g","contentUrl":"https:\/\/secure.gravatar.com\/avatar\/c31f513acffd85eacab5730cbdfdbbf59f21ba5aeada8cd890acea879fbb2455?s=96&d=mm&r=g","caption":"Rafaela Ladeira"}}]}},"_links":{"self":[{"href":"https:\/\/www.gaveanews.com\/index.php\/wp-json\/wp\/v2\/posts\/242759","targetHints":{"allow":["GET"]}}],"collection":[{"href":"https:\/\/www.gaveanews.com\/index.php\/wp-json\/wp\/v2\/posts"}],"about":[{"href":"https:\/\/www.gaveanews.com\/index.php\/wp-json\/wp\/v2\/types\/post"}],"author":[{"embeddable":true,"href":"https:\/\/www.gaveanews.com\/index.php\/wp-json\/wp\/v2\/users\/25"}],"replies":[{"embeddable":true,"href":"https:\/\/www.gaveanews.com\/index.php\/wp-json\/wp\/v2\/comments?post=242759"}],"version-history":[{"count":1,"href":"https:\/\/www.gaveanews.com\/index.php\/wp-json\/wp\/v2\/posts\/242759\/revisions"}],"predecessor-version":[{"id":242761,"href":"https:\/\/www.gaveanews.com\/index.php\/wp-json\/wp\/v2\/posts\/242759\/revisions\/242761"}],"wp:featuredmedia":[{"embeddable":true,"href":"https:\/\/www.gaveanews.com\/index.php\/wp-json\/wp\/v2\/media\/124684"}],"wp:attachment":[{"href":"https:\/\/www.gaveanews.com\/index.php\/wp-json\/wp\/v2\/media?parent=242759"}],"wp:term":[{"taxonomy":"category","embeddable":true,"href":"https:\/\/www.gaveanews.com\/index.php\/wp-json\/wp\/v2\/categories?post=242759"},{"taxonomy":"post_tag","embeddable":true,"href":"https:\/\/www.gaveanews.com\/index.php\/wp-json\/wp\/v2\/tags?post=242759"}],"curies":[{"name":"wp","href":"https:\/\/api.w.org\/{rel}","templated":true}]}}