{"id":242770,"date":"2025-03-21T12:05:00","date_gmt":"2025-03-21T15:05:00","guid":{"rendered":"https:\/\/www.gaveanews.com\/?p=242770"},"modified":"2025-03-21T11:52:44","modified_gmt":"2025-03-21T14:52:44","slug":"filipe-luis-ganha-desafio-extra-na-copa-libertadores-pelo-flamengo","status":"publish","type":"post","link":"https:\/\/www.gaveanews.com\/index.php\/2025\/03\/21\/filipe-luis-ganha-desafio-extra-na-copa-libertadores-pelo-flamengo\/","title":{"rendered":"Filipe Lu\u00eds ganha desafio extra na Copa Libertadores pelo Flamengo"},"content":{"rendered":"\n<p>A fase de grupos da Libertadores de 2025 ser\u00e1 um grande desafio log\u00edstico para o Flamengo. O time precisar\u00e1 percorrer mais de 22 mil quil\u00f4metros para enfrentar tr\u00eas advers\u00e1rios em tr\u00eas pa\u00edses diferentes: Venezuela, Argentina e Equador.&nbsp;<\/p>\n\n\n\n<p>Esse trajeto, que inclui deslocamentos longos e diversos meios de transporte, ser\u00e1 exigente para os jogadores que ter\u00e3o que lidar com as dificuldades f\u00edsicas e emocionais de tantas viagens.<\/p>\n\n\n\n<h2 class=\"wp-block-heading\" id=\"h-venezuela-e-o-deportivo-tachira\">Venezuela e o Deportivo T\u00e1chira<\/h2>\n\n\n\n<figure class=\"wp-block-image size-large\"><img loading=\"lazy\" decoding=\"async\" width=\"1024\" height=\"683\" src=\"http:\/\/www.gaveanews.com\/wp-content\/uploads\/Filipe-Luis-como-tecnico-do-Flamengo-em-2024-1024x683.webp\" alt=\"\" class=\"wp-image-171213\" srcset=\"https:\/\/www.gaveanews.com\/wp-content\/uploads\/Filipe-Luis-como-tecnico-do-Flamengo-em-2024-1024x683.webp 1024w, https:\/\/www.gaveanews.com\/wp-content\/uploads\/Filipe-Luis-como-tecnico-do-Flamengo-em-2024-300x200.webp 300w, https:\/\/www.gaveanews.com\/wp-content\/uploads\/Filipe-Luis-como-tecnico-do-Flamengo-em-2024-768x512.webp 768w, https:\/\/www.gaveanews.com\/wp-content\/uploads\/Filipe-Luis-como-tecnico-do-Flamengo-em-2024-630x420.webp 630w, https:\/\/www.gaveanews.com\/wp-content\/uploads\/Filipe-Luis-como-tecnico-do-Flamengo-em-2024-640x427.webp 640w, https:\/\/www.gaveanews.com\/wp-content\/uploads\/Filipe-Luis-como-tecnico-do-Flamengo-em-2024-681x454.webp 681w, https:\/\/www.gaveanews.com\/wp-content\/uploads\/Filipe-Luis-como-tecnico-do-Flamengo-em-2024-100x67.webp 100w, https:\/\/www.gaveanews.com\/wp-content\/uploads\/Filipe-Luis-como-tecnico-do-Flamengo-em-2024.webp 1065w\" sizes=\"auto, (max-width: 1024px) 100vw, 1024px\" \/><figcaption class=\"wp-element-caption\">Filipe Lu\u00eds como t\u00e9cnico do Flamengo em 2024 (Foto: Gilvan de Souza e Marcelo Cortes \/ CRF)<\/figcaption><\/figure>\n\n\n\n<p>A estreia do Flamengo ser\u00e1 no dia 3 de abril, contra o Deportivo T\u00e1chira, na cidade de San Crist\u00f3bal, na Venezuela. S\u00e3o 4.628 km do Rio de Janeiro at\u00e9 o destino, e esse ser\u00e1 o desafio log\u00edstico mais complexo da fase de grupos.&nbsp;<\/p>\n\n\n\n<p>Isso porque o Flamengo precisar\u00e1 realizar um voo de mais de seis horas at\u00e9 Santo Domingo, seguido de uma hora de \u00f4nibus at\u00e9 San Crist\u00f3bal. Essa parte do trajeto pode ser um desafio extra, j\u00e1 que encontrar voos diretos para a Venezuela \u00e9 complicado.&nbsp;<\/p>\n\n\n\n<p>Vale destacar que a situa\u00e7\u00e3o pol\u00edtica e econ\u00f4mica do pa\u00eds pode afetar a log\u00edstica, exigindo mais aten\u00e7\u00e3o da comiss\u00e3o t\u00e9cnica e da diretoria.<\/p>\n\n\n\n<h2 class=\"wp-block-heading\" id=\"h-viagem-para-a-argentina\">Viagem para a Argentina<\/h2>\n\n\n\n<p>No dia 9 de abril, o Flamengo enfrentar\u00e1 o Central C\u00f3rdoba, na cidade de Santiago del Estero, na Argentina. A cidade est\u00e1 localizada a 2.188 km do Rio, e o Flamengo far\u00e1 um voo direto de pouco mais de duas horas e meia.&nbsp;<\/p>\n\n\n\n<p>Embora o trajeto n\u00e3o seja t\u00e3o longo quanto o da Venezuela, a log\u00edstica de viagens ainda \u00e9 um fator importante para o sucesso do time na competi\u00e7\u00e3o. Com isso, o Flamengo precisa otimizar o descanso dos jogadores e preparar a equipe para as exig\u00eancias f\u00edsicas dessas viagens.<\/p>\n\n\n\n<h2 class=\"wp-block-heading\" id=\"h-desafio-na-altitude\">Desafio na altitude<\/h2>\n\n\n\n<p>A \u00faltima viagem da fase de grupos ser\u00e1 para enfrentar a LDU, em Quito, no Equador. Localizada a 2.850 metros de altitude, a cidade representa um desafio extra para o Flamengo, principalmente para Filipe Lu\u00eds, que ter\u00e1 que adaptar seu corpo ao ar rarefeito.&nbsp;<\/p>\n\n\n\n<p>O voo do Rio at\u00e9 Quito \u00e9 de mais de cinco horas, cobrindo 4.553 km. Cabe ressaltar que a altitude de Quito tem sido um obst\u00e1culo para muitas equipes que visitam a cidade, exigindo um esfor\u00e7o f\u00edsico consider\u00e1vel.<\/p>\n\n\n\n<h2 class=\"wp-block-heading\" id=\"h-o-total-de-viagens-do-flamengo\">O total de viagens do Flamengo<\/h2>\n\n\n\n<figure class=\"wp-block-image size-full\"><img loading=\"lazy\" decoding=\"async\" width=\"636\" height=\"419\" src=\"http:\/\/www.gaveanews.com\/wp-content\/uploads\/Flamengo-em-jogo-contra-o-Penarol-pelas-quartas-de-final-da-Libertadores-no-Maracana.webp\" alt=\"\" class=\"wp-image-167891\" srcset=\"https:\/\/www.gaveanews.com\/wp-content\/uploads\/Flamengo-em-jogo-contra-o-Penarol-pelas-quartas-de-final-da-Libertadores-no-Maracana.webp 636w, https:\/\/www.gaveanews.com\/wp-content\/uploads\/Flamengo-em-jogo-contra-o-Penarol-pelas-quartas-de-final-da-Libertadores-no-Maracana-300x198.webp 300w, https:\/\/www.gaveanews.com\/wp-content\/uploads\/Flamengo-em-jogo-contra-o-Penarol-pelas-quartas-de-final-da-Libertadores-no-Maracana-100x66.webp 100w\" sizes=\"auto, (max-width: 636px) 100vw, 636px\" \/><figcaption class=\"wp-element-caption\">Flamengo em jogo contra o Pe\u00f1arol, pelas quartas de final da Libertadores, no Maracan\u00e3 (Foto: Marcelo Cortes\/CRF)<\/figcaption><\/figure>\n\n\n\n<p>No total, somando as idas e voltas, o Flamengo percorrer\u00e1 22.738 km durante a fase de grupos da Libertadores. Com jogos intensos e viagens desgastantes, o time precisar\u00e1 de uma prepara\u00e7\u00e3o f\u00edsica e mental s\u00f3lida para manter o n\u00edvel de desempenho nas tr\u00eas partidas fora de casa.<\/p>\n\n\n\n<p><strong>Tabela de jogos do Flamengo na fase de grupos da Libertadores 2025<\/strong>:<\/p>\n\n\n\n<ul class=\"wp-block-list\">\n<li><strong>03\/04, 21h30<\/strong>: Deportivo T\u00e1chira x Flamengo (Venezuela)<br><\/li>\n\n\n\n<li><strong>09\/04, 21h30<\/strong>: Flamengo x Central C\u00f3rdoba (Argentina)<br><\/li>\n\n\n\n<li><strong>22\/04, 19h<\/strong>: LDU x Flamengo (Equador)<br><\/li>\n\n\n\n<li><strong>07\/05, 21h30<\/strong>: Central C\u00f3rdoba x Flamengo (Argentina)<br><\/li>\n\n\n\n<li><strong>15\/05, 21h30<\/strong>: Flamengo x LDU (Brasil)<br><\/li>\n\n\n\n<li><strong>28\/05, 21h30<\/strong>: Flamengo x Deportivo T\u00e1chira (Brasil)<br><\/li>\n<\/ul>\n\n\n\n<p>Desse jeito, o Flamengo ter\u00e1 que se adaptar a diferentes realidades log\u00edsticas e culturais, enfrentando desafios de viagem e clima, mas com o objetivo de conquistar o tetracampeonato da Libertadores.<\/p>\n","protected":false},"excerpt":{"rendered":"<p>A fase de grupos da Libertadores de 2025 ser\u00e1 um grande desafio log\u00edstico para o Flamengo. O time precisar\u00e1 percorrer mais de 22 mil quil\u00f4metros para enfrentar tr\u00eas advers\u00e1rios em tr\u00eas pa\u00edses diferentes: Venezuela, Argentina e Equador.&nbsp; Esse trajeto, que inclui deslocamentos longos e diversos meios de transporte, ser\u00e1 exigente para os jogadores que ter\u00e3o [&hellip;]<\/p>\n","protected":false},"author":25,"featured_media":161321,"comment_status":"open","ping_status":"closed","sticky":false,"template":"","format":"standard","meta":{"footnotes":""},"categories":[1],"tags":[],"class_list":["post-242770","post","type-post","status-publish","format-standard","has-post-thumbnail","hentry","category-flamengo"],"yoast_head":"<!-- This site is optimized with the Yoast SEO Premium plugin v24.2 (Yoast SEO v26.9) - https:\/\/yoast.com\/product\/yoast-seo-premium-wordpress\/ -->\n<title>Filipe Lu\u00eds ganha desafio extra na Copa Libertadores pelo Flamengo<\/title>\n<meta name=\"robots\" content=\"index, follow, max-snippet:-1, max-image-preview:large, max-video-preview:-1\" \/>\n<link rel=\"canonical\" href=\"https:\/\/www.gaveanews.com\/index.php\/2025\/03\/21\/filipe-luis-ganha-desafio-extra-na-copa-libertadores-pelo-flamengo\/\" \/>\n<meta property=\"og:locale\" content=\"pt_BR\" \/>\n<meta property=\"og:type\" content=\"article\" \/>\n<meta property=\"og:title\" content=\"Filipe Lu\u00eds ganha desafio extra na Copa Libertadores pelo Flamengo\" \/>\n<meta property=\"og:description\" content=\"A fase de grupos da Libertadores de 2025 ser\u00e1 um grande desafio log\u00edstico para o Flamengo. O time precisar\u00e1 percorrer mais de 22 mil quil\u00f4metros para enfrentar tr\u00eas advers\u00e1rios em tr\u00eas pa\u00edses diferentes: Venezuela, Argentina e Equador.&nbsp; Esse trajeto, que inclui deslocamentos longos e diversos meios de transporte, ser\u00e1 exigente para os jogadores que ter\u00e3o [&hellip;]\" \/>\n<meta property=\"og:url\" content=\"https:\/\/www.gaveanews.com\/index.php\/2025\/03\/21\/filipe-luis-ganha-desafio-extra-na-copa-libertadores-pelo-flamengo\/\" \/>\n<meta property=\"og:site_name\" content=\"G\u00e1vea News\" \/>\n<meta property=\"article:publisher\" content=\"https:\/\/facebook.com\/gaveaNews\/\" \/>\n<meta property=\"article:published_time\" content=\"2025-03-21T15:05:00+00:00\" \/>\n<meta property=\"og:image\" content=\"https:\/\/www.gaveanews.com\/wp-content\/uploads\/filipe-luis-campeao-maracana-860x538-1.webp\" \/>\n\t<meta property=\"og:image:width\" content=\"860\" \/>\n\t<meta property=\"og:image:height\" content=\"538\" \/>\n\t<meta property=\"og:image:type\" content=\"image\/webp\" \/>\n<meta name=\"author\" content=\"Rafaela Ladeira\" \/>\n<meta name=\"twitter:card\" content=\"summary_large_image\" \/>\n<meta name=\"twitter:label1\" content=\"Escrito por\" \/>\n\t<meta name=\"twitter:data1\" content=\"Rafaela Ladeira\" \/>\n\t<meta name=\"twitter:label2\" content=\"Est. tempo de leitura\" \/>\n\t<meta name=\"twitter:data2\" content=\"4 minutos\" \/>\n<script type=\"application\/ld+json\" class=\"yoast-schema-graph\">{\"@context\":\"https:\/\/schema.org\",\"@graph\":[{\"@type\":\"NewsArticle\",\"@id\":\"https:\/\/www.gaveanews.com\/index.php\/2025\/03\/21\/filipe-luis-ganha-desafio-extra-na-copa-libertadores-pelo-flamengo\/#article\",\"isPartOf\":{\"@id\":\"https:\/\/www.gaveanews.com\/index.php\/2025\/03\/21\/filipe-luis-ganha-desafio-extra-na-copa-libertadores-pelo-flamengo\/\"},\"author\":{\"name\":\"Rafaela Ladeira\",\"@id\":\"https:\/\/www.gaveanews.com\/#\/schema\/person\/0eb3e3fe1754f0205218538adbe8f5ed\"},\"headline\":\"Filipe Lu\u00eds ganha desafio extra na Copa Libertadores pelo Flamengo\",\"datePublished\":\"2025-03-21T15:05:00+00:00\",\"mainEntityOfPage\":{\"@id\":\"https:\/\/www.gaveanews.com\/index.php\/2025\/03\/21\/filipe-luis-ganha-desafio-extra-na-copa-libertadores-pelo-flamengo\/\"},\"wordCount\":572,\"commentCount\":0,\"image\":{\"@id\":\"https:\/\/www.gaveanews.com\/index.php\/2025\/03\/21\/filipe-luis-ganha-desafio-extra-na-copa-libertadores-pelo-flamengo\/#primaryimage\"},\"thumbnailUrl\":\"https:\/\/www.gaveanews.com\/wp-content\/uploads\/filipe-luis-campeao-maracana-860x538-1.webp\",\"articleSection\":[\"Flamengo\"],\"inLanguage\":\"pt-BR\",\"potentialAction\":[{\"@type\":\"CommentAction\",\"name\":\"Comment\",\"target\":[\"https:\/\/www.gaveanews.com\/index.php\/2025\/03\/21\/filipe-luis-ganha-desafio-extra-na-copa-libertadores-pelo-flamengo\/#respond\"]}],\"copyrightYear\":\"2025\",\"copyrightHolder\":{\"@id\":\"https:\/\/www.gaveanews.com\/#organization\"}},{\"@type\":\"WebPage\",\"@id\":\"https:\/\/www.gaveanews.com\/index.php\/2025\/03\/21\/filipe-luis-ganha-desafio-extra-na-copa-libertadores-pelo-flamengo\/\",\"url\":\"https:\/\/www.gaveanews.com\/index.php\/2025\/03\/21\/filipe-luis-ganha-desafio-extra-na-copa-libertadores-pelo-flamengo\/\",\"name\":\"Filipe Lu\u00eds ganha desafio extra na Copa Libertadores pelo Flamengo\",\"isPartOf\":{\"@id\":\"https:\/\/www.gaveanews.com\/#website\"},\"primaryImageOfPage\":{\"@id\":\"https:\/\/www.gaveanews.com\/index.php\/2025\/03\/21\/filipe-luis-ganha-desafio-extra-na-copa-libertadores-pelo-flamengo\/#primaryimage\"},\"image\":{\"@id\":\"https:\/\/www.gaveanews.com\/index.php\/2025\/03\/21\/filipe-luis-ganha-desafio-extra-na-copa-libertadores-pelo-flamengo\/#primaryimage\"},\"thumbnailUrl\":\"https:\/\/www.gaveanews.com\/wp-content\/uploads\/filipe-luis-campeao-maracana-860x538-1.webp\",\"datePublished\":\"2025-03-21T15:05:00+00:00\",\"author\":{\"@id\":\"https:\/\/www.gaveanews.com\/#\/schema\/person\/0eb3e3fe1754f0205218538adbe8f5ed\"},\"breadcrumb\":{\"@id\":\"https:\/\/www.gaveanews.com\/index.php\/2025\/03\/21\/filipe-luis-ganha-desafio-extra-na-copa-libertadores-pelo-flamengo\/#breadcrumb\"},\"inLanguage\":\"pt-BR\",\"potentialAction\":[{\"@type\":\"ReadAction\",\"target\":[\"https:\/\/www.gaveanews.com\/index.php\/2025\/03\/21\/filipe-luis-ganha-desafio-extra-na-copa-libertadores-pelo-flamengo\/\"]}]},{\"@type\":\"ImageObject\",\"inLanguage\":\"pt-BR\",\"@id\":\"https:\/\/www.gaveanews.com\/index.php\/2025\/03\/21\/filipe-luis-ganha-desafio-extra-na-copa-libertadores-pelo-flamengo\/#primaryimage\",\"url\":\"https:\/\/www.gaveanews.com\/wp-content\/uploads\/filipe-luis-campeao-maracana-860x538-1.webp\",\"contentUrl\":\"https:\/\/www.gaveanews.com\/wp-content\/uploads\/filipe-luis-campeao-maracana-860x538-1.webp\",\"width\":860,\"height\":538,\"caption\":\"Foto: Adriano Fontes \/ Flamengo\"},{\"@type\":\"BreadcrumbList\",\"@id\":\"https:\/\/www.gaveanews.com\/index.php\/2025\/03\/21\/filipe-luis-ganha-desafio-extra-na-copa-libertadores-pelo-flamengo\/#breadcrumb\",\"itemListElement\":[{\"@type\":\"ListItem\",\"position\":1,\"name\":\"Home\",\"item\":\"https:\/\/www.gaveanews.com\/\"},{\"@type\":\"ListItem\",\"position\":2,\"name\":\"Filipe Lu\u00eds ganha desafio extra na Copa Libertadores pelo Flamengo\"}]},{\"@type\":\"WebSite\",\"@id\":\"https:\/\/www.gaveanews.com\/#website\",\"url\":\"https:\/\/www.gaveanews.com\/\",\"name\":\"G\u00e1vea News\",\"description\":\"Veja todas as not\u00edcias sobre o Flamengo: Contrata\u00e7\u00f5es, categorias de base, resultados das partidas, tabela de classifica\u00e7\u00e3o, pr\u00f3ximos jogos!\",\"potentialAction\":[{\"@type\":\"SearchAction\",\"target\":{\"@type\":\"EntryPoint\",\"urlTemplate\":\"https:\/\/www.gaveanews.com\/?s={search_term_string}\"},\"query-input\":{\"@type\":\"PropertyValueSpecification\",\"valueRequired\":true,\"valueName\":\"search_term_string\"}}],\"inLanguage\":\"pt-BR\"},{\"@type\":\"Person\",\"@id\":\"https:\/\/www.gaveanews.com\/#\/schema\/person\/0eb3e3fe1754f0205218538adbe8f5ed\",\"name\":\"Rafaela Ladeira\",\"image\":{\"@type\":\"ImageObject\",\"inLanguage\":\"pt-BR\",\"@id\":\"https:\/\/www.gaveanews.com\/#\/schema\/person\/image\/\",\"url\":\"https:\/\/secure.gravatar.com\/avatar\/c31f513acffd85eacab5730cbdfdbbf59f21ba5aeada8cd890acea879fbb2455?s=96&d=mm&r=g\",\"contentUrl\":\"https:\/\/secure.gravatar.com\/avatar\/c31f513acffd85eacab5730cbdfdbbf59f21ba5aeada8cd890acea879fbb2455?s=96&d=mm&r=g\",\"caption\":\"Rafaela Ladeira\"}}]}<\/script>\n<!-- \/ Yoast SEO Premium plugin. -->","yoast_head_json":{"title":"Filipe Lu\u00eds ganha desafio extra na Copa Libertadores pelo Flamengo","robots":{"index":"index","follow":"follow","max-snippet":"max-snippet:-1","max-image-preview":"max-image-preview:large","max-video-preview":"max-video-preview:-1"},"canonical":"https:\/\/www.gaveanews.com\/index.php\/2025\/03\/21\/filipe-luis-ganha-desafio-extra-na-copa-libertadores-pelo-flamengo\/","og_locale":"pt_BR","og_type":"article","og_title":"Filipe Lu\u00eds ganha desafio extra na Copa Libertadores pelo Flamengo","og_description":"A fase de grupos da Libertadores de 2025 ser\u00e1 um grande desafio log\u00edstico para o Flamengo. O time precisar\u00e1 percorrer mais de 22 mil quil\u00f4metros para enfrentar tr\u00eas advers\u00e1rios em tr\u00eas pa\u00edses diferentes: Venezuela, Argentina e Equador.&nbsp; Esse trajeto, que inclui deslocamentos longos e diversos meios de transporte, ser\u00e1 exigente para os jogadores que ter\u00e3o [&hellip;]","og_url":"https:\/\/www.gaveanews.com\/index.php\/2025\/03\/21\/filipe-luis-ganha-desafio-extra-na-copa-libertadores-pelo-flamengo\/","og_site_name":"G\u00e1vea News","article_publisher":"https:\/\/facebook.com\/gaveaNews\/","article_published_time":"2025-03-21T15:05:00+00:00","og_image":[{"width":860,"height":538,"url":"https:\/\/www.gaveanews.com\/wp-content\/uploads\/filipe-luis-campeao-maracana-860x538-1.webp","type":"image\/webp"}],"author":"Rafaela Ladeira","twitter_card":"summary_large_image","twitter_misc":{"Escrito por":"Rafaela Ladeira","Est. tempo de leitura":"4 minutos"},"schema":{"@context":"https:\/\/schema.org","@graph":[{"@type":"NewsArticle","@id":"https:\/\/www.gaveanews.com\/index.php\/2025\/03\/21\/filipe-luis-ganha-desafio-extra-na-copa-libertadores-pelo-flamengo\/#article","isPartOf":{"@id":"https:\/\/www.gaveanews.com\/index.php\/2025\/03\/21\/filipe-luis-ganha-desafio-extra-na-copa-libertadores-pelo-flamengo\/"},"author":{"name":"Rafaela Ladeira","@id":"https:\/\/www.gaveanews.com\/#\/schema\/person\/0eb3e3fe1754f0205218538adbe8f5ed"},"headline":"Filipe Lu\u00eds ganha desafio extra na Copa Libertadores pelo Flamengo","datePublished":"2025-03-21T15:05:00+00:00","mainEntityOfPage":{"@id":"https:\/\/www.gaveanews.com\/index.php\/2025\/03\/21\/filipe-luis-ganha-desafio-extra-na-copa-libertadores-pelo-flamengo\/"},"wordCount":572,"commentCount":0,"image":{"@id":"https:\/\/www.gaveanews.com\/index.php\/2025\/03\/21\/filipe-luis-ganha-desafio-extra-na-copa-libertadores-pelo-flamengo\/#primaryimage"},"thumbnailUrl":"https:\/\/www.gaveanews.com\/wp-content\/uploads\/filipe-luis-campeao-maracana-860x538-1.webp","articleSection":["Flamengo"],"inLanguage":"pt-BR","potentialAction":[{"@type":"CommentAction","name":"Comment","target":["https:\/\/www.gaveanews.com\/index.php\/2025\/03\/21\/filipe-luis-ganha-desafio-extra-na-copa-libertadores-pelo-flamengo\/#respond"]}],"copyrightYear":"2025","copyrightHolder":{"@id":"https:\/\/www.gaveanews.com\/#organization"}},{"@type":"WebPage","@id":"https:\/\/www.gaveanews.com\/index.php\/2025\/03\/21\/filipe-luis-ganha-desafio-extra-na-copa-libertadores-pelo-flamengo\/","url":"https:\/\/www.gaveanews.com\/index.php\/2025\/03\/21\/filipe-luis-ganha-desafio-extra-na-copa-libertadores-pelo-flamengo\/","name":"Filipe Lu\u00eds ganha desafio extra na Copa Libertadores pelo Flamengo","isPartOf":{"@id":"https:\/\/www.gaveanews.com\/#website"},"primaryImageOfPage":{"@id":"https:\/\/www.gaveanews.com\/index.php\/2025\/03\/21\/filipe-luis-ganha-desafio-extra-na-copa-libertadores-pelo-flamengo\/#primaryimage"},"image":{"@id":"https:\/\/www.gaveanews.com\/index.php\/2025\/03\/21\/filipe-luis-ganha-desafio-extra-na-copa-libertadores-pelo-flamengo\/#primaryimage"},"thumbnailUrl":"https:\/\/www.gaveanews.com\/wp-content\/uploads\/filipe-luis-campeao-maracana-860x538-1.webp","datePublished":"2025-03-21T15:05:00+00:00","author":{"@id":"https:\/\/www.gaveanews.com\/#\/schema\/person\/0eb3e3fe1754f0205218538adbe8f5ed"},"breadcrumb":{"@id":"https:\/\/www.gaveanews.com\/index.php\/2025\/03\/21\/filipe-luis-ganha-desafio-extra-na-copa-libertadores-pelo-flamengo\/#breadcrumb"},"inLanguage":"pt-BR","potentialAction":[{"@type":"ReadAction","target":["https:\/\/www.gaveanews.com\/index.php\/2025\/03\/21\/filipe-luis-ganha-desafio-extra-na-copa-libertadores-pelo-flamengo\/"]}]},{"@type":"ImageObject","inLanguage":"pt-BR","@id":"https:\/\/www.gaveanews.com\/index.php\/2025\/03\/21\/filipe-luis-ganha-desafio-extra-na-copa-libertadores-pelo-flamengo\/#primaryimage","url":"https:\/\/www.gaveanews.com\/wp-content\/uploads\/filipe-luis-campeao-maracana-860x538-1.webp","contentUrl":"https:\/\/www.gaveanews.com\/wp-content\/uploads\/filipe-luis-campeao-maracana-860x538-1.webp","width":860,"height":538,"caption":"Foto: Adriano Fontes \/ Flamengo"},{"@type":"BreadcrumbList","@id":"https:\/\/www.gaveanews.com\/index.php\/2025\/03\/21\/filipe-luis-ganha-desafio-extra-na-copa-libertadores-pelo-flamengo\/#breadcrumb","itemListElement":[{"@type":"ListItem","position":1,"name":"Home","item":"https:\/\/www.gaveanews.com\/"},{"@type":"ListItem","position":2,"name":"Filipe Lu\u00eds ganha desafio extra na Copa Libertadores pelo Flamengo"}]},{"@type":"WebSite","@id":"https:\/\/www.gaveanews.com\/#website","url":"https:\/\/www.gaveanews.com\/","name":"G\u00e1vea News","description":"Veja todas as not\u00edcias sobre o Flamengo: Contrata\u00e7\u00f5es, categorias de base, resultados das partidas, tabela de classifica\u00e7\u00e3o, pr\u00f3ximos jogos!","potentialAction":[{"@type":"SearchAction","target":{"@type":"EntryPoint","urlTemplate":"https:\/\/www.gaveanews.com\/?s={search_term_string}"},"query-input":{"@type":"PropertyValueSpecification","valueRequired":true,"valueName":"search_term_string"}}],"inLanguage":"pt-BR"},{"@type":"Person","@id":"https:\/\/www.gaveanews.com\/#\/schema\/person\/0eb3e3fe1754f0205218538adbe8f5ed","name":"Rafaela Ladeira","image":{"@type":"ImageObject","inLanguage":"pt-BR","@id":"https:\/\/www.gaveanews.com\/#\/schema\/person\/image\/","url":"https:\/\/secure.gravatar.com\/avatar\/c31f513acffd85eacab5730cbdfdbbf59f21ba5aeada8cd890acea879fbb2455?s=96&d=mm&r=g","contentUrl":"https:\/\/secure.gravatar.com\/avatar\/c31f513acffd85eacab5730cbdfdbbf59f21ba5aeada8cd890acea879fbb2455?s=96&d=mm&r=g","caption":"Rafaela Ladeira"}}]}},"_links":{"self":[{"href":"https:\/\/www.gaveanews.com\/index.php\/wp-json\/wp\/v2\/posts\/242770","targetHints":{"allow":["GET"]}}],"collection":[{"href":"https:\/\/www.gaveanews.com\/index.php\/wp-json\/wp\/v2\/posts"}],"about":[{"href":"https:\/\/www.gaveanews.com\/index.php\/wp-json\/wp\/v2\/types\/post"}],"author":[{"embeddable":true,"href":"https:\/\/www.gaveanews.com\/index.php\/wp-json\/wp\/v2\/users\/25"}],"replies":[{"embeddable":true,"href":"https:\/\/www.gaveanews.com\/index.php\/wp-json\/wp\/v2\/comments?post=242770"}],"version-history":[{"count":1,"href":"https:\/\/www.gaveanews.com\/index.php\/wp-json\/wp\/v2\/posts\/242770\/revisions"}],"predecessor-version":[{"id":242771,"href":"https:\/\/www.gaveanews.com\/index.php\/wp-json\/wp\/v2\/posts\/242770\/revisions\/242771"}],"wp:featuredmedia":[{"embeddable":true,"href":"https:\/\/www.gaveanews.com\/index.php\/wp-json\/wp\/v2\/media\/161321"}],"wp:attachment":[{"href":"https:\/\/www.gaveanews.com\/index.php\/wp-json\/wp\/v2\/media?parent=242770"}],"wp:term":[{"taxonomy":"category","embeddable":true,"href":"https:\/\/www.gaveanews.com\/index.php\/wp-json\/wp\/v2\/categories?post=242770"},{"taxonomy":"post_tag","embeddable":true,"href":"https:\/\/www.gaveanews.com\/index.php\/wp-json\/wp\/v2\/tags?post=242770"}],"curies":[{"name":"wp","href":"https:\/\/api.w.org\/{rel}","templated":true}]}}