{"id":242772,"date":"2025-03-21T12:10:00","date_gmt":"2025-03-21T15:10:00","guid":{"rendered":"https:\/\/www.gaveanews.com\/?p=242772"},"modified":"2025-03-21T11:59:33","modified_gmt":"2025-03-21T14:59:33","slug":"a-declaracao-de-romario-direcionada-a-pedro-do-flamengo","status":"publish","type":"post","link":"https:\/\/www.gaveanews.com\/index.php\/2025\/03\/21\/a-declaracao-de-romario-direcionada-a-pedro-do-flamengo\/","title":{"rendered":"A declara\u00e7\u00e3o de Rom\u00e1rio direcionada a Pedro, do Flamengo"},"content":{"rendered":"\n<p>Pedro, do Flamengo, ainda est\u00e1 longe dos gramados devido a uma grave les\u00e3o no joelho, sofrida enquanto defendia a Sele\u00e7\u00e3o Brasileira em setembro de 2024. Apesar disso, seu talento continua sendo reconhecido, e quem n\u00e3o poupou elogios ao jogador foi o \u00eddolo Rom\u00e1rio.&nbsp;<\/p>\n\n\n\n<p>O ex-atacante da Sele\u00e7\u00e3o, em recente entrevista, deixou claro que, quando totalmente recuperado, Pedro ser\u00e1 o camisa 9 titular da Sele\u00e7\u00e3o Brasileira. A previs\u00e3o de Rom\u00e1rio \u00e9 um sinal de confian\u00e7a no futuro do jogador, que, apesar do per\u00edodo de afastamento, tem uma carreira brilhante pela frente.<\/p>\n\n\n\n<h2 class=\"wp-block-heading\" id=\"h-romario-aposta-em-pedro-como-futuro-camisa-9-da-selecao-brasileira\">Rom\u00e1rio aposta em Pedro como futuro camisa 9 da Sele\u00e7\u00e3o Brasileira<\/h2>\n\n\n\n<figure class=\"wp-block-image size-full\"><img loading=\"lazy\" decoding=\"async\" width=\"1200\" height=\"750\" src=\"http:\/\/www.gaveanews.com\/wp-content\/uploads\/Pedro-posa-para-foto-com-a-medalha-de-campeao-do-Campeonato-Carioca-de-2025.webp\" alt=\"\" class=\"wp-image-240726\"\/><figcaption class=\"wp-element-caption\">Pedro posa para foto com a medalha de campe\u00e3o do Campeonato Carioca de 2025 (Foto: Gilvan de Souza\/Flamengo)<\/figcaption><\/figure>\n\n\n\n<p>Em entrevista ao portal \u2018Lance!\u2019, Rom\u00e1rio foi enf\u00e1tico ao afirmar que Pedro \u00e9 o futuro titular da Sele\u00e7\u00e3o Brasileira. Para o ex-atacante, quando o jogador do Flamengo estiver recuperado e em plena forma, ele ser\u00e1 o camisa 9 titular da equipe nacional. Rom\u00e1rio afirmou:<\/p>\n\n\n\n<p>&#8220;Na minha opini\u00e3o, com todo mundo em forma, o camisa 9 titular da Sele\u00e7\u00e3o Brasileira \u00e9 o Pedro. Mas no momento, o Pedro est\u00e1 lesionado, vai levar mais um tempo\u2026 A gente j\u00e1 viu outros jogadores com a camisa 9. Uns foram at\u00e9 bem, outros nem tanto. Mas temos certeza que a camisa 9 \u00e9 hist\u00f3rica na Sele\u00e7\u00e3o. O \u00faltimo grande 9 foi o Ronaldo Fen\u00f4meno.&#8221;<\/p>\n\n\n\n<p>Vale destacar que, mesmo com a les\u00e3o, Rom\u00e1rio v\u00ea o potencial de Pedro como ineg\u00e1vel, reconhecendo o talento do jogador para comandar o ataque da Sele\u00e7\u00e3o quando ele estiver recuperado.<\/p>\n\n\n\n<h2 class=\"wp-block-heading\" id=\"h-lesao-de-pedro\">Les\u00e3o de Pedro<\/h2>\n\n\n\n<figure class=\"wp-block-image size-full\"><img loading=\"lazy\" decoding=\"async\" width=\"640\" height=\"400\" src=\"http:\/\/www.gaveanews.com\/wp-content\/uploads\/pedro-everton-ribeiro-flamengo-selecao-brasileira.webp\" alt=\"\" class=\"wp-image-91119\" srcset=\"https:\/\/www.gaveanews.com\/wp-content\/uploads\/pedro-everton-ribeiro-flamengo-selecao-brasileira.webp 640w, https:\/\/www.gaveanews.com\/wp-content\/uploads\/pedro-everton-ribeiro-flamengo-selecao-brasileira-300x188.webp 300w, https:\/\/www.gaveanews.com\/wp-content\/uploads\/pedro-everton-ribeiro-flamengo-selecao-brasileira-100x63.webp 100w\" sizes=\"auto, (max-width: 640px) 100vw, 640px\" \/><figcaption class=\"wp-element-caption\">Pedro e Everton Ribeiro em treino da Sele\u00e7\u00e3o Brasileira (Foto: Lucas Figueiredo\/CBF)<\/figcaption><\/figure>\n\n\n\n<p>O que parecia ser o \u00e1pice da carreira de Pedro com a Sele\u00e7\u00e3o Brasileira acabou se tornando um momento de frustra\u00e7\u00e3o para o jogador.&nbsp;<\/p>\n\n\n\n<p>Durante um treinamento com a \u2018Amarelinha\u2019, Pedro sofreu uma grave les\u00e3o no joelho esquerdo, rompendo o ligamento cruzado anterior, em setembro de 2024. Desde ent\u00e3o, ele tem enfrentado um \u00e1rduo processo de recupera\u00e7\u00e3o, mas com boas perspectivas.<\/p>\n\n\n\n<h2 class=\"wp-block-heading\" id=\"h-expectativa-de-retorno-em-abril\">Expectativa de retorno em abril<\/h2>\n\n\n\n<p>Ap\u00f3s meses de dedica\u00e7\u00e3o \u00e0 recupera\u00e7\u00e3o, Pedro j\u00e1 apresenta avan\u00e7ados sinais de melhora. Inicialmente, a previs\u00e3o de retorno aos campos era para maio, mas, com o progresso da recupera\u00e7\u00e3o, a expectativa \u00e9 de que o jogador volte j\u00e1 em abril.&nbsp;<\/p>\n\n\n\n<p>Sendo assim, o Flamengo e os torcedores aguardam ansiosos pelo retorno de seu camisa 9, que promete fazer a diferen\u00e7a em campo.<\/p>\n\n\n\n<p>Com isso, Pedro, que j\u00e1 era destaque no Flamengo, tem tudo para retomar seu lugar no time e, quem sabe, ser uma pe\u00e7a fundamental na Sele\u00e7\u00e3o Brasileira em um futuro pr\u00f3ximo.<\/p>\n","protected":false},"excerpt":{"rendered":"<p>Pedro, do Flamengo, ainda est\u00e1 longe dos gramados devido a uma grave les\u00e3o no joelho, sofrida enquanto defendia a Sele\u00e7\u00e3o Brasileira em setembro de 2024. Apesar disso, seu talento continua sendo reconhecido, e quem n\u00e3o poupou elogios ao jogador foi o \u00eddolo Rom\u00e1rio.&nbsp; O ex-atacante da Sele\u00e7\u00e3o, em recente entrevista, deixou claro que, quando totalmente [&hellip;]<\/p>\n","protected":false},"author":25,"featured_media":126052,"comment_status":"open","ping_status":"closed","sticky":false,"template":"","format":"standard","meta":{"footnotes":""},"categories":[478,1],"tags":[],"class_list":["post-242772","post","type-post","status-publish","format-standard","has-post-thumbnail","hentry","category-brasil","category-flamengo"],"yoast_head":"<!-- This site is optimized with the Yoast SEO Premium plugin v24.2 (Yoast SEO v26.9) - https:\/\/yoast.com\/product\/yoast-seo-premium-wordpress\/ -->\n<title>A declara\u00e7\u00e3o de Rom\u00e1rio direcionada a Pedro, do Flamengo<\/title>\n<meta name=\"robots\" content=\"index, follow, max-snippet:-1, max-image-preview:large, max-video-preview:-1\" \/>\n<link rel=\"canonical\" href=\"https:\/\/www.gaveanews.com\/index.php\/2025\/03\/21\/a-declaracao-de-romario-direcionada-a-pedro-do-flamengo\/\" \/>\n<meta property=\"og:locale\" content=\"pt_BR\" \/>\n<meta property=\"og:type\" content=\"article\" \/>\n<meta property=\"og:title\" content=\"A declara\u00e7\u00e3o de Rom\u00e1rio direcionada a Pedro, do Flamengo\" \/>\n<meta property=\"og:description\" content=\"Pedro, do Flamengo, ainda est\u00e1 longe dos gramados devido a uma grave les\u00e3o no joelho, sofrida enquanto defendia a Sele\u00e7\u00e3o Brasileira em setembro de 2024. Apesar disso, seu talento continua sendo reconhecido, e quem n\u00e3o poupou elogios ao jogador foi o \u00eddolo Rom\u00e1rio.&nbsp; O ex-atacante da Sele\u00e7\u00e3o, em recente entrevista, deixou claro que, quando totalmente [&hellip;]\" \/>\n<meta property=\"og:url\" content=\"https:\/\/www.gaveanews.com\/index.php\/2025\/03\/21\/a-declaracao-de-romario-direcionada-a-pedro-do-flamengo\/\" \/>\n<meta property=\"og:site_name\" content=\"G\u00e1vea News\" \/>\n<meta property=\"article:publisher\" content=\"https:\/\/facebook.com\/gaveaNews\/\" \/>\n<meta property=\"article:published_time\" content=\"2025-03-21T15:10:00+00:00\" \/>\n<meta property=\"og:image\" content=\"https:\/\/www.gaveanews.com\/wp-content\/uploads\/pedro-treino-flamengo-1.webp\" \/>\n\t<meta property=\"og:image:width\" content=\"900\" \/>\n\t<meta property=\"og:image:height\" content=\"599\" \/>\n\t<meta property=\"og:image:type\" content=\"image\/jpeg\" \/>\n<meta name=\"author\" content=\"Rafaela Ladeira\" \/>\n<meta name=\"twitter:card\" content=\"summary_large_image\" \/>\n<meta name=\"twitter:label1\" content=\"Escrito por\" \/>\n\t<meta name=\"twitter:data1\" content=\"Rafaela Ladeira\" \/>\n\t<meta name=\"twitter:label2\" content=\"Est. tempo de leitura\" \/>\n\t<meta name=\"twitter:data2\" content=\"3 minutos\" \/>\n<script type=\"application\/ld+json\" class=\"yoast-schema-graph\">{\"@context\":\"https:\/\/schema.org\",\"@graph\":[{\"@type\":\"NewsArticle\",\"@id\":\"https:\/\/www.gaveanews.com\/index.php\/2025\/03\/21\/a-declaracao-de-romario-direcionada-a-pedro-do-flamengo\/#article\",\"isPartOf\":{\"@id\":\"https:\/\/www.gaveanews.com\/index.php\/2025\/03\/21\/a-declaracao-de-romario-direcionada-a-pedro-do-flamengo\/\"},\"author\":{\"name\":\"Rafaela Ladeira\",\"@id\":\"https:\/\/www.gaveanews.com\/#\/schema\/person\/0eb3e3fe1754f0205218538adbe8f5ed\"},\"headline\":\"A declara\u00e7\u00e3o de Rom\u00e1rio direcionada a Pedro, do Flamengo\",\"datePublished\":\"2025-03-21T15:10:00+00:00\",\"mainEntityOfPage\":{\"@id\":\"https:\/\/www.gaveanews.com\/index.php\/2025\/03\/21\/a-declaracao-de-romario-direcionada-a-pedro-do-flamengo\/\"},\"wordCount\":475,\"commentCount\":0,\"image\":{\"@id\":\"https:\/\/www.gaveanews.com\/index.php\/2025\/03\/21\/a-declaracao-de-romario-direcionada-a-pedro-do-flamengo\/#primaryimage\"},\"thumbnailUrl\":\"https:\/\/www.gaveanews.com\/wp-content\/uploads\/pedro-treino-flamengo-1.webp\",\"articleSection\":[\"Brasil\",\"Flamengo\"],\"inLanguage\":\"pt-BR\",\"potentialAction\":[{\"@type\":\"CommentAction\",\"name\":\"Comment\",\"target\":[\"https:\/\/www.gaveanews.com\/index.php\/2025\/03\/21\/a-declaracao-de-romario-direcionada-a-pedro-do-flamengo\/#respond\"]}],\"copyrightYear\":\"2025\",\"copyrightHolder\":{\"@id\":\"https:\/\/www.gaveanews.com\/#organization\"}},{\"@type\":\"WebPage\",\"@id\":\"https:\/\/www.gaveanews.com\/index.php\/2025\/03\/21\/a-declaracao-de-romario-direcionada-a-pedro-do-flamengo\/\",\"url\":\"https:\/\/www.gaveanews.com\/index.php\/2025\/03\/21\/a-declaracao-de-romario-direcionada-a-pedro-do-flamengo\/\",\"name\":\"A declara\u00e7\u00e3o de Rom\u00e1rio direcionada a Pedro, do Flamengo\",\"isPartOf\":{\"@id\":\"https:\/\/www.gaveanews.com\/#website\"},\"primaryImageOfPage\":{\"@id\":\"https:\/\/www.gaveanews.com\/index.php\/2025\/03\/21\/a-declaracao-de-romario-direcionada-a-pedro-do-flamengo\/#primaryimage\"},\"image\":{\"@id\":\"https:\/\/www.gaveanews.com\/index.php\/2025\/03\/21\/a-declaracao-de-romario-direcionada-a-pedro-do-flamengo\/#primaryimage\"},\"thumbnailUrl\":\"https:\/\/www.gaveanews.com\/wp-content\/uploads\/pedro-treino-flamengo-1.webp\",\"datePublished\":\"2025-03-21T15:10:00+00:00\",\"author\":{\"@id\":\"https:\/\/www.gaveanews.com\/#\/schema\/person\/0eb3e3fe1754f0205218538adbe8f5ed\"},\"breadcrumb\":{\"@id\":\"https:\/\/www.gaveanews.com\/index.php\/2025\/03\/21\/a-declaracao-de-romario-direcionada-a-pedro-do-flamengo\/#breadcrumb\"},\"inLanguage\":\"pt-BR\",\"potentialAction\":[{\"@type\":\"ReadAction\",\"target\":[\"https:\/\/www.gaveanews.com\/index.php\/2025\/03\/21\/a-declaracao-de-romario-direcionada-a-pedro-do-flamengo\/\"]}]},{\"@type\":\"ImageObject\",\"inLanguage\":\"pt-BR\",\"@id\":\"https:\/\/www.gaveanews.com\/index.php\/2025\/03\/21\/a-declaracao-de-romario-direcionada-a-pedro-do-flamengo\/#primaryimage\",\"url\":\"https:\/\/www.gaveanews.com\/wp-content\/uploads\/pedro-treino-flamengo-1.webp\",\"contentUrl\":\"https:\/\/www.gaveanews.com\/wp-content\/uploads\/pedro-treino-flamengo-1.webp\",\"width\":900,\"height\":599,\"caption\":\"Pedro em treino do Flamengo (Foto: Marcelo Cortes\/Flamengo)\"},{\"@type\":\"BreadcrumbList\",\"@id\":\"https:\/\/www.gaveanews.com\/index.php\/2025\/03\/21\/a-declaracao-de-romario-direcionada-a-pedro-do-flamengo\/#breadcrumb\",\"itemListElement\":[{\"@type\":\"ListItem\",\"position\":1,\"name\":\"Home\",\"item\":\"https:\/\/www.gaveanews.com\/\"},{\"@type\":\"ListItem\",\"position\":2,\"name\":\"A declara\u00e7\u00e3o de Rom\u00e1rio direcionada a Pedro, do Flamengo\"}]},{\"@type\":\"WebSite\",\"@id\":\"https:\/\/www.gaveanews.com\/#website\",\"url\":\"https:\/\/www.gaveanews.com\/\",\"name\":\"G\u00e1vea News\",\"description\":\"Veja todas as not\u00edcias sobre o Flamengo: Contrata\u00e7\u00f5es, categorias de base, resultados das partidas, tabela de classifica\u00e7\u00e3o, pr\u00f3ximos jogos!\",\"potentialAction\":[{\"@type\":\"SearchAction\",\"target\":{\"@type\":\"EntryPoint\",\"urlTemplate\":\"https:\/\/www.gaveanews.com\/?s={search_term_string}\"},\"query-input\":{\"@type\":\"PropertyValueSpecification\",\"valueRequired\":true,\"valueName\":\"search_term_string\"}}],\"inLanguage\":\"pt-BR\"},{\"@type\":\"Person\",\"@id\":\"https:\/\/www.gaveanews.com\/#\/schema\/person\/0eb3e3fe1754f0205218538adbe8f5ed\",\"name\":\"Rafaela Ladeira\",\"image\":{\"@type\":\"ImageObject\",\"inLanguage\":\"pt-BR\",\"@id\":\"https:\/\/www.gaveanews.com\/#\/schema\/person\/image\/\",\"url\":\"https:\/\/secure.gravatar.com\/avatar\/c31f513acffd85eacab5730cbdfdbbf59f21ba5aeada8cd890acea879fbb2455?s=96&d=mm&r=g\",\"contentUrl\":\"https:\/\/secure.gravatar.com\/avatar\/c31f513acffd85eacab5730cbdfdbbf59f21ba5aeada8cd890acea879fbb2455?s=96&d=mm&r=g\",\"caption\":\"Rafaela Ladeira\"}}]}<\/script>\n<!-- \/ Yoast SEO Premium plugin. -->","yoast_head_json":{"title":"A declara\u00e7\u00e3o de Rom\u00e1rio direcionada a Pedro, do Flamengo","robots":{"index":"index","follow":"follow","max-snippet":"max-snippet:-1","max-image-preview":"max-image-preview:large","max-video-preview":"max-video-preview:-1"},"canonical":"https:\/\/www.gaveanews.com\/index.php\/2025\/03\/21\/a-declaracao-de-romario-direcionada-a-pedro-do-flamengo\/","og_locale":"pt_BR","og_type":"article","og_title":"A declara\u00e7\u00e3o de Rom\u00e1rio direcionada a Pedro, do Flamengo","og_description":"Pedro, do Flamengo, ainda est\u00e1 longe dos gramados devido a uma grave les\u00e3o no joelho, sofrida enquanto defendia a Sele\u00e7\u00e3o Brasileira em setembro de 2024. Apesar disso, seu talento continua sendo reconhecido, e quem n\u00e3o poupou elogios ao jogador foi o \u00eddolo Rom\u00e1rio.&nbsp; O ex-atacante da Sele\u00e7\u00e3o, em recente entrevista, deixou claro que, quando totalmente [&hellip;]","og_url":"https:\/\/www.gaveanews.com\/index.php\/2025\/03\/21\/a-declaracao-de-romario-direcionada-a-pedro-do-flamengo\/","og_site_name":"G\u00e1vea News","article_publisher":"https:\/\/facebook.com\/gaveaNews\/","article_published_time":"2025-03-21T15:10:00+00:00","og_image":[{"width":900,"height":599,"url":"https:\/\/www.gaveanews.com\/wp-content\/uploads\/pedro-treino-flamengo-1.webp","type":"image\/jpeg"}],"author":"Rafaela Ladeira","twitter_card":"summary_large_image","twitter_misc":{"Escrito por":"Rafaela Ladeira","Est. tempo de leitura":"3 minutos"},"schema":{"@context":"https:\/\/schema.org","@graph":[{"@type":"NewsArticle","@id":"https:\/\/www.gaveanews.com\/index.php\/2025\/03\/21\/a-declaracao-de-romario-direcionada-a-pedro-do-flamengo\/#article","isPartOf":{"@id":"https:\/\/www.gaveanews.com\/index.php\/2025\/03\/21\/a-declaracao-de-romario-direcionada-a-pedro-do-flamengo\/"},"author":{"name":"Rafaela Ladeira","@id":"https:\/\/www.gaveanews.com\/#\/schema\/person\/0eb3e3fe1754f0205218538adbe8f5ed"},"headline":"A declara\u00e7\u00e3o de Rom\u00e1rio direcionada a Pedro, do Flamengo","datePublished":"2025-03-21T15:10:00+00:00","mainEntityOfPage":{"@id":"https:\/\/www.gaveanews.com\/index.php\/2025\/03\/21\/a-declaracao-de-romario-direcionada-a-pedro-do-flamengo\/"},"wordCount":475,"commentCount":0,"image":{"@id":"https:\/\/www.gaveanews.com\/index.php\/2025\/03\/21\/a-declaracao-de-romario-direcionada-a-pedro-do-flamengo\/#primaryimage"},"thumbnailUrl":"https:\/\/www.gaveanews.com\/wp-content\/uploads\/pedro-treino-flamengo-1.webp","articleSection":["Brasil","Flamengo"],"inLanguage":"pt-BR","potentialAction":[{"@type":"CommentAction","name":"Comment","target":["https:\/\/www.gaveanews.com\/index.php\/2025\/03\/21\/a-declaracao-de-romario-direcionada-a-pedro-do-flamengo\/#respond"]}],"copyrightYear":"2025","copyrightHolder":{"@id":"https:\/\/www.gaveanews.com\/#organization"}},{"@type":"WebPage","@id":"https:\/\/www.gaveanews.com\/index.php\/2025\/03\/21\/a-declaracao-de-romario-direcionada-a-pedro-do-flamengo\/","url":"https:\/\/www.gaveanews.com\/index.php\/2025\/03\/21\/a-declaracao-de-romario-direcionada-a-pedro-do-flamengo\/","name":"A declara\u00e7\u00e3o de Rom\u00e1rio direcionada a Pedro, do Flamengo","isPartOf":{"@id":"https:\/\/www.gaveanews.com\/#website"},"primaryImageOfPage":{"@id":"https:\/\/www.gaveanews.com\/index.php\/2025\/03\/21\/a-declaracao-de-romario-direcionada-a-pedro-do-flamengo\/#primaryimage"},"image":{"@id":"https:\/\/www.gaveanews.com\/index.php\/2025\/03\/21\/a-declaracao-de-romario-direcionada-a-pedro-do-flamengo\/#primaryimage"},"thumbnailUrl":"https:\/\/www.gaveanews.com\/wp-content\/uploads\/pedro-treino-flamengo-1.webp","datePublished":"2025-03-21T15:10:00+00:00","author":{"@id":"https:\/\/www.gaveanews.com\/#\/schema\/person\/0eb3e3fe1754f0205218538adbe8f5ed"},"breadcrumb":{"@id":"https:\/\/www.gaveanews.com\/index.php\/2025\/03\/21\/a-declaracao-de-romario-direcionada-a-pedro-do-flamengo\/#breadcrumb"},"inLanguage":"pt-BR","potentialAction":[{"@type":"ReadAction","target":["https:\/\/www.gaveanews.com\/index.php\/2025\/03\/21\/a-declaracao-de-romario-direcionada-a-pedro-do-flamengo\/"]}]},{"@type":"ImageObject","inLanguage":"pt-BR","@id":"https:\/\/www.gaveanews.com\/index.php\/2025\/03\/21\/a-declaracao-de-romario-direcionada-a-pedro-do-flamengo\/#primaryimage","url":"https:\/\/www.gaveanews.com\/wp-content\/uploads\/pedro-treino-flamengo-1.webp","contentUrl":"https:\/\/www.gaveanews.com\/wp-content\/uploads\/pedro-treino-flamengo-1.webp","width":900,"height":599,"caption":"Pedro em treino do Flamengo (Foto: Marcelo Cortes\/Flamengo)"},{"@type":"BreadcrumbList","@id":"https:\/\/www.gaveanews.com\/index.php\/2025\/03\/21\/a-declaracao-de-romario-direcionada-a-pedro-do-flamengo\/#breadcrumb","itemListElement":[{"@type":"ListItem","position":1,"name":"Home","item":"https:\/\/www.gaveanews.com\/"},{"@type":"ListItem","position":2,"name":"A declara\u00e7\u00e3o de Rom\u00e1rio direcionada a Pedro, do Flamengo"}]},{"@type":"WebSite","@id":"https:\/\/www.gaveanews.com\/#website","url":"https:\/\/www.gaveanews.com\/","name":"G\u00e1vea News","description":"Veja todas as not\u00edcias sobre o Flamengo: Contrata\u00e7\u00f5es, categorias de base, resultados das partidas, tabela de classifica\u00e7\u00e3o, pr\u00f3ximos jogos!","potentialAction":[{"@type":"SearchAction","target":{"@type":"EntryPoint","urlTemplate":"https:\/\/www.gaveanews.com\/?s={search_term_string}"},"query-input":{"@type":"PropertyValueSpecification","valueRequired":true,"valueName":"search_term_string"}}],"inLanguage":"pt-BR"},{"@type":"Person","@id":"https:\/\/www.gaveanews.com\/#\/schema\/person\/0eb3e3fe1754f0205218538adbe8f5ed","name":"Rafaela Ladeira","image":{"@type":"ImageObject","inLanguage":"pt-BR","@id":"https:\/\/www.gaveanews.com\/#\/schema\/person\/image\/","url":"https:\/\/secure.gravatar.com\/avatar\/c31f513acffd85eacab5730cbdfdbbf59f21ba5aeada8cd890acea879fbb2455?s=96&d=mm&r=g","contentUrl":"https:\/\/secure.gravatar.com\/avatar\/c31f513acffd85eacab5730cbdfdbbf59f21ba5aeada8cd890acea879fbb2455?s=96&d=mm&r=g","caption":"Rafaela Ladeira"}}]}},"_links":{"self":[{"href":"https:\/\/www.gaveanews.com\/index.php\/wp-json\/wp\/v2\/posts\/242772","targetHints":{"allow":["GET"]}}],"collection":[{"href":"https:\/\/www.gaveanews.com\/index.php\/wp-json\/wp\/v2\/posts"}],"about":[{"href":"https:\/\/www.gaveanews.com\/index.php\/wp-json\/wp\/v2\/types\/post"}],"author":[{"embeddable":true,"href":"https:\/\/www.gaveanews.com\/index.php\/wp-json\/wp\/v2\/users\/25"}],"replies":[{"embeddable":true,"href":"https:\/\/www.gaveanews.com\/index.php\/wp-json\/wp\/v2\/comments?post=242772"}],"version-history":[{"count":1,"href":"https:\/\/www.gaveanews.com\/index.php\/wp-json\/wp\/v2\/posts\/242772\/revisions"}],"predecessor-version":[{"id":242773,"href":"https:\/\/www.gaveanews.com\/index.php\/wp-json\/wp\/v2\/posts\/242772\/revisions\/242773"}],"wp:featuredmedia":[{"embeddable":true,"href":"https:\/\/www.gaveanews.com\/index.php\/wp-json\/wp\/v2\/media\/126052"}],"wp:attachment":[{"href":"https:\/\/www.gaveanews.com\/index.php\/wp-json\/wp\/v2\/media?parent=242772"}],"wp:term":[{"taxonomy":"category","embeddable":true,"href":"https:\/\/www.gaveanews.com\/index.php\/wp-json\/wp\/v2\/categories?post=242772"},{"taxonomy":"post_tag","embeddable":true,"href":"https:\/\/www.gaveanews.com\/index.php\/wp-json\/wp\/v2\/tags?post=242772"}],"curies":[{"name":"wp","href":"https:\/\/api.w.org\/{rel}","templated":true}]}}