{"id":242810,"date":"2025-03-21T15:40:00","date_gmt":"2025-03-21T18:40:00","guid":{"rendered":"https:\/\/www.gaveanews.com\/?p=242810"},"modified":"2025-03-21T15:11:17","modified_gmt":"2025-03-21T18:11:17","slug":"a-declaracao-de-alex-telles-do-botafogo-direcionada-a-selecao-brasileira","status":"publish","type":"post","link":"https:\/\/www.gaveanews.com\/index.php\/2025\/03\/21\/a-declaracao-de-alex-telles-do-botafogo-direcionada-a-selecao-brasileira\/","title":{"rendered":"A declara\u00e7\u00e3o de Alex Telles, do Botafogo, direcionada \u00e0 Sele\u00e7\u00e3o Brasileira"},"content":{"rendered":"\n<p>Alex Telles, lateral-esquerdo do Botafogo, deixou claro seu principal objetivo para a temporada: reconquistar o seu espa\u00e7o na Sele\u00e7\u00e3o Brasileira.&nbsp;<\/p>\n\n\n\n<p>Apesar de n\u00e3o figurar na convoca\u00e7\u00e3o recente do t\u00e9cnico Dorival J\u00fanior, o jogador segue firme em sua jornada, focado em recuperar a forma e mostrar seu valor tanto no clube quanto para a Sele\u00e7\u00e3o.<\/p>\n\n\n\n<h2 class=\"wp-block-heading\" id=\"h-o-foco-no-trabalho-diario\">O foco no trabalho di\u00e1rio<\/h2>\n\n\n\n<figure class=\"wp-block-image size-full\"><img loading=\"lazy\" decoding=\"async\" width=\"984\" height=\"656\" src=\"http:\/\/www.gaveanews.com\/wp-content\/uploads\/alex-telles-selecao-brasileira-al-nassr.webp\" alt=\"\" class=\"wp-image-102867\" srcset=\"https:\/\/www.gaveanews.com\/wp-content\/uploads\/alex-telles-selecao-brasileira-al-nassr.webp 984w, https:\/\/www.gaveanews.com\/wp-content\/uploads\/alex-telles-selecao-brasileira-al-nassr-300x200.webp 300w, https:\/\/www.gaveanews.com\/wp-content\/uploads\/alex-telles-selecao-brasileira-al-nassr-768x512.webp 768w, https:\/\/www.gaveanews.com\/wp-content\/uploads\/alex-telles-selecao-brasileira-al-nassr-630x420.webp 630w, https:\/\/www.gaveanews.com\/wp-content\/uploads\/alex-telles-selecao-brasileira-al-nassr-640x427.webp 640w, https:\/\/www.gaveanews.com\/wp-content\/uploads\/alex-telles-selecao-brasileira-al-nassr-681x454.webp 681w, https:\/\/www.gaveanews.com\/wp-content\/uploads\/alex-telles-selecao-brasileira-al-nassr-100x67.webp 100w\" sizes=\"auto, (max-width: 984px) 100vw, 984px\" \/><figcaption class=\"wp-element-caption\">Alex Telles em a\u00e7\u00e3o pela Sele\u00e7\u00e3o Brasileira (Foto: Lucas Figueiredo\/CBF)<\/figcaption><\/figure>\n\n\n\n<p>Em entrevista, Telles compartilhou sua perspectiva sobre o retorno \u00e0 Sele\u00e7\u00e3o Brasileira, destacando que seu foco est\u00e1 no trabalho di\u00e1rio e no desempenho dentro de campo.&nbsp;<\/p>\n\n\n\n<p>&#8220;Sou um cara que gosta de frisar as coisas que eu posso controlar. O que eu posso controlar \u00e9 o meu trabalho dia a dia&#8221;, afirmou, mostrando sua abordagem calma e focada.&nbsp;<\/p>\n\n\n\n<p>Isso porque ele sabe que o caminho para a convoca\u00e7\u00e3o passa por manter um bom rendimento no Botafogo, sem pressa ou ansiedade. O lateral tamb\u00e9m aproveitou para destacar que a convoca\u00e7\u00e3o, para ele, \u00e9 uma consequ\u00eancia do bom trabalho que realiza.&nbsp;<\/p>\n\n\n\n<p>&#8220;Sei que eu voltaria se eu estivesse fazendo o meu trabalho bem feito, e vou fazer o meu trabalho bem feito a cada dia&#8221;, explicou. Portanto, Telles mant\u00e9m a confian\u00e7a de que, com dedica\u00e7\u00e3o e consist\u00eancia, a vaga na Sele\u00e7\u00e3o vir\u00e1 naturalmente.<\/p>\n\n\n\n<h2 class=\"wp-block-heading\" id=\"h-libertadores-na-agenda\">Libertadores na agenda<\/h2>\n\n\n\n<p>Al\u00e9m de seus planos para voltar a representar o Brasil, Telles tamb\u00e9m falou sobre os desafios que o Botafogo ter\u00e1 pela frente, principalmente na Libertadores. O Alvinegro foi sorteado no mesmo grupo de Estudiantes, Universidad de Chile e Carabobo, equipes tradicionais que, segundo Telles, representam uma grande dificuldade.<\/p>\n\n\n\n<p>&#8220;Na Libertadores n\u00e3o tem jogo f\u00e1cil, temos que fazer nosso trabalho dentro de casa e conseguir resultados bons fora para poder classificar&#8221;, projetou o jogador, que j\u00e1 tem experi\u00eancia na competi\u00e7\u00e3o.&nbsp;<\/p>\n\n\n\n<p>Vale destacar que, apesar do desafio, Telles se mant\u00e9m otimista quanto ao desempenho do Botafogo no torneio continental.<\/p>\n\n\n\n<h2 class=\"wp-block-heading\" id=\"h-foco-no-brasileiro\">Foco no Brasileiro<\/h2>\n\n\n\n<p>Com isso, o lateral-esquerdo se dedica ao Campeonato Brasileiro com o objetivo de garantir uma boa sequ\u00eancia de jogos e demonstrar sua qualidade. Sendo assim, ele busca seguir os passos de jogadores que, com trabalho \u00e1rduo, conseguiram se reestabelecer na Sele\u00e7\u00e3o Brasileira.&nbsp;<\/p>\n\n\n\n<p>Dessa maneira, Alex Telles mant\u00e9m a confian\u00e7a de que, ao fazer a diferen\u00e7a no Botafogo, a convoca\u00e7\u00e3o ser\u00e1 apenas uma quest\u00e3o de tempo.<\/p>\n","protected":false},"excerpt":{"rendered":"<p>Alex Telles, lateral-esquerdo do Botafogo, deixou claro seu principal objetivo para a temporada: reconquistar o seu espa\u00e7o na Sele\u00e7\u00e3o Brasileira.&nbsp; Apesar de n\u00e3o figurar na convoca\u00e7\u00e3o recente do t\u00e9cnico Dorival J\u00fanior, o jogador segue firme em sua jornada, focado em recuperar a forma e mostrar seu valor tanto no clube quanto para a Sele\u00e7\u00e3o. O [&hellip;]<\/p>\n","protected":false},"author":25,"featured_media":168199,"comment_status":"open","ping_status":"closed","sticky":false,"template":"","format":"standard","meta":{"footnotes":""},"categories":[138],"tags":[],"class_list":["post-242810","post","type-post","status-publish","format-standard","has-post-thumbnail","hentry","category-botafogo"],"yoast_head":"<!-- This site is optimized with the Yoast SEO Premium plugin v24.2 (Yoast SEO v26.9) - https:\/\/yoast.com\/product\/yoast-seo-premium-wordpress\/ -->\n<title>A declara\u00e7\u00e3o de Alex Telles, do Botafogo, direcionada \u00e0 Sele\u00e7\u00e3o Brasileira<\/title>\n<meta name=\"robots\" content=\"index, follow, max-snippet:-1, max-image-preview:large, max-video-preview:-1\" \/>\n<link rel=\"canonical\" href=\"https:\/\/www.gaveanews.com\/index.php\/2025\/03\/21\/a-declaracao-de-alex-telles-do-botafogo-direcionada-a-selecao-brasileira\/\" \/>\n<meta property=\"og:locale\" content=\"pt_BR\" \/>\n<meta property=\"og:type\" content=\"article\" \/>\n<meta property=\"og:title\" content=\"A declara\u00e7\u00e3o de Alex Telles, do Botafogo, direcionada \u00e0 Sele\u00e7\u00e3o Brasileira\" \/>\n<meta property=\"og:description\" content=\"Alex Telles, lateral-esquerdo do Botafogo, deixou claro seu principal objetivo para a temporada: reconquistar o seu espa\u00e7o na Sele\u00e7\u00e3o Brasileira.&nbsp; Apesar de n\u00e3o figurar na convoca\u00e7\u00e3o recente do t\u00e9cnico Dorival J\u00fanior, o jogador segue firme em sua jornada, focado em recuperar a forma e mostrar seu valor tanto no clube quanto para a Sele\u00e7\u00e3o. O [&hellip;]\" \/>\n<meta property=\"og:url\" content=\"https:\/\/www.gaveanews.com\/index.php\/2025\/03\/21\/a-declaracao-de-alex-telles-do-botafogo-direcionada-a-selecao-brasileira\/\" \/>\n<meta property=\"og:site_name\" content=\"G\u00e1vea News\" \/>\n<meta property=\"article:publisher\" content=\"https:\/\/facebook.com\/gaveaNews\/\" \/>\n<meta property=\"article:published_time\" content=\"2025-03-21T18:40:00+00:00\" \/>\n<meta property=\"og:image\" content=\"https:\/\/www.gaveanews.com\/wp-content\/uploads\/Alex-Telles-Botafogo.webp\" \/>\n\t<meta property=\"og:image:width\" content=\"1339\" \/>\n\t<meta property=\"og:image:height\" content=\"1000\" \/>\n\t<meta property=\"og:image:type\" content=\"image\/jpeg\" \/>\n<meta name=\"author\" content=\"Rafaela Ladeira\" \/>\n<meta name=\"twitter:card\" content=\"summary_large_image\" \/>\n<meta name=\"twitter:label1\" content=\"Escrito por\" \/>\n\t<meta name=\"twitter:data1\" content=\"Rafaela Ladeira\" \/>\n\t<meta name=\"twitter:label2\" content=\"Est. tempo de leitura\" \/>\n\t<meta name=\"twitter:data2\" content=\"3 minutos\" \/>\n<script type=\"application\/ld+json\" class=\"yoast-schema-graph\">{\"@context\":\"https:\/\/schema.org\",\"@graph\":[{\"@type\":\"NewsArticle\",\"@id\":\"https:\/\/www.gaveanews.com\/index.php\/2025\/03\/21\/a-declaracao-de-alex-telles-do-botafogo-direcionada-a-selecao-brasileira\/#article\",\"isPartOf\":{\"@id\":\"https:\/\/www.gaveanews.com\/index.php\/2025\/03\/21\/a-declaracao-de-alex-telles-do-botafogo-direcionada-a-selecao-brasileira\/\"},\"author\":{\"name\":\"Rafaela Ladeira\",\"@id\":\"https:\/\/www.gaveanews.com\/#\/schema\/person\/0eb3e3fe1754f0205218538adbe8f5ed\"},\"headline\":\"A declara\u00e7\u00e3o de Alex Telles, do Botafogo, direcionada \u00e0 Sele\u00e7\u00e3o Brasileira\",\"datePublished\":\"2025-03-21T18:40:00+00:00\",\"mainEntityOfPage\":{\"@id\":\"https:\/\/www.gaveanews.com\/index.php\/2025\/03\/21\/a-declaracao-de-alex-telles-do-botafogo-direcionada-a-selecao-brasileira\/\"},\"wordCount\":429,\"commentCount\":0,\"image\":{\"@id\":\"https:\/\/www.gaveanews.com\/index.php\/2025\/03\/21\/a-declaracao-de-alex-telles-do-botafogo-direcionada-a-selecao-brasileira\/#primaryimage\"},\"thumbnailUrl\":\"https:\/\/www.gaveanews.com\/wp-content\/uploads\/Alex-Telles-Botafogo.webp\",\"articleSection\":[\"Botafogo\"],\"inLanguage\":\"pt-BR\",\"potentialAction\":[{\"@type\":\"CommentAction\",\"name\":\"Comment\",\"target\":[\"https:\/\/www.gaveanews.com\/index.php\/2025\/03\/21\/a-declaracao-de-alex-telles-do-botafogo-direcionada-a-selecao-brasileira\/#respond\"]}],\"copyrightYear\":\"2025\",\"copyrightHolder\":{\"@id\":\"https:\/\/www.gaveanews.com\/#organization\"}},{\"@type\":\"WebPage\",\"@id\":\"https:\/\/www.gaveanews.com\/index.php\/2025\/03\/21\/a-declaracao-de-alex-telles-do-botafogo-direcionada-a-selecao-brasileira\/\",\"url\":\"https:\/\/www.gaveanews.com\/index.php\/2025\/03\/21\/a-declaracao-de-alex-telles-do-botafogo-direcionada-a-selecao-brasileira\/\",\"name\":\"A declara\u00e7\u00e3o de Alex Telles, do Botafogo, direcionada \u00e0 Sele\u00e7\u00e3o Brasileira\",\"isPartOf\":{\"@id\":\"https:\/\/www.gaveanews.com\/#website\"},\"primaryImageOfPage\":{\"@id\":\"https:\/\/www.gaveanews.com\/index.php\/2025\/03\/21\/a-declaracao-de-alex-telles-do-botafogo-direcionada-a-selecao-brasileira\/#primaryimage\"},\"image\":{\"@id\":\"https:\/\/www.gaveanews.com\/index.php\/2025\/03\/21\/a-declaracao-de-alex-telles-do-botafogo-direcionada-a-selecao-brasileira\/#primaryimage\"},\"thumbnailUrl\":\"https:\/\/www.gaveanews.com\/wp-content\/uploads\/Alex-Telles-Botafogo.webp\",\"datePublished\":\"2025-03-21T18:40:00+00:00\",\"author\":{\"@id\":\"https:\/\/www.gaveanews.com\/#\/schema\/person\/0eb3e3fe1754f0205218538adbe8f5ed\"},\"breadcrumb\":{\"@id\":\"https:\/\/www.gaveanews.com\/index.php\/2025\/03\/21\/a-declaracao-de-alex-telles-do-botafogo-direcionada-a-selecao-brasileira\/#breadcrumb\"},\"inLanguage\":\"pt-BR\",\"potentialAction\":[{\"@type\":\"ReadAction\",\"target\":[\"https:\/\/www.gaveanews.com\/index.php\/2025\/03\/21\/a-declaracao-de-alex-telles-do-botafogo-direcionada-a-selecao-brasileira\/\"]}]},{\"@type\":\"ImageObject\",\"inLanguage\":\"pt-BR\",\"@id\":\"https:\/\/www.gaveanews.com\/index.php\/2025\/03\/21\/a-declaracao-de-alex-telles-do-botafogo-direcionada-a-selecao-brasileira\/#primaryimage\",\"url\":\"https:\/\/www.gaveanews.com\/wp-content\/uploads\/Alex-Telles-Botafogo.webp\",\"contentUrl\":\"https:\/\/www.gaveanews.com\/wp-content\/uploads\/Alex-Telles-Botafogo.webp\",\"width\":1339,\"height\":1000,\"caption\":\"Alex Telles Botafogo (Foto: Vitor Silva\/Botafogo)\"},{\"@type\":\"BreadcrumbList\",\"@id\":\"https:\/\/www.gaveanews.com\/index.php\/2025\/03\/21\/a-declaracao-de-alex-telles-do-botafogo-direcionada-a-selecao-brasileira\/#breadcrumb\",\"itemListElement\":[{\"@type\":\"ListItem\",\"position\":1,\"name\":\"Home\",\"item\":\"https:\/\/www.gaveanews.com\/\"},{\"@type\":\"ListItem\",\"position\":2,\"name\":\"A declara\u00e7\u00e3o de Alex Telles, do Botafogo, direcionada \u00e0 Sele\u00e7\u00e3o Brasileira\"}]},{\"@type\":\"WebSite\",\"@id\":\"https:\/\/www.gaveanews.com\/#website\",\"url\":\"https:\/\/www.gaveanews.com\/\",\"name\":\"G\u00e1vea News\",\"description\":\"Veja todas as not\u00edcias sobre o Flamengo: Contrata\u00e7\u00f5es, categorias de base, resultados das partidas, tabela de classifica\u00e7\u00e3o, pr\u00f3ximos jogos!\",\"potentialAction\":[{\"@type\":\"SearchAction\",\"target\":{\"@type\":\"EntryPoint\",\"urlTemplate\":\"https:\/\/www.gaveanews.com\/?s={search_term_string}\"},\"query-input\":{\"@type\":\"PropertyValueSpecification\",\"valueRequired\":true,\"valueName\":\"search_term_string\"}}],\"inLanguage\":\"pt-BR\"},{\"@type\":\"Person\",\"@id\":\"https:\/\/www.gaveanews.com\/#\/schema\/person\/0eb3e3fe1754f0205218538adbe8f5ed\",\"name\":\"Rafaela Ladeira\",\"image\":{\"@type\":\"ImageObject\",\"inLanguage\":\"pt-BR\",\"@id\":\"https:\/\/www.gaveanews.com\/#\/schema\/person\/image\/\",\"url\":\"https:\/\/secure.gravatar.com\/avatar\/c31f513acffd85eacab5730cbdfdbbf59f21ba5aeada8cd890acea879fbb2455?s=96&d=mm&r=g\",\"contentUrl\":\"https:\/\/secure.gravatar.com\/avatar\/c31f513acffd85eacab5730cbdfdbbf59f21ba5aeada8cd890acea879fbb2455?s=96&d=mm&r=g\",\"caption\":\"Rafaela Ladeira\"}}]}<\/script>\n<!-- \/ Yoast SEO Premium plugin. -->","yoast_head_json":{"title":"A declara\u00e7\u00e3o de Alex Telles, do Botafogo, direcionada \u00e0 Sele\u00e7\u00e3o Brasileira","robots":{"index":"index","follow":"follow","max-snippet":"max-snippet:-1","max-image-preview":"max-image-preview:large","max-video-preview":"max-video-preview:-1"},"canonical":"https:\/\/www.gaveanews.com\/index.php\/2025\/03\/21\/a-declaracao-de-alex-telles-do-botafogo-direcionada-a-selecao-brasileira\/","og_locale":"pt_BR","og_type":"article","og_title":"A declara\u00e7\u00e3o de Alex Telles, do Botafogo, direcionada \u00e0 Sele\u00e7\u00e3o Brasileira","og_description":"Alex Telles, lateral-esquerdo do Botafogo, deixou claro seu principal objetivo para a temporada: reconquistar o seu espa\u00e7o na Sele\u00e7\u00e3o Brasileira.&nbsp; Apesar de n\u00e3o figurar na convoca\u00e7\u00e3o recente do t\u00e9cnico Dorival J\u00fanior, o jogador segue firme em sua jornada, focado em recuperar a forma e mostrar seu valor tanto no clube quanto para a Sele\u00e7\u00e3o. O [&hellip;]","og_url":"https:\/\/www.gaveanews.com\/index.php\/2025\/03\/21\/a-declaracao-de-alex-telles-do-botafogo-direcionada-a-selecao-brasileira\/","og_site_name":"G\u00e1vea News","article_publisher":"https:\/\/facebook.com\/gaveaNews\/","article_published_time":"2025-03-21T18:40:00+00:00","og_image":[{"width":1339,"height":1000,"url":"https:\/\/www.gaveanews.com\/wp-content\/uploads\/Alex-Telles-Botafogo.webp","type":"image\/jpeg"}],"author":"Rafaela Ladeira","twitter_card":"summary_large_image","twitter_misc":{"Escrito por":"Rafaela Ladeira","Est. tempo de leitura":"3 minutos"},"schema":{"@context":"https:\/\/schema.org","@graph":[{"@type":"NewsArticle","@id":"https:\/\/www.gaveanews.com\/index.php\/2025\/03\/21\/a-declaracao-de-alex-telles-do-botafogo-direcionada-a-selecao-brasileira\/#article","isPartOf":{"@id":"https:\/\/www.gaveanews.com\/index.php\/2025\/03\/21\/a-declaracao-de-alex-telles-do-botafogo-direcionada-a-selecao-brasileira\/"},"author":{"name":"Rafaela Ladeira","@id":"https:\/\/www.gaveanews.com\/#\/schema\/person\/0eb3e3fe1754f0205218538adbe8f5ed"},"headline":"A declara\u00e7\u00e3o de Alex Telles, do Botafogo, direcionada \u00e0 Sele\u00e7\u00e3o Brasileira","datePublished":"2025-03-21T18:40:00+00:00","mainEntityOfPage":{"@id":"https:\/\/www.gaveanews.com\/index.php\/2025\/03\/21\/a-declaracao-de-alex-telles-do-botafogo-direcionada-a-selecao-brasileira\/"},"wordCount":429,"commentCount":0,"image":{"@id":"https:\/\/www.gaveanews.com\/index.php\/2025\/03\/21\/a-declaracao-de-alex-telles-do-botafogo-direcionada-a-selecao-brasileira\/#primaryimage"},"thumbnailUrl":"https:\/\/www.gaveanews.com\/wp-content\/uploads\/Alex-Telles-Botafogo.webp","articleSection":["Botafogo"],"inLanguage":"pt-BR","potentialAction":[{"@type":"CommentAction","name":"Comment","target":["https:\/\/www.gaveanews.com\/index.php\/2025\/03\/21\/a-declaracao-de-alex-telles-do-botafogo-direcionada-a-selecao-brasileira\/#respond"]}],"copyrightYear":"2025","copyrightHolder":{"@id":"https:\/\/www.gaveanews.com\/#organization"}},{"@type":"WebPage","@id":"https:\/\/www.gaveanews.com\/index.php\/2025\/03\/21\/a-declaracao-de-alex-telles-do-botafogo-direcionada-a-selecao-brasileira\/","url":"https:\/\/www.gaveanews.com\/index.php\/2025\/03\/21\/a-declaracao-de-alex-telles-do-botafogo-direcionada-a-selecao-brasileira\/","name":"A declara\u00e7\u00e3o de Alex Telles, do Botafogo, direcionada \u00e0 Sele\u00e7\u00e3o Brasileira","isPartOf":{"@id":"https:\/\/www.gaveanews.com\/#website"},"primaryImageOfPage":{"@id":"https:\/\/www.gaveanews.com\/index.php\/2025\/03\/21\/a-declaracao-de-alex-telles-do-botafogo-direcionada-a-selecao-brasileira\/#primaryimage"},"image":{"@id":"https:\/\/www.gaveanews.com\/index.php\/2025\/03\/21\/a-declaracao-de-alex-telles-do-botafogo-direcionada-a-selecao-brasileira\/#primaryimage"},"thumbnailUrl":"https:\/\/www.gaveanews.com\/wp-content\/uploads\/Alex-Telles-Botafogo.webp","datePublished":"2025-03-21T18:40:00+00:00","author":{"@id":"https:\/\/www.gaveanews.com\/#\/schema\/person\/0eb3e3fe1754f0205218538adbe8f5ed"},"breadcrumb":{"@id":"https:\/\/www.gaveanews.com\/index.php\/2025\/03\/21\/a-declaracao-de-alex-telles-do-botafogo-direcionada-a-selecao-brasileira\/#breadcrumb"},"inLanguage":"pt-BR","potentialAction":[{"@type":"ReadAction","target":["https:\/\/www.gaveanews.com\/index.php\/2025\/03\/21\/a-declaracao-de-alex-telles-do-botafogo-direcionada-a-selecao-brasileira\/"]}]},{"@type":"ImageObject","inLanguage":"pt-BR","@id":"https:\/\/www.gaveanews.com\/index.php\/2025\/03\/21\/a-declaracao-de-alex-telles-do-botafogo-direcionada-a-selecao-brasileira\/#primaryimage","url":"https:\/\/www.gaveanews.com\/wp-content\/uploads\/Alex-Telles-Botafogo.webp","contentUrl":"https:\/\/www.gaveanews.com\/wp-content\/uploads\/Alex-Telles-Botafogo.webp","width":1339,"height":1000,"caption":"Alex Telles Botafogo (Foto: Vitor Silva\/Botafogo)"},{"@type":"BreadcrumbList","@id":"https:\/\/www.gaveanews.com\/index.php\/2025\/03\/21\/a-declaracao-de-alex-telles-do-botafogo-direcionada-a-selecao-brasileira\/#breadcrumb","itemListElement":[{"@type":"ListItem","position":1,"name":"Home","item":"https:\/\/www.gaveanews.com\/"},{"@type":"ListItem","position":2,"name":"A declara\u00e7\u00e3o de Alex Telles, do Botafogo, direcionada \u00e0 Sele\u00e7\u00e3o Brasileira"}]},{"@type":"WebSite","@id":"https:\/\/www.gaveanews.com\/#website","url":"https:\/\/www.gaveanews.com\/","name":"G\u00e1vea News","description":"Veja todas as not\u00edcias sobre o Flamengo: Contrata\u00e7\u00f5es, categorias de base, resultados das partidas, tabela de classifica\u00e7\u00e3o, pr\u00f3ximos jogos!","potentialAction":[{"@type":"SearchAction","target":{"@type":"EntryPoint","urlTemplate":"https:\/\/www.gaveanews.com\/?s={search_term_string}"},"query-input":{"@type":"PropertyValueSpecification","valueRequired":true,"valueName":"search_term_string"}}],"inLanguage":"pt-BR"},{"@type":"Person","@id":"https:\/\/www.gaveanews.com\/#\/schema\/person\/0eb3e3fe1754f0205218538adbe8f5ed","name":"Rafaela Ladeira","image":{"@type":"ImageObject","inLanguage":"pt-BR","@id":"https:\/\/www.gaveanews.com\/#\/schema\/person\/image\/","url":"https:\/\/secure.gravatar.com\/avatar\/c31f513acffd85eacab5730cbdfdbbf59f21ba5aeada8cd890acea879fbb2455?s=96&d=mm&r=g","contentUrl":"https:\/\/secure.gravatar.com\/avatar\/c31f513acffd85eacab5730cbdfdbbf59f21ba5aeada8cd890acea879fbb2455?s=96&d=mm&r=g","caption":"Rafaela Ladeira"}}]}},"_links":{"self":[{"href":"https:\/\/www.gaveanews.com\/index.php\/wp-json\/wp\/v2\/posts\/242810","targetHints":{"allow":["GET"]}}],"collection":[{"href":"https:\/\/www.gaveanews.com\/index.php\/wp-json\/wp\/v2\/posts"}],"about":[{"href":"https:\/\/www.gaveanews.com\/index.php\/wp-json\/wp\/v2\/types\/post"}],"author":[{"embeddable":true,"href":"https:\/\/www.gaveanews.com\/index.php\/wp-json\/wp\/v2\/users\/25"}],"replies":[{"embeddable":true,"href":"https:\/\/www.gaveanews.com\/index.php\/wp-json\/wp\/v2\/comments?post=242810"}],"version-history":[{"count":1,"href":"https:\/\/www.gaveanews.com\/index.php\/wp-json\/wp\/v2\/posts\/242810\/revisions"}],"predecessor-version":[{"id":242811,"href":"https:\/\/www.gaveanews.com\/index.php\/wp-json\/wp\/v2\/posts\/242810\/revisions\/242811"}],"wp:featuredmedia":[{"embeddable":true,"href":"https:\/\/www.gaveanews.com\/index.php\/wp-json\/wp\/v2\/media\/168199"}],"wp:attachment":[{"href":"https:\/\/www.gaveanews.com\/index.php\/wp-json\/wp\/v2\/media?parent=242810"}],"wp:term":[{"taxonomy":"category","embeddable":true,"href":"https:\/\/www.gaveanews.com\/index.php\/wp-json\/wp\/v2\/categories?post=242810"},{"taxonomy":"post_tag","embeddable":true,"href":"https:\/\/www.gaveanews.com\/index.php\/wp-json\/wp\/v2\/tags?post=242810"}],"curies":[{"name":"wp","href":"https:\/\/api.w.org\/{rel}","templated":true}]}}