{"id":242835,"date":"2025-03-21T16:20:00","date_gmt":"2025-03-21T19:20:00","guid":{"rendered":"https:\/\/www.gaveanews.com\/?p=242835"},"modified":"2025-03-21T15:55:32","modified_gmt":"2025-03-21T18:55:32","slug":"a-declaracao-de-marlon-freitas-sobre-a-temporada-de-2025-do-botafogo-e-dificil","status":"publish","type":"post","link":"https:\/\/www.gaveanews.com\/index.php\/2025\/03\/21\/a-declaracao-de-marlon-freitas-sobre-a-temporada-de-2025-do-botafogo-e-dificil\/","title":{"rendered":"A declara\u00e7\u00e3o de Marlon Freitas sobre a temporada de 2025 do Botafogo: &#8220;\u00c9 dif\u00edcil&#8230;&#8221;"},"content":{"rendered":"\n<p>O Botafogo de 2025 est\u00e1 longe de ser o time esperado pelos torcedores, principalmente ap\u00f3s o sucesso conquistado com os t\u00edtulos da Libertadores e do Brasileir\u00e3o em 2024. O in\u00edcio do novo ano trouxe vices na Supercopa do Brasil e na Recopa Sul-Americana, al\u00e9m da precoce elimina\u00e7\u00e3o no Campeonato Carioca.&nbsp;<\/p>\n\n\n\n<p>No entanto, para o capit\u00e3o Marlon Freitas, esses desafios se transformam em combust\u00edvel para o time se manter &#8220;no topo&#8221;, mantendo a ambi\u00e7\u00e3o de conquistar novos t\u00edtulos.<\/p>\n\n\n\n<h2 class=\"wp-block-heading\" id=\"h-o-impacto-das-quedas-e-a-responsabilidade-de-se-manter-no-topo\">O impacto das quedas e a responsabilidade de se manter no topo<\/h2>\n\n\n\n<figure class=\"wp-block-image size-large\"><img loading=\"lazy\" decoding=\"async\" width=\"1024\" height=\"683\" src=\"http:\/\/www.gaveanews.com\/wp-content\/uploads\/Escudo-do-Botafogo-1024x683.webp\" alt=\"\" class=\"wp-image-156132\" srcset=\"https:\/\/www.gaveanews.com\/wp-content\/uploads\/Escudo-do-Botafogo-1024x683.webp 1024w, https:\/\/www.gaveanews.com\/wp-content\/uploads\/Escudo-do-Botafogo-300x200.webp 300w, https:\/\/www.gaveanews.com\/wp-content\/uploads\/Escudo-do-Botafogo-768x512.webp 768w, https:\/\/www.gaveanews.com\/wp-content\/uploads\/Escudo-do-Botafogo-630x420.webp 630w, https:\/\/www.gaveanews.com\/wp-content\/uploads\/Escudo-do-Botafogo-640x427.webp 640w, https:\/\/www.gaveanews.com\/wp-content\/uploads\/Escudo-do-Botafogo-681x454.webp 681w, https:\/\/www.gaveanews.com\/wp-content\/uploads\/Escudo-do-Botafogo-100x67.webp 100w, https:\/\/www.gaveanews.com\/wp-content\/uploads\/Escudo-do-Botafogo.webp 1053w\" sizes=\"auto, (max-width: 1024px) 100vw, 1024px\" \/><figcaption class=\"wp-element-caption\">Escudo do Botafogo (Foto: Reprodu\u00e7\u00e3o\/Botafogo)<\/figcaption><\/figure>\n\n\n\n<p>Ap\u00f3s o treino aberto no Espa\u00e7o Lonier em 20 de mar\u00e7o, Marlon Freitas atendeu \u00e0 imprensa e destacou o peso de ser o atual campe\u00e3o. Para ele, os vice-campeonatos servem de motiva\u00e7\u00e3o para corrigir os erros e continuar buscando o melhor desempenho.&nbsp;<\/p>\n\n\n\n<p>\u201cQueremos que essa responsabilidade continue, o ambiente vencedor. \u00c9 dif\u00edcil chegar, mas o desafio maior \u00e9 se manter. No jogo contra o Racing, a torcida mostrou uma faixa e eu guardei a frase: &#8216;O topo \u00e9 nosso lugar&#8217;. Temos que buscar sempre o topo\u201d, afirmou o camisa 17.<\/p>\n\n\n\n<p>Vale destacar que Marlon tem sido uma figura chave no Botafogo desde sua chegada, em 2023. Seu papel como l\u00edder dentro e fora de campo \u00e9 fundamental para o bom desempenho da equipe, e ele se compromete a continuar a miss\u00e3o de levar o clube ao sucesso.&nbsp;<\/p>\n\n\n\n<p>Sendo assim, o volante acredita que o grupo, apesar das quedas recentes, tem potencial para reverter o cen\u00e1rio e fazer de 2025 um grande ano.<\/p>\n\n\n\n<h2 class=\"wp-block-heading\" id=\"h-foco-nas-melhorias-e-a-ambicao-do-elenco\">Foco nas melhorias e a ambi\u00e7\u00e3o do elenco<\/h2>\n\n\n\n<p>Com isso, o capit\u00e3o do Botafogo aponta a necessidade de ajustes e mais foco nos treinos para alcan\u00e7ar o n\u00edvel desejado.&nbsp;<\/p>\n\n\n\n<p>\u201cDois t\u00edtulos que n\u00e3o conquistamos, sentimos muito, quer\u00edamos muito, mas n\u00e3o conseguimos. Temos que melhorar e vamos melhorar. Estamos melhorando, come\u00e7a aqui no treino para levarmos para o jogo\u201d, disse Marlon, destacando a ambi\u00e7\u00e3o da comiss\u00e3o t\u00e9cnica de Renato Paiva.<\/p>\n\n\n\n<p>Al\u00e9m disso, a responsabilidade de continuar conquistando t\u00edtulos \u00e9 algo que Marlon Freitas encara com naturalidade. &#8220;Sabemos da dificuldade, v\u00e1rios times, os campeonatos ficando mais dif\u00edceis. \u00c9 isso que vamos buscar, dar alegria aos torcedores, aos funcion\u00e1rios do clube. Somos uma fam\u00edlia e vamos em busca disso&#8221;, completou o volante, que segue como um dos pilares da equipe.<\/p>\n","protected":false},"excerpt":{"rendered":"<p>O Botafogo de 2025 est\u00e1 longe de ser o time esperado pelos torcedores, principalmente ap\u00f3s o sucesso conquistado com os t\u00edtulos da Libertadores e do Brasileir\u00e3o em 2024. O in\u00edcio do novo ano trouxe vices na Supercopa do Brasil e na Recopa Sul-Americana, al\u00e9m da precoce elimina\u00e7\u00e3o no Campeonato Carioca.&nbsp; No entanto, para o capit\u00e3o [&hellip;]<\/p>\n","protected":false},"author":25,"featured_media":170335,"comment_status":"open","ping_status":"closed","sticky":false,"template":"","format":"standard","meta":{"footnotes":""},"categories":[138],"tags":[],"class_list":["post-242835","post","type-post","status-publish","format-standard","has-post-thumbnail","hentry","category-botafogo"],"yoast_head":"<!-- This site is optimized with the Yoast SEO Premium plugin v24.2 (Yoast SEO v26.9) - https:\/\/yoast.com\/product\/yoast-seo-premium-wordpress\/ -->\n<title>A declara\u00e7\u00e3o de Marlon Freitas sobre a temporada de 2025 do Botafogo: &quot;\u00c9 dif\u00edcil...&quot;<\/title>\n<meta name=\"robots\" content=\"index, follow, max-snippet:-1, max-image-preview:large, max-video-preview:-1\" \/>\n<link rel=\"canonical\" href=\"https:\/\/www.gaveanews.com\/index.php\/2025\/03\/21\/a-declaracao-de-marlon-freitas-sobre-a-temporada-de-2025-do-botafogo-e-dificil\/\" \/>\n<meta property=\"og:locale\" content=\"pt_BR\" \/>\n<meta property=\"og:type\" content=\"article\" \/>\n<meta property=\"og:title\" content=\"A declara\u00e7\u00e3o de Marlon Freitas sobre a temporada de 2025 do Botafogo: &quot;\u00c9 dif\u00edcil...&quot;\" \/>\n<meta property=\"og:description\" content=\"O Botafogo de 2025 est\u00e1 longe de ser o time esperado pelos torcedores, principalmente ap\u00f3s o sucesso conquistado com os t\u00edtulos da Libertadores e do Brasileir\u00e3o em 2024. O in\u00edcio do novo ano trouxe vices na Supercopa do Brasil e na Recopa Sul-Americana, al\u00e9m da precoce elimina\u00e7\u00e3o no Campeonato Carioca.&nbsp; No entanto, para o capit\u00e3o [&hellip;]\" \/>\n<meta property=\"og:url\" content=\"https:\/\/www.gaveanews.com\/index.php\/2025\/03\/21\/a-declaracao-de-marlon-freitas-sobre-a-temporada-de-2025-do-botafogo-e-dificil\/\" \/>\n<meta property=\"og:site_name\" content=\"G\u00e1vea News\" \/>\n<meta property=\"article:publisher\" content=\"https:\/\/facebook.com\/gaveaNews\/\" \/>\n<meta property=\"article:published_time\" content=\"2025-03-21T19:20:00+00:00\" \/>\n<meta property=\"og:image\" content=\"https:\/\/www.gaveanews.com\/wp-content\/uploads\/Marlon-Freitas-em-acao-pelo-Botafogo.webp\" \/>\n\t<meta property=\"og:image:width\" content=\"829\" \/>\n\t<meta property=\"og:image:height\" content=\"656\" \/>\n\t<meta property=\"og:image:type\" content=\"image\/jpeg\" \/>\n<meta name=\"author\" content=\"Rafaela Ladeira\" \/>\n<meta name=\"twitter:card\" content=\"summary_large_image\" \/>\n<meta name=\"twitter:label1\" content=\"Escrito por\" \/>\n\t<meta name=\"twitter:data1\" content=\"Rafaela Ladeira\" \/>\n\t<meta name=\"twitter:label2\" content=\"Est. tempo de leitura\" \/>\n\t<meta name=\"twitter:data2\" content=\"3 minutos\" \/>\n<script type=\"application\/ld+json\" class=\"yoast-schema-graph\">{\"@context\":\"https:\/\/schema.org\",\"@graph\":[{\"@type\":\"NewsArticle\",\"@id\":\"https:\/\/www.gaveanews.com\/index.php\/2025\/03\/21\/a-declaracao-de-marlon-freitas-sobre-a-temporada-de-2025-do-botafogo-e-dificil\/#article\",\"isPartOf\":{\"@id\":\"https:\/\/www.gaveanews.com\/index.php\/2025\/03\/21\/a-declaracao-de-marlon-freitas-sobre-a-temporada-de-2025-do-botafogo-e-dificil\/\"},\"author\":{\"name\":\"Rafaela Ladeira\",\"@id\":\"https:\/\/www.gaveanews.com\/#\/schema\/person\/0eb3e3fe1754f0205218538adbe8f5ed\"},\"headline\":\"A declara\u00e7\u00e3o de Marlon Freitas sobre a temporada de 2025 do Botafogo: &#8220;\u00c9 dif\u00edcil&#8230;&#8221;\",\"datePublished\":\"2025-03-21T19:20:00+00:00\",\"mainEntityOfPage\":{\"@id\":\"https:\/\/www.gaveanews.com\/index.php\/2025\/03\/21\/a-declaracao-de-marlon-freitas-sobre-a-temporada-de-2025-do-botafogo-e-dificil\/\"},\"wordCount\":427,\"commentCount\":0,\"image\":{\"@id\":\"https:\/\/www.gaveanews.com\/index.php\/2025\/03\/21\/a-declaracao-de-marlon-freitas-sobre-a-temporada-de-2025-do-botafogo-e-dificil\/#primaryimage\"},\"thumbnailUrl\":\"https:\/\/www.gaveanews.com\/wp-content\/uploads\/Marlon-Freitas-em-acao-pelo-Botafogo.webp\",\"articleSection\":[\"Botafogo\"],\"inLanguage\":\"pt-BR\",\"potentialAction\":[{\"@type\":\"CommentAction\",\"name\":\"Comment\",\"target\":[\"https:\/\/www.gaveanews.com\/index.php\/2025\/03\/21\/a-declaracao-de-marlon-freitas-sobre-a-temporada-de-2025-do-botafogo-e-dificil\/#respond\"]}],\"copyrightYear\":\"2025\",\"copyrightHolder\":{\"@id\":\"https:\/\/www.gaveanews.com\/#organization\"}},{\"@type\":\"WebPage\",\"@id\":\"https:\/\/www.gaveanews.com\/index.php\/2025\/03\/21\/a-declaracao-de-marlon-freitas-sobre-a-temporada-de-2025-do-botafogo-e-dificil\/\",\"url\":\"https:\/\/www.gaveanews.com\/index.php\/2025\/03\/21\/a-declaracao-de-marlon-freitas-sobre-a-temporada-de-2025-do-botafogo-e-dificil\/\",\"name\":\"A declara\u00e7\u00e3o de Marlon Freitas sobre a temporada de 2025 do Botafogo: \\\"\u00c9 dif\u00edcil...\\\"\",\"isPartOf\":{\"@id\":\"https:\/\/www.gaveanews.com\/#website\"},\"primaryImageOfPage\":{\"@id\":\"https:\/\/www.gaveanews.com\/index.php\/2025\/03\/21\/a-declaracao-de-marlon-freitas-sobre-a-temporada-de-2025-do-botafogo-e-dificil\/#primaryimage\"},\"image\":{\"@id\":\"https:\/\/www.gaveanews.com\/index.php\/2025\/03\/21\/a-declaracao-de-marlon-freitas-sobre-a-temporada-de-2025-do-botafogo-e-dificil\/#primaryimage\"},\"thumbnailUrl\":\"https:\/\/www.gaveanews.com\/wp-content\/uploads\/Marlon-Freitas-em-acao-pelo-Botafogo.webp\",\"datePublished\":\"2025-03-21T19:20:00+00:00\",\"author\":{\"@id\":\"https:\/\/www.gaveanews.com\/#\/schema\/person\/0eb3e3fe1754f0205218538adbe8f5ed\"},\"breadcrumb\":{\"@id\":\"https:\/\/www.gaveanews.com\/index.php\/2025\/03\/21\/a-declaracao-de-marlon-freitas-sobre-a-temporada-de-2025-do-botafogo-e-dificil\/#breadcrumb\"},\"inLanguage\":\"pt-BR\",\"potentialAction\":[{\"@type\":\"ReadAction\",\"target\":[\"https:\/\/www.gaveanews.com\/index.php\/2025\/03\/21\/a-declaracao-de-marlon-freitas-sobre-a-temporada-de-2025-do-botafogo-e-dificil\/\"]}]},{\"@type\":\"ImageObject\",\"inLanguage\":\"pt-BR\",\"@id\":\"https:\/\/www.gaveanews.com\/index.php\/2025\/03\/21\/a-declaracao-de-marlon-freitas-sobre-a-temporada-de-2025-do-botafogo-e-dificil\/#primaryimage\",\"url\":\"https:\/\/www.gaveanews.com\/wp-content\/uploads\/Marlon-Freitas-em-acao-pelo-Botafogo.webp\",\"contentUrl\":\"https:\/\/www.gaveanews.com\/wp-content\/uploads\/Marlon-Freitas-em-acao-pelo-Botafogo.webp\",\"width\":829,\"height\":656,\"caption\":\"Marlon Freitas em a\u00e7\u00e3o pelo Botafogo (Foto: Vitor Silva\/Botafogo)\"},{\"@type\":\"BreadcrumbList\",\"@id\":\"https:\/\/www.gaveanews.com\/index.php\/2025\/03\/21\/a-declaracao-de-marlon-freitas-sobre-a-temporada-de-2025-do-botafogo-e-dificil\/#breadcrumb\",\"itemListElement\":[{\"@type\":\"ListItem\",\"position\":1,\"name\":\"Home\",\"item\":\"https:\/\/www.gaveanews.com\/\"},{\"@type\":\"ListItem\",\"position\":2,\"name\":\"A declara\u00e7\u00e3o de Marlon Freitas sobre a temporada de 2025 do Botafogo: &#8220;\u00c9 dif\u00edcil&#8230;&#8221;\"}]},{\"@type\":\"WebSite\",\"@id\":\"https:\/\/www.gaveanews.com\/#website\",\"url\":\"https:\/\/www.gaveanews.com\/\",\"name\":\"G\u00e1vea News\",\"description\":\"Veja todas as not\u00edcias sobre o Flamengo: Contrata\u00e7\u00f5es, categorias de base, resultados das partidas, tabela de classifica\u00e7\u00e3o, pr\u00f3ximos jogos!\",\"potentialAction\":[{\"@type\":\"SearchAction\",\"target\":{\"@type\":\"EntryPoint\",\"urlTemplate\":\"https:\/\/www.gaveanews.com\/?s={search_term_string}\"},\"query-input\":{\"@type\":\"PropertyValueSpecification\",\"valueRequired\":true,\"valueName\":\"search_term_string\"}}],\"inLanguage\":\"pt-BR\"},{\"@type\":\"Person\",\"@id\":\"https:\/\/www.gaveanews.com\/#\/schema\/person\/0eb3e3fe1754f0205218538adbe8f5ed\",\"name\":\"Rafaela Ladeira\",\"image\":{\"@type\":\"ImageObject\",\"inLanguage\":\"pt-BR\",\"@id\":\"https:\/\/www.gaveanews.com\/#\/schema\/person\/image\/\",\"url\":\"https:\/\/secure.gravatar.com\/avatar\/c31f513acffd85eacab5730cbdfdbbf59f21ba5aeada8cd890acea879fbb2455?s=96&d=mm&r=g\",\"contentUrl\":\"https:\/\/secure.gravatar.com\/avatar\/c31f513acffd85eacab5730cbdfdbbf59f21ba5aeada8cd890acea879fbb2455?s=96&d=mm&r=g\",\"caption\":\"Rafaela Ladeira\"}}]}<\/script>\n<!-- \/ Yoast SEO Premium plugin. -->","yoast_head_json":{"title":"A declara\u00e7\u00e3o de Marlon Freitas sobre a temporada de 2025 do Botafogo: \"\u00c9 dif\u00edcil...\"","robots":{"index":"index","follow":"follow","max-snippet":"max-snippet:-1","max-image-preview":"max-image-preview:large","max-video-preview":"max-video-preview:-1"},"canonical":"https:\/\/www.gaveanews.com\/index.php\/2025\/03\/21\/a-declaracao-de-marlon-freitas-sobre-a-temporada-de-2025-do-botafogo-e-dificil\/","og_locale":"pt_BR","og_type":"article","og_title":"A declara\u00e7\u00e3o de Marlon Freitas sobre a temporada de 2025 do Botafogo: \"\u00c9 dif\u00edcil...\"","og_description":"O Botafogo de 2025 est\u00e1 longe de ser o time esperado pelos torcedores, principalmente ap\u00f3s o sucesso conquistado com os t\u00edtulos da Libertadores e do Brasileir\u00e3o em 2024. O in\u00edcio do novo ano trouxe vices na Supercopa do Brasil e na Recopa Sul-Americana, al\u00e9m da precoce elimina\u00e7\u00e3o no Campeonato Carioca.&nbsp; No entanto, para o capit\u00e3o [&hellip;]","og_url":"https:\/\/www.gaveanews.com\/index.php\/2025\/03\/21\/a-declaracao-de-marlon-freitas-sobre-a-temporada-de-2025-do-botafogo-e-dificil\/","og_site_name":"G\u00e1vea News","article_publisher":"https:\/\/facebook.com\/gaveaNews\/","article_published_time":"2025-03-21T19:20:00+00:00","og_image":[{"width":829,"height":656,"url":"https:\/\/www.gaveanews.com\/wp-content\/uploads\/Marlon-Freitas-em-acao-pelo-Botafogo.webp","type":"image\/jpeg"}],"author":"Rafaela Ladeira","twitter_card":"summary_large_image","twitter_misc":{"Escrito por":"Rafaela Ladeira","Est. tempo de leitura":"3 minutos"},"schema":{"@context":"https:\/\/schema.org","@graph":[{"@type":"NewsArticle","@id":"https:\/\/www.gaveanews.com\/index.php\/2025\/03\/21\/a-declaracao-de-marlon-freitas-sobre-a-temporada-de-2025-do-botafogo-e-dificil\/#article","isPartOf":{"@id":"https:\/\/www.gaveanews.com\/index.php\/2025\/03\/21\/a-declaracao-de-marlon-freitas-sobre-a-temporada-de-2025-do-botafogo-e-dificil\/"},"author":{"name":"Rafaela Ladeira","@id":"https:\/\/www.gaveanews.com\/#\/schema\/person\/0eb3e3fe1754f0205218538adbe8f5ed"},"headline":"A declara\u00e7\u00e3o de Marlon Freitas sobre a temporada de 2025 do Botafogo: &#8220;\u00c9 dif\u00edcil&#8230;&#8221;","datePublished":"2025-03-21T19:20:00+00:00","mainEntityOfPage":{"@id":"https:\/\/www.gaveanews.com\/index.php\/2025\/03\/21\/a-declaracao-de-marlon-freitas-sobre-a-temporada-de-2025-do-botafogo-e-dificil\/"},"wordCount":427,"commentCount":0,"image":{"@id":"https:\/\/www.gaveanews.com\/index.php\/2025\/03\/21\/a-declaracao-de-marlon-freitas-sobre-a-temporada-de-2025-do-botafogo-e-dificil\/#primaryimage"},"thumbnailUrl":"https:\/\/www.gaveanews.com\/wp-content\/uploads\/Marlon-Freitas-em-acao-pelo-Botafogo.webp","articleSection":["Botafogo"],"inLanguage":"pt-BR","potentialAction":[{"@type":"CommentAction","name":"Comment","target":["https:\/\/www.gaveanews.com\/index.php\/2025\/03\/21\/a-declaracao-de-marlon-freitas-sobre-a-temporada-de-2025-do-botafogo-e-dificil\/#respond"]}],"copyrightYear":"2025","copyrightHolder":{"@id":"https:\/\/www.gaveanews.com\/#organization"}},{"@type":"WebPage","@id":"https:\/\/www.gaveanews.com\/index.php\/2025\/03\/21\/a-declaracao-de-marlon-freitas-sobre-a-temporada-de-2025-do-botafogo-e-dificil\/","url":"https:\/\/www.gaveanews.com\/index.php\/2025\/03\/21\/a-declaracao-de-marlon-freitas-sobre-a-temporada-de-2025-do-botafogo-e-dificil\/","name":"A declara\u00e7\u00e3o de Marlon Freitas sobre a temporada de 2025 do Botafogo: \"\u00c9 dif\u00edcil...\"","isPartOf":{"@id":"https:\/\/www.gaveanews.com\/#website"},"primaryImageOfPage":{"@id":"https:\/\/www.gaveanews.com\/index.php\/2025\/03\/21\/a-declaracao-de-marlon-freitas-sobre-a-temporada-de-2025-do-botafogo-e-dificil\/#primaryimage"},"image":{"@id":"https:\/\/www.gaveanews.com\/index.php\/2025\/03\/21\/a-declaracao-de-marlon-freitas-sobre-a-temporada-de-2025-do-botafogo-e-dificil\/#primaryimage"},"thumbnailUrl":"https:\/\/www.gaveanews.com\/wp-content\/uploads\/Marlon-Freitas-em-acao-pelo-Botafogo.webp","datePublished":"2025-03-21T19:20:00+00:00","author":{"@id":"https:\/\/www.gaveanews.com\/#\/schema\/person\/0eb3e3fe1754f0205218538adbe8f5ed"},"breadcrumb":{"@id":"https:\/\/www.gaveanews.com\/index.php\/2025\/03\/21\/a-declaracao-de-marlon-freitas-sobre-a-temporada-de-2025-do-botafogo-e-dificil\/#breadcrumb"},"inLanguage":"pt-BR","potentialAction":[{"@type":"ReadAction","target":["https:\/\/www.gaveanews.com\/index.php\/2025\/03\/21\/a-declaracao-de-marlon-freitas-sobre-a-temporada-de-2025-do-botafogo-e-dificil\/"]}]},{"@type":"ImageObject","inLanguage":"pt-BR","@id":"https:\/\/www.gaveanews.com\/index.php\/2025\/03\/21\/a-declaracao-de-marlon-freitas-sobre-a-temporada-de-2025-do-botafogo-e-dificil\/#primaryimage","url":"https:\/\/www.gaveanews.com\/wp-content\/uploads\/Marlon-Freitas-em-acao-pelo-Botafogo.webp","contentUrl":"https:\/\/www.gaveanews.com\/wp-content\/uploads\/Marlon-Freitas-em-acao-pelo-Botafogo.webp","width":829,"height":656,"caption":"Marlon Freitas em a\u00e7\u00e3o pelo Botafogo (Foto: Vitor Silva\/Botafogo)"},{"@type":"BreadcrumbList","@id":"https:\/\/www.gaveanews.com\/index.php\/2025\/03\/21\/a-declaracao-de-marlon-freitas-sobre-a-temporada-de-2025-do-botafogo-e-dificil\/#breadcrumb","itemListElement":[{"@type":"ListItem","position":1,"name":"Home","item":"https:\/\/www.gaveanews.com\/"},{"@type":"ListItem","position":2,"name":"A declara\u00e7\u00e3o de Marlon Freitas sobre a temporada de 2025 do Botafogo: &#8220;\u00c9 dif\u00edcil&#8230;&#8221;"}]},{"@type":"WebSite","@id":"https:\/\/www.gaveanews.com\/#website","url":"https:\/\/www.gaveanews.com\/","name":"G\u00e1vea News","description":"Veja todas as not\u00edcias sobre o Flamengo: Contrata\u00e7\u00f5es, categorias de base, resultados das partidas, tabela de classifica\u00e7\u00e3o, pr\u00f3ximos jogos!","potentialAction":[{"@type":"SearchAction","target":{"@type":"EntryPoint","urlTemplate":"https:\/\/www.gaveanews.com\/?s={search_term_string}"},"query-input":{"@type":"PropertyValueSpecification","valueRequired":true,"valueName":"search_term_string"}}],"inLanguage":"pt-BR"},{"@type":"Person","@id":"https:\/\/www.gaveanews.com\/#\/schema\/person\/0eb3e3fe1754f0205218538adbe8f5ed","name":"Rafaela Ladeira","image":{"@type":"ImageObject","inLanguage":"pt-BR","@id":"https:\/\/www.gaveanews.com\/#\/schema\/person\/image\/","url":"https:\/\/secure.gravatar.com\/avatar\/c31f513acffd85eacab5730cbdfdbbf59f21ba5aeada8cd890acea879fbb2455?s=96&d=mm&r=g","contentUrl":"https:\/\/secure.gravatar.com\/avatar\/c31f513acffd85eacab5730cbdfdbbf59f21ba5aeada8cd890acea879fbb2455?s=96&d=mm&r=g","caption":"Rafaela Ladeira"}}]}},"_links":{"self":[{"href":"https:\/\/www.gaveanews.com\/index.php\/wp-json\/wp\/v2\/posts\/242835","targetHints":{"allow":["GET"]}}],"collection":[{"href":"https:\/\/www.gaveanews.com\/index.php\/wp-json\/wp\/v2\/posts"}],"about":[{"href":"https:\/\/www.gaveanews.com\/index.php\/wp-json\/wp\/v2\/types\/post"}],"author":[{"embeddable":true,"href":"https:\/\/www.gaveanews.com\/index.php\/wp-json\/wp\/v2\/users\/25"}],"replies":[{"embeddable":true,"href":"https:\/\/www.gaveanews.com\/index.php\/wp-json\/wp\/v2\/comments?post=242835"}],"version-history":[{"count":1,"href":"https:\/\/www.gaveanews.com\/index.php\/wp-json\/wp\/v2\/posts\/242835\/revisions"}],"predecessor-version":[{"id":242837,"href":"https:\/\/www.gaveanews.com\/index.php\/wp-json\/wp\/v2\/posts\/242835\/revisions\/242837"}],"wp:featuredmedia":[{"embeddable":true,"href":"https:\/\/www.gaveanews.com\/index.php\/wp-json\/wp\/v2\/media\/170335"}],"wp:attachment":[{"href":"https:\/\/www.gaveanews.com\/index.php\/wp-json\/wp\/v2\/media?parent=242835"}],"wp:term":[{"taxonomy":"category","embeddable":true,"href":"https:\/\/www.gaveanews.com\/index.php\/wp-json\/wp\/v2\/categories?post=242835"},{"taxonomy":"post_tag","embeddable":true,"href":"https:\/\/www.gaveanews.com\/index.php\/wp-json\/wp\/v2\/tags?post=242835"}],"curies":[{"name":"wp","href":"https:\/\/api.w.org\/{rel}","templated":true}]}}