{"id":24289,"date":"2019-08-07T09:51:27","date_gmt":"2019-08-07T12:51:27","guid":{"rendered":"http:\/\/www.gaveanews.com\/?p=24289"},"modified":"2019-08-07T09:51:28","modified_gmt":"2019-08-07T12:51:28","slug":"apos-intervalo-no-profissional-mauricio-souza-lidera-flamengo-sub-20-em-busca-de-titulo-inedito","status":"publish","type":"post","link":"https:\/\/www.gaveanews.com\/index.php\/2019\/08\/07\/apos-intervalo-no-profissional-mauricio-souza-lidera-flamengo-sub-20-em-busca-de-titulo-inedito\/","title":{"rendered":"Ap\u00f3s &#8220;intervalo&#8221; no profissional, Maur\u00edcio Souza lidera Flamengo Sub-20 em busca de t\u00edtulo in\u00e9dito"},"content":{"rendered":"\n<p>Para os rubro-negros mais atentos, o nome de Maur\u00edcio Souza n\u00e3o vai soar estranho aos ouvidos. Ele fez parte da comiss\u00e3o t\u00e9cnica do Flamengo no ano passado e foi auxiliar fixo do clube com Maur\u00edcio Barbieri e Dorival J\u00fanior. Inclusive comandou o time \u00e0 beira de campo em dois jogos da Libertadores: vit\u00f3ria por 2 a 0 sobre o Emelec, no Maracan\u00e3; e empate sem gols com o River Plate na Argentina. <\/p>\n\n\n\n<p>Experi\u00eancias para l\u00e1 de enriquecedoras que levou de volta para a base.<\/p>\n\n\n\n<p>Mauricinho, como \u00e9 conhecido por todos, est\u00e1 desde 2016 no clube, onde come\u00e7ou como coordenador de futsal. Passou pelo sub-16, foi vice-campe\u00e3o da Ta\u00e7a BH Sub-17 e chegou ao time sub-20 no final de 2017. <\/p>\n\n\n\n<div class=\"wp-block-image\"><figure class=\"aligncenter\"><img decoding=\"async\" src=\"https:\/\/s2.glbimg.com\/ou-IuIZYAQqF3WtoYuJgnKQQGnQ=\/0x85:768x735\/1600x0\/smart\/filters:strip_icc()\/i.s3.glbimg.com\/v1\/AUTH_bc8228b6673f488aa253bbcb03c80ec5\/internal_photos\/bs\/2019\/U\/Z\/bbUTDiQ8SB112A4AHrdw\/01.webp\" alt=\"\"\/><\/figure><\/div>\n\n\n\n<p>Tirando o &#8220;intervalo&#8221; no profissional em grande parte de 2018, o t\u00e9cnico completou no m\u00eas passado um ano no comando da categoria. Nela, foi campe\u00e3o da OPG 2018, da Ta\u00e7a Guanabara 2018 e 2019 e da Copinha 2018, seu t\u00edtulo mais marcante.<\/p>\n\n\n\n<p>E o presente de &#8220;anivers\u00e1rio&#8221; no sub-20 ele j\u00e1 escolheu: o Campeonato Brasileiro. Se no profissional o Flamengo est\u00e1 oito pontos atr\u00e1s do l\u00edder Santos, na categoria j\u00fanior o Rubro-Negro lidera de forma isolada ap\u00f3s oito rodadas, com um ponto \u00e0 frente do Palmeiras. O time recebe a lanterna Ponte Preta nesta quarta-feira, \u00e0s 15h (de Bras\u00edlia), na G\u00e1vea, podendo deixar bem encaminhada sua vaga nas quartas de final e seguir vivo na briga pelo t\u00edtulo in\u00e9dito para o clube.<\/p>\n\n\n\n<div class=\"wp-block-image\"><figure class=\"aligncenter\"><img decoding=\"async\" src=\"https:\/\/s2.glbimg.com\/e5vR_bauhTVhaaV92H0QuMep1BI=\/0x236:1280x960\/1600x0\/smart\/filters:strip_icc()\/i.s3.glbimg.com\/v1\/AUTH_bc8228b6673f488aa253bbcb03c80ec5\/internal_photos\/bs\/2019\/B\/E\/RkZ9uxRmWDRP7O5LBk0Q\/02.webp\" alt=\"\"\/><figcaption>\u00danico ainda invicto, Flamengo \u00e9 o l\u00edder do Brasileiro Sub-20 com um ponto \u00e0 frente do Palmeiras (Foto: Ian Sena \/ Flamengo)<\/figcaption><\/figure><\/div>\n\n\n\n<p>\u2013 O Flamengo tem uma paix\u00e3o muito grande pela Copinha, mas hoje o Brasileiro \u00e9 nosso foco maior. Seria um t\u00edtulo in\u00e9dito \u2013 sonhou Mauricinho.<\/p>\n\n\n\n<p>Al\u00e9m do Brasileiro, o sub-20 rubro-negro est\u00e1 em outras duas frentes: a Ta\u00e7a Rio \u2013 como conquistou a Ta\u00e7a Guanabara, o Flamengo se ganhar o returno ser\u00e1 campe\u00e3o carioca direto \u2013 e a semifinal da OPG, que j\u00e1 \u00e9 nesta quinta-feira. Como que faz? Em entrevista ao GloboEsporte.com, Mauricinho explicou os desafios, fez um balan\u00e7o de seu ano na categoria, disse como foi treinar Reinier, projetou as pr\u00f3ximas joias e revelou ter tomado gosto da beira de campo do profissional:<\/p>\n\n\n\n<p>\u2013 Quero voltar um dia, se Deus quiser.<\/p>\n\n\n\n<h2 class=\"wp-block-heading\"><strong>Confira a entrevista completa:<\/strong><\/h2>\n\n\n\n<h3 class=\"wp-block-heading\"><strong>Entre idas e vindas, voc\u00ea acabou de completar um ano no sub-20 do Flamengo. Como avalia o trabalho nesse per\u00edodo?<\/strong><\/h3>\n\n\n\n<p>\u2014 Foi um in\u00edcio bem dif\u00edcil. Cheguei para pegar o sub-20 na OPG, mas a gente perde um jogo que quem ganhasse ia para a final. A gente estava classificado at\u00e9 os 49, 50 minutos do segundo tempo, a\u00ed toma um gol e fica eliminado. Depois, na Copa RS foram quatro jogos e quatro derrotas. Ainda perdi alguns jogadores importantes, como o Klebinho e o Jean Lucas. Como o profissional foi at\u00e9 a final da Sul-Americana, que foi ap\u00f3s o Brasileiro, o clube teve que dar 30 dias de f\u00e9rias, e no in\u00edcio do ano precisou requisitar muito jogador do sub-20.<\/p>\n\n\n\n<p> \u2014  Sa\u00edmos mais cedo da Copa RS, mas teve o lado positivo que tive tempo de treinar mais para a Copinha, que foi o t\u00edtulo mais importante, sem d\u00favida. Acho que tivemos bons resultados depois. No Flamengo existe cobran\u00e7a por resultado, mas \u00e9 pautada no equil\u00edbrio, entende o tempo todo estar requisitando jogador. Meu primeiro papel \u00e9 esse.<\/p>\n\n\n\n<h3 class=\"wp-block-heading\"><strong> A Copinha desse ano foi a campanha que destoou at\u00e9 agora?<\/strong><\/h3>\n\n\n\n<p>\u2014 Destoou muito. Voltei para a base e peguei um momento de turbul\u00eancia, mudan\u00e7a de equipe, ter que reformular o elenco, subir atletas 2001\u2026 N\u00e3o foi o ideal, a gente sabia disso, mas n\u00e3o imaginava sair precocemente assim. No Carioca a gente encontra um time, faz bons jogos, e no Brasileiro come\u00e7amos muito bem.<\/p>\n\n\n\n<div class=\"wp-block-image\"><figure class=\"aligncenter\"><img decoding=\"async\" src=\"https:\/\/s2.glbimg.com\/-0KzyuTAykqerUnE6VWG0qwDJEc=\/0x106:768x1024\/1000x0\/smart\/filters:strip_icc()\/i.s3.glbimg.com\/v1\/AUTH_bc8228b6673f488aa253bbcb03c80ec5\/internal_photos\/bs\/2019\/q\/2\/DVRO1BTu66tureA3EZew\/03.webp\" alt=\"\"\/><figcaption>Maur\u00edcio Souza posa com a ta\u00e7a da Copinha, que conquistou em 2018 no clube (Foto: Arquivo Pessoal)<\/figcaption><\/figure><\/div>\n\n\n\n<p>\u2014 Aumentou o sarrafo da equipe, sabendo que temos car\u00eancias. Por uma lado \u00e9 bom, mas aumenta a responsabilidade de um time que est\u00e1 em forma\u00e7\u00e3o. Tenho quatro titulares de 2001, e a gente joga com jogadores mais velhos. Pegamos o Corinthians, por exemplo, com um time todo de 1999 e 2000.<\/p>\n\n\n\n<h3 class=\"wp-block-heading\"><strong>Qual campeonato \u00e9 a prioridade no clube esse ano? O Brasileiro?<\/strong><\/h3>\n\n\n\n<p>\u2014 De momento, sem d\u00favida. E acho um campeonato muito bacana, \u00e9 o sonho de quem trabalha na base. S\u00e3o 19 rodadas, um dos moldes do profissional, e acaba em uma fase mata-mata. Antes ele era disputado em fases de grupo at\u00e9 o mata-mata, agora \u00e9 um modelo bem mais bacana. Para a forma\u00e7\u00e3o \u00e9 sensacional, \u00e9 o campeonato dos sonhos. O Flamengo tem uma paix\u00e3o muito grande pela Copinha, mas hoje o Brasileiro \u00e9 nosso foco maior. Seria um t\u00edtulo in\u00e9dito.<\/p>\n\n\n\n<h3 class=\"wp-block-heading\"><strong>Acredita que as chances s\u00e3o boas de t\u00edtulo? Terminando com a melhor campanha vai decidir sempre em casa&#8230;<\/strong><\/h3>\n\n\n\n<p>\u2014 \u00c9 bem vi\u00e1vel, estamos muito fortes na competi\u00e7\u00e3o. Claro que, depois de classificar, sai para uma outra realidade que \u00e9 o mata-mata. E existem algumas diferen\u00e7as do profissional como o fator torcida. Na base n\u00e3o tem, ent\u00e3o fazer o segundo jogo em casa, ainda mais perdendo o primeiro, n\u00e3o \u00e9 bom.<\/p>\n\n\n\n<p>\u2014 Al\u00e9m da quest\u00e3o das viagens, \u00e9 mais cansativo. Se voc\u00ea faz a primeira em casa, viaja uma vez s\u00f3 antes do segundo jogo. Mas se voc\u00ea joga a primeira fora, viaja duas vezes antes do segundo jogo, para ir e voltar. Mas \u00e9 o que a gente quer, n\u00f3s n\u00e3o vamos abrir m\u00e3o disso, e se poss\u00edvel sermos campe\u00f5es invictos. Mas falta muita coisa ainda.<\/p>\n\n\n\n<h3 class=\"wp-block-heading\"><strong>Esse jogo contra a Ponte Preta, por ela ser lanterna, \u00e9 mais dif\u00edcil pelo Flamengo ter a obriga\u00e7\u00e3o de vencer?<\/strong><\/h3>\n\n\n\n<p>\u2014 \u00c9 extremamente perigoso. A Ponte Preta tem quatro pontos, com quatro empates. Fez dois gols e s\u00f3 tomou oito, numero de gols sofridos para quem est\u00e1 la em cima. Vi os jogos deles e todos foram muito duros. N\u00e3o conseguiam ganhar, mas empatavam ou perdiam de 1 a 0, 2 a 1. \u00c9 uma equipe muito competitiva, n\u00e3o faz muito gol, mas para furar \u00e9 dif\u00edcil.<\/p>\n\n\n\n<p>\u2014 E a responsabilidade \u00e9 toda nossa. Falei exatamente isso para os jogadores, da import\u00e2ncia de encarar com seriedade. Se entrar achando que vai ser f\u00e1cil pelo retrospecto de tabela&#8230; A posi\u00e7\u00e3o deles n\u00e3o condiz, \u00e9 um time que briga, que luta.<\/p>\n\n\n\n<h3 class=\"wp-block-heading\"><strong>E na quinta voc\u00eas come\u00e7am a semifinal da OPG contra o Sampaio Correa. Como se joga duas partidas em dois dias?<\/strong><\/h3>\n\n\n\n<p>\u2014 Teoricamente \u00e9 o time que fica no banco contra a Ponte Preta que joga na quinta. Isso tem sido uma constante para a gente, fizemos 14 jogos esse m\u00eas. N\u00f3s tentamos ser o mais homog\u00eaneo poss\u00edvel, n\u00e3o tem a menor d\u00favida que o desgaste \u00e9 grande. \u00c0s vezes um atleta entra no jogo, e no dia seguinte est\u00e1 jogando de novo.<\/p>\n\n\n\n<p>\u2014 O problema dessa quantidade de jogos \u00e9 que perde treinos. Joga quarta, quinta, e esse grupo completo s\u00f3 vai se encontrar no campo domingo. Vai s\u00f3 jogando e recuperando, e isso para o processo \u00e9 muito ruim. Mas n\u00e3o temos para onde correr, vamos com duas equipes distintas, \u00e0s vezes tr\u00eas.<\/p>\n\n\n\n<h3 class=\"wp-block-heading\"><strong>O principal do trabalho de voc\u00eas \u00e9 revelar jogador, e isso o Flamengo vem fazendo bem. Qual a import\u00e2ncia dessa forma\u00e7\u00e3o na sua categoria, que \u00e9 a \u00faltima antes do profissional?<\/strong><\/h3>\n\n\n\n<p>\u2014 Eu tenho uma ideia que o atleta n\u00e3o vai ser formado nunca, vai sempre estar em forma\u00e7\u00e3o. Mas o sub-20 \u00e9 o ajuste final para o atleta transitar non profissional, mas s\u00e3o v\u00e1rios detalhes que v\u00e3o lev\u00e1-lo a ter \u00eaxito em cima. O qu\u00e3o bem ele foi formado nas outras categorias, capacidade de interpreta\u00e7\u00e3o, assumir a responsabilidade de representar o Flamengo, ter qualidade t\u00e9cnica, extinto de competitividade&#8230; N\u00e3o adianta s\u00f3 ser t\u00e9cnico, hoje o futebol \u00e9 extremamente competitivo.<\/p>\n\n\n\n<p>\u2014 N\u00e3o consigo distinguir import\u00e2ncias do sub-20 para o sub-17, sub-16&#8230; O atleta vem sendo formado l\u00e1 de baixo, sobe e continua o processo de forma\u00e7\u00e3o. O sub-20 \u00e9 o divisor de \u00e1gua, que define definitivamente quem vai transitar ou n\u00e3o pelo profissional. S\u00e3o raros os casos de quem sobe direto do sub-17. O Vinicius Junior quase n\u00e3o passou no sub-20, o Lincoln tamb\u00e9m. Mas s\u00e3o jogadores que t\u00eam aflorado essa competitividade, que pode p\u00f4r na arena que v\u00e3o dar conta.<\/p>\n\n\n\n<h3 class=\"wp-block-heading\"><strong>O Reinier apesar da idade sub-17 estava com voc\u00ea no sub-20. O que achou dele?<\/strong><\/h3>\n\n\n\n<p>\u2014 Ele chegou para mim no sub-20, mas logo teve convoca\u00e7\u00e3o da sele\u00e7\u00e3o e ficou um bom tempo fora. Jogou alguns jogos comigo na Copa do Brasil esse ano, mas se machucou, quando recuperou voltou para a sele\u00e7\u00e3o e retornou direto para o profissional. Mas \u00e9 um jogador realmente diferente, com uma capacidade t\u00e9cnica muito grande, um poder de defini\u00e7\u00e3o grande.<\/p>\n\n\n\n<p>\u2014 Joga muito bem na parte final do campo. Ele tem 17 anos e existe isso nele, essa competitividade, querer ganhar, e uma composi\u00e7\u00e3o corporal que parece que foi feito para jogar. Ele tem uma passada que \u00e9 absurdo, com controle de bola. Jogador inteligente, acho que \u00e9 muito promissor. H\u00e1 de se ter paci\u00eancia, como todo garoto lan\u00e7ado no profissional. Todos precisam de um tempo de adapta\u00e7\u00e3o.<\/p>\n\n\n\n<div class=\"wp-block-image\"><figure class=\"aligncenter\"><img decoding=\"async\" src=\"https:\/\/s2.glbimg.com\/KvRsuNNSgS0_WeuQZ4NrDhcCjNg=\/0x0:557x388\/1000x0\/smart\/filters:strip_icc()\/s.glbimg.com\/es\/ge\/f\/original\/2018\/09\/22\/yuricesar.webp\" alt=\"\"\/><figcaption>Yuri C\u00e9sar vem sendo o maior destaque do time sub-20 rubro-negro (Foto: Gilvan de Souza \/ Flamengo)<\/figcaption><\/figure><\/div>\n\n\n\n<h3 class=\"wp-block-heading\"><strong>Quem voc\u00ea aposta como o pr\u00f3ximo a subir e ter destaque?<\/strong><\/h3>\n\n\n\n<p>\u2014 O Yuri \u00e9 muito bom jogador. Dribla, finta, tem o improviso, \u00e9 muito r\u00e1pido, bate muito bem na bola&#8230; Outro jogador que gosto muito \u00e9 o Vini\u00e7\u00e3o, que tem jogado muito, est\u00e1 maduro, controla demais o setor de meio campo. Temos bons valores, o Vitor Gabriel que estava no profissional, o Rodrigo Muniz, que foi convocado agora e \u00e9 reserva do Vitor, mas \u00e9 um baita jogador. O Ramon, que acabou de ser convocado tamb\u00e9m, um lateral mais forte.<\/p>\n\n\n\n<p>\u2014 Temos bons valores, mas est\u00e1 tudo dentro do tempo. Ainda n\u00e3o \u00e9 o momento, mas pode vir a dar bons frutos ao profissional. De imediato diria Yuri e Vinicius, mas n\u00e3o vejo car\u00eancias para que isso aconte\u00e7a.<\/p>\n\n\n\n<h3 class=\"wp-block-heading\"><strong>Acha que a experi\u00eancia de profissional que teve te ajuda a lidar com a garotada?<\/strong><\/h3>\n\n\n\n<p>\u2014 Sem d\u00favida. S\u00e3o garotos, t\u00eam que ter sonhos, mas me traz uma bagagem, um entendimento maior do que realmente representa o futebol na vida deles. Tenho uma rela\u00e7\u00e3o muito boa com eles, de respeito, mas liberdade para se falar o que pensa, o que chateia&#8230; Me coloco como treinador, mas tamb\u00e9m como amigo. Claro que existe respeito, entendimento que a palavra final \u00e9 minha. Determino junto com a comiss\u00e3o t\u00e9cnica a forma que eles v\u00e3o atuar, pe\u00e7o que entendam, sempre tentando dar a eles um jogo coletivo para potencializar o individual.<\/p>\n\n\n\n<h3 class=\"wp-block-heading\"><strong>Como avalia o per\u00edodo como auxiliar no profissional, tanto pelo Botafogo quanto no Flamengo. Nas duas pegou Libertadores, n\u00e9?<\/strong><\/h3>\n\n\n\n<p>\u2014 Fiz duas Libertadores. N\u00e3o tem nenhum curso, nada que pague isso, as experi\u00eancias que vivi. No Botafogo dobrava, treinava o 20, fomos at\u00e9 campe\u00f5es cariocas naquele ano, mas ficava mais focado no profissional. O Duda (Eduardo Hungaro) me ensinou muita coisa. Estava no mirim, ele no sub-20, e quando tinha que viajar ele me recrutava para treinar em seu lugar. Sempre me dando moral, passando conhecimento. \u00c9 um amigo e um cara que tenho como refer\u00eancia. Infelizmente naquela momento n\u00e3o teve \u00eaxito.<\/p>\n\n\n\n<div class=\"wp-block-image\"><figure class=\"aligncenter\"><img decoding=\"async\" src=\"https:\/\/s2.glbimg.com\/UCy3KRL3bcpbSvupzyn0ihuQD4c=\/0x0:7500x5000\/1600x0\/smart\/filters:strip_icc()\/s.glbimg.com\/es\/ge\/f\/original\/2018\/04\/09\/b2.webp\" alt=\"\"\/><figcaption>Mauricinho foi auxiliar de Barbieri no profissional do Flamengo entre abril e setembro de 2018 (Foto: Gilvan de Souza\/Flamengo)<\/figcaption><\/figure><\/div>\n\n\n\n<p>\u2014 Depois, com o Maur\u00edcio (Barbieri), outro aprendizado muito grande, me senti mais pronto do que na \u00e9poca do Botafogo. O que mais facilitou \u00e9 que ele me deixava totalmente \u00e0 vontade. Um cara extremamente capaz, treinador com vis\u00e3o para frente, que conseguia administrar elenco de forma sadia. O que gratifica n\u00e3o \u00e9 s\u00f3 estar l\u00e1, mas como voc\u00ea \u00e9 usado. E me senti importante nesse per\u00edodo com ele.<\/p>\n\n\n\n<p>\u2014 E o Dorival eu n\u00e3o o conhecia pessoalmente e me surpreendi. Um treinador com o nome dele, com a capacidade que tinha, poderia ter me deixado de lado, mas me abra\u00e7ou de uma forma, deu liberdade de participar de tudo que fazia: v\u00eddeo, prele\u00e7\u00f5es, vi grandes treinos com ele&#8230; Me deixou dentro do projeto. Mais uma forma de engrandecer minha passagem l\u00e1 com ele. Vivenciando esses momentos se aprende com tudo, vit\u00f3rias, derrotas&#8230; Quero voltar um dia, se Deus quiser.<\/p>\n\n\n\n<h3 class=\"wp-block-heading\"><strong>Voc\u00ea j\u00e1 comandou o Flamengo no profissional em dois jogos. Gostou?<\/strong><\/h3>\n\n\n\n<p>\u2014 Foi bem bacana. Gostei pela forma que me comportei, n\u00e3o fiquei nervoso. Claro que bate uma ansiedade, mas fazia a leitura do que estava acontecendo. O Maur\u00edcio (Barbieri) j\u00e1 tinha me passado o que poderia ser feito, me deixou \u00e0 vontade para tomar decis\u00f5es. Contra o Emelec foi mais um choque, por ele ter sido expulso. Um jogo que definia a classifica\u00e7\u00e3o, e quando vou para beira do campo est\u00e1 um jogo completamente aberto.<\/p>\n\n\n\n<p>\u2014 A gente se fecha um pouquinho para organizar, e no fim sai o gol. Com 60 mil torcedores atr\u00e1s de voc\u00ea, tinha que estar preparado, ver o jogo sem me preocupar com o que vem de fora. A experi\u00eancia n\u00e3o tem nada igual. Se eu consegui me controlar daquela forma naquele jogo, hoje para mim \u00e9 mais tranquilo. Tem que estar com cabe\u00e7a boa, n\u00e3o pode virar torcedor. Sa\u00ed feliz por me ver, mas o trabalho era do Maur\u00edcio.<\/p>\n\n\n\n<h3 class=\"wp-block-heading\"><strong>Tem como meta virar treinador assim como fez o Barbieri?<\/strong><\/h3>\n\n\n\n<p>\u2014 Tenho. Estou muito feliz no sub-20 do Flamengo e n\u00e3o tenho pressa nenhuma nisso. A cada ano que passa me preparo mais, quero um dia, sim, assumir uma equipe profissional, poder alavancar a carreira nesse sentido. Minha meta \u00e9 trabalhar com equipes profissionais, acho que tenho qualidade para isso. Apesar de 45 anos, n\u00e3o tenho tempo de treinador. Virei em 2011, sou meio precoce nesse sentido. Quero me preparar o m\u00e1ximo poss\u00edvel. N\u00e3o tenho pressa, mas tenho sonhos.<\/p>\n\n\n\n\n\n<p>Retirado de: Globo Esporte<\/p>\n","protected":false},"excerpt":{"rendered":"<p>Para os rubro-negros mais atentos, o nome de Maur\u00edcio Souza n\u00e3o vai soar estranho aos ouvidos. Ele fez parte da comiss\u00e3o t\u00e9cnica do Flamengo no ano passado e foi auxiliar fixo do clube com Maur\u00edcio Barbieri e Dorival J\u00fanior. Inclusive comandou o time \u00e0 beira de campo em dois jogos da Libertadores: vit\u00f3ria por 2 [&hellip;]<\/p>\n","protected":false},"author":1,"featured_media":24293,"comment_status":"open","ping_status":"open","sticky":false,"template":"","format":"standard","meta":{"footnotes":""},"categories":[1],"tags":[],"class_list":["post-24289","post","type-post","status-publish","format-standard","has-post-thumbnail","hentry","category-flamengo"],"yoast_head":"<!-- This site is optimized with the Yoast SEO Premium plugin v24.2 (Yoast SEO v26.9) - https:\/\/yoast.com\/product\/yoast-seo-premium-wordpress\/ -->\n<title>Ap\u00f3s &quot;intervalo&quot; no profissional, Maur\u00edcio Souza lidera Flamengo Sub-20 em busca de t\u00edtulo in\u00e9dito<\/title>\n<meta name=\"description\" content=\"Com Rubro-Negro l\u00edder do Brasileiro Sub-20, t\u00e9cnico campe\u00e3o da Copinha em 2018 busca sua quinta conquista em um ano na categoria.\" \/>\n<meta name=\"robots\" content=\"index, follow, max-snippet:-1, max-image-preview:large, max-video-preview:-1\" \/>\n<link rel=\"canonical\" href=\"https:\/\/www.gaveanews.com\/index.php\/2019\/08\/07\/apos-intervalo-no-profissional-mauricio-souza-lidera-flamengo-sub-20-em-busca-de-titulo-inedito\/\" \/>\n<meta property=\"og:locale\" content=\"pt_BR\" \/>\n<meta property=\"og:type\" content=\"article\" \/>\n<meta property=\"og:title\" content=\"Ap\u00f3s &quot;intervalo&quot; no profissional, Maur\u00edcio Souza lidera Flamengo Sub-20 em busca de t\u00edtulo in\u00e9dito\" \/>\n<meta property=\"og:description\" content=\"Com Rubro-Negro l\u00edder do Brasileiro Sub-20, t\u00e9cnico campe\u00e3o da Copinha em 2018 busca sua quinta conquista em um ano na categoria.\" \/>\n<meta property=\"og:url\" content=\"https:\/\/www.gaveanews.com\/index.php\/2019\/08\/07\/apos-intervalo-no-profissional-mauricio-souza-lidera-flamengo-sub-20-em-busca-de-titulo-inedito\/\" \/>\n<meta property=\"og:site_name\" content=\"G\u00e1vea News\" \/>\n<meta property=\"article:publisher\" content=\"https:\/\/facebook.com\/gaveaNews\/\" \/>\n<meta property=\"article:published_time\" content=\"2019-08-07T12:51:27+00:00\" \/>\n<meta property=\"article:modified_time\" content=\"2019-08-07T12:51:28+00:00\" \/>\n<meta property=\"og:image\" content=\"https:\/\/www.gaveanews.com\/wp-content\/uploads\/2019\/08\/Mauricio-Souza-durante-partida-do-Flamengo.webp\" \/>\n\t<meta property=\"og:image:width\" content=\"1\" \/>\n\t<meta property=\"og:image:height\" content=\"1\" \/>\n\t<meta property=\"og:image:type\" content=\"image\/jpeg\" \/>\n<meta name=\"author\" content=\"Equipe G\u00e1vea News\" \/>\n<meta name=\"twitter:card\" content=\"summary_large_image\" \/>\n<meta name=\"twitter:label1\" content=\"Escrito por\" \/>\n\t<meta name=\"twitter:data1\" content=\"Equipe G\u00e1vea News\" \/>\n\t<meta name=\"twitter:label2\" content=\"Est. tempo de leitura\" \/>\n\t<meta name=\"twitter:data2\" content=\"12 minutos\" \/>\n<script type=\"application\/ld+json\" class=\"yoast-schema-graph\">{\"@context\":\"https:\/\/schema.org\",\"@graph\":[{\"@type\":\"NewsArticle\",\"@id\":\"https:\/\/www.gaveanews.com\/index.php\/2019\/08\/07\/apos-intervalo-no-profissional-mauricio-souza-lidera-flamengo-sub-20-em-busca-de-titulo-inedito\/#article\",\"isPartOf\":{\"@id\":\"https:\/\/www.gaveanews.com\/index.php\/2019\/08\/07\/apos-intervalo-no-profissional-mauricio-souza-lidera-flamengo-sub-20-em-busca-de-titulo-inedito\/\"},\"author\":{\"name\":\"Equipe G\u00e1vea News\",\"@id\":\"https:\/\/www.gaveanews.com\/#\/schema\/person\/2ec14f73fb96be2caf28f91afb14749d\"},\"headline\":\"Ap\u00f3s &#8220;intervalo&#8221; no profissional, Maur\u00edcio Souza lidera Flamengo Sub-20 em busca de t\u00edtulo in\u00e9dito\",\"datePublished\":\"2019-08-07T12:51:27+00:00\",\"dateModified\":\"2019-08-07T12:51:28+00:00\",\"mainEntityOfPage\":{\"@id\":\"https:\/\/www.gaveanews.com\/index.php\/2019\/08\/07\/apos-intervalo-no-profissional-mauricio-souza-lidera-flamengo-sub-20-em-busca-de-titulo-inedito\/\"},\"wordCount\":2388,\"commentCount\":0,\"image\":{\"@id\":\"https:\/\/www.gaveanews.com\/index.php\/2019\/08\/07\/apos-intervalo-no-profissional-mauricio-souza-lidera-flamengo-sub-20-em-busca-de-titulo-inedito\/#primaryimage\"},\"thumbnailUrl\":\"https:\/\/www.gaveanews.com\/wp-content\/uploads\/2019\/08\/Mauricio-Souza-durante-partida-do-Flamengo.webp\",\"articleSection\":[\"Flamengo\"],\"inLanguage\":\"pt-BR\",\"potentialAction\":[{\"@type\":\"CommentAction\",\"name\":\"Comment\",\"target\":[\"https:\/\/www.gaveanews.com\/index.php\/2019\/08\/07\/apos-intervalo-no-profissional-mauricio-souza-lidera-flamengo-sub-20-em-busca-de-titulo-inedito\/#respond\"]}],\"copyrightYear\":\"2019\",\"copyrightHolder\":{\"@id\":\"https:\/\/www.gaveanews.com\/#organization\"}},{\"@type\":\"WebPage\",\"@id\":\"https:\/\/www.gaveanews.com\/index.php\/2019\/08\/07\/apos-intervalo-no-profissional-mauricio-souza-lidera-flamengo-sub-20-em-busca-de-titulo-inedito\/\",\"url\":\"https:\/\/www.gaveanews.com\/index.php\/2019\/08\/07\/apos-intervalo-no-profissional-mauricio-souza-lidera-flamengo-sub-20-em-busca-de-titulo-inedito\/\",\"name\":\"Ap\u00f3s \\\"intervalo\\\" no profissional, Maur\u00edcio Souza lidera Flamengo Sub-20 em busca de t\u00edtulo in\u00e9dito\",\"isPartOf\":{\"@id\":\"https:\/\/www.gaveanews.com\/#website\"},\"primaryImageOfPage\":{\"@id\":\"https:\/\/www.gaveanews.com\/index.php\/2019\/08\/07\/apos-intervalo-no-profissional-mauricio-souza-lidera-flamengo-sub-20-em-busca-de-titulo-inedito\/#primaryimage\"},\"image\":{\"@id\":\"https:\/\/www.gaveanews.com\/index.php\/2019\/08\/07\/apos-intervalo-no-profissional-mauricio-souza-lidera-flamengo-sub-20-em-busca-de-titulo-inedito\/#primaryimage\"},\"thumbnailUrl\":\"https:\/\/www.gaveanews.com\/wp-content\/uploads\/2019\/08\/Mauricio-Souza-durante-partida-do-Flamengo.webp\",\"datePublished\":\"2019-08-07T12:51:27+00:00\",\"dateModified\":\"2019-08-07T12:51:28+00:00\",\"author\":{\"@id\":\"https:\/\/www.gaveanews.com\/#\/schema\/person\/2ec14f73fb96be2caf28f91afb14749d\"},\"description\":\"Com Rubro-Negro l\u00edder do Brasileiro Sub-20, t\u00e9cnico campe\u00e3o da Copinha em 2018 busca sua quinta conquista em um ano na categoria.\",\"breadcrumb\":{\"@id\":\"https:\/\/www.gaveanews.com\/index.php\/2019\/08\/07\/apos-intervalo-no-profissional-mauricio-souza-lidera-flamengo-sub-20-em-busca-de-titulo-inedito\/#breadcrumb\"},\"inLanguage\":\"pt-BR\",\"potentialAction\":[{\"@type\":\"ReadAction\",\"target\":[\"https:\/\/www.gaveanews.com\/index.php\/2019\/08\/07\/apos-intervalo-no-profissional-mauricio-souza-lidera-flamengo-sub-20-em-busca-de-titulo-inedito\/\"]}]},{\"@type\":\"ImageObject\",\"inLanguage\":\"pt-BR\",\"@id\":\"https:\/\/www.gaveanews.com\/index.php\/2019\/08\/07\/apos-intervalo-no-profissional-mauricio-souza-lidera-flamengo-sub-20-em-busca-de-titulo-inedito\/#primaryimage\",\"url\":\"https:\/\/www.gaveanews.com\/wp-content\/uploads\/2019\/08\/Mauricio-Souza-durante-partida-do-Flamengo.webp\",\"contentUrl\":\"https:\/\/www.gaveanews.com\/wp-content\/uploads\/2019\/08\/Mauricio-Souza-durante-partida-do-Flamengo.webp\",\"width\":1000,\"height\":666,\"caption\":\"Maur\u00edcio Souza durante partida do Flamengo (Foto: Arquivo Pessoal)\"},{\"@type\":\"BreadcrumbList\",\"@id\":\"https:\/\/www.gaveanews.com\/index.php\/2019\/08\/07\/apos-intervalo-no-profissional-mauricio-souza-lidera-flamengo-sub-20-em-busca-de-titulo-inedito\/#breadcrumb\",\"itemListElement\":[{\"@type\":\"ListItem\",\"position\":1,\"name\":\"Home\",\"item\":\"https:\/\/www.gaveanews.com\/\"},{\"@type\":\"ListItem\",\"position\":2,\"name\":\"Ap\u00f3s &#8220;intervalo&#8221; no profissional, Maur\u00edcio Souza lidera Flamengo Sub-20 em busca de t\u00edtulo in\u00e9dito\"}]},{\"@type\":\"WebSite\",\"@id\":\"https:\/\/www.gaveanews.com\/#website\",\"url\":\"https:\/\/www.gaveanews.com\/\",\"name\":\"G\u00e1vea News\",\"description\":\"Veja todas as not\u00edcias sobre o Flamengo: Contrata\u00e7\u00f5es, categorias de base, resultados das partidas, tabela de classifica\u00e7\u00e3o, pr\u00f3ximos jogos!\",\"potentialAction\":[{\"@type\":\"SearchAction\",\"target\":{\"@type\":\"EntryPoint\",\"urlTemplate\":\"https:\/\/www.gaveanews.com\/?s={search_term_string}\"},\"query-input\":{\"@type\":\"PropertyValueSpecification\",\"valueRequired\":true,\"valueName\":\"search_term_string\"}}],\"inLanguage\":\"pt-BR\"},{\"@type\":\"Person\",\"@id\":\"https:\/\/www.gaveanews.com\/#\/schema\/person\/2ec14f73fb96be2caf28f91afb14749d\",\"name\":\"Equipe G\u00e1vea News\",\"image\":{\"@type\":\"ImageObject\",\"inLanguage\":\"pt-BR\",\"@id\":\"https:\/\/www.gaveanews.com\/#\/schema\/person\/image\/\",\"url\":\"https:\/\/secure.gravatar.com\/avatar\/1e1956f1facbffd3f8fa53a326721950116b3b9dc9bd44939c01180fd4a745a9?s=96&d=mm&r=g\",\"contentUrl\":\"https:\/\/secure.gravatar.com\/avatar\/1e1956f1facbffd3f8fa53a326721950116b3b9dc9bd44939c01180fd4a745a9?s=96&d=mm&r=g\",\"caption\":\"Equipe G\u00e1vea News\"}}]}<\/script>\n<!-- \/ Yoast SEO Premium plugin. -->","yoast_head_json":{"title":"Ap\u00f3s \"intervalo\" no profissional, Maur\u00edcio Souza lidera Flamengo Sub-20 em busca de t\u00edtulo in\u00e9dito","description":"Com Rubro-Negro l\u00edder do Brasileiro Sub-20, t\u00e9cnico campe\u00e3o da Copinha em 2018 busca sua quinta conquista em um ano na categoria.","robots":{"index":"index","follow":"follow","max-snippet":"max-snippet:-1","max-image-preview":"max-image-preview:large","max-video-preview":"max-video-preview:-1"},"canonical":"https:\/\/www.gaveanews.com\/index.php\/2019\/08\/07\/apos-intervalo-no-profissional-mauricio-souza-lidera-flamengo-sub-20-em-busca-de-titulo-inedito\/","og_locale":"pt_BR","og_type":"article","og_title":"Ap\u00f3s \"intervalo\" no profissional, Maur\u00edcio Souza lidera Flamengo Sub-20 em busca de t\u00edtulo in\u00e9dito","og_description":"Com Rubro-Negro l\u00edder do Brasileiro Sub-20, t\u00e9cnico campe\u00e3o da Copinha em 2018 busca sua quinta conquista em um ano na categoria.","og_url":"https:\/\/www.gaveanews.com\/index.php\/2019\/08\/07\/apos-intervalo-no-profissional-mauricio-souza-lidera-flamengo-sub-20-em-busca-de-titulo-inedito\/","og_site_name":"G\u00e1vea News","article_publisher":"https:\/\/facebook.com\/gaveaNews\/","article_published_time":"2019-08-07T12:51:27+00:00","article_modified_time":"2019-08-07T12:51:28+00:00","og_image":[{"url":"https:\/\/www.gaveanews.com\/wp-content\/uploads\/2019\/08\/Mauricio-Souza-durante-partida-do-Flamengo.webp","width":1,"height":1,"type":"image\/jpeg"}],"author":"Equipe G\u00e1vea News","twitter_card":"summary_large_image","twitter_misc":{"Escrito por":"Equipe G\u00e1vea News","Est. tempo de leitura":"12 minutos"},"schema":{"@context":"https:\/\/schema.org","@graph":[{"@type":"NewsArticle","@id":"https:\/\/www.gaveanews.com\/index.php\/2019\/08\/07\/apos-intervalo-no-profissional-mauricio-souza-lidera-flamengo-sub-20-em-busca-de-titulo-inedito\/#article","isPartOf":{"@id":"https:\/\/www.gaveanews.com\/index.php\/2019\/08\/07\/apos-intervalo-no-profissional-mauricio-souza-lidera-flamengo-sub-20-em-busca-de-titulo-inedito\/"},"author":{"name":"Equipe G\u00e1vea News","@id":"https:\/\/www.gaveanews.com\/#\/schema\/person\/2ec14f73fb96be2caf28f91afb14749d"},"headline":"Ap\u00f3s &#8220;intervalo&#8221; no profissional, Maur\u00edcio Souza lidera Flamengo Sub-20 em busca de t\u00edtulo in\u00e9dito","datePublished":"2019-08-07T12:51:27+00:00","dateModified":"2019-08-07T12:51:28+00:00","mainEntityOfPage":{"@id":"https:\/\/www.gaveanews.com\/index.php\/2019\/08\/07\/apos-intervalo-no-profissional-mauricio-souza-lidera-flamengo-sub-20-em-busca-de-titulo-inedito\/"},"wordCount":2388,"commentCount":0,"image":{"@id":"https:\/\/www.gaveanews.com\/index.php\/2019\/08\/07\/apos-intervalo-no-profissional-mauricio-souza-lidera-flamengo-sub-20-em-busca-de-titulo-inedito\/#primaryimage"},"thumbnailUrl":"https:\/\/www.gaveanews.com\/wp-content\/uploads\/2019\/08\/Mauricio-Souza-durante-partida-do-Flamengo.webp","articleSection":["Flamengo"],"inLanguage":"pt-BR","potentialAction":[{"@type":"CommentAction","name":"Comment","target":["https:\/\/www.gaveanews.com\/index.php\/2019\/08\/07\/apos-intervalo-no-profissional-mauricio-souza-lidera-flamengo-sub-20-em-busca-de-titulo-inedito\/#respond"]}],"copyrightYear":"2019","copyrightHolder":{"@id":"https:\/\/www.gaveanews.com\/#organization"}},{"@type":"WebPage","@id":"https:\/\/www.gaveanews.com\/index.php\/2019\/08\/07\/apos-intervalo-no-profissional-mauricio-souza-lidera-flamengo-sub-20-em-busca-de-titulo-inedito\/","url":"https:\/\/www.gaveanews.com\/index.php\/2019\/08\/07\/apos-intervalo-no-profissional-mauricio-souza-lidera-flamengo-sub-20-em-busca-de-titulo-inedito\/","name":"Ap\u00f3s \"intervalo\" no profissional, Maur\u00edcio Souza lidera Flamengo Sub-20 em busca de t\u00edtulo in\u00e9dito","isPartOf":{"@id":"https:\/\/www.gaveanews.com\/#website"},"primaryImageOfPage":{"@id":"https:\/\/www.gaveanews.com\/index.php\/2019\/08\/07\/apos-intervalo-no-profissional-mauricio-souza-lidera-flamengo-sub-20-em-busca-de-titulo-inedito\/#primaryimage"},"image":{"@id":"https:\/\/www.gaveanews.com\/index.php\/2019\/08\/07\/apos-intervalo-no-profissional-mauricio-souza-lidera-flamengo-sub-20-em-busca-de-titulo-inedito\/#primaryimage"},"thumbnailUrl":"https:\/\/www.gaveanews.com\/wp-content\/uploads\/2019\/08\/Mauricio-Souza-durante-partida-do-Flamengo.webp","datePublished":"2019-08-07T12:51:27+00:00","dateModified":"2019-08-07T12:51:28+00:00","author":{"@id":"https:\/\/www.gaveanews.com\/#\/schema\/person\/2ec14f73fb96be2caf28f91afb14749d"},"description":"Com Rubro-Negro l\u00edder do Brasileiro Sub-20, t\u00e9cnico campe\u00e3o da Copinha em 2018 busca sua quinta conquista em um ano na categoria.","breadcrumb":{"@id":"https:\/\/www.gaveanews.com\/index.php\/2019\/08\/07\/apos-intervalo-no-profissional-mauricio-souza-lidera-flamengo-sub-20-em-busca-de-titulo-inedito\/#breadcrumb"},"inLanguage":"pt-BR","potentialAction":[{"@type":"ReadAction","target":["https:\/\/www.gaveanews.com\/index.php\/2019\/08\/07\/apos-intervalo-no-profissional-mauricio-souza-lidera-flamengo-sub-20-em-busca-de-titulo-inedito\/"]}]},{"@type":"ImageObject","inLanguage":"pt-BR","@id":"https:\/\/www.gaveanews.com\/index.php\/2019\/08\/07\/apos-intervalo-no-profissional-mauricio-souza-lidera-flamengo-sub-20-em-busca-de-titulo-inedito\/#primaryimage","url":"https:\/\/www.gaveanews.com\/wp-content\/uploads\/2019\/08\/Mauricio-Souza-durante-partida-do-Flamengo.webp","contentUrl":"https:\/\/www.gaveanews.com\/wp-content\/uploads\/2019\/08\/Mauricio-Souza-durante-partida-do-Flamengo.webp","width":1000,"height":666,"caption":"Maur\u00edcio Souza durante partida do Flamengo (Foto: Arquivo Pessoal)"},{"@type":"BreadcrumbList","@id":"https:\/\/www.gaveanews.com\/index.php\/2019\/08\/07\/apos-intervalo-no-profissional-mauricio-souza-lidera-flamengo-sub-20-em-busca-de-titulo-inedito\/#breadcrumb","itemListElement":[{"@type":"ListItem","position":1,"name":"Home","item":"https:\/\/www.gaveanews.com\/"},{"@type":"ListItem","position":2,"name":"Ap\u00f3s &#8220;intervalo&#8221; no profissional, Maur\u00edcio Souza lidera Flamengo Sub-20 em busca de t\u00edtulo in\u00e9dito"}]},{"@type":"WebSite","@id":"https:\/\/www.gaveanews.com\/#website","url":"https:\/\/www.gaveanews.com\/","name":"G\u00e1vea News","description":"Veja todas as not\u00edcias sobre o Flamengo: Contrata\u00e7\u00f5es, categorias de base, resultados das partidas, tabela de classifica\u00e7\u00e3o, pr\u00f3ximos jogos!","potentialAction":[{"@type":"SearchAction","target":{"@type":"EntryPoint","urlTemplate":"https:\/\/www.gaveanews.com\/?s={search_term_string}"},"query-input":{"@type":"PropertyValueSpecification","valueRequired":true,"valueName":"search_term_string"}}],"inLanguage":"pt-BR"},{"@type":"Person","@id":"https:\/\/www.gaveanews.com\/#\/schema\/person\/2ec14f73fb96be2caf28f91afb14749d","name":"Equipe G\u00e1vea News","image":{"@type":"ImageObject","inLanguage":"pt-BR","@id":"https:\/\/www.gaveanews.com\/#\/schema\/person\/image\/","url":"https:\/\/secure.gravatar.com\/avatar\/1e1956f1facbffd3f8fa53a326721950116b3b9dc9bd44939c01180fd4a745a9?s=96&d=mm&r=g","contentUrl":"https:\/\/secure.gravatar.com\/avatar\/1e1956f1facbffd3f8fa53a326721950116b3b9dc9bd44939c01180fd4a745a9?s=96&d=mm&r=g","caption":"Equipe G\u00e1vea News"}}]}},"_links":{"self":[{"href":"https:\/\/www.gaveanews.com\/index.php\/wp-json\/wp\/v2\/posts\/24289","targetHints":{"allow":["GET"]}}],"collection":[{"href":"https:\/\/www.gaveanews.com\/index.php\/wp-json\/wp\/v2\/posts"}],"about":[{"href":"https:\/\/www.gaveanews.com\/index.php\/wp-json\/wp\/v2\/types\/post"}],"author":[{"embeddable":true,"href":"https:\/\/www.gaveanews.com\/index.php\/wp-json\/wp\/v2\/users\/1"}],"replies":[{"embeddable":true,"href":"https:\/\/www.gaveanews.com\/index.php\/wp-json\/wp\/v2\/comments?post=24289"}],"version-history":[{"count":0,"href":"https:\/\/www.gaveanews.com\/index.php\/wp-json\/wp\/v2\/posts\/24289\/revisions"}],"wp:featuredmedia":[{"embeddable":true,"href":"https:\/\/www.gaveanews.com\/index.php\/wp-json\/wp\/v2\/media\/24293"}],"wp:attachment":[{"href":"https:\/\/www.gaveanews.com\/index.php\/wp-json\/wp\/v2\/media?parent=24289"}],"wp:term":[{"taxonomy":"category","embeddable":true,"href":"https:\/\/www.gaveanews.com\/index.php\/wp-json\/wp\/v2\/categories?post=24289"},{"taxonomy":"post_tag","embeddable":true,"href":"https:\/\/www.gaveanews.com\/index.php\/wp-json\/wp\/v2\/tags?post=24289"}],"curies":[{"name":"wp","href":"https:\/\/api.w.org\/{rel}","templated":true}]}}