{"id":242917,"date":"2025-03-22T15:20:00","date_gmt":"2025-03-22T18:20:00","guid":{"rendered":"https:\/\/www.gaveanews.com\/?p=242917"},"modified":"2025-03-22T12:52:43","modified_gmt":"2025-03-22T15:52:43","slug":"luciano-perdera-espaco-com-zubeldia-no-sao-paulo","status":"publish","type":"post","link":"https:\/\/www.gaveanews.com\/index.php\/2025\/03\/22\/luciano-perdera-espaco-com-zubeldia-no-sao-paulo\/","title":{"rendered":"Luciano perder\u00e1 espa\u00e7o com Zubeld\u00eda no S\u00e3o Paulo"},"content":{"rendered":"\n<p>O S\u00e3o Paulo tem aproveitado o per\u00edodo sem jogos desde a elimina\u00e7\u00e3o no Campeonato Paulista para realizar uma esp\u00e9cie de intertemporada. Luis Zubeld\u00eda tem trabalhado com a equipe para encontrar maior equil\u00edbrio e Luciano pode ser sacado dos titulares durante esse processo.<\/p>\n\n\n\n<p>Um dos indicadores de que o camisa 10 pode acabar indo para o banco de reservas \u00e9 a volta de Luiz Gustavo. O volante sofreu uma fratura no dedo do p\u00e9 esquerdo ainda na pr\u00e9-temporada realizada nos Estados Unidos e desfalca o S\u00e3o Paulo desde ent\u00e3o.<\/p>\n\n\n\n<p>A volta do jogador \u00e9 esperada na estreia do Campeonato Brasileiro, quando o Tricolor recebe o Sport, no s\u00e1bado (29\/3), no MorumBis, \u00e0s 18h30. O meio-campista deve fazer a dupla na cabe\u00e7a da \u00e1rea junto de Alisson e se Zubeld\u00eda quiser manter o esquema com tr\u00eas zagueiros, Luciano estar\u00e1 amea\u00e7ado.<\/p>\n\n\n\n<p>Nos \u00faltimos tr\u00eas jogos do S\u00e3o Paulo, o comandante optou por um esquema t\u00e1tico com dois volantes e apenas um meia avan\u00e7ado. Contra o S\u00e3o Bernardo, os 11 iniciais contava com a dupla Pablo Maia e Marcos Ant\u00f4nio, com Oscar atuando como um meia de cria\u00e7\u00e3o.<\/p>\n\n\n\n<p>Na partida seguinte, contra o Novorizontino, Marcos Ant\u00f4nio atuou ao lado de Alisson e Oscar jogou \u00e0 frente dos dois, com Lucas Moura e Calleri no ataque. Por\u00e9m, contra o Palmeiras, na semifinal do Paulist\u00e3o, Zubeld\u00eda escalou o \u201cquarteto m\u00e1gico\u201d.<\/p>\n\n\n\n<p>Oscar foi recuado para a cabe\u00e7a de \u00e1rea e fez a transi\u00e7\u00e3o da defesa para o ataque, jogando com Alisson. Luciano entrou no ataque, para formar um trio com Lucas Moura e Calleri. Por\u00e9m, a atua\u00e7\u00e3o do camisa 10 foi bastante discreta.<\/p>\n\n\n\n<p>Com a volta de Luiz Gustavo e a les\u00e3o de Pablo Maia, naturalmente o primeiro ser\u00e1 inserido entre os titulares, com Oscar fazendo a meia. O comando de ataque ficaria \u00e0 cargo de Lucas Moura e Calleri, como \u00e9 o habitual, e Luciano acabaria retornando ao banco de reservas.<\/p>\n","protected":false},"excerpt":{"rendered":"<p>O S\u00e3o Paulo tem aproveitado o per\u00edodo sem jogos desde a elimina\u00e7\u00e3o no Campeonato Paulista para realizar uma esp\u00e9cie de intertemporada. Luis Zubeld\u00eda tem trabalhado com a equipe para encontrar maior equil\u00edbrio e Luciano pode ser sacado dos titulares durante esse processo. Um dos indicadores de que o camisa 10 pode acabar indo para o [&hellip;]<\/p>\n","protected":false},"author":29,"featured_media":159987,"comment_status":"open","ping_status":"closed","sticky":false,"template":"","format":"standard","meta":{"footnotes":""},"categories":[151],"tags":[],"class_list":["post-242917","post","type-post","status-publish","format-standard","has-post-thumbnail","hentry","category-sao-paulo"],"yoast_head":"<!-- This site is optimized with the Yoast SEO Premium plugin v24.2 (Yoast SEO v26.9) - https:\/\/yoast.com\/product\/yoast-seo-premium-wordpress\/ -->\n<title>Luciano perder\u00e1 espa\u00e7o com Zubeld\u00eda no S\u00e3o Paulo<\/title>\n<meta name=\"robots\" content=\"index, follow, max-snippet:-1, max-image-preview:large, max-video-preview:-1\" \/>\n<link rel=\"canonical\" href=\"https:\/\/www.gaveanews.com\/index.php\/2025\/03\/22\/luciano-perdera-espaco-com-zubeldia-no-sao-paulo\/\" \/>\n<meta property=\"og:locale\" content=\"pt_BR\" \/>\n<meta property=\"og:type\" content=\"article\" \/>\n<meta property=\"og:title\" content=\"Luciano perder\u00e1 espa\u00e7o com Zubeld\u00eda no S\u00e3o Paulo\" \/>\n<meta property=\"og:description\" content=\"O S\u00e3o Paulo tem aproveitado o per\u00edodo sem jogos desde a elimina\u00e7\u00e3o no Campeonato Paulista para realizar uma esp\u00e9cie de intertemporada. Luis Zubeld\u00eda tem trabalhado com a equipe para encontrar maior equil\u00edbrio e Luciano pode ser sacado dos titulares durante esse processo. Um dos indicadores de que o camisa 10 pode acabar indo para o [&hellip;]\" \/>\n<meta property=\"og:url\" content=\"https:\/\/www.gaveanews.com\/index.php\/2025\/03\/22\/luciano-perdera-espaco-com-zubeldia-no-sao-paulo\/\" \/>\n<meta property=\"og:site_name\" content=\"G\u00e1vea News\" \/>\n<meta property=\"article:publisher\" content=\"https:\/\/facebook.com\/gaveaNews\/\" \/>\n<meta property=\"article:published_time\" content=\"2025-03-22T18:20:00+00:00\" \/>\n<meta property=\"og:image\" content=\"https:\/\/www.gaveanews.com\/wp-content\/uploads\/Luciano-com-a-camisa-do-Sao-Paulo-dem-2023.webp\" \/>\n\t<meta property=\"og:image:width\" content=\"1066\" \/>\n\t<meta property=\"og:image:height\" content=\"710\" \/>\n\t<meta property=\"og:image:type\" content=\"image\/jpeg\" \/>\n<meta name=\"author\" content=\"Marco Menezes\" \/>\n<meta name=\"twitter:card\" content=\"summary_large_image\" \/>\n<meta name=\"twitter:label1\" content=\"Escrito por\" \/>\n\t<meta name=\"twitter:data1\" content=\"Marco Menezes\" \/>\n\t<meta name=\"twitter:label2\" content=\"Est. tempo de leitura\" \/>\n\t<meta name=\"twitter:data2\" content=\"2 minutos\" \/>\n<script type=\"application\/ld+json\" class=\"yoast-schema-graph\">{\"@context\":\"https:\/\/schema.org\",\"@graph\":[{\"@type\":\"NewsArticle\",\"@id\":\"https:\/\/www.gaveanews.com\/index.php\/2025\/03\/22\/luciano-perdera-espaco-com-zubeldia-no-sao-paulo\/#article\",\"isPartOf\":{\"@id\":\"https:\/\/www.gaveanews.com\/index.php\/2025\/03\/22\/luciano-perdera-espaco-com-zubeldia-no-sao-paulo\/\"},\"author\":{\"name\":\"Marco Menezes\",\"@id\":\"https:\/\/www.gaveanews.com\/#\/schema\/person\/a9f62fe75380c6bada1b2fc49bc23d69\"},\"headline\":\"Luciano perder\u00e1 espa\u00e7o com Zubeld\u00eda no S\u00e3o Paulo\",\"datePublished\":\"2025-03-22T18:20:00+00:00\",\"mainEntityOfPage\":{\"@id\":\"https:\/\/www.gaveanews.com\/index.php\/2025\/03\/22\/luciano-perdera-espaco-com-zubeldia-no-sao-paulo\/\"},\"wordCount\":348,\"commentCount\":0,\"image\":{\"@id\":\"https:\/\/www.gaveanews.com\/index.php\/2025\/03\/22\/luciano-perdera-espaco-com-zubeldia-no-sao-paulo\/#primaryimage\"},\"thumbnailUrl\":\"https:\/\/www.gaveanews.com\/wp-content\/uploads\/Luciano-com-a-camisa-do-Sao-Paulo-dem-2023.webp\",\"articleSection\":[\"S\u00e3o Paulo\"],\"inLanguage\":\"pt-BR\",\"potentialAction\":[{\"@type\":\"CommentAction\",\"name\":\"Comment\",\"target\":[\"https:\/\/www.gaveanews.com\/index.php\/2025\/03\/22\/luciano-perdera-espaco-com-zubeldia-no-sao-paulo\/#respond\"]}],\"copyrightYear\":\"2025\",\"copyrightHolder\":{\"@id\":\"https:\/\/www.gaveanews.com\/#organization\"}},{\"@type\":\"WebPage\",\"@id\":\"https:\/\/www.gaveanews.com\/index.php\/2025\/03\/22\/luciano-perdera-espaco-com-zubeldia-no-sao-paulo\/\",\"url\":\"https:\/\/www.gaveanews.com\/index.php\/2025\/03\/22\/luciano-perdera-espaco-com-zubeldia-no-sao-paulo\/\",\"name\":\"Luciano perder\u00e1 espa\u00e7o com Zubeld\u00eda no S\u00e3o Paulo\",\"isPartOf\":{\"@id\":\"https:\/\/www.gaveanews.com\/#website\"},\"primaryImageOfPage\":{\"@id\":\"https:\/\/www.gaveanews.com\/index.php\/2025\/03\/22\/luciano-perdera-espaco-com-zubeldia-no-sao-paulo\/#primaryimage\"},\"image\":{\"@id\":\"https:\/\/www.gaveanews.com\/index.php\/2025\/03\/22\/luciano-perdera-espaco-com-zubeldia-no-sao-paulo\/#primaryimage\"},\"thumbnailUrl\":\"https:\/\/www.gaveanews.com\/wp-content\/uploads\/Luciano-com-a-camisa-do-Sao-Paulo-dem-2023.webp\",\"datePublished\":\"2025-03-22T18:20:00+00:00\",\"author\":{\"@id\":\"https:\/\/www.gaveanews.com\/#\/schema\/person\/a9f62fe75380c6bada1b2fc49bc23d69\"},\"breadcrumb\":{\"@id\":\"https:\/\/www.gaveanews.com\/index.php\/2025\/03\/22\/luciano-perdera-espaco-com-zubeldia-no-sao-paulo\/#breadcrumb\"},\"inLanguage\":\"pt-BR\",\"potentialAction\":[{\"@type\":\"ReadAction\",\"target\":[\"https:\/\/www.gaveanews.com\/index.php\/2025\/03\/22\/luciano-perdera-espaco-com-zubeldia-no-sao-paulo\/\"]}]},{\"@type\":\"ImageObject\",\"inLanguage\":\"pt-BR\",\"@id\":\"https:\/\/www.gaveanews.com\/index.php\/2025\/03\/22\/luciano-perdera-espaco-com-zubeldia-no-sao-paulo\/#primaryimage\",\"url\":\"https:\/\/www.gaveanews.com\/wp-content\/uploads\/Luciano-com-a-camisa-do-Sao-Paulo-dem-2023.webp\",\"contentUrl\":\"https:\/\/www.gaveanews.com\/wp-content\/uploads\/Luciano-com-a-camisa-do-Sao-Paulo-dem-2023.webp\",\"width\":1066,\"height\":710,\"caption\":\"Luciano com a camisa do S\u00e3o Paulo em 2023 (Foto: Reprodu\u00e7\u00e3o\/Instagram)\"},{\"@type\":\"BreadcrumbList\",\"@id\":\"https:\/\/www.gaveanews.com\/index.php\/2025\/03\/22\/luciano-perdera-espaco-com-zubeldia-no-sao-paulo\/#breadcrumb\",\"itemListElement\":[{\"@type\":\"ListItem\",\"position\":1,\"name\":\"Home\",\"item\":\"https:\/\/www.gaveanews.com\/\"},{\"@type\":\"ListItem\",\"position\":2,\"name\":\"Luciano perder\u00e1 espa\u00e7o com Zubeld\u00eda no S\u00e3o Paulo\"}]},{\"@type\":\"WebSite\",\"@id\":\"https:\/\/www.gaveanews.com\/#website\",\"url\":\"https:\/\/www.gaveanews.com\/\",\"name\":\"G\u00e1vea News\",\"description\":\"Veja todas as not\u00edcias sobre o Flamengo: Contrata\u00e7\u00f5es, categorias de base, resultados das partidas, tabela de classifica\u00e7\u00e3o, pr\u00f3ximos jogos!\",\"potentialAction\":[{\"@type\":\"SearchAction\",\"target\":{\"@type\":\"EntryPoint\",\"urlTemplate\":\"https:\/\/www.gaveanews.com\/?s={search_term_string}\"},\"query-input\":{\"@type\":\"PropertyValueSpecification\",\"valueRequired\":true,\"valueName\":\"search_term_string\"}}],\"inLanguage\":\"pt-BR\"},{\"@type\":\"Person\",\"@id\":\"https:\/\/www.gaveanews.com\/#\/schema\/person\/a9f62fe75380c6bada1b2fc49bc23d69\",\"name\":\"Marco Menezes\",\"image\":{\"@type\":\"ImageObject\",\"inLanguage\":\"pt-BR\",\"@id\":\"https:\/\/www.gaveanews.com\/#\/schema\/person\/image\/\",\"url\":\"https:\/\/secure.gravatar.com\/avatar\/a1d148ae17fc8bfc5dbccffd07979e8bd2c9ba494221779de86ec2c7907b71ec?s=96&d=mm&r=g\",\"contentUrl\":\"https:\/\/secure.gravatar.com\/avatar\/a1d148ae17fc8bfc5dbccffd07979e8bd2c9ba494221779de86ec2c7907b71ec?s=96&d=mm&r=g\",\"caption\":\"Marco Menezes\"}}]}<\/script>\n<!-- \/ Yoast SEO Premium plugin. -->","yoast_head_json":{"title":"Luciano perder\u00e1 espa\u00e7o com Zubeld\u00eda no S\u00e3o Paulo","robots":{"index":"index","follow":"follow","max-snippet":"max-snippet:-1","max-image-preview":"max-image-preview:large","max-video-preview":"max-video-preview:-1"},"canonical":"https:\/\/www.gaveanews.com\/index.php\/2025\/03\/22\/luciano-perdera-espaco-com-zubeldia-no-sao-paulo\/","og_locale":"pt_BR","og_type":"article","og_title":"Luciano perder\u00e1 espa\u00e7o com Zubeld\u00eda no S\u00e3o Paulo","og_description":"O S\u00e3o Paulo tem aproveitado o per\u00edodo sem jogos desde a elimina\u00e7\u00e3o no Campeonato Paulista para realizar uma esp\u00e9cie de intertemporada. Luis Zubeld\u00eda tem trabalhado com a equipe para encontrar maior equil\u00edbrio e Luciano pode ser sacado dos titulares durante esse processo. Um dos indicadores de que o camisa 10 pode acabar indo para o [&hellip;]","og_url":"https:\/\/www.gaveanews.com\/index.php\/2025\/03\/22\/luciano-perdera-espaco-com-zubeldia-no-sao-paulo\/","og_site_name":"G\u00e1vea News","article_publisher":"https:\/\/facebook.com\/gaveaNews\/","article_published_time":"2025-03-22T18:20:00+00:00","og_image":[{"width":1066,"height":710,"url":"https:\/\/www.gaveanews.com\/wp-content\/uploads\/Luciano-com-a-camisa-do-Sao-Paulo-dem-2023.webp","type":"image\/jpeg"}],"author":"Marco Menezes","twitter_card":"summary_large_image","twitter_misc":{"Escrito por":"Marco Menezes","Est. tempo de leitura":"2 minutos"},"schema":{"@context":"https:\/\/schema.org","@graph":[{"@type":"NewsArticle","@id":"https:\/\/www.gaveanews.com\/index.php\/2025\/03\/22\/luciano-perdera-espaco-com-zubeldia-no-sao-paulo\/#article","isPartOf":{"@id":"https:\/\/www.gaveanews.com\/index.php\/2025\/03\/22\/luciano-perdera-espaco-com-zubeldia-no-sao-paulo\/"},"author":{"name":"Marco Menezes","@id":"https:\/\/www.gaveanews.com\/#\/schema\/person\/a9f62fe75380c6bada1b2fc49bc23d69"},"headline":"Luciano perder\u00e1 espa\u00e7o com Zubeld\u00eda no S\u00e3o Paulo","datePublished":"2025-03-22T18:20:00+00:00","mainEntityOfPage":{"@id":"https:\/\/www.gaveanews.com\/index.php\/2025\/03\/22\/luciano-perdera-espaco-com-zubeldia-no-sao-paulo\/"},"wordCount":348,"commentCount":0,"image":{"@id":"https:\/\/www.gaveanews.com\/index.php\/2025\/03\/22\/luciano-perdera-espaco-com-zubeldia-no-sao-paulo\/#primaryimage"},"thumbnailUrl":"https:\/\/www.gaveanews.com\/wp-content\/uploads\/Luciano-com-a-camisa-do-Sao-Paulo-dem-2023.webp","articleSection":["S\u00e3o Paulo"],"inLanguage":"pt-BR","potentialAction":[{"@type":"CommentAction","name":"Comment","target":["https:\/\/www.gaveanews.com\/index.php\/2025\/03\/22\/luciano-perdera-espaco-com-zubeldia-no-sao-paulo\/#respond"]}],"copyrightYear":"2025","copyrightHolder":{"@id":"https:\/\/www.gaveanews.com\/#organization"}},{"@type":"WebPage","@id":"https:\/\/www.gaveanews.com\/index.php\/2025\/03\/22\/luciano-perdera-espaco-com-zubeldia-no-sao-paulo\/","url":"https:\/\/www.gaveanews.com\/index.php\/2025\/03\/22\/luciano-perdera-espaco-com-zubeldia-no-sao-paulo\/","name":"Luciano perder\u00e1 espa\u00e7o com Zubeld\u00eda no S\u00e3o Paulo","isPartOf":{"@id":"https:\/\/www.gaveanews.com\/#website"},"primaryImageOfPage":{"@id":"https:\/\/www.gaveanews.com\/index.php\/2025\/03\/22\/luciano-perdera-espaco-com-zubeldia-no-sao-paulo\/#primaryimage"},"image":{"@id":"https:\/\/www.gaveanews.com\/index.php\/2025\/03\/22\/luciano-perdera-espaco-com-zubeldia-no-sao-paulo\/#primaryimage"},"thumbnailUrl":"https:\/\/www.gaveanews.com\/wp-content\/uploads\/Luciano-com-a-camisa-do-Sao-Paulo-dem-2023.webp","datePublished":"2025-03-22T18:20:00+00:00","author":{"@id":"https:\/\/www.gaveanews.com\/#\/schema\/person\/a9f62fe75380c6bada1b2fc49bc23d69"},"breadcrumb":{"@id":"https:\/\/www.gaveanews.com\/index.php\/2025\/03\/22\/luciano-perdera-espaco-com-zubeldia-no-sao-paulo\/#breadcrumb"},"inLanguage":"pt-BR","potentialAction":[{"@type":"ReadAction","target":["https:\/\/www.gaveanews.com\/index.php\/2025\/03\/22\/luciano-perdera-espaco-com-zubeldia-no-sao-paulo\/"]}]},{"@type":"ImageObject","inLanguage":"pt-BR","@id":"https:\/\/www.gaveanews.com\/index.php\/2025\/03\/22\/luciano-perdera-espaco-com-zubeldia-no-sao-paulo\/#primaryimage","url":"https:\/\/www.gaveanews.com\/wp-content\/uploads\/Luciano-com-a-camisa-do-Sao-Paulo-dem-2023.webp","contentUrl":"https:\/\/www.gaveanews.com\/wp-content\/uploads\/Luciano-com-a-camisa-do-Sao-Paulo-dem-2023.webp","width":1066,"height":710,"caption":"Luciano com a camisa do S\u00e3o Paulo em 2023 (Foto: Reprodu\u00e7\u00e3o\/Instagram)"},{"@type":"BreadcrumbList","@id":"https:\/\/www.gaveanews.com\/index.php\/2025\/03\/22\/luciano-perdera-espaco-com-zubeldia-no-sao-paulo\/#breadcrumb","itemListElement":[{"@type":"ListItem","position":1,"name":"Home","item":"https:\/\/www.gaveanews.com\/"},{"@type":"ListItem","position":2,"name":"Luciano perder\u00e1 espa\u00e7o com Zubeld\u00eda no S\u00e3o Paulo"}]},{"@type":"WebSite","@id":"https:\/\/www.gaveanews.com\/#website","url":"https:\/\/www.gaveanews.com\/","name":"G\u00e1vea News","description":"Veja todas as not\u00edcias sobre o Flamengo: Contrata\u00e7\u00f5es, categorias de base, resultados das partidas, tabela de classifica\u00e7\u00e3o, pr\u00f3ximos jogos!","potentialAction":[{"@type":"SearchAction","target":{"@type":"EntryPoint","urlTemplate":"https:\/\/www.gaveanews.com\/?s={search_term_string}"},"query-input":{"@type":"PropertyValueSpecification","valueRequired":true,"valueName":"search_term_string"}}],"inLanguage":"pt-BR"},{"@type":"Person","@id":"https:\/\/www.gaveanews.com\/#\/schema\/person\/a9f62fe75380c6bada1b2fc49bc23d69","name":"Marco Menezes","image":{"@type":"ImageObject","inLanguage":"pt-BR","@id":"https:\/\/www.gaveanews.com\/#\/schema\/person\/image\/","url":"https:\/\/secure.gravatar.com\/avatar\/a1d148ae17fc8bfc5dbccffd07979e8bd2c9ba494221779de86ec2c7907b71ec?s=96&d=mm&r=g","contentUrl":"https:\/\/secure.gravatar.com\/avatar\/a1d148ae17fc8bfc5dbccffd07979e8bd2c9ba494221779de86ec2c7907b71ec?s=96&d=mm&r=g","caption":"Marco Menezes"}}]}},"_links":{"self":[{"href":"https:\/\/www.gaveanews.com\/index.php\/wp-json\/wp\/v2\/posts\/242917","targetHints":{"allow":["GET"]}}],"collection":[{"href":"https:\/\/www.gaveanews.com\/index.php\/wp-json\/wp\/v2\/posts"}],"about":[{"href":"https:\/\/www.gaveanews.com\/index.php\/wp-json\/wp\/v2\/types\/post"}],"author":[{"embeddable":true,"href":"https:\/\/www.gaveanews.com\/index.php\/wp-json\/wp\/v2\/users\/29"}],"replies":[{"embeddable":true,"href":"https:\/\/www.gaveanews.com\/index.php\/wp-json\/wp\/v2\/comments?post=242917"}],"version-history":[{"count":1,"href":"https:\/\/www.gaveanews.com\/index.php\/wp-json\/wp\/v2\/posts\/242917\/revisions"}],"predecessor-version":[{"id":242919,"href":"https:\/\/www.gaveanews.com\/index.php\/wp-json\/wp\/v2\/posts\/242917\/revisions\/242919"}],"wp:featuredmedia":[{"embeddable":true,"href":"https:\/\/www.gaveanews.com\/index.php\/wp-json\/wp\/v2\/media\/159987"}],"wp:attachment":[{"href":"https:\/\/www.gaveanews.com\/index.php\/wp-json\/wp\/v2\/media?parent=242917"}],"wp:term":[{"taxonomy":"category","embeddable":true,"href":"https:\/\/www.gaveanews.com\/index.php\/wp-json\/wp\/v2\/categories?post=242917"},{"taxonomy":"post_tag","embeddable":true,"href":"https:\/\/www.gaveanews.com\/index.php\/wp-json\/wp\/v2\/tags?post=242917"}],"curies":[{"name":"wp","href":"https:\/\/api.w.org\/{rel}","templated":true}]}}