{"id":243036,"date":"2025-03-22T14:40:00","date_gmt":"2025-03-22T17:40:00","guid":{"rendered":"https:\/\/www.gaveanews.com\/?p=243036"},"modified":"2025-03-22T12:51:48","modified_gmt":"2025-03-22T15:51:48","slug":"torcida-do-santos-recebe-boa-noticia-em-relacao-a-neymar","status":"publish","type":"post","link":"https:\/\/www.gaveanews.com\/index.php\/2025\/03\/22\/torcida-do-santos-recebe-boa-noticia-em-relacao-a-neymar\/","title":{"rendered":"Torcida do Santos recebe boa not\u00edcia em rela\u00e7\u00e3o a Neymar"},"content":{"rendered":"\n<p>Ap\u00f3s um per\u00edodo de quatro dias de folga, o elenco do Santos retomou os treinamentos na manh\u00e3 desta sexta-feira. A principal novidade foi a presen\u00e7a de Neymar, que iniciou a transi\u00e7\u00e3o f\u00edsica na reta final da recupera\u00e7\u00e3o de um edema na regi\u00e3o posterior da coxa esquerda.<\/p>\n\n\n\n<p>A les\u00e3o impediu o jogador de atuar na semifinal do Campeonato Paulista e resultou em seu corte da Sele\u00e7\u00e3o Brasileira. Durante o per\u00edodo de descanso do elenco, Neymar manteve a recupera\u00e7\u00e3o em sua resid\u00eancia em Mangaratiba, no Rio de Janeiro, utilizando a estrutura dispon\u00edvel no local.<\/p>\n\n\n\n<p>Com o retorno ao CT Rei Pel\u00e9, Neymar passou a realizar atividades no campo, dando sequ\u00eancia ao processo de fortalecimento muscular e fisioterapia. A expectativa \u00e9 que o jogador esteja apto para a estreia do Santos no Campeonato Brasileiro, sob o comando do t\u00e9cnico Pedro Caixinha.<\/p>\n\n\n\n<p>Al\u00e9m de Neymar, o Santos contou com os retornos de Guilherme, Escobar e Jo\u00e3o Schmidt. Os dois primeiros foram preservados do amistoso contra o Coritiba no \u00faltimo domingo, enquanto o volante se recuperou de um quadro de virose que o afastou da partida.<\/p>\n\n\n\n<p>Outra novidade nos treinamentos foi a presen\u00e7a de Hyan, que recebeu libera\u00e7\u00e3o do departamento m\u00e9dico ap\u00f3s um estiramento no ligamento colateral medial do joelho direito. O meio-campista est\u00e1 dispon\u00edvel para a estreia no Brasileir\u00e3o.<\/p>\n\n\n\n<p>O lateral Souza segue em tratamento interno no CT Rei Pel\u00e9 devido a uma les\u00e3o ligamentar no tornozelo direito. J\u00e1 Aderlan permanece no processo de transi\u00e7\u00e3o f\u00edsica ap\u00f3s a recupera\u00e7\u00e3o de uma ruptura do ligamento colateral anterior do joelho, com aten\u00e7\u00e3o especial ao retorno.<\/p>\n\n\n\n<p>O t\u00e9cnico Pedro Caixinha tamb\u00e9m n\u00e3o contou com Tom\u00e1s Rinc\u00f3n e Soteldo, convocados pela sele\u00e7\u00e3o da Venezuela para as Eliminat\u00f3rias. Os dois jogadores devem se reapresentar ap\u00f3s o dia 25 de mar\u00e7o, ao t\u00e9rmino da Data Fifa.<\/p>\n\n\n\n<p>Com a reapresenta\u00e7\u00e3o do elenco, o Santos intensifica a prepara\u00e7\u00e3o para o in\u00edcio do Campeonato Brasileiro. O time enfrenta o Vasco no dia 30 de mar\u00e7o, \u00e0s 18h30 (hor\u00e1rio de Bras\u00edlia), em S\u00e3o Janu\u00e1rio, pela primeira rodada da competi\u00e7\u00e3o.<\/p>\n","protected":false},"excerpt":{"rendered":"<p>Ap\u00f3s um per\u00edodo de quatro dias de folga, o elenco do Santos retomou os treinamentos na manh\u00e3 desta sexta-feira. A principal novidade foi a presen\u00e7a de Neymar, que iniciou a transi\u00e7\u00e3o f\u00edsica na reta final da recupera\u00e7\u00e3o de um edema na regi\u00e3o posterior da coxa esquerda. A les\u00e3o impediu o jogador de atuar na semifinal [&hellip;]<\/p>\n","protected":false},"author":17,"featured_media":221594,"comment_status":"open","ping_status":"closed","sticky":false,"template":"","format":"standard","meta":{"footnotes":""},"categories":[139],"tags":[],"class_list":["post-243036","post","type-post","status-publish","format-standard","has-post-thumbnail","hentry","category-santos"],"yoast_head":"<!-- This site is optimized with the Yoast SEO Premium plugin v24.2 (Yoast SEO v26.9) - https:\/\/yoast.com\/product\/yoast-seo-premium-wordpress\/ -->\n<title>Torcida do Santos recebe boa not\u00edcia em rela\u00e7\u00e3o a Neymar<\/title>\n<meta name=\"robots\" content=\"index, follow, max-snippet:-1, max-image-preview:large, max-video-preview:-1\" \/>\n<link rel=\"canonical\" href=\"https:\/\/www.gaveanews.com\/index.php\/2025\/03\/22\/torcida-do-santos-recebe-boa-noticia-em-relacao-a-neymar\/\" \/>\n<meta property=\"og:locale\" content=\"pt_BR\" \/>\n<meta property=\"og:type\" content=\"article\" \/>\n<meta property=\"og:title\" content=\"Torcida do Santos recebe boa not\u00edcia em rela\u00e7\u00e3o a Neymar\" \/>\n<meta property=\"og:description\" content=\"Ap\u00f3s um per\u00edodo de quatro dias de folga, o elenco do Santos retomou os treinamentos na manh\u00e3 desta sexta-feira. A principal novidade foi a presen\u00e7a de Neymar, que iniciou a transi\u00e7\u00e3o f\u00edsica na reta final da recupera\u00e7\u00e3o de um edema na regi\u00e3o posterior da coxa esquerda. A les\u00e3o impediu o jogador de atuar na semifinal [&hellip;]\" \/>\n<meta property=\"og:url\" content=\"https:\/\/www.gaveanews.com\/index.php\/2025\/03\/22\/torcida-do-santos-recebe-boa-noticia-em-relacao-a-neymar\/\" \/>\n<meta property=\"og:site_name\" content=\"G\u00e1vea News\" \/>\n<meta property=\"article:publisher\" content=\"https:\/\/facebook.com\/gaveaNews\/\" \/>\n<meta property=\"article:published_time\" content=\"2025-03-22T17:40:00+00:00\" \/>\n<meta property=\"og:image\" content=\"https:\/\/www.gaveanews.com\/wp-content\/uploads\/Neymar-apresentado-pelo-Santos.webp\" \/>\n\t<meta property=\"og:image:width\" content=\"543\" \/>\n\t<meta property=\"og:image:height\" content=\"748\" \/>\n\t<meta property=\"og:image:type\" content=\"image\/jpeg\" \/>\n<meta name=\"author\" content=\"Geovanna Thomaz\" \/>\n<meta name=\"twitter:card\" content=\"summary_large_image\" \/>\n<meta name=\"twitter:label1\" content=\"Escrito por\" \/>\n\t<meta name=\"twitter:data1\" content=\"Geovanna Thomaz\" \/>\n\t<meta name=\"twitter:label2\" content=\"Est. tempo de leitura\" \/>\n\t<meta name=\"twitter:data2\" content=\"3 minutos\" \/>\n<script type=\"application\/ld+json\" class=\"yoast-schema-graph\">{\"@context\":\"https:\/\/schema.org\",\"@graph\":[{\"@type\":\"NewsArticle\",\"@id\":\"https:\/\/www.gaveanews.com\/index.php\/2025\/03\/22\/torcida-do-santos-recebe-boa-noticia-em-relacao-a-neymar\/#article\",\"isPartOf\":{\"@id\":\"https:\/\/www.gaveanews.com\/index.php\/2025\/03\/22\/torcida-do-santos-recebe-boa-noticia-em-relacao-a-neymar\/\"},\"author\":{\"name\":\"Geovanna Thomaz\",\"@id\":\"https:\/\/www.gaveanews.com\/#\/schema\/person\/f42654babcd2b2014a1a65af82b081f1\"},\"headline\":\"Torcida do Santos recebe boa not\u00edcia em rela\u00e7\u00e3o a Neymar\",\"datePublished\":\"2025-03-22T17:40:00+00:00\",\"mainEntityOfPage\":{\"@id\":\"https:\/\/www.gaveanews.com\/index.php\/2025\/03\/22\/torcida-do-santos-recebe-boa-noticia-em-relacao-a-neymar\/\"},\"wordCount\":392,\"commentCount\":0,\"image\":{\"@id\":\"https:\/\/www.gaveanews.com\/index.php\/2025\/03\/22\/torcida-do-santos-recebe-boa-noticia-em-relacao-a-neymar\/#primaryimage\"},\"thumbnailUrl\":\"https:\/\/www.gaveanews.com\/wp-content\/uploads\/Neymar-apresentado-pelo-Santos.webp\",\"articleSection\":[\"Santos\"],\"inLanguage\":\"pt-BR\",\"potentialAction\":[{\"@type\":\"CommentAction\",\"name\":\"Comment\",\"target\":[\"https:\/\/www.gaveanews.com\/index.php\/2025\/03\/22\/torcida-do-santos-recebe-boa-noticia-em-relacao-a-neymar\/#respond\"]}],\"copyrightYear\":\"2025\",\"copyrightHolder\":{\"@id\":\"https:\/\/www.gaveanews.com\/#organization\"}},{\"@type\":\"WebPage\",\"@id\":\"https:\/\/www.gaveanews.com\/index.php\/2025\/03\/22\/torcida-do-santos-recebe-boa-noticia-em-relacao-a-neymar\/\",\"url\":\"https:\/\/www.gaveanews.com\/index.php\/2025\/03\/22\/torcida-do-santos-recebe-boa-noticia-em-relacao-a-neymar\/\",\"name\":\"Torcida do Santos recebe boa not\u00edcia em rela\u00e7\u00e3o a Neymar\",\"isPartOf\":{\"@id\":\"https:\/\/www.gaveanews.com\/#website\"},\"primaryImageOfPage\":{\"@id\":\"https:\/\/www.gaveanews.com\/index.php\/2025\/03\/22\/torcida-do-santos-recebe-boa-noticia-em-relacao-a-neymar\/#primaryimage\"},\"image\":{\"@id\":\"https:\/\/www.gaveanews.com\/index.php\/2025\/03\/22\/torcida-do-santos-recebe-boa-noticia-em-relacao-a-neymar\/#primaryimage\"},\"thumbnailUrl\":\"https:\/\/www.gaveanews.com\/wp-content\/uploads\/Neymar-apresentado-pelo-Santos.webp\",\"datePublished\":\"2025-03-22T17:40:00+00:00\",\"author\":{\"@id\":\"https:\/\/www.gaveanews.com\/#\/schema\/person\/f42654babcd2b2014a1a65af82b081f1\"},\"breadcrumb\":{\"@id\":\"https:\/\/www.gaveanews.com\/index.php\/2025\/03\/22\/torcida-do-santos-recebe-boa-noticia-em-relacao-a-neymar\/#breadcrumb\"},\"inLanguage\":\"pt-BR\",\"potentialAction\":[{\"@type\":\"ReadAction\",\"target\":[\"https:\/\/www.gaveanews.com\/index.php\/2025\/03\/22\/torcida-do-santos-recebe-boa-noticia-em-relacao-a-neymar\/\"]}]},{\"@type\":\"ImageObject\",\"inLanguage\":\"pt-BR\",\"@id\":\"https:\/\/www.gaveanews.com\/index.php\/2025\/03\/22\/torcida-do-santos-recebe-boa-noticia-em-relacao-a-neymar\/#primaryimage\",\"url\":\"https:\/\/www.gaveanews.com\/wp-content\/uploads\/Neymar-apresentado-pelo-Santos.webp\",\"contentUrl\":\"https:\/\/www.gaveanews.com\/wp-content\/uploads\/Neymar-apresentado-pelo-Santos.webp\",\"width\":543,\"height\":748,\"caption\":\"Neymar apresentado pelo Santos (Foto: GuilhermeKastner \/ Santos FC)\"},{\"@type\":\"BreadcrumbList\",\"@id\":\"https:\/\/www.gaveanews.com\/index.php\/2025\/03\/22\/torcida-do-santos-recebe-boa-noticia-em-relacao-a-neymar\/#breadcrumb\",\"itemListElement\":[{\"@type\":\"ListItem\",\"position\":1,\"name\":\"Home\",\"item\":\"https:\/\/www.gaveanews.com\/\"},{\"@type\":\"ListItem\",\"position\":2,\"name\":\"Torcida do Santos recebe boa not\u00edcia em rela\u00e7\u00e3o a Neymar\"}]},{\"@type\":\"WebSite\",\"@id\":\"https:\/\/www.gaveanews.com\/#website\",\"url\":\"https:\/\/www.gaveanews.com\/\",\"name\":\"G\u00e1vea News\",\"description\":\"Veja todas as not\u00edcias sobre o Flamengo: Contrata\u00e7\u00f5es, categorias de base, resultados das partidas, tabela de classifica\u00e7\u00e3o, pr\u00f3ximos jogos!\",\"potentialAction\":[{\"@type\":\"SearchAction\",\"target\":{\"@type\":\"EntryPoint\",\"urlTemplate\":\"https:\/\/www.gaveanews.com\/?s={search_term_string}\"},\"query-input\":{\"@type\":\"PropertyValueSpecification\",\"valueRequired\":true,\"valueName\":\"search_term_string\"}}],\"inLanguage\":\"pt-BR\"},{\"@type\":\"Person\",\"@id\":\"https:\/\/www.gaveanews.com\/#\/schema\/person\/f42654babcd2b2014a1a65af82b081f1\",\"name\":\"Geovanna Thomaz\",\"image\":{\"@type\":\"ImageObject\",\"inLanguage\":\"pt-BR\",\"@id\":\"https:\/\/www.gaveanews.com\/#\/schema\/person\/image\/\",\"url\":\"https:\/\/secure.gravatar.com\/avatar\/4092073255489533afb558984b49b64268c47198af8623cc82a925ae9fb7118a?s=96&d=mm&r=g\",\"contentUrl\":\"https:\/\/secure.gravatar.com\/avatar\/4092073255489533afb558984b49b64268c47198af8623cc82a925ae9fb7118a?s=96&d=mm&r=g\",\"caption\":\"Geovanna Thomaz\"}}]}<\/script>\n<!-- \/ Yoast SEO Premium plugin. -->","yoast_head_json":{"title":"Torcida do Santos recebe boa not\u00edcia em rela\u00e7\u00e3o a Neymar","robots":{"index":"index","follow":"follow","max-snippet":"max-snippet:-1","max-image-preview":"max-image-preview:large","max-video-preview":"max-video-preview:-1"},"canonical":"https:\/\/www.gaveanews.com\/index.php\/2025\/03\/22\/torcida-do-santos-recebe-boa-noticia-em-relacao-a-neymar\/","og_locale":"pt_BR","og_type":"article","og_title":"Torcida do Santos recebe boa not\u00edcia em rela\u00e7\u00e3o a Neymar","og_description":"Ap\u00f3s um per\u00edodo de quatro dias de folga, o elenco do Santos retomou os treinamentos na manh\u00e3 desta sexta-feira. A principal novidade foi a presen\u00e7a de Neymar, que iniciou a transi\u00e7\u00e3o f\u00edsica na reta final da recupera\u00e7\u00e3o de um edema na regi\u00e3o posterior da coxa esquerda. A les\u00e3o impediu o jogador de atuar na semifinal [&hellip;]","og_url":"https:\/\/www.gaveanews.com\/index.php\/2025\/03\/22\/torcida-do-santos-recebe-boa-noticia-em-relacao-a-neymar\/","og_site_name":"G\u00e1vea News","article_publisher":"https:\/\/facebook.com\/gaveaNews\/","article_published_time":"2025-03-22T17:40:00+00:00","og_image":[{"width":543,"height":748,"url":"https:\/\/www.gaveanews.com\/wp-content\/uploads\/Neymar-apresentado-pelo-Santos.webp","type":"image\/jpeg"}],"author":"Geovanna Thomaz","twitter_card":"summary_large_image","twitter_misc":{"Escrito por":"Geovanna Thomaz","Est. tempo de leitura":"3 minutos"},"schema":{"@context":"https:\/\/schema.org","@graph":[{"@type":"NewsArticle","@id":"https:\/\/www.gaveanews.com\/index.php\/2025\/03\/22\/torcida-do-santos-recebe-boa-noticia-em-relacao-a-neymar\/#article","isPartOf":{"@id":"https:\/\/www.gaveanews.com\/index.php\/2025\/03\/22\/torcida-do-santos-recebe-boa-noticia-em-relacao-a-neymar\/"},"author":{"name":"Geovanna Thomaz","@id":"https:\/\/www.gaveanews.com\/#\/schema\/person\/f42654babcd2b2014a1a65af82b081f1"},"headline":"Torcida do Santos recebe boa not\u00edcia em rela\u00e7\u00e3o a Neymar","datePublished":"2025-03-22T17:40:00+00:00","mainEntityOfPage":{"@id":"https:\/\/www.gaveanews.com\/index.php\/2025\/03\/22\/torcida-do-santos-recebe-boa-noticia-em-relacao-a-neymar\/"},"wordCount":392,"commentCount":0,"image":{"@id":"https:\/\/www.gaveanews.com\/index.php\/2025\/03\/22\/torcida-do-santos-recebe-boa-noticia-em-relacao-a-neymar\/#primaryimage"},"thumbnailUrl":"https:\/\/www.gaveanews.com\/wp-content\/uploads\/Neymar-apresentado-pelo-Santos.webp","articleSection":["Santos"],"inLanguage":"pt-BR","potentialAction":[{"@type":"CommentAction","name":"Comment","target":["https:\/\/www.gaveanews.com\/index.php\/2025\/03\/22\/torcida-do-santos-recebe-boa-noticia-em-relacao-a-neymar\/#respond"]}],"copyrightYear":"2025","copyrightHolder":{"@id":"https:\/\/www.gaveanews.com\/#organization"}},{"@type":"WebPage","@id":"https:\/\/www.gaveanews.com\/index.php\/2025\/03\/22\/torcida-do-santos-recebe-boa-noticia-em-relacao-a-neymar\/","url":"https:\/\/www.gaveanews.com\/index.php\/2025\/03\/22\/torcida-do-santos-recebe-boa-noticia-em-relacao-a-neymar\/","name":"Torcida do Santos recebe boa not\u00edcia em rela\u00e7\u00e3o a Neymar","isPartOf":{"@id":"https:\/\/www.gaveanews.com\/#website"},"primaryImageOfPage":{"@id":"https:\/\/www.gaveanews.com\/index.php\/2025\/03\/22\/torcida-do-santos-recebe-boa-noticia-em-relacao-a-neymar\/#primaryimage"},"image":{"@id":"https:\/\/www.gaveanews.com\/index.php\/2025\/03\/22\/torcida-do-santos-recebe-boa-noticia-em-relacao-a-neymar\/#primaryimage"},"thumbnailUrl":"https:\/\/www.gaveanews.com\/wp-content\/uploads\/Neymar-apresentado-pelo-Santos.webp","datePublished":"2025-03-22T17:40:00+00:00","author":{"@id":"https:\/\/www.gaveanews.com\/#\/schema\/person\/f42654babcd2b2014a1a65af82b081f1"},"breadcrumb":{"@id":"https:\/\/www.gaveanews.com\/index.php\/2025\/03\/22\/torcida-do-santos-recebe-boa-noticia-em-relacao-a-neymar\/#breadcrumb"},"inLanguage":"pt-BR","potentialAction":[{"@type":"ReadAction","target":["https:\/\/www.gaveanews.com\/index.php\/2025\/03\/22\/torcida-do-santos-recebe-boa-noticia-em-relacao-a-neymar\/"]}]},{"@type":"ImageObject","inLanguage":"pt-BR","@id":"https:\/\/www.gaveanews.com\/index.php\/2025\/03\/22\/torcida-do-santos-recebe-boa-noticia-em-relacao-a-neymar\/#primaryimage","url":"https:\/\/www.gaveanews.com\/wp-content\/uploads\/Neymar-apresentado-pelo-Santos.webp","contentUrl":"https:\/\/www.gaveanews.com\/wp-content\/uploads\/Neymar-apresentado-pelo-Santos.webp","width":543,"height":748,"caption":"Neymar apresentado pelo Santos (Foto: GuilhermeKastner \/ Santos FC)"},{"@type":"BreadcrumbList","@id":"https:\/\/www.gaveanews.com\/index.php\/2025\/03\/22\/torcida-do-santos-recebe-boa-noticia-em-relacao-a-neymar\/#breadcrumb","itemListElement":[{"@type":"ListItem","position":1,"name":"Home","item":"https:\/\/www.gaveanews.com\/"},{"@type":"ListItem","position":2,"name":"Torcida do Santos recebe boa not\u00edcia em rela\u00e7\u00e3o a Neymar"}]},{"@type":"WebSite","@id":"https:\/\/www.gaveanews.com\/#website","url":"https:\/\/www.gaveanews.com\/","name":"G\u00e1vea News","description":"Veja todas as not\u00edcias sobre o Flamengo: Contrata\u00e7\u00f5es, categorias de base, resultados das partidas, tabela de classifica\u00e7\u00e3o, pr\u00f3ximos jogos!","potentialAction":[{"@type":"SearchAction","target":{"@type":"EntryPoint","urlTemplate":"https:\/\/www.gaveanews.com\/?s={search_term_string}"},"query-input":{"@type":"PropertyValueSpecification","valueRequired":true,"valueName":"search_term_string"}}],"inLanguage":"pt-BR"},{"@type":"Person","@id":"https:\/\/www.gaveanews.com\/#\/schema\/person\/f42654babcd2b2014a1a65af82b081f1","name":"Geovanna Thomaz","image":{"@type":"ImageObject","inLanguage":"pt-BR","@id":"https:\/\/www.gaveanews.com\/#\/schema\/person\/image\/","url":"https:\/\/secure.gravatar.com\/avatar\/4092073255489533afb558984b49b64268c47198af8623cc82a925ae9fb7118a?s=96&d=mm&r=g","contentUrl":"https:\/\/secure.gravatar.com\/avatar\/4092073255489533afb558984b49b64268c47198af8623cc82a925ae9fb7118a?s=96&d=mm&r=g","caption":"Geovanna Thomaz"}}]}},"_links":{"self":[{"href":"https:\/\/www.gaveanews.com\/index.php\/wp-json\/wp\/v2\/posts\/243036","targetHints":{"allow":["GET"]}}],"collection":[{"href":"https:\/\/www.gaveanews.com\/index.php\/wp-json\/wp\/v2\/posts"}],"about":[{"href":"https:\/\/www.gaveanews.com\/index.php\/wp-json\/wp\/v2\/types\/post"}],"author":[{"embeddable":true,"href":"https:\/\/www.gaveanews.com\/index.php\/wp-json\/wp\/v2\/users\/17"}],"replies":[{"embeddable":true,"href":"https:\/\/www.gaveanews.com\/index.php\/wp-json\/wp\/v2\/comments?post=243036"}],"version-history":[{"count":1,"href":"https:\/\/www.gaveanews.com\/index.php\/wp-json\/wp\/v2\/posts\/243036\/revisions"}],"predecessor-version":[{"id":243039,"href":"https:\/\/www.gaveanews.com\/index.php\/wp-json\/wp\/v2\/posts\/243036\/revisions\/243039"}],"wp:featuredmedia":[{"embeddable":true,"href":"https:\/\/www.gaveanews.com\/index.php\/wp-json\/wp\/v2\/media\/221594"}],"wp:attachment":[{"href":"https:\/\/www.gaveanews.com\/index.php\/wp-json\/wp\/v2\/media?parent=243036"}],"wp:term":[{"taxonomy":"category","embeddable":true,"href":"https:\/\/www.gaveanews.com\/index.php\/wp-json\/wp\/v2\/categories?post=243036"},{"taxonomy":"post_tag","embeddable":true,"href":"https:\/\/www.gaveanews.com\/index.php\/wp-json\/wp\/v2\/tags?post=243036"}],"curies":[{"name":"wp","href":"https:\/\/api.w.org\/{rel}","templated":true}]}}