{"id":243297,"date":"2025-03-22T19:45:00","date_gmt":"2025-03-22T22:45:00","guid":{"rendered":"https:\/\/www.gaveanews.com\/?p=243297"},"modified":"2025-03-22T18:57:03","modified_gmt":"2025-03-22T21:57:03","slug":"empresario-denuncia-calote-do-corinthians","status":"publish","type":"post","link":"https:\/\/www.gaveanews.com\/index.php\/2025\/03\/22\/empresario-denuncia-calote-do-corinthians\/","title":{"rendered":"Empres\u00e1rio denuncia calote do Corinthians"},"content":{"rendered":"\n<p>Um dos empres\u00e1rios mais famosos no meio futebol\u00edstico denunciou um calote que recebeu do Corinthians. Andr\u00e9 Cury falou em arrependimento ao emprestar dinheiro ao Tim\u00e3o, que negligenciou o pagamento da comiss\u00e3o do agente, bem como do empr\u00e9stimo.<\/p>\n\n\n\n<p>Andr\u00e9 Cury \u00e9 conhecido por ter bastante tr\u00e2nsito em todas as equipes do futebol nacional. Al\u00e9m de agenciar atletas, ele tamb\u00e9m conduziu negocia\u00e7\u00f5es de peso como Arrascaeta, no Flamengo, Gustavo G\u00f3mez e Piquerez, no Palmeiras, Rochet e Ar\u00e1nguiz, no Internacional, e Medel, Vegetti e Ram\u00f3n D\u00edaz, no Vasco.<\/p>\n\n\n\n<p>Muitas vezes, al\u00e9m de ser uma op\u00e7\u00e3o para intermediar neg\u00f3cios, Cury tamb\u00e9m faz aportes aos clubes brasileiros. Ele ajudou, por exemplo, ajudou diretamente na contrata\u00e7\u00e3o de Ederson, destaque da Atalanta e convocado para a disputa das Eliminat\u00f3rias da Copa do Mundo com a Sele\u00e7\u00e3o Brasileira.<\/p>\n\n\n\n<p>Segundo o empres\u00e1rio, ele chegou a emprestar dinheiro \u00e0 diretoria do Corinthians, para contratar o meio-campista em 2020. Dois anos depois, o Tim\u00e3o fechou a venda dos direitos econ\u00f4micos do atleta por 6,5 milh\u00f5es de euros, cerca de 39 milh\u00f5es de reais, ao Salernitana, da It\u00e1lia.<\/p>\n\n\n\n<p>No entanto, embora o Alvinegro tenha lucrado com a venda do jogador, nenhum vencimento foi repassado para o empres\u00e1rio. Ele falou que se arrepende de ter feito o aporte e criticou o modelo de neg\u00f3cio adotado pelas equipes do futebol brasileiro.<\/p>\n\n\n\n<p>&#8220;J\u00e1 emprestei dinheiro para Corinthians e S\u00e3o Paulo. Se arrependimento matasse&#8230; E o meu caso \u00e9 pior ainda. Eu emprestei dinheiro para contratar o jogador que \u00e9 o melhor volante da Europa, o Ederson, que est\u00e1 jogando demais na Atalanta, um cara fenomenal. Emprestei dinheiro para o Corinthians contratar e vendi o Ederson depois por mais de R$ 40 milh\u00f5es. O clube pegou 3 empr\u00e9stimos, nunca pagou nenhum, nem os R$ 40 milh\u00f5es, nem a minha comiss\u00e3o, nem nada. \u00c9 isso que tem que mudar para o futebol ficar mais saud\u00e1vel\u201d, disse.<\/p>\n","protected":false},"excerpt":{"rendered":"<p>Um dos empres\u00e1rios mais famosos no meio futebol\u00edstico denunciou um calote que recebeu do Corinthians. Andr\u00e9 Cury falou em arrependimento ao emprestar dinheiro ao Tim\u00e3o, que negligenciou o pagamento da comiss\u00e3o do agente, bem como do empr\u00e9stimo. Andr\u00e9 Cury \u00e9 conhecido por ter bastante tr\u00e2nsito em todas as equipes do futebol nacional. Al\u00e9m de agenciar [&hellip;]<\/p>\n","protected":false},"author":29,"featured_media":146951,"comment_status":"open","ping_status":"closed","sticky":false,"template":"","format":"standard","meta":{"footnotes":""},"categories":[141],"tags":[],"class_list":["post-243297","post","type-post","status-publish","format-standard","has-post-thumbnail","hentry","category-corinthians"],"yoast_head":"<!-- This site is optimized with the Yoast SEO Premium plugin v24.2 (Yoast SEO v26.9) - https:\/\/yoast.com\/product\/yoast-seo-premium-wordpress\/ -->\n<title>Empres\u00e1rio denuncia calote do Corinthians<\/title>\n<meta name=\"robots\" content=\"index, follow, max-snippet:-1, max-image-preview:large, max-video-preview:-1\" \/>\n<link rel=\"canonical\" href=\"https:\/\/www.gaveanews.com\/index.php\/2025\/03\/22\/empresario-denuncia-calote-do-corinthians\/\" \/>\n<meta property=\"og:locale\" content=\"pt_BR\" \/>\n<meta property=\"og:type\" content=\"article\" \/>\n<meta property=\"og:title\" content=\"Empres\u00e1rio denuncia calote do Corinthians\" \/>\n<meta property=\"og:description\" content=\"Um dos empres\u00e1rios mais famosos no meio futebol\u00edstico denunciou um calote que recebeu do Corinthians. Andr\u00e9 Cury falou em arrependimento ao emprestar dinheiro ao Tim\u00e3o, que negligenciou o pagamento da comiss\u00e3o do agente, bem como do empr\u00e9stimo. Andr\u00e9 Cury \u00e9 conhecido por ter bastante tr\u00e2nsito em todas as equipes do futebol nacional. Al\u00e9m de agenciar [&hellip;]\" \/>\n<meta property=\"og:url\" content=\"https:\/\/www.gaveanews.com\/index.php\/2025\/03\/22\/empresario-denuncia-calote-do-corinthians\/\" \/>\n<meta property=\"og:site_name\" content=\"G\u00e1vea News\" \/>\n<meta property=\"article:publisher\" content=\"https:\/\/facebook.com\/gaveaNews\/\" \/>\n<meta property=\"article:published_time\" content=\"2025-03-22T22:45:00+00:00\" \/>\n<meta property=\"og:image\" content=\"https:\/\/www.gaveanews.com\/wp-content\/uploads\/Escudo-do-Corinthians.webp\" \/>\n\t<meta property=\"og:image:width\" content=\"1000\" \/>\n\t<meta property=\"og:image:height\" content=\"667\" \/>\n\t<meta property=\"og:image:type\" content=\"image\/webp\" \/>\n<meta name=\"author\" content=\"Marco Menezes\" \/>\n<meta name=\"twitter:card\" content=\"summary_large_image\" \/>\n<meta name=\"twitter:label1\" content=\"Escrito por\" \/>\n\t<meta name=\"twitter:data1\" content=\"Marco Menezes\" \/>\n\t<meta name=\"twitter:label2\" content=\"Est. tempo de leitura\" \/>\n\t<meta name=\"twitter:data2\" content=\"2 minutos\" \/>\n<script type=\"application\/ld+json\" class=\"yoast-schema-graph\">{\"@context\":\"https:\/\/schema.org\",\"@graph\":[{\"@type\":\"NewsArticle\",\"@id\":\"https:\/\/www.gaveanews.com\/index.php\/2025\/03\/22\/empresario-denuncia-calote-do-corinthians\/#article\",\"isPartOf\":{\"@id\":\"https:\/\/www.gaveanews.com\/index.php\/2025\/03\/22\/empresario-denuncia-calote-do-corinthians\/\"},\"author\":{\"name\":\"Marco Menezes\",\"@id\":\"https:\/\/www.gaveanews.com\/#\/schema\/person\/a9f62fe75380c6bada1b2fc49bc23d69\"},\"headline\":\"Empres\u00e1rio denuncia calote do Corinthians\",\"datePublished\":\"2025-03-22T22:45:00+00:00\",\"mainEntityOfPage\":{\"@id\":\"https:\/\/www.gaveanews.com\/index.php\/2025\/03\/22\/empresario-denuncia-calote-do-corinthians\/\"},\"wordCount\":338,\"commentCount\":0,\"image\":{\"@id\":\"https:\/\/www.gaveanews.com\/index.php\/2025\/03\/22\/empresario-denuncia-calote-do-corinthians\/#primaryimage\"},\"thumbnailUrl\":\"https:\/\/www.gaveanews.com\/wp-content\/uploads\/Escudo-do-Corinthians.webp\",\"articleSection\":[\"Corinthians\"],\"inLanguage\":\"pt-BR\",\"potentialAction\":[{\"@type\":\"CommentAction\",\"name\":\"Comment\",\"target\":[\"https:\/\/www.gaveanews.com\/index.php\/2025\/03\/22\/empresario-denuncia-calote-do-corinthians\/#respond\"]}],\"copyrightYear\":\"2025\",\"copyrightHolder\":{\"@id\":\"https:\/\/www.gaveanews.com\/#organization\"}},{\"@type\":\"WebPage\",\"@id\":\"https:\/\/www.gaveanews.com\/index.php\/2025\/03\/22\/empresario-denuncia-calote-do-corinthians\/\",\"url\":\"https:\/\/www.gaveanews.com\/index.php\/2025\/03\/22\/empresario-denuncia-calote-do-corinthians\/\",\"name\":\"Empres\u00e1rio denuncia calote do Corinthians\",\"isPartOf\":{\"@id\":\"https:\/\/www.gaveanews.com\/#website\"},\"primaryImageOfPage\":{\"@id\":\"https:\/\/www.gaveanews.com\/index.php\/2025\/03\/22\/empresario-denuncia-calote-do-corinthians\/#primaryimage\"},\"image\":{\"@id\":\"https:\/\/www.gaveanews.com\/index.php\/2025\/03\/22\/empresario-denuncia-calote-do-corinthians\/#primaryimage\"},\"thumbnailUrl\":\"https:\/\/www.gaveanews.com\/wp-content\/uploads\/Escudo-do-Corinthians.webp\",\"datePublished\":\"2025-03-22T22:45:00+00:00\",\"author\":{\"@id\":\"https:\/\/www.gaveanews.com\/#\/schema\/person\/a9f62fe75380c6bada1b2fc49bc23d69\"},\"breadcrumb\":{\"@id\":\"https:\/\/www.gaveanews.com\/index.php\/2025\/03\/22\/empresario-denuncia-calote-do-corinthians\/#breadcrumb\"},\"inLanguage\":\"pt-BR\",\"potentialAction\":[{\"@type\":\"ReadAction\",\"target\":[\"https:\/\/www.gaveanews.com\/index.php\/2025\/03\/22\/empresario-denuncia-calote-do-corinthians\/\"]}]},{\"@type\":\"ImageObject\",\"inLanguage\":\"pt-BR\",\"@id\":\"https:\/\/www.gaveanews.com\/index.php\/2025\/03\/22\/empresario-denuncia-calote-do-corinthians\/#primaryimage\",\"url\":\"https:\/\/www.gaveanews.com\/wp-content\/uploads\/Escudo-do-Corinthians.webp\",\"contentUrl\":\"https:\/\/www.gaveanews.com\/wp-content\/uploads\/Escudo-do-Corinthians.webp\",\"width\":1000,\"height\":667,\"caption\":\"Escudo do Corinthians (Foto Reprodu\u00e7\u00e3o\/Instagram)\"},{\"@type\":\"BreadcrumbList\",\"@id\":\"https:\/\/www.gaveanews.com\/index.php\/2025\/03\/22\/empresario-denuncia-calote-do-corinthians\/#breadcrumb\",\"itemListElement\":[{\"@type\":\"ListItem\",\"position\":1,\"name\":\"Home\",\"item\":\"https:\/\/www.gaveanews.com\/\"},{\"@type\":\"ListItem\",\"position\":2,\"name\":\"Empres\u00e1rio denuncia calote do Corinthians\"}]},{\"@type\":\"WebSite\",\"@id\":\"https:\/\/www.gaveanews.com\/#website\",\"url\":\"https:\/\/www.gaveanews.com\/\",\"name\":\"G\u00e1vea News\",\"description\":\"Veja todas as not\u00edcias sobre o Flamengo: Contrata\u00e7\u00f5es, categorias de base, resultados das partidas, tabela de classifica\u00e7\u00e3o, pr\u00f3ximos jogos!\",\"potentialAction\":[{\"@type\":\"SearchAction\",\"target\":{\"@type\":\"EntryPoint\",\"urlTemplate\":\"https:\/\/www.gaveanews.com\/?s={search_term_string}\"},\"query-input\":{\"@type\":\"PropertyValueSpecification\",\"valueRequired\":true,\"valueName\":\"search_term_string\"}}],\"inLanguage\":\"pt-BR\"},{\"@type\":\"Person\",\"@id\":\"https:\/\/www.gaveanews.com\/#\/schema\/person\/a9f62fe75380c6bada1b2fc49bc23d69\",\"name\":\"Marco Menezes\",\"image\":{\"@type\":\"ImageObject\",\"inLanguage\":\"pt-BR\",\"@id\":\"https:\/\/www.gaveanews.com\/#\/schema\/person\/image\/\",\"url\":\"https:\/\/secure.gravatar.com\/avatar\/a1d148ae17fc8bfc5dbccffd07979e8bd2c9ba494221779de86ec2c7907b71ec?s=96&d=mm&r=g\",\"contentUrl\":\"https:\/\/secure.gravatar.com\/avatar\/a1d148ae17fc8bfc5dbccffd07979e8bd2c9ba494221779de86ec2c7907b71ec?s=96&d=mm&r=g\",\"caption\":\"Marco Menezes\"}}]}<\/script>\n<!-- \/ Yoast SEO Premium plugin. -->","yoast_head_json":{"title":"Empres\u00e1rio denuncia calote do Corinthians","robots":{"index":"index","follow":"follow","max-snippet":"max-snippet:-1","max-image-preview":"max-image-preview:large","max-video-preview":"max-video-preview:-1"},"canonical":"https:\/\/www.gaveanews.com\/index.php\/2025\/03\/22\/empresario-denuncia-calote-do-corinthians\/","og_locale":"pt_BR","og_type":"article","og_title":"Empres\u00e1rio denuncia calote do Corinthians","og_description":"Um dos empres\u00e1rios mais famosos no meio futebol\u00edstico denunciou um calote que recebeu do Corinthians. Andr\u00e9 Cury falou em arrependimento ao emprestar dinheiro ao Tim\u00e3o, que negligenciou o pagamento da comiss\u00e3o do agente, bem como do empr\u00e9stimo. Andr\u00e9 Cury \u00e9 conhecido por ter bastante tr\u00e2nsito em todas as equipes do futebol nacional. Al\u00e9m de agenciar [&hellip;]","og_url":"https:\/\/www.gaveanews.com\/index.php\/2025\/03\/22\/empresario-denuncia-calote-do-corinthians\/","og_site_name":"G\u00e1vea News","article_publisher":"https:\/\/facebook.com\/gaveaNews\/","article_published_time":"2025-03-22T22:45:00+00:00","og_image":[{"width":1000,"height":667,"url":"https:\/\/www.gaveanews.com\/wp-content\/uploads\/Escudo-do-Corinthians.webp","type":"image\/webp"}],"author":"Marco Menezes","twitter_card":"summary_large_image","twitter_misc":{"Escrito por":"Marco Menezes","Est. tempo de leitura":"2 minutos"},"schema":{"@context":"https:\/\/schema.org","@graph":[{"@type":"NewsArticle","@id":"https:\/\/www.gaveanews.com\/index.php\/2025\/03\/22\/empresario-denuncia-calote-do-corinthians\/#article","isPartOf":{"@id":"https:\/\/www.gaveanews.com\/index.php\/2025\/03\/22\/empresario-denuncia-calote-do-corinthians\/"},"author":{"name":"Marco Menezes","@id":"https:\/\/www.gaveanews.com\/#\/schema\/person\/a9f62fe75380c6bada1b2fc49bc23d69"},"headline":"Empres\u00e1rio denuncia calote do Corinthians","datePublished":"2025-03-22T22:45:00+00:00","mainEntityOfPage":{"@id":"https:\/\/www.gaveanews.com\/index.php\/2025\/03\/22\/empresario-denuncia-calote-do-corinthians\/"},"wordCount":338,"commentCount":0,"image":{"@id":"https:\/\/www.gaveanews.com\/index.php\/2025\/03\/22\/empresario-denuncia-calote-do-corinthians\/#primaryimage"},"thumbnailUrl":"https:\/\/www.gaveanews.com\/wp-content\/uploads\/Escudo-do-Corinthians.webp","articleSection":["Corinthians"],"inLanguage":"pt-BR","potentialAction":[{"@type":"CommentAction","name":"Comment","target":["https:\/\/www.gaveanews.com\/index.php\/2025\/03\/22\/empresario-denuncia-calote-do-corinthians\/#respond"]}],"copyrightYear":"2025","copyrightHolder":{"@id":"https:\/\/www.gaveanews.com\/#organization"}},{"@type":"WebPage","@id":"https:\/\/www.gaveanews.com\/index.php\/2025\/03\/22\/empresario-denuncia-calote-do-corinthians\/","url":"https:\/\/www.gaveanews.com\/index.php\/2025\/03\/22\/empresario-denuncia-calote-do-corinthians\/","name":"Empres\u00e1rio denuncia calote do Corinthians","isPartOf":{"@id":"https:\/\/www.gaveanews.com\/#website"},"primaryImageOfPage":{"@id":"https:\/\/www.gaveanews.com\/index.php\/2025\/03\/22\/empresario-denuncia-calote-do-corinthians\/#primaryimage"},"image":{"@id":"https:\/\/www.gaveanews.com\/index.php\/2025\/03\/22\/empresario-denuncia-calote-do-corinthians\/#primaryimage"},"thumbnailUrl":"https:\/\/www.gaveanews.com\/wp-content\/uploads\/Escudo-do-Corinthians.webp","datePublished":"2025-03-22T22:45:00+00:00","author":{"@id":"https:\/\/www.gaveanews.com\/#\/schema\/person\/a9f62fe75380c6bada1b2fc49bc23d69"},"breadcrumb":{"@id":"https:\/\/www.gaveanews.com\/index.php\/2025\/03\/22\/empresario-denuncia-calote-do-corinthians\/#breadcrumb"},"inLanguage":"pt-BR","potentialAction":[{"@type":"ReadAction","target":["https:\/\/www.gaveanews.com\/index.php\/2025\/03\/22\/empresario-denuncia-calote-do-corinthians\/"]}]},{"@type":"ImageObject","inLanguage":"pt-BR","@id":"https:\/\/www.gaveanews.com\/index.php\/2025\/03\/22\/empresario-denuncia-calote-do-corinthians\/#primaryimage","url":"https:\/\/www.gaveanews.com\/wp-content\/uploads\/Escudo-do-Corinthians.webp","contentUrl":"https:\/\/www.gaveanews.com\/wp-content\/uploads\/Escudo-do-Corinthians.webp","width":1000,"height":667,"caption":"Escudo do Corinthians (Foto Reprodu\u00e7\u00e3o\/Instagram)"},{"@type":"BreadcrumbList","@id":"https:\/\/www.gaveanews.com\/index.php\/2025\/03\/22\/empresario-denuncia-calote-do-corinthians\/#breadcrumb","itemListElement":[{"@type":"ListItem","position":1,"name":"Home","item":"https:\/\/www.gaveanews.com\/"},{"@type":"ListItem","position":2,"name":"Empres\u00e1rio denuncia calote do Corinthians"}]},{"@type":"WebSite","@id":"https:\/\/www.gaveanews.com\/#website","url":"https:\/\/www.gaveanews.com\/","name":"G\u00e1vea News","description":"Veja todas as not\u00edcias sobre o Flamengo: Contrata\u00e7\u00f5es, categorias de base, resultados das partidas, tabela de classifica\u00e7\u00e3o, pr\u00f3ximos jogos!","potentialAction":[{"@type":"SearchAction","target":{"@type":"EntryPoint","urlTemplate":"https:\/\/www.gaveanews.com\/?s={search_term_string}"},"query-input":{"@type":"PropertyValueSpecification","valueRequired":true,"valueName":"search_term_string"}}],"inLanguage":"pt-BR"},{"@type":"Person","@id":"https:\/\/www.gaveanews.com\/#\/schema\/person\/a9f62fe75380c6bada1b2fc49bc23d69","name":"Marco Menezes","image":{"@type":"ImageObject","inLanguage":"pt-BR","@id":"https:\/\/www.gaveanews.com\/#\/schema\/person\/image\/","url":"https:\/\/secure.gravatar.com\/avatar\/a1d148ae17fc8bfc5dbccffd07979e8bd2c9ba494221779de86ec2c7907b71ec?s=96&d=mm&r=g","contentUrl":"https:\/\/secure.gravatar.com\/avatar\/a1d148ae17fc8bfc5dbccffd07979e8bd2c9ba494221779de86ec2c7907b71ec?s=96&d=mm&r=g","caption":"Marco Menezes"}}]}},"_links":{"self":[{"href":"https:\/\/www.gaveanews.com\/index.php\/wp-json\/wp\/v2\/posts\/243297","targetHints":{"allow":["GET"]}}],"collection":[{"href":"https:\/\/www.gaveanews.com\/index.php\/wp-json\/wp\/v2\/posts"}],"about":[{"href":"https:\/\/www.gaveanews.com\/index.php\/wp-json\/wp\/v2\/types\/post"}],"author":[{"embeddable":true,"href":"https:\/\/www.gaveanews.com\/index.php\/wp-json\/wp\/v2\/users\/29"}],"replies":[{"embeddable":true,"href":"https:\/\/www.gaveanews.com\/index.php\/wp-json\/wp\/v2\/comments?post=243297"}],"version-history":[{"count":1,"href":"https:\/\/www.gaveanews.com\/index.php\/wp-json\/wp\/v2\/posts\/243297\/revisions"}],"predecessor-version":[{"id":243298,"href":"https:\/\/www.gaveanews.com\/index.php\/wp-json\/wp\/v2\/posts\/243297\/revisions\/243298"}],"wp:featuredmedia":[{"embeddable":true,"href":"https:\/\/www.gaveanews.com\/index.php\/wp-json\/wp\/v2\/media\/146951"}],"wp:attachment":[{"href":"https:\/\/www.gaveanews.com\/index.php\/wp-json\/wp\/v2\/media?parent=243297"}],"wp:term":[{"taxonomy":"category","embeddable":true,"href":"https:\/\/www.gaveanews.com\/index.php\/wp-json\/wp\/v2\/categories?post=243297"},{"taxonomy":"post_tag","embeddable":true,"href":"https:\/\/www.gaveanews.com\/index.php\/wp-json\/wp\/v2\/tags?post=243297"}],"curies":[{"name":"wp","href":"https:\/\/api.w.org\/{rel}","templated":true}]}}