{"id":243350,"date":"2025-03-22T20:20:00","date_gmt":"2025-03-22T23:20:00","guid":{"rendered":"https:\/\/www.gaveanews.com\/?p=243350"},"modified":"2025-03-22T19:04:37","modified_gmt":"2025-03-22T22:04:37","slug":"a-declaracao-de-guilherme-arana-direcionada-a-argentina","status":"publish","type":"post","link":"https:\/\/www.gaveanews.com\/index.php\/2025\/03\/22\/a-declaracao-de-guilherme-arana-direcionada-a-argentina\/","title":{"rendered":"A declara\u00e7\u00e3o de Guilherme Arana direcionada a Argentina"},"content":{"rendered":"\n<p>O lateral-esquerdo Guilherme Arana concedeu entrevista coletiva neste s\u00e1bado, dois dias ap\u00f3s a vit\u00f3ria do Brasil sobre a Col\u00f4mbia por 2 a 1, pelas Eliminat\u00f3rias Sul-Americanas. O jogador destacou a import\u00e2ncia do resultado para a Sele\u00e7\u00e3o e j\u00e1 projetou o cl\u00e1ssico contra a Argentina, na pr\u00f3xima ter\u00e7a-feira, em Buenos Aires.<\/p>\n\n\n\n<p>&#8220;Muita felicidade e alegria. Precis\u00e1vamos vencer. Viemos de dois empates. A vit\u00f3ria era muito importante, ainda mais contra uma Sele\u00e7\u00e3o de muita qualidade que \u00e9 a Col\u00f4mbia, que n\u00e3o vive um bom momento, mas tem grandes jogadores. Ent\u00e3o foi um momento importante. Comemoramos bastante&#8221;, afirmou Arana.<\/p>\n\n\n\n<p>O lateral destacou a rivalidade hist\u00f3rica entre Brasil e Argentina e previu um jogo disputado. &#8220;N\u00f3s sabemos que \u00e9 uma rivalidade gigantesca contra a Argentina. \u00c9 inevit\u00e1vel n\u00e3o ter jogadas fortes. As duas equipes v\u00e3o brigar pela vit\u00f3ria. Mas precisamos do resultado, chegar l\u00e1, defender bem e sair do jogo com a vit\u00f3ria&#8221;, completou.<\/p>\n\n\n\n<p>Arana tamb\u00e9m comentou sobre o ambiente hostil que a Sele\u00e7\u00e3o deve encontrar em Buenos Aires e demonstrou preocupa\u00e7\u00e3o com poss\u00edveis epis\u00f3dios de racismo durante o jogo. &#8220;Sem d\u00favida nenhuma, \u00e9 uma atmosfera diferente. Mas acredito que temos jogadores experientes que j\u00e1 passaram por isso. Temos que ir l\u00e1 para fazer um bom jogo, buscar o resultado, precisamos vencer&#8221;, disse.<\/p>\n\n\n\n<p>&#8220;Em quest\u00e3o do racismo, espero que n\u00e3o venha a acontecer. J\u00e1 estamos batendo nessa tecla h\u00e1 muito tempo. Caso aconte\u00e7a, tomaremos as medidas necess\u00e1rias, porque esse assunto j\u00e1 vem de longas datas. De n\u00f3s, brasileiros, jogarmos contra equipes advers\u00e1rias e sofrer com esse racismo e viol\u00eancia. Mas torcer para que isso n\u00e3o aconte\u00e7a&#8221;, concluiu.<\/p>\n\n\n\n<p>A Sele\u00e7\u00e3o Brasileira volta a campo na ter\u00e7a-feira para enfrentar a Argentina, no est\u00e1dio Monumental de N\u00fa\u00f1ez. O Brasil ocupa a quinta coloca\u00e7\u00e3o nas Eliminat\u00f3rias, enquanto os argentinos lideram a competi\u00e7\u00e3o.<\/p>\n","protected":false},"excerpt":{"rendered":"<p>O lateral-esquerdo Guilherme Arana concedeu entrevista coletiva neste s\u00e1bado, dois dias ap\u00f3s a vit\u00f3ria do Brasil sobre a Col\u00f4mbia por 2 a 1, pelas Eliminat\u00f3rias Sul-Americanas. O jogador destacou a import\u00e2ncia do resultado para a Sele\u00e7\u00e3o e j\u00e1 projetou o cl\u00e1ssico contra a Argentina, na pr\u00f3xima ter\u00e7a-feira, em Buenos Aires. &#8220;Muita felicidade e alegria. Precis\u00e1vamos [&hellip;]<\/p>\n","protected":false},"author":17,"featured_media":168221,"comment_status":"open","ping_status":"closed","sticky":false,"template":"","format":"standard","meta":{"footnotes":""},"categories":[478],"tags":[],"class_list":["post-243350","post","type-post","status-publish","format-standard","has-post-thumbnail","hentry","category-brasil"],"yoast_head":"<!-- This site is optimized with the Yoast SEO Premium plugin v24.2 (Yoast SEO v26.9) - https:\/\/yoast.com\/product\/yoast-seo-premium-wordpress\/ -->\n<title>A declara\u00e7\u00e3o de Guilherme Arana direcionada a Argentina<\/title>\n<meta name=\"robots\" content=\"index, follow, max-snippet:-1, max-image-preview:large, max-video-preview:-1\" \/>\n<link rel=\"canonical\" href=\"https:\/\/www.gaveanews.com\/index.php\/2025\/03\/22\/a-declaracao-de-guilherme-arana-direcionada-a-argentina\/\" \/>\n<meta property=\"og:locale\" content=\"pt_BR\" \/>\n<meta property=\"og:type\" content=\"article\" \/>\n<meta property=\"og:title\" content=\"A declara\u00e7\u00e3o de Guilherme Arana direcionada a Argentina\" \/>\n<meta property=\"og:description\" content=\"O lateral-esquerdo Guilherme Arana concedeu entrevista coletiva neste s\u00e1bado, dois dias ap\u00f3s a vit\u00f3ria do Brasil sobre a Col\u00f4mbia por 2 a 1, pelas Eliminat\u00f3rias Sul-Americanas. O jogador destacou a import\u00e2ncia do resultado para a Sele\u00e7\u00e3o e j\u00e1 projetou o cl\u00e1ssico contra a Argentina, na pr\u00f3xima ter\u00e7a-feira, em Buenos Aires. &#8220;Muita felicidade e alegria. Precis\u00e1vamos [&hellip;]\" \/>\n<meta property=\"og:url\" content=\"https:\/\/www.gaveanews.com\/index.php\/2025\/03\/22\/a-declaracao-de-guilherme-arana-direcionada-a-argentina\/\" \/>\n<meta property=\"og:site_name\" content=\"G\u00e1vea News\" \/>\n<meta property=\"article:publisher\" content=\"https:\/\/facebook.com\/gaveaNews\/\" \/>\n<meta property=\"article:published_time\" content=\"2025-03-22T23:20:00+00:00\" \/>\n<meta property=\"og:image\" content=\"https:\/\/www.gaveanews.com\/wp-content\/uploads\/Guilherme-Arana-pelo-Atletico-MG.webp\" \/>\n\t<meta property=\"og:image:width\" content=\"721\" \/>\n\t<meta property=\"og:image:height\" content=\"535\" \/>\n\t<meta property=\"og:image:type\" content=\"image\/jpeg\" \/>\n<meta name=\"author\" content=\"Geovanna Thomaz\" \/>\n<meta name=\"twitter:card\" content=\"summary_large_image\" \/>\n<meta name=\"twitter:label1\" content=\"Escrito por\" \/>\n\t<meta name=\"twitter:data1\" content=\"Geovanna Thomaz\" \/>\n\t<meta name=\"twitter:label2\" content=\"Est. tempo de leitura\" \/>\n\t<meta name=\"twitter:data2\" content=\"2 minutos\" \/>\n<script type=\"application\/ld+json\" class=\"yoast-schema-graph\">{\"@context\":\"https:\/\/schema.org\",\"@graph\":[{\"@type\":\"NewsArticle\",\"@id\":\"https:\/\/www.gaveanews.com\/index.php\/2025\/03\/22\/a-declaracao-de-guilherme-arana-direcionada-a-argentina\/#article\",\"isPartOf\":{\"@id\":\"https:\/\/www.gaveanews.com\/index.php\/2025\/03\/22\/a-declaracao-de-guilherme-arana-direcionada-a-argentina\/\"},\"author\":{\"name\":\"Geovanna Thomaz\",\"@id\":\"https:\/\/www.gaveanews.com\/#\/schema\/person\/f42654babcd2b2014a1a65af82b081f1\"},\"headline\":\"A declara\u00e7\u00e3o de Guilherme Arana direcionada a Argentina\",\"datePublished\":\"2025-03-22T23:20:00+00:00\",\"mainEntityOfPage\":{\"@id\":\"https:\/\/www.gaveanews.com\/index.php\/2025\/03\/22\/a-declaracao-de-guilherme-arana-direcionada-a-argentina\/\"},\"wordCount\":342,\"commentCount\":0,\"image\":{\"@id\":\"https:\/\/www.gaveanews.com\/index.php\/2025\/03\/22\/a-declaracao-de-guilherme-arana-direcionada-a-argentina\/#primaryimage\"},\"thumbnailUrl\":\"https:\/\/www.gaveanews.com\/wp-content\/uploads\/Guilherme-Arana-pelo-Atletico-MG.webp\",\"articleSection\":[\"Brasil\"],\"inLanguage\":\"pt-BR\",\"potentialAction\":[{\"@type\":\"CommentAction\",\"name\":\"Comment\",\"target\":[\"https:\/\/www.gaveanews.com\/index.php\/2025\/03\/22\/a-declaracao-de-guilherme-arana-direcionada-a-argentina\/#respond\"]}],\"copyrightYear\":\"2025\",\"copyrightHolder\":{\"@id\":\"https:\/\/www.gaveanews.com\/#organization\"}},{\"@type\":\"WebPage\",\"@id\":\"https:\/\/www.gaveanews.com\/index.php\/2025\/03\/22\/a-declaracao-de-guilherme-arana-direcionada-a-argentina\/\",\"url\":\"https:\/\/www.gaveanews.com\/index.php\/2025\/03\/22\/a-declaracao-de-guilherme-arana-direcionada-a-argentina\/\",\"name\":\"A declara\u00e7\u00e3o de Guilherme Arana direcionada a Argentina\",\"isPartOf\":{\"@id\":\"https:\/\/www.gaveanews.com\/#website\"},\"primaryImageOfPage\":{\"@id\":\"https:\/\/www.gaveanews.com\/index.php\/2025\/03\/22\/a-declaracao-de-guilherme-arana-direcionada-a-argentina\/#primaryimage\"},\"image\":{\"@id\":\"https:\/\/www.gaveanews.com\/index.php\/2025\/03\/22\/a-declaracao-de-guilherme-arana-direcionada-a-argentina\/#primaryimage\"},\"thumbnailUrl\":\"https:\/\/www.gaveanews.com\/wp-content\/uploads\/Guilherme-Arana-pelo-Atletico-MG.webp\",\"datePublished\":\"2025-03-22T23:20:00+00:00\",\"author\":{\"@id\":\"https:\/\/www.gaveanews.com\/#\/schema\/person\/f42654babcd2b2014a1a65af82b081f1\"},\"breadcrumb\":{\"@id\":\"https:\/\/www.gaveanews.com\/index.php\/2025\/03\/22\/a-declaracao-de-guilherme-arana-direcionada-a-argentina\/#breadcrumb\"},\"inLanguage\":\"pt-BR\",\"potentialAction\":[{\"@type\":\"ReadAction\",\"target\":[\"https:\/\/www.gaveanews.com\/index.php\/2025\/03\/22\/a-declaracao-de-guilherme-arana-direcionada-a-argentina\/\"]}]},{\"@type\":\"ImageObject\",\"inLanguage\":\"pt-BR\",\"@id\":\"https:\/\/www.gaveanews.com\/index.php\/2025\/03\/22\/a-declaracao-de-guilherme-arana-direcionada-a-argentina\/#primaryimage\",\"url\":\"https:\/\/www.gaveanews.com\/wp-content\/uploads\/Guilherme-Arana-pelo-Atletico-MG.webp\",\"contentUrl\":\"https:\/\/www.gaveanews.com\/wp-content\/uploads\/Guilherme-Arana-pelo-Atletico-MG.webp\",\"width\":721,\"height\":535,\"caption\":\"Guilherme Arana pelo Atl\u00e9tico-MG (Foto: Pedro Souza\/Atl\u00e9tico-MG)\"},{\"@type\":\"BreadcrumbList\",\"@id\":\"https:\/\/www.gaveanews.com\/index.php\/2025\/03\/22\/a-declaracao-de-guilherme-arana-direcionada-a-argentina\/#breadcrumb\",\"itemListElement\":[{\"@type\":\"ListItem\",\"position\":1,\"name\":\"Home\",\"item\":\"https:\/\/www.gaveanews.com\/\"},{\"@type\":\"ListItem\",\"position\":2,\"name\":\"A declara\u00e7\u00e3o de Guilherme Arana direcionada a Argentina\"}]},{\"@type\":\"WebSite\",\"@id\":\"https:\/\/www.gaveanews.com\/#website\",\"url\":\"https:\/\/www.gaveanews.com\/\",\"name\":\"G\u00e1vea News\",\"description\":\"Veja todas as not\u00edcias sobre o Flamengo: Contrata\u00e7\u00f5es, categorias de base, resultados das partidas, tabela de classifica\u00e7\u00e3o, pr\u00f3ximos jogos!\",\"potentialAction\":[{\"@type\":\"SearchAction\",\"target\":{\"@type\":\"EntryPoint\",\"urlTemplate\":\"https:\/\/www.gaveanews.com\/?s={search_term_string}\"},\"query-input\":{\"@type\":\"PropertyValueSpecification\",\"valueRequired\":true,\"valueName\":\"search_term_string\"}}],\"inLanguage\":\"pt-BR\"},{\"@type\":\"Person\",\"@id\":\"https:\/\/www.gaveanews.com\/#\/schema\/person\/f42654babcd2b2014a1a65af82b081f1\",\"name\":\"Geovanna Thomaz\",\"image\":{\"@type\":\"ImageObject\",\"inLanguage\":\"pt-BR\",\"@id\":\"https:\/\/www.gaveanews.com\/#\/schema\/person\/image\/\",\"url\":\"https:\/\/secure.gravatar.com\/avatar\/4092073255489533afb558984b49b64268c47198af8623cc82a925ae9fb7118a?s=96&d=mm&r=g\",\"contentUrl\":\"https:\/\/secure.gravatar.com\/avatar\/4092073255489533afb558984b49b64268c47198af8623cc82a925ae9fb7118a?s=96&d=mm&r=g\",\"caption\":\"Geovanna Thomaz\"}}]}<\/script>\n<!-- \/ Yoast SEO Premium plugin. -->","yoast_head_json":{"title":"A declara\u00e7\u00e3o de Guilherme Arana direcionada a Argentina","robots":{"index":"index","follow":"follow","max-snippet":"max-snippet:-1","max-image-preview":"max-image-preview:large","max-video-preview":"max-video-preview:-1"},"canonical":"https:\/\/www.gaveanews.com\/index.php\/2025\/03\/22\/a-declaracao-de-guilherme-arana-direcionada-a-argentina\/","og_locale":"pt_BR","og_type":"article","og_title":"A declara\u00e7\u00e3o de Guilherme Arana direcionada a Argentina","og_description":"O lateral-esquerdo Guilherme Arana concedeu entrevista coletiva neste s\u00e1bado, dois dias ap\u00f3s a vit\u00f3ria do Brasil sobre a Col\u00f4mbia por 2 a 1, pelas Eliminat\u00f3rias Sul-Americanas. O jogador destacou a import\u00e2ncia do resultado para a Sele\u00e7\u00e3o e j\u00e1 projetou o cl\u00e1ssico contra a Argentina, na pr\u00f3xima ter\u00e7a-feira, em Buenos Aires. &#8220;Muita felicidade e alegria. Precis\u00e1vamos [&hellip;]","og_url":"https:\/\/www.gaveanews.com\/index.php\/2025\/03\/22\/a-declaracao-de-guilherme-arana-direcionada-a-argentina\/","og_site_name":"G\u00e1vea News","article_publisher":"https:\/\/facebook.com\/gaveaNews\/","article_published_time":"2025-03-22T23:20:00+00:00","og_image":[{"width":721,"height":535,"url":"https:\/\/www.gaveanews.com\/wp-content\/uploads\/Guilherme-Arana-pelo-Atletico-MG.webp","type":"image\/jpeg"}],"author":"Geovanna Thomaz","twitter_card":"summary_large_image","twitter_misc":{"Escrito por":"Geovanna Thomaz","Est. tempo de leitura":"2 minutos"},"schema":{"@context":"https:\/\/schema.org","@graph":[{"@type":"NewsArticle","@id":"https:\/\/www.gaveanews.com\/index.php\/2025\/03\/22\/a-declaracao-de-guilherme-arana-direcionada-a-argentina\/#article","isPartOf":{"@id":"https:\/\/www.gaveanews.com\/index.php\/2025\/03\/22\/a-declaracao-de-guilherme-arana-direcionada-a-argentina\/"},"author":{"name":"Geovanna Thomaz","@id":"https:\/\/www.gaveanews.com\/#\/schema\/person\/f42654babcd2b2014a1a65af82b081f1"},"headline":"A declara\u00e7\u00e3o de Guilherme Arana direcionada a Argentina","datePublished":"2025-03-22T23:20:00+00:00","mainEntityOfPage":{"@id":"https:\/\/www.gaveanews.com\/index.php\/2025\/03\/22\/a-declaracao-de-guilherme-arana-direcionada-a-argentina\/"},"wordCount":342,"commentCount":0,"image":{"@id":"https:\/\/www.gaveanews.com\/index.php\/2025\/03\/22\/a-declaracao-de-guilherme-arana-direcionada-a-argentina\/#primaryimage"},"thumbnailUrl":"https:\/\/www.gaveanews.com\/wp-content\/uploads\/Guilherme-Arana-pelo-Atletico-MG.webp","articleSection":["Brasil"],"inLanguage":"pt-BR","potentialAction":[{"@type":"CommentAction","name":"Comment","target":["https:\/\/www.gaveanews.com\/index.php\/2025\/03\/22\/a-declaracao-de-guilherme-arana-direcionada-a-argentina\/#respond"]}],"copyrightYear":"2025","copyrightHolder":{"@id":"https:\/\/www.gaveanews.com\/#organization"}},{"@type":"WebPage","@id":"https:\/\/www.gaveanews.com\/index.php\/2025\/03\/22\/a-declaracao-de-guilherme-arana-direcionada-a-argentina\/","url":"https:\/\/www.gaveanews.com\/index.php\/2025\/03\/22\/a-declaracao-de-guilherme-arana-direcionada-a-argentina\/","name":"A declara\u00e7\u00e3o de Guilherme Arana direcionada a Argentina","isPartOf":{"@id":"https:\/\/www.gaveanews.com\/#website"},"primaryImageOfPage":{"@id":"https:\/\/www.gaveanews.com\/index.php\/2025\/03\/22\/a-declaracao-de-guilherme-arana-direcionada-a-argentina\/#primaryimage"},"image":{"@id":"https:\/\/www.gaveanews.com\/index.php\/2025\/03\/22\/a-declaracao-de-guilherme-arana-direcionada-a-argentina\/#primaryimage"},"thumbnailUrl":"https:\/\/www.gaveanews.com\/wp-content\/uploads\/Guilherme-Arana-pelo-Atletico-MG.webp","datePublished":"2025-03-22T23:20:00+00:00","author":{"@id":"https:\/\/www.gaveanews.com\/#\/schema\/person\/f42654babcd2b2014a1a65af82b081f1"},"breadcrumb":{"@id":"https:\/\/www.gaveanews.com\/index.php\/2025\/03\/22\/a-declaracao-de-guilherme-arana-direcionada-a-argentina\/#breadcrumb"},"inLanguage":"pt-BR","potentialAction":[{"@type":"ReadAction","target":["https:\/\/www.gaveanews.com\/index.php\/2025\/03\/22\/a-declaracao-de-guilherme-arana-direcionada-a-argentina\/"]}]},{"@type":"ImageObject","inLanguage":"pt-BR","@id":"https:\/\/www.gaveanews.com\/index.php\/2025\/03\/22\/a-declaracao-de-guilherme-arana-direcionada-a-argentina\/#primaryimage","url":"https:\/\/www.gaveanews.com\/wp-content\/uploads\/Guilherme-Arana-pelo-Atletico-MG.webp","contentUrl":"https:\/\/www.gaveanews.com\/wp-content\/uploads\/Guilherme-Arana-pelo-Atletico-MG.webp","width":721,"height":535,"caption":"Guilherme Arana pelo Atl\u00e9tico-MG (Foto: Pedro Souza\/Atl\u00e9tico-MG)"},{"@type":"BreadcrumbList","@id":"https:\/\/www.gaveanews.com\/index.php\/2025\/03\/22\/a-declaracao-de-guilherme-arana-direcionada-a-argentina\/#breadcrumb","itemListElement":[{"@type":"ListItem","position":1,"name":"Home","item":"https:\/\/www.gaveanews.com\/"},{"@type":"ListItem","position":2,"name":"A declara\u00e7\u00e3o de Guilherme Arana direcionada a Argentina"}]},{"@type":"WebSite","@id":"https:\/\/www.gaveanews.com\/#website","url":"https:\/\/www.gaveanews.com\/","name":"G\u00e1vea News","description":"Veja todas as not\u00edcias sobre o Flamengo: Contrata\u00e7\u00f5es, categorias de base, resultados das partidas, tabela de classifica\u00e7\u00e3o, pr\u00f3ximos jogos!","potentialAction":[{"@type":"SearchAction","target":{"@type":"EntryPoint","urlTemplate":"https:\/\/www.gaveanews.com\/?s={search_term_string}"},"query-input":{"@type":"PropertyValueSpecification","valueRequired":true,"valueName":"search_term_string"}}],"inLanguage":"pt-BR"},{"@type":"Person","@id":"https:\/\/www.gaveanews.com\/#\/schema\/person\/f42654babcd2b2014a1a65af82b081f1","name":"Geovanna Thomaz","image":{"@type":"ImageObject","inLanguage":"pt-BR","@id":"https:\/\/www.gaveanews.com\/#\/schema\/person\/image\/","url":"https:\/\/secure.gravatar.com\/avatar\/4092073255489533afb558984b49b64268c47198af8623cc82a925ae9fb7118a?s=96&d=mm&r=g","contentUrl":"https:\/\/secure.gravatar.com\/avatar\/4092073255489533afb558984b49b64268c47198af8623cc82a925ae9fb7118a?s=96&d=mm&r=g","caption":"Geovanna Thomaz"}}]}},"_links":{"self":[{"href":"https:\/\/www.gaveanews.com\/index.php\/wp-json\/wp\/v2\/posts\/243350","targetHints":{"allow":["GET"]}}],"collection":[{"href":"https:\/\/www.gaveanews.com\/index.php\/wp-json\/wp\/v2\/posts"}],"about":[{"href":"https:\/\/www.gaveanews.com\/index.php\/wp-json\/wp\/v2\/types\/post"}],"author":[{"embeddable":true,"href":"https:\/\/www.gaveanews.com\/index.php\/wp-json\/wp\/v2\/users\/17"}],"replies":[{"embeddable":true,"href":"https:\/\/www.gaveanews.com\/index.php\/wp-json\/wp\/v2\/comments?post=243350"}],"version-history":[{"count":2,"href":"https:\/\/www.gaveanews.com\/index.php\/wp-json\/wp\/v2\/posts\/243350\/revisions"}],"predecessor-version":[{"id":243365,"href":"https:\/\/www.gaveanews.com\/index.php\/wp-json\/wp\/v2\/posts\/243350\/revisions\/243365"}],"wp:featuredmedia":[{"embeddable":true,"href":"https:\/\/www.gaveanews.com\/index.php\/wp-json\/wp\/v2\/media\/168221"}],"wp:attachment":[{"href":"https:\/\/www.gaveanews.com\/index.php\/wp-json\/wp\/v2\/media?parent=243350"}],"wp:term":[{"taxonomy":"category","embeddable":true,"href":"https:\/\/www.gaveanews.com\/index.php\/wp-json\/wp\/v2\/categories?post=243350"},{"taxonomy":"post_tag","embeddable":true,"href":"https:\/\/www.gaveanews.com\/index.php\/wp-json\/wp\/v2\/tags?post=243350"}],"curies":[{"name":"wp","href":"https:\/\/api.w.org\/{rel}","templated":true}]}}