{"id":243402,"date":"2025-03-22T23:40:00","date_gmt":"2025-03-23T02:40:00","guid":{"rendered":"https:\/\/www.gaveanews.com\/?p=243402"},"modified":"2025-03-22T22:50:58","modified_gmt":"2025-03-23T01:50:58","slug":"a-declaracao-de-augusto-melo-sobre-saf-no-corinthians","status":"publish","type":"post","link":"https:\/\/www.gaveanews.com\/index.php\/2025\/03\/22\/a-declaracao-de-augusto-melo-sobre-saf-no-corinthians\/","title":{"rendered":"A declara\u00e7\u00e3o de Augusto Melo sobre SAF no Corinthians"},"content":{"rendered":"\n<p>Na \u00faltima sexta-feira (21), Ronaldo Fen\u00f4meno chamou a aten\u00e7\u00e3o ao declarar que, caso o Corinthians se tornasse uma Sociedade An\u00f4nima do Futebol (SAF), ele teria interesse em se envolver como investidor. A declara\u00e7\u00e3o gerou especula\u00e7\u00e3o sobre o futuro do clube, mas ser\u00e1 que essa mudan\u00e7a para o modelo de SAF \u00e9 realmente poss\u00edvel? A resposta parece n\u00e3o ser t\u00e3o simples.<\/p>\n\n\n\n<p>Recentemente, o presidente do Corinthians, Augusto Melo, se manifestou contrariamente a essa ideia. Em uma entrevista ao podcast &#8220;Poropopod&#8221;, em novembro de 2023, Melo afirmou que \u00e9 &#8220;completamente contra&#8221; a transforma\u00e7\u00e3o do clube em SAF. Segundo o dirigente, o Corinthians tem a capacidade de reorganizar suas finan\u00e7as e superar os desafios financeiros com uma gest\u00e3o mais eficiente, sem precisar abrir m\u00e3o do seu modelo associativo e sem depender de um &#8220;dono&#8221;.<\/p>\n\n\n\n<p>O presidente ressaltou que, apesar da atual situa\u00e7\u00e3o financeira do clube, o Corinthians possui uma grande visibilidade e poder de arrecada\u00e7\u00e3o, o que, para ele, permite que o clube se recupere de forma independente. \u201cEu sou contra a SAF no Corinthians. O clube tem uma torcida apaixonada, e nossa d\u00edvida \u00e9 administr\u00e1vel. Com uma gest\u00e3o honesta e bem planejada, tenho certeza de que o clube vai se recuperar\u201d, afirmou Melo. Ele completou, ainda, que acredita que o pr\u00f3ximo presidente do clube dar\u00e1 continuidade a esse projeto de recupera\u00e7\u00e3o financeira.<\/p>\n\n\n\n<p>Augusto Melo, que segue no comando do clube at\u00e9 2026, com possibilidade de um processo de impeachment em andamento, deixou claro que o modelo de SAF n\u00e3o \u00e9 uma solu\u00e7\u00e3o vi\u00e1vel para o Corinthians no momento.<\/p>\n\n\n\n<p>Por outro lado, Ronaldo Fen\u00f4meno, que se mostrou interessado em investir no clube caso ele adote o modelo de SAF, defendeu a ideia de que o Corinthians poderia melhorar suas finan\u00e7as com a gest\u00e3o desse novo formato. Em uma conversa no podcast &#8220;Charla&#8221;, ele afirmou que a solu\u00e7\u00e3o para os problemas financeiros do Tim\u00e3o poderia passar pela busca de investimentos, especialmente no contexto da d\u00edvida do est\u00e1dio. &#8220;Arrumo dinheiro no mercado e vou adorar fazer, envolver o torcedor. O Corinthians tem grande potencial de arrecada\u00e7\u00e3o e, com uma boa organiza\u00e7\u00e3o, pode faturar ainda mais&#8221;, comentou Ronaldo.<\/p>\n\n\n\n<p>Embora tenha experi\u00eancia com a gest\u00e3o de SAFs, como no caso do Cruzeiro, onde recuperou as finan\u00e7as do clube e o levou de volta \u00e0 S\u00e9rie A do Campeonato Brasileiro, Ronaldo n\u00e3o v\u00ea com desconfian\u00e7a esse modelo e o considera uma poss\u00edvel alternativa para o Corinthians. Ele tamb\u00e9m \u00e9 dono do Real Valladolid, na Espanha, mas a experi\u00eancia recente com o clube espanhol n\u00e3o tem sido completamente tranquila, com protestos por parte da torcida.<\/p>\n","protected":false},"excerpt":{"rendered":"<p>Na \u00faltima sexta-feira (21), Ronaldo Fen\u00f4meno chamou a aten\u00e7\u00e3o ao declarar que, caso o Corinthians se tornasse uma Sociedade An\u00f4nima do Futebol (SAF), ele teria interesse em se envolver como investidor. A declara\u00e7\u00e3o gerou especula\u00e7\u00e3o sobre o futuro do clube, mas ser\u00e1 que essa mudan\u00e7a para o modelo de SAF \u00e9 realmente poss\u00edvel? A resposta [&hellip;]<\/p>\n","protected":false},"author":17,"featured_media":145590,"comment_status":"open","ping_status":"closed","sticky":false,"template":"","format":"standard","meta":{"footnotes":""},"categories":[141],"tags":[],"class_list":["post-243402","post","type-post","status-publish","format-standard","has-post-thumbnail","hentry","category-corinthians"],"yoast_head":"<!-- This site is optimized with the Yoast SEO Premium plugin v24.2 (Yoast SEO v26.9) - https:\/\/yoast.com\/product\/yoast-seo-premium-wordpress\/ -->\n<title>A declara\u00e7\u00e3o de Augusto Melo sobre SAF no Corinthians<\/title>\n<meta name=\"robots\" content=\"index, follow, max-snippet:-1, max-image-preview:large, max-video-preview:-1\" \/>\n<link rel=\"canonical\" href=\"https:\/\/www.gaveanews.com\/index.php\/2025\/03\/22\/a-declaracao-de-augusto-melo-sobre-saf-no-corinthians\/\" \/>\n<meta property=\"og:locale\" content=\"pt_BR\" \/>\n<meta property=\"og:type\" content=\"article\" \/>\n<meta property=\"og:title\" content=\"A declara\u00e7\u00e3o de Augusto Melo sobre SAF no Corinthians\" \/>\n<meta property=\"og:description\" content=\"Na \u00faltima sexta-feira (21), Ronaldo Fen\u00f4meno chamou a aten\u00e7\u00e3o ao declarar que, caso o Corinthians se tornasse uma Sociedade An\u00f4nima do Futebol (SAF), ele teria interesse em se envolver como investidor. A declara\u00e7\u00e3o gerou especula\u00e7\u00e3o sobre o futuro do clube, mas ser\u00e1 que essa mudan\u00e7a para o modelo de SAF \u00e9 realmente poss\u00edvel? A resposta [&hellip;]\" \/>\n<meta property=\"og:url\" content=\"https:\/\/www.gaveanews.com\/index.php\/2025\/03\/22\/a-declaracao-de-augusto-melo-sobre-saf-no-corinthians\/\" \/>\n<meta property=\"og:site_name\" content=\"G\u00e1vea News\" \/>\n<meta property=\"article:publisher\" content=\"https:\/\/facebook.com\/gaveaNews\/\" \/>\n<meta property=\"article:published_time\" content=\"2025-03-23T02:40:00+00:00\" \/>\n<meta property=\"og:image\" content=\"https:\/\/www.gaveanews.com\/wp-content\/uploads\/Augusto-Melo-durante-coletiva-de-imprensa-do-Corinthians.webp\" \/>\n\t<meta property=\"og:image:width\" content=\"1920\" \/>\n\t<meta property=\"og:image:height\" content=\"1080\" \/>\n\t<meta property=\"og:image:type\" content=\"image\/jpeg\" \/>\n<meta name=\"author\" content=\"Geovanna Thomaz\" \/>\n<meta name=\"twitter:card\" content=\"summary_large_image\" \/>\n<meta name=\"twitter:label1\" content=\"Escrito por\" \/>\n\t<meta name=\"twitter:data1\" content=\"Geovanna Thomaz\" \/>\n\t<meta name=\"twitter:label2\" content=\"Est. tempo de leitura\" \/>\n\t<meta name=\"twitter:data2\" content=\"3 minutos\" \/>\n<script type=\"application\/ld+json\" class=\"yoast-schema-graph\">{\"@context\":\"https:\/\/schema.org\",\"@graph\":[{\"@type\":\"NewsArticle\",\"@id\":\"https:\/\/www.gaveanews.com\/index.php\/2025\/03\/22\/a-declaracao-de-augusto-melo-sobre-saf-no-corinthians\/#article\",\"isPartOf\":{\"@id\":\"https:\/\/www.gaveanews.com\/index.php\/2025\/03\/22\/a-declaracao-de-augusto-melo-sobre-saf-no-corinthians\/\"},\"author\":{\"name\":\"Geovanna Thomaz\",\"@id\":\"https:\/\/www.gaveanews.com\/#\/schema\/person\/f42654babcd2b2014a1a65af82b081f1\"},\"headline\":\"A declara\u00e7\u00e3o de Augusto Melo sobre SAF no Corinthians\",\"datePublished\":\"2025-03-23T02:40:00+00:00\",\"mainEntityOfPage\":{\"@id\":\"https:\/\/www.gaveanews.com\/index.php\/2025\/03\/22\/a-declaracao-de-augusto-melo-sobre-saf-no-corinthians\/\"},\"wordCount\":469,\"commentCount\":0,\"image\":{\"@id\":\"https:\/\/www.gaveanews.com\/index.php\/2025\/03\/22\/a-declaracao-de-augusto-melo-sobre-saf-no-corinthians\/#primaryimage\"},\"thumbnailUrl\":\"https:\/\/www.gaveanews.com\/wp-content\/uploads\/Augusto-Melo-durante-coletiva-de-imprensa-do-Corinthians.webp\",\"articleSection\":[\"Corinthians\"],\"inLanguage\":\"pt-BR\",\"potentialAction\":[{\"@type\":\"CommentAction\",\"name\":\"Comment\",\"target\":[\"https:\/\/www.gaveanews.com\/index.php\/2025\/03\/22\/a-declaracao-de-augusto-melo-sobre-saf-no-corinthians\/#respond\"]}],\"copyrightYear\":\"2025\",\"copyrightHolder\":{\"@id\":\"https:\/\/www.gaveanews.com\/#organization\"}},{\"@type\":\"WebPage\",\"@id\":\"https:\/\/www.gaveanews.com\/index.php\/2025\/03\/22\/a-declaracao-de-augusto-melo-sobre-saf-no-corinthians\/\",\"url\":\"https:\/\/www.gaveanews.com\/index.php\/2025\/03\/22\/a-declaracao-de-augusto-melo-sobre-saf-no-corinthians\/\",\"name\":\"A declara\u00e7\u00e3o de Augusto Melo sobre SAF no Corinthians\",\"isPartOf\":{\"@id\":\"https:\/\/www.gaveanews.com\/#website\"},\"primaryImageOfPage\":{\"@id\":\"https:\/\/www.gaveanews.com\/index.php\/2025\/03\/22\/a-declaracao-de-augusto-melo-sobre-saf-no-corinthians\/#primaryimage\"},\"image\":{\"@id\":\"https:\/\/www.gaveanews.com\/index.php\/2025\/03\/22\/a-declaracao-de-augusto-melo-sobre-saf-no-corinthians\/#primaryimage\"},\"thumbnailUrl\":\"https:\/\/www.gaveanews.com\/wp-content\/uploads\/Augusto-Melo-durante-coletiva-de-imprensa-do-Corinthians.webp\",\"datePublished\":\"2025-03-23T02:40:00+00:00\",\"author\":{\"@id\":\"https:\/\/www.gaveanews.com\/#\/schema\/person\/f42654babcd2b2014a1a65af82b081f1\"},\"breadcrumb\":{\"@id\":\"https:\/\/www.gaveanews.com\/index.php\/2025\/03\/22\/a-declaracao-de-augusto-melo-sobre-saf-no-corinthians\/#breadcrumb\"},\"inLanguage\":\"pt-BR\",\"potentialAction\":[{\"@type\":\"ReadAction\",\"target\":[\"https:\/\/www.gaveanews.com\/index.php\/2025\/03\/22\/a-declaracao-de-augusto-melo-sobre-saf-no-corinthians\/\"]}]},{\"@type\":\"ImageObject\",\"inLanguage\":\"pt-BR\",\"@id\":\"https:\/\/www.gaveanews.com\/index.php\/2025\/03\/22\/a-declaracao-de-augusto-melo-sobre-saf-no-corinthians\/#primaryimage\",\"url\":\"https:\/\/www.gaveanews.com\/wp-content\/uploads\/Augusto-Melo-durante-coletiva-de-imprensa-do-Corinthians.webp\",\"contentUrl\":\"https:\/\/www.gaveanews.com\/wp-content\/uploads\/Augusto-Melo-durante-coletiva-de-imprensa-do-Corinthians.webp\",\"width\":1920,\"height\":1080,\"caption\":\"Augusto Melo durante coletiva de imprensa do Corinthians (Foto: Rodrigo Coca\/ Corinthians)\"},{\"@type\":\"BreadcrumbList\",\"@id\":\"https:\/\/www.gaveanews.com\/index.php\/2025\/03\/22\/a-declaracao-de-augusto-melo-sobre-saf-no-corinthians\/#breadcrumb\",\"itemListElement\":[{\"@type\":\"ListItem\",\"position\":1,\"name\":\"Home\",\"item\":\"https:\/\/www.gaveanews.com\/\"},{\"@type\":\"ListItem\",\"position\":2,\"name\":\"A declara\u00e7\u00e3o de Augusto Melo sobre SAF no Corinthians\"}]},{\"@type\":\"WebSite\",\"@id\":\"https:\/\/www.gaveanews.com\/#website\",\"url\":\"https:\/\/www.gaveanews.com\/\",\"name\":\"G\u00e1vea News\",\"description\":\"Veja todas as not\u00edcias sobre o Flamengo: Contrata\u00e7\u00f5es, categorias de base, resultados das partidas, tabela de classifica\u00e7\u00e3o, pr\u00f3ximos jogos!\",\"potentialAction\":[{\"@type\":\"SearchAction\",\"target\":{\"@type\":\"EntryPoint\",\"urlTemplate\":\"https:\/\/www.gaveanews.com\/?s={search_term_string}\"},\"query-input\":{\"@type\":\"PropertyValueSpecification\",\"valueRequired\":true,\"valueName\":\"search_term_string\"}}],\"inLanguage\":\"pt-BR\"},{\"@type\":\"Person\",\"@id\":\"https:\/\/www.gaveanews.com\/#\/schema\/person\/f42654babcd2b2014a1a65af82b081f1\",\"name\":\"Geovanna Thomaz\",\"image\":{\"@type\":\"ImageObject\",\"inLanguage\":\"pt-BR\",\"@id\":\"https:\/\/www.gaveanews.com\/#\/schema\/person\/image\/\",\"url\":\"https:\/\/secure.gravatar.com\/avatar\/4092073255489533afb558984b49b64268c47198af8623cc82a925ae9fb7118a?s=96&d=mm&r=g\",\"contentUrl\":\"https:\/\/secure.gravatar.com\/avatar\/4092073255489533afb558984b49b64268c47198af8623cc82a925ae9fb7118a?s=96&d=mm&r=g\",\"caption\":\"Geovanna Thomaz\"}}]}<\/script>\n<!-- \/ Yoast SEO Premium plugin. -->","yoast_head_json":{"title":"A declara\u00e7\u00e3o de Augusto Melo sobre SAF no Corinthians","robots":{"index":"index","follow":"follow","max-snippet":"max-snippet:-1","max-image-preview":"max-image-preview:large","max-video-preview":"max-video-preview:-1"},"canonical":"https:\/\/www.gaveanews.com\/index.php\/2025\/03\/22\/a-declaracao-de-augusto-melo-sobre-saf-no-corinthians\/","og_locale":"pt_BR","og_type":"article","og_title":"A declara\u00e7\u00e3o de Augusto Melo sobre SAF no Corinthians","og_description":"Na \u00faltima sexta-feira (21), Ronaldo Fen\u00f4meno chamou a aten\u00e7\u00e3o ao declarar que, caso o Corinthians se tornasse uma Sociedade An\u00f4nima do Futebol (SAF), ele teria interesse em se envolver como investidor. A declara\u00e7\u00e3o gerou especula\u00e7\u00e3o sobre o futuro do clube, mas ser\u00e1 que essa mudan\u00e7a para o modelo de SAF \u00e9 realmente poss\u00edvel? A resposta [&hellip;]","og_url":"https:\/\/www.gaveanews.com\/index.php\/2025\/03\/22\/a-declaracao-de-augusto-melo-sobre-saf-no-corinthians\/","og_site_name":"G\u00e1vea News","article_publisher":"https:\/\/facebook.com\/gaveaNews\/","article_published_time":"2025-03-23T02:40:00+00:00","og_image":[{"width":1920,"height":1080,"url":"https:\/\/www.gaveanews.com\/wp-content\/uploads\/Augusto-Melo-durante-coletiva-de-imprensa-do-Corinthians.webp","type":"image\/jpeg"}],"author":"Geovanna Thomaz","twitter_card":"summary_large_image","twitter_misc":{"Escrito por":"Geovanna Thomaz","Est. tempo de leitura":"3 minutos"},"schema":{"@context":"https:\/\/schema.org","@graph":[{"@type":"NewsArticle","@id":"https:\/\/www.gaveanews.com\/index.php\/2025\/03\/22\/a-declaracao-de-augusto-melo-sobre-saf-no-corinthians\/#article","isPartOf":{"@id":"https:\/\/www.gaveanews.com\/index.php\/2025\/03\/22\/a-declaracao-de-augusto-melo-sobre-saf-no-corinthians\/"},"author":{"name":"Geovanna Thomaz","@id":"https:\/\/www.gaveanews.com\/#\/schema\/person\/f42654babcd2b2014a1a65af82b081f1"},"headline":"A declara\u00e7\u00e3o de Augusto Melo sobre SAF no Corinthians","datePublished":"2025-03-23T02:40:00+00:00","mainEntityOfPage":{"@id":"https:\/\/www.gaveanews.com\/index.php\/2025\/03\/22\/a-declaracao-de-augusto-melo-sobre-saf-no-corinthians\/"},"wordCount":469,"commentCount":0,"image":{"@id":"https:\/\/www.gaveanews.com\/index.php\/2025\/03\/22\/a-declaracao-de-augusto-melo-sobre-saf-no-corinthians\/#primaryimage"},"thumbnailUrl":"https:\/\/www.gaveanews.com\/wp-content\/uploads\/Augusto-Melo-durante-coletiva-de-imprensa-do-Corinthians.webp","articleSection":["Corinthians"],"inLanguage":"pt-BR","potentialAction":[{"@type":"CommentAction","name":"Comment","target":["https:\/\/www.gaveanews.com\/index.php\/2025\/03\/22\/a-declaracao-de-augusto-melo-sobre-saf-no-corinthians\/#respond"]}],"copyrightYear":"2025","copyrightHolder":{"@id":"https:\/\/www.gaveanews.com\/#organization"}},{"@type":"WebPage","@id":"https:\/\/www.gaveanews.com\/index.php\/2025\/03\/22\/a-declaracao-de-augusto-melo-sobre-saf-no-corinthians\/","url":"https:\/\/www.gaveanews.com\/index.php\/2025\/03\/22\/a-declaracao-de-augusto-melo-sobre-saf-no-corinthians\/","name":"A declara\u00e7\u00e3o de Augusto Melo sobre SAF no Corinthians","isPartOf":{"@id":"https:\/\/www.gaveanews.com\/#website"},"primaryImageOfPage":{"@id":"https:\/\/www.gaveanews.com\/index.php\/2025\/03\/22\/a-declaracao-de-augusto-melo-sobre-saf-no-corinthians\/#primaryimage"},"image":{"@id":"https:\/\/www.gaveanews.com\/index.php\/2025\/03\/22\/a-declaracao-de-augusto-melo-sobre-saf-no-corinthians\/#primaryimage"},"thumbnailUrl":"https:\/\/www.gaveanews.com\/wp-content\/uploads\/Augusto-Melo-durante-coletiva-de-imprensa-do-Corinthians.webp","datePublished":"2025-03-23T02:40:00+00:00","author":{"@id":"https:\/\/www.gaveanews.com\/#\/schema\/person\/f42654babcd2b2014a1a65af82b081f1"},"breadcrumb":{"@id":"https:\/\/www.gaveanews.com\/index.php\/2025\/03\/22\/a-declaracao-de-augusto-melo-sobre-saf-no-corinthians\/#breadcrumb"},"inLanguage":"pt-BR","potentialAction":[{"@type":"ReadAction","target":["https:\/\/www.gaveanews.com\/index.php\/2025\/03\/22\/a-declaracao-de-augusto-melo-sobre-saf-no-corinthians\/"]}]},{"@type":"ImageObject","inLanguage":"pt-BR","@id":"https:\/\/www.gaveanews.com\/index.php\/2025\/03\/22\/a-declaracao-de-augusto-melo-sobre-saf-no-corinthians\/#primaryimage","url":"https:\/\/www.gaveanews.com\/wp-content\/uploads\/Augusto-Melo-durante-coletiva-de-imprensa-do-Corinthians.webp","contentUrl":"https:\/\/www.gaveanews.com\/wp-content\/uploads\/Augusto-Melo-durante-coletiva-de-imprensa-do-Corinthians.webp","width":1920,"height":1080,"caption":"Augusto Melo durante coletiva de imprensa do Corinthians (Foto: Rodrigo Coca\/ Corinthians)"},{"@type":"BreadcrumbList","@id":"https:\/\/www.gaveanews.com\/index.php\/2025\/03\/22\/a-declaracao-de-augusto-melo-sobre-saf-no-corinthians\/#breadcrumb","itemListElement":[{"@type":"ListItem","position":1,"name":"Home","item":"https:\/\/www.gaveanews.com\/"},{"@type":"ListItem","position":2,"name":"A declara\u00e7\u00e3o de Augusto Melo sobre SAF no Corinthians"}]},{"@type":"WebSite","@id":"https:\/\/www.gaveanews.com\/#website","url":"https:\/\/www.gaveanews.com\/","name":"G\u00e1vea News","description":"Veja todas as not\u00edcias sobre o Flamengo: Contrata\u00e7\u00f5es, categorias de base, resultados das partidas, tabela de classifica\u00e7\u00e3o, pr\u00f3ximos jogos!","potentialAction":[{"@type":"SearchAction","target":{"@type":"EntryPoint","urlTemplate":"https:\/\/www.gaveanews.com\/?s={search_term_string}"},"query-input":{"@type":"PropertyValueSpecification","valueRequired":true,"valueName":"search_term_string"}}],"inLanguage":"pt-BR"},{"@type":"Person","@id":"https:\/\/www.gaveanews.com\/#\/schema\/person\/f42654babcd2b2014a1a65af82b081f1","name":"Geovanna Thomaz","image":{"@type":"ImageObject","inLanguage":"pt-BR","@id":"https:\/\/www.gaveanews.com\/#\/schema\/person\/image\/","url":"https:\/\/secure.gravatar.com\/avatar\/4092073255489533afb558984b49b64268c47198af8623cc82a925ae9fb7118a?s=96&d=mm&r=g","contentUrl":"https:\/\/secure.gravatar.com\/avatar\/4092073255489533afb558984b49b64268c47198af8623cc82a925ae9fb7118a?s=96&d=mm&r=g","caption":"Geovanna Thomaz"}}]}},"_links":{"self":[{"href":"https:\/\/www.gaveanews.com\/index.php\/wp-json\/wp\/v2\/posts\/243402","targetHints":{"allow":["GET"]}}],"collection":[{"href":"https:\/\/www.gaveanews.com\/index.php\/wp-json\/wp\/v2\/posts"}],"about":[{"href":"https:\/\/www.gaveanews.com\/index.php\/wp-json\/wp\/v2\/types\/post"}],"author":[{"embeddable":true,"href":"https:\/\/www.gaveanews.com\/index.php\/wp-json\/wp\/v2\/users\/17"}],"replies":[{"embeddable":true,"href":"https:\/\/www.gaveanews.com\/index.php\/wp-json\/wp\/v2\/comments?post=243402"}],"version-history":[{"count":1,"href":"https:\/\/www.gaveanews.com\/index.php\/wp-json\/wp\/v2\/posts\/243402\/revisions"}],"predecessor-version":[{"id":243403,"href":"https:\/\/www.gaveanews.com\/index.php\/wp-json\/wp\/v2\/posts\/243402\/revisions\/243403"}],"wp:featuredmedia":[{"embeddable":true,"href":"https:\/\/www.gaveanews.com\/index.php\/wp-json\/wp\/v2\/media\/145590"}],"wp:attachment":[{"href":"https:\/\/www.gaveanews.com\/index.php\/wp-json\/wp\/v2\/media?parent=243402"}],"wp:term":[{"taxonomy":"category","embeddable":true,"href":"https:\/\/www.gaveanews.com\/index.php\/wp-json\/wp\/v2\/categories?post=243402"},{"taxonomy":"post_tag","embeddable":true,"href":"https:\/\/www.gaveanews.com\/index.php\/wp-json\/wp\/v2\/tags?post=243402"}],"curies":[{"name":"wp","href":"https:\/\/api.w.org\/{rel}","templated":true}]}}