{"id":243473,"date":"2025-03-23T07:25:00","date_gmt":"2025-03-23T10:25:00","guid":{"rendered":"https:\/\/www.gaveanews.com\/?p=243473"},"modified":"2025-03-23T02:24:32","modified_gmt":"2025-03-23T05:24:32","slug":"video-vinicius-junior-fica-de-fora-de-treino-do-brasil","status":"publish","type":"post","link":"https:\/\/www.gaveanews.com\/index.php\/2025\/03\/23\/video-vinicius-junior-fica-de-fora-de-treino-do-brasil\/","title":{"rendered":"V\u00eddeo: Vin\u00edcius J\u00fanior fica de fora de treino do Brasil"},"content":{"rendered":"\n<p>A Sele\u00e7\u00e3o Brasileira iniciou a prepara\u00e7\u00e3o para o confronto contra a Argentina, marcado para a pr\u00f3xima ter\u00e7a-feira (25\/3), \u00e0s 21h (hor\u00e1rio de Bras\u00edlia), em Buenos Aires, pelas Eliminat\u00f3rias da Copa do Mundo. A atividade foi a primeira ap\u00f3s a vit\u00f3ria por 2 a 1 sobre a Col\u00f4mbia, no Man\u00e9 Garrincha, na \u00faltima quinta-feira (20\/3).<\/p>\n\n\n\n<p>O t\u00e9cnico Dorival J\u00fanior contou com a presen\u00e7a dos quatro novos convocados para o duelo contra a Argentina: Weverton, Beraldo, Jo\u00e3o Gomes e Ederson. Eles substituem Alisson e Gerson, que foram cortados por les\u00e3o, al\u00e9m de Gabriel Magalh\u00e3es e Bruno Guimar\u00e3es, que est\u00e3o suspensos.<\/p>\n\n\n\n<blockquote class=\"tiktok-embed\" cite=\"https:\/\/www.tiktok.com\/@espnbrasil\/video\/7484750430069640503\" data-video-id=\"7484750430069640503\" style=\"max-width: 605px;min-width: 325px;\" > <section> <a target=\"_blank\" title=\"@espnbrasil\" href=\"https:\/\/www.tiktok.com\/@espnbrasil?refer=embed\">@espnbrasil<\/a> Vinicius Jr. foi poupado do treino da sele\u00e7\u00e3o brasileira neste s\u00e1bado (22) por controle de carga e n\u00e3o preocupa a comiss\u00e3o para o confronto contra a Argentina <a title=\"tiktokesportes\" target=\"_blank\" href=\"https:\/\/www.tiktok.com\/tag\/tiktokesportes?refer=embed\">#TikTokEsportes<\/a> <a title=\"brasil\" target=\"_blank\" href=\"https:\/\/www.tiktok.com\/tag\/brasil?refer=embed\">#Brasil<\/a> <a title=\"sele\u00e7\u00e3o\" target=\"_blank\" href=\"https:\/\/www.tiktok.com\/tag\/sele%C3%A7%C3%A3o?refer=embed\">#Sele\u00e7\u00e3o<\/a> <a title=\"argentina\" target=\"_blank\" href=\"https:\/\/www.tiktok.com\/tag\/argentina?refer=embed\">#Argentina<\/a> <a title=\"futebol\" target=\"_blank\" href=\"https:\/\/www.tiktok.com\/tag\/futebol?refer=embed\">#Futebol<\/a> <a title=\"vinijr\" target=\"_blank\" href=\"https:\/\/www.tiktok.com\/tag\/vinijr?refer=embed\">#ViniJr<\/a> <a target=\"_blank\" title=\"\u266c som original  - ESPN Brasil\" href=\"https:\/\/www.tiktok.com\/music\/som-original-ESPN-Brasil-7484750467373730565?refer=embed\">\u266c som original  &#8211; ESPN Brasil<\/a> <\/section> <\/blockquote> <script async src=\"https:\/\/www.tiktok.com\/embed.js\"><\/script>\n\n\n\n<p>Entretanto, o grande destaque do treino n\u00e3o foi t\u00e3o positivo para o Brasil. O atacante Vin\u00edcius J\u00fanior n\u00e3o participou da atividade com o grupo e fez um trabalho \u00e0 parte com o fisioterapeuta da Sele\u00e7\u00e3o. Sua aus\u00eancia levantou preocupa\u00e7\u00f5es sobre sua condi\u00e7\u00e3o f\u00edsica para o jogo contra os argentinos, uma partida de grande import\u00e2ncia para a equipe nas Eliminat\u00f3rias.<\/p>\n\n\n\n<p>Na atividade aberta \u00e0 imprensa, os jogadores foram divididos em dois grupos: enquanto alguns realizaram uma roda de bobinho, outros trabalharam passes longos. Ap\u00f3s o aquecimento mais f\u00edsico, o t\u00e9cnico Dorival J\u00fanior organizou uma atividade de passes r\u00e1pidos, com os jogadores divididos por coletes. A intensidade da atividade foi alta, com foco no aprimoramento da troca de passes e na velocidade de jogo.<\/p>\n\n\n\n<p>O Brasil ainda ter\u00e1 mais dois treinos em Bras\u00edlia antes de viajar para a Argentina, previstos para o dia 24 de mar\u00e7o, segunda-feira. Durante essas atividades, Dorival J\u00fanior vai definir os 11 titulares para o confronto e avaliar se haver\u00e1 mudan\u00e7as na equipe que venceu a Col\u00f4mbia.<\/p>\n\n\n\n<p>A Sele\u00e7\u00e3o Brasileira, atualmente na terceira posi\u00e7\u00e3o das Eliminat\u00f3rias com 21 pontos, precisar\u00e1 de uma vit\u00f3ria para se aproximar ainda mais da vaga na Copa, enquanto a Argentina lidera com 28 pontos e, com um empate, garante sua vaga no torneio mundial.<\/p>\n","protected":false},"excerpt":{"rendered":"<p>A Sele\u00e7\u00e3o Brasileira iniciou a prepara\u00e7\u00e3o para o confronto contra a Argentina, marcado para a pr\u00f3xima ter\u00e7a-feira (25\/3), \u00e0s 21h (hor\u00e1rio de Bras\u00edlia), em Buenos Aires, pelas Eliminat\u00f3rias da Copa do Mundo. A atividade foi a primeira ap\u00f3s a vit\u00f3ria por 2 a 1 sobre a Col\u00f4mbia, no Man\u00e9 Garrincha, na \u00faltima quinta-feira (20\/3). O [&hellip;]<\/p>\n","protected":false},"author":17,"featured_media":91392,"comment_status":"open","ping_status":"closed","sticky":false,"template":"","format":"standard","meta":{"footnotes":""},"categories":[478],"tags":[],"class_list":["post-243473","post","type-post","status-publish","format-standard","has-post-thumbnail","hentry","category-brasil"],"yoast_head":"<!-- This site is optimized with the Yoast SEO Premium plugin v24.2 (Yoast SEO v26.9) - https:\/\/yoast.com\/product\/yoast-seo-premium-wordpress\/ -->\n<title>V\u00eddeo: Vin\u00edcius J\u00fanior fica de fora de treino do Brasil<\/title>\n<meta name=\"robots\" content=\"index, follow, max-snippet:-1, max-image-preview:large, max-video-preview:-1\" \/>\n<link rel=\"canonical\" href=\"https:\/\/www.gaveanews.com\/index.php\/2025\/03\/23\/video-vinicius-junior-fica-de-fora-de-treino-do-brasil\/\" \/>\n<meta property=\"og:locale\" content=\"pt_BR\" \/>\n<meta property=\"og:type\" content=\"article\" \/>\n<meta property=\"og:title\" content=\"V\u00eddeo: Vin\u00edcius J\u00fanior fica de fora de treino do Brasil\" \/>\n<meta property=\"og:description\" content=\"A Sele\u00e7\u00e3o Brasileira iniciou a prepara\u00e7\u00e3o para o confronto contra a Argentina, marcado para a pr\u00f3xima ter\u00e7a-feira (25\/3), \u00e0s 21h (hor\u00e1rio de Bras\u00edlia), em Buenos Aires, pelas Eliminat\u00f3rias da Copa do Mundo. A atividade foi a primeira ap\u00f3s a vit\u00f3ria por 2 a 1 sobre a Col\u00f4mbia, no Man\u00e9 Garrincha, na \u00faltima quinta-feira (20\/3). O [&hellip;]\" \/>\n<meta property=\"og:url\" content=\"https:\/\/www.gaveanews.com\/index.php\/2025\/03\/23\/video-vinicius-junior-fica-de-fora-de-treino-do-brasil\/\" \/>\n<meta property=\"og:site_name\" content=\"G\u00e1vea News\" \/>\n<meta property=\"article:publisher\" content=\"https:\/\/facebook.com\/gaveaNews\/\" \/>\n<meta property=\"article:published_time\" content=\"2025-03-23T10:25:00+00:00\" \/>\n<meta property=\"og:image\" content=\"https:\/\/www.gaveanews.com\/wp-content\/uploads\/vinicius-junior-selecao-brasileira-copa-do-mundo-qatar.webp\" \/>\n\t<meta property=\"og:image:width\" content=\"799\" \/>\n\t<meta property=\"og:image:height\" content=\"533\" \/>\n\t<meta property=\"og:image:type\" content=\"image\/jpeg\" \/>\n<meta name=\"author\" content=\"Geovanna Thomaz\" \/>\n<meta name=\"twitter:card\" content=\"summary_large_image\" \/>\n<meta name=\"twitter:label1\" content=\"Escrito por\" \/>\n\t<meta name=\"twitter:data1\" content=\"Geovanna Thomaz\" \/>\n\t<meta name=\"twitter:label2\" content=\"Est. tempo de leitura\" \/>\n\t<meta name=\"twitter:data2\" content=\"2 minutos\" \/>\n<script type=\"application\/ld+json\" class=\"yoast-schema-graph\">{\"@context\":\"https:\/\/schema.org\",\"@graph\":[{\"@type\":\"NewsArticle\",\"@id\":\"https:\/\/www.gaveanews.com\/index.php\/2025\/03\/23\/video-vinicius-junior-fica-de-fora-de-treino-do-brasil\/#article\",\"isPartOf\":{\"@id\":\"https:\/\/www.gaveanews.com\/index.php\/2025\/03\/23\/video-vinicius-junior-fica-de-fora-de-treino-do-brasil\/\"},\"author\":{\"name\":\"Geovanna Thomaz\",\"@id\":\"https:\/\/www.gaveanews.com\/#\/schema\/person\/f42654babcd2b2014a1a65af82b081f1\"},\"headline\":\"V\u00eddeo: Vin\u00edcius J\u00fanior fica de fora de treino do Brasil\",\"datePublished\":\"2025-03-23T10:25:00+00:00\",\"mainEntityOfPage\":{\"@id\":\"https:\/\/www.gaveanews.com\/index.php\/2025\/03\/23\/video-vinicius-junior-fica-de-fora-de-treino-do-brasil\/\"},\"wordCount\":400,\"commentCount\":0,\"image\":{\"@id\":\"https:\/\/www.gaveanews.com\/index.php\/2025\/03\/23\/video-vinicius-junior-fica-de-fora-de-treino-do-brasil\/#primaryimage\"},\"thumbnailUrl\":\"https:\/\/www.gaveanews.com\/wp-content\/uploads\/vinicius-junior-selecao-brasileira-copa-do-mundo-qatar.webp\",\"articleSection\":[\"Brasil\"],\"inLanguage\":\"pt-BR\",\"potentialAction\":[{\"@type\":\"CommentAction\",\"name\":\"Comment\",\"target\":[\"https:\/\/www.gaveanews.com\/index.php\/2025\/03\/23\/video-vinicius-junior-fica-de-fora-de-treino-do-brasil\/#respond\"]}],\"copyrightYear\":\"2025\",\"copyrightHolder\":{\"@id\":\"https:\/\/www.gaveanews.com\/#organization\"}},{\"@type\":\"WebPage\",\"@id\":\"https:\/\/www.gaveanews.com\/index.php\/2025\/03\/23\/video-vinicius-junior-fica-de-fora-de-treino-do-brasil\/\",\"url\":\"https:\/\/www.gaveanews.com\/index.php\/2025\/03\/23\/video-vinicius-junior-fica-de-fora-de-treino-do-brasil\/\",\"name\":\"V\u00eddeo: Vin\u00edcius J\u00fanior fica de fora de treino do Brasil\",\"isPartOf\":{\"@id\":\"https:\/\/www.gaveanews.com\/#website\"},\"primaryImageOfPage\":{\"@id\":\"https:\/\/www.gaveanews.com\/index.php\/2025\/03\/23\/video-vinicius-junior-fica-de-fora-de-treino-do-brasil\/#primaryimage\"},\"image\":{\"@id\":\"https:\/\/www.gaveanews.com\/index.php\/2025\/03\/23\/video-vinicius-junior-fica-de-fora-de-treino-do-brasil\/#primaryimage\"},\"thumbnailUrl\":\"https:\/\/www.gaveanews.com\/wp-content\/uploads\/vinicius-junior-selecao-brasileira-copa-do-mundo-qatar.webp\",\"datePublished\":\"2025-03-23T10:25:00+00:00\",\"author\":{\"@id\":\"https:\/\/www.gaveanews.com\/#\/schema\/person\/f42654babcd2b2014a1a65af82b081f1\"},\"breadcrumb\":{\"@id\":\"https:\/\/www.gaveanews.com\/index.php\/2025\/03\/23\/video-vinicius-junior-fica-de-fora-de-treino-do-brasil\/#breadcrumb\"},\"inLanguage\":\"pt-BR\",\"potentialAction\":[{\"@type\":\"ReadAction\",\"target\":[\"https:\/\/www.gaveanews.com\/index.php\/2025\/03\/23\/video-vinicius-junior-fica-de-fora-de-treino-do-brasil\/\"]}]},{\"@type\":\"ImageObject\",\"inLanguage\":\"pt-BR\",\"@id\":\"https:\/\/www.gaveanews.com\/index.php\/2025\/03\/23\/video-vinicius-junior-fica-de-fora-de-treino-do-brasil\/#primaryimage\",\"url\":\"https:\/\/www.gaveanews.com\/wp-content\/uploads\/vinicius-junior-selecao-brasileira-copa-do-mundo-qatar.webp\",\"contentUrl\":\"https:\/\/www.gaveanews.com\/wp-content\/uploads\/vinicius-junior-selecao-brasileira-copa-do-mundo-qatar.webp\",\"width\":799,\"height\":533,\"caption\":\"Vin\u00edcius J\u00fanior em jogo do Brasil contra a Su\u00ed\u00e7a na Copa do Mundo do Qatar (Foto: Lucas Figueiredo\/CBF)\"},{\"@type\":\"BreadcrumbList\",\"@id\":\"https:\/\/www.gaveanews.com\/index.php\/2025\/03\/23\/video-vinicius-junior-fica-de-fora-de-treino-do-brasil\/#breadcrumb\",\"itemListElement\":[{\"@type\":\"ListItem\",\"position\":1,\"name\":\"Home\",\"item\":\"https:\/\/www.gaveanews.com\/\"},{\"@type\":\"ListItem\",\"position\":2,\"name\":\"V\u00eddeo: Vin\u00edcius J\u00fanior fica de fora de treino do Brasil\"}]},{\"@type\":\"WebSite\",\"@id\":\"https:\/\/www.gaveanews.com\/#website\",\"url\":\"https:\/\/www.gaveanews.com\/\",\"name\":\"G\u00e1vea News\",\"description\":\"Veja todas as not\u00edcias sobre o Flamengo: Contrata\u00e7\u00f5es, categorias de base, resultados das partidas, tabela de classifica\u00e7\u00e3o, pr\u00f3ximos jogos!\",\"potentialAction\":[{\"@type\":\"SearchAction\",\"target\":{\"@type\":\"EntryPoint\",\"urlTemplate\":\"https:\/\/www.gaveanews.com\/?s={search_term_string}\"},\"query-input\":{\"@type\":\"PropertyValueSpecification\",\"valueRequired\":true,\"valueName\":\"search_term_string\"}}],\"inLanguage\":\"pt-BR\"},{\"@type\":\"Person\",\"@id\":\"https:\/\/www.gaveanews.com\/#\/schema\/person\/f42654babcd2b2014a1a65af82b081f1\",\"name\":\"Geovanna Thomaz\",\"image\":{\"@type\":\"ImageObject\",\"inLanguage\":\"pt-BR\",\"@id\":\"https:\/\/www.gaveanews.com\/#\/schema\/person\/image\/\",\"url\":\"https:\/\/secure.gravatar.com\/avatar\/4092073255489533afb558984b49b64268c47198af8623cc82a925ae9fb7118a?s=96&d=mm&r=g\",\"contentUrl\":\"https:\/\/secure.gravatar.com\/avatar\/4092073255489533afb558984b49b64268c47198af8623cc82a925ae9fb7118a?s=96&d=mm&r=g\",\"caption\":\"Geovanna Thomaz\"}}]}<\/script>\n<!-- \/ Yoast SEO Premium plugin. -->","yoast_head_json":{"title":"V\u00eddeo: Vin\u00edcius J\u00fanior fica de fora de treino do Brasil","robots":{"index":"index","follow":"follow","max-snippet":"max-snippet:-1","max-image-preview":"max-image-preview:large","max-video-preview":"max-video-preview:-1"},"canonical":"https:\/\/www.gaveanews.com\/index.php\/2025\/03\/23\/video-vinicius-junior-fica-de-fora-de-treino-do-brasil\/","og_locale":"pt_BR","og_type":"article","og_title":"V\u00eddeo: Vin\u00edcius J\u00fanior fica de fora de treino do Brasil","og_description":"A Sele\u00e7\u00e3o Brasileira iniciou a prepara\u00e7\u00e3o para o confronto contra a Argentina, marcado para a pr\u00f3xima ter\u00e7a-feira (25\/3), \u00e0s 21h (hor\u00e1rio de Bras\u00edlia), em Buenos Aires, pelas Eliminat\u00f3rias da Copa do Mundo. A atividade foi a primeira ap\u00f3s a vit\u00f3ria por 2 a 1 sobre a Col\u00f4mbia, no Man\u00e9 Garrincha, na \u00faltima quinta-feira (20\/3). O [&hellip;]","og_url":"https:\/\/www.gaveanews.com\/index.php\/2025\/03\/23\/video-vinicius-junior-fica-de-fora-de-treino-do-brasil\/","og_site_name":"G\u00e1vea News","article_publisher":"https:\/\/facebook.com\/gaveaNews\/","article_published_time":"2025-03-23T10:25:00+00:00","og_image":[{"width":799,"height":533,"url":"https:\/\/www.gaveanews.com\/wp-content\/uploads\/vinicius-junior-selecao-brasileira-copa-do-mundo-qatar.webp","type":"image\/jpeg"}],"author":"Geovanna Thomaz","twitter_card":"summary_large_image","twitter_misc":{"Escrito por":"Geovanna Thomaz","Est. tempo de leitura":"2 minutos"},"schema":{"@context":"https:\/\/schema.org","@graph":[{"@type":"NewsArticle","@id":"https:\/\/www.gaveanews.com\/index.php\/2025\/03\/23\/video-vinicius-junior-fica-de-fora-de-treino-do-brasil\/#article","isPartOf":{"@id":"https:\/\/www.gaveanews.com\/index.php\/2025\/03\/23\/video-vinicius-junior-fica-de-fora-de-treino-do-brasil\/"},"author":{"name":"Geovanna Thomaz","@id":"https:\/\/www.gaveanews.com\/#\/schema\/person\/f42654babcd2b2014a1a65af82b081f1"},"headline":"V\u00eddeo: Vin\u00edcius J\u00fanior fica de fora de treino do Brasil","datePublished":"2025-03-23T10:25:00+00:00","mainEntityOfPage":{"@id":"https:\/\/www.gaveanews.com\/index.php\/2025\/03\/23\/video-vinicius-junior-fica-de-fora-de-treino-do-brasil\/"},"wordCount":400,"commentCount":0,"image":{"@id":"https:\/\/www.gaveanews.com\/index.php\/2025\/03\/23\/video-vinicius-junior-fica-de-fora-de-treino-do-brasil\/#primaryimage"},"thumbnailUrl":"https:\/\/www.gaveanews.com\/wp-content\/uploads\/vinicius-junior-selecao-brasileira-copa-do-mundo-qatar.webp","articleSection":["Brasil"],"inLanguage":"pt-BR","potentialAction":[{"@type":"CommentAction","name":"Comment","target":["https:\/\/www.gaveanews.com\/index.php\/2025\/03\/23\/video-vinicius-junior-fica-de-fora-de-treino-do-brasil\/#respond"]}],"copyrightYear":"2025","copyrightHolder":{"@id":"https:\/\/www.gaveanews.com\/#organization"}},{"@type":"WebPage","@id":"https:\/\/www.gaveanews.com\/index.php\/2025\/03\/23\/video-vinicius-junior-fica-de-fora-de-treino-do-brasil\/","url":"https:\/\/www.gaveanews.com\/index.php\/2025\/03\/23\/video-vinicius-junior-fica-de-fora-de-treino-do-brasil\/","name":"V\u00eddeo: Vin\u00edcius J\u00fanior fica de fora de treino do Brasil","isPartOf":{"@id":"https:\/\/www.gaveanews.com\/#website"},"primaryImageOfPage":{"@id":"https:\/\/www.gaveanews.com\/index.php\/2025\/03\/23\/video-vinicius-junior-fica-de-fora-de-treino-do-brasil\/#primaryimage"},"image":{"@id":"https:\/\/www.gaveanews.com\/index.php\/2025\/03\/23\/video-vinicius-junior-fica-de-fora-de-treino-do-brasil\/#primaryimage"},"thumbnailUrl":"https:\/\/www.gaveanews.com\/wp-content\/uploads\/vinicius-junior-selecao-brasileira-copa-do-mundo-qatar.webp","datePublished":"2025-03-23T10:25:00+00:00","author":{"@id":"https:\/\/www.gaveanews.com\/#\/schema\/person\/f42654babcd2b2014a1a65af82b081f1"},"breadcrumb":{"@id":"https:\/\/www.gaveanews.com\/index.php\/2025\/03\/23\/video-vinicius-junior-fica-de-fora-de-treino-do-brasil\/#breadcrumb"},"inLanguage":"pt-BR","potentialAction":[{"@type":"ReadAction","target":["https:\/\/www.gaveanews.com\/index.php\/2025\/03\/23\/video-vinicius-junior-fica-de-fora-de-treino-do-brasil\/"]}]},{"@type":"ImageObject","inLanguage":"pt-BR","@id":"https:\/\/www.gaveanews.com\/index.php\/2025\/03\/23\/video-vinicius-junior-fica-de-fora-de-treino-do-brasil\/#primaryimage","url":"https:\/\/www.gaveanews.com\/wp-content\/uploads\/vinicius-junior-selecao-brasileira-copa-do-mundo-qatar.webp","contentUrl":"https:\/\/www.gaveanews.com\/wp-content\/uploads\/vinicius-junior-selecao-brasileira-copa-do-mundo-qatar.webp","width":799,"height":533,"caption":"Vin\u00edcius J\u00fanior em jogo do Brasil contra a Su\u00ed\u00e7a na Copa do Mundo do Qatar (Foto: Lucas Figueiredo\/CBF)"},{"@type":"BreadcrumbList","@id":"https:\/\/www.gaveanews.com\/index.php\/2025\/03\/23\/video-vinicius-junior-fica-de-fora-de-treino-do-brasil\/#breadcrumb","itemListElement":[{"@type":"ListItem","position":1,"name":"Home","item":"https:\/\/www.gaveanews.com\/"},{"@type":"ListItem","position":2,"name":"V\u00eddeo: Vin\u00edcius J\u00fanior fica de fora de treino do Brasil"}]},{"@type":"WebSite","@id":"https:\/\/www.gaveanews.com\/#website","url":"https:\/\/www.gaveanews.com\/","name":"G\u00e1vea News","description":"Veja todas as not\u00edcias sobre o Flamengo: Contrata\u00e7\u00f5es, categorias de base, resultados das partidas, tabela de classifica\u00e7\u00e3o, pr\u00f3ximos jogos!","potentialAction":[{"@type":"SearchAction","target":{"@type":"EntryPoint","urlTemplate":"https:\/\/www.gaveanews.com\/?s={search_term_string}"},"query-input":{"@type":"PropertyValueSpecification","valueRequired":true,"valueName":"search_term_string"}}],"inLanguage":"pt-BR"},{"@type":"Person","@id":"https:\/\/www.gaveanews.com\/#\/schema\/person\/f42654babcd2b2014a1a65af82b081f1","name":"Geovanna Thomaz","image":{"@type":"ImageObject","inLanguage":"pt-BR","@id":"https:\/\/www.gaveanews.com\/#\/schema\/person\/image\/","url":"https:\/\/secure.gravatar.com\/avatar\/4092073255489533afb558984b49b64268c47198af8623cc82a925ae9fb7118a?s=96&d=mm&r=g","contentUrl":"https:\/\/secure.gravatar.com\/avatar\/4092073255489533afb558984b49b64268c47198af8623cc82a925ae9fb7118a?s=96&d=mm&r=g","caption":"Geovanna Thomaz"}}]}},"_links":{"self":[{"href":"https:\/\/www.gaveanews.com\/index.php\/wp-json\/wp\/v2\/posts\/243473","targetHints":{"allow":["GET"]}}],"collection":[{"href":"https:\/\/www.gaveanews.com\/index.php\/wp-json\/wp\/v2\/posts"}],"about":[{"href":"https:\/\/www.gaveanews.com\/index.php\/wp-json\/wp\/v2\/types\/post"}],"author":[{"embeddable":true,"href":"https:\/\/www.gaveanews.com\/index.php\/wp-json\/wp\/v2\/users\/17"}],"replies":[{"embeddable":true,"href":"https:\/\/www.gaveanews.com\/index.php\/wp-json\/wp\/v2\/comments?post=243473"}],"version-history":[{"count":2,"href":"https:\/\/www.gaveanews.com\/index.php\/wp-json\/wp\/v2\/posts\/243473\/revisions"}],"predecessor-version":[{"id":243494,"href":"https:\/\/www.gaveanews.com\/index.php\/wp-json\/wp\/v2\/posts\/243473\/revisions\/243494"}],"wp:featuredmedia":[{"embeddable":true,"href":"https:\/\/www.gaveanews.com\/index.php\/wp-json\/wp\/v2\/media\/91392"}],"wp:attachment":[{"href":"https:\/\/www.gaveanews.com\/index.php\/wp-json\/wp\/v2\/media?parent=243473"}],"wp:term":[{"taxonomy":"category","embeddable":true,"href":"https:\/\/www.gaveanews.com\/index.php\/wp-json\/wp\/v2\/categories?post=243473"},{"taxonomy":"post_tag","embeddable":true,"href":"https:\/\/www.gaveanews.com\/index.php\/wp-json\/wp\/v2\/tags?post=243473"}],"curies":[{"name":"wp","href":"https:\/\/api.w.org\/{rel}","templated":true}]}}