{"id":243476,"date":"2025-03-23T09:30:00","date_gmt":"2025-03-23T12:30:00","guid":{"rendered":"https:\/\/www.gaveanews.com\/?p=243476"},"modified":"2025-03-23T02:28:47","modified_gmt":"2025-03-23T05:28:47","slug":"renato-paiva-toma-decisao-sobre-patrick-de-paula-no-botafogo","status":"publish","type":"post","link":"https:\/\/www.gaveanews.com\/index.php\/2025\/03\/23\/renato-paiva-toma-decisao-sobre-patrick-de-paula-no-botafogo\/","title":{"rendered":"Renato Paiva toma decis\u00e3o sobre Patrick de Paula no Botafogo"},"content":{"rendered":"\n<p>O Botafogo conquistou uma vit\u00f3ria por 3 a 1 sobre o Novorizontino, neste s\u00e1bado (22\/3), em partida amistosa disputada no Est\u00e1dio Nilton Santos. O volante Patrick de Paula foi o grande nome do jogo, uma vez que marcou dois gols e teve atua\u00e7\u00e3o destacada em nova fun\u00e7\u00e3o. O atleta substituiu Savarino, que est\u00e1 a servi\u00e7o da sele\u00e7\u00e3o venezuelana nas Eliminat\u00f3rias da Copa do Mundo de 2026.<\/p>\n\n\n\n<p>O t\u00e9cnico Renato Paiva justificou a mudan\u00e7a t\u00e1tica, pois analisou as caracter\u00edsticas individuais de Patrick de Paula. O treinador observou os pontos fortes e fracos do jogador, a fim de determinar a melhor forma de utiliz\u00e1-lo em benef\u00edcio da equipe.<\/p>\n\n\n\n<p>&#8220;Minha base \u00e9 sempre olhar para o indiv\u00edduo, analisar o indiv\u00edduo e perceber dentro das suas caracter\u00edsticas, as melhores e as menos boas, onde \u00e9 que ele pode ajudar mais o coletivo e em que posi\u00e7\u00e3o ele pode potenciar mais essas caracter\u00edsticas&#8221;, afirmou o t\u00e9cnico.<\/p>\n\n\n\n<h2 class=\"wp-block-heading\" id=\"h-nova-funcao-e-reconhecimento-do-treinador\">Nova fun\u00e7\u00e3o e reconhecimento do treinador<\/h2>\n\n\n\n<p>Embora Patrick de Paula esteja acostumado a atuar em posi\u00e7\u00f5es mais defensivas, Renato Paiva identificou qualidades que o credenciam a jogar mais pr\u00f3ximo ao ataque e, consequentemente, ao gol advers\u00e1rio. O treinador ressaltou a import\u00e2ncia da condi\u00e7\u00e3o f\u00edsica do jogador, que lhe permite desempenhar fun\u00e7\u00f5es ofensivas e defensivas com a mesma intensidade.<\/p>\n\n\n\n<p>O futebol moderno exige polival\u00eancia dos atletas, uma vez que todos precisam contribuir tanto na defesa quanto no ataque. Assim, Patrick demonstra facilidade nesse quesito, pois acumula experi\u00eancia em atuar ao lado de meio-campistas com caracter\u00edsticas mais defensivas.<\/p>\n\n\n\n<h2 class=\"wp-block-heading\" id=\"h-treinador-toma-decisao\">Treinador toma decis\u00e3o<\/h2>\n\n\n\n<p>Renato Paiva n\u00e3o poupou elogios ao desempenho do camisa 6. Al\u00e9m disso, demonstrou grande satisfa\u00e7\u00e3o com a atua\u00e7\u00e3o do volante. O treinador deixou claro que ir\u00e1 busca extrair o m\u00e1ximo potencial.<\/p>\n\n\n\n<p>&#8220;Estou contente com aquilo que ele fez hoje e o caminho do Patrick \u00e9 este mesmo&#8221;, finalizou o t\u00e9cnico. Paiva expressou satisfa\u00e7\u00e3o com o empenho do atleta nos treinamentos e no amistoso, contudo, enfatizou a busca constante por evolu\u00e7\u00e3o.<\/p>\n","protected":false},"excerpt":{"rendered":"<p>O Botafogo conquistou uma vit\u00f3ria por 3 a 1 sobre o Novorizontino, neste s\u00e1bado (22\/3), em partida amistosa disputada no Est\u00e1dio Nilton Santos. O volante Patrick de Paula foi o grande nome do jogo, uma vez que marcou dois gols e teve atua\u00e7\u00e3o destacada em nova fun\u00e7\u00e3o. O atleta substituiu Savarino, que est\u00e1 a servi\u00e7o [&hellip;]<\/p>\n","protected":false},"author":28,"featured_media":199256,"comment_status":"open","ping_status":"closed","sticky":false,"template":"","format":"standard","meta":{"footnotes":""},"categories":[138],"tags":[],"class_list":["post-243476","post","type-post","status-publish","format-standard","has-post-thumbnail","hentry","category-botafogo"],"yoast_head":"<!-- This site is optimized with the Yoast SEO Premium plugin v24.2 (Yoast SEO v26.9) - https:\/\/yoast.com\/product\/yoast-seo-premium-wordpress\/ -->\n<title>Renato Paiva toma decis\u00e3o sobre Patrick de Paula no Botafogo<\/title>\n<meta name=\"robots\" content=\"index, follow, max-snippet:-1, max-image-preview:large, max-video-preview:-1\" \/>\n<link rel=\"canonical\" href=\"https:\/\/www.gaveanews.com\/index.php\/2025\/03\/23\/renato-paiva-toma-decisao-sobre-patrick-de-paula-no-botafogo\/\" \/>\n<meta property=\"og:locale\" content=\"pt_BR\" \/>\n<meta property=\"og:type\" content=\"article\" \/>\n<meta property=\"og:title\" content=\"Renato Paiva toma decis\u00e3o sobre Patrick de Paula no Botafogo\" \/>\n<meta property=\"og:description\" content=\"O Botafogo conquistou uma vit\u00f3ria por 3 a 1 sobre o Novorizontino, neste s\u00e1bado (22\/3), em partida amistosa disputada no Est\u00e1dio Nilton Santos. O volante Patrick de Paula foi o grande nome do jogo, uma vez que marcou dois gols e teve atua\u00e7\u00e3o destacada em nova fun\u00e7\u00e3o. O atleta substituiu Savarino, que est\u00e1 a servi\u00e7o [&hellip;]\" \/>\n<meta property=\"og:url\" content=\"https:\/\/www.gaveanews.com\/index.php\/2025\/03\/23\/renato-paiva-toma-decisao-sobre-patrick-de-paula-no-botafogo\/\" \/>\n<meta property=\"og:site_name\" content=\"G\u00e1vea News\" \/>\n<meta property=\"article:publisher\" content=\"https:\/\/facebook.com\/gaveaNews\/\" \/>\n<meta property=\"article:published_time\" content=\"2025-03-23T12:30:00+00:00\" \/>\n<meta property=\"og:image\" content=\"https:\/\/www.gaveanews.com\/wp-content\/uploads\/Patrick-de-Paula-pelo-Botafogo.webp\" \/>\n\t<meta property=\"og:image:width\" content=\"808\" \/>\n\t<meta property=\"og:image:height\" content=\"572\" \/>\n\t<meta property=\"og:image:type\" content=\"image\/jpeg\" \/>\n<meta name=\"author\" content=\"Hudson Pereira\" \/>\n<meta name=\"twitter:card\" content=\"summary_large_image\" \/>\n<meta name=\"twitter:label1\" content=\"Escrito por\" \/>\n\t<meta name=\"twitter:data1\" content=\"Hudson Pereira\" \/>\n\t<meta name=\"twitter:label2\" content=\"Est. tempo de leitura\" \/>\n\t<meta name=\"twitter:data2\" content=\"2 minutos\" \/>\n<script type=\"application\/ld+json\" class=\"yoast-schema-graph\">{\"@context\":\"https:\/\/schema.org\",\"@graph\":[{\"@type\":\"NewsArticle\",\"@id\":\"https:\/\/www.gaveanews.com\/index.php\/2025\/03\/23\/renato-paiva-toma-decisao-sobre-patrick-de-paula-no-botafogo\/#article\",\"isPartOf\":{\"@id\":\"https:\/\/www.gaveanews.com\/index.php\/2025\/03\/23\/renato-paiva-toma-decisao-sobre-patrick-de-paula-no-botafogo\/\"},\"author\":{\"name\":\"Hudson Pereira\",\"@id\":\"https:\/\/www.gaveanews.com\/#\/schema\/person\/bd08f00534b403119b92741a6d469ef0\"},\"headline\":\"Renato Paiva toma decis\u00e3o sobre Patrick de Paula no Botafogo\",\"datePublished\":\"2025-03-23T12:30:00+00:00\",\"mainEntityOfPage\":{\"@id\":\"https:\/\/www.gaveanews.com\/index.php\/2025\/03\/23\/renato-paiva-toma-decisao-sobre-patrick-de-paula-no-botafogo\/\"},\"wordCount\":363,\"commentCount\":0,\"image\":{\"@id\":\"https:\/\/www.gaveanews.com\/index.php\/2025\/03\/23\/renato-paiva-toma-decisao-sobre-patrick-de-paula-no-botafogo\/#primaryimage\"},\"thumbnailUrl\":\"https:\/\/www.gaveanews.com\/wp-content\/uploads\/Patrick-de-Paula-pelo-Botafogo.webp\",\"articleSection\":[\"Botafogo\"],\"inLanguage\":\"pt-BR\",\"potentialAction\":[{\"@type\":\"CommentAction\",\"name\":\"Comment\",\"target\":[\"https:\/\/www.gaveanews.com\/index.php\/2025\/03\/23\/renato-paiva-toma-decisao-sobre-patrick-de-paula-no-botafogo\/#respond\"]}],\"copyrightYear\":\"2025\",\"copyrightHolder\":{\"@id\":\"https:\/\/www.gaveanews.com\/#organization\"}},{\"@type\":\"WebPage\",\"@id\":\"https:\/\/www.gaveanews.com\/index.php\/2025\/03\/23\/renato-paiva-toma-decisao-sobre-patrick-de-paula-no-botafogo\/\",\"url\":\"https:\/\/www.gaveanews.com\/index.php\/2025\/03\/23\/renato-paiva-toma-decisao-sobre-patrick-de-paula-no-botafogo\/\",\"name\":\"Renato Paiva toma decis\u00e3o sobre Patrick de Paula no Botafogo\",\"isPartOf\":{\"@id\":\"https:\/\/www.gaveanews.com\/#website\"},\"primaryImageOfPage\":{\"@id\":\"https:\/\/www.gaveanews.com\/index.php\/2025\/03\/23\/renato-paiva-toma-decisao-sobre-patrick-de-paula-no-botafogo\/#primaryimage\"},\"image\":{\"@id\":\"https:\/\/www.gaveanews.com\/index.php\/2025\/03\/23\/renato-paiva-toma-decisao-sobre-patrick-de-paula-no-botafogo\/#primaryimage\"},\"thumbnailUrl\":\"https:\/\/www.gaveanews.com\/wp-content\/uploads\/Patrick-de-Paula-pelo-Botafogo.webp\",\"datePublished\":\"2025-03-23T12:30:00+00:00\",\"author\":{\"@id\":\"https:\/\/www.gaveanews.com\/#\/schema\/person\/bd08f00534b403119b92741a6d469ef0\"},\"breadcrumb\":{\"@id\":\"https:\/\/www.gaveanews.com\/index.php\/2025\/03\/23\/renato-paiva-toma-decisao-sobre-patrick-de-paula-no-botafogo\/#breadcrumb\"},\"inLanguage\":\"pt-BR\",\"potentialAction\":[{\"@type\":\"ReadAction\",\"target\":[\"https:\/\/www.gaveanews.com\/index.php\/2025\/03\/23\/renato-paiva-toma-decisao-sobre-patrick-de-paula-no-botafogo\/\"]}]},{\"@type\":\"ImageObject\",\"inLanguage\":\"pt-BR\",\"@id\":\"https:\/\/www.gaveanews.com\/index.php\/2025\/03\/23\/renato-paiva-toma-decisao-sobre-patrick-de-paula-no-botafogo\/#primaryimage\",\"url\":\"https:\/\/www.gaveanews.com\/wp-content\/uploads\/Patrick-de-Paula-pelo-Botafogo.webp\",\"contentUrl\":\"https:\/\/www.gaveanews.com\/wp-content\/uploads\/Patrick-de-Paula-pelo-Botafogo.webp\",\"width\":808,\"height\":572,\"caption\":\"Patrick de Paula pelo Botafogo (Foto: Vitor Silva\/Botafogo)\"},{\"@type\":\"BreadcrumbList\",\"@id\":\"https:\/\/www.gaveanews.com\/index.php\/2025\/03\/23\/renato-paiva-toma-decisao-sobre-patrick-de-paula-no-botafogo\/#breadcrumb\",\"itemListElement\":[{\"@type\":\"ListItem\",\"position\":1,\"name\":\"Home\",\"item\":\"https:\/\/www.gaveanews.com\/\"},{\"@type\":\"ListItem\",\"position\":2,\"name\":\"Renato Paiva toma decis\u00e3o sobre Patrick de Paula no Botafogo\"}]},{\"@type\":\"WebSite\",\"@id\":\"https:\/\/www.gaveanews.com\/#website\",\"url\":\"https:\/\/www.gaveanews.com\/\",\"name\":\"G\u00e1vea News\",\"description\":\"Veja todas as not\u00edcias sobre o Flamengo: Contrata\u00e7\u00f5es, categorias de base, resultados das partidas, tabela de classifica\u00e7\u00e3o, pr\u00f3ximos jogos!\",\"potentialAction\":[{\"@type\":\"SearchAction\",\"target\":{\"@type\":\"EntryPoint\",\"urlTemplate\":\"https:\/\/www.gaveanews.com\/?s={search_term_string}\"},\"query-input\":{\"@type\":\"PropertyValueSpecification\",\"valueRequired\":true,\"valueName\":\"search_term_string\"}}],\"inLanguage\":\"pt-BR\"},{\"@type\":\"Person\",\"@id\":\"https:\/\/www.gaveanews.com\/#\/schema\/person\/bd08f00534b403119b92741a6d469ef0\",\"name\":\"Hudson Pereira\",\"image\":{\"@type\":\"ImageObject\",\"inLanguage\":\"pt-BR\",\"@id\":\"https:\/\/www.gaveanews.com\/#\/schema\/person\/image\/\",\"url\":\"https:\/\/secure.gravatar.com\/avatar\/ecc491b489e454e510efffc9b23c1052ce5fb4f2e05555768ba65819cd55f03e?s=96&d=mm&r=g\",\"contentUrl\":\"https:\/\/secure.gravatar.com\/avatar\/ecc491b489e454e510efffc9b23c1052ce5fb4f2e05555768ba65819cd55f03e?s=96&d=mm&r=g\",\"caption\":\"Hudson Pereira\"}}]}<\/script>\n<!-- \/ Yoast SEO Premium plugin. -->","yoast_head_json":{"title":"Renato Paiva toma decis\u00e3o sobre Patrick de Paula no Botafogo","robots":{"index":"index","follow":"follow","max-snippet":"max-snippet:-1","max-image-preview":"max-image-preview:large","max-video-preview":"max-video-preview:-1"},"canonical":"https:\/\/www.gaveanews.com\/index.php\/2025\/03\/23\/renato-paiva-toma-decisao-sobre-patrick-de-paula-no-botafogo\/","og_locale":"pt_BR","og_type":"article","og_title":"Renato Paiva toma decis\u00e3o sobre Patrick de Paula no Botafogo","og_description":"O Botafogo conquistou uma vit\u00f3ria por 3 a 1 sobre o Novorizontino, neste s\u00e1bado (22\/3), em partida amistosa disputada no Est\u00e1dio Nilton Santos. O volante Patrick de Paula foi o grande nome do jogo, uma vez que marcou dois gols e teve atua\u00e7\u00e3o destacada em nova fun\u00e7\u00e3o. O atleta substituiu Savarino, que est\u00e1 a servi\u00e7o [&hellip;]","og_url":"https:\/\/www.gaveanews.com\/index.php\/2025\/03\/23\/renato-paiva-toma-decisao-sobre-patrick-de-paula-no-botafogo\/","og_site_name":"G\u00e1vea News","article_publisher":"https:\/\/facebook.com\/gaveaNews\/","article_published_time":"2025-03-23T12:30:00+00:00","og_image":[{"width":808,"height":572,"url":"https:\/\/www.gaveanews.com\/wp-content\/uploads\/Patrick-de-Paula-pelo-Botafogo.webp","type":"image\/jpeg"}],"author":"Hudson Pereira","twitter_card":"summary_large_image","twitter_misc":{"Escrito por":"Hudson Pereira","Est. tempo de leitura":"2 minutos"},"schema":{"@context":"https:\/\/schema.org","@graph":[{"@type":"NewsArticle","@id":"https:\/\/www.gaveanews.com\/index.php\/2025\/03\/23\/renato-paiva-toma-decisao-sobre-patrick-de-paula-no-botafogo\/#article","isPartOf":{"@id":"https:\/\/www.gaveanews.com\/index.php\/2025\/03\/23\/renato-paiva-toma-decisao-sobre-patrick-de-paula-no-botafogo\/"},"author":{"name":"Hudson Pereira","@id":"https:\/\/www.gaveanews.com\/#\/schema\/person\/bd08f00534b403119b92741a6d469ef0"},"headline":"Renato Paiva toma decis\u00e3o sobre Patrick de Paula no Botafogo","datePublished":"2025-03-23T12:30:00+00:00","mainEntityOfPage":{"@id":"https:\/\/www.gaveanews.com\/index.php\/2025\/03\/23\/renato-paiva-toma-decisao-sobre-patrick-de-paula-no-botafogo\/"},"wordCount":363,"commentCount":0,"image":{"@id":"https:\/\/www.gaveanews.com\/index.php\/2025\/03\/23\/renato-paiva-toma-decisao-sobre-patrick-de-paula-no-botafogo\/#primaryimage"},"thumbnailUrl":"https:\/\/www.gaveanews.com\/wp-content\/uploads\/Patrick-de-Paula-pelo-Botafogo.webp","articleSection":["Botafogo"],"inLanguage":"pt-BR","potentialAction":[{"@type":"CommentAction","name":"Comment","target":["https:\/\/www.gaveanews.com\/index.php\/2025\/03\/23\/renato-paiva-toma-decisao-sobre-patrick-de-paula-no-botafogo\/#respond"]}],"copyrightYear":"2025","copyrightHolder":{"@id":"https:\/\/www.gaveanews.com\/#organization"}},{"@type":"WebPage","@id":"https:\/\/www.gaveanews.com\/index.php\/2025\/03\/23\/renato-paiva-toma-decisao-sobre-patrick-de-paula-no-botafogo\/","url":"https:\/\/www.gaveanews.com\/index.php\/2025\/03\/23\/renato-paiva-toma-decisao-sobre-patrick-de-paula-no-botafogo\/","name":"Renato Paiva toma decis\u00e3o sobre Patrick de Paula no Botafogo","isPartOf":{"@id":"https:\/\/www.gaveanews.com\/#website"},"primaryImageOfPage":{"@id":"https:\/\/www.gaveanews.com\/index.php\/2025\/03\/23\/renato-paiva-toma-decisao-sobre-patrick-de-paula-no-botafogo\/#primaryimage"},"image":{"@id":"https:\/\/www.gaveanews.com\/index.php\/2025\/03\/23\/renato-paiva-toma-decisao-sobre-patrick-de-paula-no-botafogo\/#primaryimage"},"thumbnailUrl":"https:\/\/www.gaveanews.com\/wp-content\/uploads\/Patrick-de-Paula-pelo-Botafogo.webp","datePublished":"2025-03-23T12:30:00+00:00","author":{"@id":"https:\/\/www.gaveanews.com\/#\/schema\/person\/bd08f00534b403119b92741a6d469ef0"},"breadcrumb":{"@id":"https:\/\/www.gaveanews.com\/index.php\/2025\/03\/23\/renato-paiva-toma-decisao-sobre-patrick-de-paula-no-botafogo\/#breadcrumb"},"inLanguage":"pt-BR","potentialAction":[{"@type":"ReadAction","target":["https:\/\/www.gaveanews.com\/index.php\/2025\/03\/23\/renato-paiva-toma-decisao-sobre-patrick-de-paula-no-botafogo\/"]}]},{"@type":"ImageObject","inLanguage":"pt-BR","@id":"https:\/\/www.gaveanews.com\/index.php\/2025\/03\/23\/renato-paiva-toma-decisao-sobre-patrick-de-paula-no-botafogo\/#primaryimage","url":"https:\/\/www.gaveanews.com\/wp-content\/uploads\/Patrick-de-Paula-pelo-Botafogo.webp","contentUrl":"https:\/\/www.gaveanews.com\/wp-content\/uploads\/Patrick-de-Paula-pelo-Botafogo.webp","width":808,"height":572,"caption":"Patrick de Paula pelo Botafogo (Foto: Vitor Silva\/Botafogo)"},{"@type":"BreadcrumbList","@id":"https:\/\/www.gaveanews.com\/index.php\/2025\/03\/23\/renato-paiva-toma-decisao-sobre-patrick-de-paula-no-botafogo\/#breadcrumb","itemListElement":[{"@type":"ListItem","position":1,"name":"Home","item":"https:\/\/www.gaveanews.com\/"},{"@type":"ListItem","position":2,"name":"Renato Paiva toma decis\u00e3o sobre Patrick de Paula no Botafogo"}]},{"@type":"WebSite","@id":"https:\/\/www.gaveanews.com\/#website","url":"https:\/\/www.gaveanews.com\/","name":"G\u00e1vea News","description":"Veja todas as not\u00edcias sobre o Flamengo: Contrata\u00e7\u00f5es, categorias de base, resultados das partidas, tabela de classifica\u00e7\u00e3o, pr\u00f3ximos jogos!","potentialAction":[{"@type":"SearchAction","target":{"@type":"EntryPoint","urlTemplate":"https:\/\/www.gaveanews.com\/?s={search_term_string}"},"query-input":{"@type":"PropertyValueSpecification","valueRequired":true,"valueName":"search_term_string"}}],"inLanguage":"pt-BR"},{"@type":"Person","@id":"https:\/\/www.gaveanews.com\/#\/schema\/person\/bd08f00534b403119b92741a6d469ef0","name":"Hudson Pereira","image":{"@type":"ImageObject","inLanguage":"pt-BR","@id":"https:\/\/www.gaveanews.com\/#\/schema\/person\/image\/","url":"https:\/\/secure.gravatar.com\/avatar\/ecc491b489e454e510efffc9b23c1052ce5fb4f2e05555768ba65819cd55f03e?s=96&d=mm&r=g","contentUrl":"https:\/\/secure.gravatar.com\/avatar\/ecc491b489e454e510efffc9b23c1052ce5fb4f2e05555768ba65819cd55f03e?s=96&d=mm&r=g","caption":"Hudson Pereira"}}]}},"_links":{"self":[{"href":"https:\/\/www.gaveanews.com\/index.php\/wp-json\/wp\/v2\/posts\/243476","targetHints":{"allow":["GET"]}}],"collection":[{"href":"https:\/\/www.gaveanews.com\/index.php\/wp-json\/wp\/v2\/posts"}],"about":[{"href":"https:\/\/www.gaveanews.com\/index.php\/wp-json\/wp\/v2\/types\/post"}],"author":[{"embeddable":true,"href":"https:\/\/www.gaveanews.com\/index.php\/wp-json\/wp\/v2\/users\/28"}],"replies":[{"embeddable":true,"href":"https:\/\/www.gaveanews.com\/index.php\/wp-json\/wp\/v2\/comments?post=243476"}],"version-history":[{"count":2,"href":"https:\/\/www.gaveanews.com\/index.php\/wp-json\/wp\/v2\/posts\/243476\/revisions"}],"predecessor-version":[{"id":243489,"href":"https:\/\/www.gaveanews.com\/index.php\/wp-json\/wp\/v2\/posts\/243476\/revisions\/243489"}],"wp:featuredmedia":[{"embeddable":true,"href":"https:\/\/www.gaveanews.com\/index.php\/wp-json\/wp\/v2\/media\/199256"}],"wp:attachment":[{"href":"https:\/\/www.gaveanews.com\/index.php\/wp-json\/wp\/v2\/media?parent=243476"}],"wp:term":[{"taxonomy":"category","embeddable":true,"href":"https:\/\/www.gaveanews.com\/index.php\/wp-json\/wp\/v2\/categories?post=243476"},{"taxonomy":"post_tag","embeddable":true,"href":"https:\/\/www.gaveanews.com\/index.php\/wp-json\/wp\/v2\/tags?post=243476"}],"curies":[{"name":"wp","href":"https:\/\/api.w.org\/{rel}","templated":true}]}}