{"id":243478,"date":"2025-03-23T07:30:00","date_gmt":"2025-03-23T10:30:00","guid":{"rendered":"https:\/\/www.gaveanews.com\/?p=243478"},"modified":"2025-03-23T02:24:22","modified_gmt":"2025-03-23T05:24:22","slug":"com-estadio-lotado-diego-ribas-recebe-homenagem-na-europa","status":"publish","type":"post","link":"https:\/\/www.gaveanews.com\/index.php\/2025\/03\/23\/com-estadio-lotado-diego-ribas-recebe-homenagem-na-europa\/","title":{"rendered":"Com est\u00e1dio lotado, Diego Ribas recebe homenagem na Europa"},"content":{"rendered":"\n<p>Diego Ribas recebeu uma merecida e emocionante homenagem neste s\u00e1bado, 22, no Weserstadion, na Alemanha, em um evento que reuniu cerca de 42 mil pessoas. O amistoso foi uma grande celebra\u00e7\u00e3o ao legado do ex-jogador, que teve a chance de atuar novamente ao lado de lendas do Werder Bremen, de amigos que marcaram sua carreira e, claro, de seu filho Davi, que joga no sub-14 do Flamengo. O evento teve uma atmosfera de festa e emo\u00e7\u00e3o, com a vit\u00f3ria das lendas do Werder Bremen por 6 a 5 sobre os amigos de Diego.<\/p>\n\n\n\n<p>O momento que mais emocionou os presentes foi quando Davi, o filho de Diego, marcou um gol ap\u00f3s uma tabela com o ex-jogador portugu\u00eas Nani. O gol do jovem talento foi comemorado por toda a fam\u00edlia Ribas, que viveu o instante com grande orgulho. A imagem de pai e filho compartilhando o campo em um evento t\u00e3o especial tocou profundamente os f\u00e3s presentes, que acompanharam a hist\u00f3ria de Diego durante toda sua carreira.<\/p>\n\n\n\n<figure class=\"wp-block-embed is-type-rich is-provider-twitter wp-block-embed-twitter\"><div class=\"wp-block-embed__wrapper\">\n<blockquote class=\"twitter-tweet\" data-width=\"550\" data-dnt=\"true\"><p lang=\"pt\" dir=\"ltr\">\ud83c\udde9\ud83c\uddea\ud83c\udde7\ud83c\uddf7 \ud835\udde8\ud835\udde0\ud835\uddd4 \ud835\uddd5\ud835\uddd8\ud835\udddf\ud835\uddd4 \ud835\udddb\ud835\udddc\ud835\udde6\ud835\udde7\ud835\udde2\u0301\ud835\udde5\ud835\udddc\ud835\uddd4, \ud835\udde8\ud835\udde0 \ud835\uddda\ud835\udde5\ud835\uddd4\ud835\udde1\ud835\uddd7\ud835\uddd8 \ud835\udddf\ud835\uddd8\ud835\uddda\ud835\uddd4\ud835\uddd7\ud835\udde2! \u2728<br><br>Diego Ribas viveu um dia inesquec\u00edvel no Weserstadion, sendo ovacionado pelos torcedores do SV Werder Bremen em uma despedida repleta de emo\u00e7\u00e3o e gratid\u00e3o. O brasileiro, que marcou \u00e9poca nos Papagaios,\u2026 <a href=\"https:\/\/t.co\/9rMh8tFA3j\">pic.twitter.com\/9rMh8tFA3j<\/a><\/p>&mdash; Fussball Brasil (@FussballBR) <a href=\"https:\/\/twitter.com\/FussballBR\/status\/1903528673229095082?ref_src=twsrc%5Etfw\">March 22, 2025<\/a><\/blockquote><script async src=\"https:\/\/platform.twitter.com\/widgets.js\" charset=\"utf-8\"><\/script>\n<\/div><\/figure>\n\n\n\n<p>Al\u00e9m de Nani, a partida contou com a participa\u00e7\u00e3o de outros grandes nomes do futebol internacional, como J\u00falio C\u00e9sar, Julio Baptista, Josu\u00e9, Mertesacker e Frings, que fizeram quest\u00e3o de comparecer \u00e0 homenagem e refor\u00e7ar o prest\u00edgio de Diego, que foi uma estrela do futebol europeu e brasileiro. Todos esses atletas foram parte de uma celebra\u00e7\u00e3o \u00fanica, que n\u00e3o apenas destacou Diego como jogador, mas tamb\u00e9m como um grande ser humano que conquistou a admira\u00e7\u00e3o de seus colegas e f\u00e3s ao redor do mundo.<\/p>\n\n\n\n<p>A trajet\u00f3ria de Diego Ribas \u00e9 marcada por grandes conquistas e passagens por clubes de peso, como Santos, Porto, Juventus, Atl\u00e9tico de Madrid, Fenerbah\u00e7e, Flamengo e, claro, a sele\u00e7\u00e3o brasileira. Aos 40 anos, Diego se aposentou em 2022, ap\u00f3s conquistar t\u00edtulos importantes com a camisa do Flamengo, onde se consolidou como \u00eddolo da torcida rubro-negra. Durante o evento, o ex-jogador foi emocionado ao assistir a um v\u00eddeo com seus melhores momentos pelo Flamengo, relembrando os gols, assist\u00eancias e conquistas que marcaram sua trajet\u00f3ria no clube carioca.<\/p>\n\n\n\n<p>Em sua passagem pelo Werder Bremen, onde jogou entre 2006 e 2009, Diego foi uma pe\u00e7a fundamental para a equipe. No clube alem\u00e3o, ele conquistou t\u00edtulos importantes, como a Copa da Alemanha e a Copa da Liga Alem\u00e3, sendo um dos principais respons\u00e1veis por momentos hist\u00f3ricos da equipe. Sua passagem pelo Werder Bremen solidificou sua reputa\u00e7\u00e3o no futebol europeu e ajudou a construir sua carreira de sucesso em clubes de diferentes pa\u00edses e ligas.<\/p>\n\n\n\n<p>O evento no Weserstadion foi mais do que uma simples homenagem; foi uma celebra\u00e7\u00e3o de uma carreira vitoriosa, cheia de momentos inesquec\u00edveis. Diego Ribas n\u00e3o s\u00f3 se destacou por sua habilidade dentro de campo, mas tamb\u00e9m por sua personalidade, sempre respeitosa e de grande car\u00e1ter, caracter\u00edsticas que o tornaram uma refer\u00eancia para as novas gera\u00e7\u00f5es de jogadores. A festa foi um tributo a tudo o que ele conquistou, e a presen\u00e7a de amigos, familiares e outros \u00eddolos do futebol mundial confirmou o impacto positivo que Diego teve no esporte.<\/p>\n","protected":false},"excerpt":{"rendered":"<p>Diego Ribas recebeu uma merecida e emocionante homenagem neste s\u00e1bado, 22, no Weserstadion, na Alemanha, em um evento que reuniu cerca de 42 mil pessoas. O amistoso foi uma grande celebra\u00e7\u00e3o ao legado do ex-jogador, que teve a chance de atuar novamente ao lado de lendas do Werder Bremen, de amigos que marcaram sua carreira [&hellip;]<\/p>\n","protected":false},"author":17,"featured_media":84964,"comment_status":"open","ping_status":"closed","sticky":false,"template":"","format":"standard","meta":{"footnotes":""},"categories":[1],"tags":[],"class_list":["post-243478","post","type-post","status-publish","format-standard","has-post-thumbnail","hentry","category-flamengo"],"yoast_head":"<!-- This site is optimized with the Yoast SEO Premium plugin v24.2 (Yoast SEO v26.9) - https:\/\/yoast.com\/product\/yoast-seo-premium-wordpress\/ -->\n<title>Com est\u00e1dio lotado, Diego Ribas recebe homenagem na Europa<\/title>\n<meta name=\"robots\" content=\"index, follow, max-snippet:-1, max-image-preview:large, max-video-preview:-1\" \/>\n<link rel=\"canonical\" href=\"https:\/\/www.gaveanews.com\/index.php\/2025\/03\/23\/com-estadio-lotado-diego-ribas-recebe-homenagem-na-europa\/\" \/>\n<meta property=\"og:locale\" content=\"pt_BR\" \/>\n<meta property=\"og:type\" content=\"article\" \/>\n<meta property=\"og:title\" content=\"Com est\u00e1dio lotado, Diego Ribas recebe homenagem na Europa\" \/>\n<meta property=\"og:description\" content=\"Diego Ribas recebeu uma merecida e emocionante homenagem neste s\u00e1bado, 22, no Weserstadion, na Alemanha, em um evento que reuniu cerca de 42 mil pessoas. O amistoso foi uma grande celebra\u00e7\u00e3o ao legado do ex-jogador, que teve a chance de atuar novamente ao lado de lendas do Werder Bremen, de amigos que marcaram sua carreira [&hellip;]\" \/>\n<meta property=\"og:url\" content=\"https:\/\/www.gaveanews.com\/index.php\/2025\/03\/23\/com-estadio-lotado-diego-ribas-recebe-homenagem-na-europa\/\" \/>\n<meta property=\"og:site_name\" content=\"G\u00e1vea News\" \/>\n<meta property=\"article:publisher\" content=\"https:\/\/facebook.com\/gaveaNews\/\" \/>\n<meta property=\"article:published_time\" content=\"2025-03-23T10:30:00+00:00\" \/>\n<meta property=\"og:image\" content=\"https:\/\/www.gaveanews.com\/wp-content\/uploads\/Diego-Ribas-concede-entrevista-coletiva-no-Ninho-do-Urubu.webp\" \/>\n\t<meta property=\"og:image:width\" content=\"1000\" \/>\n\t<meta property=\"og:image:height\" content=\"666\" \/>\n\t<meta property=\"og:image:type\" content=\"image\/webp\" \/>\n<meta name=\"author\" content=\"Geovanna Thomaz\" \/>\n<meta name=\"twitter:card\" content=\"summary_large_image\" \/>\n<meta name=\"twitter:label1\" content=\"Escrito por\" \/>\n\t<meta name=\"twitter:data1\" content=\"Geovanna Thomaz\" \/>\n\t<meta name=\"twitter:label2\" content=\"Est. tempo de leitura\" \/>\n\t<meta name=\"twitter:data2\" content=\"3 minutos\" \/>\n<script type=\"application\/ld+json\" class=\"yoast-schema-graph\">{\"@context\":\"https:\/\/schema.org\",\"@graph\":[{\"@type\":\"NewsArticle\",\"@id\":\"https:\/\/www.gaveanews.com\/index.php\/2025\/03\/23\/com-estadio-lotado-diego-ribas-recebe-homenagem-na-europa\/#article\",\"isPartOf\":{\"@id\":\"https:\/\/www.gaveanews.com\/index.php\/2025\/03\/23\/com-estadio-lotado-diego-ribas-recebe-homenagem-na-europa\/\"},\"author\":{\"name\":\"Geovanna Thomaz\",\"@id\":\"https:\/\/www.gaveanews.com\/#\/schema\/person\/f42654babcd2b2014a1a65af82b081f1\"},\"headline\":\"Com est\u00e1dio lotado, Diego Ribas recebe homenagem na Europa\",\"datePublished\":\"2025-03-23T10:30:00+00:00\",\"mainEntityOfPage\":{\"@id\":\"https:\/\/www.gaveanews.com\/index.php\/2025\/03\/23\/com-estadio-lotado-diego-ribas-recebe-homenagem-na-europa\/\"},\"wordCount\":550,\"commentCount\":0,\"image\":{\"@id\":\"https:\/\/www.gaveanews.com\/index.php\/2025\/03\/23\/com-estadio-lotado-diego-ribas-recebe-homenagem-na-europa\/#primaryimage\"},\"thumbnailUrl\":\"https:\/\/www.gaveanews.com\/wp-content\/uploads\/Diego-Ribas-concede-entrevista-coletiva-no-Ninho-do-Urubu.webp\",\"articleSection\":[\"Flamengo\"],\"inLanguage\":\"pt-BR\",\"potentialAction\":[{\"@type\":\"CommentAction\",\"name\":\"Comment\",\"target\":[\"https:\/\/www.gaveanews.com\/index.php\/2025\/03\/23\/com-estadio-lotado-diego-ribas-recebe-homenagem-na-europa\/#respond\"]}],\"copyrightYear\":\"2025\",\"copyrightHolder\":{\"@id\":\"https:\/\/www.gaveanews.com\/#organization\"}},{\"@type\":\"WebPage\",\"@id\":\"https:\/\/www.gaveanews.com\/index.php\/2025\/03\/23\/com-estadio-lotado-diego-ribas-recebe-homenagem-na-europa\/\",\"url\":\"https:\/\/www.gaveanews.com\/index.php\/2025\/03\/23\/com-estadio-lotado-diego-ribas-recebe-homenagem-na-europa\/\",\"name\":\"Com est\u00e1dio lotado, Diego Ribas recebe homenagem na Europa\",\"isPartOf\":{\"@id\":\"https:\/\/www.gaveanews.com\/#website\"},\"primaryImageOfPage\":{\"@id\":\"https:\/\/www.gaveanews.com\/index.php\/2025\/03\/23\/com-estadio-lotado-diego-ribas-recebe-homenagem-na-europa\/#primaryimage\"},\"image\":{\"@id\":\"https:\/\/www.gaveanews.com\/index.php\/2025\/03\/23\/com-estadio-lotado-diego-ribas-recebe-homenagem-na-europa\/#primaryimage\"},\"thumbnailUrl\":\"https:\/\/www.gaveanews.com\/wp-content\/uploads\/Diego-Ribas-concede-entrevista-coletiva-no-Ninho-do-Urubu.webp\",\"datePublished\":\"2025-03-23T10:30:00+00:00\",\"author\":{\"@id\":\"https:\/\/www.gaveanews.com\/#\/schema\/person\/f42654babcd2b2014a1a65af82b081f1\"},\"breadcrumb\":{\"@id\":\"https:\/\/www.gaveanews.com\/index.php\/2025\/03\/23\/com-estadio-lotado-diego-ribas-recebe-homenagem-na-europa\/#breadcrumb\"},\"inLanguage\":\"pt-BR\",\"potentialAction\":[{\"@type\":\"ReadAction\",\"target\":[\"https:\/\/www.gaveanews.com\/index.php\/2025\/03\/23\/com-estadio-lotado-diego-ribas-recebe-homenagem-na-europa\/\"]}]},{\"@type\":\"ImageObject\",\"inLanguage\":\"pt-BR\",\"@id\":\"https:\/\/www.gaveanews.com\/index.php\/2025\/03\/23\/com-estadio-lotado-diego-ribas-recebe-homenagem-na-europa\/#primaryimage\",\"url\":\"https:\/\/www.gaveanews.com\/wp-content\/uploads\/Diego-Ribas-concede-entrevista-coletiva-no-Ninho-do-Urubu.webp\",\"contentUrl\":\"https:\/\/www.gaveanews.com\/wp-content\/uploads\/Diego-Ribas-concede-entrevista-coletiva-no-Ninho-do-Urubu.webp\",\"width\":1000,\"height\":666,\"caption\":\"Diego Ribas concede entrevista coletiva no Ninho do Urubu (Foto: Marcelo Cortes\/Flamengo)\"},{\"@type\":\"BreadcrumbList\",\"@id\":\"https:\/\/www.gaveanews.com\/index.php\/2025\/03\/23\/com-estadio-lotado-diego-ribas-recebe-homenagem-na-europa\/#breadcrumb\",\"itemListElement\":[{\"@type\":\"ListItem\",\"position\":1,\"name\":\"Home\",\"item\":\"https:\/\/www.gaveanews.com\/\"},{\"@type\":\"ListItem\",\"position\":2,\"name\":\"Com est\u00e1dio lotado, Diego Ribas recebe homenagem na Europa\"}]},{\"@type\":\"WebSite\",\"@id\":\"https:\/\/www.gaveanews.com\/#website\",\"url\":\"https:\/\/www.gaveanews.com\/\",\"name\":\"G\u00e1vea News\",\"description\":\"Veja todas as not\u00edcias sobre o Flamengo: Contrata\u00e7\u00f5es, categorias de base, resultados das partidas, tabela de classifica\u00e7\u00e3o, pr\u00f3ximos jogos!\",\"potentialAction\":[{\"@type\":\"SearchAction\",\"target\":{\"@type\":\"EntryPoint\",\"urlTemplate\":\"https:\/\/www.gaveanews.com\/?s={search_term_string}\"},\"query-input\":{\"@type\":\"PropertyValueSpecification\",\"valueRequired\":true,\"valueName\":\"search_term_string\"}}],\"inLanguage\":\"pt-BR\"},{\"@type\":\"Person\",\"@id\":\"https:\/\/www.gaveanews.com\/#\/schema\/person\/f42654babcd2b2014a1a65af82b081f1\",\"name\":\"Geovanna Thomaz\",\"image\":{\"@type\":\"ImageObject\",\"inLanguage\":\"pt-BR\",\"@id\":\"https:\/\/www.gaveanews.com\/#\/schema\/person\/image\/\",\"url\":\"https:\/\/secure.gravatar.com\/avatar\/4092073255489533afb558984b49b64268c47198af8623cc82a925ae9fb7118a?s=96&d=mm&r=g\",\"contentUrl\":\"https:\/\/secure.gravatar.com\/avatar\/4092073255489533afb558984b49b64268c47198af8623cc82a925ae9fb7118a?s=96&d=mm&r=g\",\"caption\":\"Geovanna Thomaz\"}}]}<\/script>\n<!-- \/ Yoast SEO Premium plugin. -->","yoast_head_json":{"title":"Com est\u00e1dio lotado, Diego Ribas recebe homenagem na Europa","robots":{"index":"index","follow":"follow","max-snippet":"max-snippet:-1","max-image-preview":"max-image-preview:large","max-video-preview":"max-video-preview:-1"},"canonical":"https:\/\/www.gaveanews.com\/index.php\/2025\/03\/23\/com-estadio-lotado-diego-ribas-recebe-homenagem-na-europa\/","og_locale":"pt_BR","og_type":"article","og_title":"Com est\u00e1dio lotado, Diego Ribas recebe homenagem na Europa","og_description":"Diego Ribas recebeu uma merecida e emocionante homenagem neste s\u00e1bado, 22, no Weserstadion, na Alemanha, em um evento que reuniu cerca de 42 mil pessoas. O amistoso foi uma grande celebra\u00e7\u00e3o ao legado do ex-jogador, que teve a chance de atuar novamente ao lado de lendas do Werder Bremen, de amigos que marcaram sua carreira [&hellip;]","og_url":"https:\/\/www.gaveanews.com\/index.php\/2025\/03\/23\/com-estadio-lotado-diego-ribas-recebe-homenagem-na-europa\/","og_site_name":"G\u00e1vea News","article_publisher":"https:\/\/facebook.com\/gaveaNews\/","article_published_time":"2025-03-23T10:30:00+00:00","og_image":[{"width":1000,"height":666,"url":"https:\/\/www.gaveanews.com\/wp-content\/uploads\/Diego-Ribas-concede-entrevista-coletiva-no-Ninho-do-Urubu.webp","type":"image\/webp"}],"author":"Geovanna Thomaz","twitter_card":"summary_large_image","twitter_misc":{"Escrito por":"Geovanna Thomaz","Est. tempo de leitura":"3 minutos"},"schema":{"@context":"https:\/\/schema.org","@graph":[{"@type":"NewsArticle","@id":"https:\/\/www.gaveanews.com\/index.php\/2025\/03\/23\/com-estadio-lotado-diego-ribas-recebe-homenagem-na-europa\/#article","isPartOf":{"@id":"https:\/\/www.gaveanews.com\/index.php\/2025\/03\/23\/com-estadio-lotado-diego-ribas-recebe-homenagem-na-europa\/"},"author":{"name":"Geovanna Thomaz","@id":"https:\/\/www.gaveanews.com\/#\/schema\/person\/f42654babcd2b2014a1a65af82b081f1"},"headline":"Com est\u00e1dio lotado, Diego Ribas recebe homenagem na Europa","datePublished":"2025-03-23T10:30:00+00:00","mainEntityOfPage":{"@id":"https:\/\/www.gaveanews.com\/index.php\/2025\/03\/23\/com-estadio-lotado-diego-ribas-recebe-homenagem-na-europa\/"},"wordCount":550,"commentCount":0,"image":{"@id":"https:\/\/www.gaveanews.com\/index.php\/2025\/03\/23\/com-estadio-lotado-diego-ribas-recebe-homenagem-na-europa\/#primaryimage"},"thumbnailUrl":"https:\/\/www.gaveanews.com\/wp-content\/uploads\/Diego-Ribas-concede-entrevista-coletiva-no-Ninho-do-Urubu.webp","articleSection":["Flamengo"],"inLanguage":"pt-BR","potentialAction":[{"@type":"CommentAction","name":"Comment","target":["https:\/\/www.gaveanews.com\/index.php\/2025\/03\/23\/com-estadio-lotado-diego-ribas-recebe-homenagem-na-europa\/#respond"]}],"copyrightYear":"2025","copyrightHolder":{"@id":"https:\/\/www.gaveanews.com\/#organization"}},{"@type":"WebPage","@id":"https:\/\/www.gaveanews.com\/index.php\/2025\/03\/23\/com-estadio-lotado-diego-ribas-recebe-homenagem-na-europa\/","url":"https:\/\/www.gaveanews.com\/index.php\/2025\/03\/23\/com-estadio-lotado-diego-ribas-recebe-homenagem-na-europa\/","name":"Com est\u00e1dio lotado, Diego Ribas recebe homenagem na Europa","isPartOf":{"@id":"https:\/\/www.gaveanews.com\/#website"},"primaryImageOfPage":{"@id":"https:\/\/www.gaveanews.com\/index.php\/2025\/03\/23\/com-estadio-lotado-diego-ribas-recebe-homenagem-na-europa\/#primaryimage"},"image":{"@id":"https:\/\/www.gaveanews.com\/index.php\/2025\/03\/23\/com-estadio-lotado-diego-ribas-recebe-homenagem-na-europa\/#primaryimage"},"thumbnailUrl":"https:\/\/www.gaveanews.com\/wp-content\/uploads\/Diego-Ribas-concede-entrevista-coletiva-no-Ninho-do-Urubu.webp","datePublished":"2025-03-23T10:30:00+00:00","author":{"@id":"https:\/\/www.gaveanews.com\/#\/schema\/person\/f42654babcd2b2014a1a65af82b081f1"},"breadcrumb":{"@id":"https:\/\/www.gaveanews.com\/index.php\/2025\/03\/23\/com-estadio-lotado-diego-ribas-recebe-homenagem-na-europa\/#breadcrumb"},"inLanguage":"pt-BR","potentialAction":[{"@type":"ReadAction","target":["https:\/\/www.gaveanews.com\/index.php\/2025\/03\/23\/com-estadio-lotado-diego-ribas-recebe-homenagem-na-europa\/"]}]},{"@type":"ImageObject","inLanguage":"pt-BR","@id":"https:\/\/www.gaveanews.com\/index.php\/2025\/03\/23\/com-estadio-lotado-diego-ribas-recebe-homenagem-na-europa\/#primaryimage","url":"https:\/\/www.gaveanews.com\/wp-content\/uploads\/Diego-Ribas-concede-entrevista-coletiva-no-Ninho-do-Urubu.webp","contentUrl":"https:\/\/www.gaveanews.com\/wp-content\/uploads\/Diego-Ribas-concede-entrevista-coletiva-no-Ninho-do-Urubu.webp","width":1000,"height":666,"caption":"Diego Ribas concede entrevista coletiva no Ninho do Urubu (Foto: Marcelo Cortes\/Flamengo)"},{"@type":"BreadcrumbList","@id":"https:\/\/www.gaveanews.com\/index.php\/2025\/03\/23\/com-estadio-lotado-diego-ribas-recebe-homenagem-na-europa\/#breadcrumb","itemListElement":[{"@type":"ListItem","position":1,"name":"Home","item":"https:\/\/www.gaveanews.com\/"},{"@type":"ListItem","position":2,"name":"Com est\u00e1dio lotado, Diego Ribas recebe homenagem na Europa"}]},{"@type":"WebSite","@id":"https:\/\/www.gaveanews.com\/#website","url":"https:\/\/www.gaveanews.com\/","name":"G\u00e1vea News","description":"Veja todas as not\u00edcias sobre o Flamengo: Contrata\u00e7\u00f5es, categorias de base, resultados das partidas, tabela de classifica\u00e7\u00e3o, pr\u00f3ximos jogos!","potentialAction":[{"@type":"SearchAction","target":{"@type":"EntryPoint","urlTemplate":"https:\/\/www.gaveanews.com\/?s={search_term_string}"},"query-input":{"@type":"PropertyValueSpecification","valueRequired":true,"valueName":"search_term_string"}}],"inLanguage":"pt-BR"},{"@type":"Person","@id":"https:\/\/www.gaveanews.com\/#\/schema\/person\/f42654babcd2b2014a1a65af82b081f1","name":"Geovanna Thomaz","image":{"@type":"ImageObject","inLanguage":"pt-BR","@id":"https:\/\/www.gaveanews.com\/#\/schema\/person\/image\/","url":"https:\/\/secure.gravatar.com\/avatar\/4092073255489533afb558984b49b64268c47198af8623cc82a925ae9fb7118a?s=96&d=mm&r=g","contentUrl":"https:\/\/secure.gravatar.com\/avatar\/4092073255489533afb558984b49b64268c47198af8623cc82a925ae9fb7118a?s=96&d=mm&r=g","caption":"Geovanna Thomaz"}}]}},"_links":{"self":[{"href":"https:\/\/www.gaveanews.com\/index.php\/wp-json\/wp\/v2\/posts\/243478","targetHints":{"allow":["GET"]}}],"collection":[{"href":"https:\/\/www.gaveanews.com\/index.php\/wp-json\/wp\/v2\/posts"}],"about":[{"href":"https:\/\/www.gaveanews.com\/index.php\/wp-json\/wp\/v2\/types\/post"}],"author":[{"embeddable":true,"href":"https:\/\/www.gaveanews.com\/index.php\/wp-json\/wp\/v2\/users\/17"}],"replies":[{"embeddable":true,"href":"https:\/\/www.gaveanews.com\/index.php\/wp-json\/wp\/v2\/comments?post=243478"}],"version-history":[{"count":2,"href":"https:\/\/www.gaveanews.com\/index.php\/wp-json\/wp\/v2\/posts\/243478\/revisions"}],"predecessor-version":[{"id":243493,"href":"https:\/\/www.gaveanews.com\/index.php\/wp-json\/wp\/v2\/posts\/243478\/revisions\/243493"}],"wp:featuredmedia":[{"embeddable":true,"href":"https:\/\/www.gaveanews.com\/index.php\/wp-json\/wp\/v2\/media\/84964"}],"wp:attachment":[{"href":"https:\/\/www.gaveanews.com\/index.php\/wp-json\/wp\/v2\/media?parent=243478"}],"wp:term":[{"taxonomy":"category","embeddable":true,"href":"https:\/\/www.gaveanews.com\/index.php\/wp-json\/wp\/v2\/categories?post=243478"},{"taxonomy":"post_tag","embeddable":true,"href":"https:\/\/www.gaveanews.com\/index.php\/wp-json\/wp\/v2\/tags?post=243478"}],"curies":[{"name":"wp","href":"https:\/\/api.w.org\/{rel}","templated":true}]}}