{"id":243480,"date":"2025-03-23T07:20:36","date_gmt":"2025-03-23T10:20:36","guid":{"rendered":"https:\/\/www.gaveanews.com\/?p=243480"},"modified":"2025-03-23T02:20:44","modified_gmt":"2025-03-23T05:20:44","slug":"ele-pode-trocar-o-gremio-pelo-botafogo","status":"publish","type":"post","link":"https:\/\/www.gaveanews.com\/index.php\/2025\/03\/23\/ele-pode-trocar-o-gremio-pelo-botafogo\/","title":{"rendered":"Ele pode trocar o Gr\u00eamio pelo Botafogo"},"content":{"rendered":"\n<p>O Gr\u00eamio segue se preparando para os desafios que vir\u00e3o na sequ\u00eancia de 2025. Ap\u00f3s a derrota nas finais do Campeonato Ga\u00facho, a equipe, comandada por Gustavo Quinteros, mant\u00e9m viva a esperan\u00e7a de conquistar t\u00edtulos ao longo da temporada. <\/p>\n\n\n\n<p>A pausa para a Data Fifa foi aproveitada para um breve per\u00edodo de descanso, mas agora o foco est\u00e1 total nas competi\u00e7\u00f5es que come\u00e7am na pr\u00f3xima semana, com a estreia tanto no Campeonato Brasileiro quanto na Copa Sul-Americana.<\/p>\n\n\n\n<p>Enquanto o elenco se concentra na parte f\u00edsica e t\u00e9cnica para os desafios que se aproximam, a diretoria gremista tamb\u00e9m est\u00e1 atenta ao mercado de transfer\u00eancias, buscando poss\u00edveis refor\u00e7os e se preparando para eventuais sa\u00eddas.<\/p>\n\n\n\n<p> Um dos casos mais comentados no clube \u00e9 a situa\u00e7\u00e3o de Franco Cristaldo. O jogador, que tem mostrado potencial, ainda \u00e9 um ponto de interroga\u00e7\u00e3o para o futuro do Gr\u00eamio. Embora a comiss\u00e3o t\u00e9cnica o veja como uma pe\u00e7a importante para a sequ\u00eancia da temporada, ainda existem d\u00favidas sobre o seu papel no elenco e o que ser\u00e1 melhor para ambas as partes.<\/p>\n\n\n\n<figure class=\"wp-block-image size-full\"><img loading=\"lazy\" decoding=\"async\" width=\"984\" height=\"657\" src=\"http:\/\/www.gaveanews.com\/wp-content\/uploads\/Cristaldo-pelo-Gremio.webp\" alt=\"\" class=\"wp-image-169834\" srcset=\"https:\/\/www.gaveanews.com\/wp-content\/uploads\/Cristaldo-pelo-Gremio.webp 984w, https:\/\/www.gaveanews.com\/wp-content\/uploads\/Cristaldo-pelo-Gremio-300x200.webp 300w, https:\/\/www.gaveanews.com\/wp-content\/uploads\/Cristaldo-pelo-Gremio-768x513.webp 768w, https:\/\/www.gaveanews.com\/wp-content\/uploads\/Cristaldo-pelo-Gremio-629x420.webp 629w, https:\/\/www.gaveanews.com\/wp-content\/uploads\/Cristaldo-pelo-Gremio-537x360.webp 537w, https:\/\/www.gaveanews.com\/wp-content\/uploads\/Cristaldo-pelo-Gremio-640x427.webp 640w, https:\/\/www.gaveanews.com\/wp-content\/uploads\/Cristaldo-pelo-Gremio-681x455.webp 681w, https:\/\/www.gaveanews.com\/wp-content\/uploads\/Cristaldo-pelo-Gremio-100x67.webp 100w\" sizes=\"auto, (max-width: 984px) 100vw, 984px\" \/><figcaption class=\"wp-element-caption\">Cristaldo pelo Gr\u00eamio (Foto: Lucas Uebel\/Gr\u00eamio)<\/figcaption><\/figure>\n\n\n\n<p>Diante dessa incerteza, o presidente Alberto Guerra se reunir\u00e1 com os demais membros da diretoria na pr\u00f3xima segunda-feira (24). O objetivo do encontro ser\u00e1 discutir a continuidade de Cristaldo no clube. A decis\u00e3o depender\u00e1 da avalia\u00e7\u00e3o da comiss\u00e3o t\u00e9cnica sobre a import\u00e2ncia do jogador nos planos futuros e se ele ser\u00e1 mantido ou negociado. Esse movimento \u00e9 parte do esfor\u00e7o do Gr\u00eamio para ajustar seu elenco e garantir que todas as pe\u00e7as estejam em sintonia para as competi\u00e7\u00f5es que se aproximam.<\/p>\n\n\n\n<p>Em meio a essa an\u00e1lise, o Tricolor j\u00e1 garantiu a chegada de novos refor\u00e7os, o que promete aumentar a qualidade do grupo para os desafios que vir\u00e3o. Com as competi\u00e7\u00f5es se aproximando, \u00e9 crucial para o Gr\u00eamio tomar as decis\u00f5es certas, tanto em rela\u00e7\u00e3o a sa\u00eddas quanto a novas aquisi\u00e7\u00f5es, para n\u00e3o deixar nenhuma brecha que possa prejudicar o desempenho nas pr\u00f3ximas fases da temporada.<\/p>\n","protected":false},"excerpt":{"rendered":"<p>O Gr\u00eamio segue se preparando para os desafios que vir\u00e3o na sequ\u00eancia de 2025. Ap\u00f3s a derrota nas finais do Campeonato Ga\u00facho, a equipe, comandada por Gustavo Quinteros, mant\u00e9m viva a esperan\u00e7a de conquistar t\u00edtulos ao longo da temporada. A pausa para a Data Fifa foi aproveitada para um breve per\u00edodo de descanso, mas agora [&hellip;]<\/p>\n","protected":false},"author":17,"featured_media":165925,"comment_status":"open","ping_status":"closed","sticky":false,"template":"","format":"standard","meta":{"footnotes":""},"categories":[147],"tags":[],"class_list":["post-243480","post","type-post","status-publish","format-standard","has-post-thumbnail","hentry","category-gremio"],"yoast_head":"<!-- This site is optimized with the Yoast SEO Premium plugin v24.2 (Yoast SEO v26.9) - https:\/\/yoast.com\/product\/yoast-seo-premium-wordpress\/ -->\n<title>Ele pode trocar o Gr\u00eamio pelo Botafogo<\/title>\n<meta name=\"robots\" content=\"index, follow, max-snippet:-1, max-image-preview:large, max-video-preview:-1\" \/>\n<link rel=\"canonical\" href=\"https:\/\/www.gaveanews.com\/index.php\/2025\/03\/23\/ele-pode-trocar-o-gremio-pelo-botafogo\/\" \/>\n<meta property=\"og:locale\" content=\"pt_BR\" \/>\n<meta property=\"og:type\" content=\"article\" \/>\n<meta property=\"og:title\" content=\"Ele pode trocar o Gr\u00eamio pelo Botafogo\" \/>\n<meta property=\"og:description\" content=\"O Gr\u00eamio segue se preparando para os desafios que vir\u00e3o na sequ\u00eancia de 2025. Ap\u00f3s a derrota nas finais do Campeonato Ga\u00facho, a equipe, comandada por Gustavo Quinteros, mant\u00e9m viva a esperan\u00e7a de conquistar t\u00edtulos ao longo da temporada. A pausa para a Data Fifa foi aproveitada para um breve per\u00edodo de descanso, mas agora [&hellip;]\" \/>\n<meta property=\"og:url\" content=\"https:\/\/www.gaveanews.com\/index.php\/2025\/03\/23\/ele-pode-trocar-o-gremio-pelo-botafogo\/\" \/>\n<meta property=\"og:site_name\" content=\"G\u00e1vea News\" \/>\n<meta property=\"article:publisher\" content=\"https:\/\/facebook.com\/gaveaNews\/\" \/>\n<meta property=\"article:published_time\" content=\"2025-03-23T10:20:36+00:00\" \/>\n<meta property=\"og:image\" content=\"https:\/\/www.gaveanews.com\/wp-content\/uploads\/Bandeira-do-Gremio.webp\" \/>\n\t<meta property=\"og:image:width\" content=\"1043\" \/>\n\t<meta property=\"og:image:height\" content=\"695\" \/>\n\t<meta property=\"og:image:type\" content=\"image\/webp\" \/>\n<meta name=\"author\" content=\"Geovanna Thomaz\" \/>\n<meta name=\"twitter:card\" content=\"summary_large_image\" \/>\n<meta name=\"twitter:label1\" content=\"Escrito por\" \/>\n\t<meta name=\"twitter:data1\" content=\"Geovanna Thomaz\" \/>\n\t<meta name=\"twitter:label2\" content=\"Est. tempo de leitura\" \/>\n\t<meta name=\"twitter:data2\" content=\"3 minutos\" \/>\n<script type=\"application\/ld+json\" class=\"yoast-schema-graph\">{\"@context\":\"https:\/\/schema.org\",\"@graph\":[{\"@type\":\"NewsArticle\",\"@id\":\"https:\/\/www.gaveanews.com\/index.php\/2025\/03\/23\/ele-pode-trocar-o-gremio-pelo-botafogo\/#article\",\"isPartOf\":{\"@id\":\"https:\/\/www.gaveanews.com\/index.php\/2025\/03\/23\/ele-pode-trocar-o-gremio-pelo-botafogo\/\"},\"author\":{\"name\":\"Geovanna Thomaz\",\"@id\":\"https:\/\/www.gaveanews.com\/#\/schema\/person\/f42654babcd2b2014a1a65af82b081f1\"},\"headline\":\"Ele pode trocar o Gr\u00eamio pelo Botafogo\",\"datePublished\":\"2025-03-23T10:20:36+00:00\",\"mainEntityOfPage\":{\"@id\":\"https:\/\/www.gaveanews.com\/index.php\/2025\/03\/23\/ele-pode-trocar-o-gremio-pelo-botafogo\/\"},\"wordCount\":380,\"commentCount\":0,\"image\":{\"@id\":\"https:\/\/www.gaveanews.com\/index.php\/2025\/03\/23\/ele-pode-trocar-o-gremio-pelo-botafogo\/#primaryimage\"},\"thumbnailUrl\":\"https:\/\/www.gaveanews.com\/wp-content\/uploads\/Bandeira-do-Gremio.webp\",\"articleSection\":[\"Gr\u00eamio\"],\"inLanguage\":\"pt-BR\",\"potentialAction\":[{\"@type\":\"CommentAction\",\"name\":\"Comment\",\"target\":[\"https:\/\/www.gaveanews.com\/index.php\/2025\/03\/23\/ele-pode-trocar-o-gremio-pelo-botafogo\/#respond\"]}],\"copyrightYear\":\"2025\",\"copyrightHolder\":{\"@id\":\"https:\/\/www.gaveanews.com\/#organization\"}},{\"@type\":\"WebPage\",\"@id\":\"https:\/\/www.gaveanews.com\/index.php\/2025\/03\/23\/ele-pode-trocar-o-gremio-pelo-botafogo\/\",\"url\":\"https:\/\/www.gaveanews.com\/index.php\/2025\/03\/23\/ele-pode-trocar-o-gremio-pelo-botafogo\/\",\"name\":\"Ele pode trocar o Gr\u00eamio pelo Botafogo\",\"isPartOf\":{\"@id\":\"https:\/\/www.gaveanews.com\/#website\"},\"primaryImageOfPage\":{\"@id\":\"https:\/\/www.gaveanews.com\/index.php\/2025\/03\/23\/ele-pode-trocar-o-gremio-pelo-botafogo\/#primaryimage\"},\"image\":{\"@id\":\"https:\/\/www.gaveanews.com\/index.php\/2025\/03\/23\/ele-pode-trocar-o-gremio-pelo-botafogo\/#primaryimage\"},\"thumbnailUrl\":\"https:\/\/www.gaveanews.com\/wp-content\/uploads\/Bandeira-do-Gremio.webp\",\"datePublished\":\"2025-03-23T10:20:36+00:00\",\"author\":{\"@id\":\"https:\/\/www.gaveanews.com\/#\/schema\/person\/f42654babcd2b2014a1a65af82b081f1\"},\"breadcrumb\":{\"@id\":\"https:\/\/www.gaveanews.com\/index.php\/2025\/03\/23\/ele-pode-trocar-o-gremio-pelo-botafogo\/#breadcrumb\"},\"inLanguage\":\"pt-BR\",\"potentialAction\":[{\"@type\":\"ReadAction\",\"target\":[\"https:\/\/www.gaveanews.com\/index.php\/2025\/03\/23\/ele-pode-trocar-o-gremio-pelo-botafogo\/\"]}]},{\"@type\":\"ImageObject\",\"inLanguage\":\"pt-BR\",\"@id\":\"https:\/\/www.gaveanews.com\/index.php\/2025\/03\/23\/ele-pode-trocar-o-gremio-pelo-botafogo\/#primaryimage\",\"url\":\"https:\/\/www.gaveanews.com\/wp-content\/uploads\/Bandeira-do-Gremio.webp\",\"contentUrl\":\"https:\/\/www.gaveanews.com\/wp-content\/uploads\/Bandeira-do-Gremio.webp\",\"width\":1043,\"height\":695,\"caption\":\"Bandeira do Gr\u00eamio (Foto: Reprodu\u00e7\u00e3o\/Gr\u00eamio)\"},{\"@type\":\"BreadcrumbList\",\"@id\":\"https:\/\/www.gaveanews.com\/index.php\/2025\/03\/23\/ele-pode-trocar-o-gremio-pelo-botafogo\/#breadcrumb\",\"itemListElement\":[{\"@type\":\"ListItem\",\"position\":1,\"name\":\"Home\",\"item\":\"https:\/\/www.gaveanews.com\/\"},{\"@type\":\"ListItem\",\"position\":2,\"name\":\"Ele pode trocar o Gr\u00eamio pelo Botafogo\"}]},{\"@type\":\"WebSite\",\"@id\":\"https:\/\/www.gaveanews.com\/#website\",\"url\":\"https:\/\/www.gaveanews.com\/\",\"name\":\"G\u00e1vea News\",\"description\":\"Veja todas as not\u00edcias sobre o Flamengo: Contrata\u00e7\u00f5es, categorias de base, resultados das partidas, tabela de classifica\u00e7\u00e3o, pr\u00f3ximos jogos!\",\"potentialAction\":[{\"@type\":\"SearchAction\",\"target\":{\"@type\":\"EntryPoint\",\"urlTemplate\":\"https:\/\/www.gaveanews.com\/?s={search_term_string}\"},\"query-input\":{\"@type\":\"PropertyValueSpecification\",\"valueRequired\":true,\"valueName\":\"search_term_string\"}}],\"inLanguage\":\"pt-BR\"},{\"@type\":\"Person\",\"@id\":\"https:\/\/www.gaveanews.com\/#\/schema\/person\/f42654babcd2b2014a1a65af82b081f1\",\"name\":\"Geovanna Thomaz\",\"image\":{\"@type\":\"ImageObject\",\"inLanguage\":\"pt-BR\",\"@id\":\"https:\/\/www.gaveanews.com\/#\/schema\/person\/image\/\",\"url\":\"https:\/\/secure.gravatar.com\/avatar\/4092073255489533afb558984b49b64268c47198af8623cc82a925ae9fb7118a?s=96&d=mm&r=g\",\"contentUrl\":\"https:\/\/secure.gravatar.com\/avatar\/4092073255489533afb558984b49b64268c47198af8623cc82a925ae9fb7118a?s=96&d=mm&r=g\",\"caption\":\"Geovanna Thomaz\"}}]}<\/script>\n<!-- \/ Yoast SEO Premium plugin. -->","yoast_head_json":{"title":"Ele pode trocar o Gr\u00eamio pelo Botafogo","robots":{"index":"index","follow":"follow","max-snippet":"max-snippet:-1","max-image-preview":"max-image-preview:large","max-video-preview":"max-video-preview:-1"},"canonical":"https:\/\/www.gaveanews.com\/index.php\/2025\/03\/23\/ele-pode-trocar-o-gremio-pelo-botafogo\/","og_locale":"pt_BR","og_type":"article","og_title":"Ele pode trocar o Gr\u00eamio pelo Botafogo","og_description":"O Gr\u00eamio segue se preparando para os desafios que vir\u00e3o na sequ\u00eancia de 2025. Ap\u00f3s a derrota nas finais do Campeonato Ga\u00facho, a equipe, comandada por Gustavo Quinteros, mant\u00e9m viva a esperan\u00e7a de conquistar t\u00edtulos ao longo da temporada. A pausa para a Data Fifa foi aproveitada para um breve per\u00edodo de descanso, mas agora [&hellip;]","og_url":"https:\/\/www.gaveanews.com\/index.php\/2025\/03\/23\/ele-pode-trocar-o-gremio-pelo-botafogo\/","og_site_name":"G\u00e1vea News","article_publisher":"https:\/\/facebook.com\/gaveaNews\/","article_published_time":"2025-03-23T10:20:36+00:00","og_image":[{"width":1043,"height":695,"url":"https:\/\/www.gaveanews.com\/wp-content\/uploads\/Bandeira-do-Gremio.webp","type":"image\/webp"}],"author":"Geovanna Thomaz","twitter_card":"summary_large_image","twitter_misc":{"Escrito por":"Geovanna Thomaz","Est. tempo de leitura":"3 minutos"},"schema":{"@context":"https:\/\/schema.org","@graph":[{"@type":"NewsArticle","@id":"https:\/\/www.gaveanews.com\/index.php\/2025\/03\/23\/ele-pode-trocar-o-gremio-pelo-botafogo\/#article","isPartOf":{"@id":"https:\/\/www.gaveanews.com\/index.php\/2025\/03\/23\/ele-pode-trocar-o-gremio-pelo-botafogo\/"},"author":{"name":"Geovanna Thomaz","@id":"https:\/\/www.gaveanews.com\/#\/schema\/person\/f42654babcd2b2014a1a65af82b081f1"},"headline":"Ele pode trocar o Gr\u00eamio pelo Botafogo","datePublished":"2025-03-23T10:20:36+00:00","mainEntityOfPage":{"@id":"https:\/\/www.gaveanews.com\/index.php\/2025\/03\/23\/ele-pode-trocar-o-gremio-pelo-botafogo\/"},"wordCount":380,"commentCount":0,"image":{"@id":"https:\/\/www.gaveanews.com\/index.php\/2025\/03\/23\/ele-pode-trocar-o-gremio-pelo-botafogo\/#primaryimage"},"thumbnailUrl":"https:\/\/www.gaveanews.com\/wp-content\/uploads\/Bandeira-do-Gremio.webp","articleSection":["Gr\u00eamio"],"inLanguage":"pt-BR","potentialAction":[{"@type":"CommentAction","name":"Comment","target":["https:\/\/www.gaveanews.com\/index.php\/2025\/03\/23\/ele-pode-trocar-o-gremio-pelo-botafogo\/#respond"]}],"copyrightYear":"2025","copyrightHolder":{"@id":"https:\/\/www.gaveanews.com\/#organization"}},{"@type":"WebPage","@id":"https:\/\/www.gaveanews.com\/index.php\/2025\/03\/23\/ele-pode-trocar-o-gremio-pelo-botafogo\/","url":"https:\/\/www.gaveanews.com\/index.php\/2025\/03\/23\/ele-pode-trocar-o-gremio-pelo-botafogo\/","name":"Ele pode trocar o Gr\u00eamio pelo Botafogo","isPartOf":{"@id":"https:\/\/www.gaveanews.com\/#website"},"primaryImageOfPage":{"@id":"https:\/\/www.gaveanews.com\/index.php\/2025\/03\/23\/ele-pode-trocar-o-gremio-pelo-botafogo\/#primaryimage"},"image":{"@id":"https:\/\/www.gaveanews.com\/index.php\/2025\/03\/23\/ele-pode-trocar-o-gremio-pelo-botafogo\/#primaryimage"},"thumbnailUrl":"https:\/\/www.gaveanews.com\/wp-content\/uploads\/Bandeira-do-Gremio.webp","datePublished":"2025-03-23T10:20:36+00:00","author":{"@id":"https:\/\/www.gaveanews.com\/#\/schema\/person\/f42654babcd2b2014a1a65af82b081f1"},"breadcrumb":{"@id":"https:\/\/www.gaveanews.com\/index.php\/2025\/03\/23\/ele-pode-trocar-o-gremio-pelo-botafogo\/#breadcrumb"},"inLanguage":"pt-BR","potentialAction":[{"@type":"ReadAction","target":["https:\/\/www.gaveanews.com\/index.php\/2025\/03\/23\/ele-pode-trocar-o-gremio-pelo-botafogo\/"]}]},{"@type":"ImageObject","inLanguage":"pt-BR","@id":"https:\/\/www.gaveanews.com\/index.php\/2025\/03\/23\/ele-pode-trocar-o-gremio-pelo-botafogo\/#primaryimage","url":"https:\/\/www.gaveanews.com\/wp-content\/uploads\/Bandeira-do-Gremio.webp","contentUrl":"https:\/\/www.gaveanews.com\/wp-content\/uploads\/Bandeira-do-Gremio.webp","width":1043,"height":695,"caption":"Bandeira do Gr\u00eamio (Foto: Reprodu\u00e7\u00e3o\/Gr\u00eamio)"},{"@type":"BreadcrumbList","@id":"https:\/\/www.gaveanews.com\/index.php\/2025\/03\/23\/ele-pode-trocar-o-gremio-pelo-botafogo\/#breadcrumb","itemListElement":[{"@type":"ListItem","position":1,"name":"Home","item":"https:\/\/www.gaveanews.com\/"},{"@type":"ListItem","position":2,"name":"Ele pode trocar o Gr\u00eamio pelo Botafogo"}]},{"@type":"WebSite","@id":"https:\/\/www.gaveanews.com\/#website","url":"https:\/\/www.gaveanews.com\/","name":"G\u00e1vea News","description":"Veja todas as not\u00edcias sobre o Flamengo: Contrata\u00e7\u00f5es, categorias de base, resultados das partidas, tabela de classifica\u00e7\u00e3o, pr\u00f3ximos jogos!","potentialAction":[{"@type":"SearchAction","target":{"@type":"EntryPoint","urlTemplate":"https:\/\/www.gaveanews.com\/?s={search_term_string}"},"query-input":{"@type":"PropertyValueSpecification","valueRequired":true,"valueName":"search_term_string"}}],"inLanguage":"pt-BR"},{"@type":"Person","@id":"https:\/\/www.gaveanews.com\/#\/schema\/person\/f42654babcd2b2014a1a65af82b081f1","name":"Geovanna Thomaz","image":{"@type":"ImageObject","inLanguage":"pt-BR","@id":"https:\/\/www.gaveanews.com\/#\/schema\/person\/image\/","url":"https:\/\/secure.gravatar.com\/avatar\/4092073255489533afb558984b49b64268c47198af8623cc82a925ae9fb7118a?s=96&d=mm&r=g","contentUrl":"https:\/\/secure.gravatar.com\/avatar\/4092073255489533afb558984b49b64268c47198af8623cc82a925ae9fb7118a?s=96&d=mm&r=g","caption":"Geovanna Thomaz"}}]}},"_links":{"self":[{"href":"https:\/\/www.gaveanews.com\/index.php\/wp-json\/wp\/v2\/posts\/243480","targetHints":{"allow":["GET"]}}],"collection":[{"href":"https:\/\/www.gaveanews.com\/index.php\/wp-json\/wp\/v2\/posts"}],"about":[{"href":"https:\/\/www.gaveanews.com\/index.php\/wp-json\/wp\/v2\/types\/post"}],"author":[{"embeddable":true,"href":"https:\/\/www.gaveanews.com\/index.php\/wp-json\/wp\/v2\/users\/17"}],"replies":[{"embeddable":true,"href":"https:\/\/www.gaveanews.com\/index.php\/wp-json\/wp\/v2\/comments?post=243480"}],"version-history":[{"count":1,"href":"https:\/\/www.gaveanews.com\/index.php\/wp-json\/wp\/v2\/posts\/243480\/revisions"}],"predecessor-version":[{"id":243481,"href":"https:\/\/www.gaveanews.com\/index.php\/wp-json\/wp\/v2\/posts\/243480\/revisions\/243481"}],"wp:featuredmedia":[{"embeddable":true,"href":"https:\/\/www.gaveanews.com\/index.php\/wp-json\/wp\/v2\/media\/165925"}],"wp:attachment":[{"href":"https:\/\/www.gaveanews.com\/index.php\/wp-json\/wp\/v2\/media?parent=243480"}],"wp:term":[{"taxonomy":"category","embeddable":true,"href":"https:\/\/www.gaveanews.com\/index.php\/wp-json\/wp\/v2\/categories?post=243480"},{"taxonomy":"post_tag","embeddable":true,"href":"https:\/\/www.gaveanews.com\/index.php\/wp-json\/wp\/v2\/tags?post=243480"}],"curies":[{"name":"wp","href":"https:\/\/api.w.org\/{rel}","templated":true}]}}