{"id":243508,"date":"2025-03-23T21:00:00","date_gmt":"2025-03-24T00:00:00","guid":{"rendered":"https:\/\/www.gaveanews.com\/?p=243508"},"modified":"2025-03-23T19:06:13","modified_gmt":"2025-03-23T22:06:13","slug":"o-desabafo-do-goleiro-bento-ex-athletico-paranaense","status":"publish","type":"post","link":"https:\/\/www.gaveanews.com\/index.php\/2025\/03\/23\/o-desabafo-do-goleiro-bento-ex-athletico-paranaense\/","title":{"rendered":"O desabafo do goleiro Bento, ex-Athletico Paranaense"},"content":{"rendered":"\n<p>O goleiro Bento, prov\u00e1vel titular da Sele\u00e7\u00e3o Brasileira no duelo contra a Argentina pelas Eliminat\u00f3rias Sul-Americanas, defendeu o futebol da Ar\u00e1bia Saudita e afirmou que h\u00e1 um \u201cpreconceito\u201d contra a liga do pa\u00eds. Atualmente no Al-Nassr, o jogador garantiu que seu n\u00edvel t\u00e9cnico n\u00e3o caiu desde a transfer\u00eancia para o Oriente M\u00e9dio e destacou a qualidade dos times e atletas que atuam na liga saudita.<\/p>\n\n\n\n<p>\u201cAcredito que tem um preconceito com a liga \u00e1rabe, mas \u00e9 s\u00f3 voc\u00ea ver os times e os jogadores que est\u00e3o l\u00e1. Do meu time, por exemplo, n\u00e3o preciso nem falar. Acredito que o n\u00edvel \u00e9 o mesmo, meu n\u00edvel n\u00e3o caiu. Continuo evoluindo. Se eu for escolhido, vou ter oportunidade de provar isso dentro de campo e vou dar meu melhor para isso\u201d, afirmou Bento em entrevista coletiva no \u00faltimo s\u00e1bado.<\/p>\n\n\n\n<p>O goleiro explicou a decis\u00e3o de deixar o Athletico-PR e se transferir para o futebol saudita. Monitorado por clubes europeus, ele revelou que chegou a temer perder espa\u00e7o na Sele\u00e7\u00e3o Brasileira, mas foi tranquilizado pela comiss\u00e3o t\u00e9cnica de Dorival J\u00fanior antes de aceitar a proposta do Al-Nassr.<\/p>\n\n\n\n<p>\u201cTinha expectativa de ir para a Europa, mas as coisas mudaram. Propostas n\u00e3o foram aceitas. Acho que minha ida para a Ar\u00e1bia surpreendeu muita gente, porque sempre apareciam times europeus que estavam de olho em mim. Acho que ningu\u00e9m esperava que eu fosse jogar no futebol saudita, mas a conversa que tive com o pessoal da Sele\u00e7\u00e3o me ajudou a tomar essa decis\u00e3o. Era um momento que eu precisava sair do Athletico-PR, surgiu essa oportunidade. Conversei com o pessoal da Sele\u00e7\u00e3o se ia mudar algo aqui, se eu continuaria no radar ou n\u00e3o, mas me passaram que eu continuaria sendo observado. Isso facilitou a decis\u00e3o de ir para l\u00e1, um mercado que vem crescendo\u201d, explicou o goleiro.<\/p>\n\n\n\n<p>Desde 2023, a Ar\u00e1bia Saudita tem investido fortemente na contrata\u00e7\u00e3o de grandes jogadores e treinadores, o que tem aumentado a visibilidade da liga. Bento destacou esse crescimento e lembrou que al\u00e9m de craques como Cristiano Ronaldo, Benzema e Neymar, a competi\u00e7\u00e3o tem recebido atletas mais jovens em busca de desenvolvimento.<\/p>\n\n\n\n<p>\u201cO pessoal tem esse preconceito, mas o n\u00edvel da liga s\u00f3 tem crescido, j\u00e1 cresceu muito desde que eu cheguei. Est\u00e3o chegando muitos jogadores jovens, teve a primeira leva dos astros como Cristiano Ronaldo, Benzema, Neymar. O n\u00edvel me favorece a estar aqui e continuar sendo convocado\u201d, acrescentou.<\/p>\n\n\n\n<p>Companheiro de Cristiano Ronaldo no Al-Nassr, Bento falou sobre a experi\u00eancia de trabalhar ao lado do portugu\u00eas e a import\u00e2ncia dos conselhos que recebe do atacante.<\/p>\n\n\n\n<p>\u201c\u00c9 um cara fenomenal, dispensa apresenta\u00e7\u00f5es. No dia a dia ele sempre procura nos ajudar, dar uma dica. Ele n\u00e3o tem receio de falar com ningu\u00e9m. Melhor imposs\u00edvel essa conviv\u00eancia. \u00c9 um cara multicampe\u00e3o, tento absorver o m\u00e1ximo de coisas que ele tem para aplicar no meu dia a dia e na minha carreira\u201d, concluiu o goleiro.<\/p>\n\n\n\n<p>Brasil e Argentina se enfrentam na pr\u00f3xima ter\u00e7a-feira, \u00e0s 21h (de Bras\u00edlia), no Monumental de N\u00fa\u00f1ez, em Buenos Aires. A Sele\u00e7\u00e3o Brasileira, que vem de vit\u00f3ria por 2 a 1 sobre a Col\u00f4mbia, ocupa o terceiro lugar das Eliminat\u00f3rias, com 21 pontos. Os argentinos lideram a competi\u00e7\u00e3o com 28 pontos e garantem a classifica\u00e7\u00e3o para a Copa do Mundo com um empate.<\/p>\n","protected":false},"excerpt":{"rendered":"<p>O goleiro Bento, prov\u00e1vel titular da Sele\u00e7\u00e3o Brasileira no duelo contra a Argentina pelas Eliminat\u00f3rias Sul-Americanas, defendeu o futebol da Ar\u00e1bia Saudita e afirmou que h\u00e1 um \u201cpreconceito\u201d contra a liga do pa\u00eds. Atualmente no Al-Nassr, o jogador garantiu que seu n\u00edvel t\u00e9cnico n\u00e3o caiu desde a transfer\u00eancia para o Oriente M\u00e9dio e destacou a [&hellip;]<\/p>\n","protected":false},"author":17,"featured_media":243669,"comment_status":"open","ping_status":"closed","sticky":false,"template":"","format":"standard","meta":{"footnotes":""},"categories":[478],"tags":[],"class_list":["post-243508","post","type-post","status-publish","format-standard","has-post-thumbnail","hentry","category-brasil"],"yoast_head":"<!-- This site is optimized with the Yoast SEO Premium plugin v24.2 (Yoast SEO v26.9) - https:\/\/yoast.com\/product\/yoast-seo-premium-wordpress\/ -->\n<title>O desabafo do goleiro Bento, ex-Athletico Paranaense<\/title>\n<meta name=\"robots\" content=\"index, follow, max-snippet:-1, max-image-preview:large, max-video-preview:-1\" \/>\n<link rel=\"canonical\" href=\"https:\/\/www.gaveanews.com\/index.php\/2025\/03\/23\/o-desabafo-do-goleiro-bento-ex-athletico-paranaense\/\" \/>\n<meta property=\"og:locale\" content=\"pt_BR\" \/>\n<meta property=\"og:type\" content=\"article\" \/>\n<meta property=\"og:title\" content=\"O desabafo do goleiro Bento, ex-Athletico Paranaense\" \/>\n<meta property=\"og:description\" content=\"O goleiro Bento, prov\u00e1vel titular da Sele\u00e7\u00e3o Brasileira no duelo contra a Argentina pelas Eliminat\u00f3rias Sul-Americanas, defendeu o futebol da Ar\u00e1bia Saudita e afirmou que h\u00e1 um \u201cpreconceito\u201d contra a liga do pa\u00eds. Atualmente no Al-Nassr, o jogador garantiu que seu n\u00edvel t\u00e9cnico n\u00e3o caiu desde a transfer\u00eancia para o Oriente M\u00e9dio e destacou a [&hellip;]\" \/>\n<meta property=\"og:url\" content=\"https:\/\/www.gaveanews.com\/index.php\/2025\/03\/23\/o-desabafo-do-goleiro-bento-ex-athletico-paranaense\/\" \/>\n<meta property=\"og:site_name\" content=\"G\u00e1vea News\" \/>\n<meta property=\"article:publisher\" content=\"https:\/\/facebook.com\/gaveaNews\/\" \/>\n<meta property=\"article:published_time\" content=\"2025-03-24T00:00:00+00:00\" \/>\n<meta property=\"og:image\" content=\"https:\/\/www.gaveanews.com\/wp-content\/uploads\/Bento-durante-treinamento-do-Brasil.webp\" \/>\n\t<meta property=\"og:image:width\" content=\"984\" \/>\n\t<meta property=\"og:image:height\" content=\"640\" \/>\n\t<meta property=\"og:image:type\" content=\"image\/png\" \/>\n<meta name=\"author\" content=\"Geovanna Thomaz\" \/>\n<meta name=\"twitter:card\" content=\"summary_large_image\" \/>\n<meta name=\"twitter:label1\" content=\"Escrito por\" \/>\n\t<meta name=\"twitter:data1\" content=\"Geovanna Thomaz\" \/>\n\t<meta name=\"twitter:label2\" content=\"Est. tempo de leitura\" \/>\n\t<meta name=\"twitter:data2\" content=\"4 minutos\" \/>\n<script type=\"application\/ld+json\" class=\"yoast-schema-graph\">{\"@context\":\"https:\/\/schema.org\",\"@graph\":[{\"@type\":\"NewsArticle\",\"@id\":\"https:\/\/www.gaveanews.com\/index.php\/2025\/03\/23\/o-desabafo-do-goleiro-bento-ex-athletico-paranaense\/#article\",\"isPartOf\":{\"@id\":\"https:\/\/www.gaveanews.com\/index.php\/2025\/03\/23\/o-desabafo-do-goleiro-bento-ex-athletico-paranaense\/\"},\"author\":{\"name\":\"Geovanna Thomaz\",\"@id\":\"https:\/\/www.gaveanews.com\/#\/schema\/person\/f42654babcd2b2014a1a65af82b081f1\"},\"headline\":\"O desabafo do goleiro Bento, ex-Athletico Paranaense\",\"datePublished\":\"2025-03-24T00:00:00+00:00\",\"mainEntityOfPage\":{\"@id\":\"https:\/\/www.gaveanews.com\/index.php\/2025\/03\/23\/o-desabafo-do-goleiro-bento-ex-athletico-paranaense\/\"},\"wordCount\":599,\"commentCount\":0,\"image\":{\"@id\":\"https:\/\/www.gaveanews.com\/index.php\/2025\/03\/23\/o-desabafo-do-goleiro-bento-ex-athletico-paranaense\/#primaryimage\"},\"thumbnailUrl\":\"https:\/\/www.gaveanews.com\/wp-content\/uploads\/Bento-durante-treinamento-do-Brasil.webp\",\"articleSection\":[\"Brasil\"],\"inLanguage\":\"pt-BR\",\"potentialAction\":[{\"@type\":\"CommentAction\",\"name\":\"Comment\",\"target\":[\"https:\/\/www.gaveanews.com\/index.php\/2025\/03\/23\/o-desabafo-do-goleiro-bento-ex-athletico-paranaense\/#respond\"]}],\"copyrightYear\":\"2025\",\"copyrightHolder\":{\"@id\":\"https:\/\/www.gaveanews.com\/#organization\"}},{\"@type\":\"WebPage\",\"@id\":\"https:\/\/www.gaveanews.com\/index.php\/2025\/03\/23\/o-desabafo-do-goleiro-bento-ex-athletico-paranaense\/\",\"url\":\"https:\/\/www.gaveanews.com\/index.php\/2025\/03\/23\/o-desabafo-do-goleiro-bento-ex-athletico-paranaense\/\",\"name\":\"O desabafo do goleiro Bento, ex-Athletico Paranaense\",\"isPartOf\":{\"@id\":\"https:\/\/www.gaveanews.com\/#website\"},\"primaryImageOfPage\":{\"@id\":\"https:\/\/www.gaveanews.com\/index.php\/2025\/03\/23\/o-desabafo-do-goleiro-bento-ex-athletico-paranaense\/#primaryimage\"},\"image\":{\"@id\":\"https:\/\/www.gaveanews.com\/index.php\/2025\/03\/23\/o-desabafo-do-goleiro-bento-ex-athletico-paranaense\/#primaryimage\"},\"thumbnailUrl\":\"https:\/\/www.gaveanews.com\/wp-content\/uploads\/Bento-durante-treinamento-do-Brasil.webp\",\"datePublished\":\"2025-03-24T00:00:00+00:00\",\"author\":{\"@id\":\"https:\/\/www.gaveanews.com\/#\/schema\/person\/f42654babcd2b2014a1a65af82b081f1\"},\"breadcrumb\":{\"@id\":\"https:\/\/www.gaveanews.com\/index.php\/2025\/03\/23\/o-desabafo-do-goleiro-bento-ex-athletico-paranaense\/#breadcrumb\"},\"inLanguage\":\"pt-BR\",\"potentialAction\":[{\"@type\":\"ReadAction\",\"target\":[\"https:\/\/www.gaveanews.com\/index.php\/2025\/03\/23\/o-desabafo-do-goleiro-bento-ex-athletico-paranaense\/\"]}]},{\"@type\":\"ImageObject\",\"inLanguage\":\"pt-BR\",\"@id\":\"https:\/\/www.gaveanews.com\/index.php\/2025\/03\/23\/o-desabafo-do-goleiro-bento-ex-athletico-paranaense\/#primaryimage\",\"url\":\"https:\/\/www.gaveanews.com\/wp-content\/uploads\/Bento-durante-treinamento-do-Brasil.webp\",\"contentUrl\":\"https:\/\/www.gaveanews.com\/wp-content\/uploads\/Bento-durante-treinamento-do-Brasil.webp\",\"width\":984,\"height\":640,\"caption\":\"Bento durante treinamento do Brasil (Foto: Rafael Ribeiro\/CBF)\"},{\"@type\":\"BreadcrumbList\",\"@id\":\"https:\/\/www.gaveanews.com\/index.php\/2025\/03\/23\/o-desabafo-do-goleiro-bento-ex-athletico-paranaense\/#breadcrumb\",\"itemListElement\":[{\"@type\":\"ListItem\",\"position\":1,\"name\":\"Home\",\"item\":\"https:\/\/www.gaveanews.com\/\"},{\"@type\":\"ListItem\",\"position\":2,\"name\":\"O desabafo do goleiro Bento, ex-Athletico Paranaense\"}]},{\"@type\":\"WebSite\",\"@id\":\"https:\/\/www.gaveanews.com\/#website\",\"url\":\"https:\/\/www.gaveanews.com\/\",\"name\":\"G\u00e1vea News\",\"description\":\"Veja todas as not\u00edcias sobre o Flamengo: Contrata\u00e7\u00f5es, categorias de base, resultados das partidas, tabela de classifica\u00e7\u00e3o, pr\u00f3ximos jogos!\",\"potentialAction\":[{\"@type\":\"SearchAction\",\"target\":{\"@type\":\"EntryPoint\",\"urlTemplate\":\"https:\/\/www.gaveanews.com\/?s={search_term_string}\"},\"query-input\":{\"@type\":\"PropertyValueSpecification\",\"valueRequired\":true,\"valueName\":\"search_term_string\"}}],\"inLanguage\":\"pt-BR\"},{\"@type\":\"Person\",\"@id\":\"https:\/\/www.gaveanews.com\/#\/schema\/person\/f42654babcd2b2014a1a65af82b081f1\",\"name\":\"Geovanna Thomaz\",\"image\":{\"@type\":\"ImageObject\",\"inLanguage\":\"pt-BR\",\"@id\":\"https:\/\/www.gaveanews.com\/#\/schema\/person\/image\/\",\"url\":\"https:\/\/secure.gravatar.com\/avatar\/4092073255489533afb558984b49b64268c47198af8623cc82a925ae9fb7118a?s=96&d=mm&r=g\",\"contentUrl\":\"https:\/\/secure.gravatar.com\/avatar\/4092073255489533afb558984b49b64268c47198af8623cc82a925ae9fb7118a?s=96&d=mm&r=g\",\"caption\":\"Geovanna Thomaz\"}}]}<\/script>\n<!-- \/ Yoast SEO Premium plugin. -->","yoast_head_json":{"title":"O desabafo do goleiro Bento, ex-Athletico Paranaense","robots":{"index":"index","follow":"follow","max-snippet":"max-snippet:-1","max-image-preview":"max-image-preview:large","max-video-preview":"max-video-preview:-1"},"canonical":"https:\/\/www.gaveanews.com\/index.php\/2025\/03\/23\/o-desabafo-do-goleiro-bento-ex-athletico-paranaense\/","og_locale":"pt_BR","og_type":"article","og_title":"O desabafo do goleiro Bento, ex-Athletico Paranaense","og_description":"O goleiro Bento, prov\u00e1vel titular da Sele\u00e7\u00e3o Brasileira no duelo contra a Argentina pelas Eliminat\u00f3rias Sul-Americanas, defendeu o futebol da Ar\u00e1bia Saudita e afirmou que h\u00e1 um \u201cpreconceito\u201d contra a liga do pa\u00eds. Atualmente no Al-Nassr, o jogador garantiu que seu n\u00edvel t\u00e9cnico n\u00e3o caiu desde a transfer\u00eancia para o Oriente M\u00e9dio e destacou a [&hellip;]","og_url":"https:\/\/www.gaveanews.com\/index.php\/2025\/03\/23\/o-desabafo-do-goleiro-bento-ex-athletico-paranaense\/","og_site_name":"G\u00e1vea News","article_publisher":"https:\/\/facebook.com\/gaveaNews\/","article_published_time":"2025-03-24T00:00:00+00:00","og_image":[{"width":984,"height":640,"url":"https:\/\/www.gaveanews.com\/wp-content\/uploads\/Bento-durante-treinamento-do-Brasil.webp","type":"image\/png"}],"author":"Geovanna Thomaz","twitter_card":"summary_large_image","twitter_misc":{"Escrito por":"Geovanna Thomaz","Est. tempo de leitura":"4 minutos"},"schema":{"@context":"https:\/\/schema.org","@graph":[{"@type":"NewsArticle","@id":"https:\/\/www.gaveanews.com\/index.php\/2025\/03\/23\/o-desabafo-do-goleiro-bento-ex-athletico-paranaense\/#article","isPartOf":{"@id":"https:\/\/www.gaveanews.com\/index.php\/2025\/03\/23\/o-desabafo-do-goleiro-bento-ex-athletico-paranaense\/"},"author":{"name":"Geovanna Thomaz","@id":"https:\/\/www.gaveanews.com\/#\/schema\/person\/f42654babcd2b2014a1a65af82b081f1"},"headline":"O desabafo do goleiro Bento, ex-Athletico Paranaense","datePublished":"2025-03-24T00:00:00+00:00","mainEntityOfPage":{"@id":"https:\/\/www.gaveanews.com\/index.php\/2025\/03\/23\/o-desabafo-do-goleiro-bento-ex-athletico-paranaense\/"},"wordCount":599,"commentCount":0,"image":{"@id":"https:\/\/www.gaveanews.com\/index.php\/2025\/03\/23\/o-desabafo-do-goleiro-bento-ex-athletico-paranaense\/#primaryimage"},"thumbnailUrl":"https:\/\/www.gaveanews.com\/wp-content\/uploads\/Bento-durante-treinamento-do-Brasil.webp","articleSection":["Brasil"],"inLanguage":"pt-BR","potentialAction":[{"@type":"CommentAction","name":"Comment","target":["https:\/\/www.gaveanews.com\/index.php\/2025\/03\/23\/o-desabafo-do-goleiro-bento-ex-athletico-paranaense\/#respond"]}],"copyrightYear":"2025","copyrightHolder":{"@id":"https:\/\/www.gaveanews.com\/#organization"}},{"@type":"WebPage","@id":"https:\/\/www.gaveanews.com\/index.php\/2025\/03\/23\/o-desabafo-do-goleiro-bento-ex-athletico-paranaense\/","url":"https:\/\/www.gaveanews.com\/index.php\/2025\/03\/23\/o-desabafo-do-goleiro-bento-ex-athletico-paranaense\/","name":"O desabafo do goleiro Bento, ex-Athletico Paranaense","isPartOf":{"@id":"https:\/\/www.gaveanews.com\/#website"},"primaryImageOfPage":{"@id":"https:\/\/www.gaveanews.com\/index.php\/2025\/03\/23\/o-desabafo-do-goleiro-bento-ex-athletico-paranaense\/#primaryimage"},"image":{"@id":"https:\/\/www.gaveanews.com\/index.php\/2025\/03\/23\/o-desabafo-do-goleiro-bento-ex-athletico-paranaense\/#primaryimage"},"thumbnailUrl":"https:\/\/www.gaveanews.com\/wp-content\/uploads\/Bento-durante-treinamento-do-Brasil.webp","datePublished":"2025-03-24T00:00:00+00:00","author":{"@id":"https:\/\/www.gaveanews.com\/#\/schema\/person\/f42654babcd2b2014a1a65af82b081f1"},"breadcrumb":{"@id":"https:\/\/www.gaveanews.com\/index.php\/2025\/03\/23\/o-desabafo-do-goleiro-bento-ex-athletico-paranaense\/#breadcrumb"},"inLanguage":"pt-BR","potentialAction":[{"@type":"ReadAction","target":["https:\/\/www.gaveanews.com\/index.php\/2025\/03\/23\/o-desabafo-do-goleiro-bento-ex-athletico-paranaense\/"]}]},{"@type":"ImageObject","inLanguage":"pt-BR","@id":"https:\/\/www.gaveanews.com\/index.php\/2025\/03\/23\/o-desabafo-do-goleiro-bento-ex-athletico-paranaense\/#primaryimage","url":"https:\/\/www.gaveanews.com\/wp-content\/uploads\/Bento-durante-treinamento-do-Brasil.webp","contentUrl":"https:\/\/www.gaveanews.com\/wp-content\/uploads\/Bento-durante-treinamento-do-Brasil.webp","width":984,"height":640,"caption":"Bento durante treinamento do Brasil (Foto: Rafael Ribeiro\/CBF)"},{"@type":"BreadcrumbList","@id":"https:\/\/www.gaveanews.com\/index.php\/2025\/03\/23\/o-desabafo-do-goleiro-bento-ex-athletico-paranaense\/#breadcrumb","itemListElement":[{"@type":"ListItem","position":1,"name":"Home","item":"https:\/\/www.gaveanews.com\/"},{"@type":"ListItem","position":2,"name":"O desabafo do goleiro Bento, ex-Athletico Paranaense"}]},{"@type":"WebSite","@id":"https:\/\/www.gaveanews.com\/#website","url":"https:\/\/www.gaveanews.com\/","name":"G\u00e1vea News","description":"Veja todas as not\u00edcias sobre o Flamengo: Contrata\u00e7\u00f5es, categorias de base, resultados das partidas, tabela de classifica\u00e7\u00e3o, pr\u00f3ximos jogos!","potentialAction":[{"@type":"SearchAction","target":{"@type":"EntryPoint","urlTemplate":"https:\/\/www.gaveanews.com\/?s={search_term_string}"},"query-input":{"@type":"PropertyValueSpecification","valueRequired":true,"valueName":"search_term_string"}}],"inLanguage":"pt-BR"},{"@type":"Person","@id":"https:\/\/www.gaveanews.com\/#\/schema\/person\/f42654babcd2b2014a1a65af82b081f1","name":"Geovanna Thomaz","image":{"@type":"ImageObject","inLanguage":"pt-BR","@id":"https:\/\/www.gaveanews.com\/#\/schema\/person\/image\/","url":"https:\/\/secure.gravatar.com\/avatar\/4092073255489533afb558984b49b64268c47198af8623cc82a925ae9fb7118a?s=96&d=mm&r=g","contentUrl":"https:\/\/secure.gravatar.com\/avatar\/4092073255489533afb558984b49b64268c47198af8623cc82a925ae9fb7118a?s=96&d=mm&r=g","caption":"Geovanna Thomaz"}}]}},"_links":{"self":[{"href":"https:\/\/www.gaveanews.com\/index.php\/wp-json\/wp\/v2\/posts\/243508","targetHints":{"allow":["GET"]}}],"collection":[{"href":"https:\/\/www.gaveanews.com\/index.php\/wp-json\/wp\/v2\/posts"}],"about":[{"href":"https:\/\/www.gaveanews.com\/index.php\/wp-json\/wp\/v2\/types\/post"}],"author":[{"embeddable":true,"href":"https:\/\/www.gaveanews.com\/index.php\/wp-json\/wp\/v2\/users\/17"}],"replies":[{"embeddable":true,"href":"https:\/\/www.gaveanews.com\/index.php\/wp-json\/wp\/v2\/comments?post=243508"}],"version-history":[{"count":1,"href":"https:\/\/www.gaveanews.com\/index.php\/wp-json\/wp\/v2\/posts\/243508\/revisions"}],"predecessor-version":[{"id":243509,"href":"https:\/\/www.gaveanews.com\/index.php\/wp-json\/wp\/v2\/posts\/243508\/revisions\/243509"}],"wp:featuredmedia":[{"embeddable":true,"href":"https:\/\/www.gaveanews.com\/index.php\/wp-json\/wp\/v2\/media\/243669"}],"wp:attachment":[{"href":"https:\/\/www.gaveanews.com\/index.php\/wp-json\/wp\/v2\/media?parent=243508"}],"wp:term":[{"taxonomy":"category","embeddable":true,"href":"https:\/\/www.gaveanews.com\/index.php\/wp-json\/wp\/v2\/categories?post=243508"},{"taxonomy":"post_tag","embeddable":true,"href":"https:\/\/www.gaveanews.com\/index.php\/wp-json\/wp\/v2\/tags?post=243508"}],"curies":[{"name":"wp","href":"https:\/\/api.w.org\/{rel}","templated":true}]}}